{"id":7003,"date":"2018-08-01T14:59:02","date_gmt":"2018-08-01T11:59:02","guid":{"rendered":"http:\/\/localhost\/wordpress\/2018\/08\/01\/zamana-benzedik\/"},"modified":"2018-08-01T14:59:02","modified_gmt":"2018-08-01T11:59:02","slug":"zamana-benzedik","status":"publish","type":"post","link":"https:\/\/narteks.net\/index.php\/2018\/08\/01\/zamana-benzedik\/","title":{"rendered":"ZAMANA BENZED\u0130K"},"content":{"rendered":"<p>Hayat\u0131n s\u00fcrg\u00fcleri var.<br \/>(Darac\u0131k \u00f6mr\u00fcm\u00fczde geni\u015f s\u0131k\u0131nt\u0131lar)<br \/>Mutlulu\u011fun geni\u015f kap\u0131lar\u0131nda<\/p>\n<p>Usul g\u00fcl\u00fc\u015flerimizde h\u00fcz\u00fcn lekeleri<br \/>K\u00fc\u00e7\u00fck ayr\u0131nt\u0131lara y\u00f6neldik nicedir.<br \/>(\u0130\u00e7ed\u00f6n\u00fck duygulu karamsar)<\/p>\n<p>\u0130ki y\u00fcz\u00fcm\u00fcz vard\u0131 iki g\u00fczelli\u011fimiz<br \/>Umut ve Sevgi, k\u0131rmadan aynalar\u0131<br \/>(Al\u0131n k\u0131r\u0131\u015f\u0131\u011f\u0131m\u0131zda ayn\u0131 su\u00e7un izi var)<\/p>\n<p>Yaln\u0131zl\u0131k biricik benzerli\u011fimiz oldu<br \/>Pay\u0131m\u0131za d\u00fc\u015fen o yanl\u0131\u015f ili\u015fkilerden.<br \/>(Herkese ac\u0131s\u0131 kadar)<\/p>\n<p>Ne konu\u015fmalar\u0131m\u0131zda bir tat<br \/>Ne susmalar\u0131m\u0131zda bir hikmet<br \/>(Hep ayn\u0131 bo\u015flu\u011fa a\u00e7\u0131ld\u0131 dar kap\u0131lar)<\/p>\n<p>Olur olmaz \u015feylerden al\u0131n\u0131r k\u0131rar olduk<br \/>Zamana benzedik iyice, \u00e7ekilmesi zor.<br \/>(Aynalar\u0131n ard\u0131nda ayn\u0131 kirin pas\u0131 var)<br \/>\u00a0<br \/>\u015e\u00fckr\u00fc ERBA\u015e<\/p>\n","protected":false},"excerpt":{"rendered":"<p>Hayat\u0131n s\u00fcrg\u00fcleri var.(Darac\u0131k \u00f6mr\u00fcm\u00fczde geni\u015f s\u0131k\u0131nt\u0131lar)Mutlulu\u011fun geni\u015f kap\u0131lar\u0131nda Usul g\u00fcl\u00fc\u015flerimizde h\u00fcz\u00fcn lekeleriK\u00fc\u00e7\u00fck ayr\u0131nt\u0131lara y\u00f6neldik nicedir.(\u0130\u00e7ed\u00f6n\u00fck duygulu karamsar) \u0130ki y\u00fcz\u00fcm\u00fcz vard\u0131 iki g\u00fczelli\u011fimizUmut ve Sevgi, k\u0131rmadan aynalar\u0131(Al\u0131n k\u0131r\u0131\u015f\u0131\u011f\u0131m\u0131zda ayn\u0131 su\u00e7un izi var) Yaln\u0131zl\u0131k biricik benzerli\u011fimiz olduPay\u0131m\u0131za d\u00fc\u015fen o yanl\u0131\u015f ili\u015fkilerden.(Herkese ac\u0131s\u0131 kadar) Ne konu\u015fmalar\u0131m\u0131zda bir tatNe susmalar\u0131m\u0131zda bir hikmet(Hep ayn\u0131 bo\u015flu\u011fa a\u00e7\u0131ld\u0131 dar kap\u0131lar) Olur olmaz [&hellip;]<\/p>\n","protected":false},"author":1,"featured_media":0,"comment_status":"open","ping_status":"open","sticky":false,"template":"","format":"standard","meta":{"footnotes":""},"categories":[214],"tags":[],"class_list":{"0":"post-7003","1":"post","2":"type-post","3":"status-publish","4":"format-standard","6":"category-sukru-erbas"},"yoast_head":"<!-- This site is optimized with the Yoast SEO Premium plugin v24.9 (Yoast SEO v24.9) - https:\/\/yoast.com\/wordpress\/plugins\/seo\/ -->\n<title>ZAMANA BENZED\u0130K - narteks.net<\/title>\n<meta name=\"robots\" content=\"index, follow, max-snippet:-1, max-image-preview:large, max-video-preview:-1\" \/>\n<link rel=\"canonical\" href=\"https:\/\/narteks.net\/index.php\/2018\/08\/01\/zamana-benzedik\/\" \/>\n<meta property=\"og:locale\" content=\"tr_TR\" \/>\n<meta property=\"og:type\" content=\"article\" \/>\n<meta property=\"og:title\" content=\"ZAMANA BENZED\u0130K\" \/>\n<meta property=\"og:description\" content=\"Hayat\u0131n s\u00fcrg\u00fcleri var.(Darac\u0131k \u00f6mr\u00fcm\u00fczde geni\u015f s\u0131k\u0131nt\u0131lar)Mutlulu\u011fun geni\u015f kap\u0131lar\u0131nda Usul g\u00fcl\u00fc\u015flerimizde h\u00fcz\u00fcn lekeleriK\u00fc\u00e7\u00fck ayr\u0131nt\u0131lara y\u00f6neldik nicedir.(\u0130\u00e7ed\u00f6n\u00fck duygulu karamsar) \u0130ki y\u00fcz\u00fcm\u00fcz vard\u0131 iki g\u00fczelli\u011fimizUmut ve Sevgi, k\u0131rmadan aynalar\u0131(Al\u0131n k\u0131r\u0131\u015f\u0131\u011f\u0131m\u0131zda ayn\u0131 su\u00e7un izi var) Yaln\u0131zl\u0131k biricik benzerli\u011fimiz olduPay\u0131m\u0131za d\u00fc\u015fen o yanl\u0131\u015f ili\u015fkilerden.(Herkese ac\u0131s\u0131 kadar) Ne konu\u015fmalar\u0131m\u0131zda bir tatNe susmalar\u0131m\u0131zda bir hikmet(Hep ayn\u0131 bo\u015flu\u011fa a\u00e7\u0131ld\u0131 dar kap\u0131lar) Olur olmaz [&hellip;]\" \/>\n<meta property=\"og:url\" content=\"https:\/\/narteks.net\/index.php\/2018\/08\/01\/zamana-benzedik\/\" \/>\n<meta property=\"og:site_name\" content=\"narteks.net\" \/>\n<meta property=\"article:published_time\" content=\"2018-08-01T11:59:02+00:00\" \/>\n<meta property=\"og:image\" content=\"https:\/\/narteks.net\/wp-content\/uploads\/narteks.png\" \/>\n\t<meta property=\"og:image:width\" content=\"300\" \/>\n\t<meta property=\"og:image:height\" content=\"90\" \/>\n\t<meta property=\"og:image:type\" content=\"image\/png\" \/>\n<meta name=\"author\" content=\"Tar\u0131k\" \/>\n<meta name=\"twitter:card\" content=\"summary_large_image\" \/>\n<meta name=\"twitter:creator\" content=\"@narteks\" \/>\n<meta name=\"twitter:site\" content=\"@narteks\" \/>\n<meta name=\"twitter:label1\" content=\"Yazan:\" \/>\n\t<meta name=\"twitter:data1\" content=\"Tar\u0131k\" \/>\n\t<meta name=\"twitter:label2\" content=\"Tahmini okuma s\u00fcresi\" \/>\n\t<meta name=\"twitter:data2\" content=\"1 dakika\" \/>\n<script type=\"application\/ld+json\" class=\"yoast-schema-graph\">{\"@context\":\"https:\/\/schema.org\",\"@graph\":[{\"@type\":\"Article\",\"@id\":\"https:\/\/narteks.net\/index.php\/2018\/08\/01\/zamana-benzedik\/#article\",\"isPartOf\":{\"@id\":\"https:\/\/narteks.net\/index.php\/2018\/08\/01\/zamana-benzedik\/\"},\"author\":{\"name\":\"Tar\u0131k\",\"@id\":\"https:\/\/narteks.net\/#\/schema\/person\/61f37d9834294b72d31d274e7ed79bca\"},\"headline\":\"ZAMANA BENZED\u0130K\",\"datePublished\":\"2018-08-01T11:59:02+00:00\",\"mainEntityOfPage\":{\"@id\":\"https:\/\/narteks.net\/index.php\/2018\/08\/01\/zamana-benzedik\/\"},\"wordCount\":135,\"commentCount\":0,\"publisher\":{\"@id\":\"https:\/\/narteks.net\/#organization\"},\"articleSection\":[\"\u015e\u00fckr\u00fc ERBA\u015e\"],\"inLanguage\":\"tr\",\"potentialAction\":[{\"@type\":\"CommentAction\",\"name\":\"Comment\",\"target\":[\"https:\/\/narteks.net\/index.php\/2018\/08\/01\/zamana-benzedik\/#respond\"]}]},{\"@type\":\"WebPage\",\"@id\":\"https:\/\/narteks.net\/index.php\/2018\/08\/01\/zamana-benzedik\/\",\"url\":\"https:\/\/narteks.net\/index.php\/2018\/08\/01\/zamana-benzedik\/\",\"name\":\"ZAMANA BENZED\u0130K - narteks.net\",\"isPartOf\":{\"@id\":\"https:\/\/narteks.net\/#website\"},\"datePublished\":\"2018-08-01T11:59:02+00:00\",\"breadcrumb\":{\"@id\":\"https:\/\/narteks.net\/index.php\/2018\/08\/01\/zamana-benzedik\/#breadcrumb\"},\"inLanguage\":\"tr\",\"potentialAction\":[{\"@type\":\"ReadAction\",\"target\":[\"https:\/\/narteks.net\/index.php\/2018\/08\/01\/zamana-benzedik\/\"]}]},{\"@type\":\"BreadcrumbList\",\"@id\":\"https:\/\/narteks.net\/index.php\/2018\/08\/01\/zamana-benzedik\/#breadcrumb\",\"itemListElement\":[{\"@type\":\"ListItem\",\"position\":1,\"name\":\"Anasayfa\",\"item\":\"https:\/\/narteks.net\/\"},{\"@type\":\"ListItem\",\"position\":2,\"name\":\"ZAMANA BENZED\u0130K\"}]},{\"@type\":\"WebSite\",\"@id\":\"https:\/\/narteks.net\/#website\",\"url\":\"https:\/\/narteks.net\/\",\"name\":\"narteks.net\",\"description\":\"K\u00fclt\u00fcr Sanat Edebiyat Felsefe\",\"publisher\":{\"@id\":\"https:\/\/narteks.net\/#organization\"},\"alternateName\":\"K\u00fclt\u00fcr Sanat Edebiyat Felsefe\",\"potentialAction\":[{\"@type\":\"SearchAction\",\"target\":{\"@type\":\"EntryPoint\",\"urlTemplate\":\"https:\/\/narteks.net\/?s={search_term_string}\"},\"query-input\":{\"@type\":\"PropertyValueSpecification\",\"valueRequired\":true,\"valueName\":\"search_term_string\"}}],\"inLanguage\":\"tr\"},{\"@type\":\"Organization\",\"@id\":\"https:\/\/narteks.net\/#organization\",\"name\":\"narteks.net\",\"url\":\"https:\/\/narteks.net\/\",\"logo\":{\"@type\":\"ImageObject\",\"inLanguage\":\"tr\",\"@id\":\"https:\/\/narteks.net\/#\/schema\/logo\/image\/\",\"url\":\"https:\/\/narteks.net\/wp-content\/uploads\/narteks.png\",\"contentUrl\":\"https:\/\/narteks.net\/wp-content\/uploads\/narteks.png\",\"width\":300,\"height\":90,\"caption\":\"narteks.net\"},\"image\":{\"@id\":\"https:\/\/narteks.net\/#\/schema\/logo\/image\/\"},\"sameAs\":[\"https:\/\/x.com\/narteks\",\"https:\/\/instagram.com\/narteksnet\"]},{\"@type\":\"Person\",\"@id\":\"https:\/\/narteks.net\/#\/schema\/person\/61f37d9834294b72d31d274e7ed79bca\",\"name\":\"Tar\u0131k\",\"image\":{\"@type\":\"ImageObject\",\"inLanguage\":\"tr\",\"@id\":\"https:\/\/narteks.net\/#\/schema\/person\/image\/\",\"url\":\"https:\/\/secure.gravatar.com\/avatar\/50865afb55632c4ae467e0af0930f6510aa2297d8014be502a55b14f3b7550cf?s=96&d=mm&r=g\",\"contentUrl\":\"https:\/\/secure.gravatar.com\/avatar\/50865afb55632c4ae467e0af0930f6510aa2297d8014be502a55b14f3b7550cf?s=96&d=mm&r=g\",\"caption\":\"Tar\u0131k\"},\"sameAs\":[\"http:\/\/narteks.net\"],\"url\":\"https:\/\/narteks.net\/index.php\/author\/narbak\/\"}]}<\/script>\n<!-- \/ Yoast SEO Premium plugin. -->","yoast_head_json":{"title":"ZAMANA BENZED\u0130K - narteks.net","robots":{"index":"index","follow":"follow","max-snippet":"max-snippet:-1","max-image-preview":"max-image-preview:large","max-video-preview":"max-video-preview:-1"},"canonical":"https:\/\/narteks.net\/index.php\/2018\/08\/01\/zamana-benzedik\/","og_locale":"tr_TR","og_type":"article","og_title":"ZAMANA BENZED\u0130K","og_description":"Hayat\u0131n s\u00fcrg\u00fcleri var.(Darac\u0131k \u00f6mr\u00fcm\u00fczde geni\u015f s\u0131k\u0131nt\u0131lar)Mutlulu\u011fun geni\u015f kap\u0131lar\u0131nda Usul g\u00fcl\u00fc\u015flerimizde h\u00fcz\u00fcn lekeleriK\u00fc\u00e7\u00fck ayr\u0131nt\u0131lara y\u00f6neldik nicedir.(\u0130\u00e7ed\u00f6n\u00fck duygulu karamsar) \u0130ki y\u00fcz\u00fcm\u00fcz vard\u0131 iki g\u00fczelli\u011fimizUmut ve Sevgi, k\u0131rmadan aynalar\u0131(Al\u0131n k\u0131r\u0131\u015f\u0131\u011f\u0131m\u0131zda ayn\u0131 su\u00e7un izi var) Yaln\u0131zl\u0131k biricik benzerli\u011fimiz olduPay\u0131m\u0131za d\u00fc\u015fen o yanl\u0131\u015f ili\u015fkilerden.(Herkese ac\u0131s\u0131 kadar) Ne konu\u015fmalar\u0131m\u0131zda bir tatNe susmalar\u0131m\u0131zda bir hikmet(Hep ayn\u0131 bo\u015flu\u011fa a\u00e7\u0131ld\u0131 dar kap\u0131lar) Olur olmaz [&hellip;]","og_url":"https:\/\/narteks.net\/index.php\/2018\/08\/01\/zamana-benzedik\/","og_site_name":"narteks.net","article_published_time":"2018-08-01T11:59:02+00:00","og_image":[{"width":300,"height":90,"url":"https:\/\/narteks.net\/wp-content\/uploads\/narteks.png","type":"image\/png"}],"author":"Tar\u0131k","twitter_card":"summary_large_image","twitter_creator":"@narteks","twitter_site":"@narteks","twitter_misc":{"Yazan:":"Tar\u0131k","Tahmini okuma s\u00fcresi":"1 dakika"},"schema":{"@context":"https:\/\/schema.org","@graph":[{"@type":"Article","@id":"https:\/\/narteks.net\/index.php\/2018\/08\/01\/zamana-benzedik\/#article","isPartOf":{"@id":"https:\/\/narteks.net\/index.php\/2018\/08\/01\/zamana-benzedik\/"},"author":{"name":"Tar\u0131k","@id":"https:\/\/narteks.net\/#\/schema\/person\/61f37d9834294b72d31d274e7ed79bca"},"headline":"ZAMANA BENZED\u0130K","datePublished":"2018-08-01T11:59:02+00:00","mainEntityOfPage":{"@id":"https:\/\/narteks.net\/index.php\/2018\/08\/01\/zamana-benzedik\/"},"wordCount":135,"commentCount":0,"publisher":{"@id":"https:\/\/narteks.net\/#organization"},"articleSection":["\u015e\u00fckr\u00fc ERBA\u015e"],"inLanguage":"tr","potentialAction":[{"@type":"CommentAction","name":"Comment","target":["https:\/\/narteks.net\/index.php\/2018\/08\/01\/zamana-benzedik\/#respond"]}]},{"@type":"WebPage","@id":"https:\/\/narteks.net\/index.php\/2018\/08\/01\/zamana-benzedik\/","url":"https:\/\/narteks.net\/index.php\/2018\/08\/01\/zamana-benzedik\/","name":"ZAMANA BENZED\u0130K - narteks.net","isPartOf":{"@id":"https:\/\/narteks.net\/#website"},"datePublished":"2018-08-01T11:59:02+00:00","breadcrumb":{"@id":"https:\/\/narteks.net\/index.php\/2018\/08\/01\/zamana-benzedik\/#breadcrumb"},"inLanguage":"tr","potentialAction":[{"@type":"ReadAction","target":["https:\/\/narteks.net\/index.php\/2018\/08\/01\/zamana-benzedik\/"]}]},{"@type":"BreadcrumbList","@id":"https:\/\/narteks.net\/index.php\/2018\/08\/01\/zamana-benzedik\/#breadcrumb","itemListElement":[{"@type":"ListItem","position":1,"name":"Anasayfa","item":"https:\/\/narteks.net\/"},{"@type":"ListItem","position":2,"name":"ZAMANA BENZED\u0130K"}]},{"@type":"WebSite","@id":"https:\/\/narteks.net\/#website","url":"https:\/\/narteks.net\/","name":"narteks.net","description":"K\u00fclt\u00fcr Sanat Edebiyat Felsefe","publisher":{"@id":"https:\/\/narteks.net\/#organization"},"alternateName":"K\u00fclt\u00fcr Sanat Edebiyat Felsefe","potentialAction":[{"@type":"SearchAction","target":{"@type":"EntryPoint","urlTemplate":"https:\/\/narteks.net\/?s={search_term_string}"},"query-input":{"@type":"PropertyValueSpecification","valueRequired":true,"valueName":"search_term_string"}}],"inLanguage":"tr"},{"@type":"Organization","@id":"https:\/\/narteks.net\/#organization","name":"narteks.net","url":"https:\/\/narteks.net\/","logo":{"@type":"ImageObject","inLanguage":"tr","@id":"https:\/\/narteks.net\/#\/schema\/logo\/image\/","url":"https:\/\/narteks.net\/wp-content\/uploads\/narteks.png","contentUrl":"https:\/\/narteks.net\/wp-content\/uploads\/narteks.png","width":300,"height":90,"caption":"narteks.net"},"image":{"@id":"https:\/\/narteks.net\/#\/schema\/logo\/image\/"},"sameAs":["https:\/\/x.com\/narteks","https:\/\/instagram.com\/narteksnet"]},{"@type":"Person","@id":"https:\/\/narteks.net\/#\/schema\/person\/61f37d9834294b72d31d274e7ed79bca","name":"Tar\u0131k","image":{"@type":"ImageObject","inLanguage":"tr","@id":"https:\/\/narteks.net\/#\/schema\/person\/image\/","url":"https:\/\/secure.gravatar.com\/avatar\/50865afb55632c4ae467e0af0930f6510aa2297d8014be502a55b14f3b7550cf?s=96&d=mm&r=g","contentUrl":"https:\/\/secure.gravatar.com\/avatar\/50865afb55632c4ae467e0af0930f6510aa2297d8014be502a55b14f3b7550cf?s=96&d=mm&r=g","caption":"Tar\u0131k"},"sameAs":["http:\/\/narteks.net"],"url":"https:\/\/narteks.net\/index.php\/author\/narbak\/"}]}},"_links":{"self":[{"href":"https:\/\/narteks.net\/index.php\/wp-json\/wp\/v2\/posts\/7003","targetHints":{"allow":["GET"]}}],"collection":[{"href":"https:\/\/narteks.net\/index.php\/wp-json\/wp\/v2\/posts"}],"about":[{"href":"https:\/\/narteks.net\/index.php\/wp-json\/wp\/v2\/types\/post"}],"author":[{"embeddable":true,"href":"https:\/\/narteks.net\/index.php\/wp-json\/wp\/v2\/users\/1"}],"replies":[{"embeddable":true,"href":"https:\/\/narteks.net\/index.php\/wp-json\/wp\/v2\/comments?post=7003"}],"version-history":[{"count":0,"href":"https:\/\/narteks.net\/index.php\/wp-json\/wp\/v2\/posts\/7003\/revisions"}],"wp:attachment":[{"href":"https:\/\/narteks.net\/index.php\/wp-json\/wp\/v2\/media?parent=7003"}],"wp:term":[{"taxonomy":"category","embeddable":true,"href":"https:\/\/narteks.net\/index.php\/wp-json\/wp\/v2\/categories?post=7003"},{"taxonomy":"post_tag","embeddable":true,"href":"https:\/\/narteks.net\/index.php\/wp-json\/wp\/v2\/tags?post=7003"}],"curies":[{"name":"wp","href":"https:\/\/api.w.org\/{rel}","templated":true}]}}