{"id":7008,"date":"2018-08-01T15:06:11","date_gmt":"2018-08-01T12:06:11","guid":{"rendered":"http:\/\/localhost\/wordpress\/2018\/08\/01\/yenilgi-3\/"},"modified":"2018-08-01T15:06:11","modified_gmt":"2018-08-01T12:06:11","slug":"yenilgi-3","status":"publish","type":"post","link":"https:\/\/narteks.net\/index.php\/2018\/08\/01\/yenilgi-3\/","title":{"rendered":"YEN\u0130LG\u0130"},"content":{"rendered":"<p>Bir kad\u0131n iki \u00e7ocukla<br \/>\u00c7iviliyim odalara<br \/>S\u00f6ylesem de s\u00f6ylemesem de bu b\u00f6yle<\/p>\n<p>\u00c7\u0131ksam \u00e7\u0131ksam<br \/>Zincirim kadar \u00f6zg\u00fcrl\u00fc\u011f\u00fcm<br \/>Ya\u015famak hep \u00f6telerde<\/p>\n<p>Dili kopmu\u015f bir hayal \u00e7an\u0131 y\u00fcre\u011fim<br \/>Sesini yaln\u0131z benim duydu\u011fum<br \/>Vurur durur \u00e7\u0131\u011fl\u0131k \u00e7\u0131\u011fl\u0131k i\u00e7imde<\/p>\n<p>D\u00f6n\u00fc\u015f\u00fc olmayan biricik \u015feymi\u015f zaman<br \/>Ya\u015famak me\u011fer ne b\u00fcy\u00fck bir kazan\u00e7m\u0131\u015f<br \/>Kavrad\u0131m ac\u0131lar i\u00e7inde kaybede kaybede<\/p>\n<p>\u015eimdi hangi g\u00fczelli\u011fe d\u00f6nsem y\u00fcz\u00fcm\u00fc<br \/>Tomurcuklara yak\u0131\u015fmayan bir ak\u015fam g\u00fcne\u015fi<br \/>Par\u00e7alar kendini kar\u015f\u0131 tepelerde<\/p>\n<p>Kimsem yok y\u00fcz\u00fcn\u00fc sular\u0131ma d\u00fc\u015f\u00fcren<br \/>Bu\u011fulanm\u0131yor bedenim ka\u00e7 bin y\u0131ld\u0131r<br \/>Bir kad\u0131n\u0131n \u0131l\u0131k ince bedeniyle<\/p>\n<p>Ge\u00e7mi\u015fim bat\u0131k gelece\u011fim \u00e7oktan belli<br \/>Herkes gibiyim kan\u0131 i\u00e7ine akan<br \/>Yaras\u0131n\u0131 diliyle yalayan bir hayvan evlerin ininde<\/p>\n<p>De\u011fi\u015fti tutkular\u0131n rengi ve nesnesi<br \/>Bir e\u015fyalar imparatorlu\u011funda ya\u015f\u0131yorum nicedir<br \/>Binlerce gerek\u00e7e i\u00e7inde<\/p>\n<p>Otuzbe\u015fimdeyim, \u00e7abuk sinirleniyorum, tansiyonum var<br \/>Ge\u00e7ti\u011fim patikalarda kald\u0131 b\u00fcy\u00fck d\u00fc\u015f\u00fcncelerim<br \/>Bu y\u00fczden h\u00fcz\u00fcnle bak\u0131yorum gen\u00e7lere&#8230;<br \/>\u00a0<br \/>\u015e\u00fckr\u00fc ERBA\u015e<\/p>\n","protected":false},"excerpt":{"rendered":"<p>Bir kad\u0131n iki \u00e7ocukla\u00c7iviliyim odalaraS\u00f6ylesem de s\u00f6ylemesem de bu b\u00f6yle \u00c7\u0131ksam \u00e7\u0131ksamZincirim kadar \u00f6zg\u00fcrl\u00fc\u011f\u00fcmYa\u015famak hep \u00f6telerde Dili kopmu\u015f bir hayal \u00e7an\u0131 y\u00fcre\u011fimSesini yaln\u0131z benim duydu\u011fumVurur durur \u00e7\u0131\u011fl\u0131k \u00e7\u0131\u011fl\u0131k i\u00e7imde D\u00f6n\u00fc\u015f\u00fc olmayan biricik \u015feymi\u015f zamanYa\u015famak me\u011fer ne b\u00fcy\u00fck bir kazan\u00e7m\u0131\u015fKavrad\u0131m ac\u0131lar i\u00e7inde kaybede kaybede \u015eimdi hangi g\u00fczelli\u011fe d\u00f6nsem y\u00fcz\u00fcm\u00fcTomurcuklara yak\u0131\u015fmayan bir ak\u015fam g\u00fcne\u015fiPar\u00e7alar kendini kar\u015f\u0131 tepelerde [&hellip;]<\/p>\n","protected":false},"author":1,"featured_media":0,"comment_status":"open","ping_status":"open","sticky":false,"template":"","format":"standard","meta":{"footnotes":""},"categories":[214],"tags":[],"class_list":{"0":"post-7008","1":"post","2":"type-post","3":"status-publish","4":"format-standard","6":"category-sukru-erbas"},"yoast_head":"<!-- This site is optimized with the Yoast SEO Premium plugin v24.9 (Yoast SEO v24.9) - https:\/\/yoast.com\/wordpress\/plugins\/seo\/ -->\n<title>YEN\u0130LG\u0130 - narteks.net<\/title>\n<meta name=\"robots\" content=\"index, follow, max-snippet:-1, max-image-preview:large, max-video-preview:-1\" \/>\n<link rel=\"canonical\" href=\"https:\/\/narteks.net\/index.php\/2018\/08\/01\/yenilgi-3\/\" \/>\n<meta property=\"og:locale\" content=\"tr_TR\" \/>\n<meta property=\"og:type\" content=\"article\" \/>\n<meta property=\"og:title\" content=\"YEN\u0130LG\u0130\" \/>\n<meta property=\"og:description\" content=\"Bir kad\u0131n iki \u00e7ocukla\u00c7iviliyim odalaraS\u00f6ylesem de s\u00f6ylemesem de bu b\u00f6yle \u00c7\u0131ksam \u00e7\u0131ksamZincirim kadar \u00f6zg\u00fcrl\u00fc\u011f\u00fcmYa\u015famak hep \u00f6telerde Dili kopmu\u015f bir hayal \u00e7an\u0131 y\u00fcre\u011fimSesini yaln\u0131z benim duydu\u011fumVurur durur \u00e7\u0131\u011fl\u0131k \u00e7\u0131\u011fl\u0131k i\u00e7imde D\u00f6n\u00fc\u015f\u00fc olmayan biricik \u015feymi\u015f zamanYa\u015famak me\u011fer ne b\u00fcy\u00fck bir kazan\u00e7m\u0131\u015fKavrad\u0131m ac\u0131lar i\u00e7inde kaybede kaybede \u015eimdi hangi g\u00fczelli\u011fe d\u00f6nsem y\u00fcz\u00fcm\u00fcTomurcuklara yak\u0131\u015fmayan bir ak\u015fam g\u00fcne\u015fiPar\u00e7alar kendini kar\u015f\u0131 tepelerde [&hellip;]\" \/>\n<meta property=\"og:url\" content=\"https:\/\/narteks.net\/index.php\/2018\/08\/01\/yenilgi-3\/\" \/>\n<meta property=\"og:site_name\" content=\"narteks.net\" \/>\n<meta property=\"article:published_time\" content=\"2018-08-01T12:06:11+00:00\" \/>\n<meta property=\"og:image\" content=\"https:\/\/narteks.net\/wp-content\/uploads\/narteks.png\" \/>\n\t<meta property=\"og:image:width\" content=\"300\" \/>\n\t<meta property=\"og:image:height\" content=\"90\" \/>\n\t<meta property=\"og:image:type\" content=\"image\/png\" \/>\n<meta name=\"author\" content=\"Tar\u0131k\" \/>\n<meta name=\"twitter:card\" content=\"summary_large_image\" \/>\n<meta name=\"twitter:creator\" content=\"@narteks\" \/>\n<meta name=\"twitter:site\" content=\"@narteks\" \/>\n<meta name=\"twitter:label1\" content=\"Yazan:\" \/>\n\t<meta name=\"twitter:data1\" content=\"Tar\u0131k\" \/>\n\t<meta name=\"twitter:label2\" content=\"Tahmini okuma s\u00fcresi\" \/>\n\t<meta name=\"twitter:data2\" content=\"1 dakika\" \/>\n<script type=\"application\/ld+json\" class=\"yoast-schema-graph\">{\"@context\":\"https:\/\/schema.org\",\"@graph\":[{\"@type\":\"Article\",\"@id\":\"https:\/\/narteks.net\/index.php\/2018\/08\/01\/yenilgi-3\/#article\",\"isPartOf\":{\"@id\":\"https:\/\/narteks.net\/index.php\/2018\/08\/01\/yenilgi-3\/\"},\"author\":{\"name\":\"Tar\u0131k\",\"@id\":\"https:\/\/narteks.net\/#\/schema\/person\/61f37d9834294b72d31d274e7ed79bca\"},\"headline\":\"YEN\u0130LG\u0130\",\"datePublished\":\"2018-08-01T12:06:11+00:00\",\"mainEntityOfPage\":{\"@id\":\"https:\/\/narteks.net\/index.php\/2018\/08\/01\/yenilgi-3\/\"},\"wordCount\":183,\"commentCount\":0,\"publisher\":{\"@id\":\"https:\/\/narteks.net\/#organization\"},\"articleSection\":[\"\u015e\u00fckr\u00fc ERBA\u015e\"],\"inLanguage\":\"tr\",\"potentialAction\":[{\"@type\":\"CommentAction\",\"name\":\"Comment\",\"target\":[\"https:\/\/narteks.net\/index.php\/2018\/08\/01\/yenilgi-3\/#respond\"]}]},{\"@type\":\"WebPage\",\"@id\":\"https:\/\/narteks.net\/index.php\/2018\/08\/01\/yenilgi-3\/\",\"url\":\"https:\/\/narteks.net\/index.php\/2018\/08\/01\/yenilgi-3\/\",\"name\":\"YEN\u0130LG\u0130 - narteks.net\",\"isPartOf\":{\"@id\":\"https:\/\/narteks.net\/#website\"},\"datePublished\":\"2018-08-01T12:06:11+00:00\",\"breadcrumb\":{\"@id\":\"https:\/\/narteks.net\/index.php\/2018\/08\/01\/yenilgi-3\/#breadcrumb\"},\"inLanguage\":\"tr\",\"potentialAction\":[{\"@type\":\"ReadAction\",\"target\":[\"https:\/\/narteks.net\/index.php\/2018\/08\/01\/yenilgi-3\/\"]}]},{\"@type\":\"BreadcrumbList\",\"@id\":\"https:\/\/narteks.net\/index.php\/2018\/08\/01\/yenilgi-3\/#breadcrumb\",\"itemListElement\":[{\"@type\":\"ListItem\",\"position\":1,\"name\":\"Anasayfa\",\"item\":\"https:\/\/narteks.net\/\"},{\"@type\":\"ListItem\",\"position\":2,\"name\":\"YEN\u0130LG\u0130\"}]},{\"@type\":\"WebSite\",\"@id\":\"https:\/\/narteks.net\/#website\",\"url\":\"https:\/\/narteks.net\/\",\"name\":\"narteks.net\",\"description\":\"K\u00fclt\u00fcr Sanat Edebiyat Felsefe\",\"publisher\":{\"@id\":\"https:\/\/narteks.net\/#organization\"},\"alternateName\":\"K\u00fclt\u00fcr Sanat Edebiyat Felsefe\",\"potentialAction\":[{\"@type\":\"SearchAction\",\"target\":{\"@type\":\"EntryPoint\",\"urlTemplate\":\"https:\/\/narteks.net\/?s={search_term_string}\"},\"query-input\":{\"@type\":\"PropertyValueSpecification\",\"valueRequired\":true,\"valueName\":\"search_term_string\"}}],\"inLanguage\":\"tr\"},{\"@type\":\"Organization\",\"@id\":\"https:\/\/narteks.net\/#organization\",\"name\":\"narteks.net\",\"url\":\"https:\/\/narteks.net\/\",\"logo\":{\"@type\":\"ImageObject\",\"inLanguage\":\"tr\",\"@id\":\"https:\/\/narteks.net\/#\/schema\/logo\/image\/\",\"url\":\"https:\/\/narteks.net\/wp-content\/uploads\/narteks.png\",\"contentUrl\":\"https:\/\/narteks.net\/wp-content\/uploads\/narteks.png\",\"width\":300,\"height\":90,\"caption\":\"narteks.net\"},\"image\":{\"@id\":\"https:\/\/narteks.net\/#\/schema\/logo\/image\/\"},\"sameAs\":[\"https:\/\/x.com\/narteks\",\"https:\/\/instagram.com\/narteksnet\"]},{\"@type\":\"Person\",\"@id\":\"https:\/\/narteks.net\/#\/schema\/person\/61f37d9834294b72d31d274e7ed79bca\",\"name\":\"Tar\u0131k\",\"image\":{\"@type\":\"ImageObject\",\"inLanguage\":\"tr\",\"@id\":\"https:\/\/narteks.net\/#\/schema\/person\/image\/\",\"url\":\"https:\/\/secure.gravatar.com\/avatar\/50865afb55632c4ae467e0af0930f6510aa2297d8014be502a55b14f3b7550cf?s=96&d=mm&r=g\",\"contentUrl\":\"https:\/\/secure.gravatar.com\/avatar\/50865afb55632c4ae467e0af0930f6510aa2297d8014be502a55b14f3b7550cf?s=96&d=mm&r=g\",\"caption\":\"Tar\u0131k\"},\"sameAs\":[\"http:\/\/narteks.net\"],\"url\":\"https:\/\/narteks.net\/index.php\/author\/narbak\/\"}]}<\/script>\n<!-- \/ Yoast SEO Premium plugin. -->","yoast_head_json":{"title":"YEN\u0130LG\u0130 - narteks.net","robots":{"index":"index","follow":"follow","max-snippet":"max-snippet:-1","max-image-preview":"max-image-preview:large","max-video-preview":"max-video-preview:-1"},"canonical":"https:\/\/narteks.net\/index.php\/2018\/08\/01\/yenilgi-3\/","og_locale":"tr_TR","og_type":"article","og_title":"YEN\u0130LG\u0130","og_description":"Bir kad\u0131n iki \u00e7ocukla\u00c7iviliyim odalaraS\u00f6ylesem de s\u00f6ylemesem de bu b\u00f6yle \u00c7\u0131ksam \u00e7\u0131ksamZincirim kadar \u00f6zg\u00fcrl\u00fc\u011f\u00fcmYa\u015famak hep \u00f6telerde Dili kopmu\u015f bir hayal \u00e7an\u0131 y\u00fcre\u011fimSesini yaln\u0131z benim duydu\u011fumVurur durur \u00e7\u0131\u011fl\u0131k \u00e7\u0131\u011fl\u0131k i\u00e7imde D\u00f6n\u00fc\u015f\u00fc olmayan biricik \u015feymi\u015f zamanYa\u015famak me\u011fer ne b\u00fcy\u00fck bir kazan\u00e7m\u0131\u015fKavrad\u0131m ac\u0131lar i\u00e7inde kaybede kaybede \u015eimdi hangi g\u00fczelli\u011fe d\u00f6nsem y\u00fcz\u00fcm\u00fcTomurcuklara yak\u0131\u015fmayan bir ak\u015fam g\u00fcne\u015fiPar\u00e7alar kendini kar\u015f\u0131 tepelerde [&hellip;]","og_url":"https:\/\/narteks.net\/index.php\/2018\/08\/01\/yenilgi-3\/","og_site_name":"narteks.net","article_published_time":"2018-08-01T12:06:11+00:00","og_image":[{"width":300,"height":90,"url":"https:\/\/narteks.net\/wp-content\/uploads\/narteks.png","type":"image\/png"}],"author":"Tar\u0131k","twitter_card":"summary_large_image","twitter_creator":"@narteks","twitter_site":"@narteks","twitter_misc":{"Yazan:":"Tar\u0131k","Tahmini okuma s\u00fcresi":"1 dakika"},"schema":{"@context":"https:\/\/schema.org","@graph":[{"@type":"Article","@id":"https:\/\/narteks.net\/index.php\/2018\/08\/01\/yenilgi-3\/#article","isPartOf":{"@id":"https:\/\/narteks.net\/index.php\/2018\/08\/01\/yenilgi-3\/"},"author":{"name":"Tar\u0131k","@id":"https:\/\/narteks.net\/#\/schema\/person\/61f37d9834294b72d31d274e7ed79bca"},"headline":"YEN\u0130LG\u0130","datePublished":"2018-08-01T12:06:11+00:00","mainEntityOfPage":{"@id":"https:\/\/narteks.net\/index.php\/2018\/08\/01\/yenilgi-3\/"},"wordCount":183,"commentCount":0,"publisher":{"@id":"https:\/\/narteks.net\/#organization"},"articleSection":["\u015e\u00fckr\u00fc ERBA\u015e"],"inLanguage":"tr","potentialAction":[{"@type":"CommentAction","name":"Comment","target":["https:\/\/narteks.net\/index.php\/2018\/08\/01\/yenilgi-3\/#respond"]}]},{"@type":"WebPage","@id":"https:\/\/narteks.net\/index.php\/2018\/08\/01\/yenilgi-3\/","url":"https:\/\/narteks.net\/index.php\/2018\/08\/01\/yenilgi-3\/","name":"YEN\u0130LG\u0130 - narteks.net","isPartOf":{"@id":"https:\/\/narteks.net\/#website"},"datePublished":"2018-08-01T12:06:11+00:00","breadcrumb":{"@id":"https:\/\/narteks.net\/index.php\/2018\/08\/01\/yenilgi-3\/#breadcrumb"},"inLanguage":"tr","potentialAction":[{"@type":"ReadAction","target":["https:\/\/narteks.net\/index.php\/2018\/08\/01\/yenilgi-3\/"]}]},{"@type":"BreadcrumbList","@id":"https:\/\/narteks.net\/index.php\/2018\/08\/01\/yenilgi-3\/#breadcrumb","itemListElement":[{"@type":"ListItem","position":1,"name":"Anasayfa","item":"https:\/\/narteks.net\/"},{"@type":"ListItem","position":2,"name":"YEN\u0130LG\u0130"}]},{"@type":"WebSite","@id":"https:\/\/narteks.net\/#website","url":"https:\/\/narteks.net\/","name":"narteks.net","description":"K\u00fclt\u00fcr Sanat Edebiyat Felsefe","publisher":{"@id":"https:\/\/narteks.net\/#organization"},"alternateName":"K\u00fclt\u00fcr Sanat Edebiyat Felsefe","potentialAction":[{"@type":"SearchAction","target":{"@type":"EntryPoint","urlTemplate":"https:\/\/narteks.net\/?s={search_term_string}"},"query-input":{"@type":"PropertyValueSpecification","valueRequired":true,"valueName":"search_term_string"}}],"inLanguage":"tr"},{"@type":"Organization","@id":"https:\/\/narteks.net\/#organization","name":"narteks.net","url":"https:\/\/narteks.net\/","logo":{"@type":"ImageObject","inLanguage":"tr","@id":"https:\/\/narteks.net\/#\/schema\/logo\/image\/","url":"https:\/\/narteks.net\/wp-content\/uploads\/narteks.png","contentUrl":"https:\/\/narteks.net\/wp-content\/uploads\/narteks.png","width":300,"height":90,"caption":"narteks.net"},"image":{"@id":"https:\/\/narteks.net\/#\/schema\/logo\/image\/"},"sameAs":["https:\/\/x.com\/narteks","https:\/\/instagram.com\/narteksnet"]},{"@type":"Person","@id":"https:\/\/narteks.net\/#\/schema\/person\/61f37d9834294b72d31d274e7ed79bca","name":"Tar\u0131k","image":{"@type":"ImageObject","inLanguage":"tr","@id":"https:\/\/narteks.net\/#\/schema\/person\/image\/","url":"https:\/\/secure.gravatar.com\/avatar\/50865afb55632c4ae467e0af0930f6510aa2297d8014be502a55b14f3b7550cf?s=96&d=mm&r=g","contentUrl":"https:\/\/secure.gravatar.com\/avatar\/50865afb55632c4ae467e0af0930f6510aa2297d8014be502a55b14f3b7550cf?s=96&d=mm&r=g","caption":"Tar\u0131k"},"sameAs":["http:\/\/narteks.net"],"url":"https:\/\/narteks.net\/index.php\/author\/narbak\/"}]}},"_links":{"self":[{"href":"https:\/\/narteks.net\/index.php\/wp-json\/wp\/v2\/posts\/7008","targetHints":{"allow":["GET"]}}],"collection":[{"href":"https:\/\/narteks.net\/index.php\/wp-json\/wp\/v2\/posts"}],"about":[{"href":"https:\/\/narteks.net\/index.php\/wp-json\/wp\/v2\/types\/post"}],"author":[{"embeddable":true,"href":"https:\/\/narteks.net\/index.php\/wp-json\/wp\/v2\/users\/1"}],"replies":[{"embeddable":true,"href":"https:\/\/narteks.net\/index.php\/wp-json\/wp\/v2\/comments?post=7008"}],"version-history":[{"count":0,"href":"https:\/\/narteks.net\/index.php\/wp-json\/wp\/v2\/posts\/7008\/revisions"}],"wp:attachment":[{"href":"https:\/\/narteks.net\/index.php\/wp-json\/wp\/v2\/media?parent=7008"}],"wp:term":[{"taxonomy":"category","embeddable":true,"href":"https:\/\/narteks.net\/index.php\/wp-json\/wp\/v2\/categories?post=7008"},{"taxonomy":"post_tag","embeddable":true,"href":"https:\/\/narteks.net\/index.php\/wp-json\/wp\/v2\/tags?post=7008"}],"curies":[{"name":"wp","href":"https:\/\/api.w.org\/{rel}","templated":true}]}}