{"id":7015,"date":"2018-08-01T15:15:51","date_gmt":"2018-08-01T12:15:51","guid":{"rendered":"http:\/\/localhost\/wordpress\/2018\/08\/01\/sitem-2\/"},"modified":"2018-08-01T15:15:51","modified_gmt":"2018-08-01T12:15:51","slug":"sitem-2","status":"publish","type":"post","link":"https:\/\/narteks.net\/index.php\/2018\/08\/01\/sitem-2\/","title":{"rendered":"S\u0130TEM"},"content":{"rendered":"<p>Ben ona s\u0131k\u0131nt\u0131l\u0131 g\u00fcz g\u00fcnlerinde<br \/>Yedi renkli yaz ya\u011fmurlar\u0131 dilemi\u015ftim<br \/>K\u0131rmak istememi\u015ftim duygu filizlerini<br \/>B\u00fcy\u00fck bir ustal\u0131kla susturup i\u00e7imdeki u\u011fultuyu<br \/>R\u00fczgar\u0131m\u0131 olanca yumu\u015fakl\u0131\u011f\u0131yla salm\u0131\u015ft\u0131m \u00fczerine<br \/>\u0130ncinmesin diye tek<br \/>Ac\u0131y\u0131 bile ters y\u00fcz eden<br \/>\u0130ncelikli bir g\u00fcl\u00fcmsemeyle y\u00fcz\u00fcmde<\/p>\n<p>Ben ona gittik\u00e7e so\u011fuyan zamanlarda<br \/>S\u0131cac\u0131k bir s\u0131\u011f\u0131nak olay\u0131m istemi\u015ftim<br \/>\u0130nsanlar i\u00e7inde \u00fc\u015f\u00fcd\u00fck\u00e7e<br \/>G\u00fcvenle gelebilece\u011fi<\/p>\n<p>Ku\u015flar\u0131n kanatlar\u0131 neden vard\u0131r?<br \/>Bir insan neden a\u011flar yar\u0131 ya\u015f\u0131na gelince?<br \/>Bulutlar g\u00f6ky\u00fcz\u00fcn\u00fcn y\u00fck\u00fc m\u00fcd\u00fcr, s\u00fcs\u00fc m\u00fcd\u00fcr?<br \/>Tutsa\u011f\u0131 m\u0131d\u0131r r\u00fczgar\u0131n, sevgilisi midir?<br \/>Konu\u015fay\u0131m istemi\u015ftim bir y\u00fcre\u011fin dilince<br \/>Yan\u0131t\u0131 olmayan sorularda bo\u011fmak istememi\u015ftim<\/p>\n<p>Ben ona sabah olamasam da<br \/>Dingin bir ikindi olay\u0131m istemi\u015fimdir<br \/>Her\u015feyin usul usul duruldu\u011fu saatlerde gelsin<br \/>Y\u00fcz\u00fcnde u\u00e7uk bir g\u00fcl\u00fcmsemeyle<br \/>Yaslas\u0131n yorgunlu\u011funu g\u00f6vdemin ya\u015fl\u0131 \u00e7\u0131nar\u0131na<br \/>Serip \u00fczerine yapraklar\u0131m\u0131n a\u011f\u0131rl\u0131ks\u0131z yorgan\u0131n\u0131<br \/>Dinlendireyim istemi\u015ftim<br \/>\u00dc\u015f\u00fctmek istememi\u015ftim.<\/p>\n<p>Ben ona ne istemi\u015fsem bu yaln\u0131zl\u0131k aylar\u0131nda<br \/>Gecikmi\u015f&#8230; \u0130nce&#8230; G\u00fczel ve uzak&#8230;<br \/>Biraz da kendime istemi\u015ftim<br \/>Sevgi ad\u0131na<br \/>\u00a0<br \/>\u015e\u00fckr\u00fc ERBA\u015e<\/p>\n","protected":false},"excerpt":{"rendered":"<p>Ben ona s\u0131k\u0131nt\u0131l\u0131 g\u00fcz g\u00fcnlerindeYedi renkli yaz ya\u011fmurlar\u0131 dilemi\u015ftimK\u0131rmak istememi\u015ftim duygu filizleriniB\u00fcy\u00fck bir ustal\u0131kla susturup i\u00e7imdeki u\u011fultuyuR\u00fczgar\u0131m\u0131 olanca yumu\u015fakl\u0131\u011f\u0131yla salm\u0131\u015ft\u0131m \u00fczerine\u0130ncinmesin diye tekAc\u0131y\u0131 bile ters y\u00fcz eden\u0130ncelikli bir g\u00fcl\u00fcmsemeyle y\u00fcz\u00fcmde Ben ona gittik\u00e7e so\u011fuyan zamanlardaS\u0131cac\u0131k bir s\u0131\u011f\u0131nak olay\u0131m istemi\u015ftim\u0130nsanlar i\u00e7inde \u00fc\u015f\u00fcd\u00fck\u00e7eG\u00fcvenle gelebilece\u011fi Ku\u015flar\u0131n kanatlar\u0131 neden vard\u0131r?Bir insan neden a\u011flar yar\u0131 ya\u015f\u0131na gelince?Bulutlar g\u00f6ky\u00fcz\u00fcn\u00fcn y\u00fck\u00fc m\u00fcd\u00fcr, [&hellip;]<\/p>\n","protected":false},"author":1,"featured_media":0,"comment_status":"open","ping_status":"open","sticky":false,"template":"","format":"standard","meta":{"footnotes":""},"categories":[214],"tags":[],"class_list":{"0":"post-7015","1":"post","2":"type-post","3":"status-publish","4":"format-standard","6":"category-sukru-erbas"},"yoast_head":"<!-- This site is optimized with the Yoast SEO Premium plugin v24.9 (Yoast SEO v24.9) - https:\/\/yoast.com\/wordpress\/plugins\/seo\/ -->\n<title>S\u0130TEM - narteks.net<\/title>\n<meta name=\"robots\" content=\"index, follow, max-snippet:-1, max-image-preview:large, max-video-preview:-1\" \/>\n<link rel=\"canonical\" href=\"https:\/\/narteks.net\/index.php\/2018\/08\/01\/sitem-2\/\" \/>\n<meta property=\"og:locale\" content=\"tr_TR\" \/>\n<meta property=\"og:type\" content=\"article\" \/>\n<meta property=\"og:title\" content=\"S\u0130TEM\" \/>\n<meta property=\"og:description\" content=\"Ben ona s\u0131k\u0131nt\u0131l\u0131 g\u00fcz g\u00fcnlerindeYedi renkli yaz ya\u011fmurlar\u0131 dilemi\u015ftimK\u0131rmak istememi\u015ftim duygu filizleriniB\u00fcy\u00fck bir ustal\u0131kla susturup i\u00e7imdeki u\u011fultuyuR\u00fczgar\u0131m\u0131 olanca yumu\u015fakl\u0131\u011f\u0131yla salm\u0131\u015ft\u0131m \u00fczerine\u0130ncinmesin diye tekAc\u0131y\u0131 bile ters y\u00fcz eden\u0130ncelikli bir g\u00fcl\u00fcmsemeyle y\u00fcz\u00fcmde Ben ona gittik\u00e7e so\u011fuyan zamanlardaS\u0131cac\u0131k bir s\u0131\u011f\u0131nak olay\u0131m istemi\u015ftim\u0130nsanlar i\u00e7inde \u00fc\u015f\u00fcd\u00fck\u00e7eG\u00fcvenle gelebilece\u011fi Ku\u015flar\u0131n kanatlar\u0131 neden vard\u0131r?Bir insan neden a\u011flar yar\u0131 ya\u015f\u0131na gelince?Bulutlar g\u00f6ky\u00fcz\u00fcn\u00fcn y\u00fck\u00fc m\u00fcd\u00fcr, [&hellip;]\" \/>\n<meta property=\"og:url\" content=\"https:\/\/narteks.net\/index.php\/2018\/08\/01\/sitem-2\/\" \/>\n<meta property=\"og:site_name\" content=\"narteks.net\" \/>\n<meta property=\"article:published_time\" content=\"2018-08-01T12:15:51+00:00\" \/>\n<meta property=\"og:image\" content=\"https:\/\/narteks.net\/wp-content\/uploads\/narteks.png\" \/>\n\t<meta property=\"og:image:width\" content=\"300\" \/>\n\t<meta property=\"og:image:height\" content=\"90\" \/>\n\t<meta property=\"og:image:type\" content=\"image\/png\" \/>\n<meta name=\"author\" content=\"Tar\u0131k\" \/>\n<meta name=\"twitter:card\" content=\"summary_large_image\" \/>\n<meta name=\"twitter:creator\" content=\"@narteks\" \/>\n<meta name=\"twitter:site\" content=\"@narteks\" \/>\n<meta name=\"twitter:label1\" content=\"Yazan:\" \/>\n\t<meta name=\"twitter:data1\" content=\"Tar\u0131k\" \/>\n\t<meta name=\"twitter:label2\" content=\"Tahmini okuma s\u00fcresi\" \/>\n\t<meta name=\"twitter:data2\" content=\"1 dakika\" \/>\n<script type=\"application\/ld+json\" class=\"yoast-schema-graph\">{\"@context\":\"https:\/\/schema.org\",\"@graph\":[{\"@type\":\"Article\",\"@id\":\"https:\/\/narteks.net\/index.php\/2018\/08\/01\/sitem-2\/#article\",\"isPartOf\":{\"@id\":\"https:\/\/narteks.net\/index.php\/2018\/08\/01\/sitem-2\/\"},\"author\":{\"name\":\"Tar\u0131k\",\"@id\":\"https:\/\/narteks.net\/#\/schema\/person\/61f37d9834294b72d31d274e7ed79bca\"},\"headline\":\"S\u0130TEM\",\"datePublished\":\"2018-08-01T12:15:51+00:00\",\"mainEntityOfPage\":{\"@id\":\"https:\/\/narteks.net\/index.php\/2018\/08\/01\/sitem-2\/\"},\"wordCount\":219,\"commentCount\":0,\"publisher\":{\"@id\":\"https:\/\/narteks.net\/#organization\"},\"articleSection\":[\"\u015e\u00fckr\u00fc ERBA\u015e\"],\"inLanguage\":\"tr\",\"potentialAction\":[{\"@type\":\"CommentAction\",\"name\":\"Comment\",\"target\":[\"https:\/\/narteks.net\/index.php\/2018\/08\/01\/sitem-2\/#respond\"]}]},{\"@type\":\"WebPage\",\"@id\":\"https:\/\/narteks.net\/index.php\/2018\/08\/01\/sitem-2\/\",\"url\":\"https:\/\/narteks.net\/index.php\/2018\/08\/01\/sitem-2\/\",\"name\":\"S\u0130TEM - narteks.net\",\"isPartOf\":{\"@id\":\"https:\/\/narteks.net\/#website\"},\"datePublished\":\"2018-08-01T12:15:51+00:00\",\"breadcrumb\":{\"@id\":\"https:\/\/narteks.net\/index.php\/2018\/08\/01\/sitem-2\/#breadcrumb\"},\"inLanguage\":\"tr\",\"potentialAction\":[{\"@type\":\"ReadAction\",\"target\":[\"https:\/\/narteks.net\/index.php\/2018\/08\/01\/sitem-2\/\"]}]},{\"@type\":\"BreadcrumbList\",\"@id\":\"https:\/\/narteks.net\/index.php\/2018\/08\/01\/sitem-2\/#breadcrumb\",\"itemListElement\":[{\"@type\":\"ListItem\",\"position\":1,\"name\":\"Anasayfa\",\"item\":\"https:\/\/narteks.net\/\"},{\"@type\":\"ListItem\",\"position\":2,\"name\":\"S\u0130TEM\"}]},{\"@type\":\"WebSite\",\"@id\":\"https:\/\/narteks.net\/#website\",\"url\":\"https:\/\/narteks.net\/\",\"name\":\"narteks.net\",\"description\":\"K\u00fclt\u00fcr Sanat Edebiyat Felsefe\",\"publisher\":{\"@id\":\"https:\/\/narteks.net\/#organization\"},\"alternateName\":\"K\u00fclt\u00fcr Sanat Edebiyat Felsefe\",\"potentialAction\":[{\"@type\":\"SearchAction\",\"target\":{\"@type\":\"EntryPoint\",\"urlTemplate\":\"https:\/\/narteks.net\/?s={search_term_string}\"},\"query-input\":{\"@type\":\"PropertyValueSpecification\",\"valueRequired\":true,\"valueName\":\"search_term_string\"}}],\"inLanguage\":\"tr\"},{\"@type\":\"Organization\",\"@id\":\"https:\/\/narteks.net\/#organization\",\"name\":\"narteks.net\",\"url\":\"https:\/\/narteks.net\/\",\"logo\":{\"@type\":\"ImageObject\",\"inLanguage\":\"tr\",\"@id\":\"https:\/\/narteks.net\/#\/schema\/logo\/image\/\",\"url\":\"https:\/\/narteks.net\/wp-content\/uploads\/narteks.png\",\"contentUrl\":\"https:\/\/narteks.net\/wp-content\/uploads\/narteks.png\",\"width\":300,\"height\":90,\"caption\":\"narteks.net\"},\"image\":{\"@id\":\"https:\/\/narteks.net\/#\/schema\/logo\/image\/\"},\"sameAs\":[\"https:\/\/x.com\/narteks\",\"https:\/\/instagram.com\/narteksnet\"]},{\"@type\":\"Person\",\"@id\":\"https:\/\/narteks.net\/#\/schema\/person\/61f37d9834294b72d31d274e7ed79bca\",\"name\":\"Tar\u0131k\",\"image\":{\"@type\":\"ImageObject\",\"inLanguage\":\"tr\",\"@id\":\"https:\/\/narteks.net\/#\/schema\/person\/image\/\",\"url\":\"https:\/\/secure.gravatar.com\/avatar\/50865afb55632c4ae467e0af0930f6510aa2297d8014be502a55b14f3b7550cf?s=96&d=mm&r=g\",\"contentUrl\":\"https:\/\/secure.gravatar.com\/avatar\/50865afb55632c4ae467e0af0930f6510aa2297d8014be502a55b14f3b7550cf?s=96&d=mm&r=g\",\"caption\":\"Tar\u0131k\"},\"sameAs\":[\"http:\/\/narteks.net\"],\"url\":\"https:\/\/narteks.net\/index.php\/author\/narbak\/\"}]}<\/script>\n<!-- \/ Yoast SEO Premium plugin. -->","yoast_head_json":{"title":"S\u0130TEM - narteks.net","robots":{"index":"index","follow":"follow","max-snippet":"max-snippet:-1","max-image-preview":"max-image-preview:large","max-video-preview":"max-video-preview:-1"},"canonical":"https:\/\/narteks.net\/index.php\/2018\/08\/01\/sitem-2\/","og_locale":"tr_TR","og_type":"article","og_title":"S\u0130TEM","og_description":"Ben ona s\u0131k\u0131nt\u0131l\u0131 g\u00fcz g\u00fcnlerindeYedi renkli yaz ya\u011fmurlar\u0131 dilemi\u015ftimK\u0131rmak istememi\u015ftim duygu filizleriniB\u00fcy\u00fck bir ustal\u0131kla susturup i\u00e7imdeki u\u011fultuyuR\u00fczgar\u0131m\u0131 olanca yumu\u015fakl\u0131\u011f\u0131yla salm\u0131\u015ft\u0131m \u00fczerine\u0130ncinmesin diye tekAc\u0131y\u0131 bile ters y\u00fcz eden\u0130ncelikli bir g\u00fcl\u00fcmsemeyle y\u00fcz\u00fcmde Ben ona gittik\u00e7e so\u011fuyan zamanlardaS\u0131cac\u0131k bir s\u0131\u011f\u0131nak olay\u0131m istemi\u015ftim\u0130nsanlar i\u00e7inde \u00fc\u015f\u00fcd\u00fck\u00e7eG\u00fcvenle gelebilece\u011fi Ku\u015flar\u0131n kanatlar\u0131 neden vard\u0131r?Bir insan neden a\u011flar yar\u0131 ya\u015f\u0131na gelince?Bulutlar g\u00f6ky\u00fcz\u00fcn\u00fcn y\u00fck\u00fc m\u00fcd\u00fcr, [&hellip;]","og_url":"https:\/\/narteks.net\/index.php\/2018\/08\/01\/sitem-2\/","og_site_name":"narteks.net","article_published_time":"2018-08-01T12:15:51+00:00","og_image":[{"width":300,"height":90,"url":"https:\/\/narteks.net\/wp-content\/uploads\/narteks.png","type":"image\/png"}],"author":"Tar\u0131k","twitter_card":"summary_large_image","twitter_creator":"@narteks","twitter_site":"@narteks","twitter_misc":{"Yazan:":"Tar\u0131k","Tahmini okuma s\u00fcresi":"1 dakika"},"schema":{"@context":"https:\/\/schema.org","@graph":[{"@type":"Article","@id":"https:\/\/narteks.net\/index.php\/2018\/08\/01\/sitem-2\/#article","isPartOf":{"@id":"https:\/\/narteks.net\/index.php\/2018\/08\/01\/sitem-2\/"},"author":{"name":"Tar\u0131k","@id":"https:\/\/narteks.net\/#\/schema\/person\/61f37d9834294b72d31d274e7ed79bca"},"headline":"S\u0130TEM","datePublished":"2018-08-01T12:15:51+00:00","mainEntityOfPage":{"@id":"https:\/\/narteks.net\/index.php\/2018\/08\/01\/sitem-2\/"},"wordCount":219,"commentCount":0,"publisher":{"@id":"https:\/\/narteks.net\/#organization"},"articleSection":["\u015e\u00fckr\u00fc ERBA\u015e"],"inLanguage":"tr","potentialAction":[{"@type":"CommentAction","name":"Comment","target":["https:\/\/narteks.net\/index.php\/2018\/08\/01\/sitem-2\/#respond"]}]},{"@type":"WebPage","@id":"https:\/\/narteks.net\/index.php\/2018\/08\/01\/sitem-2\/","url":"https:\/\/narteks.net\/index.php\/2018\/08\/01\/sitem-2\/","name":"S\u0130TEM - narteks.net","isPartOf":{"@id":"https:\/\/narteks.net\/#website"},"datePublished":"2018-08-01T12:15:51+00:00","breadcrumb":{"@id":"https:\/\/narteks.net\/index.php\/2018\/08\/01\/sitem-2\/#breadcrumb"},"inLanguage":"tr","potentialAction":[{"@type":"ReadAction","target":["https:\/\/narteks.net\/index.php\/2018\/08\/01\/sitem-2\/"]}]},{"@type":"BreadcrumbList","@id":"https:\/\/narteks.net\/index.php\/2018\/08\/01\/sitem-2\/#breadcrumb","itemListElement":[{"@type":"ListItem","position":1,"name":"Anasayfa","item":"https:\/\/narteks.net\/"},{"@type":"ListItem","position":2,"name":"S\u0130TEM"}]},{"@type":"WebSite","@id":"https:\/\/narteks.net\/#website","url":"https:\/\/narteks.net\/","name":"narteks.net","description":"K\u00fclt\u00fcr Sanat Edebiyat Felsefe","publisher":{"@id":"https:\/\/narteks.net\/#organization"},"alternateName":"K\u00fclt\u00fcr Sanat Edebiyat Felsefe","potentialAction":[{"@type":"SearchAction","target":{"@type":"EntryPoint","urlTemplate":"https:\/\/narteks.net\/?s={search_term_string}"},"query-input":{"@type":"PropertyValueSpecification","valueRequired":true,"valueName":"search_term_string"}}],"inLanguage":"tr"},{"@type":"Organization","@id":"https:\/\/narteks.net\/#organization","name":"narteks.net","url":"https:\/\/narteks.net\/","logo":{"@type":"ImageObject","inLanguage":"tr","@id":"https:\/\/narteks.net\/#\/schema\/logo\/image\/","url":"https:\/\/narteks.net\/wp-content\/uploads\/narteks.png","contentUrl":"https:\/\/narteks.net\/wp-content\/uploads\/narteks.png","width":300,"height":90,"caption":"narteks.net"},"image":{"@id":"https:\/\/narteks.net\/#\/schema\/logo\/image\/"},"sameAs":["https:\/\/x.com\/narteks","https:\/\/instagram.com\/narteksnet"]},{"@type":"Person","@id":"https:\/\/narteks.net\/#\/schema\/person\/61f37d9834294b72d31d274e7ed79bca","name":"Tar\u0131k","image":{"@type":"ImageObject","inLanguage":"tr","@id":"https:\/\/narteks.net\/#\/schema\/person\/image\/","url":"https:\/\/secure.gravatar.com\/avatar\/50865afb55632c4ae467e0af0930f6510aa2297d8014be502a55b14f3b7550cf?s=96&d=mm&r=g","contentUrl":"https:\/\/secure.gravatar.com\/avatar\/50865afb55632c4ae467e0af0930f6510aa2297d8014be502a55b14f3b7550cf?s=96&d=mm&r=g","caption":"Tar\u0131k"},"sameAs":["http:\/\/narteks.net"],"url":"https:\/\/narteks.net\/index.php\/author\/narbak\/"}]}},"_links":{"self":[{"href":"https:\/\/narteks.net\/index.php\/wp-json\/wp\/v2\/posts\/7015","targetHints":{"allow":["GET"]}}],"collection":[{"href":"https:\/\/narteks.net\/index.php\/wp-json\/wp\/v2\/posts"}],"about":[{"href":"https:\/\/narteks.net\/index.php\/wp-json\/wp\/v2\/types\/post"}],"author":[{"embeddable":true,"href":"https:\/\/narteks.net\/index.php\/wp-json\/wp\/v2\/users\/1"}],"replies":[{"embeddable":true,"href":"https:\/\/narteks.net\/index.php\/wp-json\/wp\/v2\/comments?post=7015"}],"version-history":[{"count":0,"href":"https:\/\/narteks.net\/index.php\/wp-json\/wp\/v2\/posts\/7015\/revisions"}],"wp:attachment":[{"href":"https:\/\/narteks.net\/index.php\/wp-json\/wp\/v2\/media?parent=7015"}],"wp:term":[{"taxonomy":"category","embeddable":true,"href":"https:\/\/narteks.net\/index.php\/wp-json\/wp\/v2\/categories?post=7015"},{"taxonomy":"post_tag","embeddable":true,"href":"https:\/\/narteks.net\/index.php\/wp-json\/wp\/v2\/tags?post=7015"}],"curies":[{"name":"wp","href":"https:\/\/api.w.org\/{rel}","templated":true}]}}