{"id":7021,"date":"2018-08-01T21:25:25","date_gmt":"2018-08-01T18:25:25","guid":{"rendered":"http:\/\/localhost\/wordpress\/2018\/08\/01\/kum-ile-su\/"},"modified":"2018-08-01T21:25:25","modified_gmt":"2018-08-01T18:25:25","slug":"kum-ile-su","status":"publish","type":"post","link":"https:\/\/narteks.net\/index.php\/2018\/08\/01\/kum-ile-su\/","title":{"rendered":"KUM \u0130LE SU"},"content":{"rendered":"<p>Ben, duvar diplerini giyinece\u011fim<br \/>Kimseye kap\u0131s\u0131ndan yak\u0131n olmayaca\u011f\u0131m<br \/>A\u011fz\u0131m\u0131 kuyulara verece\u011fim<br \/>Beni kim beklemiyorsa ona gidece\u011fim<br \/>Otlar\u0131n \u0131ss\u0131z mevsimini sevece\u011fim<br \/>Bir ya\u011fmur h\u00fckm\u00fc olaca\u011f\u0131m<br \/>Mutlulu\u011fu pi\u015fmanl\u0131\u011f\u0131 bir bilece\u011fim<br \/>Sitemlerinizden eksilece\u011fim<br \/>Kum sahiplerine sular\u0131 g\u00f6sterece\u011fim<br \/>Kimin uza\u011f\u0131 varsa kalbi var diyece\u011fim<br \/>Kirpilerin sevgisini soraca\u011f\u0131m size<br \/>K\u0131lavuzum yaln\u0131zl\u0131k olacak<br \/>\u00d6mr\u00fcm\u00fc hi\u00e7bir yak\u0131nl\u0131kla \u00f6rtmeyece\u011fim<br \/>Babam\u0131 bende ya\u015fatmayaca\u011f\u0131m<br \/>G\u00fcven duygunuzdan tiksinece\u011fim<br \/>\u00c7ocuklar\u0131mdan \u00e7ekilece\u011fim<br \/>Hayalden ba\u015fka ger\u00e7e\u011fim olmayacak<br \/>Sevginizle yat\u0131\u015fmayaca\u011f\u0131m<br \/>Bir tek al\u0131n \u00e7izgisine e\u011filece\u011fim<br \/>Zaman hep sizi \u00e7o\u011faltacak<br \/>Bir harf bile etmeyecek kalbimden ge\u00e7enler<br \/>Beni sevmeyeceksiniz bilece\u011fim<br \/>I\u015f\u0131klar\u0131 tarif edeceksiniz durmadan<br \/>D\u00fczg\u00fcn c\u00fcmlelerinize yenilece\u011fim<br \/>Sevincin yoksullu\u011funu g\u00f6sterece\u011fim size<br \/>Ayr\u0131l\u0131\u011f\u0131n \u00f6zg\u00fcrl\u00fc\u011f\u00fcn\u00fc \u00f6\u011fretece\u011fim<br \/>Aral\u0131k kap\u0131larda foto\u011fraf\u0131n\u0131z\u0131 alaca\u011f\u0131m&#8230;<\/p>\n<p>Kirpiklerimden \u00e7\u0131rp\u0131p kalabal\u0131\u011f\u0131n zaman\u0131n\u0131<br \/>Ey bu\u011fusuz ta\u015flar<br \/>Size gelece\u011fim&#8230;<br \/>\u00a0<br \/>\u015e\u00fckr\u00fc ERBA\u015e<\/p>\n","protected":false},"excerpt":{"rendered":"<p>Ben, duvar diplerini giyinece\u011fimKimseye kap\u0131s\u0131ndan yak\u0131n olmayaca\u011f\u0131mA\u011fz\u0131m\u0131 kuyulara verece\u011fimBeni kim beklemiyorsa ona gidece\u011fimOtlar\u0131n \u0131ss\u0131z mevsimini sevece\u011fimBir ya\u011fmur h\u00fckm\u00fc olaca\u011f\u0131mMutlulu\u011fu pi\u015fmanl\u0131\u011f\u0131 bir bilece\u011fimSitemlerinizden eksilece\u011fimKum sahiplerine sular\u0131 g\u00f6sterece\u011fimKimin uza\u011f\u0131 varsa kalbi var diyece\u011fimKirpilerin sevgisini soraca\u011f\u0131m sizeK\u0131lavuzum yaln\u0131zl\u0131k olacak\u00d6mr\u00fcm\u00fc hi\u00e7bir yak\u0131nl\u0131kla \u00f6rtmeyece\u011fimBabam\u0131 bende ya\u015fatmayaca\u011f\u0131mG\u00fcven duygunuzdan tiksinece\u011fim\u00c7ocuklar\u0131mdan \u00e7ekilece\u011fimHayalden ba\u015fka ger\u00e7e\u011fim olmayacakSevginizle yat\u0131\u015fmayaca\u011f\u0131mBir tek al\u0131n \u00e7izgisine e\u011filece\u011fimZaman hep sizi \u00e7o\u011faltacakBir [&hellip;]<\/p>\n","protected":false},"author":1,"featured_media":0,"comment_status":"open","ping_status":"open","sticky":false,"template":"","format":"standard","meta":{"footnotes":""},"categories":[214],"tags":[],"class_list":{"0":"post-7021","1":"post","2":"type-post","3":"status-publish","4":"format-standard","6":"category-sukru-erbas"},"yoast_head":"<!-- This site is optimized with the Yoast SEO Premium plugin v24.9 (Yoast SEO v24.9) - https:\/\/yoast.com\/wordpress\/plugins\/seo\/ -->\n<title>KUM \u0130LE SU - narteks.net<\/title>\n<meta name=\"robots\" content=\"index, follow, max-snippet:-1, max-image-preview:large, max-video-preview:-1\" \/>\n<link rel=\"canonical\" href=\"https:\/\/narteks.net\/index.php\/2018\/08\/01\/kum-ile-su\/\" \/>\n<meta property=\"og:locale\" content=\"tr_TR\" \/>\n<meta property=\"og:type\" content=\"article\" \/>\n<meta property=\"og:title\" content=\"KUM \u0130LE SU\" \/>\n<meta property=\"og:description\" content=\"Ben, duvar diplerini giyinece\u011fimKimseye kap\u0131s\u0131ndan yak\u0131n olmayaca\u011f\u0131mA\u011fz\u0131m\u0131 kuyulara verece\u011fimBeni kim beklemiyorsa ona gidece\u011fimOtlar\u0131n \u0131ss\u0131z mevsimini sevece\u011fimBir ya\u011fmur h\u00fckm\u00fc olaca\u011f\u0131mMutlulu\u011fu pi\u015fmanl\u0131\u011f\u0131 bir bilece\u011fimSitemlerinizden eksilece\u011fimKum sahiplerine sular\u0131 g\u00f6sterece\u011fimKimin uza\u011f\u0131 varsa kalbi var diyece\u011fimKirpilerin sevgisini soraca\u011f\u0131m sizeK\u0131lavuzum yaln\u0131zl\u0131k olacak\u00d6mr\u00fcm\u00fc hi\u00e7bir yak\u0131nl\u0131kla \u00f6rtmeyece\u011fimBabam\u0131 bende ya\u015fatmayaca\u011f\u0131mG\u00fcven duygunuzdan tiksinece\u011fim\u00c7ocuklar\u0131mdan \u00e7ekilece\u011fimHayalden ba\u015fka ger\u00e7e\u011fim olmayacakSevginizle yat\u0131\u015fmayaca\u011f\u0131mBir tek al\u0131n \u00e7izgisine e\u011filece\u011fimZaman hep sizi \u00e7o\u011faltacakBir [&hellip;]\" \/>\n<meta property=\"og:url\" content=\"https:\/\/narteks.net\/index.php\/2018\/08\/01\/kum-ile-su\/\" \/>\n<meta property=\"og:site_name\" content=\"narteks.net\" \/>\n<meta property=\"article:published_time\" content=\"2018-08-01T18:25:25+00:00\" \/>\n<meta property=\"og:image\" content=\"https:\/\/narteks.net\/wp-content\/uploads\/narteks.png\" \/>\n\t<meta property=\"og:image:width\" content=\"300\" \/>\n\t<meta property=\"og:image:height\" content=\"90\" \/>\n\t<meta property=\"og:image:type\" content=\"image\/png\" \/>\n<meta name=\"author\" content=\"Tar\u0131k\" \/>\n<meta name=\"twitter:card\" content=\"summary_large_image\" \/>\n<meta name=\"twitter:creator\" content=\"@narteks\" \/>\n<meta name=\"twitter:site\" content=\"@narteks\" \/>\n<meta name=\"twitter:label1\" content=\"Yazan:\" \/>\n\t<meta name=\"twitter:data1\" content=\"Tar\u0131k\" \/>\n\t<meta name=\"twitter:label2\" content=\"Tahmini okuma s\u00fcresi\" \/>\n\t<meta name=\"twitter:data2\" content=\"1 dakika\" \/>\n<script type=\"application\/ld+json\" class=\"yoast-schema-graph\">{\"@context\":\"https:\/\/schema.org\",\"@graph\":[{\"@type\":\"Article\",\"@id\":\"https:\/\/narteks.net\/index.php\/2018\/08\/01\/kum-ile-su\/#article\",\"isPartOf\":{\"@id\":\"https:\/\/narteks.net\/index.php\/2018\/08\/01\/kum-ile-su\/\"},\"author\":{\"name\":\"Tar\u0131k\",\"@id\":\"https:\/\/narteks.net\/#\/schema\/person\/61f37d9834294b72d31d274e7ed79bca\"},\"headline\":\"KUM \u0130LE SU\",\"datePublished\":\"2018-08-01T18:25:25+00:00\",\"mainEntityOfPage\":{\"@id\":\"https:\/\/narteks.net\/index.php\/2018\/08\/01\/kum-ile-su\/\"},\"wordCount\":163,\"commentCount\":0,\"publisher\":{\"@id\":\"https:\/\/narteks.net\/#organization\"},\"articleSection\":[\"\u015e\u00fckr\u00fc ERBA\u015e\"],\"inLanguage\":\"tr\",\"potentialAction\":[{\"@type\":\"CommentAction\",\"name\":\"Comment\",\"target\":[\"https:\/\/narteks.net\/index.php\/2018\/08\/01\/kum-ile-su\/#respond\"]}]},{\"@type\":\"WebPage\",\"@id\":\"https:\/\/narteks.net\/index.php\/2018\/08\/01\/kum-ile-su\/\",\"url\":\"https:\/\/narteks.net\/index.php\/2018\/08\/01\/kum-ile-su\/\",\"name\":\"KUM \u0130LE SU - narteks.net\",\"isPartOf\":{\"@id\":\"https:\/\/narteks.net\/#website\"},\"datePublished\":\"2018-08-01T18:25:25+00:00\",\"breadcrumb\":{\"@id\":\"https:\/\/narteks.net\/index.php\/2018\/08\/01\/kum-ile-su\/#breadcrumb\"},\"inLanguage\":\"tr\",\"potentialAction\":[{\"@type\":\"ReadAction\",\"target\":[\"https:\/\/narteks.net\/index.php\/2018\/08\/01\/kum-ile-su\/\"]}]},{\"@type\":\"BreadcrumbList\",\"@id\":\"https:\/\/narteks.net\/index.php\/2018\/08\/01\/kum-ile-su\/#breadcrumb\",\"itemListElement\":[{\"@type\":\"ListItem\",\"position\":1,\"name\":\"Anasayfa\",\"item\":\"https:\/\/narteks.net\/\"},{\"@type\":\"ListItem\",\"position\":2,\"name\":\"KUM \u0130LE SU\"}]},{\"@type\":\"WebSite\",\"@id\":\"https:\/\/narteks.net\/#website\",\"url\":\"https:\/\/narteks.net\/\",\"name\":\"narteks.net\",\"description\":\"K\u00fclt\u00fcr Sanat Edebiyat Felsefe\",\"publisher\":{\"@id\":\"https:\/\/narteks.net\/#organization\"},\"alternateName\":\"K\u00fclt\u00fcr Sanat Edebiyat Felsefe\",\"potentialAction\":[{\"@type\":\"SearchAction\",\"target\":{\"@type\":\"EntryPoint\",\"urlTemplate\":\"https:\/\/narteks.net\/?s={search_term_string}\"},\"query-input\":{\"@type\":\"PropertyValueSpecification\",\"valueRequired\":true,\"valueName\":\"search_term_string\"}}],\"inLanguage\":\"tr\"},{\"@type\":\"Organization\",\"@id\":\"https:\/\/narteks.net\/#organization\",\"name\":\"narteks.net\",\"url\":\"https:\/\/narteks.net\/\",\"logo\":{\"@type\":\"ImageObject\",\"inLanguage\":\"tr\",\"@id\":\"https:\/\/narteks.net\/#\/schema\/logo\/image\/\",\"url\":\"https:\/\/narteks.net\/wp-content\/uploads\/narteks.png\",\"contentUrl\":\"https:\/\/narteks.net\/wp-content\/uploads\/narteks.png\",\"width\":300,\"height\":90,\"caption\":\"narteks.net\"},\"image\":{\"@id\":\"https:\/\/narteks.net\/#\/schema\/logo\/image\/\"},\"sameAs\":[\"https:\/\/x.com\/narteks\",\"https:\/\/instagram.com\/narteksnet\"]},{\"@type\":\"Person\",\"@id\":\"https:\/\/narteks.net\/#\/schema\/person\/61f37d9834294b72d31d274e7ed79bca\",\"name\":\"Tar\u0131k\",\"image\":{\"@type\":\"ImageObject\",\"inLanguage\":\"tr\",\"@id\":\"https:\/\/narteks.net\/#\/schema\/person\/image\/\",\"url\":\"https:\/\/secure.gravatar.com\/avatar\/50865afb55632c4ae467e0af0930f6510aa2297d8014be502a55b14f3b7550cf?s=96&d=mm&r=g\",\"contentUrl\":\"https:\/\/secure.gravatar.com\/avatar\/50865afb55632c4ae467e0af0930f6510aa2297d8014be502a55b14f3b7550cf?s=96&d=mm&r=g\",\"caption\":\"Tar\u0131k\"},\"sameAs\":[\"http:\/\/narteks.net\"],\"url\":\"https:\/\/narteks.net\/index.php\/author\/narbak\/\"}]}<\/script>\n<!-- \/ Yoast SEO Premium plugin. -->","yoast_head_json":{"title":"KUM \u0130LE SU - narteks.net","robots":{"index":"index","follow":"follow","max-snippet":"max-snippet:-1","max-image-preview":"max-image-preview:large","max-video-preview":"max-video-preview:-1"},"canonical":"https:\/\/narteks.net\/index.php\/2018\/08\/01\/kum-ile-su\/","og_locale":"tr_TR","og_type":"article","og_title":"KUM \u0130LE SU","og_description":"Ben, duvar diplerini giyinece\u011fimKimseye kap\u0131s\u0131ndan yak\u0131n olmayaca\u011f\u0131mA\u011fz\u0131m\u0131 kuyulara verece\u011fimBeni kim beklemiyorsa ona gidece\u011fimOtlar\u0131n \u0131ss\u0131z mevsimini sevece\u011fimBir ya\u011fmur h\u00fckm\u00fc olaca\u011f\u0131mMutlulu\u011fu pi\u015fmanl\u0131\u011f\u0131 bir bilece\u011fimSitemlerinizden eksilece\u011fimKum sahiplerine sular\u0131 g\u00f6sterece\u011fimKimin uza\u011f\u0131 varsa kalbi var diyece\u011fimKirpilerin sevgisini soraca\u011f\u0131m sizeK\u0131lavuzum yaln\u0131zl\u0131k olacak\u00d6mr\u00fcm\u00fc hi\u00e7bir yak\u0131nl\u0131kla \u00f6rtmeyece\u011fimBabam\u0131 bende ya\u015fatmayaca\u011f\u0131mG\u00fcven duygunuzdan tiksinece\u011fim\u00c7ocuklar\u0131mdan \u00e7ekilece\u011fimHayalden ba\u015fka ger\u00e7e\u011fim olmayacakSevginizle yat\u0131\u015fmayaca\u011f\u0131mBir tek al\u0131n \u00e7izgisine e\u011filece\u011fimZaman hep sizi \u00e7o\u011faltacakBir [&hellip;]","og_url":"https:\/\/narteks.net\/index.php\/2018\/08\/01\/kum-ile-su\/","og_site_name":"narteks.net","article_published_time":"2018-08-01T18:25:25+00:00","og_image":[{"width":300,"height":90,"url":"https:\/\/narteks.net\/wp-content\/uploads\/narteks.png","type":"image\/png"}],"author":"Tar\u0131k","twitter_card":"summary_large_image","twitter_creator":"@narteks","twitter_site":"@narteks","twitter_misc":{"Yazan:":"Tar\u0131k","Tahmini okuma s\u00fcresi":"1 dakika"},"schema":{"@context":"https:\/\/schema.org","@graph":[{"@type":"Article","@id":"https:\/\/narteks.net\/index.php\/2018\/08\/01\/kum-ile-su\/#article","isPartOf":{"@id":"https:\/\/narteks.net\/index.php\/2018\/08\/01\/kum-ile-su\/"},"author":{"name":"Tar\u0131k","@id":"https:\/\/narteks.net\/#\/schema\/person\/61f37d9834294b72d31d274e7ed79bca"},"headline":"KUM \u0130LE SU","datePublished":"2018-08-01T18:25:25+00:00","mainEntityOfPage":{"@id":"https:\/\/narteks.net\/index.php\/2018\/08\/01\/kum-ile-su\/"},"wordCount":163,"commentCount":0,"publisher":{"@id":"https:\/\/narteks.net\/#organization"},"articleSection":["\u015e\u00fckr\u00fc ERBA\u015e"],"inLanguage":"tr","potentialAction":[{"@type":"CommentAction","name":"Comment","target":["https:\/\/narteks.net\/index.php\/2018\/08\/01\/kum-ile-su\/#respond"]}]},{"@type":"WebPage","@id":"https:\/\/narteks.net\/index.php\/2018\/08\/01\/kum-ile-su\/","url":"https:\/\/narteks.net\/index.php\/2018\/08\/01\/kum-ile-su\/","name":"KUM \u0130LE SU - narteks.net","isPartOf":{"@id":"https:\/\/narteks.net\/#website"},"datePublished":"2018-08-01T18:25:25+00:00","breadcrumb":{"@id":"https:\/\/narteks.net\/index.php\/2018\/08\/01\/kum-ile-su\/#breadcrumb"},"inLanguage":"tr","potentialAction":[{"@type":"ReadAction","target":["https:\/\/narteks.net\/index.php\/2018\/08\/01\/kum-ile-su\/"]}]},{"@type":"BreadcrumbList","@id":"https:\/\/narteks.net\/index.php\/2018\/08\/01\/kum-ile-su\/#breadcrumb","itemListElement":[{"@type":"ListItem","position":1,"name":"Anasayfa","item":"https:\/\/narteks.net\/"},{"@type":"ListItem","position":2,"name":"KUM \u0130LE SU"}]},{"@type":"WebSite","@id":"https:\/\/narteks.net\/#website","url":"https:\/\/narteks.net\/","name":"narteks.net","description":"K\u00fclt\u00fcr Sanat Edebiyat Felsefe","publisher":{"@id":"https:\/\/narteks.net\/#organization"},"alternateName":"K\u00fclt\u00fcr Sanat Edebiyat Felsefe","potentialAction":[{"@type":"SearchAction","target":{"@type":"EntryPoint","urlTemplate":"https:\/\/narteks.net\/?s={search_term_string}"},"query-input":{"@type":"PropertyValueSpecification","valueRequired":true,"valueName":"search_term_string"}}],"inLanguage":"tr"},{"@type":"Organization","@id":"https:\/\/narteks.net\/#organization","name":"narteks.net","url":"https:\/\/narteks.net\/","logo":{"@type":"ImageObject","inLanguage":"tr","@id":"https:\/\/narteks.net\/#\/schema\/logo\/image\/","url":"https:\/\/narteks.net\/wp-content\/uploads\/narteks.png","contentUrl":"https:\/\/narteks.net\/wp-content\/uploads\/narteks.png","width":300,"height":90,"caption":"narteks.net"},"image":{"@id":"https:\/\/narteks.net\/#\/schema\/logo\/image\/"},"sameAs":["https:\/\/x.com\/narteks","https:\/\/instagram.com\/narteksnet"]},{"@type":"Person","@id":"https:\/\/narteks.net\/#\/schema\/person\/61f37d9834294b72d31d274e7ed79bca","name":"Tar\u0131k","image":{"@type":"ImageObject","inLanguage":"tr","@id":"https:\/\/narteks.net\/#\/schema\/person\/image\/","url":"https:\/\/secure.gravatar.com\/avatar\/50865afb55632c4ae467e0af0930f6510aa2297d8014be502a55b14f3b7550cf?s=96&d=mm&r=g","contentUrl":"https:\/\/secure.gravatar.com\/avatar\/50865afb55632c4ae467e0af0930f6510aa2297d8014be502a55b14f3b7550cf?s=96&d=mm&r=g","caption":"Tar\u0131k"},"sameAs":["http:\/\/narteks.net"],"url":"https:\/\/narteks.net\/index.php\/author\/narbak\/"}]}},"_links":{"self":[{"href":"https:\/\/narteks.net\/index.php\/wp-json\/wp\/v2\/posts\/7021","targetHints":{"allow":["GET"]}}],"collection":[{"href":"https:\/\/narteks.net\/index.php\/wp-json\/wp\/v2\/posts"}],"about":[{"href":"https:\/\/narteks.net\/index.php\/wp-json\/wp\/v2\/types\/post"}],"author":[{"embeddable":true,"href":"https:\/\/narteks.net\/index.php\/wp-json\/wp\/v2\/users\/1"}],"replies":[{"embeddable":true,"href":"https:\/\/narteks.net\/index.php\/wp-json\/wp\/v2\/comments?post=7021"}],"version-history":[{"count":0,"href":"https:\/\/narteks.net\/index.php\/wp-json\/wp\/v2\/posts\/7021\/revisions"}],"wp:attachment":[{"href":"https:\/\/narteks.net\/index.php\/wp-json\/wp\/v2\/media?parent=7021"}],"wp:term":[{"taxonomy":"category","embeddable":true,"href":"https:\/\/narteks.net\/index.php\/wp-json\/wp\/v2\/categories?post=7021"},{"taxonomy":"post_tag","embeddable":true,"href":"https:\/\/narteks.net\/index.php\/wp-json\/wp\/v2\/tags?post=7021"}],"curies":[{"name":"wp","href":"https:\/\/api.w.org\/{rel}","templated":true}]}}