{"id":7025,"date":"2018-08-01T21:32:42","date_gmt":"2018-08-01T18:32:42","guid":{"rendered":"http:\/\/localhost\/wordpress\/2018\/08\/01\/kimse-temizim-demesin\/"},"modified":"2018-08-01T21:32:42","modified_gmt":"2018-08-01T18:32:42","slug":"kimse-temizim-demesin","status":"publish","type":"post","link":"https:\/\/narteks.net\/index.php\/2018\/08\/01\/kimse-temizim-demesin\/","title":{"rendered":"K\u0130MSE TEM\u0130Z\u0130M DEMES\u0130N"},"content":{"rendered":"<p>Sonra onlar \u00e7\u0131lg\u0131nl\u0131k bitip<br \/>S\u00fcr\u00fc da\u011f\u0131l\u0131nca, yapayaln\u0131z gecelerinde<br \/>Durgun ve dilsiz, yast\u0131klara \u00e7ivili<br \/>Bir m\u0131z\u0131ka sesiyle uyanmazlar m\u0131<br \/>Asaf&#8217;\u0131n ate\u015flere kar\u015f\u0131 \u00e7ald\u0131\u011f\u0131 ?..<\/p>\n<p>Bir otel odas\u0131nda gencecik \u00e7ocuklar<br \/>\u00c7\u0131rp\u0131nd\u0131k\u00e7a bir yudum soluk i\u00e7in<br \/>\u00dczerine benzin d\u00f6k\u00fcp oynayanlar<br \/>Onlar birg\u00fcn \u00f6pmeye e\u011filince \u00e7ocuklar\u0131n\u0131<br \/>Dudaklar\u0131nda duman ve yan\u0131k et kokusu<br \/>Bo\u011fum bo\u011fum t\u0131kamaz m\u0131 soluklar\u0131n\u0131 ?..<\/p>\n<p>Sevgisiz bir tanr\u0131n\u0131n kinle b\u00fcy\u00fctt\u00fc\u011f\u00fc<br \/>\u00d6l\u00fcme tap\u0131nan o siyah adamlar<br \/>Onlar birg\u00fcn ya\u011fmurlardan sonra<br \/>G\u00fcne\u015f salk\u0131m salk\u0131m dallarda yanarken<br \/>R\u00fczgardan utan\u0131p sudan korkmazlar m\u0131 ?..<\/p>\n<p>Ayr\u0131l\u0131k herkesin kap\u0131s\u0131n\u0131 \u00e7alar birg\u00fcn<br \/>Da\u011flar karar\u0131rken ya da g\u00fcn\u00fcn e\u015fi\u011finde<br \/>Onlar, saz k\u0131r\u0131p \u015fiir yakanlar<br \/>\u0130\u00e7lerinde gezinen kederi bir t\u00fcrk\u00fcyle<br \/>Bast\u0131rmak isterlerse derinden ve sessiz<br \/>\u00c7almazlar m\u0131 duvarlara kirli bedenlerini ?..<\/p>\n<p>Kimse temizim demesin, kimse<br \/>B\u00fct\u00fcn bir \u00fclke odun ta\u015f\u0131d\u0131 Beh\u00e7et&#8217;in yang\u0131n\u0131na&#8230;<br \/>Onlar, secdesi k\u00fcf k\u0131blesi korku olanlar<br \/>Onlar birg\u00fcn \u00f6l\u00fcm menevi\u015flenince i\u00e7lerinde<br \/>T\u00fctmez mi kirpiklerinde &#8216;duman\u0131 lekesiz biri&#8217; ?..<br \/>\u00a0<br \/>\u015e\u00fckr\u00fc ERBA\u015e<\/p>\n","protected":false},"excerpt":{"rendered":"<p>Sonra onlar \u00e7\u0131lg\u0131nl\u0131k bitipS\u00fcr\u00fc da\u011f\u0131l\u0131nca, yapayaln\u0131z gecelerindeDurgun ve dilsiz, yast\u0131klara \u00e7iviliBir m\u0131z\u0131ka sesiyle uyanmazlar m\u0131Asaf&#8217;\u0131n ate\u015flere kar\u015f\u0131 \u00e7ald\u0131\u011f\u0131 ?.. Bir otel odas\u0131nda gencecik \u00e7ocuklar\u00c7\u0131rp\u0131nd\u0131k\u00e7a bir yudum soluk i\u00e7in\u00dczerine benzin d\u00f6k\u00fcp oynayanlarOnlar birg\u00fcn \u00f6pmeye e\u011filince \u00e7ocuklar\u0131n\u0131Dudaklar\u0131nda duman ve yan\u0131k et kokusuBo\u011fum bo\u011fum t\u0131kamaz m\u0131 soluklar\u0131n\u0131 ?.. Sevgisiz bir tanr\u0131n\u0131n kinle b\u00fcy\u00fctt\u00fc\u011f\u00fc\u00d6l\u00fcme tap\u0131nan o siyah adamlarOnlar birg\u00fcn [&hellip;]<\/p>\n","protected":false},"author":1,"featured_media":0,"comment_status":"open","ping_status":"open","sticky":false,"template":"","format":"standard","meta":{"footnotes":""},"categories":[214],"tags":[],"class_list":{"0":"post-7025","1":"post","2":"type-post","3":"status-publish","4":"format-standard","6":"category-sukru-erbas"},"yoast_head":"<!-- This site is optimized with the Yoast SEO Premium plugin v24.9 (Yoast SEO v24.9) - https:\/\/yoast.com\/wordpress\/plugins\/seo\/ -->\n<title>K\u0130MSE TEM\u0130Z\u0130M DEMES\u0130N - narteks.net<\/title>\n<meta name=\"robots\" content=\"index, follow, max-snippet:-1, max-image-preview:large, max-video-preview:-1\" \/>\n<link rel=\"canonical\" href=\"https:\/\/narteks.net\/index.php\/2018\/08\/01\/kimse-temizim-demesin\/\" \/>\n<meta property=\"og:locale\" content=\"tr_TR\" \/>\n<meta property=\"og:type\" content=\"article\" \/>\n<meta property=\"og:title\" content=\"K\u0130MSE TEM\u0130Z\u0130M DEMES\u0130N\" \/>\n<meta property=\"og:description\" content=\"Sonra onlar \u00e7\u0131lg\u0131nl\u0131k bitipS\u00fcr\u00fc da\u011f\u0131l\u0131nca, yapayaln\u0131z gecelerindeDurgun ve dilsiz, yast\u0131klara \u00e7iviliBir m\u0131z\u0131ka sesiyle uyanmazlar m\u0131Asaf&#8217;\u0131n ate\u015flere kar\u015f\u0131 \u00e7ald\u0131\u011f\u0131 ?.. Bir otel odas\u0131nda gencecik \u00e7ocuklar\u00c7\u0131rp\u0131nd\u0131k\u00e7a bir yudum soluk i\u00e7in\u00dczerine benzin d\u00f6k\u00fcp oynayanlarOnlar birg\u00fcn \u00f6pmeye e\u011filince \u00e7ocuklar\u0131n\u0131Dudaklar\u0131nda duman ve yan\u0131k et kokusuBo\u011fum bo\u011fum t\u0131kamaz m\u0131 soluklar\u0131n\u0131 ?.. Sevgisiz bir tanr\u0131n\u0131n kinle b\u00fcy\u00fctt\u00fc\u011f\u00fc\u00d6l\u00fcme tap\u0131nan o siyah adamlarOnlar birg\u00fcn [&hellip;]\" \/>\n<meta property=\"og:url\" content=\"https:\/\/narteks.net\/index.php\/2018\/08\/01\/kimse-temizim-demesin\/\" \/>\n<meta property=\"og:site_name\" content=\"narteks.net\" \/>\n<meta property=\"article:published_time\" content=\"2018-08-01T18:32:42+00:00\" \/>\n<meta property=\"og:image\" content=\"https:\/\/narteks.net\/wp-content\/uploads\/narteks.png\" \/>\n\t<meta property=\"og:image:width\" content=\"300\" \/>\n\t<meta property=\"og:image:height\" content=\"90\" \/>\n\t<meta property=\"og:image:type\" content=\"image\/png\" \/>\n<meta name=\"author\" content=\"Tar\u0131k\" \/>\n<meta name=\"twitter:card\" content=\"summary_large_image\" \/>\n<meta name=\"twitter:creator\" content=\"@narteks\" \/>\n<meta name=\"twitter:site\" content=\"@narteks\" \/>\n<meta name=\"twitter:label1\" content=\"Yazan:\" \/>\n\t<meta name=\"twitter:data1\" content=\"Tar\u0131k\" \/>\n\t<meta name=\"twitter:label2\" content=\"Tahmini okuma s\u00fcresi\" \/>\n\t<meta name=\"twitter:data2\" content=\"1 dakika\" \/>\n<script type=\"application\/ld+json\" class=\"yoast-schema-graph\">{\"@context\":\"https:\/\/schema.org\",\"@graph\":[{\"@type\":\"Article\",\"@id\":\"https:\/\/narteks.net\/index.php\/2018\/08\/01\/kimse-temizim-demesin\/#article\",\"isPartOf\":{\"@id\":\"https:\/\/narteks.net\/index.php\/2018\/08\/01\/kimse-temizim-demesin\/\"},\"author\":{\"name\":\"Tar\u0131k\",\"@id\":\"https:\/\/narteks.net\/#\/schema\/person\/61f37d9834294b72d31d274e7ed79bca\"},\"headline\":\"K\u0130MSE TEM\u0130Z\u0130M DEMES\u0130N\",\"datePublished\":\"2018-08-01T18:32:42+00:00\",\"mainEntityOfPage\":{\"@id\":\"https:\/\/narteks.net\/index.php\/2018\/08\/01\/kimse-temizim-demesin\/\"},\"wordCount\":199,\"commentCount\":0,\"publisher\":{\"@id\":\"https:\/\/narteks.net\/#organization\"},\"articleSection\":[\"\u015e\u00fckr\u00fc ERBA\u015e\"],\"inLanguage\":\"tr\",\"potentialAction\":[{\"@type\":\"CommentAction\",\"name\":\"Comment\",\"target\":[\"https:\/\/narteks.net\/index.php\/2018\/08\/01\/kimse-temizim-demesin\/#respond\"]}]},{\"@type\":\"WebPage\",\"@id\":\"https:\/\/narteks.net\/index.php\/2018\/08\/01\/kimse-temizim-demesin\/\",\"url\":\"https:\/\/narteks.net\/index.php\/2018\/08\/01\/kimse-temizim-demesin\/\",\"name\":\"K\u0130MSE TEM\u0130Z\u0130M DEMES\u0130N - narteks.net\",\"isPartOf\":{\"@id\":\"https:\/\/narteks.net\/#website\"},\"datePublished\":\"2018-08-01T18:32:42+00:00\",\"breadcrumb\":{\"@id\":\"https:\/\/narteks.net\/index.php\/2018\/08\/01\/kimse-temizim-demesin\/#breadcrumb\"},\"inLanguage\":\"tr\",\"potentialAction\":[{\"@type\":\"ReadAction\",\"target\":[\"https:\/\/narteks.net\/index.php\/2018\/08\/01\/kimse-temizim-demesin\/\"]}]},{\"@type\":\"BreadcrumbList\",\"@id\":\"https:\/\/narteks.net\/index.php\/2018\/08\/01\/kimse-temizim-demesin\/#breadcrumb\",\"itemListElement\":[{\"@type\":\"ListItem\",\"position\":1,\"name\":\"Anasayfa\",\"item\":\"https:\/\/narteks.net\/\"},{\"@type\":\"ListItem\",\"position\":2,\"name\":\"K\u0130MSE TEM\u0130Z\u0130M DEMES\u0130N\"}]},{\"@type\":\"WebSite\",\"@id\":\"https:\/\/narteks.net\/#website\",\"url\":\"https:\/\/narteks.net\/\",\"name\":\"narteks.net\",\"description\":\"K\u00fclt\u00fcr Sanat Edebiyat Felsefe\",\"publisher\":{\"@id\":\"https:\/\/narteks.net\/#organization\"},\"alternateName\":\"K\u00fclt\u00fcr Sanat Edebiyat Felsefe\",\"potentialAction\":[{\"@type\":\"SearchAction\",\"target\":{\"@type\":\"EntryPoint\",\"urlTemplate\":\"https:\/\/narteks.net\/?s={search_term_string}\"},\"query-input\":{\"@type\":\"PropertyValueSpecification\",\"valueRequired\":true,\"valueName\":\"search_term_string\"}}],\"inLanguage\":\"tr\"},{\"@type\":\"Organization\",\"@id\":\"https:\/\/narteks.net\/#organization\",\"name\":\"narteks.net\",\"url\":\"https:\/\/narteks.net\/\",\"logo\":{\"@type\":\"ImageObject\",\"inLanguage\":\"tr\",\"@id\":\"https:\/\/narteks.net\/#\/schema\/logo\/image\/\",\"url\":\"https:\/\/narteks.net\/wp-content\/uploads\/narteks.png\",\"contentUrl\":\"https:\/\/narteks.net\/wp-content\/uploads\/narteks.png\",\"width\":300,\"height\":90,\"caption\":\"narteks.net\"},\"image\":{\"@id\":\"https:\/\/narteks.net\/#\/schema\/logo\/image\/\"},\"sameAs\":[\"https:\/\/x.com\/narteks\",\"https:\/\/instagram.com\/narteksnet\"]},{\"@type\":\"Person\",\"@id\":\"https:\/\/narteks.net\/#\/schema\/person\/61f37d9834294b72d31d274e7ed79bca\",\"name\":\"Tar\u0131k\",\"image\":{\"@type\":\"ImageObject\",\"inLanguage\":\"tr\",\"@id\":\"https:\/\/narteks.net\/#\/schema\/person\/image\/\",\"url\":\"https:\/\/secure.gravatar.com\/avatar\/50865afb55632c4ae467e0af0930f6510aa2297d8014be502a55b14f3b7550cf?s=96&d=mm&r=g\",\"contentUrl\":\"https:\/\/secure.gravatar.com\/avatar\/50865afb55632c4ae467e0af0930f6510aa2297d8014be502a55b14f3b7550cf?s=96&d=mm&r=g\",\"caption\":\"Tar\u0131k\"},\"sameAs\":[\"http:\/\/narteks.net\"],\"url\":\"https:\/\/narteks.net\/index.php\/author\/narbak\/\"}]}<\/script>\n<!-- \/ Yoast SEO Premium plugin. -->","yoast_head_json":{"title":"K\u0130MSE TEM\u0130Z\u0130M DEMES\u0130N - narteks.net","robots":{"index":"index","follow":"follow","max-snippet":"max-snippet:-1","max-image-preview":"max-image-preview:large","max-video-preview":"max-video-preview:-1"},"canonical":"https:\/\/narteks.net\/index.php\/2018\/08\/01\/kimse-temizim-demesin\/","og_locale":"tr_TR","og_type":"article","og_title":"K\u0130MSE TEM\u0130Z\u0130M DEMES\u0130N","og_description":"Sonra onlar \u00e7\u0131lg\u0131nl\u0131k bitipS\u00fcr\u00fc da\u011f\u0131l\u0131nca, yapayaln\u0131z gecelerindeDurgun ve dilsiz, yast\u0131klara \u00e7iviliBir m\u0131z\u0131ka sesiyle uyanmazlar m\u0131Asaf&#8217;\u0131n ate\u015flere kar\u015f\u0131 \u00e7ald\u0131\u011f\u0131 ?.. Bir otel odas\u0131nda gencecik \u00e7ocuklar\u00c7\u0131rp\u0131nd\u0131k\u00e7a bir yudum soluk i\u00e7in\u00dczerine benzin d\u00f6k\u00fcp oynayanlarOnlar birg\u00fcn \u00f6pmeye e\u011filince \u00e7ocuklar\u0131n\u0131Dudaklar\u0131nda duman ve yan\u0131k et kokusuBo\u011fum bo\u011fum t\u0131kamaz m\u0131 soluklar\u0131n\u0131 ?.. Sevgisiz bir tanr\u0131n\u0131n kinle b\u00fcy\u00fctt\u00fc\u011f\u00fc\u00d6l\u00fcme tap\u0131nan o siyah adamlarOnlar birg\u00fcn [&hellip;]","og_url":"https:\/\/narteks.net\/index.php\/2018\/08\/01\/kimse-temizim-demesin\/","og_site_name":"narteks.net","article_published_time":"2018-08-01T18:32:42+00:00","og_image":[{"width":300,"height":90,"url":"https:\/\/narteks.net\/wp-content\/uploads\/narteks.png","type":"image\/png"}],"author":"Tar\u0131k","twitter_card":"summary_large_image","twitter_creator":"@narteks","twitter_site":"@narteks","twitter_misc":{"Yazan:":"Tar\u0131k","Tahmini okuma s\u00fcresi":"1 dakika"},"schema":{"@context":"https:\/\/schema.org","@graph":[{"@type":"Article","@id":"https:\/\/narteks.net\/index.php\/2018\/08\/01\/kimse-temizim-demesin\/#article","isPartOf":{"@id":"https:\/\/narteks.net\/index.php\/2018\/08\/01\/kimse-temizim-demesin\/"},"author":{"name":"Tar\u0131k","@id":"https:\/\/narteks.net\/#\/schema\/person\/61f37d9834294b72d31d274e7ed79bca"},"headline":"K\u0130MSE TEM\u0130Z\u0130M DEMES\u0130N","datePublished":"2018-08-01T18:32:42+00:00","mainEntityOfPage":{"@id":"https:\/\/narteks.net\/index.php\/2018\/08\/01\/kimse-temizim-demesin\/"},"wordCount":199,"commentCount":0,"publisher":{"@id":"https:\/\/narteks.net\/#organization"},"articleSection":["\u015e\u00fckr\u00fc ERBA\u015e"],"inLanguage":"tr","potentialAction":[{"@type":"CommentAction","name":"Comment","target":["https:\/\/narteks.net\/index.php\/2018\/08\/01\/kimse-temizim-demesin\/#respond"]}]},{"@type":"WebPage","@id":"https:\/\/narteks.net\/index.php\/2018\/08\/01\/kimse-temizim-demesin\/","url":"https:\/\/narteks.net\/index.php\/2018\/08\/01\/kimse-temizim-demesin\/","name":"K\u0130MSE TEM\u0130Z\u0130M DEMES\u0130N - narteks.net","isPartOf":{"@id":"https:\/\/narteks.net\/#website"},"datePublished":"2018-08-01T18:32:42+00:00","breadcrumb":{"@id":"https:\/\/narteks.net\/index.php\/2018\/08\/01\/kimse-temizim-demesin\/#breadcrumb"},"inLanguage":"tr","potentialAction":[{"@type":"ReadAction","target":["https:\/\/narteks.net\/index.php\/2018\/08\/01\/kimse-temizim-demesin\/"]}]},{"@type":"BreadcrumbList","@id":"https:\/\/narteks.net\/index.php\/2018\/08\/01\/kimse-temizim-demesin\/#breadcrumb","itemListElement":[{"@type":"ListItem","position":1,"name":"Anasayfa","item":"https:\/\/narteks.net\/"},{"@type":"ListItem","position":2,"name":"K\u0130MSE TEM\u0130Z\u0130M DEMES\u0130N"}]},{"@type":"WebSite","@id":"https:\/\/narteks.net\/#website","url":"https:\/\/narteks.net\/","name":"narteks.net","description":"K\u00fclt\u00fcr Sanat Edebiyat Felsefe","publisher":{"@id":"https:\/\/narteks.net\/#organization"},"alternateName":"K\u00fclt\u00fcr Sanat Edebiyat Felsefe","potentialAction":[{"@type":"SearchAction","target":{"@type":"EntryPoint","urlTemplate":"https:\/\/narteks.net\/?s={search_term_string}"},"query-input":{"@type":"PropertyValueSpecification","valueRequired":true,"valueName":"search_term_string"}}],"inLanguage":"tr"},{"@type":"Organization","@id":"https:\/\/narteks.net\/#organization","name":"narteks.net","url":"https:\/\/narteks.net\/","logo":{"@type":"ImageObject","inLanguage":"tr","@id":"https:\/\/narteks.net\/#\/schema\/logo\/image\/","url":"https:\/\/narteks.net\/wp-content\/uploads\/narteks.png","contentUrl":"https:\/\/narteks.net\/wp-content\/uploads\/narteks.png","width":300,"height":90,"caption":"narteks.net"},"image":{"@id":"https:\/\/narteks.net\/#\/schema\/logo\/image\/"},"sameAs":["https:\/\/x.com\/narteks","https:\/\/instagram.com\/narteksnet"]},{"@type":"Person","@id":"https:\/\/narteks.net\/#\/schema\/person\/61f37d9834294b72d31d274e7ed79bca","name":"Tar\u0131k","image":{"@type":"ImageObject","inLanguage":"tr","@id":"https:\/\/narteks.net\/#\/schema\/person\/image\/","url":"https:\/\/secure.gravatar.com\/avatar\/50865afb55632c4ae467e0af0930f6510aa2297d8014be502a55b14f3b7550cf?s=96&d=mm&r=g","contentUrl":"https:\/\/secure.gravatar.com\/avatar\/50865afb55632c4ae467e0af0930f6510aa2297d8014be502a55b14f3b7550cf?s=96&d=mm&r=g","caption":"Tar\u0131k"},"sameAs":["http:\/\/narteks.net"],"url":"https:\/\/narteks.net\/index.php\/author\/narbak\/"}]}},"_links":{"self":[{"href":"https:\/\/narteks.net\/index.php\/wp-json\/wp\/v2\/posts\/7025","targetHints":{"allow":["GET"]}}],"collection":[{"href":"https:\/\/narteks.net\/index.php\/wp-json\/wp\/v2\/posts"}],"about":[{"href":"https:\/\/narteks.net\/index.php\/wp-json\/wp\/v2\/types\/post"}],"author":[{"embeddable":true,"href":"https:\/\/narteks.net\/index.php\/wp-json\/wp\/v2\/users\/1"}],"replies":[{"embeddable":true,"href":"https:\/\/narteks.net\/index.php\/wp-json\/wp\/v2\/comments?post=7025"}],"version-history":[{"count":0,"href":"https:\/\/narteks.net\/index.php\/wp-json\/wp\/v2\/posts\/7025\/revisions"}],"wp:attachment":[{"href":"https:\/\/narteks.net\/index.php\/wp-json\/wp\/v2\/media?parent=7025"}],"wp:term":[{"taxonomy":"category","embeddable":true,"href":"https:\/\/narteks.net\/index.php\/wp-json\/wp\/v2\/categories?post=7025"},{"taxonomy":"post_tag","embeddable":true,"href":"https:\/\/narteks.net\/index.php\/wp-json\/wp\/v2\/tags?post=7025"}],"curies":[{"name":"wp","href":"https:\/\/api.w.org\/{rel}","templated":true}]}}