{"id":7028,"date":"2018-08-01T21:37:00","date_gmt":"2018-08-01T18:37:00","guid":{"rendered":"http:\/\/localhost\/wordpress\/2018\/08\/01\/kan-ter-icinde\/"},"modified":"2018-08-01T21:37:00","modified_gmt":"2018-08-01T18:37:00","slug":"kan-ter-icinde","status":"publish","type":"post","link":"https:\/\/narteks.net\/index.php\/2018\/08\/01\/kan-ter-icinde\/","title":{"rendered":"KAN TER \u0130\u00c7\u0130NDE"},"content":{"rendered":"<p>A\u011fz\u0131n \u00f6mr\u00fcm. A\u011fz\u0131n \u00f6pt\u00fck\u00e7e derin<br \/>Konu\u015fuyorsun, kanatl\u0131 bir karanfil dudaklar\u0131n.<br \/>G\u00f6zlerin iki da\u011f suyu g\u00fcld\u00fck\u00e7e k\u00f6p\u00fcklenen<br \/>\u0130ndiriyorsun kirpi\u011fini upuzun bir g\u00fcz.<br \/>Bir kap\u0131 \u00f6n\u00fcndeyim, girsem su\u00e7 gitsem ayaz<br \/>Titriyor t\u00fcm ge\u00e7mi\u015fim parmaklar\u0131n\u0131n ucunda.<br \/>\u0130stekle esrik biri, biri bir korkuyu emziriyor<br \/>\u0130nip inip kalk\u0131yor g\u00f6\u011f\u00fcslerin ufkumda.<\/p>\n<p>Oturuyorum dizlerinin dibinde kan ter i\u00e7inde<br \/>Bu al\u00e7ak d\u00fcnyada ne kadar y\u00fckseksen o kadar mutluyum<br \/>\u00c7ocu\u011fum benim, \u00e7ocu\u011fum benim, \u00e7ocu\u011fum<br \/>Her zaman s\u00f6zden gidilmez ki sevginin \u00fclkesine<br \/>G\u00f6vdeden s\u00f6ze gelerek de b\u00fcy\u00fcr insan dingin bir hazla&#8230;<br \/>\u00a0<br \/>\u015e\u00fckr\u00fc ERBA\u015e<\/p>\n","protected":false},"excerpt":{"rendered":"<p>A\u011fz\u0131n \u00f6mr\u00fcm. A\u011fz\u0131n \u00f6pt\u00fck\u00e7e derinKonu\u015fuyorsun, kanatl\u0131 bir karanfil dudaklar\u0131n.G\u00f6zlerin iki da\u011f suyu g\u00fcld\u00fck\u00e7e k\u00f6p\u00fcklenen\u0130ndiriyorsun kirpi\u011fini upuzun bir g\u00fcz.Bir kap\u0131 \u00f6n\u00fcndeyim, girsem su\u00e7 gitsem ayazTitriyor t\u00fcm ge\u00e7mi\u015fim parmaklar\u0131n\u0131n ucunda.\u0130stekle esrik biri, biri bir korkuyu emziriyor\u0130nip inip kalk\u0131yor g\u00f6\u011f\u00fcslerin ufkumda. Oturuyorum dizlerinin dibinde kan ter i\u00e7indeBu al\u00e7ak d\u00fcnyada ne kadar y\u00fckseksen o kadar mutluyum\u00c7ocu\u011fum benim, \u00e7ocu\u011fum benim, [&hellip;]<\/p>\n","protected":false},"author":1,"featured_media":0,"comment_status":"open","ping_status":"open","sticky":false,"template":"","format":"standard","meta":{"footnotes":""},"categories":[214],"tags":[],"class_list":{"0":"post-7028","1":"post","2":"type-post","3":"status-publish","4":"format-standard","6":"category-sukru-erbas"},"yoast_head":"<!-- This site is optimized with the Yoast SEO Premium plugin v24.9 (Yoast SEO v24.9) - https:\/\/yoast.com\/wordpress\/plugins\/seo\/ -->\n<title>KAN TER \u0130\u00c7\u0130NDE - narteks.net<\/title>\n<meta name=\"robots\" content=\"index, follow, max-snippet:-1, max-image-preview:large, max-video-preview:-1\" \/>\n<link rel=\"canonical\" href=\"https:\/\/narteks.net\/index.php\/2018\/08\/01\/kan-ter-icinde\/\" \/>\n<meta property=\"og:locale\" content=\"tr_TR\" \/>\n<meta property=\"og:type\" content=\"article\" \/>\n<meta property=\"og:title\" content=\"KAN TER \u0130\u00c7\u0130NDE\" \/>\n<meta property=\"og:description\" content=\"A\u011fz\u0131n \u00f6mr\u00fcm. A\u011fz\u0131n \u00f6pt\u00fck\u00e7e derinKonu\u015fuyorsun, kanatl\u0131 bir karanfil dudaklar\u0131n.G\u00f6zlerin iki da\u011f suyu g\u00fcld\u00fck\u00e7e k\u00f6p\u00fcklenen\u0130ndiriyorsun kirpi\u011fini upuzun bir g\u00fcz.Bir kap\u0131 \u00f6n\u00fcndeyim, girsem su\u00e7 gitsem ayazTitriyor t\u00fcm ge\u00e7mi\u015fim parmaklar\u0131n\u0131n ucunda.\u0130stekle esrik biri, biri bir korkuyu emziriyor\u0130nip inip kalk\u0131yor g\u00f6\u011f\u00fcslerin ufkumda. Oturuyorum dizlerinin dibinde kan ter i\u00e7indeBu al\u00e7ak d\u00fcnyada ne kadar y\u00fckseksen o kadar mutluyum\u00c7ocu\u011fum benim, \u00e7ocu\u011fum benim, [&hellip;]\" \/>\n<meta property=\"og:url\" content=\"https:\/\/narteks.net\/index.php\/2018\/08\/01\/kan-ter-icinde\/\" \/>\n<meta property=\"og:site_name\" content=\"narteks.net\" \/>\n<meta property=\"article:published_time\" content=\"2018-08-01T18:37:00+00:00\" \/>\n<meta property=\"og:image\" content=\"https:\/\/narteks.net\/wp-content\/uploads\/narteks.png\" \/>\n\t<meta property=\"og:image:width\" content=\"300\" \/>\n\t<meta property=\"og:image:height\" content=\"90\" \/>\n\t<meta property=\"og:image:type\" content=\"image\/png\" \/>\n<meta name=\"author\" content=\"Tar\u0131k\" \/>\n<meta name=\"twitter:card\" content=\"summary_large_image\" \/>\n<meta name=\"twitter:creator\" content=\"@narteks\" \/>\n<meta name=\"twitter:site\" content=\"@narteks\" \/>\n<meta name=\"twitter:label1\" content=\"Yazan:\" \/>\n\t<meta name=\"twitter:data1\" content=\"Tar\u0131k\" \/>\n\t<meta name=\"twitter:label2\" content=\"Tahmini okuma s\u00fcresi\" \/>\n\t<meta name=\"twitter:data2\" content=\"1 dakika\" \/>\n<script type=\"application\/ld+json\" class=\"yoast-schema-graph\">{\"@context\":\"https:\/\/schema.org\",\"@graph\":[{\"@type\":\"Article\",\"@id\":\"https:\/\/narteks.net\/index.php\/2018\/08\/01\/kan-ter-icinde\/#article\",\"isPartOf\":{\"@id\":\"https:\/\/narteks.net\/index.php\/2018\/08\/01\/kan-ter-icinde\/\"},\"author\":{\"name\":\"Tar\u0131k\",\"@id\":\"https:\/\/narteks.net\/#\/schema\/person\/61f37d9834294b72d31d274e7ed79bca\"},\"headline\":\"KAN TER \u0130\u00c7\u0130NDE\",\"datePublished\":\"2018-08-01T18:37:00+00:00\",\"mainEntityOfPage\":{\"@id\":\"https:\/\/narteks.net\/index.php\/2018\/08\/01\/kan-ter-icinde\/\"},\"wordCount\":118,\"commentCount\":0,\"publisher\":{\"@id\":\"https:\/\/narteks.net\/#organization\"},\"articleSection\":[\"\u015e\u00fckr\u00fc ERBA\u015e\"],\"inLanguage\":\"tr\",\"potentialAction\":[{\"@type\":\"CommentAction\",\"name\":\"Comment\",\"target\":[\"https:\/\/narteks.net\/index.php\/2018\/08\/01\/kan-ter-icinde\/#respond\"]}]},{\"@type\":\"WebPage\",\"@id\":\"https:\/\/narteks.net\/index.php\/2018\/08\/01\/kan-ter-icinde\/\",\"url\":\"https:\/\/narteks.net\/index.php\/2018\/08\/01\/kan-ter-icinde\/\",\"name\":\"KAN TER \u0130\u00c7\u0130NDE - narteks.net\",\"isPartOf\":{\"@id\":\"https:\/\/narteks.net\/#website\"},\"datePublished\":\"2018-08-01T18:37:00+00:00\",\"breadcrumb\":{\"@id\":\"https:\/\/narteks.net\/index.php\/2018\/08\/01\/kan-ter-icinde\/#breadcrumb\"},\"inLanguage\":\"tr\",\"potentialAction\":[{\"@type\":\"ReadAction\",\"target\":[\"https:\/\/narteks.net\/index.php\/2018\/08\/01\/kan-ter-icinde\/\"]}]},{\"@type\":\"BreadcrumbList\",\"@id\":\"https:\/\/narteks.net\/index.php\/2018\/08\/01\/kan-ter-icinde\/#breadcrumb\",\"itemListElement\":[{\"@type\":\"ListItem\",\"position\":1,\"name\":\"Anasayfa\",\"item\":\"https:\/\/narteks.net\/\"},{\"@type\":\"ListItem\",\"position\":2,\"name\":\"KAN TER \u0130\u00c7\u0130NDE\"}]},{\"@type\":\"WebSite\",\"@id\":\"https:\/\/narteks.net\/#website\",\"url\":\"https:\/\/narteks.net\/\",\"name\":\"narteks.net\",\"description\":\"K\u00fclt\u00fcr Sanat Edebiyat Felsefe\",\"publisher\":{\"@id\":\"https:\/\/narteks.net\/#organization\"},\"alternateName\":\"K\u00fclt\u00fcr Sanat Edebiyat Felsefe\",\"potentialAction\":[{\"@type\":\"SearchAction\",\"target\":{\"@type\":\"EntryPoint\",\"urlTemplate\":\"https:\/\/narteks.net\/?s={search_term_string}\"},\"query-input\":{\"@type\":\"PropertyValueSpecification\",\"valueRequired\":true,\"valueName\":\"search_term_string\"}}],\"inLanguage\":\"tr\"},{\"@type\":\"Organization\",\"@id\":\"https:\/\/narteks.net\/#organization\",\"name\":\"narteks.net\",\"url\":\"https:\/\/narteks.net\/\",\"logo\":{\"@type\":\"ImageObject\",\"inLanguage\":\"tr\",\"@id\":\"https:\/\/narteks.net\/#\/schema\/logo\/image\/\",\"url\":\"https:\/\/narteks.net\/wp-content\/uploads\/narteks.png\",\"contentUrl\":\"https:\/\/narteks.net\/wp-content\/uploads\/narteks.png\",\"width\":300,\"height\":90,\"caption\":\"narteks.net\"},\"image\":{\"@id\":\"https:\/\/narteks.net\/#\/schema\/logo\/image\/\"},\"sameAs\":[\"https:\/\/x.com\/narteks\",\"https:\/\/instagram.com\/narteksnet\"]},{\"@type\":\"Person\",\"@id\":\"https:\/\/narteks.net\/#\/schema\/person\/61f37d9834294b72d31d274e7ed79bca\",\"name\":\"Tar\u0131k\",\"image\":{\"@type\":\"ImageObject\",\"inLanguage\":\"tr\",\"@id\":\"https:\/\/narteks.net\/#\/schema\/person\/image\/\",\"url\":\"https:\/\/secure.gravatar.com\/avatar\/50865afb55632c4ae467e0af0930f6510aa2297d8014be502a55b14f3b7550cf?s=96&d=mm&r=g\",\"contentUrl\":\"https:\/\/secure.gravatar.com\/avatar\/50865afb55632c4ae467e0af0930f6510aa2297d8014be502a55b14f3b7550cf?s=96&d=mm&r=g\",\"caption\":\"Tar\u0131k\"},\"sameAs\":[\"http:\/\/narteks.net\"],\"url\":\"https:\/\/narteks.net\/index.php\/author\/narbak\/\"}]}<\/script>\n<!-- \/ Yoast SEO Premium plugin. -->","yoast_head_json":{"title":"KAN TER \u0130\u00c7\u0130NDE - narteks.net","robots":{"index":"index","follow":"follow","max-snippet":"max-snippet:-1","max-image-preview":"max-image-preview:large","max-video-preview":"max-video-preview:-1"},"canonical":"https:\/\/narteks.net\/index.php\/2018\/08\/01\/kan-ter-icinde\/","og_locale":"tr_TR","og_type":"article","og_title":"KAN TER \u0130\u00c7\u0130NDE","og_description":"A\u011fz\u0131n \u00f6mr\u00fcm. A\u011fz\u0131n \u00f6pt\u00fck\u00e7e derinKonu\u015fuyorsun, kanatl\u0131 bir karanfil dudaklar\u0131n.G\u00f6zlerin iki da\u011f suyu g\u00fcld\u00fck\u00e7e k\u00f6p\u00fcklenen\u0130ndiriyorsun kirpi\u011fini upuzun bir g\u00fcz.Bir kap\u0131 \u00f6n\u00fcndeyim, girsem su\u00e7 gitsem ayazTitriyor t\u00fcm ge\u00e7mi\u015fim parmaklar\u0131n\u0131n ucunda.\u0130stekle esrik biri, biri bir korkuyu emziriyor\u0130nip inip kalk\u0131yor g\u00f6\u011f\u00fcslerin ufkumda. Oturuyorum dizlerinin dibinde kan ter i\u00e7indeBu al\u00e7ak d\u00fcnyada ne kadar y\u00fckseksen o kadar mutluyum\u00c7ocu\u011fum benim, \u00e7ocu\u011fum benim, [&hellip;]","og_url":"https:\/\/narteks.net\/index.php\/2018\/08\/01\/kan-ter-icinde\/","og_site_name":"narteks.net","article_published_time":"2018-08-01T18:37:00+00:00","og_image":[{"width":300,"height":90,"url":"https:\/\/narteks.net\/wp-content\/uploads\/narteks.png","type":"image\/png"}],"author":"Tar\u0131k","twitter_card":"summary_large_image","twitter_creator":"@narteks","twitter_site":"@narteks","twitter_misc":{"Yazan:":"Tar\u0131k","Tahmini okuma s\u00fcresi":"1 dakika"},"schema":{"@context":"https:\/\/schema.org","@graph":[{"@type":"Article","@id":"https:\/\/narteks.net\/index.php\/2018\/08\/01\/kan-ter-icinde\/#article","isPartOf":{"@id":"https:\/\/narteks.net\/index.php\/2018\/08\/01\/kan-ter-icinde\/"},"author":{"name":"Tar\u0131k","@id":"https:\/\/narteks.net\/#\/schema\/person\/61f37d9834294b72d31d274e7ed79bca"},"headline":"KAN TER \u0130\u00c7\u0130NDE","datePublished":"2018-08-01T18:37:00+00:00","mainEntityOfPage":{"@id":"https:\/\/narteks.net\/index.php\/2018\/08\/01\/kan-ter-icinde\/"},"wordCount":118,"commentCount":0,"publisher":{"@id":"https:\/\/narteks.net\/#organization"},"articleSection":["\u015e\u00fckr\u00fc ERBA\u015e"],"inLanguage":"tr","potentialAction":[{"@type":"CommentAction","name":"Comment","target":["https:\/\/narteks.net\/index.php\/2018\/08\/01\/kan-ter-icinde\/#respond"]}]},{"@type":"WebPage","@id":"https:\/\/narteks.net\/index.php\/2018\/08\/01\/kan-ter-icinde\/","url":"https:\/\/narteks.net\/index.php\/2018\/08\/01\/kan-ter-icinde\/","name":"KAN TER \u0130\u00c7\u0130NDE - narteks.net","isPartOf":{"@id":"https:\/\/narteks.net\/#website"},"datePublished":"2018-08-01T18:37:00+00:00","breadcrumb":{"@id":"https:\/\/narteks.net\/index.php\/2018\/08\/01\/kan-ter-icinde\/#breadcrumb"},"inLanguage":"tr","potentialAction":[{"@type":"ReadAction","target":["https:\/\/narteks.net\/index.php\/2018\/08\/01\/kan-ter-icinde\/"]}]},{"@type":"BreadcrumbList","@id":"https:\/\/narteks.net\/index.php\/2018\/08\/01\/kan-ter-icinde\/#breadcrumb","itemListElement":[{"@type":"ListItem","position":1,"name":"Anasayfa","item":"https:\/\/narteks.net\/"},{"@type":"ListItem","position":2,"name":"KAN TER \u0130\u00c7\u0130NDE"}]},{"@type":"WebSite","@id":"https:\/\/narteks.net\/#website","url":"https:\/\/narteks.net\/","name":"narteks.net","description":"K\u00fclt\u00fcr Sanat Edebiyat Felsefe","publisher":{"@id":"https:\/\/narteks.net\/#organization"},"alternateName":"K\u00fclt\u00fcr Sanat Edebiyat Felsefe","potentialAction":[{"@type":"SearchAction","target":{"@type":"EntryPoint","urlTemplate":"https:\/\/narteks.net\/?s={search_term_string}"},"query-input":{"@type":"PropertyValueSpecification","valueRequired":true,"valueName":"search_term_string"}}],"inLanguage":"tr"},{"@type":"Organization","@id":"https:\/\/narteks.net\/#organization","name":"narteks.net","url":"https:\/\/narteks.net\/","logo":{"@type":"ImageObject","inLanguage":"tr","@id":"https:\/\/narteks.net\/#\/schema\/logo\/image\/","url":"https:\/\/narteks.net\/wp-content\/uploads\/narteks.png","contentUrl":"https:\/\/narteks.net\/wp-content\/uploads\/narteks.png","width":300,"height":90,"caption":"narteks.net"},"image":{"@id":"https:\/\/narteks.net\/#\/schema\/logo\/image\/"},"sameAs":["https:\/\/x.com\/narteks","https:\/\/instagram.com\/narteksnet"]},{"@type":"Person","@id":"https:\/\/narteks.net\/#\/schema\/person\/61f37d9834294b72d31d274e7ed79bca","name":"Tar\u0131k","image":{"@type":"ImageObject","inLanguage":"tr","@id":"https:\/\/narteks.net\/#\/schema\/person\/image\/","url":"https:\/\/secure.gravatar.com\/avatar\/50865afb55632c4ae467e0af0930f6510aa2297d8014be502a55b14f3b7550cf?s=96&d=mm&r=g","contentUrl":"https:\/\/secure.gravatar.com\/avatar\/50865afb55632c4ae467e0af0930f6510aa2297d8014be502a55b14f3b7550cf?s=96&d=mm&r=g","caption":"Tar\u0131k"},"sameAs":["http:\/\/narteks.net"],"url":"https:\/\/narteks.net\/index.php\/author\/narbak\/"}]}},"_links":{"self":[{"href":"https:\/\/narteks.net\/index.php\/wp-json\/wp\/v2\/posts\/7028","targetHints":{"allow":["GET"]}}],"collection":[{"href":"https:\/\/narteks.net\/index.php\/wp-json\/wp\/v2\/posts"}],"about":[{"href":"https:\/\/narteks.net\/index.php\/wp-json\/wp\/v2\/types\/post"}],"author":[{"embeddable":true,"href":"https:\/\/narteks.net\/index.php\/wp-json\/wp\/v2\/users\/1"}],"replies":[{"embeddable":true,"href":"https:\/\/narteks.net\/index.php\/wp-json\/wp\/v2\/comments?post=7028"}],"version-history":[{"count":0,"href":"https:\/\/narteks.net\/index.php\/wp-json\/wp\/v2\/posts\/7028\/revisions"}],"wp:attachment":[{"href":"https:\/\/narteks.net\/index.php\/wp-json\/wp\/v2\/media?parent=7028"}],"wp:term":[{"taxonomy":"category","embeddable":true,"href":"https:\/\/narteks.net\/index.php\/wp-json\/wp\/v2\/categories?post=7028"},{"taxonomy":"post_tag","embeddable":true,"href":"https:\/\/narteks.net\/index.php\/wp-json\/wp\/v2\/tags?post=7028"}],"curies":[{"name":"wp","href":"https:\/\/api.w.org\/{rel}","templated":true}]}}