{"id":7032,"date":"2018-08-01T21:44:21","date_gmt":"2018-08-01T18:44:21","guid":{"rendered":"http:\/\/localhost\/wordpress\/2018\/08\/01\/geceler-aydinlik\/"},"modified":"2018-08-01T21:44:21","modified_gmt":"2018-08-01T18:44:21","slug":"geceler-aydinlik","status":"publish","type":"post","link":"https:\/\/narteks.net\/index.php\/2018\/08\/01\/geceler-aydinlik\/","title":{"rendered":"GECELER AYDINLIK"},"content":{"rendered":"<p>Umdu\u011fun inceli\u011fe inmiyorsa s\u00f6z<br \/>\u00c7ekil suskunlu\u011fun t\u00fcneklerine<br \/>Ucuz etme anlam\u0131<br \/>B\u00f6yle zamanlarda insan<br \/>\u00c7okluk yaln\u0131z kalmal\u0131<\/p>\n<p>Sevgisiz seslerde \u00e7evren \u00e7i\u011f<br \/>Uysan uzakla\u015f\u0131rs\u0131n kendi \u00f6z\u00fcnden<br \/>Dirensen g\u00fcn\u00fcn karanl\u0131k<br \/>Bu y\u00fczdendir gecenin g\u00fczelli\u011fi<br \/>Geceler ayd\u0131nl\u0131k.<\/p>\n<p>Al getir kendi derinliklerine<br \/>Ufuksuz sularda duran gemini<br \/>Getir ki sabaha \u00e7ok var.<br \/>Hem bakars\u0131n gecenin koynundan<br \/>Bir binen \u00e7\u0131kar.<br \/>\u00a0<br \/>\u015e\u00fckr\u00fc ERBA\u015e<\/p>\n","protected":false},"excerpt":{"rendered":"<p>Umdu\u011fun inceli\u011fe inmiyorsa s\u00f6z\u00c7ekil suskunlu\u011fun t\u00fcneklerineUcuz etme anlam\u0131B\u00f6yle zamanlarda insan\u00c7okluk yaln\u0131z kalmal\u0131 Sevgisiz seslerde \u00e7evren \u00e7i\u011fUysan uzakla\u015f\u0131rs\u0131n kendi \u00f6z\u00fcndenDirensen g\u00fcn\u00fcn karanl\u0131kBu y\u00fczdendir gecenin g\u00fczelli\u011fiGeceler ayd\u0131nl\u0131k. Al getir kendi derinliklerineUfuksuz sularda duran geminiGetir ki sabaha \u00e7ok var.Hem bakars\u0131n gecenin koynundanBir binen \u00e7\u0131kar.\u00a0\u015e\u00fckr\u00fc ERBA\u015e<\/p>\n","protected":false},"author":1,"featured_media":0,"comment_status":"open","ping_status":"open","sticky":false,"template":"","format":"standard","meta":{"footnotes":""},"categories":[214],"tags":[],"class_list":{"0":"post-7032","1":"post","2":"type-post","3":"status-publish","4":"format-standard","6":"category-sukru-erbas"},"yoast_head":"<!-- This site is optimized with the Yoast SEO Premium plugin v24.9 (Yoast SEO v24.9) - https:\/\/yoast.com\/wordpress\/plugins\/seo\/ -->\n<title>GECELER AYDINLIK - narteks.net<\/title>\n<meta name=\"robots\" content=\"index, follow, max-snippet:-1, max-image-preview:large, max-video-preview:-1\" \/>\n<link rel=\"canonical\" href=\"https:\/\/narteks.net\/index.php\/2018\/08\/01\/geceler-aydinlik\/\" \/>\n<meta property=\"og:locale\" content=\"tr_TR\" \/>\n<meta property=\"og:type\" content=\"article\" \/>\n<meta property=\"og:title\" content=\"GECELER AYDINLIK\" \/>\n<meta property=\"og:description\" content=\"Umdu\u011fun inceli\u011fe inmiyorsa s\u00f6z\u00c7ekil suskunlu\u011fun t\u00fcneklerineUcuz etme anlam\u0131B\u00f6yle zamanlarda insan\u00c7okluk yaln\u0131z kalmal\u0131 Sevgisiz seslerde \u00e7evren \u00e7i\u011fUysan uzakla\u015f\u0131rs\u0131n kendi \u00f6z\u00fcndenDirensen g\u00fcn\u00fcn karanl\u0131kBu y\u00fczdendir gecenin g\u00fczelli\u011fiGeceler ayd\u0131nl\u0131k. Al getir kendi derinliklerineUfuksuz sularda duran geminiGetir ki sabaha \u00e7ok var.Hem bakars\u0131n gecenin koynundanBir binen \u00e7\u0131kar.\u00a0\u015e\u00fckr\u00fc ERBA\u015e\" \/>\n<meta property=\"og:url\" content=\"https:\/\/narteks.net\/index.php\/2018\/08\/01\/geceler-aydinlik\/\" \/>\n<meta property=\"og:site_name\" content=\"narteks.net\" \/>\n<meta property=\"article:published_time\" content=\"2018-08-01T18:44:21+00:00\" \/>\n<meta property=\"og:image\" content=\"https:\/\/narteks.net\/wp-content\/uploads\/narteks.png\" \/>\n\t<meta property=\"og:image:width\" content=\"300\" \/>\n\t<meta property=\"og:image:height\" content=\"90\" \/>\n\t<meta property=\"og:image:type\" content=\"image\/png\" \/>\n<meta name=\"author\" content=\"Tar\u0131k\" \/>\n<meta name=\"twitter:card\" content=\"summary_large_image\" \/>\n<meta name=\"twitter:creator\" content=\"@narteks\" \/>\n<meta name=\"twitter:site\" content=\"@narteks\" \/>\n<meta name=\"twitter:label1\" content=\"Yazan:\" \/>\n\t<meta name=\"twitter:data1\" content=\"Tar\u0131k\" \/>\n<script type=\"application\/ld+json\" class=\"yoast-schema-graph\">{\"@context\":\"https:\/\/schema.org\",\"@graph\":[{\"@type\":\"Article\",\"@id\":\"https:\/\/narteks.net\/index.php\/2018\/08\/01\/geceler-aydinlik\/#article\",\"isPartOf\":{\"@id\":\"https:\/\/narteks.net\/index.php\/2018\/08\/01\/geceler-aydinlik\/\"},\"author\":{\"name\":\"Tar\u0131k\",\"@id\":\"https:\/\/narteks.net\/#\/schema\/person\/61f37d9834294b72d31d274e7ed79bca\"},\"headline\":\"GECELER AYDINLIK\",\"datePublished\":\"2018-08-01T18:44:21+00:00\",\"mainEntityOfPage\":{\"@id\":\"https:\/\/narteks.net\/index.php\/2018\/08\/01\/geceler-aydinlik\/\"},\"wordCount\":69,\"commentCount\":0,\"publisher\":{\"@id\":\"https:\/\/narteks.net\/#organization\"},\"articleSection\":[\"\u015e\u00fckr\u00fc ERBA\u015e\"],\"inLanguage\":\"tr\",\"potentialAction\":[{\"@type\":\"CommentAction\",\"name\":\"Comment\",\"target\":[\"https:\/\/narteks.net\/index.php\/2018\/08\/01\/geceler-aydinlik\/#respond\"]}]},{\"@type\":\"WebPage\",\"@id\":\"https:\/\/narteks.net\/index.php\/2018\/08\/01\/geceler-aydinlik\/\",\"url\":\"https:\/\/narteks.net\/index.php\/2018\/08\/01\/geceler-aydinlik\/\",\"name\":\"GECELER AYDINLIK - narteks.net\",\"isPartOf\":{\"@id\":\"https:\/\/narteks.net\/#website\"},\"datePublished\":\"2018-08-01T18:44:21+00:00\",\"breadcrumb\":{\"@id\":\"https:\/\/narteks.net\/index.php\/2018\/08\/01\/geceler-aydinlik\/#breadcrumb\"},\"inLanguage\":\"tr\",\"potentialAction\":[{\"@type\":\"ReadAction\",\"target\":[\"https:\/\/narteks.net\/index.php\/2018\/08\/01\/geceler-aydinlik\/\"]}]},{\"@type\":\"BreadcrumbList\",\"@id\":\"https:\/\/narteks.net\/index.php\/2018\/08\/01\/geceler-aydinlik\/#breadcrumb\",\"itemListElement\":[{\"@type\":\"ListItem\",\"position\":1,\"name\":\"Anasayfa\",\"item\":\"https:\/\/narteks.net\/\"},{\"@type\":\"ListItem\",\"position\":2,\"name\":\"GECELER AYDINLIK\"}]},{\"@type\":\"WebSite\",\"@id\":\"https:\/\/narteks.net\/#website\",\"url\":\"https:\/\/narteks.net\/\",\"name\":\"narteks.net\",\"description\":\"K\u00fclt\u00fcr Sanat Edebiyat Felsefe\",\"publisher\":{\"@id\":\"https:\/\/narteks.net\/#organization\"},\"alternateName\":\"K\u00fclt\u00fcr Sanat Edebiyat Felsefe\",\"potentialAction\":[{\"@type\":\"SearchAction\",\"target\":{\"@type\":\"EntryPoint\",\"urlTemplate\":\"https:\/\/narteks.net\/?s={search_term_string}\"},\"query-input\":{\"@type\":\"PropertyValueSpecification\",\"valueRequired\":true,\"valueName\":\"search_term_string\"}}],\"inLanguage\":\"tr\"},{\"@type\":\"Organization\",\"@id\":\"https:\/\/narteks.net\/#organization\",\"name\":\"narteks.net\",\"url\":\"https:\/\/narteks.net\/\",\"logo\":{\"@type\":\"ImageObject\",\"inLanguage\":\"tr\",\"@id\":\"https:\/\/narteks.net\/#\/schema\/logo\/image\/\",\"url\":\"https:\/\/narteks.net\/wp-content\/uploads\/narteks.png\",\"contentUrl\":\"https:\/\/narteks.net\/wp-content\/uploads\/narteks.png\",\"width\":300,\"height\":90,\"caption\":\"narteks.net\"},\"image\":{\"@id\":\"https:\/\/narteks.net\/#\/schema\/logo\/image\/\"},\"sameAs\":[\"https:\/\/x.com\/narteks\",\"https:\/\/instagram.com\/narteksnet\"]},{\"@type\":\"Person\",\"@id\":\"https:\/\/narteks.net\/#\/schema\/person\/61f37d9834294b72d31d274e7ed79bca\",\"name\":\"Tar\u0131k\",\"image\":{\"@type\":\"ImageObject\",\"inLanguage\":\"tr\",\"@id\":\"https:\/\/narteks.net\/#\/schema\/person\/image\/\",\"url\":\"https:\/\/secure.gravatar.com\/avatar\/50865afb55632c4ae467e0af0930f6510aa2297d8014be502a55b14f3b7550cf?s=96&d=mm&r=g\",\"contentUrl\":\"https:\/\/secure.gravatar.com\/avatar\/50865afb55632c4ae467e0af0930f6510aa2297d8014be502a55b14f3b7550cf?s=96&d=mm&r=g\",\"caption\":\"Tar\u0131k\"},\"sameAs\":[\"http:\/\/narteks.net\"],\"url\":\"https:\/\/narteks.net\/index.php\/author\/narbak\/\"}]}<\/script>\n<!-- \/ Yoast SEO Premium plugin. -->","yoast_head_json":{"title":"GECELER AYDINLIK - narteks.net","robots":{"index":"index","follow":"follow","max-snippet":"max-snippet:-1","max-image-preview":"max-image-preview:large","max-video-preview":"max-video-preview:-1"},"canonical":"https:\/\/narteks.net\/index.php\/2018\/08\/01\/geceler-aydinlik\/","og_locale":"tr_TR","og_type":"article","og_title":"GECELER AYDINLIK","og_description":"Umdu\u011fun inceli\u011fe inmiyorsa s\u00f6z\u00c7ekil suskunlu\u011fun t\u00fcneklerineUcuz etme anlam\u0131B\u00f6yle zamanlarda insan\u00c7okluk yaln\u0131z kalmal\u0131 Sevgisiz seslerde \u00e7evren \u00e7i\u011fUysan uzakla\u015f\u0131rs\u0131n kendi \u00f6z\u00fcndenDirensen g\u00fcn\u00fcn karanl\u0131kBu y\u00fczdendir gecenin g\u00fczelli\u011fiGeceler ayd\u0131nl\u0131k. Al getir kendi derinliklerineUfuksuz sularda duran geminiGetir ki sabaha \u00e7ok var.Hem bakars\u0131n gecenin koynundanBir binen \u00e7\u0131kar.\u00a0\u015e\u00fckr\u00fc ERBA\u015e","og_url":"https:\/\/narteks.net\/index.php\/2018\/08\/01\/geceler-aydinlik\/","og_site_name":"narteks.net","article_published_time":"2018-08-01T18:44:21+00:00","og_image":[{"width":300,"height":90,"url":"https:\/\/narteks.net\/wp-content\/uploads\/narteks.png","type":"image\/png"}],"author":"Tar\u0131k","twitter_card":"summary_large_image","twitter_creator":"@narteks","twitter_site":"@narteks","twitter_misc":{"Yazan:":"Tar\u0131k"},"schema":{"@context":"https:\/\/schema.org","@graph":[{"@type":"Article","@id":"https:\/\/narteks.net\/index.php\/2018\/08\/01\/geceler-aydinlik\/#article","isPartOf":{"@id":"https:\/\/narteks.net\/index.php\/2018\/08\/01\/geceler-aydinlik\/"},"author":{"name":"Tar\u0131k","@id":"https:\/\/narteks.net\/#\/schema\/person\/61f37d9834294b72d31d274e7ed79bca"},"headline":"GECELER AYDINLIK","datePublished":"2018-08-01T18:44:21+00:00","mainEntityOfPage":{"@id":"https:\/\/narteks.net\/index.php\/2018\/08\/01\/geceler-aydinlik\/"},"wordCount":69,"commentCount":0,"publisher":{"@id":"https:\/\/narteks.net\/#organization"},"articleSection":["\u015e\u00fckr\u00fc ERBA\u015e"],"inLanguage":"tr","potentialAction":[{"@type":"CommentAction","name":"Comment","target":["https:\/\/narteks.net\/index.php\/2018\/08\/01\/geceler-aydinlik\/#respond"]}]},{"@type":"WebPage","@id":"https:\/\/narteks.net\/index.php\/2018\/08\/01\/geceler-aydinlik\/","url":"https:\/\/narteks.net\/index.php\/2018\/08\/01\/geceler-aydinlik\/","name":"GECELER AYDINLIK - narteks.net","isPartOf":{"@id":"https:\/\/narteks.net\/#website"},"datePublished":"2018-08-01T18:44:21+00:00","breadcrumb":{"@id":"https:\/\/narteks.net\/index.php\/2018\/08\/01\/geceler-aydinlik\/#breadcrumb"},"inLanguage":"tr","potentialAction":[{"@type":"ReadAction","target":["https:\/\/narteks.net\/index.php\/2018\/08\/01\/geceler-aydinlik\/"]}]},{"@type":"BreadcrumbList","@id":"https:\/\/narteks.net\/index.php\/2018\/08\/01\/geceler-aydinlik\/#breadcrumb","itemListElement":[{"@type":"ListItem","position":1,"name":"Anasayfa","item":"https:\/\/narteks.net\/"},{"@type":"ListItem","position":2,"name":"GECELER AYDINLIK"}]},{"@type":"WebSite","@id":"https:\/\/narteks.net\/#website","url":"https:\/\/narteks.net\/","name":"narteks.net","description":"K\u00fclt\u00fcr Sanat Edebiyat Felsefe","publisher":{"@id":"https:\/\/narteks.net\/#organization"},"alternateName":"K\u00fclt\u00fcr Sanat Edebiyat Felsefe","potentialAction":[{"@type":"SearchAction","target":{"@type":"EntryPoint","urlTemplate":"https:\/\/narteks.net\/?s={search_term_string}"},"query-input":{"@type":"PropertyValueSpecification","valueRequired":true,"valueName":"search_term_string"}}],"inLanguage":"tr"},{"@type":"Organization","@id":"https:\/\/narteks.net\/#organization","name":"narteks.net","url":"https:\/\/narteks.net\/","logo":{"@type":"ImageObject","inLanguage":"tr","@id":"https:\/\/narteks.net\/#\/schema\/logo\/image\/","url":"https:\/\/narteks.net\/wp-content\/uploads\/narteks.png","contentUrl":"https:\/\/narteks.net\/wp-content\/uploads\/narteks.png","width":300,"height":90,"caption":"narteks.net"},"image":{"@id":"https:\/\/narteks.net\/#\/schema\/logo\/image\/"},"sameAs":["https:\/\/x.com\/narteks","https:\/\/instagram.com\/narteksnet"]},{"@type":"Person","@id":"https:\/\/narteks.net\/#\/schema\/person\/61f37d9834294b72d31d274e7ed79bca","name":"Tar\u0131k","image":{"@type":"ImageObject","inLanguage":"tr","@id":"https:\/\/narteks.net\/#\/schema\/person\/image\/","url":"https:\/\/secure.gravatar.com\/avatar\/50865afb55632c4ae467e0af0930f6510aa2297d8014be502a55b14f3b7550cf?s=96&d=mm&r=g","contentUrl":"https:\/\/secure.gravatar.com\/avatar\/50865afb55632c4ae467e0af0930f6510aa2297d8014be502a55b14f3b7550cf?s=96&d=mm&r=g","caption":"Tar\u0131k"},"sameAs":["http:\/\/narteks.net"],"url":"https:\/\/narteks.net\/index.php\/author\/narbak\/"}]}},"_links":{"self":[{"href":"https:\/\/narteks.net\/index.php\/wp-json\/wp\/v2\/posts\/7032","targetHints":{"allow":["GET"]}}],"collection":[{"href":"https:\/\/narteks.net\/index.php\/wp-json\/wp\/v2\/posts"}],"about":[{"href":"https:\/\/narteks.net\/index.php\/wp-json\/wp\/v2\/types\/post"}],"author":[{"embeddable":true,"href":"https:\/\/narteks.net\/index.php\/wp-json\/wp\/v2\/users\/1"}],"replies":[{"embeddable":true,"href":"https:\/\/narteks.net\/index.php\/wp-json\/wp\/v2\/comments?post=7032"}],"version-history":[{"count":0,"href":"https:\/\/narteks.net\/index.php\/wp-json\/wp\/v2\/posts\/7032\/revisions"}],"wp:attachment":[{"href":"https:\/\/narteks.net\/index.php\/wp-json\/wp\/v2\/media?parent=7032"}],"wp:term":[{"taxonomy":"category","embeddable":true,"href":"https:\/\/narteks.net\/index.php\/wp-json\/wp\/v2\/categories?post=7032"},{"taxonomy":"post_tag","embeddable":true,"href":"https:\/\/narteks.net\/index.php\/wp-json\/wp\/v2\/tags?post=7032"}],"curies":[{"name":"wp","href":"https:\/\/api.w.org\/{rel}","templated":true}]}}