{"id":705,"date":"2009-04-25T15:17:31","date_gmt":"2009-04-25T12:17:31","guid":{"rendered":"http:\/\/localhost\/wordpress\/2009\/04\/25\/el-cezviyye-bu-yuzden-muzigi-seytanin-kitabi-olarak-gorur-muzik-ihsan-oktay-anar\/"},"modified":"2009-04-25T15:17:31","modified_gmt":"2009-04-25T12:17:31","slug":"el-cezviyye-bu-yuzden-muzigi-seytanin-kitabi-olarak-gorur-muzik-ihsan-oktay-anar","status":"publish","type":"post","link":"https:\/\/narteks.net\/index.php\/2009\/04\/25\/el-cezviyye-bu-yuzden-muzigi-seytanin-kitabi-olarak-gorur-muzik-ihsan-oktay-anar\/","title":{"rendered":"El Cezviyye bu y\u00fczden, m\u00fczi\u011fi, \u015eeytan&#8217;\u0131n kitab\u0131 olarak g\u00f6r\u00fcr | M\u00fczik &#8211; \u0130hsan Oktay Anar"},"content":{"rendered":"<div style=\"text-align: justify;\"><img loading=\"lazy\" decoding=\"async\" style=\"float: left;\" src=\"http:\/\/mavimelek.com\/denemeler\/muzik_ve_ruh.jpg\" width=\"155\" height=\"205\" border=\"0\" \/>\u0130bni Kayy\u0131m el-Cezviyye&#8217;nin Katabe&#8217;den nakletti\u011fine g\u00f6re, \u015eeytan ilahi huzurdan kovulup d\u00fcnyaya inince, Tanr\u0131&#8217;ya, &#8220;Ey Rabbim! Beni lanetleyip huzurundan kovdun. Peki benim &#8216;kitab\u0131m&#8217; ne olacak?&#8221; diye sorar. Gelen cevap, &#8220;\u015eiirler ve \u015eark\u0131lar&#8221; \u015feklindedir. El Cezviyye bu y\u00fczden, m\u00fczi\u011fi, \u015eeytan&#8217;\u0131n kitab\u0131 olarak g\u00f6r\u00fcr. Mesaj gayet a\u00e7\u0131kt\u0131r: \u0130nsan\u0131n mutlu olmas\u0131 i\u00e7in Tanr\u0131, gereken her \u015feyi zaten yaratm\u0131\u015ft\u0131r ve bu nedenle yeni \u015feyler yaratmaya gerek yoktur. Bu fikre k\u0131smen kat\u0131l\u0131yorum: Eskiler, &#8220;Su sesi, ku\u015f sesi, kad\u0131n sesi.&#8221; derlerdi. En g\u00fczel seslerin do\u011fada oldu\u011fundan ku\u015fkum yok. Ama ne yapay\u0131m? M\u00fczi\u011fi seviyorum, hem de 38 ya\u015f\u0131mda viyolonsel dersleri alacak kadar.<\/p>\n<p>Fakat m\u00fczik ne kadar g\u00fczelse, m\u00fczik dersleri de o kadar azap i\u00e7inde ge\u00e7er. \u00c7\u00fcnk\u00fc m\u00fczik \u00f6\u011fretmenimiz, ne yaz\u0131k ki, her hassas insan gibi m\u00fckemmeliyet\u00e7idir. Oleg Kagan&#8217;\u0131n kendi keman \u00f6\u011frencilerine davran\u0131\u015f tarz\u0131 bu konuda bir fikir verebilir: \u00d6\u011frenci, kendisine \u00f6dev olarak verilen par\u00e7ay\u0131 iyi \u00e7alamay\u0131nca, bu virt\u00fc\u00f6z sandalyesinden kalkar, \u00f6\u011frencisine yakla\u015f\u0131r, elinden keman\u0131 ve yay\u0131 al\u0131p emniyetli bir yere koyduktan sonra zavall\u0131ya tekme tokat giri\u015fir. &#8220;\u015eeytan azapta gerek&#8221; demi\u015fler, &#8220;\u015eeytan\u0131n kitab\u0131n\u0131&#8221; hatmetmek isteyen ki\u015finin ayn\u0131 azab\u0131 belki bu y\u00fczden \u00e7ekmesi gerekir.<\/p>\n<p>Benim ise ilk m\u00fczik hocam, Harbiye Mar\u015f\u0131&#8217;n\u0131n bestecisi olan H\u00fcsn\u00fc \u00d6nc\u00fc&#8217;yd\u00fc. Kar\u015f\u0131yaka \u00c7ar\u015f\u0131s\u0131nda, pasaj i\u00e7inde bir d\u00fckkan\u0131 vard\u0131. O zamanlar 13 ya\u015f\u0131ndayd\u0131m ve gitar dersi al\u0131yordum. Fakat hocam, karnesinde zay\u0131f getiren \u00f6\u011frencilere ders vermeyi reddederdi. Bu y\u00fczden her s\u00f6mestr sonu ona karnelerimizi g\u00f6stermek zorundayd\u0131k. \u00dczerinde \u00f6nemle durdu\u011fu bir ikinci nokta da tempoydu. Bize \u00f6dev olarak verdi\u011fi par\u00e7ay\u0131 ona \u00e7alarken bir yandan da aya\u011f\u0131m\u0131zla tempo vurmam\u0131z gerekirdi. Tempodaki bir yanl\u0131\u015f\u0131m\u0131z\u0131n kefaretini ise aya\u011f\u0131m\u0131za sert bir \u015fekilde basarak bize \u00f6detirdi. Bu hususa o kadar \u00f6nem verirdi ki, gitar metodu yay\u0131mlayan bir m\u00fczisyenin, &#8220;Sak\u0131n aya\u011f\u0131n\u0131zla tempo vurmay\u0131n. Tempoyu vuran kafad\u0131r&#8221; s\u00f6z\u00fc \u00fczerine \u00e7\u0131lg\u0131na d\u00f6nm\u00fc\u015f ve adamca\u011f\u0131za hakaretlerle dolu bir mektup bile d\u00f6\u015femi\u015fti. \u015eimdi 90&#8217;l\u0131 ya\u015flarda olmas\u0131 gereken hocam H\u00fcsn\u00fc \u00d6nc\u00fc&#8217;ye minnettarl\u0131\u011f\u0131m sonsuzdur. Her \u015feye ra\u011fmen, m\u00fczi\u011fi bana sevdirmi\u015fti.<\/p>\n<p>Keman hocam Tu\u011frul G\u00f6\u011f\u00fc\u015f&#8217;\u00fc de severim ve ona hayranl\u0131k duyar\u0131m. Hayat\u0131mda tan\u0131d\u0131\u011f\u0131m en idealist insand\u0131. Onunla ilk tan\u0131\u015ft\u0131\u011f\u0131mda ders \u00fccretini belirlemeyi bana b\u0131rakm\u0131\u015ft\u0131. Fakat ilk dersimizin sonunda, belirledi\u011fim \u00fccretin yar\u0131s\u0131n\u0131 ald\u0131. Ve bu paray\u0131 da, g\u00f6n\u00fcll\u00fc olarak ders verdi\u011fi konservatuar\u0131n tadilat\u0131 i\u00e7in harcad\u0131\u011f\u0131n\u0131 \u00f6\u011frendim. Bir tek amac\u0131 vard\u0131: M\u00fczi\u011fi \u00f6\u011fretmek ve sevdirmek&#8230; Bir saat olmas\u0131 gereken derslerimiz iki, iki bu\u00e7uk saate kadar uzard\u0131. Ders bitiminde onu dura\u011fa kadar ge\u00e7irir ve \u0130zmir&#8217;in di\u011fer ucundaki (24 km.) evine onu g\u00f6t\u00fcrecek belediye otob\u00fcs\u00fc gelene kadar beklerdim. Tu\u011frul Bey \u015fimdi Adana Devlet Senfoni Orkestras\u0131&#8217;nda \u00e7al\u0131yor. Buraya g\u00f6n\u00fcll\u00fc olarak gitti\u011finden eminim.<\/p>\n<p>\u015eimdiki akl\u0131m olsa, gen\u00e7li\u011fimde m\u00fczisyen olmaya karar verirdim. Ama vakit hala ge\u00e7 say\u0131lmaz. Ba\u015far\u0131l\u0131 bir akademisyen ya da &#8220;\u00fcnl\u00fc&#8221; bir yazar olmaktansa, ortalaman\u0131n alt\u0131nda, basit bir sokak \u00e7alg\u0131c\u0131s\u0131 olmay\u0131 tercih ederim. <\/p>\n<p>\u0130hsan Oktay Anar, \u00d6k\u00fcz Dergisi \u015eubat 1999<\/p><\/div>\n","protected":false},"excerpt":{"rendered":"<p>\u0130bni Kayy\u0131m el-Cezviyye&#8217;nin Katabe&#8217;den nakletti\u011fine g\u00f6re, \u015eeytan ilahi huzurdan kovulup d\u00fcnyaya inince, Tanr\u0131&#8217;ya, &#8220;Ey Rabbim! Beni lanetleyip huzurundan kovdun. Peki benim &#8216;kitab\u0131m&#8217; ne olacak?&#8221; diye sorar. Gelen cevap, &#8220;\u015eiirler ve \u015eark\u0131lar&#8221; \u015feklindedir. El Cezviyye bu y\u00fczden, m\u00fczi\u011fi, \u015eeytan&#8217;\u0131n kitab\u0131 olarak g\u00f6r\u00fcr. Mesaj gayet a\u00e7\u0131kt\u0131r: \u0130nsan\u0131n mutlu olmas\u0131 i\u00e7in Tanr\u0131, gereken her \u015feyi zaten yaratm\u0131\u015ft\u0131r ve [&hellip;]<\/p>\n","protected":false},"author":1,"featured_media":0,"comment_status":"open","ping_status":"open","sticky":false,"template":"","format":"standard","meta":{"footnotes":""},"categories":[137],"tags":[],"class_list":{"0":"post-705","1":"post","2":"type-post","3":"status-publish","4":"format-standard","6":"category-edebiyat-turkiye"},"yoast_head":"<!-- This site is optimized with the Yoast SEO Premium plugin v24.9 (Yoast SEO v24.9) - https:\/\/yoast.com\/wordpress\/plugins\/seo\/ -->\n<title>El Cezviyye bu y\u00fczden, m\u00fczi\u011fi, \u015eeytan&#039;\u0131n kitab\u0131 olarak g\u00f6r\u00fcr | M\u00fczik - \u0130hsan Oktay Anar - narteks.net<\/title>\n<meta name=\"robots\" content=\"index, follow, max-snippet:-1, max-image-preview:large, max-video-preview:-1\" \/>\n<link rel=\"canonical\" href=\"https:\/\/narteks.net\/index.php\/2009\/04\/25\/el-cezviyye-bu-yuzden-muzigi-seytanin-kitabi-olarak-gorur-muzik-ihsan-oktay-anar\/\" \/>\n<meta property=\"og:locale\" content=\"tr_TR\" \/>\n<meta property=\"og:type\" content=\"article\" \/>\n<meta property=\"og:title\" content=\"El Cezviyye bu y\u00fczden, m\u00fczi\u011fi, \u015eeytan&#039;\u0131n kitab\u0131 olarak g\u00f6r\u00fcr | M\u00fczik - \u0130hsan Oktay Anar\" \/>\n<meta property=\"og:description\" content=\"\u0130bni Kayy\u0131m el-Cezviyye&#8217;nin Katabe&#8217;den nakletti\u011fine g\u00f6re, \u015eeytan ilahi huzurdan kovulup d\u00fcnyaya inince, Tanr\u0131&#8217;ya, &#8220;Ey Rabbim! Beni lanetleyip huzurundan kovdun. Peki benim &#8216;kitab\u0131m&#8217; ne olacak?&#8221; diye sorar. Gelen cevap, &#8220;\u015eiirler ve \u015eark\u0131lar&#8221; \u015feklindedir. El Cezviyye bu y\u00fczden, m\u00fczi\u011fi, \u015eeytan&#8217;\u0131n kitab\u0131 olarak g\u00f6r\u00fcr. Mesaj gayet a\u00e7\u0131kt\u0131r: \u0130nsan\u0131n mutlu olmas\u0131 i\u00e7in Tanr\u0131, gereken her \u015feyi zaten yaratm\u0131\u015ft\u0131r ve [&hellip;]\" \/>\n<meta property=\"og:url\" content=\"https:\/\/narteks.net\/index.php\/2009\/04\/25\/el-cezviyye-bu-yuzden-muzigi-seytanin-kitabi-olarak-gorur-muzik-ihsan-oktay-anar\/\" \/>\n<meta property=\"og:site_name\" content=\"narteks.net\" \/>\n<meta property=\"article:published_time\" content=\"2009-04-25T12:17:31+00:00\" \/>\n<meta property=\"og:image\" content=\"http:\/\/mavimelek.com\/denemeler\/muzik_ve_ruh.jpg\" \/>\n<meta name=\"author\" content=\"Tar\u0131k\" \/>\n<meta name=\"twitter:card\" content=\"summary_large_image\" \/>\n<meta name=\"twitter:creator\" content=\"@narteks\" \/>\n<meta name=\"twitter:site\" content=\"@narteks\" \/>\n<meta name=\"twitter:label1\" content=\"Yazan:\" \/>\n\t<meta name=\"twitter:data1\" content=\"Tar\u0131k\" \/>\n\t<meta name=\"twitter:label2\" content=\"Tahmini okuma s\u00fcresi\" \/>\n\t<meta name=\"twitter:data2\" content=\"3 dakika\" \/>\n<script type=\"application\/ld+json\" class=\"yoast-schema-graph\">{\"@context\":\"https:\/\/schema.org\",\"@graph\":[{\"@type\":\"Article\",\"@id\":\"https:\/\/narteks.net\/index.php\/2009\/04\/25\/el-cezviyye-bu-yuzden-muzigi-seytanin-kitabi-olarak-gorur-muzik-ihsan-oktay-anar\/#article\",\"isPartOf\":{\"@id\":\"https:\/\/narteks.net\/index.php\/2009\/04\/25\/el-cezviyye-bu-yuzden-muzigi-seytanin-kitabi-olarak-gorur-muzik-ihsan-oktay-anar\/\"},\"author\":{\"name\":\"Tar\u0131k\",\"@id\":\"https:\/\/narteks.net\/#\/schema\/person\/61f37d9834294b72d31d274e7ed79bca\"},\"headline\":\"El Cezviyye bu y\u00fczden, m\u00fczi\u011fi, \u015eeytan&#8217;\u0131n kitab\u0131 olarak g\u00f6r\u00fcr | M\u00fczik &#8211; \u0130hsan Oktay Anar\",\"datePublished\":\"2009-04-25T12:17:31+00:00\",\"mainEntityOfPage\":{\"@id\":\"https:\/\/narteks.net\/index.php\/2009\/04\/25\/el-cezviyye-bu-yuzden-muzigi-seytanin-kitabi-olarak-gorur-muzik-ihsan-oktay-anar\/\"},\"wordCount\":600,\"commentCount\":0,\"publisher\":{\"@id\":\"https:\/\/narteks.net\/#organization\"},\"image\":{\"@id\":\"https:\/\/narteks.net\/index.php\/2009\/04\/25\/el-cezviyye-bu-yuzden-muzigi-seytanin-kitabi-olarak-gorur-muzik-ihsan-oktay-anar\/#primaryimage\"},\"thumbnailUrl\":\"http:\/\/mavimelek.com\/denemeler\/muzik_ve_ruh.jpg\",\"articleSection\":[\"Edebiyat ( T\u00fcrkiye )\"],\"inLanguage\":\"tr\",\"potentialAction\":[{\"@type\":\"CommentAction\",\"name\":\"Comment\",\"target\":[\"https:\/\/narteks.net\/index.php\/2009\/04\/25\/el-cezviyye-bu-yuzden-muzigi-seytanin-kitabi-olarak-gorur-muzik-ihsan-oktay-anar\/#respond\"]}]},{\"@type\":\"WebPage\",\"@id\":\"https:\/\/narteks.net\/index.php\/2009\/04\/25\/el-cezviyye-bu-yuzden-muzigi-seytanin-kitabi-olarak-gorur-muzik-ihsan-oktay-anar\/\",\"url\":\"https:\/\/narteks.net\/index.php\/2009\/04\/25\/el-cezviyye-bu-yuzden-muzigi-seytanin-kitabi-olarak-gorur-muzik-ihsan-oktay-anar\/\",\"name\":\"El Cezviyye bu y\u00fczden, m\u00fczi\u011fi, \u015eeytan'\u0131n kitab\u0131 olarak g\u00f6r\u00fcr | M\u00fczik - \u0130hsan Oktay Anar - narteks.net\",\"isPartOf\":{\"@id\":\"https:\/\/narteks.net\/#website\"},\"primaryImageOfPage\":{\"@id\":\"https:\/\/narteks.net\/index.php\/2009\/04\/25\/el-cezviyye-bu-yuzden-muzigi-seytanin-kitabi-olarak-gorur-muzik-ihsan-oktay-anar\/#primaryimage\"},\"image\":{\"@id\":\"https:\/\/narteks.net\/index.php\/2009\/04\/25\/el-cezviyye-bu-yuzden-muzigi-seytanin-kitabi-olarak-gorur-muzik-ihsan-oktay-anar\/#primaryimage\"},\"thumbnailUrl\":\"http:\/\/mavimelek.com\/denemeler\/muzik_ve_ruh.jpg\",\"datePublished\":\"2009-04-25T12:17:31+00:00\",\"breadcrumb\":{\"@id\":\"https:\/\/narteks.net\/index.php\/2009\/04\/25\/el-cezviyye-bu-yuzden-muzigi-seytanin-kitabi-olarak-gorur-muzik-ihsan-oktay-anar\/#breadcrumb\"},\"inLanguage\":\"tr\",\"potentialAction\":[{\"@type\":\"ReadAction\",\"target\":[\"https:\/\/narteks.net\/index.php\/2009\/04\/25\/el-cezviyye-bu-yuzden-muzigi-seytanin-kitabi-olarak-gorur-muzik-ihsan-oktay-anar\/\"]}]},{\"@type\":\"ImageObject\",\"inLanguage\":\"tr\",\"@id\":\"https:\/\/narteks.net\/index.php\/2009\/04\/25\/el-cezviyye-bu-yuzden-muzigi-seytanin-kitabi-olarak-gorur-muzik-ihsan-oktay-anar\/#primaryimage\",\"url\":\"http:\/\/mavimelek.com\/denemeler\/muzik_ve_ruh.jpg\",\"contentUrl\":\"http:\/\/mavimelek.com\/denemeler\/muzik_ve_ruh.jpg\"},{\"@type\":\"BreadcrumbList\",\"@id\":\"https:\/\/narteks.net\/index.php\/2009\/04\/25\/el-cezviyye-bu-yuzden-muzigi-seytanin-kitabi-olarak-gorur-muzik-ihsan-oktay-anar\/#breadcrumb\",\"itemListElement\":[{\"@type\":\"ListItem\",\"position\":1,\"name\":\"Anasayfa\",\"item\":\"https:\/\/narteks.net\/\"},{\"@type\":\"ListItem\",\"position\":2,\"name\":\"El Cezviyye bu y\u00fczden, m\u00fczi\u011fi, \u015eeytan&#8217;\u0131n kitab\u0131 olarak g\u00f6r\u00fcr | M\u00fczik &#8211; \u0130hsan Oktay Anar\"}]},{\"@type\":\"WebSite\",\"@id\":\"https:\/\/narteks.net\/#website\",\"url\":\"https:\/\/narteks.net\/\",\"name\":\"narteks.net\",\"description\":\"K\u00fclt\u00fcr Sanat Edebiyat Felsefe\",\"publisher\":{\"@id\":\"https:\/\/narteks.net\/#organization\"},\"alternateName\":\"K\u00fclt\u00fcr Sanat Edebiyat Felsefe\",\"potentialAction\":[{\"@type\":\"SearchAction\",\"target\":{\"@type\":\"EntryPoint\",\"urlTemplate\":\"https:\/\/narteks.net\/?s={search_term_string}\"},\"query-input\":{\"@type\":\"PropertyValueSpecification\",\"valueRequired\":true,\"valueName\":\"search_term_string\"}}],\"inLanguage\":\"tr\"},{\"@type\":\"Organization\",\"@id\":\"https:\/\/narteks.net\/#organization\",\"name\":\"narteks.net\",\"url\":\"https:\/\/narteks.net\/\",\"logo\":{\"@type\":\"ImageObject\",\"inLanguage\":\"tr\",\"@id\":\"https:\/\/narteks.net\/#\/schema\/logo\/image\/\",\"url\":\"https:\/\/narteks.net\/wp-content\/uploads\/narteks.png\",\"contentUrl\":\"https:\/\/narteks.net\/wp-content\/uploads\/narteks.png\",\"width\":300,\"height\":90,\"caption\":\"narteks.net\"},\"image\":{\"@id\":\"https:\/\/narteks.net\/#\/schema\/logo\/image\/\"},\"sameAs\":[\"https:\/\/x.com\/narteks\",\"https:\/\/instagram.com\/narteksnet\"]},{\"@type\":\"Person\",\"@id\":\"https:\/\/narteks.net\/#\/schema\/person\/61f37d9834294b72d31d274e7ed79bca\",\"name\":\"Tar\u0131k\",\"image\":{\"@type\":\"ImageObject\",\"inLanguage\":\"tr\",\"@id\":\"https:\/\/narteks.net\/#\/schema\/person\/image\/\",\"url\":\"https:\/\/secure.gravatar.com\/avatar\/50865afb55632c4ae467e0af0930f6510aa2297d8014be502a55b14f3b7550cf?s=96&d=mm&r=g\",\"contentUrl\":\"https:\/\/secure.gravatar.com\/avatar\/50865afb55632c4ae467e0af0930f6510aa2297d8014be502a55b14f3b7550cf?s=96&d=mm&r=g\",\"caption\":\"Tar\u0131k\"},\"sameAs\":[\"http:\/\/narteks.net\"],\"url\":\"https:\/\/narteks.net\/index.php\/author\/narbak\/\"}]}<\/script>\n<!-- \/ Yoast SEO Premium plugin. -->","yoast_head_json":{"title":"El Cezviyye bu y\u00fczden, m\u00fczi\u011fi, \u015eeytan'\u0131n kitab\u0131 olarak g\u00f6r\u00fcr | M\u00fczik - \u0130hsan Oktay Anar - narteks.net","robots":{"index":"index","follow":"follow","max-snippet":"max-snippet:-1","max-image-preview":"max-image-preview:large","max-video-preview":"max-video-preview:-1"},"canonical":"https:\/\/narteks.net\/index.php\/2009\/04\/25\/el-cezviyye-bu-yuzden-muzigi-seytanin-kitabi-olarak-gorur-muzik-ihsan-oktay-anar\/","og_locale":"tr_TR","og_type":"article","og_title":"El Cezviyye bu y\u00fczden, m\u00fczi\u011fi, \u015eeytan'\u0131n kitab\u0131 olarak g\u00f6r\u00fcr | M\u00fczik - \u0130hsan Oktay Anar","og_description":"\u0130bni Kayy\u0131m el-Cezviyye&#8217;nin Katabe&#8217;den nakletti\u011fine g\u00f6re, \u015eeytan ilahi huzurdan kovulup d\u00fcnyaya inince, Tanr\u0131&#8217;ya, &#8220;Ey Rabbim! Beni lanetleyip huzurundan kovdun. Peki benim &#8216;kitab\u0131m&#8217; ne olacak?&#8221; diye sorar. Gelen cevap, &#8220;\u015eiirler ve \u015eark\u0131lar&#8221; \u015feklindedir. El Cezviyye bu y\u00fczden, m\u00fczi\u011fi, \u015eeytan&#8217;\u0131n kitab\u0131 olarak g\u00f6r\u00fcr. Mesaj gayet a\u00e7\u0131kt\u0131r: \u0130nsan\u0131n mutlu olmas\u0131 i\u00e7in Tanr\u0131, gereken her \u015feyi zaten yaratm\u0131\u015ft\u0131r ve [&hellip;]","og_url":"https:\/\/narteks.net\/index.php\/2009\/04\/25\/el-cezviyye-bu-yuzden-muzigi-seytanin-kitabi-olarak-gorur-muzik-ihsan-oktay-anar\/","og_site_name":"narteks.net","article_published_time":"2009-04-25T12:17:31+00:00","og_image":[{"url":"http:\/\/mavimelek.com\/denemeler\/muzik_ve_ruh.jpg","type":"","width":"","height":""}],"author":"Tar\u0131k","twitter_card":"summary_large_image","twitter_creator":"@narteks","twitter_site":"@narteks","twitter_misc":{"Yazan:":"Tar\u0131k","Tahmini okuma s\u00fcresi":"3 dakika"},"schema":{"@context":"https:\/\/schema.org","@graph":[{"@type":"Article","@id":"https:\/\/narteks.net\/index.php\/2009\/04\/25\/el-cezviyye-bu-yuzden-muzigi-seytanin-kitabi-olarak-gorur-muzik-ihsan-oktay-anar\/#article","isPartOf":{"@id":"https:\/\/narteks.net\/index.php\/2009\/04\/25\/el-cezviyye-bu-yuzden-muzigi-seytanin-kitabi-olarak-gorur-muzik-ihsan-oktay-anar\/"},"author":{"name":"Tar\u0131k","@id":"https:\/\/narteks.net\/#\/schema\/person\/61f37d9834294b72d31d274e7ed79bca"},"headline":"El Cezviyye bu y\u00fczden, m\u00fczi\u011fi, \u015eeytan&#8217;\u0131n kitab\u0131 olarak g\u00f6r\u00fcr | M\u00fczik &#8211; \u0130hsan Oktay Anar","datePublished":"2009-04-25T12:17:31+00:00","mainEntityOfPage":{"@id":"https:\/\/narteks.net\/index.php\/2009\/04\/25\/el-cezviyye-bu-yuzden-muzigi-seytanin-kitabi-olarak-gorur-muzik-ihsan-oktay-anar\/"},"wordCount":600,"commentCount":0,"publisher":{"@id":"https:\/\/narteks.net\/#organization"},"image":{"@id":"https:\/\/narteks.net\/index.php\/2009\/04\/25\/el-cezviyye-bu-yuzden-muzigi-seytanin-kitabi-olarak-gorur-muzik-ihsan-oktay-anar\/#primaryimage"},"thumbnailUrl":"http:\/\/mavimelek.com\/denemeler\/muzik_ve_ruh.jpg","articleSection":["Edebiyat ( T\u00fcrkiye )"],"inLanguage":"tr","potentialAction":[{"@type":"CommentAction","name":"Comment","target":["https:\/\/narteks.net\/index.php\/2009\/04\/25\/el-cezviyye-bu-yuzden-muzigi-seytanin-kitabi-olarak-gorur-muzik-ihsan-oktay-anar\/#respond"]}]},{"@type":"WebPage","@id":"https:\/\/narteks.net\/index.php\/2009\/04\/25\/el-cezviyye-bu-yuzden-muzigi-seytanin-kitabi-olarak-gorur-muzik-ihsan-oktay-anar\/","url":"https:\/\/narteks.net\/index.php\/2009\/04\/25\/el-cezviyye-bu-yuzden-muzigi-seytanin-kitabi-olarak-gorur-muzik-ihsan-oktay-anar\/","name":"El Cezviyye bu y\u00fczden, m\u00fczi\u011fi, \u015eeytan'\u0131n kitab\u0131 olarak g\u00f6r\u00fcr | M\u00fczik - \u0130hsan Oktay Anar - narteks.net","isPartOf":{"@id":"https:\/\/narteks.net\/#website"},"primaryImageOfPage":{"@id":"https:\/\/narteks.net\/index.php\/2009\/04\/25\/el-cezviyye-bu-yuzden-muzigi-seytanin-kitabi-olarak-gorur-muzik-ihsan-oktay-anar\/#primaryimage"},"image":{"@id":"https:\/\/narteks.net\/index.php\/2009\/04\/25\/el-cezviyye-bu-yuzden-muzigi-seytanin-kitabi-olarak-gorur-muzik-ihsan-oktay-anar\/#primaryimage"},"thumbnailUrl":"http:\/\/mavimelek.com\/denemeler\/muzik_ve_ruh.jpg","datePublished":"2009-04-25T12:17:31+00:00","breadcrumb":{"@id":"https:\/\/narteks.net\/index.php\/2009\/04\/25\/el-cezviyye-bu-yuzden-muzigi-seytanin-kitabi-olarak-gorur-muzik-ihsan-oktay-anar\/#breadcrumb"},"inLanguage":"tr","potentialAction":[{"@type":"ReadAction","target":["https:\/\/narteks.net\/index.php\/2009\/04\/25\/el-cezviyye-bu-yuzden-muzigi-seytanin-kitabi-olarak-gorur-muzik-ihsan-oktay-anar\/"]}]},{"@type":"ImageObject","inLanguage":"tr","@id":"https:\/\/narteks.net\/index.php\/2009\/04\/25\/el-cezviyye-bu-yuzden-muzigi-seytanin-kitabi-olarak-gorur-muzik-ihsan-oktay-anar\/#primaryimage","url":"http:\/\/mavimelek.com\/denemeler\/muzik_ve_ruh.jpg","contentUrl":"http:\/\/mavimelek.com\/denemeler\/muzik_ve_ruh.jpg"},{"@type":"BreadcrumbList","@id":"https:\/\/narteks.net\/index.php\/2009\/04\/25\/el-cezviyye-bu-yuzden-muzigi-seytanin-kitabi-olarak-gorur-muzik-ihsan-oktay-anar\/#breadcrumb","itemListElement":[{"@type":"ListItem","position":1,"name":"Anasayfa","item":"https:\/\/narteks.net\/"},{"@type":"ListItem","position":2,"name":"El Cezviyye bu y\u00fczden, m\u00fczi\u011fi, \u015eeytan&#8217;\u0131n kitab\u0131 olarak g\u00f6r\u00fcr | M\u00fczik &#8211; \u0130hsan Oktay Anar"}]},{"@type":"WebSite","@id":"https:\/\/narteks.net\/#website","url":"https:\/\/narteks.net\/","name":"narteks.net","description":"K\u00fclt\u00fcr Sanat Edebiyat Felsefe","publisher":{"@id":"https:\/\/narteks.net\/#organization"},"alternateName":"K\u00fclt\u00fcr Sanat Edebiyat Felsefe","potentialAction":[{"@type":"SearchAction","target":{"@type":"EntryPoint","urlTemplate":"https:\/\/narteks.net\/?s={search_term_string}"},"query-input":{"@type":"PropertyValueSpecification","valueRequired":true,"valueName":"search_term_string"}}],"inLanguage":"tr"},{"@type":"Organization","@id":"https:\/\/narteks.net\/#organization","name":"narteks.net","url":"https:\/\/narteks.net\/","logo":{"@type":"ImageObject","inLanguage":"tr","@id":"https:\/\/narteks.net\/#\/schema\/logo\/image\/","url":"https:\/\/narteks.net\/wp-content\/uploads\/narteks.png","contentUrl":"https:\/\/narteks.net\/wp-content\/uploads\/narteks.png","width":300,"height":90,"caption":"narteks.net"},"image":{"@id":"https:\/\/narteks.net\/#\/schema\/logo\/image\/"},"sameAs":["https:\/\/x.com\/narteks","https:\/\/instagram.com\/narteksnet"]},{"@type":"Person","@id":"https:\/\/narteks.net\/#\/schema\/person\/61f37d9834294b72d31d274e7ed79bca","name":"Tar\u0131k","image":{"@type":"ImageObject","inLanguage":"tr","@id":"https:\/\/narteks.net\/#\/schema\/person\/image\/","url":"https:\/\/secure.gravatar.com\/avatar\/50865afb55632c4ae467e0af0930f6510aa2297d8014be502a55b14f3b7550cf?s=96&d=mm&r=g","contentUrl":"https:\/\/secure.gravatar.com\/avatar\/50865afb55632c4ae467e0af0930f6510aa2297d8014be502a55b14f3b7550cf?s=96&d=mm&r=g","caption":"Tar\u0131k"},"sameAs":["http:\/\/narteks.net"],"url":"https:\/\/narteks.net\/index.php\/author\/narbak\/"}]}},"_links":{"self":[{"href":"https:\/\/narteks.net\/index.php\/wp-json\/wp\/v2\/posts\/705","targetHints":{"allow":["GET"]}}],"collection":[{"href":"https:\/\/narteks.net\/index.php\/wp-json\/wp\/v2\/posts"}],"about":[{"href":"https:\/\/narteks.net\/index.php\/wp-json\/wp\/v2\/types\/post"}],"author":[{"embeddable":true,"href":"https:\/\/narteks.net\/index.php\/wp-json\/wp\/v2\/users\/1"}],"replies":[{"embeddable":true,"href":"https:\/\/narteks.net\/index.php\/wp-json\/wp\/v2\/comments?post=705"}],"version-history":[{"count":0,"href":"https:\/\/narteks.net\/index.php\/wp-json\/wp\/v2\/posts\/705\/revisions"}],"wp:attachment":[{"href":"https:\/\/narteks.net\/index.php\/wp-json\/wp\/v2\/media?parent=705"}],"wp:term":[{"taxonomy":"category","embeddable":true,"href":"https:\/\/narteks.net\/index.php\/wp-json\/wp\/v2\/categories?post=705"},{"taxonomy":"post_tag","embeddable":true,"href":"https:\/\/narteks.net\/index.php\/wp-json\/wp\/v2\/tags?post=705"}],"curies":[{"name":"wp","href":"https:\/\/api.w.org\/{rel}","templated":true}]}}