{"id":7056,"date":"2018-08-01T22:25:20","date_gmt":"2018-08-01T19:25:20","guid":{"rendered":"http:\/\/localhost\/wordpress\/2018\/08\/01\/sairin-suresi-ii\/"},"modified":"2018-08-01T22:25:20","modified_gmt":"2018-08-01T19:25:20","slug":"sairin-suresi-ii","status":"publish","type":"post","link":"https:\/\/narteks.net\/index.php\/2018\/08\/01\/sairin-suresi-ii\/","title":{"rendered":"\u015eA\u0130R\u0130N SURES\u0130-II"},"content":{"rendered":"<p>i. kendi enkaz\u0131 \u00fcst\u00fcnde dans edip<br \/>\u00e7\u0131lg\u0131nca \u00e7\u0131\u011fl\u0131klar atan, ey ihtilal yar\u0131m\u0131 deli ozan!<br \/>e\u011fer \u0131ss\u0131z bir vadide<br \/>yolda\u015fs\u0131z bir nehir gibi akmak d\u00fc\u015fm\u00fc\u015fse pay\u0131na<br \/>harl\u0131 sudan ge\u00e7en<br \/>m\u0131zrakl\u0131 k\u0131z\u0131l bulutlar gibi rahvan<\/p>\n<p>ge\u00e7 git yery\u00fcz\u00fc \u0131rma\u011f\u0131ndan!<\/p>\n<p>\u015fiirinin ayak izlerinden f\u0131\u015fk\u0131ran yang\u0131n ye\u015fili lav \u00e7i\u00e7ekleri<br \/>tan\u0131t\u0131d\u0131r buralarda bir yang\u0131n olarak ya\u015fad\u0131\u011f\u0131n\u0131n<\/p>\n<p>ii. k\u00fcf\u00fcr, alay ve a\u015fa\u011f\u0131lama<br \/>unutma ki yah\u015fi silahlard\u0131r e\u011fle\u015fenler i\u00e7in araf&#8217;ta<br \/>bir yol u\u011fra ya\u015fl\u0131 mohikan&#8217;a<br \/>\u00e7ubu\u011fundan bir nefes \u00e7ek<br \/>ate\u015fsuyundan ak\u0131ta ak\u0131ta i\u00e7 \u00e7enene<br \/>ki ayk\u0131r\u0131 yollar bulas\u0131n<br \/>ol nimetlerimizi tezelden ula\u015ft\u0131rmak i\u00e7in<\/p>\n<p>varo\u015flarda a\u00e7l\u0131\u011f\u0131n nals\u0131z atlar\u0131n\u0131 ko\u015fturan<br \/>ayaktak\u0131m\u0131&#8217;n\u0131n \u00e7\u0131plak sava\u015f\u00e7\u0131lar\u0131na!<\/p>\n<p>iii. d\u00fc\u015f kan\u0131n\u0131 karg\u0131\u015flayan gecenin<br \/>k\u00f6klerini s\u00f6k topra\u011f\u0131n y\u00fcre\u011finden<br \/>omuzuna at y\u0131ld\u0131zlar\u0131n heybesini ve<br \/>aksamadan y\u00fcr\u00fc bu gece!<\/p>\n<p>bir de sigara yak<br \/>b\u00fct\u00fcn &#8216;f\u0131rsatlar&#8217;\u0131 tepmi\u015f bir adam olman\u0131n keyfiyle<br \/>t\u00fck\u00fcr y\u00fczlerine<br \/>r\u00fctbelerini s\u00f6k, vitrinlerden indir kendini<br \/>sana g\u00f6re de\u011fil bu senaryo, bu i\u011fren\u00e7 rol<br \/>k\u0131r\u0131k d\u00fc\u015flerin ikircimli ayd\u0131nl\u0131\u011f\u0131.<\/p>\n<p>bil ki, bo\u015funa nokta-\u0131 nazar eylemedik uslanmaz bir ter\u00f6rist<br \/>bir ihtilal cini de-yu hakk\u0131nda!<\/p>\n<p>vars\u0131nlar anlamas\u0131nlar onlar<br \/>vars\u0131nlar inanmas\u0131nlar surelerinin tek sat\u0131r\u0131na<\/p>\n<p>\u00e7apraz fi\u015feklikli kanl\u0131 bir ya\u011fmur alt\u0131nda topla ve<br \/>de ki onlara: sade bir t\u00f6renle<br \/>arma\u011fan eylesinler d\u00fc\u015fmanlar\u0131n\u0131n g\u00f6\u011fs\u00fcne<br \/>\u00e7am sak\u0131z\u0131 \u00e7oban arma\u011fan\u0131 niyetine<br \/>k\u00fcf\u00fcr, alay ve a\u015fa\u011f\u0131lama ile ya\u011flanm\u0131\u015f kinlerini<\/p>\n<p>dahi son nefeslerinde!<\/p>\n<p>Fettah K\u00d6LEL\u0130<\/p>\n","protected":false},"excerpt":{"rendered":"<p>i. kendi enkaz\u0131 \u00fcst\u00fcnde dans edip\u00e7\u0131lg\u0131nca \u00e7\u0131\u011fl\u0131klar atan, ey ihtilal yar\u0131m\u0131 deli ozan!e\u011fer \u0131ss\u0131z bir vadideyolda\u015fs\u0131z bir nehir gibi akmak d\u00fc\u015fm\u00fc\u015fse pay\u0131naharl\u0131 sudan ge\u00e7enm\u0131zrakl\u0131 k\u0131z\u0131l bulutlar gibi rahvan ge\u00e7 git yery\u00fcz\u00fc \u0131rma\u011f\u0131ndan! \u015fiirinin ayak izlerinden f\u0131\u015fk\u0131ran yang\u0131n ye\u015fili lav \u00e7i\u00e7ekleritan\u0131t\u0131d\u0131r buralarda bir yang\u0131n olarak ya\u015fad\u0131\u011f\u0131n\u0131n ii. k\u00fcf\u00fcr, alay ve a\u015fa\u011f\u0131lamaunutma ki yah\u015fi silahlard\u0131r e\u011fle\u015fenler i\u00e7in [&hellip;]<\/p>\n","protected":false},"author":1,"featured_media":0,"comment_status":"open","ping_status":"open","sticky":false,"template":"","format":"standard","meta":{"footnotes":""},"categories":[215],"tags":[],"class_list":{"0":"post-7056","1":"post","2":"type-post","3":"status-publish","4":"format-standard","6":"category-fettah-koleli"},"yoast_head":"<!-- This site is optimized with the Yoast SEO Premium plugin v24.9 (Yoast SEO v24.9) - https:\/\/yoast.com\/wordpress\/plugins\/seo\/ -->\n<title>\u015eA\u0130R\u0130N SURES\u0130-II - narteks.net<\/title>\n<meta name=\"robots\" content=\"index, follow, max-snippet:-1, max-image-preview:large, max-video-preview:-1\" \/>\n<link rel=\"canonical\" href=\"https:\/\/narteks.net\/index.php\/2018\/08\/01\/sairin-suresi-ii\/\" \/>\n<meta property=\"og:locale\" content=\"tr_TR\" \/>\n<meta property=\"og:type\" content=\"article\" \/>\n<meta property=\"og:title\" content=\"\u015eA\u0130R\u0130N SURES\u0130-II\" \/>\n<meta property=\"og:description\" content=\"i. kendi enkaz\u0131 \u00fcst\u00fcnde dans edip\u00e7\u0131lg\u0131nca \u00e7\u0131\u011fl\u0131klar atan, ey ihtilal yar\u0131m\u0131 deli ozan!e\u011fer \u0131ss\u0131z bir vadideyolda\u015fs\u0131z bir nehir gibi akmak d\u00fc\u015fm\u00fc\u015fse pay\u0131naharl\u0131 sudan ge\u00e7enm\u0131zrakl\u0131 k\u0131z\u0131l bulutlar gibi rahvan ge\u00e7 git yery\u00fcz\u00fc \u0131rma\u011f\u0131ndan! \u015fiirinin ayak izlerinden f\u0131\u015fk\u0131ran yang\u0131n ye\u015fili lav \u00e7i\u00e7ekleritan\u0131t\u0131d\u0131r buralarda bir yang\u0131n olarak ya\u015fad\u0131\u011f\u0131n\u0131n ii. k\u00fcf\u00fcr, alay ve a\u015fa\u011f\u0131lamaunutma ki yah\u015fi silahlard\u0131r e\u011fle\u015fenler i\u00e7in [&hellip;]\" \/>\n<meta property=\"og:url\" content=\"https:\/\/narteks.net\/index.php\/2018\/08\/01\/sairin-suresi-ii\/\" \/>\n<meta property=\"og:site_name\" content=\"narteks.net\" \/>\n<meta property=\"article:published_time\" content=\"2018-08-01T19:25:20+00:00\" \/>\n<meta property=\"og:image\" content=\"https:\/\/narteks.net\/wp-content\/uploads\/narteks.png\" \/>\n\t<meta property=\"og:image:width\" content=\"300\" \/>\n\t<meta property=\"og:image:height\" content=\"90\" \/>\n\t<meta property=\"og:image:type\" content=\"image\/png\" \/>\n<meta name=\"author\" content=\"Tar\u0131k\" \/>\n<meta name=\"twitter:card\" content=\"summary_large_image\" \/>\n<meta name=\"twitter:creator\" content=\"@narteks\" \/>\n<meta name=\"twitter:site\" content=\"@narteks\" \/>\n<meta name=\"twitter:label1\" content=\"Yazan:\" \/>\n\t<meta name=\"twitter:data1\" content=\"Tar\u0131k\" \/>\n\t<meta name=\"twitter:label2\" content=\"Tahmini okuma s\u00fcresi\" \/>\n\t<meta name=\"twitter:data2\" content=\"1 dakika\" \/>\n<script type=\"application\/ld+json\" class=\"yoast-schema-graph\">{\"@context\":\"https:\/\/schema.org\",\"@graph\":[{\"@type\":\"Article\",\"@id\":\"https:\/\/narteks.net\/index.php\/2018\/08\/01\/sairin-suresi-ii\/#article\",\"isPartOf\":{\"@id\":\"https:\/\/narteks.net\/index.php\/2018\/08\/01\/sairin-suresi-ii\/\"},\"author\":{\"name\":\"Tar\u0131k\",\"@id\":\"https:\/\/narteks.net\/#\/schema\/person\/61f37d9834294b72d31d274e7ed79bca\"},\"headline\":\"\u015eA\u0130R\u0130N SURES\u0130-II\",\"datePublished\":\"2018-08-01T19:25:20+00:00\",\"mainEntityOfPage\":{\"@id\":\"https:\/\/narteks.net\/index.php\/2018\/08\/01\/sairin-suresi-ii\/\"},\"wordCount\":295,\"commentCount\":0,\"publisher\":{\"@id\":\"https:\/\/narteks.net\/#organization\"},\"articleSection\":[\"Fettah K\u00d6LEL\u0130\"],\"inLanguage\":\"tr\",\"potentialAction\":[{\"@type\":\"CommentAction\",\"name\":\"Comment\",\"target\":[\"https:\/\/narteks.net\/index.php\/2018\/08\/01\/sairin-suresi-ii\/#respond\"]}]},{\"@type\":\"WebPage\",\"@id\":\"https:\/\/narteks.net\/index.php\/2018\/08\/01\/sairin-suresi-ii\/\",\"url\":\"https:\/\/narteks.net\/index.php\/2018\/08\/01\/sairin-suresi-ii\/\",\"name\":\"\u015eA\u0130R\u0130N SURES\u0130-II - narteks.net\",\"isPartOf\":{\"@id\":\"https:\/\/narteks.net\/#website\"},\"datePublished\":\"2018-08-01T19:25:20+00:00\",\"breadcrumb\":{\"@id\":\"https:\/\/narteks.net\/index.php\/2018\/08\/01\/sairin-suresi-ii\/#breadcrumb\"},\"inLanguage\":\"tr\",\"potentialAction\":[{\"@type\":\"ReadAction\",\"target\":[\"https:\/\/narteks.net\/index.php\/2018\/08\/01\/sairin-suresi-ii\/\"]}]},{\"@type\":\"BreadcrumbList\",\"@id\":\"https:\/\/narteks.net\/index.php\/2018\/08\/01\/sairin-suresi-ii\/#breadcrumb\",\"itemListElement\":[{\"@type\":\"ListItem\",\"position\":1,\"name\":\"Anasayfa\",\"item\":\"https:\/\/narteks.net\/\"},{\"@type\":\"ListItem\",\"position\":2,\"name\":\"\u015eA\u0130R\u0130N SURES\u0130-II\"}]},{\"@type\":\"WebSite\",\"@id\":\"https:\/\/narteks.net\/#website\",\"url\":\"https:\/\/narteks.net\/\",\"name\":\"narteks.net\",\"description\":\"K\u00fclt\u00fcr Sanat Edebiyat Felsefe\",\"publisher\":{\"@id\":\"https:\/\/narteks.net\/#organization\"},\"alternateName\":\"K\u00fclt\u00fcr Sanat Edebiyat Felsefe\",\"potentialAction\":[{\"@type\":\"SearchAction\",\"target\":{\"@type\":\"EntryPoint\",\"urlTemplate\":\"https:\/\/narteks.net\/?s={search_term_string}\"},\"query-input\":{\"@type\":\"PropertyValueSpecification\",\"valueRequired\":true,\"valueName\":\"search_term_string\"}}],\"inLanguage\":\"tr\"},{\"@type\":\"Organization\",\"@id\":\"https:\/\/narteks.net\/#organization\",\"name\":\"narteks.net\",\"url\":\"https:\/\/narteks.net\/\",\"logo\":{\"@type\":\"ImageObject\",\"inLanguage\":\"tr\",\"@id\":\"https:\/\/narteks.net\/#\/schema\/logo\/image\/\",\"url\":\"https:\/\/narteks.net\/wp-content\/uploads\/narteks.png\",\"contentUrl\":\"https:\/\/narteks.net\/wp-content\/uploads\/narteks.png\",\"width\":300,\"height\":90,\"caption\":\"narteks.net\"},\"image\":{\"@id\":\"https:\/\/narteks.net\/#\/schema\/logo\/image\/\"},\"sameAs\":[\"https:\/\/x.com\/narteks\",\"https:\/\/instagram.com\/narteksnet\"]},{\"@type\":\"Person\",\"@id\":\"https:\/\/narteks.net\/#\/schema\/person\/61f37d9834294b72d31d274e7ed79bca\",\"name\":\"Tar\u0131k\",\"image\":{\"@type\":\"ImageObject\",\"inLanguage\":\"tr\",\"@id\":\"https:\/\/narteks.net\/#\/schema\/person\/image\/\",\"url\":\"https:\/\/secure.gravatar.com\/avatar\/50865afb55632c4ae467e0af0930f6510aa2297d8014be502a55b14f3b7550cf?s=96&d=mm&r=g\",\"contentUrl\":\"https:\/\/secure.gravatar.com\/avatar\/50865afb55632c4ae467e0af0930f6510aa2297d8014be502a55b14f3b7550cf?s=96&d=mm&r=g\",\"caption\":\"Tar\u0131k\"},\"sameAs\":[\"http:\/\/narteks.net\"],\"url\":\"https:\/\/narteks.net\/index.php\/author\/narbak\/\"}]}<\/script>\n<!-- \/ Yoast SEO Premium plugin. -->","yoast_head_json":{"title":"\u015eA\u0130R\u0130N SURES\u0130-II - narteks.net","robots":{"index":"index","follow":"follow","max-snippet":"max-snippet:-1","max-image-preview":"max-image-preview:large","max-video-preview":"max-video-preview:-1"},"canonical":"https:\/\/narteks.net\/index.php\/2018\/08\/01\/sairin-suresi-ii\/","og_locale":"tr_TR","og_type":"article","og_title":"\u015eA\u0130R\u0130N SURES\u0130-II","og_description":"i. kendi enkaz\u0131 \u00fcst\u00fcnde dans edip\u00e7\u0131lg\u0131nca \u00e7\u0131\u011fl\u0131klar atan, ey ihtilal yar\u0131m\u0131 deli ozan!e\u011fer \u0131ss\u0131z bir vadideyolda\u015fs\u0131z bir nehir gibi akmak d\u00fc\u015fm\u00fc\u015fse pay\u0131naharl\u0131 sudan ge\u00e7enm\u0131zrakl\u0131 k\u0131z\u0131l bulutlar gibi rahvan ge\u00e7 git yery\u00fcz\u00fc \u0131rma\u011f\u0131ndan! \u015fiirinin ayak izlerinden f\u0131\u015fk\u0131ran yang\u0131n ye\u015fili lav \u00e7i\u00e7ekleritan\u0131t\u0131d\u0131r buralarda bir yang\u0131n olarak ya\u015fad\u0131\u011f\u0131n\u0131n ii. k\u00fcf\u00fcr, alay ve a\u015fa\u011f\u0131lamaunutma ki yah\u015fi silahlard\u0131r e\u011fle\u015fenler i\u00e7in [&hellip;]","og_url":"https:\/\/narteks.net\/index.php\/2018\/08\/01\/sairin-suresi-ii\/","og_site_name":"narteks.net","article_published_time":"2018-08-01T19:25:20+00:00","og_image":[{"width":300,"height":90,"url":"https:\/\/narteks.net\/wp-content\/uploads\/narteks.png","type":"image\/png"}],"author":"Tar\u0131k","twitter_card":"summary_large_image","twitter_creator":"@narteks","twitter_site":"@narteks","twitter_misc":{"Yazan:":"Tar\u0131k","Tahmini okuma s\u00fcresi":"1 dakika"},"schema":{"@context":"https:\/\/schema.org","@graph":[{"@type":"Article","@id":"https:\/\/narteks.net\/index.php\/2018\/08\/01\/sairin-suresi-ii\/#article","isPartOf":{"@id":"https:\/\/narteks.net\/index.php\/2018\/08\/01\/sairin-suresi-ii\/"},"author":{"name":"Tar\u0131k","@id":"https:\/\/narteks.net\/#\/schema\/person\/61f37d9834294b72d31d274e7ed79bca"},"headline":"\u015eA\u0130R\u0130N SURES\u0130-II","datePublished":"2018-08-01T19:25:20+00:00","mainEntityOfPage":{"@id":"https:\/\/narteks.net\/index.php\/2018\/08\/01\/sairin-suresi-ii\/"},"wordCount":295,"commentCount":0,"publisher":{"@id":"https:\/\/narteks.net\/#organization"},"articleSection":["Fettah K\u00d6LEL\u0130"],"inLanguage":"tr","potentialAction":[{"@type":"CommentAction","name":"Comment","target":["https:\/\/narteks.net\/index.php\/2018\/08\/01\/sairin-suresi-ii\/#respond"]}]},{"@type":"WebPage","@id":"https:\/\/narteks.net\/index.php\/2018\/08\/01\/sairin-suresi-ii\/","url":"https:\/\/narteks.net\/index.php\/2018\/08\/01\/sairin-suresi-ii\/","name":"\u015eA\u0130R\u0130N SURES\u0130-II - narteks.net","isPartOf":{"@id":"https:\/\/narteks.net\/#website"},"datePublished":"2018-08-01T19:25:20+00:00","breadcrumb":{"@id":"https:\/\/narteks.net\/index.php\/2018\/08\/01\/sairin-suresi-ii\/#breadcrumb"},"inLanguage":"tr","potentialAction":[{"@type":"ReadAction","target":["https:\/\/narteks.net\/index.php\/2018\/08\/01\/sairin-suresi-ii\/"]}]},{"@type":"BreadcrumbList","@id":"https:\/\/narteks.net\/index.php\/2018\/08\/01\/sairin-suresi-ii\/#breadcrumb","itemListElement":[{"@type":"ListItem","position":1,"name":"Anasayfa","item":"https:\/\/narteks.net\/"},{"@type":"ListItem","position":2,"name":"\u015eA\u0130R\u0130N SURES\u0130-II"}]},{"@type":"WebSite","@id":"https:\/\/narteks.net\/#website","url":"https:\/\/narteks.net\/","name":"narteks.net","description":"K\u00fclt\u00fcr Sanat Edebiyat Felsefe","publisher":{"@id":"https:\/\/narteks.net\/#organization"},"alternateName":"K\u00fclt\u00fcr Sanat Edebiyat Felsefe","potentialAction":[{"@type":"SearchAction","target":{"@type":"EntryPoint","urlTemplate":"https:\/\/narteks.net\/?s={search_term_string}"},"query-input":{"@type":"PropertyValueSpecification","valueRequired":true,"valueName":"search_term_string"}}],"inLanguage":"tr"},{"@type":"Organization","@id":"https:\/\/narteks.net\/#organization","name":"narteks.net","url":"https:\/\/narteks.net\/","logo":{"@type":"ImageObject","inLanguage":"tr","@id":"https:\/\/narteks.net\/#\/schema\/logo\/image\/","url":"https:\/\/narteks.net\/wp-content\/uploads\/narteks.png","contentUrl":"https:\/\/narteks.net\/wp-content\/uploads\/narteks.png","width":300,"height":90,"caption":"narteks.net"},"image":{"@id":"https:\/\/narteks.net\/#\/schema\/logo\/image\/"},"sameAs":["https:\/\/x.com\/narteks","https:\/\/instagram.com\/narteksnet"]},{"@type":"Person","@id":"https:\/\/narteks.net\/#\/schema\/person\/61f37d9834294b72d31d274e7ed79bca","name":"Tar\u0131k","image":{"@type":"ImageObject","inLanguage":"tr","@id":"https:\/\/narteks.net\/#\/schema\/person\/image\/","url":"https:\/\/secure.gravatar.com\/avatar\/50865afb55632c4ae467e0af0930f6510aa2297d8014be502a55b14f3b7550cf?s=96&d=mm&r=g","contentUrl":"https:\/\/secure.gravatar.com\/avatar\/50865afb55632c4ae467e0af0930f6510aa2297d8014be502a55b14f3b7550cf?s=96&d=mm&r=g","caption":"Tar\u0131k"},"sameAs":["http:\/\/narteks.net"],"url":"https:\/\/narteks.net\/index.php\/author\/narbak\/"}]}},"_links":{"self":[{"href":"https:\/\/narteks.net\/index.php\/wp-json\/wp\/v2\/posts\/7056","targetHints":{"allow":["GET"]}}],"collection":[{"href":"https:\/\/narteks.net\/index.php\/wp-json\/wp\/v2\/posts"}],"about":[{"href":"https:\/\/narteks.net\/index.php\/wp-json\/wp\/v2\/types\/post"}],"author":[{"embeddable":true,"href":"https:\/\/narteks.net\/index.php\/wp-json\/wp\/v2\/users\/1"}],"replies":[{"embeddable":true,"href":"https:\/\/narteks.net\/index.php\/wp-json\/wp\/v2\/comments?post=7056"}],"version-history":[{"count":0,"href":"https:\/\/narteks.net\/index.php\/wp-json\/wp\/v2\/posts\/7056\/revisions"}],"wp:attachment":[{"href":"https:\/\/narteks.net\/index.php\/wp-json\/wp\/v2\/media?parent=7056"}],"wp:term":[{"taxonomy":"category","embeddable":true,"href":"https:\/\/narteks.net\/index.php\/wp-json\/wp\/v2\/categories?post=7056"},{"taxonomy":"post_tag","embeddable":true,"href":"https:\/\/narteks.net\/index.php\/wp-json\/wp\/v2\/tags?post=7056"}],"curies":[{"name":"wp","href":"https:\/\/api.w.org\/{rel}","templated":true}]}}