{"id":7059,"date":"2018-08-01T22:33:26","date_gmt":"2018-08-01T19:33:26","guid":{"rendered":"http:\/\/localhost\/wordpress\/2018\/08\/01\/fettah-koleli-biyografisi\/"},"modified":"2024-04-27T13:14:41","modified_gmt":"2024-04-27T10:14:41","slug":"fettah-koleli-biyografisi","status":"publish","type":"post","link":"https:\/\/narteks.net\/index.php\/2018\/08\/01\/fettah-koleli-biyografisi\/","title":{"rendered":"Fettah K\u00d6LEL\u0130 Biyografisi"},"content":{"rendered":"<p style=\"text-align: justify;\"><img loading=\"lazy\" decoding=\"async\" class=\"wp-image-7905 size-thumbnail alignleft\" src=\"http:\/\/narteks.net\/wp-content\/uploads\/fettah_koleli-1-150x150.jpg\" alt=\"\" width=\"150\" height=\"150\" \/>1968 y\u0131l\u0131nda Adana&#8217;da do\u011fan Fettah K\u00f6leli, ya\u015fayan g\u00fcn\u00fcm\u00fcz T\u00fcrk \u015fairlerindendir.\u0130lk, orta ve lise e\u011fitimini Kozan&#8217;da tamamlad\u0131. Bir y\u0131l \u00c7ukurova \u00dcniversitesi Ziraat Fakultesi&#8217;ne devam ettikten sonra s\u0131ras\u0131yla Bo\u011fazi\u00e7i \u00dcniversitesi ve Ortado\u011fu Teknik \u00dcniversitesi&#8217;nde felsefe okudu. Siyasi rejim taraf\u0131ndan \u00fcniversite e\u011fitimi s\u0131k s\u0131k kesintiye u\u011frat\u0131ld\u0131. Nihayet 2001 y\u0131l\u0131nda Ankara \u00dcniversitesi Gazetecilik B\u00f6l\u00fcm\u00fc&#8217;nden mezun oldu.<\/p>\n<p>1988-1995 y\u0131llar\u0131 aras\u0131nda \u00fcniversite gen\u00e7li\u011finin askeri cuntaya kar\u015f\u0131 y\u00fcr\u00fctt\u00fc\u011f\u00fc devrim ve demokrasi m\u00fccadelesinin gen\u00e7lik \u00f6nderlerinden olan K\u00f6leli , pek \u00e7ok ku\u015fakda\u015f\u0131 gibi defalarca g\u00f6zalt\u0131na al\u0131nd\u0131, h\u00fccrelerde kald\u0131, o d\u00f6nemin nam-\u0131 di\u011fer cunta mahkemeleri olam DGM&#8217;lerde yarg\u0131land\u0131. 2000&#8217;li y\u0131llarda T\u00fcrkiye ayd\u0131n ve sanat\u00e7\u0131lar\u0131n\u0131n m\u00fccadelesinde \u00f6nemli bir yeri olan, &#8221; F Tipi Cezaevlerine Kar\u015f\u0131 Ayd\u0131n ve Sanat\u00e7\u0131 Giri\u015fimi&#8221; nin kurucular\u0131 aras\u0131nda yer ald\u0131. \u201c19 Aral\u0131k Operasyonu\u201d sonras\u0131, \u00fclkenin \u00f6nde gelen sosyalist ayd\u0131n ve sanat\u00e7\u0131lar\u0131yla birlikte, \u201cyard\u0131m ve yatakl\u0131k\u201d su\u00e7lamas\u0131yla bir kez daha DGM&#8217;de yarg\u0131lan\u0131p beraat etti.<\/p>\n<p>\u0130lk \u015fiiri ilkokul d\u00f6rd\u00fcnc\u00fc s\u0131n\u0131ftayken Milliyet \u00c7ocuk Dergisi&#8217;nde yay\u0131mland\u0131. Yeni \u015eiir, Sanat Rehberi, \u0130nsanc\u0131l, Damar, Kavram Karma\u015fa, Edebiyat ve Ele\u015ftiri, Kum, Bireylikler, Deliler Teknesi, Kurgu, Amonos Yaz\u0131lar\u0131, \u0130mgelem, BH Sanat, Yeniyaz\u0131, Har, Sanat Eylemi gibi belli ba\u015fl\u0131 pek \u00e7ok sanat edebiyat dergisinde \u015fiirleri yay\u0131mland\u0131. Kar-Ya ( Bilimsel ve K\u00fclt\u00fcrel Ara\u015ft\u0131rmalar Yay\u0131nc\u0131l\u0131k ve \u00dcretim Kooperatifi )&#8217;n\u0131n yay\u0131mlad\u0131\u011f\u0131 \u201cSanat Eylemi\u201d Dergisi&#8217;nin yay\u0131n kurulu \u00fcyeli\u011fi ve genel yay\u0131n y\u00f6netmenli\u011fini yapt\u0131.1995&#8217;te &#8220;Kaybedecek Hi\u00e7 Bir \u015eey Yok Art\u0131k&#8221;,1998&#8217;de &#8220;Sustu\u011fum Yerleri \u0130\u015faretle&#8221; , 2005&#8217;te &#8220;\u0130flah Olmaz Ruhlar Reyonu&#8221; ve 2012&#8217;de &#8221; R\u00fczgar Ne S\u00f6yler Bir M\u00fcnzeviye&#8221;adl\u0131 \u015fiir kitaplar\u0131 yay\u0131mland\u0131.<\/p>\n<p>Poetikas\u0131n\u0131 &#8220;Radikal \u00dctopizm&#8221; diye adland\u0131rd\u0131. Kendini ve \u015fiirini sanat d\u00fcnyas\u0131 i\u00e7inde &#8220;d\u0131\u015f kulvardaki atl\u0131&#8221; olarak tan\u0131mlad\u0131. Hi\u00e7bir \u015fiir yar\u0131\u015fmas\u0131na kat\u0131lmad\u0131. S\u00f6zde b\u00fcy\u00fck hi\u00e7bir sanat edebiyat dergisine \u015fiir g\u00f6ndermedi. Sanat edebiyat d\u00fcnyas\u0131ndaki usta \u00e7\u0131rak ve kafakol ili\u015fkilerinden uzak durdu. \u0130\u015f\u00e7i s\u0131n\u0131f\u0131n\u0131n k\u00fcresel yenilgisinden sonra inzivaya \u00e7ekildi. 20.yy&#8217;\u0131n sonlar\u0131nda ve 21.yy&#8217;\u0131n ba\u015flar\u0131nda \u015fiir yazan pek \u00e7ok ya\u015f\u0131t\u0131 gibi, \u00f6nceki toplumcu ku\u015faklardan farkl\u0131 izlekler ve aray\u0131\u015flar i\u00e7inde g\u00f6r\u00fcnd\u00fc. Evrenin ruhunun birli\u011fi ve insan\u0131n evrensel trajedisi onun \u015fiirlerinde ba\u015fat \u00f6\u011fe oldu hep.<\/p>\n<p>Neslihan K\u00f6leli ile evli ve harika \u00e7ocuk Kayra Roza&#8217;n\u0131n babas\u0131d\u0131r.<\/p>\n","protected":false},"excerpt":{"rendered":"<p>1968 y\u0131l\u0131nda Adana&#8217;da do\u011fan Fettah K\u00f6leli, ya\u015fayan g\u00fcn\u00fcm\u00fcz T\u00fcrk \u015fairlerindendir.\u0130lk, orta ve lise e\u011fitimini Kozan&#8217;da tamamlad\u0131. Bir y\u0131l \u00c7ukurova \u00dcniversitesi Ziraat Fakultesi&#8217;ne devam ettikten sonra s\u0131ras\u0131yla Bo\u011fazi\u00e7i \u00dcniversitesi ve Ortado\u011fu Teknik \u00dcniversitesi&#8217;nde felsefe okudu. Siyasi rejim taraf\u0131ndan \u00fcniversite e\u011fitimi s\u0131k s\u0131k kesintiye u\u011frat\u0131ld\u0131. Nihayet 2001 y\u0131l\u0131nda Ankara \u00dcniversitesi Gazetecilik B\u00f6l\u00fcm\u00fc&#8217;nden mezun oldu. 1988-1995 y\u0131llar\u0131 aras\u0131nda [&hellip;]<\/p>\n","protected":false},"author":1,"featured_media":0,"comment_status":"open","ping_status":"open","sticky":false,"template":"","format":"standard","meta":{"footnotes":""},"categories":[215],"tags":[],"class_list":{"0":"post-7059","1":"post","2":"type-post","3":"status-publish","4":"format-standard","6":"category-fettah-koleli"},"yoast_head":"<!-- This site is optimized with the Yoast SEO Premium plugin v24.9 (Yoast SEO v24.9) - https:\/\/yoast.com\/wordpress\/plugins\/seo\/ -->\n<title>Fettah K\u00d6LEL\u0130 Biyografisi - narteks.net<\/title>\n<meta name=\"robots\" content=\"index, follow, max-snippet:-1, max-image-preview:large, max-video-preview:-1\" \/>\n<link rel=\"canonical\" href=\"https:\/\/narteks.net\/index.php\/2018\/08\/01\/fettah-koleli-biyografisi\/\" \/>\n<meta property=\"og:locale\" content=\"tr_TR\" \/>\n<meta property=\"og:type\" content=\"article\" \/>\n<meta property=\"og:title\" content=\"Fettah K\u00d6LEL\u0130 Biyografisi\" \/>\n<meta property=\"og:description\" content=\"1968 y\u0131l\u0131nda Adana&#8217;da do\u011fan Fettah K\u00f6leli, ya\u015fayan g\u00fcn\u00fcm\u00fcz T\u00fcrk \u015fairlerindendir.\u0130lk, orta ve lise e\u011fitimini Kozan&#8217;da tamamlad\u0131. Bir y\u0131l \u00c7ukurova \u00dcniversitesi Ziraat Fakultesi&#8217;ne devam ettikten sonra s\u0131ras\u0131yla Bo\u011fazi\u00e7i \u00dcniversitesi ve Ortado\u011fu Teknik \u00dcniversitesi&#8217;nde felsefe okudu. Siyasi rejim taraf\u0131ndan \u00fcniversite e\u011fitimi s\u0131k s\u0131k kesintiye u\u011frat\u0131ld\u0131. Nihayet 2001 y\u0131l\u0131nda Ankara \u00dcniversitesi Gazetecilik B\u00f6l\u00fcm\u00fc&#8217;nden mezun oldu. 1988-1995 y\u0131llar\u0131 aras\u0131nda [&hellip;]\" \/>\n<meta property=\"og:url\" content=\"https:\/\/narteks.net\/index.php\/2018\/08\/01\/fettah-koleli-biyografisi\/\" \/>\n<meta property=\"og:site_name\" content=\"narteks.net\" \/>\n<meta property=\"article:published_time\" content=\"2018-08-01T19:33:26+00:00\" \/>\n<meta property=\"article:modified_time\" content=\"2024-04-27T10:14:41+00:00\" \/>\n<meta property=\"og:image\" content=\"http:\/\/narteks.net\/wp-content\/uploads\/fettah_koleli-1-150x150.jpg\" \/>\n<meta name=\"author\" content=\"Tar\u0131k\" \/>\n<meta name=\"twitter:card\" content=\"summary_large_image\" \/>\n<meta name=\"twitter:creator\" content=\"@narteks\" \/>\n<meta name=\"twitter:site\" content=\"@narteks\" \/>\n<meta name=\"twitter:label1\" content=\"Yazan:\" \/>\n\t<meta name=\"twitter:data1\" content=\"Tar\u0131k\" \/>\n\t<meta name=\"twitter:label2\" content=\"Tahmini okuma s\u00fcresi\" \/>\n\t<meta name=\"twitter:data2\" content=\"2 dakika\" \/>\n<script type=\"application\/ld+json\" class=\"yoast-schema-graph\">{\"@context\":\"https:\/\/schema.org\",\"@graph\":[{\"@type\":\"Article\",\"@id\":\"https:\/\/narteks.net\/index.php\/2018\/08\/01\/fettah-koleli-biyografisi\/#article\",\"isPartOf\":{\"@id\":\"https:\/\/narteks.net\/index.php\/2018\/08\/01\/fettah-koleli-biyografisi\/\"},\"author\":{\"name\":\"Tar\u0131k\",\"@id\":\"https:\/\/narteks.net\/#\/schema\/person\/61f37d9834294b72d31d274e7ed79bca\"},\"headline\":\"Fettah K\u00d6LEL\u0130 Biyografisi\",\"datePublished\":\"2018-08-01T19:33:26+00:00\",\"dateModified\":\"2024-04-27T10:14:41+00:00\",\"mainEntityOfPage\":{\"@id\":\"https:\/\/narteks.net\/index.php\/2018\/08\/01\/fettah-koleli-biyografisi\/\"},\"wordCount\":452,\"commentCount\":0,\"publisher\":{\"@id\":\"https:\/\/narteks.net\/#organization\"},\"image\":{\"@id\":\"https:\/\/narteks.net\/index.php\/2018\/08\/01\/fettah-koleli-biyografisi\/#primaryimage\"},\"thumbnailUrl\":\"http:\/\/narteks.net\/wp-content\/uploads\/fettah_koleli-1-150x150.jpg\",\"articleSection\":[\"Fettah K\u00d6LEL\u0130\"],\"inLanguage\":\"tr\",\"potentialAction\":[{\"@type\":\"CommentAction\",\"name\":\"Comment\",\"target\":[\"https:\/\/narteks.net\/index.php\/2018\/08\/01\/fettah-koleli-biyografisi\/#respond\"]}]},{\"@type\":\"WebPage\",\"@id\":\"https:\/\/narteks.net\/index.php\/2018\/08\/01\/fettah-koleli-biyografisi\/\",\"url\":\"https:\/\/narteks.net\/index.php\/2018\/08\/01\/fettah-koleli-biyografisi\/\",\"name\":\"Fettah K\u00d6LEL\u0130 Biyografisi - narteks.net\",\"isPartOf\":{\"@id\":\"https:\/\/narteks.net\/#website\"},\"primaryImageOfPage\":{\"@id\":\"https:\/\/narteks.net\/index.php\/2018\/08\/01\/fettah-koleli-biyografisi\/#primaryimage\"},\"image\":{\"@id\":\"https:\/\/narteks.net\/index.php\/2018\/08\/01\/fettah-koleli-biyografisi\/#primaryimage\"},\"thumbnailUrl\":\"http:\/\/narteks.net\/wp-content\/uploads\/fettah_koleli-1-150x150.jpg\",\"datePublished\":\"2018-08-01T19:33:26+00:00\",\"dateModified\":\"2024-04-27T10:14:41+00:00\",\"breadcrumb\":{\"@id\":\"https:\/\/narteks.net\/index.php\/2018\/08\/01\/fettah-koleli-biyografisi\/#breadcrumb\"},\"inLanguage\":\"tr\",\"potentialAction\":[{\"@type\":\"ReadAction\",\"target\":[\"https:\/\/narteks.net\/index.php\/2018\/08\/01\/fettah-koleli-biyografisi\/\"]}]},{\"@type\":\"ImageObject\",\"inLanguage\":\"tr\",\"@id\":\"https:\/\/narteks.net\/index.php\/2018\/08\/01\/fettah-koleli-biyografisi\/#primaryimage\",\"url\":\"https:\/\/narteks.net\/wp-content\/uploads\/fettah_koleli-1.jpg\",\"contentUrl\":\"https:\/\/narteks.net\/wp-content\/uploads\/fettah_koleli-1.jpg\",\"width\":320,\"height\":240},{\"@type\":\"BreadcrumbList\",\"@id\":\"https:\/\/narteks.net\/index.php\/2018\/08\/01\/fettah-koleli-biyografisi\/#breadcrumb\",\"itemListElement\":[{\"@type\":\"ListItem\",\"position\":1,\"name\":\"Anasayfa\",\"item\":\"https:\/\/narteks.net\/\"},{\"@type\":\"ListItem\",\"position\":2,\"name\":\"Fettah K\u00d6LEL\u0130 Biyografisi\"}]},{\"@type\":\"WebSite\",\"@id\":\"https:\/\/narteks.net\/#website\",\"url\":\"https:\/\/narteks.net\/\",\"name\":\"narteks.net\",\"description\":\"K\u00fclt\u00fcr Sanat Edebiyat Felsefe\",\"publisher\":{\"@id\":\"https:\/\/narteks.net\/#organization\"},\"alternateName\":\"K\u00fclt\u00fcr Sanat Edebiyat Felsefe\",\"potentialAction\":[{\"@type\":\"SearchAction\",\"target\":{\"@type\":\"EntryPoint\",\"urlTemplate\":\"https:\/\/narteks.net\/?s={search_term_string}\"},\"query-input\":{\"@type\":\"PropertyValueSpecification\",\"valueRequired\":true,\"valueName\":\"search_term_string\"}}],\"inLanguage\":\"tr\"},{\"@type\":\"Organization\",\"@id\":\"https:\/\/narteks.net\/#organization\",\"name\":\"narteks.net\",\"url\":\"https:\/\/narteks.net\/\",\"logo\":{\"@type\":\"ImageObject\",\"inLanguage\":\"tr\",\"@id\":\"https:\/\/narteks.net\/#\/schema\/logo\/image\/\",\"url\":\"https:\/\/narteks.net\/wp-content\/uploads\/narteks.png\",\"contentUrl\":\"https:\/\/narteks.net\/wp-content\/uploads\/narteks.png\",\"width\":300,\"height\":90,\"caption\":\"narteks.net\"},\"image\":{\"@id\":\"https:\/\/narteks.net\/#\/schema\/logo\/image\/\"},\"sameAs\":[\"https:\/\/x.com\/narteks\",\"https:\/\/instagram.com\/narteksnet\"]},{\"@type\":\"Person\",\"@id\":\"https:\/\/narteks.net\/#\/schema\/person\/61f37d9834294b72d31d274e7ed79bca\",\"name\":\"Tar\u0131k\",\"image\":{\"@type\":\"ImageObject\",\"inLanguage\":\"tr\",\"@id\":\"https:\/\/narteks.net\/#\/schema\/person\/image\/\",\"url\":\"https:\/\/secure.gravatar.com\/avatar\/50865afb55632c4ae467e0af0930f6510aa2297d8014be502a55b14f3b7550cf?s=96&d=mm&r=g\",\"contentUrl\":\"https:\/\/secure.gravatar.com\/avatar\/50865afb55632c4ae467e0af0930f6510aa2297d8014be502a55b14f3b7550cf?s=96&d=mm&r=g\",\"caption\":\"Tar\u0131k\"},\"sameAs\":[\"http:\/\/narteks.net\"],\"url\":\"https:\/\/narteks.net\/index.php\/author\/narbak\/\"}]}<\/script>\n<!-- \/ Yoast SEO Premium plugin. -->","yoast_head_json":{"title":"Fettah K\u00d6LEL\u0130 Biyografisi - narteks.net","robots":{"index":"index","follow":"follow","max-snippet":"max-snippet:-1","max-image-preview":"max-image-preview:large","max-video-preview":"max-video-preview:-1"},"canonical":"https:\/\/narteks.net\/index.php\/2018\/08\/01\/fettah-koleli-biyografisi\/","og_locale":"tr_TR","og_type":"article","og_title":"Fettah K\u00d6LEL\u0130 Biyografisi","og_description":"1968 y\u0131l\u0131nda Adana&#8217;da do\u011fan Fettah K\u00f6leli, ya\u015fayan g\u00fcn\u00fcm\u00fcz T\u00fcrk \u015fairlerindendir.\u0130lk, orta ve lise e\u011fitimini Kozan&#8217;da tamamlad\u0131. Bir y\u0131l \u00c7ukurova \u00dcniversitesi Ziraat Fakultesi&#8217;ne devam ettikten sonra s\u0131ras\u0131yla Bo\u011fazi\u00e7i \u00dcniversitesi ve Ortado\u011fu Teknik \u00dcniversitesi&#8217;nde felsefe okudu. Siyasi rejim taraf\u0131ndan \u00fcniversite e\u011fitimi s\u0131k s\u0131k kesintiye u\u011frat\u0131ld\u0131. Nihayet 2001 y\u0131l\u0131nda Ankara \u00dcniversitesi Gazetecilik B\u00f6l\u00fcm\u00fc&#8217;nden mezun oldu. 1988-1995 y\u0131llar\u0131 aras\u0131nda [&hellip;]","og_url":"https:\/\/narteks.net\/index.php\/2018\/08\/01\/fettah-koleli-biyografisi\/","og_site_name":"narteks.net","article_published_time":"2018-08-01T19:33:26+00:00","article_modified_time":"2024-04-27T10:14:41+00:00","og_image":[{"url":"http:\/\/narteks.net\/wp-content\/uploads\/fettah_koleli-1-150x150.jpg","type":"","width":"","height":""}],"author":"Tar\u0131k","twitter_card":"summary_large_image","twitter_creator":"@narteks","twitter_site":"@narteks","twitter_misc":{"Yazan:":"Tar\u0131k","Tahmini okuma s\u00fcresi":"2 dakika"},"schema":{"@context":"https:\/\/schema.org","@graph":[{"@type":"Article","@id":"https:\/\/narteks.net\/index.php\/2018\/08\/01\/fettah-koleli-biyografisi\/#article","isPartOf":{"@id":"https:\/\/narteks.net\/index.php\/2018\/08\/01\/fettah-koleli-biyografisi\/"},"author":{"name":"Tar\u0131k","@id":"https:\/\/narteks.net\/#\/schema\/person\/61f37d9834294b72d31d274e7ed79bca"},"headline":"Fettah K\u00d6LEL\u0130 Biyografisi","datePublished":"2018-08-01T19:33:26+00:00","dateModified":"2024-04-27T10:14:41+00:00","mainEntityOfPage":{"@id":"https:\/\/narteks.net\/index.php\/2018\/08\/01\/fettah-koleli-biyografisi\/"},"wordCount":452,"commentCount":0,"publisher":{"@id":"https:\/\/narteks.net\/#organization"},"image":{"@id":"https:\/\/narteks.net\/index.php\/2018\/08\/01\/fettah-koleli-biyografisi\/#primaryimage"},"thumbnailUrl":"http:\/\/narteks.net\/wp-content\/uploads\/fettah_koleli-1-150x150.jpg","articleSection":["Fettah K\u00d6LEL\u0130"],"inLanguage":"tr","potentialAction":[{"@type":"CommentAction","name":"Comment","target":["https:\/\/narteks.net\/index.php\/2018\/08\/01\/fettah-koleli-biyografisi\/#respond"]}]},{"@type":"WebPage","@id":"https:\/\/narteks.net\/index.php\/2018\/08\/01\/fettah-koleli-biyografisi\/","url":"https:\/\/narteks.net\/index.php\/2018\/08\/01\/fettah-koleli-biyografisi\/","name":"Fettah K\u00d6LEL\u0130 Biyografisi - narteks.net","isPartOf":{"@id":"https:\/\/narteks.net\/#website"},"primaryImageOfPage":{"@id":"https:\/\/narteks.net\/index.php\/2018\/08\/01\/fettah-koleli-biyografisi\/#primaryimage"},"image":{"@id":"https:\/\/narteks.net\/index.php\/2018\/08\/01\/fettah-koleli-biyografisi\/#primaryimage"},"thumbnailUrl":"http:\/\/narteks.net\/wp-content\/uploads\/fettah_koleli-1-150x150.jpg","datePublished":"2018-08-01T19:33:26+00:00","dateModified":"2024-04-27T10:14:41+00:00","breadcrumb":{"@id":"https:\/\/narteks.net\/index.php\/2018\/08\/01\/fettah-koleli-biyografisi\/#breadcrumb"},"inLanguage":"tr","potentialAction":[{"@type":"ReadAction","target":["https:\/\/narteks.net\/index.php\/2018\/08\/01\/fettah-koleli-biyografisi\/"]}]},{"@type":"ImageObject","inLanguage":"tr","@id":"https:\/\/narteks.net\/index.php\/2018\/08\/01\/fettah-koleli-biyografisi\/#primaryimage","url":"https:\/\/narteks.net\/wp-content\/uploads\/fettah_koleli-1.jpg","contentUrl":"https:\/\/narteks.net\/wp-content\/uploads\/fettah_koleli-1.jpg","width":320,"height":240},{"@type":"BreadcrumbList","@id":"https:\/\/narteks.net\/index.php\/2018\/08\/01\/fettah-koleli-biyografisi\/#breadcrumb","itemListElement":[{"@type":"ListItem","position":1,"name":"Anasayfa","item":"https:\/\/narteks.net\/"},{"@type":"ListItem","position":2,"name":"Fettah K\u00d6LEL\u0130 Biyografisi"}]},{"@type":"WebSite","@id":"https:\/\/narteks.net\/#website","url":"https:\/\/narteks.net\/","name":"narteks.net","description":"K\u00fclt\u00fcr Sanat Edebiyat Felsefe","publisher":{"@id":"https:\/\/narteks.net\/#organization"},"alternateName":"K\u00fclt\u00fcr Sanat Edebiyat Felsefe","potentialAction":[{"@type":"SearchAction","target":{"@type":"EntryPoint","urlTemplate":"https:\/\/narteks.net\/?s={search_term_string}"},"query-input":{"@type":"PropertyValueSpecification","valueRequired":true,"valueName":"search_term_string"}}],"inLanguage":"tr"},{"@type":"Organization","@id":"https:\/\/narteks.net\/#organization","name":"narteks.net","url":"https:\/\/narteks.net\/","logo":{"@type":"ImageObject","inLanguage":"tr","@id":"https:\/\/narteks.net\/#\/schema\/logo\/image\/","url":"https:\/\/narteks.net\/wp-content\/uploads\/narteks.png","contentUrl":"https:\/\/narteks.net\/wp-content\/uploads\/narteks.png","width":300,"height":90,"caption":"narteks.net"},"image":{"@id":"https:\/\/narteks.net\/#\/schema\/logo\/image\/"},"sameAs":["https:\/\/x.com\/narteks","https:\/\/instagram.com\/narteksnet"]},{"@type":"Person","@id":"https:\/\/narteks.net\/#\/schema\/person\/61f37d9834294b72d31d274e7ed79bca","name":"Tar\u0131k","image":{"@type":"ImageObject","inLanguage":"tr","@id":"https:\/\/narteks.net\/#\/schema\/person\/image\/","url":"https:\/\/secure.gravatar.com\/avatar\/50865afb55632c4ae467e0af0930f6510aa2297d8014be502a55b14f3b7550cf?s=96&d=mm&r=g","contentUrl":"https:\/\/secure.gravatar.com\/avatar\/50865afb55632c4ae467e0af0930f6510aa2297d8014be502a55b14f3b7550cf?s=96&d=mm&r=g","caption":"Tar\u0131k"},"sameAs":["http:\/\/narteks.net"],"url":"https:\/\/narteks.net\/index.php\/author\/narbak\/"}]}},"_links":{"self":[{"href":"https:\/\/narteks.net\/index.php\/wp-json\/wp\/v2\/posts\/7059","targetHints":{"allow":["GET"]}}],"collection":[{"href":"https:\/\/narteks.net\/index.php\/wp-json\/wp\/v2\/posts"}],"about":[{"href":"https:\/\/narteks.net\/index.php\/wp-json\/wp\/v2\/types\/post"}],"author":[{"embeddable":true,"href":"https:\/\/narteks.net\/index.php\/wp-json\/wp\/v2\/users\/1"}],"replies":[{"embeddable":true,"href":"https:\/\/narteks.net\/index.php\/wp-json\/wp\/v2\/comments?post=7059"}],"version-history":[{"count":1,"href":"https:\/\/narteks.net\/index.php\/wp-json\/wp\/v2\/posts\/7059\/revisions"}],"predecessor-version":[{"id":7906,"href":"https:\/\/narteks.net\/index.php\/wp-json\/wp\/v2\/posts\/7059\/revisions\/7906"}],"wp:attachment":[{"href":"https:\/\/narteks.net\/index.php\/wp-json\/wp\/v2\/media?parent=7059"}],"wp:term":[{"taxonomy":"category","embeddable":true,"href":"https:\/\/narteks.net\/index.php\/wp-json\/wp\/v2\/categories?post=7059"},{"taxonomy":"post_tag","embeddable":true,"href":"https:\/\/narteks.net\/index.php\/wp-json\/wp\/v2\/tags?post=7059"}],"curies":[{"name":"wp","href":"https:\/\/api.w.org\/{rel}","templated":true}]}}