{"id":7060,"date":"2018-08-02T00:14:38","date_gmt":"2018-08-01T21:14:38","guid":{"rendered":"http:\/\/localhost\/wordpress\/2018\/08\/02\/ay-anlatiyor\/"},"modified":"2018-08-02T00:14:38","modified_gmt":"2018-08-01T21:14:38","slug":"ay-anlatiyor","status":"publish","type":"post","link":"https:\/\/narteks.net\/index.php\/2018\/08\/02\/ay-anlatiyor\/","title":{"rendered":"AY ANLATIYOR"},"content":{"rendered":"<p>kar ya\u011f\u0131yor<br \/>kesik kesik<br \/>bir durup<br \/>bir ilerleyerek<\/p>\n<p>yerin karbeyaz mendiline<br \/>kanl\u0131 balgam\u0131n\u0131 silip ay<br \/>y\u00fcr\u00fcd\u00fc<br \/>sendeleyerek<\/p>\n<p>gar \u0131ss\u0131z<br \/>bek\u00e7iler uyukluyor<\/p>\n<p>monolog \u00e7eviriyor telsiz<\/p>\n<p>karanl\u0131\u011f\u0131n \u00f6\u015f\u00fcnde \u015feytan<br \/>kendi \u00e7ocuklar\u0131n\u0131 s&#8230;&#8230;<br \/>yapacak i\u015f bulamad\u0131\u011f\u0131ndan<\/p>\n<p>duvar saati \u00e7ekilmi\u015f maun kab\u0131na<br \/>akrebini emziriyor<\/p>\n<p>\u0131s\u0131tmak i\u00e7in pasl\u0131 ayaklar\u0131n\u0131 trenler<br \/>raylar\u0131n oksitli a\u011f\u0131zlar\u0131n\u0131 \u00f6p\u00fcyorlar<\/p>\n<p>boyuna kar ya\u011f\u0131yor<br \/>enine kar ya\u011f\u0131yor<\/p>\n<p>anla\u015f\u0131lan a\u011f\u0131r olacak k\u0131\u015f<br \/>uzun s\u00fcrecek<br \/>kanama<\/p>\n<p>garday\u0131m<br \/>ay ayakta!<\/p>\n<p>parmaklar\u0131mda havalanan heyecan\u0131<br \/>bir kente ba\u015flaman\u0131n<\/p>\n<p>ay sendeledi geldi<br \/>s\u0131rt\u0131n\u0131 yaslad\u0131<br \/>s\u0131rt\u0131ma<\/p>\n<p>i \u00e7 t i k. t\u00fct\u00fcn sard\u0131k birlikte<br \/>anlatt\u0131 bin y\u0131ll\u0131k ezgisini<\/p>\n<p>i \u00e7 t i k. t\u00fct\u00fcn sard\u0131k<br \/>a\u011flad\u0131<br \/>g\u00f6\u011fs\u00fcmde<\/p>\n<p>samanyoluna d\u00fc\u015ft\u00fc atk\u0131s\u0131<\/p>\n<p>i \u00e7 t i k. s\u00f6nd\u00fcrd\u00fck sigaralar\u0131<\/p>\n<p>s\u00f6nd\u00fcr\u00fclm\u00fc\u015f sigaralar gibi<br \/>durduk bir zaman<\/p>\n<p>parmaklar\u0131 aras\u0131nda<br \/>g \u00f6 k ile y e r i n<\/p>\n<p>dedi: yer ile g\u00f6k aras\u0131 b\u00fcy\u00fck<br \/>sa\u011f\u0131r fabrika<br \/>bir semah-\u0131 cehennem<br \/>kan\u0131n\u0131zla d\u00f6nen<\/p>\n<p>dedim: \u00e7avdar yedim, ekin bi\u00e7tim<br \/>\u00f6\u011f\u00fctt\u00fcm gen\u00e7li\u011fimi aras\u0131nda<br \/>hi\u00e7 durmad\u0131 de\u011firmen<\/p>\n<p>ata bindim, attan indim, at de\u011fi\u015ftirdim<br \/>sevi\u015fip \u00fcredim, sava\u015flar g\u00f6rd\u00fcm<\/p>\n<p>terkimde hep g\u00f6lgeydi \u00f6l\u00fcm<\/p>\n<p>dedi: i \u00e7 e l i m&#8230;<\/p>\n<p>dedim: ka\u00e7\u0131nc\u0131 d\u00fc\u015f\u00fckten sonra bilemem<br \/>ka\u00e7\u0131nc\u0131 deprem ve metalden sonrad\u0131r<br \/>a\u011fa\u00e7lar\u0131n g\u00f6lgeleri uzun muydu boylar\u0131ndan<br \/>y\u0131ld\u0131zlar ters mi giyerlerdi simli kazaklar\u0131n\u0131<br \/>a\u011f\u0131ra m\u0131 maloldum tanr\u0131lara<br \/>a\u011fa\u00e7 kovuklar\u0131na bedavaya t\u00fcnerken<\/p>\n<p>dedi: i \u00e7 e l i m&#8230;<\/p>\n<p>dedim: ay ayya\u015f bilici<br \/>i\u015fte \u015farab\u0131n t\u00fct\u00fcn\u00fcn!<\/p>\n<p>su i\u00e7er, ekmek yer, sevi\u015fir gibi direndim<br \/>ta\u015f yonttum, m\u0131zrak d\u00fczd\u00fcm, can verdim demire<\/p>\n<p>can\u0131m\u0131 verdim ellerimin g\u00f6lgesinde!<\/p>\n<p>r\u00fczgar\u0131 d\u00fc\u011f\u00fcmleyip sa\u00e7lar\u0131ma<br \/>sular\u0131 arklara ak\u0131tt\u0131m<\/p>\n<p>\u00e7ark \u00e7evirdim buhar\u0131n \u0131sl\u0131\u011f\u0131yla!<\/p>\n<p>g\u00f6klere kafa tuttum<br \/>\u00fcfledim duman\u0131m\u0131 g\u00f6zlerine<\/p>\n<p>neden hala \u00f6zg\u00fcr de\u011filim?<\/p>\n<p>(g\u00fcle oyarken \u00e7ok mu kan\u0131rtt\u0131m \u00e7ok mu incittim ki zaman\u0131<br \/>dizelerimde bile sesimi tebdil dola\u015f\u0131r g\u00f6r\u00fcr\u00fcm?!..)<\/p>\n<p>dedi: evlat!<br \/>suya sor ya\u015fam\u0131n k\u00f6klerini<br \/>a\u011f\u0131rba\u015fl\u0131d\u0131r su.<br \/>\u00e7\u00f6zer senin i\u00e7in sevdal\u0131 mavi sa\u00e7lar\u0131n\u0131<\/p>\n<p>uyanan g\u00fcn\u00fcn gemisine bin<br \/>sulara b\u0131rak sesini.<br \/>\u015fi\u015firirse deli r\u00fczgar yelkenlerini,<br \/>sak\u0131n b\u0131rakma k\u00fcrekleri<\/p>\n<p>kulaklar\u0131n\u0131 y\u0131rtsa da g\u00f6vdenden y\u00fckselen<br \/>m\u00fczik!<\/p>\n<p>(g\u00fcn keder f\u0131\u00e7\u0131lar\u0131n\u0131 yar\u0131p<br \/>isyan \u015farab\u0131n\u0131 d\u00f6kerken sular\u0131n g\u00f6\u011fs\u00fcne<br \/>k\u00f6leler suyun tuzlu dudaklar\u0131nda dinlendirirlerdi<br \/>k\u0131rba\u00e7 yar\u0131m\u0131 g\u00f6vdelerini. g\u00f6vde de\u011fil<br \/>yan\u0131k bir g\u00fcld\u00fc ak\u015fam alacas\u0131nda sularda titreyen<\/p>\n<p>g\u00f6vdede g\u00fcl g\u00fclde g\u00f6vdeydi<br \/>isyan!..)<\/p>\n<p>dedim: unut hemen \u015fimdi<br \/>o b\u00fcy\u00fcl\u00fc s\u00f6zleri -melih cevdet&#8217;in<br \/>\u0130taki i\u00e7in odysseus&#8217;a s\u00f6yletti\u011fi-<br \/>ne kulaklar\u0131m\u0131 t\u0131kar\u0131m<br \/>ne de ba\u011flar\u0131m k\u00fcrek\u00e7ileri<\/p>\n<p>kendimi ge\u00e7mek de yetmeyecek \u00e7\u00fcnk\u00fc bana!<\/p>\n<p>dedi: i \u00e7 e l i m&#8230;<\/p>\n<p>(dedi: senin ihtilal dedi\u011fin evlat<br \/>elmas damar\u0131d\u0131r tarihin<br \/>par\u0131ldamaz asla<br \/>halk\u0131n g\u00f6zlerine de\u011fmeyince<\/p>\n<p>dedim: insan\u0131n zaman\u0131na<br \/>\u00e7ok var m\u0131 daha?<\/p>\n<p>dedi: i \u00e7 e l i m&#8230;)<\/p>\n<p>karda<br \/>se\u00e7ilmiyor \u015fimdi<br \/>harfleri gecenin<br \/>buz tutmu\u015f<br \/>b\u00fct\u00fcn heceleri<br \/>kentin<\/p>\n<p>anla\u015f\u0131lan<br \/>a\u011f\u0131r olacak k\u0131\u015f<br \/>uzun s\u00fcrecek<br \/>kanama<\/p>\n<p>y\u00fczlerimize<br \/>t\u00fck\u00fcr\u00fcr gibi<br \/>kar\u0131<br \/>vuruyor fabrikalara r\u00fczgar<\/p>\n<p>\u00e7\u0131lg\u0131nca yarat\u0131rken<br \/>kan ter i\u00e7inde hayat\u0131<br \/>bald\u0131r\u0131 \u00e7\u0131plak<br \/>ger\u00e7ek tanr\u0131lar<br \/>gebe bir r\u00fczgar gibi hayk\u0131r\u0131yorlar:<\/p>\n<p>&#8211; evet yenildik,<br \/>ama \u015fenlik bitmedi daha baylar!<br \/>kavalyesini bulur bulmaz<br \/>dansa kalkar yine<br \/>yumruklar!<\/p>\n<p>Fettah K\u00d6LEL\u0130<\/p>\n","protected":false},"excerpt":{"rendered":"<p>kar ya\u011f\u0131yorkesik kesikbir durupbir ilerleyerek yerin karbeyaz mendilinekanl\u0131 balgam\u0131n\u0131 silip ayy\u00fcr\u00fcd\u00fcsendeleyerek gar \u0131ss\u0131zbek\u00e7iler uyukluyor monolog \u00e7eviriyor telsiz karanl\u0131\u011f\u0131n \u00f6\u015f\u00fcnde \u015feytankendi \u00e7ocuklar\u0131n\u0131 s&#8230;&#8230;yapacak i\u015f bulamad\u0131\u011f\u0131ndan duvar saati \u00e7ekilmi\u015f maun kab\u0131naakrebini emziriyor \u0131s\u0131tmak i\u00e7in pasl\u0131 ayaklar\u0131n\u0131 trenlerraylar\u0131n oksitli a\u011f\u0131zlar\u0131n\u0131 \u00f6p\u00fcyorlar boyuna kar ya\u011f\u0131yorenine kar ya\u011f\u0131yor anla\u015f\u0131lan a\u011f\u0131r olacak k\u0131\u015fuzun s\u00fcrecekkanama garday\u0131may ayakta! parmaklar\u0131mda havalanan heyecan\u0131bir kente ba\u015flaman\u0131n [&hellip;]<\/p>\n","protected":false},"author":1,"featured_media":0,"comment_status":"open","ping_status":"open","sticky":false,"template":"","format":"standard","meta":{"footnotes":""},"categories":[215],"tags":[],"class_list":{"0":"post-7060","1":"post","2":"type-post","3":"status-publish","4":"format-standard","6":"category-fettah-koleli"},"yoast_head":"<!-- This site is optimized with the Yoast SEO Premium plugin v24.9 (Yoast SEO v24.9) - https:\/\/yoast.com\/wordpress\/plugins\/seo\/ -->\n<title>AY ANLATIYOR - narteks.net<\/title>\n<meta name=\"robots\" content=\"index, follow, max-snippet:-1, max-image-preview:large, max-video-preview:-1\" \/>\n<link rel=\"canonical\" href=\"https:\/\/narteks.net\/index.php\/2018\/08\/02\/ay-anlatiyor\/\" \/>\n<meta property=\"og:locale\" content=\"tr_TR\" \/>\n<meta property=\"og:type\" content=\"article\" \/>\n<meta property=\"og:title\" content=\"AY ANLATIYOR\" \/>\n<meta property=\"og:description\" content=\"kar ya\u011f\u0131yorkesik kesikbir durupbir ilerleyerek yerin karbeyaz mendilinekanl\u0131 balgam\u0131n\u0131 silip ayy\u00fcr\u00fcd\u00fcsendeleyerek gar \u0131ss\u0131zbek\u00e7iler uyukluyor monolog \u00e7eviriyor telsiz karanl\u0131\u011f\u0131n \u00f6\u015f\u00fcnde \u015feytankendi \u00e7ocuklar\u0131n\u0131 s&#8230;&#8230;yapacak i\u015f bulamad\u0131\u011f\u0131ndan duvar saati \u00e7ekilmi\u015f maun kab\u0131naakrebini emziriyor \u0131s\u0131tmak i\u00e7in pasl\u0131 ayaklar\u0131n\u0131 trenlerraylar\u0131n oksitli a\u011f\u0131zlar\u0131n\u0131 \u00f6p\u00fcyorlar boyuna kar ya\u011f\u0131yorenine kar ya\u011f\u0131yor anla\u015f\u0131lan a\u011f\u0131r olacak k\u0131\u015fuzun s\u00fcrecekkanama garday\u0131may ayakta! parmaklar\u0131mda havalanan heyecan\u0131bir kente ba\u015flaman\u0131n [&hellip;]\" \/>\n<meta property=\"og:url\" content=\"https:\/\/narteks.net\/index.php\/2018\/08\/02\/ay-anlatiyor\/\" \/>\n<meta property=\"og:site_name\" content=\"narteks.net\" \/>\n<meta property=\"article:published_time\" content=\"2018-08-01T21:14:38+00:00\" \/>\n<meta property=\"og:image\" content=\"https:\/\/narteks.net\/wp-content\/uploads\/narteks.png\" \/>\n\t<meta property=\"og:image:width\" content=\"300\" \/>\n\t<meta property=\"og:image:height\" content=\"90\" \/>\n\t<meta property=\"og:image:type\" content=\"image\/png\" \/>\n<meta name=\"author\" content=\"Tar\u0131k\" \/>\n<meta name=\"twitter:card\" content=\"summary_large_image\" \/>\n<meta name=\"twitter:creator\" content=\"@narteks\" \/>\n<meta name=\"twitter:site\" content=\"@narteks\" \/>\n<meta name=\"twitter:label1\" content=\"Yazan:\" \/>\n\t<meta name=\"twitter:data1\" content=\"Tar\u0131k\" \/>\n\t<meta name=\"twitter:label2\" content=\"Tahmini okuma s\u00fcresi\" \/>\n\t<meta name=\"twitter:data2\" content=\"3 dakika\" \/>\n<script type=\"application\/ld+json\" class=\"yoast-schema-graph\">{\"@context\":\"https:\/\/schema.org\",\"@graph\":[{\"@type\":\"Article\",\"@id\":\"https:\/\/narteks.net\/index.php\/2018\/08\/02\/ay-anlatiyor\/#article\",\"isPartOf\":{\"@id\":\"https:\/\/narteks.net\/index.php\/2018\/08\/02\/ay-anlatiyor\/\"},\"author\":{\"name\":\"Tar\u0131k\",\"@id\":\"https:\/\/narteks.net\/#\/schema\/person\/61f37d9834294b72d31d274e7ed79bca\"},\"headline\":\"AY ANLATIYOR\",\"datePublished\":\"2018-08-01T21:14:38+00:00\",\"mainEntityOfPage\":{\"@id\":\"https:\/\/narteks.net\/index.php\/2018\/08\/02\/ay-anlatiyor\/\"},\"wordCount\":597,\"commentCount\":0,\"publisher\":{\"@id\":\"https:\/\/narteks.net\/#organization\"},\"articleSection\":[\"Fettah K\u00d6LEL\u0130\"],\"inLanguage\":\"tr\",\"potentialAction\":[{\"@type\":\"CommentAction\",\"name\":\"Comment\",\"target\":[\"https:\/\/narteks.net\/index.php\/2018\/08\/02\/ay-anlatiyor\/#respond\"]}]},{\"@type\":\"WebPage\",\"@id\":\"https:\/\/narteks.net\/index.php\/2018\/08\/02\/ay-anlatiyor\/\",\"url\":\"https:\/\/narteks.net\/index.php\/2018\/08\/02\/ay-anlatiyor\/\",\"name\":\"AY ANLATIYOR - narteks.net\",\"isPartOf\":{\"@id\":\"https:\/\/narteks.net\/#website\"},\"datePublished\":\"2018-08-01T21:14:38+00:00\",\"breadcrumb\":{\"@id\":\"https:\/\/narteks.net\/index.php\/2018\/08\/02\/ay-anlatiyor\/#breadcrumb\"},\"inLanguage\":\"tr\",\"potentialAction\":[{\"@type\":\"ReadAction\",\"target\":[\"https:\/\/narteks.net\/index.php\/2018\/08\/02\/ay-anlatiyor\/\"]}]},{\"@type\":\"BreadcrumbList\",\"@id\":\"https:\/\/narteks.net\/index.php\/2018\/08\/02\/ay-anlatiyor\/#breadcrumb\",\"itemListElement\":[{\"@type\":\"ListItem\",\"position\":1,\"name\":\"Anasayfa\",\"item\":\"https:\/\/narteks.net\/\"},{\"@type\":\"ListItem\",\"position\":2,\"name\":\"AY ANLATIYOR\"}]},{\"@type\":\"WebSite\",\"@id\":\"https:\/\/narteks.net\/#website\",\"url\":\"https:\/\/narteks.net\/\",\"name\":\"narteks.net\",\"description\":\"K\u00fclt\u00fcr Sanat Edebiyat Felsefe\",\"publisher\":{\"@id\":\"https:\/\/narteks.net\/#organization\"},\"alternateName\":\"K\u00fclt\u00fcr Sanat Edebiyat Felsefe\",\"potentialAction\":[{\"@type\":\"SearchAction\",\"target\":{\"@type\":\"EntryPoint\",\"urlTemplate\":\"https:\/\/narteks.net\/?s={search_term_string}\"},\"query-input\":{\"@type\":\"PropertyValueSpecification\",\"valueRequired\":true,\"valueName\":\"search_term_string\"}}],\"inLanguage\":\"tr\"},{\"@type\":\"Organization\",\"@id\":\"https:\/\/narteks.net\/#organization\",\"name\":\"narteks.net\",\"url\":\"https:\/\/narteks.net\/\",\"logo\":{\"@type\":\"ImageObject\",\"inLanguage\":\"tr\",\"@id\":\"https:\/\/narteks.net\/#\/schema\/logo\/image\/\",\"url\":\"https:\/\/narteks.net\/wp-content\/uploads\/narteks.png\",\"contentUrl\":\"https:\/\/narteks.net\/wp-content\/uploads\/narteks.png\",\"width\":300,\"height\":90,\"caption\":\"narteks.net\"},\"image\":{\"@id\":\"https:\/\/narteks.net\/#\/schema\/logo\/image\/\"},\"sameAs\":[\"https:\/\/x.com\/narteks\",\"https:\/\/instagram.com\/narteksnet\"]},{\"@type\":\"Person\",\"@id\":\"https:\/\/narteks.net\/#\/schema\/person\/61f37d9834294b72d31d274e7ed79bca\",\"name\":\"Tar\u0131k\",\"image\":{\"@type\":\"ImageObject\",\"inLanguage\":\"tr\",\"@id\":\"https:\/\/narteks.net\/#\/schema\/person\/image\/\",\"url\":\"https:\/\/secure.gravatar.com\/avatar\/50865afb55632c4ae467e0af0930f6510aa2297d8014be502a55b14f3b7550cf?s=96&d=mm&r=g\",\"contentUrl\":\"https:\/\/secure.gravatar.com\/avatar\/50865afb55632c4ae467e0af0930f6510aa2297d8014be502a55b14f3b7550cf?s=96&d=mm&r=g\",\"caption\":\"Tar\u0131k\"},\"sameAs\":[\"http:\/\/narteks.net\"],\"url\":\"https:\/\/narteks.net\/index.php\/author\/narbak\/\"}]}<\/script>\n<!-- \/ Yoast SEO Premium plugin. -->","yoast_head_json":{"title":"AY ANLATIYOR - narteks.net","robots":{"index":"index","follow":"follow","max-snippet":"max-snippet:-1","max-image-preview":"max-image-preview:large","max-video-preview":"max-video-preview:-1"},"canonical":"https:\/\/narteks.net\/index.php\/2018\/08\/02\/ay-anlatiyor\/","og_locale":"tr_TR","og_type":"article","og_title":"AY ANLATIYOR","og_description":"kar ya\u011f\u0131yorkesik kesikbir durupbir ilerleyerek yerin karbeyaz mendilinekanl\u0131 balgam\u0131n\u0131 silip ayy\u00fcr\u00fcd\u00fcsendeleyerek gar \u0131ss\u0131zbek\u00e7iler uyukluyor monolog \u00e7eviriyor telsiz karanl\u0131\u011f\u0131n \u00f6\u015f\u00fcnde \u015feytankendi \u00e7ocuklar\u0131n\u0131 s&#8230;&#8230;yapacak i\u015f bulamad\u0131\u011f\u0131ndan duvar saati \u00e7ekilmi\u015f maun kab\u0131naakrebini emziriyor \u0131s\u0131tmak i\u00e7in pasl\u0131 ayaklar\u0131n\u0131 trenlerraylar\u0131n oksitli a\u011f\u0131zlar\u0131n\u0131 \u00f6p\u00fcyorlar boyuna kar ya\u011f\u0131yorenine kar ya\u011f\u0131yor anla\u015f\u0131lan a\u011f\u0131r olacak k\u0131\u015fuzun s\u00fcrecekkanama garday\u0131may ayakta! parmaklar\u0131mda havalanan heyecan\u0131bir kente ba\u015flaman\u0131n [&hellip;]","og_url":"https:\/\/narteks.net\/index.php\/2018\/08\/02\/ay-anlatiyor\/","og_site_name":"narteks.net","article_published_time":"2018-08-01T21:14:38+00:00","og_image":[{"width":300,"height":90,"url":"https:\/\/narteks.net\/wp-content\/uploads\/narteks.png","type":"image\/png"}],"author":"Tar\u0131k","twitter_card":"summary_large_image","twitter_creator":"@narteks","twitter_site":"@narteks","twitter_misc":{"Yazan:":"Tar\u0131k","Tahmini okuma s\u00fcresi":"3 dakika"},"schema":{"@context":"https:\/\/schema.org","@graph":[{"@type":"Article","@id":"https:\/\/narteks.net\/index.php\/2018\/08\/02\/ay-anlatiyor\/#article","isPartOf":{"@id":"https:\/\/narteks.net\/index.php\/2018\/08\/02\/ay-anlatiyor\/"},"author":{"name":"Tar\u0131k","@id":"https:\/\/narteks.net\/#\/schema\/person\/61f37d9834294b72d31d274e7ed79bca"},"headline":"AY ANLATIYOR","datePublished":"2018-08-01T21:14:38+00:00","mainEntityOfPage":{"@id":"https:\/\/narteks.net\/index.php\/2018\/08\/02\/ay-anlatiyor\/"},"wordCount":597,"commentCount":0,"publisher":{"@id":"https:\/\/narteks.net\/#organization"},"articleSection":["Fettah K\u00d6LEL\u0130"],"inLanguage":"tr","potentialAction":[{"@type":"CommentAction","name":"Comment","target":["https:\/\/narteks.net\/index.php\/2018\/08\/02\/ay-anlatiyor\/#respond"]}]},{"@type":"WebPage","@id":"https:\/\/narteks.net\/index.php\/2018\/08\/02\/ay-anlatiyor\/","url":"https:\/\/narteks.net\/index.php\/2018\/08\/02\/ay-anlatiyor\/","name":"AY ANLATIYOR - narteks.net","isPartOf":{"@id":"https:\/\/narteks.net\/#website"},"datePublished":"2018-08-01T21:14:38+00:00","breadcrumb":{"@id":"https:\/\/narteks.net\/index.php\/2018\/08\/02\/ay-anlatiyor\/#breadcrumb"},"inLanguage":"tr","potentialAction":[{"@type":"ReadAction","target":["https:\/\/narteks.net\/index.php\/2018\/08\/02\/ay-anlatiyor\/"]}]},{"@type":"BreadcrumbList","@id":"https:\/\/narteks.net\/index.php\/2018\/08\/02\/ay-anlatiyor\/#breadcrumb","itemListElement":[{"@type":"ListItem","position":1,"name":"Anasayfa","item":"https:\/\/narteks.net\/"},{"@type":"ListItem","position":2,"name":"AY ANLATIYOR"}]},{"@type":"WebSite","@id":"https:\/\/narteks.net\/#website","url":"https:\/\/narteks.net\/","name":"narteks.net","description":"K\u00fclt\u00fcr Sanat Edebiyat Felsefe","publisher":{"@id":"https:\/\/narteks.net\/#organization"},"alternateName":"K\u00fclt\u00fcr Sanat Edebiyat Felsefe","potentialAction":[{"@type":"SearchAction","target":{"@type":"EntryPoint","urlTemplate":"https:\/\/narteks.net\/?s={search_term_string}"},"query-input":{"@type":"PropertyValueSpecification","valueRequired":true,"valueName":"search_term_string"}}],"inLanguage":"tr"},{"@type":"Organization","@id":"https:\/\/narteks.net\/#organization","name":"narteks.net","url":"https:\/\/narteks.net\/","logo":{"@type":"ImageObject","inLanguage":"tr","@id":"https:\/\/narteks.net\/#\/schema\/logo\/image\/","url":"https:\/\/narteks.net\/wp-content\/uploads\/narteks.png","contentUrl":"https:\/\/narteks.net\/wp-content\/uploads\/narteks.png","width":300,"height":90,"caption":"narteks.net"},"image":{"@id":"https:\/\/narteks.net\/#\/schema\/logo\/image\/"},"sameAs":["https:\/\/x.com\/narteks","https:\/\/instagram.com\/narteksnet"]},{"@type":"Person","@id":"https:\/\/narteks.net\/#\/schema\/person\/61f37d9834294b72d31d274e7ed79bca","name":"Tar\u0131k","image":{"@type":"ImageObject","inLanguage":"tr","@id":"https:\/\/narteks.net\/#\/schema\/person\/image\/","url":"https:\/\/secure.gravatar.com\/avatar\/50865afb55632c4ae467e0af0930f6510aa2297d8014be502a55b14f3b7550cf?s=96&d=mm&r=g","contentUrl":"https:\/\/secure.gravatar.com\/avatar\/50865afb55632c4ae467e0af0930f6510aa2297d8014be502a55b14f3b7550cf?s=96&d=mm&r=g","caption":"Tar\u0131k"},"sameAs":["http:\/\/narteks.net"],"url":"https:\/\/narteks.net\/index.php\/author\/narbak\/"}]}},"_links":{"self":[{"href":"https:\/\/narteks.net\/index.php\/wp-json\/wp\/v2\/posts\/7060","targetHints":{"allow":["GET"]}}],"collection":[{"href":"https:\/\/narteks.net\/index.php\/wp-json\/wp\/v2\/posts"}],"about":[{"href":"https:\/\/narteks.net\/index.php\/wp-json\/wp\/v2\/types\/post"}],"author":[{"embeddable":true,"href":"https:\/\/narteks.net\/index.php\/wp-json\/wp\/v2\/users\/1"}],"replies":[{"embeddable":true,"href":"https:\/\/narteks.net\/index.php\/wp-json\/wp\/v2\/comments?post=7060"}],"version-history":[{"count":0,"href":"https:\/\/narteks.net\/index.php\/wp-json\/wp\/v2\/posts\/7060\/revisions"}],"wp:attachment":[{"href":"https:\/\/narteks.net\/index.php\/wp-json\/wp\/v2\/media?parent=7060"}],"wp:term":[{"taxonomy":"category","embeddable":true,"href":"https:\/\/narteks.net\/index.php\/wp-json\/wp\/v2\/categories?post=7060"},{"taxonomy":"post_tag","embeddable":true,"href":"https:\/\/narteks.net\/index.php\/wp-json\/wp\/v2\/tags?post=7060"}],"curies":[{"name":"wp","href":"https:\/\/api.w.org\/{rel}","templated":true}]}}