{"id":7063,"date":"2018-08-02T00:18:28","date_gmt":"2018-08-01T21:18:28","guid":{"rendered":"http:\/\/localhost\/wordpress\/2018\/08\/02\/gulusun-kanayan-vicdani-dunyamizin\/"},"modified":"2018-08-02T00:18:28","modified_gmt":"2018-08-01T21:18:28","slug":"gulusun-kanayan-vicdani-dunyamizin","status":"publish","type":"post","link":"https:\/\/narteks.net\/index.php\/2018\/08\/02\/gulusun-kanayan-vicdani-dunyamizin\/","title":{"rendered":"G\u00dcL\u00dc\u015e\u00dcN KANAYAN V\u0130CDANI D\u00dcNYAMIZIN"},"content":{"rendered":"<p>iyi ve g\u00fczel insanlar\u0131n<br \/>iyi ve g\u00fczel koktu\u011funu<br \/>senin beyaz kollar\u0131nda \u00f6\u011frendim<\/p>\n<p>yeni yolculuklara \u00e7\u0131kt\u0131m i\u00e7inde<br \/>yeni d\u00fc\u015fler kurdum<br \/>g\u00fcvenli duru derin<\/p>\n<p>iyili\u011fin \u015fefkatin sevginin liman\u0131s\u0131n sevgilim<\/p>\n<p>ya\u015fam\u0131n ucundan tuttum<br \/>bakt\u0131m ki<br \/>u\u00e7 da ya\u015fam da sana duydu\u011fum arzunun i\u00e7inde<\/p>\n<p>uyanan \u00f6zg\u00fcrl\u00fcks\u00fcn<br \/>g\u00f6rd\u00fc\u011f\u00fcm dokundu\u011fum<br \/>nesnelerin i\u00e7inde \u0131\u015f\u0131ldayan<\/p>\n<p>\u00f6ylesine yak\u0131\u015f\u0131yorsun ki ya\u015fama<br \/>g\u00fcl\u00fc\u015f\u00fcn kanayan vicdan\u0131 d\u00fcnyam\u0131z\u0131n<br \/>sevgilim<\/p>\n<p>i\u00e7 i\u00e7eyiz, soluyan<br \/>daral\u0131p geni\u015fleyen evrenler gibi<br \/>capcanl\u0131 duru\u015fun edan ve ritminle<\/p>\n<p>sevgisiz insan<br \/>ak\u0131p giden zaman\u0131n \u00f6n\u00fcnde<br \/>koca bir pi\u015fmanl\u0131k tortusuna d\u00f6n\u00fc\u015f\u00fcr<\/p>\n<p>kimileri i\u00e7in ya\u015famak<br \/>\u00e7a\u011f\u0131m\u0131zda korkular\u0131n en b\u00fcy\u00fc\u011f\u00fc<br \/>a\u015f\u0131\u011f\u0131z ki g\u00f6ky\u00fcz\u00fc g\u00f6vdesidir a\u015f\u0131klar\u0131n<br \/>bu evreni yurtsamak en \u00e7ok bizim hakk\u0131m\u0131z<br \/>sevgilim<\/p>\n<p>ya\u011fmurun \u00e7o\u011faltt\u0131\u011f\u0131 denizler gibi \u00e7\u0131\u011fl\u0131k \u00e7\u0131\u011fl\u0131\u011fa<\/p>\n<p>\u00a0<\/p>\n<p>Fettah K\u00d6LEL\u0130<\/p>\n","protected":false},"excerpt":{"rendered":"<p>iyi ve g\u00fczel insanlar\u0131niyi ve g\u00fczel koktu\u011funusenin beyaz kollar\u0131nda \u00f6\u011frendim yeni yolculuklara \u00e7\u0131kt\u0131m i\u00e7indeyeni d\u00fc\u015fler kurdumg\u00fcvenli duru derin iyili\u011fin \u015fefkatin sevginin liman\u0131s\u0131n sevgilim ya\u015fam\u0131n ucundan tuttumbakt\u0131m kiu\u00e7 da ya\u015fam da sana duydu\u011fum arzunun i\u00e7inde uyanan \u00f6zg\u00fcrl\u00fcks\u00fcng\u00f6rd\u00fc\u011f\u00fcm dokundu\u011fumnesnelerin i\u00e7inde \u0131\u015f\u0131ldayan \u00f6ylesine yak\u0131\u015f\u0131yorsun ki ya\u015famag\u00fcl\u00fc\u015f\u00fcn kanayan vicdan\u0131 d\u00fcnyam\u0131z\u0131nsevgilim i\u00e7 i\u00e7eyiz, soluyandaral\u0131p geni\u015fleyen evrenler gibicapcanl\u0131 duru\u015fun edan ve [&hellip;]<\/p>\n","protected":false},"author":1,"featured_media":0,"comment_status":"open","ping_status":"open","sticky":false,"template":"","format":"standard","meta":{"footnotes":""},"categories":[215],"tags":[],"class_list":{"0":"post-7063","1":"post","2":"type-post","3":"status-publish","4":"format-standard","6":"category-fettah-koleli"},"yoast_head":"<!-- This site is optimized with the Yoast SEO Premium plugin v24.9 (Yoast SEO v24.9) - https:\/\/yoast.com\/wordpress\/plugins\/seo\/ -->\n<title>G\u00dcL\u00dc\u015e\u00dcN KANAYAN V\u0130CDANI D\u00dcNYAMIZIN - narteks.net<\/title>\n<meta name=\"robots\" content=\"index, follow, max-snippet:-1, max-image-preview:large, max-video-preview:-1\" \/>\n<link rel=\"canonical\" href=\"https:\/\/narteks.net\/index.php\/2018\/08\/02\/gulusun-kanayan-vicdani-dunyamizin\/\" \/>\n<meta property=\"og:locale\" content=\"tr_TR\" \/>\n<meta property=\"og:type\" content=\"article\" \/>\n<meta property=\"og:title\" content=\"G\u00dcL\u00dc\u015e\u00dcN KANAYAN V\u0130CDANI D\u00dcNYAMIZIN\" \/>\n<meta property=\"og:description\" content=\"iyi ve g\u00fczel insanlar\u0131niyi ve g\u00fczel koktu\u011funusenin beyaz kollar\u0131nda \u00f6\u011frendim yeni yolculuklara \u00e7\u0131kt\u0131m i\u00e7indeyeni d\u00fc\u015fler kurdumg\u00fcvenli duru derin iyili\u011fin \u015fefkatin sevginin liman\u0131s\u0131n sevgilim ya\u015fam\u0131n ucundan tuttumbakt\u0131m kiu\u00e7 da ya\u015fam da sana duydu\u011fum arzunun i\u00e7inde uyanan \u00f6zg\u00fcrl\u00fcks\u00fcng\u00f6rd\u00fc\u011f\u00fcm dokundu\u011fumnesnelerin i\u00e7inde \u0131\u015f\u0131ldayan \u00f6ylesine yak\u0131\u015f\u0131yorsun ki ya\u015famag\u00fcl\u00fc\u015f\u00fcn kanayan vicdan\u0131 d\u00fcnyam\u0131z\u0131nsevgilim i\u00e7 i\u00e7eyiz, soluyandaral\u0131p geni\u015fleyen evrenler gibicapcanl\u0131 duru\u015fun edan ve [&hellip;]\" \/>\n<meta property=\"og:url\" content=\"https:\/\/narteks.net\/index.php\/2018\/08\/02\/gulusun-kanayan-vicdani-dunyamizin\/\" \/>\n<meta property=\"og:site_name\" content=\"narteks.net\" \/>\n<meta property=\"article:published_time\" content=\"2018-08-01T21:18:28+00:00\" \/>\n<meta property=\"og:image\" content=\"https:\/\/narteks.net\/wp-content\/uploads\/narteks.png\" \/>\n\t<meta property=\"og:image:width\" content=\"300\" \/>\n\t<meta property=\"og:image:height\" content=\"90\" \/>\n\t<meta property=\"og:image:type\" content=\"image\/png\" \/>\n<meta name=\"author\" content=\"Tar\u0131k\" \/>\n<meta name=\"twitter:card\" content=\"summary_large_image\" \/>\n<meta name=\"twitter:creator\" content=\"@narteks\" \/>\n<meta name=\"twitter:site\" content=\"@narteks\" \/>\n<meta name=\"twitter:label1\" content=\"Yazan:\" \/>\n\t<meta name=\"twitter:data1\" content=\"Tar\u0131k\" \/>\n\t<meta name=\"twitter:label2\" content=\"Tahmini okuma s\u00fcresi\" \/>\n\t<meta name=\"twitter:data2\" content=\"1 dakika\" \/>\n<script type=\"application\/ld+json\" class=\"yoast-schema-graph\">{\"@context\":\"https:\/\/schema.org\",\"@graph\":[{\"@type\":\"Article\",\"@id\":\"https:\/\/narteks.net\/index.php\/2018\/08\/02\/gulusun-kanayan-vicdani-dunyamizin\/#article\",\"isPartOf\":{\"@id\":\"https:\/\/narteks.net\/index.php\/2018\/08\/02\/gulusun-kanayan-vicdani-dunyamizin\/\"},\"author\":{\"name\":\"Tar\u0131k\",\"@id\":\"https:\/\/narteks.net\/#\/schema\/person\/61f37d9834294b72d31d274e7ed79bca\"},\"headline\":\"G\u00dcL\u00dc\u015e\u00dcN KANAYAN V\u0130CDANI D\u00dcNYAMIZIN\",\"datePublished\":\"2018-08-01T21:18:28+00:00\",\"mainEntityOfPage\":{\"@id\":\"https:\/\/narteks.net\/index.php\/2018\/08\/02\/gulusun-kanayan-vicdani-dunyamizin\/\"},\"wordCount\":161,\"commentCount\":0,\"publisher\":{\"@id\":\"https:\/\/narteks.net\/#organization\"},\"articleSection\":[\"Fettah K\u00d6LEL\u0130\"],\"inLanguage\":\"tr\",\"potentialAction\":[{\"@type\":\"CommentAction\",\"name\":\"Comment\",\"target\":[\"https:\/\/narteks.net\/index.php\/2018\/08\/02\/gulusun-kanayan-vicdani-dunyamizin\/#respond\"]}]},{\"@type\":\"WebPage\",\"@id\":\"https:\/\/narteks.net\/index.php\/2018\/08\/02\/gulusun-kanayan-vicdani-dunyamizin\/\",\"url\":\"https:\/\/narteks.net\/index.php\/2018\/08\/02\/gulusun-kanayan-vicdani-dunyamizin\/\",\"name\":\"G\u00dcL\u00dc\u015e\u00dcN KANAYAN V\u0130CDANI D\u00dcNYAMIZIN - narteks.net\",\"isPartOf\":{\"@id\":\"https:\/\/narteks.net\/#website\"},\"datePublished\":\"2018-08-01T21:18:28+00:00\",\"breadcrumb\":{\"@id\":\"https:\/\/narteks.net\/index.php\/2018\/08\/02\/gulusun-kanayan-vicdani-dunyamizin\/#breadcrumb\"},\"inLanguage\":\"tr\",\"potentialAction\":[{\"@type\":\"ReadAction\",\"target\":[\"https:\/\/narteks.net\/index.php\/2018\/08\/02\/gulusun-kanayan-vicdani-dunyamizin\/\"]}]},{\"@type\":\"BreadcrumbList\",\"@id\":\"https:\/\/narteks.net\/index.php\/2018\/08\/02\/gulusun-kanayan-vicdani-dunyamizin\/#breadcrumb\",\"itemListElement\":[{\"@type\":\"ListItem\",\"position\":1,\"name\":\"Anasayfa\",\"item\":\"https:\/\/narteks.net\/\"},{\"@type\":\"ListItem\",\"position\":2,\"name\":\"G\u00dcL\u00dc\u015e\u00dcN KANAYAN V\u0130CDANI D\u00dcNYAMIZIN\"}]},{\"@type\":\"WebSite\",\"@id\":\"https:\/\/narteks.net\/#website\",\"url\":\"https:\/\/narteks.net\/\",\"name\":\"narteks.net\",\"description\":\"K\u00fclt\u00fcr Sanat Edebiyat Felsefe\",\"publisher\":{\"@id\":\"https:\/\/narteks.net\/#organization\"},\"alternateName\":\"K\u00fclt\u00fcr Sanat Edebiyat Felsefe\",\"potentialAction\":[{\"@type\":\"SearchAction\",\"target\":{\"@type\":\"EntryPoint\",\"urlTemplate\":\"https:\/\/narteks.net\/?s={search_term_string}\"},\"query-input\":{\"@type\":\"PropertyValueSpecification\",\"valueRequired\":true,\"valueName\":\"search_term_string\"}}],\"inLanguage\":\"tr\"},{\"@type\":\"Organization\",\"@id\":\"https:\/\/narteks.net\/#organization\",\"name\":\"narteks.net\",\"url\":\"https:\/\/narteks.net\/\",\"logo\":{\"@type\":\"ImageObject\",\"inLanguage\":\"tr\",\"@id\":\"https:\/\/narteks.net\/#\/schema\/logo\/image\/\",\"url\":\"https:\/\/narteks.net\/wp-content\/uploads\/narteks.png\",\"contentUrl\":\"https:\/\/narteks.net\/wp-content\/uploads\/narteks.png\",\"width\":300,\"height\":90,\"caption\":\"narteks.net\"},\"image\":{\"@id\":\"https:\/\/narteks.net\/#\/schema\/logo\/image\/\"},\"sameAs\":[\"https:\/\/x.com\/narteks\",\"https:\/\/instagram.com\/narteksnet\"]},{\"@type\":\"Person\",\"@id\":\"https:\/\/narteks.net\/#\/schema\/person\/61f37d9834294b72d31d274e7ed79bca\",\"name\":\"Tar\u0131k\",\"image\":{\"@type\":\"ImageObject\",\"inLanguage\":\"tr\",\"@id\":\"https:\/\/narteks.net\/#\/schema\/person\/image\/\",\"url\":\"https:\/\/secure.gravatar.com\/avatar\/50865afb55632c4ae467e0af0930f6510aa2297d8014be502a55b14f3b7550cf?s=96&d=mm&r=g\",\"contentUrl\":\"https:\/\/secure.gravatar.com\/avatar\/50865afb55632c4ae467e0af0930f6510aa2297d8014be502a55b14f3b7550cf?s=96&d=mm&r=g\",\"caption\":\"Tar\u0131k\"},\"sameAs\":[\"http:\/\/narteks.net\"],\"url\":\"https:\/\/narteks.net\/index.php\/author\/narbak\/\"}]}<\/script>\n<!-- \/ Yoast SEO Premium plugin. -->","yoast_head_json":{"title":"G\u00dcL\u00dc\u015e\u00dcN KANAYAN V\u0130CDANI D\u00dcNYAMIZIN - narteks.net","robots":{"index":"index","follow":"follow","max-snippet":"max-snippet:-1","max-image-preview":"max-image-preview:large","max-video-preview":"max-video-preview:-1"},"canonical":"https:\/\/narteks.net\/index.php\/2018\/08\/02\/gulusun-kanayan-vicdani-dunyamizin\/","og_locale":"tr_TR","og_type":"article","og_title":"G\u00dcL\u00dc\u015e\u00dcN KANAYAN V\u0130CDANI D\u00dcNYAMIZIN","og_description":"iyi ve g\u00fczel insanlar\u0131niyi ve g\u00fczel koktu\u011funusenin beyaz kollar\u0131nda \u00f6\u011frendim yeni yolculuklara \u00e7\u0131kt\u0131m i\u00e7indeyeni d\u00fc\u015fler kurdumg\u00fcvenli duru derin iyili\u011fin \u015fefkatin sevginin liman\u0131s\u0131n sevgilim ya\u015fam\u0131n ucundan tuttumbakt\u0131m kiu\u00e7 da ya\u015fam da sana duydu\u011fum arzunun i\u00e7inde uyanan \u00f6zg\u00fcrl\u00fcks\u00fcng\u00f6rd\u00fc\u011f\u00fcm dokundu\u011fumnesnelerin i\u00e7inde \u0131\u015f\u0131ldayan \u00f6ylesine yak\u0131\u015f\u0131yorsun ki ya\u015famag\u00fcl\u00fc\u015f\u00fcn kanayan vicdan\u0131 d\u00fcnyam\u0131z\u0131nsevgilim i\u00e7 i\u00e7eyiz, soluyandaral\u0131p geni\u015fleyen evrenler gibicapcanl\u0131 duru\u015fun edan ve [&hellip;]","og_url":"https:\/\/narteks.net\/index.php\/2018\/08\/02\/gulusun-kanayan-vicdani-dunyamizin\/","og_site_name":"narteks.net","article_published_time":"2018-08-01T21:18:28+00:00","og_image":[{"width":300,"height":90,"url":"https:\/\/narteks.net\/wp-content\/uploads\/narteks.png","type":"image\/png"}],"author":"Tar\u0131k","twitter_card":"summary_large_image","twitter_creator":"@narteks","twitter_site":"@narteks","twitter_misc":{"Yazan:":"Tar\u0131k","Tahmini okuma s\u00fcresi":"1 dakika"},"schema":{"@context":"https:\/\/schema.org","@graph":[{"@type":"Article","@id":"https:\/\/narteks.net\/index.php\/2018\/08\/02\/gulusun-kanayan-vicdani-dunyamizin\/#article","isPartOf":{"@id":"https:\/\/narteks.net\/index.php\/2018\/08\/02\/gulusun-kanayan-vicdani-dunyamizin\/"},"author":{"name":"Tar\u0131k","@id":"https:\/\/narteks.net\/#\/schema\/person\/61f37d9834294b72d31d274e7ed79bca"},"headline":"G\u00dcL\u00dc\u015e\u00dcN KANAYAN V\u0130CDANI D\u00dcNYAMIZIN","datePublished":"2018-08-01T21:18:28+00:00","mainEntityOfPage":{"@id":"https:\/\/narteks.net\/index.php\/2018\/08\/02\/gulusun-kanayan-vicdani-dunyamizin\/"},"wordCount":161,"commentCount":0,"publisher":{"@id":"https:\/\/narteks.net\/#organization"},"articleSection":["Fettah K\u00d6LEL\u0130"],"inLanguage":"tr","potentialAction":[{"@type":"CommentAction","name":"Comment","target":["https:\/\/narteks.net\/index.php\/2018\/08\/02\/gulusun-kanayan-vicdani-dunyamizin\/#respond"]}]},{"@type":"WebPage","@id":"https:\/\/narteks.net\/index.php\/2018\/08\/02\/gulusun-kanayan-vicdani-dunyamizin\/","url":"https:\/\/narteks.net\/index.php\/2018\/08\/02\/gulusun-kanayan-vicdani-dunyamizin\/","name":"G\u00dcL\u00dc\u015e\u00dcN KANAYAN V\u0130CDANI D\u00dcNYAMIZIN - narteks.net","isPartOf":{"@id":"https:\/\/narteks.net\/#website"},"datePublished":"2018-08-01T21:18:28+00:00","breadcrumb":{"@id":"https:\/\/narteks.net\/index.php\/2018\/08\/02\/gulusun-kanayan-vicdani-dunyamizin\/#breadcrumb"},"inLanguage":"tr","potentialAction":[{"@type":"ReadAction","target":["https:\/\/narteks.net\/index.php\/2018\/08\/02\/gulusun-kanayan-vicdani-dunyamizin\/"]}]},{"@type":"BreadcrumbList","@id":"https:\/\/narteks.net\/index.php\/2018\/08\/02\/gulusun-kanayan-vicdani-dunyamizin\/#breadcrumb","itemListElement":[{"@type":"ListItem","position":1,"name":"Anasayfa","item":"https:\/\/narteks.net\/"},{"@type":"ListItem","position":2,"name":"G\u00dcL\u00dc\u015e\u00dcN KANAYAN V\u0130CDANI D\u00dcNYAMIZIN"}]},{"@type":"WebSite","@id":"https:\/\/narteks.net\/#website","url":"https:\/\/narteks.net\/","name":"narteks.net","description":"K\u00fclt\u00fcr Sanat Edebiyat Felsefe","publisher":{"@id":"https:\/\/narteks.net\/#organization"},"alternateName":"K\u00fclt\u00fcr Sanat Edebiyat Felsefe","potentialAction":[{"@type":"SearchAction","target":{"@type":"EntryPoint","urlTemplate":"https:\/\/narteks.net\/?s={search_term_string}"},"query-input":{"@type":"PropertyValueSpecification","valueRequired":true,"valueName":"search_term_string"}}],"inLanguage":"tr"},{"@type":"Organization","@id":"https:\/\/narteks.net\/#organization","name":"narteks.net","url":"https:\/\/narteks.net\/","logo":{"@type":"ImageObject","inLanguage":"tr","@id":"https:\/\/narteks.net\/#\/schema\/logo\/image\/","url":"https:\/\/narteks.net\/wp-content\/uploads\/narteks.png","contentUrl":"https:\/\/narteks.net\/wp-content\/uploads\/narteks.png","width":300,"height":90,"caption":"narteks.net"},"image":{"@id":"https:\/\/narteks.net\/#\/schema\/logo\/image\/"},"sameAs":["https:\/\/x.com\/narteks","https:\/\/instagram.com\/narteksnet"]},{"@type":"Person","@id":"https:\/\/narteks.net\/#\/schema\/person\/61f37d9834294b72d31d274e7ed79bca","name":"Tar\u0131k","image":{"@type":"ImageObject","inLanguage":"tr","@id":"https:\/\/narteks.net\/#\/schema\/person\/image\/","url":"https:\/\/secure.gravatar.com\/avatar\/50865afb55632c4ae467e0af0930f6510aa2297d8014be502a55b14f3b7550cf?s=96&d=mm&r=g","contentUrl":"https:\/\/secure.gravatar.com\/avatar\/50865afb55632c4ae467e0af0930f6510aa2297d8014be502a55b14f3b7550cf?s=96&d=mm&r=g","caption":"Tar\u0131k"},"sameAs":["http:\/\/narteks.net"],"url":"https:\/\/narteks.net\/index.php\/author\/narbak\/"}]}},"_links":{"self":[{"href":"https:\/\/narteks.net\/index.php\/wp-json\/wp\/v2\/posts\/7063","targetHints":{"allow":["GET"]}}],"collection":[{"href":"https:\/\/narteks.net\/index.php\/wp-json\/wp\/v2\/posts"}],"about":[{"href":"https:\/\/narteks.net\/index.php\/wp-json\/wp\/v2\/types\/post"}],"author":[{"embeddable":true,"href":"https:\/\/narteks.net\/index.php\/wp-json\/wp\/v2\/users\/1"}],"replies":[{"embeddable":true,"href":"https:\/\/narteks.net\/index.php\/wp-json\/wp\/v2\/comments?post=7063"}],"version-history":[{"count":0,"href":"https:\/\/narteks.net\/index.php\/wp-json\/wp\/v2\/posts\/7063\/revisions"}],"wp:attachment":[{"href":"https:\/\/narteks.net\/index.php\/wp-json\/wp\/v2\/media?parent=7063"}],"wp:term":[{"taxonomy":"category","embeddable":true,"href":"https:\/\/narteks.net\/index.php\/wp-json\/wp\/v2\/categories?post=7063"},{"taxonomy":"post_tag","embeddable":true,"href":"https:\/\/narteks.net\/index.php\/wp-json\/wp\/v2\/tags?post=7063"}],"curies":[{"name":"wp","href":"https:\/\/api.w.org\/{rel}","templated":true}]}}