{"id":7065,"date":"2018-08-02T00:20:50","date_gmt":"2018-08-01T21:20:50","guid":{"rendered":"http:\/\/localhost\/wordpress\/2018\/08\/02\/simdi-butun-aynalarda-sefil-bir-zebani-gulumsuyor\/"},"modified":"2018-08-02T00:20:50","modified_gmt":"2018-08-01T21:20:50","slug":"simdi-butun-aynalarda-sefil-bir-zebani-gulumsuyor","status":"publish","type":"post","link":"https:\/\/narteks.net\/index.php\/2018\/08\/02\/simdi-butun-aynalarda-sefil-bir-zebani-gulumsuyor\/","title":{"rendered":"\u015e\u0130MD\u0130 B\u00dcT\u00dcN AYNALARDA SEF\u0130L B\u0130R ZEBAN\u0130 G\u00dcL\u00dcMS\u00dcYOR"},"content":{"rendered":"<p>u\u00e7ucu ufuklar edindilerdi<br \/>ge\u00e7ici tutkular\u0131n<br \/>r\u00f6prod\u00fcksiyonlar\u0131n\u0131 ast\u0131lard\u0131 duvarlar\u0131na<br \/>ger\u00e7ek ufuklar\u0131n tutkulu akt\u00f6rleri<br \/>sahne al\u0131nca<br \/>ki\u015filiklerinin tantanal\u0131 dekorlar\u0131na<br \/>doland\u0131 ayaklar\u0131<\/p>\n<p>yar\u0131m a\u011f\u0131zla isyan ederlerdi<br \/>di\u011fer yar\u0131m\u0131yla<br \/>anlay\u0131\u015f ve merhamet dilenirlerdi<br \/>ne d\u00fc\u015fmanlar\u0131<br \/>ne dostlar\u0131 sayg\u0131 duyard\u0131<br \/>dimdik y\u00fcr\u00fcyemezlerdi<br \/>ne dirilerin ne de \u00f6l\u00fclerin \u00f6n\u00fcnde<br \/>hatta \u00e7o\u011fu kez<br \/>kendileri bile katlanamazlard\u0131<br \/>kendilerine<\/p>\n<p>kendisi olmay\u0131<br \/>ge\u00e7 de olsa ke\u015ffetmenin<br \/>erdemi ve g\u00f6rg\u00fcs\u00fczl\u00fc\u011f\u00fcyle<br \/>nietzsche\u2019nin sava\u015f \u00fcss\u00fc<br \/>freud\u2019un kerhanesi<br \/>dianysos\u2019un meyhanesi aras\u0131nda<br \/>s\u00fcrt\u00fcp durdular g\u00fcnlerce<br \/>bilin\u00e7altlar\u0131ndaki<br \/>id\u2019leri ve \u00f6d\u2019leri sal\u0131verdiler sonunda<br \/>eski arkada\u015flar\u0131n\u0131n<br \/>kafataslar\u0131nda \u015farap i\u00e7ip<br \/>b\u00fct\u00fcn girinti ve \u00e7\u0131k\u0131nt\u0131lar\u0131 denediler<br \/>kendilerinde<\/p>\n<p>nihayet<br \/>kar\u015f\u0131 tarafa ge\u00e7ip<br \/>eksi\u011fine bozdurduklar\u0131nda de\u011ferlerini<br \/>biat edip kendili\u011findenli\u011fin<br \/>o muhte\u015fem ve b\u00fcy\u00fcl\u00fc g\u00fcc\u00fcne<br \/>timsah g\u00f6zya\u015flar\u0131 d\u00f6kmek bile<br \/>gelmemi\u015fti ak\u0131llar\u0131na<br \/>\u015fimdi b\u00fct\u00fcn aynalarda<br \/>sefil bir zebani g\u00fcl\u00fcms\u00fcyor<br \/>y\u00fczlerine<\/p>\n<p>\u00f6c\u00fcn\u00fc al\u0131yor<br \/>hakikat oyunlar\u0131yla ge\u00e7en y\u0131llar\u0131n<\/p>\n<p>\u00a0<\/p>\n<p>Fettah K\u00d6LEL\u0130<\/p>\n","protected":false},"excerpt":{"rendered":"<p>u\u00e7ucu ufuklar edindilerdige\u00e7ici tutkular\u0131nr\u00f6prod\u00fcksiyonlar\u0131n\u0131 ast\u0131lard\u0131 duvarlar\u0131nager\u00e7ek ufuklar\u0131n tutkulu akt\u00f6rlerisahne al\u0131ncaki\u015filiklerinin tantanal\u0131 dekorlar\u0131nadoland\u0131 ayaklar\u0131 yar\u0131m a\u011f\u0131zla isyan ederlerdidi\u011fer yar\u0131m\u0131ylaanlay\u0131\u015f ve merhamet dilenirlerdine d\u00fc\u015fmanlar\u0131ne dostlar\u0131 sayg\u0131 duyard\u0131dimdik y\u00fcr\u00fcyemezlerdine dirilerin ne de \u00f6l\u00fclerin \u00f6n\u00fcndehatta \u00e7o\u011fu kezkendileri bile katlanamazlard\u0131kendilerine kendisi olmay\u0131ge\u00e7 de olsa ke\u015ffetmeninerdemi ve g\u00f6rg\u00fcs\u00fczl\u00fc\u011f\u00fcylenietzsche\u2019nin sava\u015f \u00fcss\u00fcfreud\u2019un kerhanesidianysos\u2019un meyhanesi aras\u0131ndas\u00fcrt\u00fcp durdular g\u00fcnlercebilin\u00e7altlar\u0131ndakiid\u2019leri ve \u00f6d\u2019leri sal\u0131verdiler sonundaeski arkada\u015flar\u0131n\u0131nkafataslar\u0131nda \u015farap [&hellip;]<\/p>\n","protected":false},"author":1,"featured_media":0,"comment_status":"open","ping_status":"open","sticky":false,"template":"","format":"standard","meta":{"footnotes":""},"categories":[215],"tags":[],"class_list":{"0":"post-7065","1":"post","2":"type-post","3":"status-publish","4":"format-standard","6":"category-fettah-koleli"},"yoast_head":"<!-- This site is optimized with the Yoast SEO Premium plugin v24.9 (Yoast SEO v24.9) - https:\/\/yoast.com\/wordpress\/plugins\/seo\/ -->\n<title>\u015e\u0130MD\u0130 B\u00dcT\u00dcN AYNALARDA SEF\u0130L B\u0130R ZEBAN\u0130 G\u00dcL\u00dcMS\u00dcYOR - narteks.net<\/title>\n<meta name=\"robots\" content=\"index, follow, max-snippet:-1, max-image-preview:large, max-video-preview:-1\" \/>\n<link rel=\"canonical\" href=\"https:\/\/narteks.net\/index.php\/2018\/08\/02\/simdi-butun-aynalarda-sefil-bir-zebani-gulumsuyor\/\" \/>\n<meta property=\"og:locale\" content=\"tr_TR\" \/>\n<meta property=\"og:type\" content=\"article\" \/>\n<meta property=\"og:title\" content=\"\u015e\u0130MD\u0130 B\u00dcT\u00dcN AYNALARDA SEF\u0130L B\u0130R ZEBAN\u0130 G\u00dcL\u00dcMS\u00dcYOR\" \/>\n<meta property=\"og:description\" content=\"u\u00e7ucu ufuklar edindilerdige\u00e7ici tutkular\u0131nr\u00f6prod\u00fcksiyonlar\u0131n\u0131 ast\u0131lard\u0131 duvarlar\u0131nager\u00e7ek ufuklar\u0131n tutkulu akt\u00f6rlerisahne al\u0131ncaki\u015filiklerinin tantanal\u0131 dekorlar\u0131nadoland\u0131 ayaklar\u0131 yar\u0131m a\u011f\u0131zla isyan ederlerdidi\u011fer yar\u0131m\u0131ylaanlay\u0131\u015f ve merhamet dilenirlerdine d\u00fc\u015fmanlar\u0131ne dostlar\u0131 sayg\u0131 duyard\u0131dimdik y\u00fcr\u00fcyemezlerdine dirilerin ne de \u00f6l\u00fclerin \u00f6n\u00fcndehatta \u00e7o\u011fu kezkendileri bile katlanamazlard\u0131kendilerine kendisi olmay\u0131ge\u00e7 de olsa ke\u015ffetmeninerdemi ve g\u00f6rg\u00fcs\u00fczl\u00fc\u011f\u00fcylenietzsche\u2019nin sava\u015f \u00fcss\u00fcfreud\u2019un kerhanesidianysos\u2019un meyhanesi aras\u0131ndas\u00fcrt\u00fcp durdular g\u00fcnlercebilin\u00e7altlar\u0131ndakiid\u2019leri ve \u00f6d\u2019leri sal\u0131verdiler sonundaeski arkada\u015flar\u0131n\u0131nkafataslar\u0131nda \u015farap [&hellip;]\" \/>\n<meta property=\"og:url\" content=\"https:\/\/narteks.net\/index.php\/2018\/08\/02\/simdi-butun-aynalarda-sefil-bir-zebani-gulumsuyor\/\" \/>\n<meta property=\"og:site_name\" content=\"narteks.net\" \/>\n<meta property=\"article:published_time\" content=\"2018-08-01T21:20:50+00:00\" \/>\n<meta property=\"og:image\" content=\"https:\/\/narteks.net\/wp-content\/uploads\/narteks.png\" \/>\n\t<meta property=\"og:image:width\" content=\"300\" \/>\n\t<meta property=\"og:image:height\" content=\"90\" \/>\n\t<meta property=\"og:image:type\" content=\"image\/png\" \/>\n<meta name=\"author\" content=\"Tar\u0131k\" \/>\n<meta name=\"twitter:card\" content=\"summary_large_image\" \/>\n<meta name=\"twitter:creator\" content=\"@narteks\" \/>\n<meta name=\"twitter:site\" content=\"@narteks\" \/>\n<meta name=\"twitter:label1\" content=\"Yazan:\" \/>\n\t<meta name=\"twitter:data1\" content=\"Tar\u0131k\" \/>\n\t<meta name=\"twitter:label2\" content=\"Tahmini okuma s\u00fcresi\" \/>\n\t<meta name=\"twitter:data2\" content=\"1 dakika\" \/>\n<script type=\"application\/ld+json\" class=\"yoast-schema-graph\">{\"@context\":\"https:\/\/schema.org\",\"@graph\":[{\"@type\":\"Article\",\"@id\":\"https:\/\/narteks.net\/index.php\/2018\/08\/02\/simdi-butun-aynalarda-sefil-bir-zebani-gulumsuyor\/#article\",\"isPartOf\":{\"@id\":\"https:\/\/narteks.net\/index.php\/2018\/08\/02\/simdi-butun-aynalarda-sefil-bir-zebani-gulumsuyor\/\"},\"author\":{\"name\":\"Tar\u0131k\",\"@id\":\"https:\/\/narteks.net\/#\/schema\/person\/61f37d9834294b72d31d274e7ed79bca\"},\"headline\":\"\u015e\u0130MD\u0130 B\u00dcT\u00dcN AYNALARDA SEF\u0130L B\u0130R ZEBAN\u0130 G\u00dcL\u00dcMS\u00dcYOR\",\"datePublished\":\"2018-08-01T21:20:50+00:00\",\"mainEntityOfPage\":{\"@id\":\"https:\/\/narteks.net\/index.php\/2018\/08\/02\/simdi-butun-aynalarda-sefil-bir-zebani-gulumsuyor\/\"},\"wordCount\":188,\"commentCount\":0,\"publisher\":{\"@id\":\"https:\/\/narteks.net\/#organization\"},\"articleSection\":[\"Fettah K\u00d6LEL\u0130\"],\"inLanguage\":\"tr\",\"potentialAction\":[{\"@type\":\"CommentAction\",\"name\":\"Comment\",\"target\":[\"https:\/\/narteks.net\/index.php\/2018\/08\/02\/simdi-butun-aynalarda-sefil-bir-zebani-gulumsuyor\/#respond\"]}]},{\"@type\":\"WebPage\",\"@id\":\"https:\/\/narteks.net\/index.php\/2018\/08\/02\/simdi-butun-aynalarda-sefil-bir-zebani-gulumsuyor\/\",\"url\":\"https:\/\/narteks.net\/index.php\/2018\/08\/02\/simdi-butun-aynalarda-sefil-bir-zebani-gulumsuyor\/\",\"name\":\"\u015e\u0130MD\u0130 B\u00dcT\u00dcN AYNALARDA SEF\u0130L B\u0130R ZEBAN\u0130 G\u00dcL\u00dcMS\u00dcYOR - narteks.net\",\"isPartOf\":{\"@id\":\"https:\/\/narteks.net\/#website\"},\"datePublished\":\"2018-08-01T21:20:50+00:00\",\"breadcrumb\":{\"@id\":\"https:\/\/narteks.net\/index.php\/2018\/08\/02\/simdi-butun-aynalarda-sefil-bir-zebani-gulumsuyor\/#breadcrumb\"},\"inLanguage\":\"tr\",\"potentialAction\":[{\"@type\":\"ReadAction\",\"target\":[\"https:\/\/narteks.net\/index.php\/2018\/08\/02\/simdi-butun-aynalarda-sefil-bir-zebani-gulumsuyor\/\"]}]},{\"@type\":\"BreadcrumbList\",\"@id\":\"https:\/\/narteks.net\/index.php\/2018\/08\/02\/simdi-butun-aynalarda-sefil-bir-zebani-gulumsuyor\/#breadcrumb\",\"itemListElement\":[{\"@type\":\"ListItem\",\"position\":1,\"name\":\"Anasayfa\",\"item\":\"https:\/\/narteks.net\/\"},{\"@type\":\"ListItem\",\"position\":2,\"name\":\"\u015e\u0130MD\u0130 B\u00dcT\u00dcN AYNALARDA SEF\u0130L B\u0130R ZEBAN\u0130 G\u00dcL\u00dcMS\u00dcYOR\"}]},{\"@type\":\"WebSite\",\"@id\":\"https:\/\/narteks.net\/#website\",\"url\":\"https:\/\/narteks.net\/\",\"name\":\"narteks.net\",\"description\":\"K\u00fclt\u00fcr Sanat Edebiyat Felsefe\",\"publisher\":{\"@id\":\"https:\/\/narteks.net\/#organization\"},\"alternateName\":\"K\u00fclt\u00fcr Sanat Edebiyat Felsefe\",\"potentialAction\":[{\"@type\":\"SearchAction\",\"target\":{\"@type\":\"EntryPoint\",\"urlTemplate\":\"https:\/\/narteks.net\/?s={search_term_string}\"},\"query-input\":{\"@type\":\"PropertyValueSpecification\",\"valueRequired\":true,\"valueName\":\"search_term_string\"}}],\"inLanguage\":\"tr\"},{\"@type\":\"Organization\",\"@id\":\"https:\/\/narteks.net\/#organization\",\"name\":\"narteks.net\",\"url\":\"https:\/\/narteks.net\/\",\"logo\":{\"@type\":\"ImageObject\",\"inLanguage\":\"tr\",\"@id\":\"https:\/\/narteks.net\/#\/schema\/logo\/image\/\",\"url\":\"https:\/\/narteks.net\/wp-content\/uploads\/narteks.png\",\"contentUrl\":\"https:\/\/narteks.net\/wp-content\/uploads\/narteks.png\",\"width\":300,\"height\":90,\"caption\":\"narteks.net\"},\"image\":{\"@id\":\"https:\/\/narteks.net\/#\/schema\/logo\/image\/\"},\"sameAs\":[\"https:\/\/x.com\/narteks\",\"https:\/\/instagram.com\/narteksnet\"]},{\"@type\":\"Person\",\"@id\":\"https:\/\/narteks.net\/#\/schema\/person\/61f37d9834294b72d31d274e7ed79bca\",\"name\":\"Tar\u0131k\",\"image\":{\"@type\":\"ImageObject\",\"inLanguage\":\"tr\",\"@id\":\"https:\/\/narteks.net\/#\/schema\/person\/image\/\",\"url\":\"https:\/\/secure.gravatar.com\/avatar\/50865afb55632c4ae467e0af0930f6510aa2297d8014be502a55b14f3b7550cf?s=96&d=mm&r=g\",\"contentUrl\":\"https:\/\/secure.gravatar.com\/avatar\/50865afb55632c4ae467e0af0930f6510aa2297d8014be502a55b14f3b7550cf?s=96&d=mm&r=g\",\"caption\":\"Tar\u0131k\"},\"sameAs\":[\"http:\/\/narteks.net\"],\"url\":\"https:\/\/narteks.net\/index.php\/author\/narbak\/\"}]}<\/script>\n<!-- \/ Yoast SEO Premium plugin. -->","yoast_head_json":{"title":"\u015e\u0130MD\u0130 B\u00dcT\u00dcN AYNALARDA SEF\u0130L B\u0130R ZEBAN\u0130 G\u00dcL\u00dcMS\u00dcYOR - narteks.net","robots":{"index":"index","follow":"follow","max-snippet":"max-snippet:-1","max-image-preview":"max-image-preview:large","max-video-preview":"max-video-preview:-1"},"canonical":"https:\/\/narteks.net\/index.php\/2018\/08\/02\/simdi-butun-aynalarda-sefil-bir-zebani-gulumsuyor\/","og_locale":"tr_TR","og_type":"article","og_title":"\u015e\u0130MD\u0130 B\u00dcT\u00dcN AYNALARDA SEF\u0130L B\u0130R ZEBAN\u0130 G\u00dcL\u00dcMS\u00dcYOR","og_description":"u\u00e7ucu ufuklar edindilerdige\u00e7ici tutkular\u0131nr\u00f6prod\u00fcksiyonlar\u0131n\u0131 ast\u0131lard\u0131 duvarlar\u0131nager\u00e7ek ufuklar\u0131n tutkulu akt\u00f6rlerisahne al\u0131ncaki\u015filiklerinin tantanal\u0131 dekorlar\u0131nadoland\u0131 ayaklar\u0131 yar\u0131m a\u011f\u0131zla isyan ederlerdidi\u011fer yar\u0131m\u0131ylaanlay\u0131\u015f ve merhamet dilenirlerdine d\u00fc\u015fmanlar\u0131ne dostlar\u0131 sayg\u0131 duyard\u0131dimdik y\u00fcr\u00fcyemezlerdine dirilerin ne de \u00f6l\u00fclerin \u00f6n\u00fcndehatta \u00e7o\u011fu kezkendileri bile katlanamazlard\u0131kendilerine kendisi olmay\u0131ge\u00e7 de olsa ke\u015ffetmeninerdemi ve g\u00f6rg\u00fcs\u00fczl\u00fc\u011f\u00fcylenietzsche\u2019nin sava\u015f \u00fcss\u00fcfreud\u2019un kerhanesidianysos\u2019un meyhanesi aras\u0131ndas\u00fcrt\u00fcp durdular g\u00fcnlercebilin\u00e7altlar\u0131ndakiid\u2019leri ve \u00f6d\u2019leri sal\u0131verdiler sonundaeski arkada\u015flar\u0131n\u0131nkafataslar\u0131nda \u015farap [&hellip;]","og_url":"https:\/\/narteks.net\/index.php\/2018\/08\/02\/simdi-butun-aynalarda-sefil-bir-zebani-gulumsuyor\/","og_site_name":"narteks.net","article_published_time":"2018-08-01T21:20:50+00:00","og_image":[{"width":300,"height":90,"url":"https:\/\/narteks.net\/wp-content\/uploads\/narteks.png","type":"image\/png"}],"author":"Tar\u0131k","twitter_card":"summary_large_image","twitter_creator":"@narteks","twitter_site":"@narteks","twitter_misc":{"Yazan:":"Tar\u0131k","Tahmini okuma s\u00fcresi":"1 dakika"},"schema":{"@context":"https:\/\/schema.org","@graph":[{"@type":"Article","@id":"https:\/\/narteks.net\/index.php\/2018\/08\/02\/simdi-butun-aynalarda-sefil-bir-zebani-gulumsuyor\/#article","isPartOf":{"@id":"https:\/\/narteks.net\/index.php\/2018\/08\/02\/simdi-butun-aynalarda-sefil-bir-zebani-gulumsuyor\/"},"author":{"name":"Tar\u0131k","@id":"https:\/\/narteks.net\/#\/schema\/person\/61f37d9834294b72d31d274e7ed79bca"},"headline":"\u015e\u0130MD\u0130 B\u00dcT\u00dcN AYNALARDA SEF\u0130L B\u0130R ZEBAN\u0130 G\u00dcL\u00dcMS\u00dcYOR","datePublished":"2018-08-01T21:20:50+00:00","mainEntityOfPage":{"@id":"https:\/\/narteks.net\/index.php\/2018\/08\/02\/simdi-butun-aynalarda-sefil-bir-zebani-gulumsuyor\/"},"wordCount":188,"commentCount":0,"publisher":{"@id":"https:\/\/narteks.net\/#organization"},"articleSection":["Fettah K\u00d6LEL\u0130"],"inLanguage":"tr","potentialAction":[{"@type":"CommentAction","name":"Comment","target":["https:\/\/narteks.net\/index.php\/2018\/08\/02\/simdi-butun-aynalarda-sefil-bir-zebani-gulumsuyor\/#respond"]}]},{"@type":"WebPage","@id":"https:\/\/narteks.net\/index.php\/2018\/08\/02\/simdi-butun-aynalarda-sefil-bir-zebani-gulumsuyor\/","url":"https:\/\/narteks.net\/index.php\/2018\/08\/02\/simdi-butun-aynalarda-sefil-bir-zebani-gulumsuyor\/","name":"\u015e\u0130MD\u0130 B\u00dcT\u00dcN AYNALARDA SEF\u0130L B\u0130R ZEBAN\u0130 G\u00dcL\u00dcMS\u00dcYOR - narteks.net","isPartOf":{"@id":"https:\/\/narteks.net\/#website"},"datePublished":"2018-08-01T21:20:50+00:00","breadcrumb":{"@id":"https:\/\/narteks.net\/index.php\/2018\/08\/02\/simdi-butun-aynalarda-sefil-bir-zebani-gulumsuyor\/#breadcrumb"},"inLanguage":"tr","potentialAction":[{"@type":"ReadAction","target":["https:\/\/narteks.net\/index.php\/2018\/08\/02\/simdi-butun-aynalarda-sefil-bir-zebani-gulumsuyor\/"]}]},{"@type":"BreadcrumbList","@id":"https:\/\/narteks.net\/index.php\/2018\/08\/02\/simdi-butun-aynalarda-sefil-bir-zebani-gulumsuyor\/#breadcrumb","itemListElement":[{"@type":"ListItem","position":1,"name":"Anasayfa","item":"https:\/\/narteks.net\/"},{"@type":"ListItem","position":2,"name":"\u015e\u0130MD\u0130 B\u00dcT\u00dcN AYNALARDA SEF\u0130L B\u0130R ZEBAN\u0130 G\u00dcL\u00dcMS\u00dcYOR"}]},{"@type":"WebSite","@id":"https:\/\/narteks.net\/#website","url":"https:\/\/narteks.net\/","name":"narteks.net","description":"K\u00fclt\u00fcr Sanat Edebiyat Felsefe","publisher":{"@id":"https:\/\/narteks.net\/#organization"},"alternateName":"K\u00fclt\u00fcr Sanat Edebiyat Felsefe","potentialAction":[{"@type":"SearchAction","target":{"@type":"EntryPoint","urlTemplate":"https:\/\/narteks.net\/?s={search_term_string}"},"query-input":{"@type":"PropertyValueSpecification","valueRequired":true,"valueName":"search_term_string"}}],"inLanguage":"tr"},{"@type":"Organization","@id":"https:\/\/narteks.net\/#organization","name":"narteks.net","url":"https:\/\/narteks.net\/","logo":{"@type":"ImageObject","inLanguage":"tr","@id":"https:\/\/narteks.net\/#\/schema\/logo\/image\/","url":"https:\/\/narteks.net\/wp-content\/uploads\/narteks.png","contentUrl":"https:\/\/narteks.net\/wp-content\/uploads\/narteks.png","width":300,"height":90,"caption":"narteks.net"},"image":{"@id":"https:\/\/narteks.net\/#\/schema\/logo\/image\/"},"sameAs":["https:\/\/x.com\/narteks","https:\/\/instagram.com\/narteksnet"]},{"@type":"Person","@id":"https:\/\/narteks.net\/#\/schema\/person\/61f37d9834294b72d31d274e7ed79bca","name":"Tar\u0131k","image":{"@type":"ImageObject","inLanguage":"tr","@id":"https:\/\/narteks.net\/#\/schema\/person\/image\/","url":"https:\/\/secure.gravatar.com\/avatar\/50865afb55632c4ae467e0af0930f6510aa2297d8014be502a55b14f3b7550cf?s=96&d=mm&r=g","contentUrl":"https:\/\/secure.gravatar.com\/avatar\/50865afb55632c4ae467e0af0930f6510aa2297d8014be502a55b14f3b7550cf?s=96&d=mm&r=g","caption":"Tar\u0131k"},"sameAs":["http:\/\/narteks.net"],"url":"https:\/\/narteks.net\/index.php\/author\/narbak\/"}]}},"_links":{"self":[{"href":"https:\/\/narteks.net\/index.php\/wp-json\/wp\/v2\/posts\/7065","targetHints":{"allow":["GET"]}}],"collection":[{"href":"https:\/\/narteks.net\/index.php\/wp-json\/wp\/v2\/posts"}],"about":[{"href":"https:\/\/narteks.net\/index.php\/wp-json\/wp\/v2\/types\/post"}],"author":[{"embeddable":true,"href":"https:\/\/narteks.net\/index.php\/wp-json\/wp\/v2\/users\/1"}],"replies":[{"embeddable":true,"href":"https:\/\/narteks.net\/index.php\/wp-json\/wp\/v2\/comments?post=7065"}],"version-history":[{"count":0,"href":"https:\/\/narteks.net\/index.php\/wp-json\/wp\/v2\/posts\/7065\/revisions"}],"wp:attachment":[{"href":"https:\/\/narteks.net\/index.php\/wp-json\/wp\/v2\/media?parent=7065"}],"wp:term":[{"taxonomy":"category","embeddable":true,"href":"https:\/\/narteks.net\/index.php\/wp-json\/wp\/v2\/categories?post=7065"},{"taxonomy":"post_tag","embeddable":true,"href":"https:\/\/narteks.net\/index.php\/wp-json\/wp\/v2\/tags?post=7065"}],"curies":[{"name":"wp","href":"https:\/\/api.w.org\/{rel}","templated":true}]}}