{"id":7067,"date":"2018-08-02T00:23:20","date_gmt":"2018-08-01T21:23:20","guid":{"rendered":"http:\/\/localhost\/wordpress\/2018\/08\/02\/dun-eski-karim-geldi\/"},"modified":"2018-08-02T00:23:20","modified_gmt":"2018-08-01T21:23:20","slug":"dun-eski-karim-geldi","status":"publish","type":"post","link":"https:\/\/narteks.net\/index.php\/2018\/08\/02\/dun-eski-karim-geldi\/","title":{"rendered":"D\u00dcN ESK\u0130 KARIM GELD\u0130"},"content":{"rendered":"<p>d\u00fcn eski kar\u0131m geldi<br \/>neden geldi\u011fini bilmiyordu<br \/>karl\u0131 bir gece yar\u0131s\u0131<\/p>\n<p>kim bilir<br \/>incitmeyi unuttu\u011fu<br \/>bir \u015feyler kalm\u0131\u015ft\u0131 geride<br \/>belki de ilham\u0131m\u0131n<br \/>t\u00fckenmekte oldu\u011funu hissetmi\u015fti<br \/>\u00f6zleyece\u011fi tutmu\u015ftu<br \/>kim bilir&#8230;<\/p>\n<p>kurtulu\u015f\u2019taki o k\u00f6hne evde<br \/>ate\u015fler i\u00e7inde k\u0131vran\u0131yordum<br \/>hani baban \u00f6teki d\u00fcnyada yay\u0131mlanan<br \/>sanat dergilerini<br \/>getirdi deseler kefenin cebinde<br \/>yerimden k\u0131m\u0131ldayacak takatim yoktu<br \/>arabistan \u00e7\u00f6llerinde<br \/>r\u00fczg\u00e2rg\u00fcl\u00fc olsa \u015fiirlerim<br \/>\u00fcfleyecek solu\u011fum<\/p>\n<p>ama duydum<br \/>onun zarif ayaklar\u0131yd\u0131 tozlu merdivenleri<br \/>k\u0131vr\u0131m k\u0131vr\u0131m t\u0131rmanan<br \/>onun ince beyaz elleriydi<br \/>bo\u015flukta sallanan<br \/>mavi ve beyaz kablolar\u0131 birbirlerine s\u00fcrterek<br \/>zili \u00e7ald\u0131ran<\/p>\n<p>onun ta\u015f plaklarda c\u0131z\u0131rdayan<br \/>emsalsiz ve bana \u00f6zel sesiydi<br \/>y\u0131llar\u0131n pasl\u0131 obualar\u0131n\u0131 \u00e7alan<\/p>\n<p>bir devrimciyi \u00f6l\u00fcm d\u00f6\u015fe\u011finden kald\u0131rmaya<br \/>yaln\u0131zca sokak s\u00f6zc\u00fc\u011f\u00fc bile yeterdi o y\u0131llarda<br \/>oysa o daha fazlas\u0131n\u0131 vaad ediyordu<br \/>okunuyordu her \u015feyi her halinden<br \/>onun yaln\u0131zca ben bilirdim dilinden<br \/>onun yaln\u0131zca ben gelirdim elinden<\/p>\n<p>kap\u0131y\u0131 a\u00e7t\u0131m<br \/>ankara\u2019n\u0131n solgun \u0131\u015f\u0131klar\u0131 vuruyordu<br \/>k\u0131r\u00e7\u0131l pardes\u00fcs\u00fcne arkadan<br \/>g\u00f6rmesem de g\u00f6r\u00fcyordum<br \/>kar gibi ayd\u0131nl\u0131kt\u0131 g\u00f6vdesi<br \/>y\u00fcre\u011fi kan gibi s\u0131cak<br \/>g\u00f6zleri \u0131slak \u00e7imenlerin \u00fcst\u00fcnde<br \/>gitar \u00e7al\u0131yordu ku\u015flara<br \/>eldivenlerinin i\u00e7inde badem \u00e7i\u00e7ekleriydi elleri<\/p>\n<p>al g\u00f6t\u00fcr beni nereye olursa olsun<br \/>der gibi \u201cgelemem\u201d dedim<\/p>\n<p>g\u00fcnlerdir sabahlara kadar ba\u015fucumda bekleyen<br \/>terli giysilerimi de\u011fi\u015ftiren<br \/>nane limon kaynatan<br \/>yeni \u00e7\u0131kt\u0131\u011f\u0131m nihilist k\u0131za do\u011fru b\u00fck\u00fcld\u00fc<br \/>kendili\u011finden boynum<br \/>dara\u011fac\u0131ndaki kemende uzan\u0131r gibi<\/p>\n<p>\u201colsun\u201d dedi, ald\u0131rmaz bir edayla<br \/>hi\u00e7 al\u0131\u015f\u0131k de\u011fildi onu reddetmeme<br \/>sanki bu ilk d\u00fcn m\u00fcyd\u00fc ki b\u00f6yle kar\u015f\u0131lans\u0131n<br \/>al g\u00f6t\u00fcr beni nereye olursa olsun bu \u015fehirden<br \/>der gibi \u201cgelemem\u201d dedim yine<br \/>k\u0131\u015fa m\u0131 hastal\u0131\u011fa m\u0131 eme\u011fe mi yenildim bilemiyorum<br \/>gitti karl\u0131 sokaklarda \u0131sl\u0131k \u00e7alarak<br \/>asi bir r\u00fczgar gibi<\/p>\n<p>sabaha kar\u015f\u0131yd\u0131 yeniden zili \u00e7ald\u0131\u011f\u0131nda<br \/>\u201cgel\u201d dedi, \u201cbari birka\u00e7 dakikal\u0131\u011f\u0131na kar alt\u0131nda<br \/>birlikte susal\u0131m sabah kar\u015f\u0131<br \/>korkmas\u0131n sevgilin<br \/>eskiden de sahibin de\u011fildim\u201d<\/p>\n<p>\u201cgelemem\u201d dedim<br \/>sehpadan ayaklar\u0131n\u0131n dibine yuvarland\u0131 ba\u015f\u0131m<br \/>yine de sahibini g\u00f6rm\u00fc\u015f sefil bir it gibi<br \/>sabaha kadar ayazda uludu, kuyruk sallad\u0131<\/p>\n<p>ate\u015fler i\u00e7inde ruhum<\/p>\n<p>Fettah K\u00d6LEL\u0130<\/p>\n","protected":false},"excerpt":{"rendered":"<p>d\u00fcn eski kar\u0131m geldineden geldi\u011fini bilmiyordukarl\u0131 bir gece yar\u0131s\u0131 kim bilirincitmeyi unuttu\u011fubir \u015feyler kalm\u0131\u015ft\u0131 geridebelki de ilham\u0131m\u0131nt\u00fckenmekte oldu\u011funu hissetmi\u015fti\u00f6zleyece\u011fi tutmu\u015ftukim bilir&#8230; kurtulu\u015f\u2019taki o k\u00f6hne evdeate\u015fler i\u00e7inde k\u0131vran\u0131yordumhani baban \u00f6teki d\u00fcnyada yay\u0131mlanansanat dergilerinigetirdi deseler kefenin cebindeyerimden k\u0131m\u0131ldayacak takatim yoktuarabistan \u00e7\u00f6llerinder\u00fczg\u00e2rg\u00fcl\u00fc olsa \u015fiirlerim\u00fcfleyecek solu\u011fum ama duydumonun zarif ayaklar\u0131yd\u0131 tozlu merdivenlerik\u0131vr\u0131m k\u0131vr\u0131m t\u0131rmananonun ince beyaz elleriydibo\u015flukta sallananmavi ve [&hellip;]<\/p>\n","protected":false},"author":1,"featured_media":0,"comment_status":"open","ping_status":"open","sticky":false,"template":"","format":"standard","meta":{"footnotes":""},"categories":[215],"tags":[],"class_list":{"0":"post-7067","1":"post","2":"type-post","3":"status-publish","4":"format-standard","6":"category-fettah-koleli"},"yoast_head":"<!-- This site is optimized with the Yoast SEO Premium plugin v24.9 (Yoast SEO v24.9) - https:\/\/yoast.com\/wordpress\/plugins\/seo\/ -->\n<title>D\u00dcN ESK\u0130 KARIM GELD\u0130 - narteks.net<\/title>\n<meta name=\"robots\" content=\"index, follow, max-snippet:-1, max-image-preview:large, max-video-preview:-1\" \/>\n<link rel=\"canonical\" href=\"https:\/\/narteks.net\/index.php\/2018\/08\/02\/dun-eski-karim-geldi\/\" \/>\n<meta property=\"og:locale\" content=\"tr_TR\" \/>\n<meta property=\"og:type\" content=\"article\" \/>\n<meta property=\"og:title\" content=\"D\u00dcN ESK\u0130 KARIM GELD\u0130\" \/>\n<meta property=\"og:description\" content=\"d\u00fcn eski kar\u0131m geldineden geldi\u011fini bilmiyordukarl\u0131 bir gece yar\u0131s\u0131 kim bilirincitmeyi unuttu\u011fubir \u015feyler kalm\u0131\u015ft\u0131 geridebelki de ilham\u0131m\u0131nt\u00fckenmekte oldu\u011funu hissetmi\u015fti\u00f6zleyece\u011fi tutmu\u015ftukim bilir&#8230; kurtulu\u015f\u2019taki o k\u00f6hne evdeate\u015fler i\u00e7inde k\u0131vran\u0131yordumhani baban \u00f6teki d\u00fcnyada yay\u0131mlanansanat dergilerinigetirdi deseler kefenin cebindeyerimden k\u0131m\u0131ldayacak takatim yoktuarabistan \u00e7\u00f6llerinder\u00fczg\u00e2rg\u00fcl\u00fc olsa \u015fiirlerim\u00fcfleyecek solu\u011fum ama duydumonun zarif ayaklar\u0131yd\u0131 tozlu merdivenlerik\u0131vr\u0131m k\u0131vr\u0131m t\u0131rmananonun ince beyaz elleriydibo\u015flukta sallananmavi ve [&hellip;]\" \/>\n<meta property=\"og:url\" content=\"https:\/\/narteks.net\/index.php\/2018\/08\/02\/dun-eski-karim-geldi\/\" \/>\n<meta property=\"og:site_name\" content=\"narteks.net\" \/>\n<meta property=\"article:published_time\" content=\"2018-08-01T21:23:20+00:00\" \/>\n<meta property=\"og:image\" content=\"https:\/\/narteks.net\/wp-content\/uploads\/narteks.png\" \/>\n\t<meta property=\"og:image:width\" content=\"300\" \/>\n\t<meta property=\"og:image:height\" content=\"90\" \/>\n\t<meta property=\"og:image:type\" content=\"image\/png\" \/>\n<meta name=\"author\" content=\"Tar\u0131k\" \/>\n<meta name=\"twitter:card\" content=\"summary_large_image\" \/>\n<meta name=\"twitter:creator\" content=\"@narteks\" \/>\n<meta name=\"twitter:site\" content=\"@narteks\" \/>\n<meta name=\"twitter:label1\" content=\"Yazan:\" \/>\n\t<meta name=\"twitter:data1\" content=\"Tar\u0131k\" \/>\n\t<meta name=\"twitter:label2\" content=\"Tahmini okuma s\u00fcresi\" \/>\n\t<meta name=\"twitter:data2\" content=\"2 dakika\" \/>\n<script type=\"application\/ld+json\" class=\"yoast-schema-graph\">{\"@context\":\"https:\/\/schema.org\",\"@graph\":[{\"@type\":\"Article\",\"@id\":\"https:\/\/narteks.net\/index.php\/2018\/08\/02\/dun-eski-karim-geldi\/#article\",\"isPartOf\":{\"@id\":\"https:\/\/narteks.net\/index.php\/2018\/08\/02\/dun-eski-karim-geldi\/\"},\"author\":{\"name\":\"Tar\u0131k\",\"@id\":\"https:\/\/narteks.net\/#\/schema\/person\/61f37d9834294b72d31d274e7ed79bca\"},\"headline\":\"D\u00dcN ESK\u0130 KARIM GELD\u0130\",\"datePublished\":\"2018-08-01T21:23:20+00:00\",\"mainEntityOfPage\":{\"@id\":\"https:\/\/narteks.net\/index.php\/2018\/08\/02\/dun-eski-karim-geldi\/\"},\"wordCount\":361,\"commentCount\":0,\"publisher\":{\"@id\":\"https:\/\/narteks.net\/#organization\"},\"articleSection\":[\"Fettah K\u00d6LEL\u0130\"],\"inLanguage\":\"tr\",\"potentialAction\":[{\"@type\":\"CommentAction\",\"name\":\"Comment\",\"target\":[\"https:\/\/narteks.net\/index.php\/2018\/08\/02\/dun-eski-karim-geldi\/#respond\"]}]},{\"@type\":\"WebPage\",\"@id\":\"https:\/\/narteks.net\/index.php\/2018\/08\/02\/dun-eski-karim-geldi\/\",\"url\":\"https:\/\/narteks.net\/index.php\/2018\/08\/02\/dun-eski-karim-geldi\/\",\"name\":\"D\u00dcN ESK\u0130 KARIM GELD\u0130 - narteks.net\",\"isPartOf\":{\"@id\":\"https:\/\/narteks.net\/#website\"},\"datePublished\":\"2018-08-01T21:23:20+00:00\",\"breadcrumb\":{\"@id\":\"https:\/\/narteks.net\/index.php\/2018\/08\/02\/dun-eski-karim-geldi\/#breadcrumb\"},\"inLanguage\":\"tr\",\"potentialAction\":[{\"@type\":\"ReadAction\",\"target\":[\"https:\/\/narteks.net\/index.php\/2018\/08\/02\/dun-eski-karim-geldi\/\"]}]},{\"@type\":\"BreadcrumbList\",\"@id\":\"https:\/\/narteks.net\/index.php\/2018\/08\/02\/dun-eski-karim-geldi\/#breadcrumb\",\"itemListElement\":[{\"@type\":\"ListItem\",\"position\":1,\"name\":\"Anasayfa\",\"item\":\"https:\/\/narteks.net\/\"},{\"@type\":\"ListItem\",\"position\":2,\"name\":\"D\u00dcN ESK\u0130 KARIM GELD\u0130\"}]},{\"@type\":\"WebSite\",\"@id\":\"https:\/\/narteks.net\/#website\",\"url\":\"https:\/\/narteks.net\/\",\"name\":\"narteks.net\",\"description\":\"K\u00fclt\u00fcr Sanat Edebiyat Felsefe\",\"publisher\":{\"@id\":\"https:\/\/narteks.net\/#organization\"},\"alternateName\":\"K\u00fclt\u00fcr Sanat Edebiyat Felsefe\",\"potentialAction\":[{\"@type\":\"SearchAction\",\"target\":{\"@type\":\"EntryPoint\",\"urlTemplate\":\"https:\/\/narteks.net\/?s={search_term_string}\"},\"query-input\":{\"@type\":\"PropertyValueSpecification\",\"valueRequired\":true,\"valueName\":\"search_term_string\"}}],\"inLanguage\":\"tr\"},{\"@type\":\"Organization\",\"@id\":\"https:\/\/narteks.net\/#organization\",\"name\":\"narteks.net\",\"url\":\"https:\/\/narteks.net\/\",\"logo\":{\"@type\":\"ImageObject\",\"inLanguage\":\"tr\",\"@id\":\"https:\/\/narteks.net\/#\/schema\/logo\/image\/\",\"url\":\"https:\/\/narteks.net\/wp-content\/uploads\/narteks.png\",\"contentUrl\":\"https:\/\/narteks.net\/wp-content\/uploads\/narteks.png\",\"width\":300,\"height\":90,\"caption\":\"narteks.net\"},\"image\":{\"@id\":\"https:\/\/narteks.net\/#\/schema\/logo\/image\/\"},\"sameAs\":[\"https:\/\/x.com\/narteks\",\"https:\/\/instagram.com\/narteksnet\"]},{\"@type\":\"Person\",\"@id\":\"https:\/\/narteks.net\/#\/schema\/person\/61f37d9834294b72d31d274e7ed79bca\",\"name\":\"Tar\u0131k\",\"image\":{\"@type\":\"ImageObject\",\"inLanguage\":\"tr\",\"@id\":\"https:\/\/narteks.net\/#\/schema\/person\/image\/\",\"url\":\"https:\/\/secure.gravatar.com\/avatar\/50865afb55632c4ae467e0af0930f6510aa2297d8014be502a55b14f3b7550cf?s=96&d=mm&r=g\",\"contentUrl\":\"https:\/\/secure.gravatar.com\/avatar\/50865afb55632c4ae467e0af0930f6510aa2297d8014be502a55b14f3b7550cf?s=96&d=mm&r=g\",\"caption\":\"Tar\u0131k\"},\"sameAs\":[\"http:\/\/narteks.net\"],\"url\":\"https:\/\/narteks.net\/index.php\/author\/narbak\/\"}]}<\/script>\n<!-- \/ Yoast SEO Premium plugin. -->","yoast_head_json":{"title":"D\u00dcN ESK\u0130 KARIM GELD\u0130 - narteks.net","robots":{"index":"index","follow":"follow","max-snippet":"max-snippet:-1","max-image-preview":"max-image-preview:large","max-video-preview":"max-video-preview:-1"},"canonical":"https:\/\/narteks.net\/index.php\/2018\/08\/02\/dun-eski-karim-geldi\/","og_locale":"tr_TR","og_type":"article","og_title":"D\u00dcN ESK\u0130 KARIM GELD\u0130","og_description":"d\u00fcn eski kar\u0131m geldineden geldi\u011fini bilmiyordukarl\u0131 bir gece yar\u0131s\u0131 kim bilirincitmeyi unuttu\u011fubir \u015feyler kalm\u0131\u015ft\u0131 geridebelki de ilham\u0131m\u0131nt\u00fckenmekte oldu\u011funu hissetmi\u015fti\u00f6zleyece\u011fi tutmu\u015ftukim bilir&#8230; kurtulu\u015f\u2019taki o k\u00f6hne evdeate\u015fler i\u00e7inde k\u0131vran\u0131yordumhani baban \u00f6teki d\u00fcnyada yay\u0131mlanansanat dergilerinigetirdi deseler kefenin cebindeyerimden k\u0131m\u0131ldayacak takatim yoktuarabistan \u00e7\u00f6llerinder\u00fczg\u00e2rg\u00fcl\u00fc olsa \u015fiirlerim\u00fcfleyecek solu\u011fum ama duydumonun zarif ayaklar\u0131yd\u0131 tozlu merdivenlerik\u0131vr\u0131m k\u0131vr\u0131m t\u0131rmananonun ince beyaz elleriydibo\u015flukta sallananmavi ve [&hellip;]","og_url":"https:\/\/narteks.net\/index.php\/2018\/08\/02\/dun-eski-karim-geldi\/","og_site_name":"narteks.net","article_published_time":"2018-08-01T21:23:20+00:00","og_image":[{"width":300,"height":90,"url":"https:\/\/narteks.net\/wp-content\/uploads\/narteks.png","type":"image\/png"}],"author":"Tar\u0131k","twitter_card":"summary_large_image","twitter_creator":"@narteks","twitter_site":"@narteks","twitter_misc":{"Yazan:":"Tar\u0131k","Tahmini okuma s\u00fcresi":"2 dakika"},"schema":{"@context":"https:\/\/schema.org","@graph":[{"@type":"Article","@id":"https:\/\/narteks.net\/index.php\/2018\/08\/02\/dun-eski-karim-geldi\/#article","isPartOf":{"@id":"https:\/\/narteks.net\/index.php\/2018\/08\/02\/dun-eski-karim-geldi\/"},"author":{"name":"Tar\u0131k","@id":"https:\/\/narteks.net\/#\/schema\/person\/61f37d9834294b72d31d274e7ed79bca"},"headline":"D\u00dcN ESK\u0130 KARIM GELD\u0130","datePublished":"2018-08-01T21:23:20+00:00","mainEntityOfPage":{"@id":"https:\/\/narteks.net\/index.php\/2018\/08\/02\/dun-eski-karim-geldi\/"},"wordCount":361,"commentCount":0,"publisher":{"@id":"https:\/\/narteks.net\/#organization"},"articleSection":["Fettah K\u00d6LEL\u0130"],"inLanguage":"tr","potentialAction":[{"@type":"CommentAction","name":"Comment","target":["https:\/\/narteks.net\/index.php\/2018\/08\/02\/dun-eski-karim-geldi\/#respond"]}]},{"@type":"WebPage","@id":"https:\/\/narteks.net\/index.php\/2018\/08\/02\/dun-eski-karim-geldi\/","url":"https:\/\/narteks.net\/index.php\/2018\/08\/02\/dun-eski-karim-geldi\/","name":"D\u00dcN ESK\u0130 KARIM GELD\u0130 - narteks.net","isPartOf":{"@id":"https:\/\/narteks.net\/#website"},"datePublished":"2018-08-01T21:23:20+00:00","breadcrumb":{"@id":"https:\/\/narteks.net\/index.php\/2018\/08\/02\/dun-eski-karim-geldi\/#breadcrumb"},"inLanguage":"tr","potentialAction":[{"@type":"ReadAction","target":["https:\/\/narteks.net\/index.php\/2018\/08\/02\/dun-eski-karim-geldi\/"]}]},{"@type":"BreadcrumbList","@id":"https:\/\/narteks.net\/index.php\/2018\/08\/02\/dun-eski-karim-geldi\/#breadcrumb","itemListElement":[{"@type":"ListItem","position":1,"name":"Anasayfa","item":"https:\/\/narteks.net\/"},{"@type":"ListItem","position":2,"name":"D\u00dcN ESK\u0130 KARIM GELD\u0130"}]},{"@type":"WebSite","@id":"https:\/\/narteks.net\/#website","url":"https:\/\/narteks.net\/","name":"narteks.net","description":"K\u00fclt\u00fcr Sanat Edebiyat Felsefe","publisher":{"@id":"https:\/\/narteks.net\/#organization"},"alternateName":"K\u00fclt\u00fcr Sanat Edebiyat Felsefe","potentialAction":[{"@type":"SearchAction","target":{"@type":"EntryPoint","urlTemplate":"https:\/\/narteks.net\/?s={search_term_string}"},"query-input":{"@type":"PropertyValueSpecification","valueRequired":true,"valueName":"search_term_string"}}],"inLanguage":"tr"},{"@type":"Organization","@id":"https:\/\/narteks.net\/#organization","name":"narteks.net","url":"https:\/\/narteks.net\/","logo":{"@type":"ImageObject","inLanguage":"tr","@id":"https:\/\/narteks.net\/#\/schema\/logo\/image\/","url":"https:\/\/narteks.net\/wp-content\/uploads\/narteks.png","contentUrl":"https:\/\/narteks.net\/wp-content\/uploads\/narteks.png","width":300,"height":90,"caption":"narteks.net"},"image":{"@id":"https:\/\/narteks.net\/#\/schema\/logo\/image\/"},"sameAs":["https:\/\/x.com\/narteks","https:\/\/instagram.com\/narteksnet"]},{"@type":"Person","@id":"https:\/\/narteks.net\/#\/schema\/person\/61f37d9834294b72d31d274e7ed79bca","name":"Tar\u0131k","image":{"@type":"ImageObject","inLanguage":"tr","@id":"https:\/\/narteks.net\/#\/schema\/person\/image\/","url":"https:\/\/secure.gravatar.com\/avatar\/50865afb55632c4ae467e0af0930f6510aa2297d8014be502a55b14f3b7550cf?s=96&d=mm&r=g","contentUrl":"https:\/\/secure.gravatar.com\/avatar\/50865afb55632c4ae467e0af0930f6510aa2297d8014be502a55b14f3b7550cf?s=96&d=mm&r=g","caption":"Tar\u0131k"},"sameAs":["http:\/\/narteks.net"],"url":"https:\/\/narteks.net\/index.php\/author\/narbak\/"}]}},"_links":{"self":[{"href":"https:\/\/narteks.net\/index.php\/wp-json\/wp\/v2\/posts\/7067","targetHints":{"allow":["GET"]}}],"collection":[{"href":"https:\/\/narteks.net\/index.php\/wp-json\/wp\/v2\/posts"}],"about":[{"href":"https:\/\/narteks.net\/index.php\/wp-json\/wp\/v2\/types\/post"}],"author":[{"embeddable":true,"href":"https:\/\/narteks.net\/index.php\/wp-json\/wp\/v2\/users\/1"}],"replies":[{"embeddable":true,"href":"https:\/\/narteks.net\/index.php\/wp-json\/wp\/v2\/comments?post=7067"}],"version-history":[{"count":0,"href":"https:\/\/narteks.net\/index.php\/wp-json\/wp\/v2\/posts\/7067\/revisions"}],"wp:attachment":[{"href":"https:\/\/narteks.net\/index.php\/wp-json\/wp\/v2\/media?parent=7067"}],"wp:term":[{"taxonomy":"category","embeddable":true,"href":"https:\/\/narteks.net\/index.php\/wp-json\/wp\/v2\/categories?post=7067"},{"taxonomy":"post_tag","embeddable":true,"href":"https:\/\/narteks.net\/index.php\/wp-json\/wp\/v2\/tags?post=7067"}],"curies":[{"name":"wp","href":"https:\/\/api.w.org\/{rel}","templated":true}]}}