{"id":7070,"date":"2018-08-02T00:26:59","date_gmt":"2018-08-01T21:26:59","guid":{"rendered":"http:\/\/localhost\/wordpress\/2018\/08\/02\/attila-ilhan-i-okumak\/"},"modified":"2018-08-02T00:26:59","modified_gmt":"2018-08-01T21:26:59","slug":"attila-ilhan-i-okumak","status":"publish","type":"post","link":"https:\/\/narteks.net\/index.php\/2018\/08\/02\/attila-ilhan-i-okumak\/","title":{"rendered":"ATT\u0130LA \u0130LHAN\u2019I OKUMAK"},"content":{"rendered":"<p>cam k\u0131r\u0131klar\u0131ndan bir gece<br \/>\u015fafa\u011fa kanl\u0131 g\u00f6zleriyle damlayan<br \/>suzinak makam\u0131nda bir g\u00f6n\u00fcl<br \/>harb-i umumi izmir\u2019inde demlenen<br \/>biraz romanof biraz lenin<br \/>biraz mustafa kemal<br \/>en \u00e7ok da sultan galief<\/p>\n<p>genel k\u00fclt\u00fcr\u00fcn\u00fc hayli genel<br \/>bir d\u00fcnya evinde yudumlam\u0131\u015f<br \/>paris salonlar\u0131nda<br \/>s\u00f6m\u00fcrge halklar\u0131n tabancas\u0131n\u0131 koymu\u015f<br \/>kadehlerin yan\u0131na<br \/>biraz ittihat\u00e7\u0131 biraz komitac\u0131 biraz \u0131tri<br \/>yahya kemal caddesi\u2019nden<br \/>baudelaire r\u0131ht\u0131m\u0131na b\u0131\u00e7ak f\u0131rlatan<\/p>\n<p>s\u00f6zde bir ihtilal beyzadesi<br \/>dipten gelen her dalgada<br \/>milli ayran\u0131 kabaran<br \/>\u00e7 ko\u00e7aklamas\u0131 t\u0131ng\u0131rdata t\u0131ng\u0131rdata<br \/>mehmet s\u0131rada\u011flar\u0131na ka\u00e7an<br \/>her alemin raconundan anlayan<br \/>her g\u00fcnl\u00fcn s\u0131rr\u0131n\u0131 \u00e7\u00f6zm\u00fc\u015f<br \/>hayli kurgulu<br \/>kendine hayran bir adam<\/p>\n<p>ben sana mecburum makam\u0131ndan<br \/>\u00e7almay\u0131 da bilir<br \/>fransa\u2019y\u0131 dansa kald\u0131rmay\u0131 da<br \/>ka\u011f\u0131t masalardan<br \/>bir hazin kompleks<br \/>naz\u0131m hikmet\u2019in esrik g\u00fcnlerinden<br \/>damlayan<\/p>\n<p>nam-\u0131 di\u011fer attil\u00e2 ilhan<br \/>her programa \u00e7a\u011fr\u0131lan<br \/>\u00fc\u00e7 maymunu ile birlikte<br \/>cumhuriyet caddesi\u2019nde a\u011flayan devrim<br \/>ortaasya\u2019dan g\u00f6z k\u0131rp\u0131nca<br \/>osmanl\u0131n\u0131n torunlar\u0131na atlantik\u2019i atlatan<br \/>ne zaman s\u0131n\u0131f bahsi a\u00e7\u0131lsa<br \/>mehter tak\u0131m\u0131na enternasyonal\u2019i \u00e7ald\u0131ran<\/p>\n<p>mustafa kemal\u2019in<br \/>sol koluna vurulmu\u015f \u00e7\u0131nar a\u015f\u0131s\u0131<br \/>diplomat fm\u2019de \u00e7al\u0131nan<br \/>asit g\u00fclleriyle yat\u0131p<br \/>ensesinde bir revolverle uyanan<br \/>kendi g\u00f6k kubbemizden<br \/>bir mertek gibi f\u0131rlayan mavi<br \/>biraz turkuaz biraz hilal biraz ha\u00e7<br \/>biraz molotof biraz orak \u00e7eki\u00e7<br \/>her cehennemin<br \/>her cennetin ak\u0131l hocas\u0131<br \/>her tanr\u0131n\u0131n rakibi<\/p>\n<p>her mafyada gizli bir adam\u0131 var<br \/>m\u0131sralar\u0131nda esrar<br \/>m\u0131sralar\u0131nda kara g\u00f6zl\u00fckl\u00fc<br \/>bir komplocu cengaver<br \/>her a\u015fk\u0131n i\u00e7inde bir saatli bomban\u0131n tiktaklar\u0131<\/p>\n<p>attil\u00e2 ilhan\u2019\u0131 okuduk\u00e7a<br \/>iki yol \u00e7\u0131kacakt\u0131r kar\u015f\u0131na<br \/>h\u0131zl\u0131 bir takip ve kovalamacadan sonra<br \/>iki yolun birle\u015fti\u011fini g\u00f6receksin<br \/>\u00e7\u0131kmaz bir sokakta<\/p>\n<p>s\u0131rt\u0131n\u0131 duvara yaslad\u0131\u011f\u0131nda soluk solu\u011fa<br \/>dizlerindeki blue jean\u2019de a\u00e7\u0131lan deliklerden<br \/>f\u0131\u015fk\u0131ran kan\u0131n deh\u015fetiyle kendinden ge\u00e7eceksin<br \/>bakm\u0131\u015fs\u0131n ki son nefeste<br \/>40\u2019lardan kalma bir action \u015fiirin i\u00e7indeki<br \/>k\u00f6t\u00fc adam sensin<br \/>chevrolet ile duvar aras\u0131ndas\u0131n<br \/>belden a\u015fa\u011f\u0131n tutmuyor<\/p>\n<p>sa\u00e7lar\u0131na yap\u0131\u015fm\u0131\u015f f\u00f6tr \u015fapkal\u0131 iki zenci<br \/>tepende boza pi\u015firiyor<br \/>\u201chaydi ahbap s\u00f6yle ihtiyar\u0131n yerini! \u201d<br \/>nefes ald\u0131k\u00e7a mermi gibi dizeler<br \/>didik didik ediyor ci\u011ferlerini<br \/>neyse ki her nedense<br \/>bir harem a\u011fas\u0131 kurtar\u0131verir seni<\/p>\n<p>topu topu birka\u00e7 dize sonra<br \/>hali\u00e7\u2019te sandal sefas\u0131ndas\u0131nd\u0131r cariyenle<br \/>o da ne! i\u015fgal istanbul\u2019undan bir kruvaz\u00f6r<br \/>tam yol geliyor \u00fcst\u00fcm\u00fcze<br \/>daha rengi fena k\u0131rm\u0131z\u0131<br \/>iki kadeh \u015farap yuvarlayamadan<br \/>kenar s\u00fcs\u00fc oluvermi\u015fiz tarihte<\/p>\n<p>hem bireycilere hem toplumcular\u0131n topuna<br \/>kar\u015f\u0131&#8230;<br \/>\u00a0<\/p>\n<p>Fettah K\u00d6LEL\u0130<\/p>\n","protected":false},"excerpt":{"rendered":"<p>cam k\u0131r\u0131klar\u0131ndan bir gece\u015fafa\u011fa kanl\u0131 g\u00f6zleriyle damlayansuzinak makam\u0131nda bir g\u00f6n\u00fclharb-i umumi izmir\u2019inde demlenenbiraz romanof biraz leninbiraz mustafa kemalen \u00e7ok da sultan galief genel k\u00fclt\u00fcr\u00fcn\u00fc hayli genelbir d\u00fcnya evinde yudumlam\u0131\u015fparis salonlar\u0131ndas\u00f6m\u00fcrge halklar\u0131n tabancas\u0131n\u0131 koymu\u015fkadehlerin yan\u0131nabiraz ittihat\u00e7\u0131 biraz komitac\u0131 biraz \u0131triyahya kemal caddesi\u2019ndenbaudelaire r\u0131ht\u0131m\u0131na b\u0131\u00e7ak f\u0131rlatan s\u00f6zde bir ihtilal beyzadesidipten gelen her dalgadamilli ayran\u0131 kabaran\u00e7 ko\u00e7aklamas\u0131 t\u0131ng\u0131rdata [&hellip;]<\/p>\n","protected":false},"author":1,"featured_media":0,"comment_status":"open","ping_status":"open","sticky":false,"template":"","format":"standard","meta":{"footnotes":""},"categories":[215],"tags":[],"class_list":{"0":"post-7070","1":"post","2":"type-post","3":"status-publish","4":"format-standard","6":"category-fettah-koleli"},"yoast_head":"<!-- This site is optimized with the Yoast SEO Premium plugin v24.9 (Yoast SEO v24.9) - https:\/\/yoast.com\/wordpress\/plugins\/seo\/ -->\n<title>ATT\u0130LA \u0130LHAN\u2019I OKUMAK - narteks.net<\/title>\n<meta name=\"robots\" content=\"index, follow, max-snippet:-1, max-image-preview:large, max-video-preview:-1\" \/>\n<link rel=\"canonical\" href=\"https:\/\/narteks.net\/index.php\/2018\/08\/02\/attila-ilhan-i-okumak\/\" \/>\n<meta property=\"og:locale\" content=\"tr_TR\" \/>\n<meta property=\"og:type\" content=\"article\" \/>\n<meta property=\"og:title\" content=\"ATT\u0130LA \u0130LHAN\u2019I OKUMAK\" \/>\n<meta property=\"og:description\" content=\"cam k\u0131r\u0131klar\u0131ndan bir gece\u015fafa\u011fa kanl\u0131 g\u00f6zleriyle damlayansuzinak makam\u0131nda bir g\u00f6n\u00fclharb-i umumi izmir\u2019inde demlenenbiraz romanof biraz leninbiraz mustafa kemalen \u00e7ok da sultan galief genel k\u00fclt\u00fcr\u00fcn\u00fc hayli genelbir d\u00fcnya evinde yudumlam\u0131\u015fparis salonlar\u0131ndas\u00f6m\u00fcrge halklar\u0131n tabancas\u0131n\u0131 koymu\u015fkadehlerin yan\u0131nabiraz ittihat\u00e7\u0131 biraz komitac\u0131 biraz \u0131triyahya kemal caddesi\u2019ndenbaudelaire r\u0131ht\u0131m\u0131na b\u0131\u00e7ak f\u0131rlatan s\u00f6zde bir ihtilal beyzadesidipten gelen her dalgadamilli ayran\u0131 kabaran\u00e7 ko\u00e7aklamas\u0131 t\u0131ng\u0131rdata [&hellip;]\" \/>\n<meta property=\"og:url\" content=\"https:\/\/narteks.net\/index.php\/2018\/08\/02\/attila-ilhan-i-okumak\/\" \/>\n<meta property=\"og:site_name\" content=\"narteks.net\" \/>\n<meta property=\"article:published_time\" content=\"2018-08-01T21:26:59+00:00\" \/>\n<meta property=\"og:image\" content=\"https:\/\/narteks.net\/wp-content\/uploads\/narteks.png\" \/>\n\t<meta property=\"og:image:width\" content=\"300\" \/>\n\t<meta property=\"og:image:height\" content=\"90\" \/>\n\t<meta property=\"og:image:type\" content=\"image\/png\" \/>\n<meta name=\"author\" content=\"Tar\u0131k\" \/>\n<meta name=\"twitter:card\" content=\"summary_large_image\" \/>\n<meta name=\"twitter:creator\" content=\"@narteks\" \/>\n<meta name=\"twitter:site\" content=\"@narteks\" \/>\n<meta name=\"twitter:label1\" content=\"Yazan:\" \/>\n\t<meta name=\"twitter:data1\" content=\"Tar\u0131k\" \/>\n\t<meta name=\"twitter:label2\" content=\"Tahmini okuma s\u00fcresi\" \/>\n\t<meta name=\"twitter:data2\" content=\"2 dakika\" \/>\n<script type=\"application\/ld+json\" class=\"yoast-schema-graph\">{\"@context\":\"https:\/\/schema.org\",\"@graph\":[{\"@type\":\"Article\",\"@id\":\"https:\/\/narteks.net\/index.php\/2018\/08\/02\/attila-ilhan-i-okumak\/#article\",\"isPartOf\":{\"@id\":\"https:\/\/narteks.net\/index.php\/2018\/08\/02\/attila-ilhan-i-okumak\/\"},\"author\":{\"name\":\"Tar\u0131k\",\"@id\":\"https:\/\/narteks.net\/#\/schema\/person\/61f37d9834294b72d31d274e7ed79bca\"},\"headline\":\"ATT\u0130LA \u0130LHAN\u2019I OKUMAK\",\"datePublished\":\"2018-08-01T21:26:59+00:00\",\"mainEntityOfPage\":{\"@id\":\"https:\/\/narteks.net\/index.php\/2018\/08\/02\/attila-ilhan-i-okumak\/\"},\"wordCount\":421,\"commentCount\":0,\"publisher\":{\"@id\":\"https:\/\/narteks.net\/#organization\"},\"articleSection\":[\"Fettah K\u00d6LEL\u0130\"],\"inLanguage\":\"tr\",\"potentialAction\":[{\"@type\":\"CommentAction\",\"name\":\"Comment\",\"target\":[\"https:\/\/narteks.net\/index.php\/2018\/08\/02\/attila-ilhan-i-okumak\/#respond\"]}]},{\"@type\":\"WebPage\",\"@id\":\"https:\/\/narteks.net\/index.php\/2018\/08\/02\/attila-ilhan-i-okumak\/\",\"url\":\"https:\/\/narteks.net\/index.php\/2018\/08\/02\/attila-ilhan-i-okumak\/\",\"name\":\"ATT\u0130LA \u0130LHAN\u2019I OKUMAK - narteks.net\",\"isPartOf\":{\"@id\":\"https:\/\/narteks.net\/#website\"},\"datePublished\":\"2018-08-01T21:26:59+00:00\",\"breadcrumb\":{\"@id\":\"https:\/\/narteks.net\/index.php\/2018\/08\/02\/attila-ilhan-i-okumak\/#breadcrumb\"},\"inLanguage\":\"tr\",\"potentialAction\":[{\"@type\":\"ReadAction\",\"target\":[\"https:\/\/narteks.net\/index.php\/2018\/08\/02\/attila-ilhan-i-okumak\/\"]}]},{\"@type\":\"BreadcrumbList\",\"@id\":\"https:\/\/narteks.net\/index.php\/2018\/08\/02\/attila-ilhan-i-okumak\/#breadcrumb\",\"itemListElement\":[{\"@type\":\"ListItem\",\"position\":1,\"name\":\"Anasayfa\",\"item\":\"https:\/\/narteks.net\/\"},{\"@type\":\"ListItem\",\"position\":2,\"name\":\"ATT\u0130LA \u0130LHAN\u2019I OKUMAK\"}]},{\"@type\":\"WebSite\",\"@id\":\"https:\/\/narteks.net\/#website\",\"url\":\"https:\/\/narteks.net\/\",\"name\":\"narteks.net\",\"description\":\"K\u00fclt\u00fcr Sanat Edebiyat Felsefe\",\"publisher\":{\"@id\":\"https:\/\/narteks.net\/#organization\"},\"alternateName\":\"K\u00fclt\u00fcr Sanat Edebiyat Felsefe\",\"potentialAction\":[{\"@type\":\"SearchAction\",\"target\":{\"@type\":\"EntryPoint\",\"urlTemplate\":\"https:\/\/narteks.net\/?s={search_term_string}\"},\"query-input\":{\"@type\":\"PropertyValueSpecification\",\"valueRequired\":true,\"valueName\":\"search_term_string\"}}],\"inLanguage\":\"tr\"},{\"@type\":\"Organization\",\"@id\":\"https:\/\/narteks.net\/#organization\",\"name\":\"narteks.net\",\"url\":\"https:\/\/narteks.net\/\",\"logo\":{\"@type\":\"ImageObject\",\"inLanguage\":\"tr\",\"@id\":\"https:\/\/narteks.net\/#\/schema\/logo\/image\/\",\"url\":\"https:\/\/narteks.net\/wp-content\/uploads\/narteks.png\",\"contentUrl\":\"https:\/\/narteks.net\/wp-content\/uploads\/narteks.png\",\"width\":300,\"height\":90,\"caption\":\"narteks.net\"},\"image\":{\"@id\":\"https:\/\/narteks.net\/#\/schema\/logo\/image\/\"},\"sameAs\":[\"https:\/\/x.com\/narteks\",\"https:\/\/instagram.com\/narteksnet\"]},{\"@type\":\"Person\",\"@id\":\"https:\/\/narteks.net\/#\/schema\/person\/61f37d9834294b72d31d274e7ed79bca\",\"name\":\"Tar\u0131k\",\"image\":{\"@type\":\"ImageObject\",\"inLanguage\":\"tr\",\"@id\":\"https:\/\/narteks.net\/#\/schema\/person\/image\/\",\"url\":\"https:\/\/secure.gravatar.com\/avatar\/50865afb55632c4ae467e0af0930f6510aa2297d8014be502a55b14f3b7550cf?s=96&d=mm&r=g\",\"contentUrl\":\"https:\/\/secure.gravatar.com\/avatar\/50865afb55632c4ae467e0af0930f6510aa2297d8014be502a55b14f3b7550cf?s=96&d=mm&r=g\",\"caption\":\"Tar\u0131k\"},\"sameAs\":[\"http:\/\/narteks.net\"],\"url\":\"https:\/\/narteks.net\/index.php\/author\/narbak\/\"}]}<\/script>\n<!-- \/ Yoast SEO Premium plugin. -->","yoast_head_json":{"title":"ATT\u0130LA \u0130LHAN\u2019I OKUMAK - narteks.net","robots":{"index":"index","follow":"follow","max-snippet":"max-snippet:-1","max-image-preview":"max-image-preview:large","max-video-preview":"max-video-preview:-1"},"canonical":"https:\/\/narteks.net\/index.php\/2018\/08\/02\/attila-ilhan-i-okumak\/","og_locale":"tr_TR","og_type":"article","og_title":"ATT\u0130LA \u0130LHAN\u2019I OKUMAK","og_description":"cam k\u0131r\u0131klar\u0131ndan bir gece\u015fafa\u011fa kanl\u0131 g\u00f6zleriyle damlayansuzinak makam\u0131nda bir g\u00f6n\u00fclharb-i umumi izmir\u2019inde demlenenbiraz romanof biraz leninbiraz mustafa kemalen \u00e7ok da sultan galief genel k\u00fclt\u00fcr\u00fcn\u00fc hayli genelbir d\u00fcnya evinde yudumlam\u0131\u015fparis salonlar\u0131ndas\u00f6m\u00fcrge halklar\u0131n tabancas\u0131n\u0131 koymu\u015fkadehlerin yan\u0131nabiraz ittihat\u00e7\u0131 biraz komitac\u0131 biraz \u0131triyahya kemal caddesi\u2019ndenbaudelaire r\u0131ht\u0131m\u0131na b\u0131\u00e7ak f\u0131rlatan s\u00f6zde bir ihtilal beyzadesidipten gelen her dalgadamilli ayran\u0131 kabaran\u00e7 ko\u00e7aklamas\u0131 t\u0131ng\u0131rdata [&hellip;]","og_url":"https:\/\/narteks.net\/index.php\/2018\/08\/02\/attila-ilhan-i-okumak\/","og_site_name":"narteks.net","article_published_time":"2018-08-01T21:26:59+00:00","og_image":[{"width":300,"height":90,"url":"https:\/\/narteks.net\/wp-content\/uploads\/narteks.png","type":"image\/png"}],"author":"Tar\u0131k","twitter_card":"summary_large_image","twitter_creator":"@narteks","twitter_site":"@narteks","twitter_misc":{"Yazan:":"Tar\u0131k","Tahmini okuma s\u00fcresi":"2 dakika"},"schema":{"@context":"https:\/\/schema.org","@graph":[{"@type":"Article","@id":"https:\/\/narteks.net\/index.php\/2018\/08\/02\/attila-ilhan-i-okumak\/#article","isPartOf":{"@id":"https:\/\/narteks.net\/index.php\/2018\/08\/02\/attila-ilhan-i-okumak\/"},"author":{"name":"Tar\u0131k","@id":"https:\/\/narteks.net\/#\/schema\/person\/61f37d9834294b72d31d274e7ed79bca"},"headline":"ATT\u0130LA \u0130LHAN\u2019I OKUMAK","datePublished":"2018-08-01T21:26:59+00:00","mainEntityOfPage":{"@id":"https:\/\/narteks.net\/index.php\/2018\/08\/02\/attila-ilhan-i-okumak\/"},"wordCount":421,"commentCount":0,"publisher":{"@id":"https:\/\/narteks.net\/#organization"},"articleSection":["Fettah K\u00d6LEL\u0130"],"inLanguage":"tr","potentialAction":[{"@type":"CommentAction","name":"Comment","target":["https:\/\/narteks.net\/index.php\/2018\/08\/02\/attila-ilhan-i-okumak\/#respond"]}]},{"@type":"WebPage","@id":"https:\/\/narteks.net\/index.php\/2018\/08\/02\/attila-ilhan-i-okumak\/","url":"https:\/\/narteks.net\/index.php\/2018\/08\/02\/attila-ilhan-i-okumak\/","name":"ATT\u0130LA \u0130LHAN\u2019I OKUMAK - narteks.net","isPartOf":{"@id":"https:\/\/narteks.net\/#website"},"datePublished":"2018-08-01T21:26:59+00:00","breadcrumb":{"@id":"https:\/\/narteks.net\/index.php\/2018\/08\/02\/attila-ilhan-i-okumak\/#breadcrumb"},"inLanguage":"tr","potentialAction":[{"@type":"ReadAction","target":["https:\/\/narteks.net\/index.php\/2018\/08\/02\/attila-ilhan-i-okumak\/"]}]},{"@type":"BreadcrumbList","@id":"https:\/\/narteks.net\/index.php\/2018\/08\/02\/attila-ilhan-i-okumak\/#breadcrumb","itemListElement":[{"@type":"ListItem","position":1,"name":"Anasayfa","item":"https:\/\/narteks.net\/"},{"@type":"ListItem","position":2,"name":"ATT\u0130LA \u0130LHAN\u2019I OKUMAK"}]},{"@type":"WebSite","@id":"https:\/\/narteks.net\/#website","url":"https:\/\/narteks.net\/","name":"narteks.net","description":"K\u00fclt\u00fcr Sanat Edebiyat Felsefe","publisher":{"@id":"https:\/\/narteks.net\/#organization"},"alternateName":"K\u00fclt\u00fcr Sanat Edebiyat Felsefe","potentialAction":[{"@type":"SearchAction","target":{"@type":"EntryPoint","urlTemplate":"https:\/\/narteks.net\/?s={search_term_string}"},"query-input":{"@type":"PropertyValueSpecification","valueRequired":true,"valueName":"search_term_string"}}],"inLanguage":"tr"},{"@type":"Organization","@id":"https:\/\/narteks.net\/#organization","name":"narteks.net","url":"https:\/\/narteks.net\/","logo":{"@type":"ImageObject","inLanguage":"tr","@id":"https:\/\/narteks.net\/#\/schema\/logo\/image\/","url":"https:\/\/narteks.net\/wp-content\/uploads\/narteks.png","contentUrl":"https:\/\/narteks.net\/wp-content\/uploads\/narteks.png","width":300,"height":90,"caption":"narteks.net"},"image":{"@id":"https:\/\/narteks.net\/#\/schema\/logo\/image\/"},"sameAs":["https:\/\/x.com\/narteks","https:\/\/instagram.com\/narteksnet"]},{"@type":"Person","@id":"https:\/\/narteks.net\/#\/schema\/person\/61f37d9834294b72d31d274e7ed79bca","name":"Tar\u0131k","image":{"@type":"ImageObject","inLanguage":"tr","@id":"https:\/\/narteks.net\/#\/schema\/person\/image\/","url":"https:\/\/secure.gravatar.com\/avatar\/50865afb55632c4ae467e0af0930f6510aa2297d8014be502a55b14f3b7550cf?s=96&d=mm&r=g","contentUrl":"https:\/\/secure.gravatar.com\/avatar\/50865afb55632c4ae467e0af0930f6510aa2297d8014be502a55b14f3b7550cf?s=96&d=mm&r=g","caption":"Tar\u0131k"},"sameAs":["http:\/\/narteks.net"],"url":"https:\/\/narteks.net\/index.php\/author\/narbak\/"}]}},"_links":{"self":[{"href":"https:\/\/narteks.net\/index.php\/wp-json\/wp\/v2\/posts\/7070","targetHints":{"allow":["GET"]}}],"collection":[{"href":"https:\/\/narteks.net\/index.php\/wp-json\/wp\/v2\/posts"}],"about":[{"href":"https:\/\/narteks.net\/index.php\/wp-json\/wp\/v2\/types\/post"}],"author":[{"embeddable":true,"href":"https:\/\/narteks.net\/index.php\/wp-json\/wp\/v2\/users\/1"}],"replies":[{"embeddable":true,"href":"https:\/\/narteks.net\/index.php\/wp-json\/wp\/v2\/comments?post=7070"}],"version-history":[{"count":0,"href":"https:\/\/narteks.net\/index.php\/wp-json\/wp\/v2\/posts\/7070\/revisions"}],"wp:attachment":[{"href":"https:\/\/narteks.net\/index.php\/wp-json\/wp\/v2\/media?parent=7070"}],"wp:term":[{"taxonomy":"category","embeddable":true,"href":"https:\/\/narteks.net\/index.php\/wp-json\/wp\/v2\/categories?post=7070"},{"taxonomy":"post_tag","embeddable":true,"href":"https:\/\/narteks.net\/index.php\/wp-json\/wp\/v2\/tags?post=7070"}],"curies":[{"name":"wp","href":"https:\/\/api.w.org\/{rel}","templated":true}]}}