{"id":7073,"date":"2018-08-02T00:31:34","date_gmt":"2018-08-01T21:31:34","guid":{"rendered":"http:\/\/localhost\/wordpress\/2018\/08\/02\/gelincik-ve-kibele\/"},"modified":"2018-08-02T00:31:34","modified_gmt":"2018-08-01T21:31:34","slug":"gelincik-ve-kibele","status":"publish","type":"post","link":"https:\/\/narteks.net\/index.php\/2018\/08\/02\/gelincik-ve-kibele\/","title":{"rendered":"GEL\u0130NC\u0130K VE K\u0130BELE"},"content":{"rendered":"<p>omcalar\u0131na d\u00f6l verip y\u00fcr\u00fcd\u00fc\u011f\u00fcm<br \/>ba\u011f\u0131m\u0131n bah\u00e7emin g\u00f6vermi\u015f \u00e7eli\u011fi<br \/>dudak b\u00fck\u00fcm\u00fcne tutulup sakland\u0131\u011f\u0131m<br \/>g\u00fcnebakan : tek s\u0131rda\u015f\u0131m, gecem, \u00e7\u0131plakl\u0131\u011f\u0131m<br \/>savunmas\u0131z gen\u00e7li\u011fim. daha teri tuzu<br \/>kurumadan g\u00f6vdelerimizin<br \/>nereye b\u00f6yle ?<br \/>salk\u0131m s\u00f6\u011f\u00fctlerin y\u0131llard\u0131r ruhuma f\u0131s\u0131ldad\u0131\u011f\u0131 ezgi<br \/>ba\u015faklar\u0131n, ba\u011flar\u0131n, kayalar\u0131n aras\u0131ndan f\u0131\u015fk\u0131ran<br \/>sevda : pekmeze, pestile, g\u00fcne\u015fe , topra\u011fa d\u00f6n\u00fc\u015fen<br \/>\u015f\u0131ras\u0131 k\u0131vam\u0131n\u0131 bulmadan \u00fcz\u00fcmlerinin<br \/>halk\u0131n kara kocaman kadim ayaklar\u0131ndan do\u011fan \u015farap<br \/>duda\u011f\u0131mda mayalan\u0131p ermeden k\u0131vam\u0131na<br \/>nereye b\u00f6yle ?<br \/>sabaha kadar kap\u0131mda ki\u015fneyen taze k\u0131sra\u011f\u0131n<br \/>r\u00fczgar\u0131 yat\u0131\u015fmadan, antik g\u00fc\u011f\u00fcmler aras\u0131nda g\u00fcl\u00fcmseyen<br \/>ars\u0131z kertenkelem bir freskten \u00f6tekine s\u0131\u00e7rarken<br \/>y\u00fcz\u00fc\u011f\u00fcn\u00fc, bileziklerini, kolyesini d\u00fc\u015f kuyusuna d\u00fc\u015f\u00fcrm\u00fc\u015f<br \/>kibele, kara k\u0131l\u00e7\u0131k ba\u015faklar aras\u0131nda nazl\u0131 gelinci\u011fe<br \/>ibadetini tamama erdirmeden<br \/>nereye b\u00f6yle ?<\/p>\n<p>gece, hayalar\u0131 burulmu\u015f buhurdur bozlar da\u011flarda<br \/>t\u00fcl\u00fc mayalar d\u00f6ner ihanet ate\u015fiyle s\u00fcsleyerek h\u00f6rg\u00fc\u00e7lerini<br \/>karamu\u011fa, o\u011flanotuna, devedi\u015fine, kuzukula\u011f\u0131na, yarpuza m\u0131<br \/>anlatay\u0131m, tuzlaya inen s\u00fcr\u00fcy\u00fc m\u00fc bo\u011fazlayay\u0131m<br \/>bozk\u0131rda \u00e7al\u0131lara kevene kengere mi dalatay\u0131m y\u00fcre\u011fimi<br \/>kanatt\u0131\u011f\u0131n yaray\u0131 yalay\u0131p onarmadan<\/p>\n<p>nereye b\u00f6yle ?<\/p>\n<p>sevda ki ba\u015f kahraman\u0131, \u00e7oban aldatan\u0131 oyma\u011f\u0131m\u0131z\u0131n<br \/>p\u0131nar ba\u015f\u0131nda sekip oynayan alaca karanl\u0131\u011f\u0131 \u015fark\u0131lar\u0131m\u0131z\u0131n<br \/>hayal ipli\u011fiyle kirmenini e\u011firen \u015faman c\u0131rts\u0131n y\u00fcz\u00fcn\u00fc<br \/>\u00e7ad\u0131r\u0131 ba\u015f\u0131na y\u0131k\u0131ls\u0131n, orta dire\u011fi elinde kals\u0131n g\u00f6\u00e7ebenin<br \/>yurtlan\u0131p \u00e7o\u011falmaya vakti olmayan\u0131n konaklad\u0131\u011f\u0131 zamand\u0131n yar<br \/>sabah \u00e7iyi kurumadan memelerinde<\/p>\n<p>nereye b\u00f6yle ?<\/p>\n<p>Fettah K\u00d6LEL\u0130<\/p>\n","protected":false},"excerpt":{"rendered":"<p>omcalar\u0131na d\u00f6l verip y\u00fcr\u00fcd\u00fc\u011f\u00fcmba\u011f\u0131m\u0131n bah\u00e7emin g\u00f6vermi\u015f \u00e7eli\u011fidudak b\u00fck\u00fcm\u00fcne tutulup sakland\u0131\u011f\u0131mg\u00fcnebakan : tek s\u0131rda\u015f\u0131m, gecem, \u00e7\u0131plakl\u0131\u011f\u0131msavunmas\u0131z gen\u00e7li\u011fim. daha teri tuzukurumadan g\u00f6vdelerimizinnereye b\u00f6yle ?salk\u0131m s\u00f6\u011f\u00fctlerin y\u0131llard\u0131r ruhuma f\u0131s\u0131ldad\u0131\u011f\u0131 ezgiba\u015faklar\u0131n, ba\u011flar\u0131n, kayalar\u0131n aras\u0131ndan f\u0131\u015fk\u0131ransevda : pekmeze, pestile, g\u00fcne\u015fe , topra\u011fa d\u00f6n\u00fc\u015fen\u015f\u0131ras\u0131 k\u0131vam\u0131n\u0131 bulmadan \u00fcz\u00fcmlerininhalk\u0131n kara kocaman kadim ayaklar\u0131ndan do\u011fan \u015farapduda\u011f\u0131mda mayalan\u0131p ermeden k\u0131vam\u0131nanereye b\u00f6yle ?sabaha kadar kap\u0131mda ki\u015fneyen [&hellip;]<\/p>\n","protected":false},"author":1,"featured_media":0,"comment_status":"open","ping_status":"open","sticky":false,"template":"","format":"standard","meta":{"footnotes":""},"categories":[215],"tags":[],"class_list":{"0":"post-7073","1":"post","2":"type-post","3":"status-publish","4":"format-standard","6":"category-fettah-koleli"},"yoast_head":"<!-- This site is optimized with the Yoast SEO Premium plugin v24.9 (Yoast SEO v24.9) - https:\/\/yoast.com\/wordpress\/plugins\/seo\/ -->\n<title>GEL\u0130NC\u0130K VE K\u0130BELE - narteks.net<\/title>\n<meta name=\"robots\" content=\"index, follow, max-snippet:-1, max-image-preview:large, max-video-preview:-1\" \/>\n<link rel=\"canonical\" href=\"https:\/\/narteks.net\/index.php\/2018\/08\/02\/gelincik-ve-kibele\/\" \/>\n<meta property=\"og:locale\" content=\"tr_TR\" \/>\n<meta property=\"og:type\" content=\"article\" \/>\n<meta property=\"og:title\" content=\"GEL\u0130NC\u0130K VE K\u0130BELE\" \/>\n<meta property=\"og:description\" content=\"omcalar\u0131na d\u00f6l verip y\u00fcr\u00fcd\u00fc\u011f\u00fcmba\u011f\u0131m\u0131n bah\u00e7emin g\u00f6vermi\u015f \u00e7eli\u011fidudak b\u00fck\u00fcm\u00fcne tutulup sakland\u0131\u011f\u0131mg\u00fcnebakan : tek s\u0131rda\u015f\u0131m, gecem, \u00e7\u0131plakl\u0131\u011f\u0131msavunmas\u0131z gen\u00e7li\u011fim. daha teri tuzukurumadan g\u00f6vdelerimizinnereye b\u00f6yle ?salk\u0131m s\u00f6\u011f\u00fctlerin y\u0131llard\u0131r ruhuma f\u0131s\u0131ldad\u0131\u011f\u0131 ezgiba\u015faklar\u0131n, ba\u011flar\u0131n, kayalar\u0131n aras\u0131ndan f\u0131\u015fk\u0131ransevda : pekmeze, pestile, g\u00fcne\u015fe , topra\u011fa d\u00f6n\u00fc\u015fen\u015f\u0131ras\u0131 k\u0131vam\u0131n\u0131 bulmadan \u00fcz\u00fcmlerininhalk\u0131n kara kocaman kadim ayaklar\u0131ndan do\u011fan \u015farapduda\u011f\u0131mda mayalan\u0131p ermeden k\u0131vam\u0131nanereye b\u00f6yle ?sabaha kadar kap\u0131mda ki\u015fneyen [&hellip;]\" \/>\n<meta property=\"og:url\" content=\"https:\/\/narteks.net\/index.php\/2018\/08\/02\/gelincik-ve-kibele\/\" \/>\n<meta property=\"og:site_name\" content=\"narteks.net\" \/>\n<meta property=\"article:published_time\" content=\"2018-08-01T21:31:34+00:00\" \/>\n<meta property=\"og:image\" content=\"https:\/\/narteks.net\/wp-content\/uploads\/narteks.png\" \/>\n\t<meta property=\"og:image:width\" content=\"300\" \/>\n\t<meta property=\"og:image:height\" content=\"90\" \/>\n\t<meta property=\"og:image:type\" content=\"image\/png\" \/>\n<meta name=\"author\" content=\"Tar\u0131k\" \/>\n<meta name=\"twitter:card\" content=\"summary_large_image\" \/>\n<meta name=\"twitter:creator\" content=\"@narteks\" \/>\n<meta name=\"twitter:site\" content=\"@narteks\" \/>\n<meta name=\"twitter:label1\" content=\"Yazan:\" \/>\n\t<meta name=\"twitter:data1\" content=\"Tar\u0131k\" \/>\n\t<meta name=\"twitter:label2\" content=\"Tahmini okuma s\u00fcresi\" \/>\n\t<meta name=\"twitter:data2\" content=\"1 dakika\" \/>\n<script type=\"application\/ld+json\" class=\"yoast-schema-graph\">{\"@context\":\"https:\/\/schema.org\",\"@graph\":[{\"@type\":\"Article\",\"@id\":\"https:\/\/narteks.net\/index.php\/2018\/08\/02\/gelincik-ve-kibele\/#article\",\"isPartOf\":{\"@id\":\"https:\/\/narteks.net\/index.php\/2018\/08\/02\/gelincik-ve-kibele\/\"},\"author\":{\"name\":\"Tar\u0131k\",\"@id\":\"https:\/\/narteks.net\/#\/schema\/person\/61f37d9834294b72d31d274e7ed79bca\"},\"headline\":\"GEL\u0130NC\u0130K VE K\u0130BELE\",\"datePublished\":\"2018-08-01T21:31:34+00:00\",\"mainEntityOfPage\":{\"@id\":\"https:\/\/narteks.net\/index.php\/2018\/08\/02\/gelincik-ve-kibele\/\"},\"wordCount\":287,\"commentCount\":0,\"publisher\":{\"@id\":\"https:\/\/narteks.net\/#organization\"},\"articleSection\":[\"Fettah K\u00d6LEL\u0130\"],\"inLanguage\":\"tr\",\"potentialAction\":[{\"@type\":\"CommentAction\",\"name\":\"Comment\",\"target\":[\"https:\/\/narteks.net\/index.php\/2018\/08\/02\/gelincik-ve-kibele\/#respond\"]}]},{\"@type\":\"WebPage\",\"@id\":\"https:\/\/narteks.net\/index.php\/2018\/08\/02\/gelincik-ve-kibele\/\",\"url\":\"https:\/\/narteks.net\/index.php\/2018\/08\/02\/gelincik-ve-kibele\/\",\"name\":\"GEL\u0130NC\u0130K VE K\u0130BELE - narteks.net\",\"isPartOf\":{\"@id\":\"https:\/\/narteks.net\/#website\"},\"datePublished\":\"2018-08-01T21:31:34+00:00\",\"breadcrumb\":{\"@id\":\"https:\/\/narteks.net\/index.php\/2018\/08\/02\/gelincik-ve-kibele\/#breadcrumb\"},\"inLanguage\":\"tr\",\"potentialAction\":[{\"@type\":\"ReadAction\",\"target\":[\"https:\/\/narteks.net\/index.php\/2018\/08\/02\/gelincik-ve-kibele\/\"]}]},{\"@type\":\"BreadcrumbList\",\"@id\":\"https:\/\/narteks.net\/index.php\/2018\/08\/02\/gelincik-ve-kibele\/#breadcrumb\",\"itemListElement\":[{\"@type\":\"ListItem\",\"position\":1,\"name\":\"Anasayfa\",\"item\":\"https:\/\/narteks.net\/\"},{\"@type\":\"ListItem\",\"position\":2,\"name\":\"GEL\u0130NC\u0130K VE K\u0130BELE\"}]},{\"@type\":\"WebSite\",\"@id\":\"https:\/\/narteks.net\/#website\",\"url\":\"https:\/\/narteks.net\/\",\"name\":\"narteks.net\",\"description\":\"K\u00fclt\u00fcr Sanat Edebiyat Felsefe\",\"publisher\":{\"@id\":\"https:\/\/narteks.net\/#organization\"},\"alternateName\":\"K\u00fclt\u00fcr Sanat Edebiyat Felsefe\",\"potentialAction\":[{\"@type\":\"SearchAction\",\"target\":{\"@type\":\"EntryPoint\",\"urlTemplate\":\"https:\/\/narteks.net\/?s={search_term_string}\"},\"query-input\":{\"@type\":\"PropertyValueSpecification\",\"valueRequired\":true,\"valueName\":\"search_term_string\"}}],\"inLanguage\":\"tr\"},{\"@type\":\"Organization\",\"@id\":\"https:\/\/narteks.net\/#organization\",\"name\":\"narteks.net\",\"url\":\"https:\/\/narteks.net\/\",\"logo\":{\"@type\":\"ImageObject\",\"inLanguage\":\"tr\",\"@id\":\"https:\/\/narteks.net\/#\/schema\/logo\/image\/\",\"url\":\"https:\/\/narteks.net\/wp-content\/uploads\/narteks.png\",\"contentUrl\":\"https:\/\/narteks.net\/wp-content\/uploads\/narteks.png\",\"width\":300,\"height\":90,\"caption\":\"narteks.net\"},\"image\":{\"@id\":\"https:\/\/narteks.net\/#\/schema\/logo\/image\/\"},\"sameAs\":[\"https:\/\/x.com\/narteks\",\"https:\/\/instagram.com\/narteksnet\"]},{\"@type\":\"Person\",\"@id\":\"https:\/\/narteks.net\/#\/schema\/person\/61f37d9834294b72d31d274e7ed79bca\",\"name\":\"Tar\u0131k\",\"image\":{\"@type\":\"ImageObject\",\"inLanguage\":\"tr\",\"@id\":\"https:\/\/narteks.net\/#\/schema\/person\/image\/\",\"url\":\"https:\/\/secure.gravatar.com\/avatar\/50865afb55632c4ae467e0af0930f6510aa2297d8014be502a55b14f3b7550cf?s=96&d=mm&r=g\",\"contentUrl\":\"https:\/\/secure.gravatar.com\/avatar\/50865afb55632c4ae467e0af0930f6510aa2297d8014be502a55b14f3b7550cf?s=96&d=mm&r=g\",\"caption\":\"Tar\u0131k\"},\"sameAs\":[\"http:\/\/narteks.net\"],\"url\":\"https:\/\/narteks.net\/index.php\/author\/narbak\/\"}]}<\/script>\n<!-- \/ Yoast SEO Premium plugin. -->","yoast_head_json":{"title":"GEL\u0130NC\u0130K VE K\u0130BELE - narteks.net","robots":{"index":"index","follow":"follow","max-snippet":"max-snippet:-1","max-image-preview":"max-image-preview:large","max-video-preview":"max-video-preview:-1"},"canonical":"https:\/\/narteks.net\/index.php\/2018\/08\/02\/gelincik-ve-kibele\/","og_locale":"tr_TR","og_type":"article","og_title":"GEL\u0130NC\u0130K VE K\u0130BELE","og_description":"omcalar\u0131na d\u00f6l verip y\u00fcr\u00fcd\u00fc\u011f\u00fcmba\u011f\u0131m\u0131n bah\u00e7emin g\u00f6vermi\u015f \u00e7eli\u011fidudak b\u00fck\u00fcm\u00fcne tutulup sakland\u0131\u011f\u0131mg\u00fcnebakan : tek s\u0131rda\u015f\u0131m, gecem, \u00e7\u0131plakl\u0131\u011f\u0131msavunmas\u0131z gen\u00e7li\u011fim. daha teri tuzukurumadan g\u00f6vdelerimizinnereye b\u00f6yle ?salk\u0131m s\u00f6\u011f\u00fctlerin y\u0131llard\u0131r ruhuma f\u0131s\u0131ldad\u0131\u011f\u0131 ezgiba\u015faklar\u0131n, ba\u011flar\u0131n, kayalar\u0131n aras\u0131ndan f\u0131\u015fk\u0131ransevda : pekmeze, pestile, g\u00fcne\u015fe , topra\u011fa d\u00f6n\u00fc\u015fen\u015f\u0131ras\u0131 k\u0131vam\u0131n\u0131 bulmadan \u00fcz\u00fcmlerininhalk\u0131n kara kocaman kadim ayaklar\u0131ndan do\u011fan \u015farapduda\u011f\u0131mda mayalan\u0131p ermeden k\u0131vam\u0131nanereye b\u00f6yle ?sabaha kadar kap\u0131mda ki\u015fneyen [&hellip;]","og_url":"https:\/\/narteks.net\/index.php\/2018\/08\/02\/gelincik-ve-kibele\/","og_site_name":"narteks.net","article_published_time":"2018-08-01T21:31:34+00:00","og_image":[{"width":300,"height":90,"url":"https:\/\/narteks.net\/wp-content\/uploads\/narteks.png","type":"image\/png"}],"author":"Tar\u0131k","twitter_card":"summary_large_image","twitter_creator":"@narteks","twitter_site":"@narteks","twitter_misc":{"Yazan:":"Tar\u0131k","Tahmini okuma s\u00fcresi":"1 dakika"},"schema":{"@context":"https:\/\/schema.org","@graph":[{"@type":"Article","@id":"https:\/\/narteks.net\/index.php\/2018\/08\/02\/gelincik-ve-kibele\/#article","isPartOf":{"@id":"https:\/\/narteks.net\/index.php\/2018\/08\/02\/gelincik-ve-kibele\/"},"author":{"name":"Tar\u0131k","@id":"https:\/\/narteks.net\/#\/schema\/person\/61f37d9834294b72d31d274e7ed79bca"},"headline":"GEL\u0130NC\u0130K VE K\u0130BELE","datePublished":"2018-08-01T21:31:34+00:00","mainEntityOfPage":{"@id":"https:\/\/narteks.net\/index.php\/2018\/08\/02\/gelincik-ve-kibele\/"},"wordCount":287,"commentCount":0,"publisher":{"@id":"https:\/\/narteks.net\/#organization"},"articleSection":["Fettah K\u00d6LEL\u0130"],"inLanguage":"tr","potentialAction":[{"@type":"CommentAction","name":"Comment","target":["https:\/\/narteks.net\/index.php\/2018\/08\/02\/gelincik-ve-kibele\/#respond"]}]},{"@type":"WebPage","@id":"https:\/\/narteks.net\/index.php\/2018\/08\/02\/gelincik-ve-kibele\/","url":"https:\/\/narteks.net\/index.php\/2018\/08\/02\/gelincik-ve-kibele\/","name":"GEL\u0130NC\u0130K VE K\u0130BELE - narteks.net","isPartOf":{"@id":"https:\/\/narteks.net\/#website"},"datePublished":"2018-08-01T21:31:34+00:00","breadcrumb":{"@id":"https:\/\/narteks.net\/index.php\/2018\/08\/02\/gelincik-ve-kibele\/#breadcrumb"},"inLanguage":"tr","potentialAction":[{"@type":"ReadAction","target":["https:\/\/narteks.net\/index.php\/2018\/08\/02\/gelincik-ve-kibele\/"]}]},{"@type":"BreadcrumbList","@id":"https:\/\/narteks.net\/index.php\/2018\/08\/02\/gelincik-ve-kibele\/#breadcrumb","itemListElement":[{"@type":"ListItem","position":1,"name":"Anasayfa","item":"https:\/\/narteks.net\/"},{"@type":"ListItem","position":2,"name":"GEL\u0130NC\u0130K VE K\u0130BELE"}]},{"@type":"WebSite","@id":"https:\/\/narteks.net\/#website","url":"https:\/\/narteks.net\/","name":"narteks.net","description":"K\u00fclt\u00fcr Sanat Edebiyat Felsefe","publisher":{"@id":"https:\/\/narteks.net\/#organization"},"alternateName":"K\u00fclt\u00fcr Sanat Edebiyat Felsefe","potentialAction":[{"@type":"SearchAction","target":{"@type":"EntryPoint","urlTemplate":"https:\/\/narteks.net\/?s={search_term_string}"},"query-input":{"@type":"PropertyValueSpecification","valueRequired":true,"valueName":"search_term_string"}}],"inLanguage":"tr"},{"@type":"Organization","@id":"https:\/\/narteks.net\/#organization","name":"narteks.net","url":"https:\/\/narteks.net\/","logo":{"@type":"ImageObject","inLanguage":"tr","@id":"https:\/\/narteks.net\/#\/schema\/logo\/image\/","url":"https:\/\/narteks.net\/wp-content\/uploads\/narteks.png","contentUrl":"https:\/\/narteks.net\/wp-content\/uploads\/narteks.png","width":300,"height":90,"caption":"narteks.net"},"image":{"@id":"https:\/\/narteks.net\/#\/schema\/logo\/image\/"},"sameAs":["https:\/\/x.com\/narteks","https:\/\/instagram.com\/narteksnet"]},{"@type":"Person","@id":"https:\/\/narteks.net\/#\/schema\/person\/61f37d9834294b72d31d274e7ed79bca","name":"Tar\u0131k","image":{"@type":"ImageObject","inLanguage":"tr","@id":"https:\/\/narteks.net\/#\/schema\/person\/image\/","url":"https:\/\/secure.gravatar.com\/avatar\/50865afb55632c4ae467e0af0930f6510aa2297d8014be502a55b14f3b7550cf?s=96&d=mm&r=g","contentUrl":"https:\/\/secure.gravatar.com\/avatar\/50865afb55632c4ae467e0af0930f6510aa2297d8014be502a55b14f3b7550cf?s=96&d=mm&r=g","caption":"Tar\u0131k"},"sameAs":["http:\/\/narteks.net"],"url":"https:\/\/narteks.net\/index.php\/author\/narbak\/"}]}},"_links":{"self":[{"href":"https:\/\/narteks.net\/index.php\/wp-json\/wp\/v2\/posts\/7073","targetHints":{"allow":["GET"]}}],"collection":[{"href":"https:\/\/narteks.net\/index.php\/wp-json\/wp\/v2\/posts"}],"about":[{"href":"https:\/\/narteks.net\/index.php\/wp-json\/wp\/v2\/types\/post"}],"author":[{"embeddable":true,"href":"https:\/\/narteks.net\/index.php\/wp-json\/wp\/v2\/users\/1"}],"replies":[{"embeddable":true,"href":"https:\/\/narteks.net\/index.php\/wp-json\/wp\/v2\/comments?post=7073"}],"version-history":[{"count":0,"href":"https:\/\/narteks.net\/index.php\/wp-json\/wp\/v2\/posts\/7073\/revisions"}],"wp:attachment":[{"href":"https:\/\/narteks.net\/index.php\/wp-json\/wp\/v2\/media?parent=7073"}],"wp:term":[{"taxonomy":"category","embeddable":true,"href":"https:\/\/narteks.net\/index.php\/wp-json\/wp\/v2\/categories?post=7073"},{"taxonomy":"post_tag","embeddable":true,"href":"https:\/\/narteks.net\/index.php\/wp-json\/wp\/v2\/tags?post=7073"}],"curies":[{"name":"wp","href":"https:\/\/api.w.org\/{rel}","templated":true}]}}