{"id":7076,"date":"2018-08-02T00:35:10","date_gmt":"2018-08-01T21:35:10","guid":{"rendered":"http:\/\/localhost\/wordpress\/2018\/08\/02\/icimdeki-ruzgar\/"},"modified":"2018-08-02T00:35:10","modified_gmt":"2018-08-01T21:35:10","slug":"icimdeki-ruzgar","status":"publish","type":"post","link":"https:\/\/narteks.net\/index.php\/2018\/08\/02\/icimdeki-ruzgar\/","title":{"rendered":"\u0130\u00c7\u0130MDEK\u0130 R\u00dcZGAR"},"content":{"rendered":"<p>__m\u00fck\u00fc&#8217;ye<\/p>\n<p>sen bozk\u0131r\u0131n gelinci\u011fisin<br \/>al\u0131r\u0131m kokunu da\u011flardan<br \/>sen bozk\u0131r\u0131n t\u00fcrk\u00fcs\u00fcs\u00fcn<br \/>duyar\u0131m sesini da\u011flardan<\/p>\n<p>sen i\u00e7imdeki da\u011fs\u0131n<br \/>g\u00f6r\u00fcr\u00fcm g\u00f6zlerinde u\u00e7an kartal\u0131<br \/>sen i\u00e7imdeki r\u00fczg\u00e2rs\u0131n<br \/>u\u011fultusu var edanda doruklar\u0131n<\/p>\n<p>g\u00f6zlerin derin da\u011f g\u00f6l\u00fcd\u00fcr<br \/>d\u00fc\u015fsem \u00e7\u0131kamam bir daha<br \/>dudaklar\u0131n kekik ve keven kokulu<br \/>yaban bal\u0131, tatsam \u00f6lemem bir daha<br \/>taze kar kokusu var kirpi\u011finde<br \/>bak\u0131\u015f\u0131nda tarla ku\u015flar\u0131n\u0131n mah\u00e7uplu\u011fu<br \/>bahar ya\u011fmurunda g\u00f6kku\u015fa\u011f\u0131s\u0131n<br \/>\u0131slak gelincikler \u00fcst\u00fcnde k\u00f6rpe g\u00fcn \u0131\u015f\u0131\u011f\u0131<\/p>\n<p>sevdan yarpuz kokulu bir p\u0131nard\u0131r<br \/>\u015f\u0131r\u0131l \u015f\u0131r\u0131l kaynar akar \u00f6z\u00fcmde yar<br \/>asil ba\u015f\u0131n ma\u011frur bir tayd\u0131r<br \/>yanar gider g\u00f6rkl\u00fc k\u0131z\u0131l\u00e7am orman\u0131<\/p>\n<p>denizi ge\u00e7ip de geldim sana<br \/>kurudu dudaklar\u0131m\u0131n tuzu<br \/>zakkumlar\u0131 bir de bal\u0131k\u00e7\u0131 t\u00fcrk\u00fclerini<br \/>getirebildim, al tak kara sa\u00e7lar\u0131na<\/p>\n<p>Fettah K\u00d6LEL\u0130<\/p>\n","protected":false},"excerpt":{"rendered":"<p>__m\u00fck\u00fc&#8217;ye sen bozk\u0131r\u0131n gelinci\u011fisinal\u0131r\u0131m kokunu da\u011flardansen bozk\u0131r\u0131n t\u00fcrk\u00fcs\u00fcs\u00fcnduyar\u0131m sesini da\u011flardan sen i\u00e7imdeki da\u011fs\u0131ng\u00f6r\u00fcr\u00fcm g\u00f6zlerinde u\u00e7an kartal\u0131sen i\u00e7imdeki r\u00fczg\u00e2rs\u0131nu\u011fultusu var edanda doruklar\u0131n g\u00f6zlerin derin da\u011f g\u00f6l\u00fcd\u00fcrd\u00fc\u015fsem \u00e7\u0131kamam bir dahadudaklar\u0131n kekik ve keven kokuluyaban bal\u0131, tatsam \u00f6lemem bir dahataze kar kokusu var kirpi\u011findebak\u0131\u015f\u0131nda tarla ku\u015flar\u0131n\u0131n mah\u00e7uplu\u011fubahar ya\u011fmurunda g\u00f6kku\u015fa\u011f\u0131s\u0131n\u0131slak gelincikler \u00fcst\u00fcnde k\u00f6rpe g\u00fcn \u0131\u015f\u0131\u011f\u0131 sevdan yarpuz kokulu bir [&hellip;]<\/p>\n","protected":false},"author":1,"featured_media":0,"comment_status":"open","ping_status":"open","sticky":false,"template":"","format":"standard","meta":{"footnotes":""},"categories":[215],"tags":[],"class_list":{"0":"post-7076","1":"post","2":"type-post","3":"status-publish","4":"format-standard","6":"category-fettah-koleli"},"yoast_head":"<!-- This site is optimized with the Yoast SEO Premium plugin v24.9 (Yoast SEO v24.9) - https:\/\/yoast.com\/wordpress\/plugins\/seo\/ -->\n<title>\u0130\u00c7\u0130MDEK\u0130 R\u00dcZGAR - narteks.net<\/title>\n<meta name=\"robots\" content=\"index, follow, max-snippet:-1, max-image-preview:large, max-video-preview:-1\" \/>\n<link rel=\"canonical\" href=\"https:\/\/narteks.net\/index.php\/2018\/08\/02\/icimdeki-ruzgar\/\" \/>\n<meta property=\"og:locale\" content=\"tr_TR\" \/>\n<meta property=\"og:type\" content=\"article\" \/>\n<meta property=\"og:title\" content=\"\u0130\u00c7\u0130MDEK\u0130 R\u00dcZGAR\" \/>\n<meta property=\"og:description\" content=\"__m\u00fck\u00fc&#8217;ye sen bozk\u0131r\u0131n gelinci\u011fisinal\u0131r\u0131m kokunu da\u011flardansen bozk\u0131r\u0131n t\u00fcrk\u00fcs\u00fcs\u00fcnduyar\u0131m sesini da\u011flardan sen i\u00e7imdeki da\u011fs\u0131ng\u00f6r\u00fcr\u00fcm g\u00f6zlerinde u\u00e7an kartal\u0131sen i\u00e7imdeki r\u00fczg\u00e2rs\u0131nu\u011fultusu var edanda doruklar\u0131n g\u00f6zlerin derin da\u011f g\u00f6l\u00fcd\u00fcrd\u00fc\u015fsem \u00e7\u0131kamam bir dahadudaklar\u0131n kekik ve keven kokuluyaban bal\u0131, tatsam \u00f6lemem bir dahataze kar kokusu var kirpi\u011findebak\u0131\u015f\u0131nda tarla ku\u015flar\u0131n\u0131n mah\u00e7uplu\u011fubahar ya\u011fmurunda g\u00f6kku\u015fa\u011f\u0131s\u0131n\u0131slak gelincikler \u00fcst\u00fcnde k\u00f6rpe g\u00fcn \u0131\u015f\u0131\u011f\u0131 sevdan yarpuz kokulu bir [&hellip;]\" \/>\n<meta property=\"og:url\" content=\"https:\/\/narteks.net\/index.php\/2018\/08\/02\/icimdeki-ruzgar\/\" \/>\n<meta property=\"og:site_name\" content=\"narteks.net\" \/>\n<meta property=\"article:published_time\" content=\"2018-08-01T21:35:10+00:00\" \/>\n<meta property=\"og:image\" content=\"https:\/\/narteks.net\/wp-content\/uploads\/narteks.png\" \/>\n\t<meta property=\"og:image:width\" content=\"300\" \/>\n\t<meta property=\"og:image:height\" content=\"90\" \/>\n\t<meta property=\"og:image:type\" content=\"image\/png\" \/>\n<meta name=\"author\" content=\"Tar\u0131k\" \/>\n<meta name=\"twitter:card\" content=\"summary_large_image\" \/>\n<meta name=\"twitter:creator\" content=\"@narteks\" \/>\n<meta name=\"twitter:site\" content=\"@narteks\" \/>\n<meta name=\"twitter:label1\" content=\"Yazan:\" \/>\n\t<meta name=\"twitter:data1\" content=\"Tar\u0131k\" \/>\n\t<meta name=\"twitter:label2\" content=\"Tahmini okuma s\u00fcresi\" \/>\n\t<meta name=\"twitter:data2\" content=\"1 dakika\" \/>\n<script type=\"application\/ld+json\" class=\"yoast-schema-graph\">{\"@context\":\"https:\/\/schema.org\",\"@graph\":[{\"@type\":\"Article\",\"@id\":\"https:\/\/narteks.net\/index.php\/2018\/08\/02\/icimdeki-ruzgar\/#article\",\"isPartOf\":{\"@id\":\"https:\/\/narteks.net\/index.php\/2018\/08\/02\/icimdeki-ruzgar\/\"},\"author\":{\"name\":\"Tar\u0131k\",\"@id\":\"https:\/\/narteks.net\/#\/schema\/person\/61f37d9834294b72d31d274e7ed79bca\"},\"headline\":\"\u0130\u00c7\u0130MDEK\u0130 R\u00dcZGAR\",\"datePublished\":\"2018-08-01T21:35:10+00:00\",\"mainEntityOfPage\":{\"@id\":\"https:\/\/narteks.net\/index.php\/2018\/08\/02\/icimdeki-ruzgar\/\"},\"wordCount\":163,\"commentCount\":0,\"publisher\":{\"@id\":\"https:\/\/narteks.net\/#organization\"},\"articleSection\":[\"Fettah K\u00d6LEL\u0130\"],\"inLanguage\":\"tr\",\"potentialAction\":[{\"@type\":\"CommentAction\",\"name\":\"Comment\",\"target\":[\"https:\/\/narteks.net\/index.php\/2018\/08\/02\/icimdeki-ruzgar\/#respond\"]}]},{\"@type\":\"WebPage\",\"@id\":\"https:\/\/narteks.net\/index.php\/2018\/08\/02\/icimdeki-ruzgar\/\",\"url\":\"https:\/\/narteks.net\/index.php\/2018\/08\/02\/icimdeki-ruzgar\/\",\"name\":\"\u0130\u00c7\u0130MDEK\u0130 R\u00dcZGAR - narteks.net\",\"isPartOf\":{\"@id\":\"https:\/\/narteks.net\/#website\"},\"datePublished\":\"2018-08-01T21:35:10+00:00\",\"breadcrumb\":{\"@id\":\"https:\/\/narteks.net\/index.php\/2018\/08\/02\/icimdeki-ruzgar\/#breadcrumb\"},\"inLanguage\":\"tr\",\"potentialAction\":[{\"@type\":\"ReadAction\",\"target\":[\"https:\/\/narteks.net\/index.php\/2018\/08\/02\/icimdeki-ruzgar\/\"]}]},{\"@type\":\"BreadcrumbList\",\"@id\":\"https:\/\/narteks.net\/index.php\/2018\/08\/02\/icimdeki-ruzgar\/#breadcrumb\",\"itemListElement\":[{\"@type\":\"ListItem\",\"position\":1,\"name\":\"Anasayfa\",\"item\":\"https:\/\/narteks.net\/\"},{\"@type\":\"ListItem\",\"position\":2,\"name\":\"\u0130\u00c7\u0130MDEK\u0130 R\u00dcZGAR\"}]},{\"@type\":\"WebSite\",\"@id\":\"https:\/\/narteks.net\/#website\",\"url\":\"https:\/\/narteks.net\/\",\"name\":\"narteks.net\",\"description\":\"K\u00fclt\u00fcr Sanat Edebiyat Felsefe\",\"publisher\":{\"@id\":\"https:\/\/narteks.net\/#organization\"},\"alternateName\":\"K\u00fclt\u00fcr Sanat Edebiyat Felsefe\",\"potentialAction\":[{\"@type\":\"SearchAction\",\"target\":{\"@type\":\"EntryPoint\",\"urlTemplate\":\"https:\/\/narteks.net\/?s={search_term_string}\"},\"query-input\":{\"@type\":\"PropertyValueSpecification\",\"valueRequired\":true,\"valueName\":\"search_term_string\"}}],\"inLanguage\":\"tr\"},{\"@type\":\"Organization\",\"@id\":\"https:\/\/narteks.net\/#organization\",\"name\":\"narteks.net\",\"url\":\"https:\/\/narteks.net\/\",\"logo\":{\"@type\":\"ImageObject\",\"inLanguage\":\"tr\",\"@id\":\"https:\/\/narteks.net\/#\/schema\/logo\/image\/\",\"url\":\"https:\/\/narteks.net\/wp-content\/uploads\/narteks.png\",\"contentUrl\":\"https:\/\/narteks.net\/wp-content\/uploads\/narteks.png\",\"width\":300,\"height\":90,\"caption\":\"narteks.net\"},\"image\":{\"@id\":\"https:\/\/narteks.net\/#\/schema\/logo\/image\/\"},\"sameAs\":[\"https:\/\/x.com\/narteks\",\"https:\/\/instagram.com\/narteksnet\"]},{\"@type\":\"Person\",\"@id\":\"https:\/\/narteks.net\/#\/schema\/person\/61f37d9834294b72d31d274e7ed79bca\",\"name\":\"Tar\u0131k\",\"image\":{\"@type\":\"ImageObject\",\"inLanguage\":\"tr\",\"@id\":\"https:\/\/narteks.net\/#\/schema\/person\/image\/\",\"url\":\"https:\/\/secure.gravatar.com\/avatar\/50865afb55632c4ae467e0af0930f6510aa2297d8014be502a55b14f3b7550cf?s=96&d=mm&r=g\",\"contentUrl\":\"https:\/\/secure.gravatar.com\/avatar\/50865afb55632c4ae467e0af0930f6510aa2297d8014be502a55b14f3b7550cf?s=96&d=mm&r=g\",\"caption\":\"Tar\u0131k\"},\"sameAs\":[\"http:\/\/narteks.net\"],\"url\":\"https:\/\/narteks.net\/index.php\/author\/narbak\/\"}]}<\/script>\n<!-- \/ Yoast SEO Premium plugin. -->","yoast_head_json":{"title":"\u0130\u00c7\u0130MDEK\u0130 R\u00dcZGAR - narteks.net","robots":{"index":"index","follow":"follow","max-snippet":"max-snippet:-1","max-image-preview":"max-image-preview:large","max-video-preview":"max-video-preview:-1"},"canonical":"https:\/\/narteks.net\/index.php\/2018\/08\/02\/icimdeki-ruzgar\/","og_locale":"tr_TR","og_type":"article","og_title":"\u0130\u00c7\u0130MDEK\u0130 R\u00dcZGAR","og_description":"__m\u00fck\u00fc&#8217;ye sen bozk\u0131r\u0131n gelinci\u011fisinal\u0131r\u0131m kokunu da\u011flardansen bozk\u0131r\u0131n t\u00fcrk\u00fcs\u00fcs\u00fcnduyar\u0131m sesini da\u011flardan sen i\u00e7imdeki da\u011fs\u0131ng\u00f6r\u00fcr\u00fcm g\u00f6zlerinde u\u00e7an kartal\u0131sen i\u00e7imdeki r\u00fczg\u00e2rs\u0131nu\u011fultusu var edanda doruklar\u0131n g\u00f6zlerin derin da\u011f g\u00f6l\u00fcd\u00fcrd\u00fc\u015fsem \u00e7\u0131kamam bir dahadudaklar\u0131n kekik ve keven kokuluyaban bal\u0131, tatsam \u00f6lemem bir dahataze kar kokusu var kirpi\u011findebak\u0131\u015f\u0131nda tarla ku\u015flar\u0131n\u0131n mah\u00e7uplu\u011fubahar ya\u011fmurunda g\u00f6kku\u015fa\u011f\u0131s\u0131n\u0131slak gelincikler \u00fcst\u00fcnde k\u00f6rpe g\u00fcn \u0131\u015f\u0131\u011f\u0131 sevdan yarpuz kokulu bir [&hellip;]","og_url":"https:\/\/narteks.net\/index.php\/2018\/08\/02\/icimdeki-ruzgar\/","og_site_name":"narteks.net","article_published_time":"2018-08-01T21:35:10+00:00","og_image":[{"width":300,"height":90,"url":"https:\/\/narteks.net\/wp-content\/uploads\/narteks.png","type":"image\/png"}],"author":"Tar\u0131k","twitter_card":"summary_large_image","twitter_creator":"@narteks","twitter_site":"@narteks","twitter_misc":{"Yazan:":"Tar\u0131k","Tahmini okuma s\u00fcresi":"1 dakika"},"schema":{"@context":"https:\/\/schema.org","@graph":[{"@type":"Article","@id":"https:\/\/narteks.net\/index.php\/2018\/08\/02\/icimdeki-ruzgar\/#article","isPartOf":{"@id":"https:\/\/narteks.net\/index.php\/2018\/08\/02\/icimdeki-ruzgar\/"},"author":{"name":"Tar\u0131k","@id":"https:\/\/narteks.net\/#\/schema\/person\/61f37d9834294b72d31d274e7ed79bca"},"headline":"\u0130\u00c7\u0130MDEK\u0130 R\u00dcZGAR","datePublished":"2018-08-01T21:35:10+00:00","mainEntityOfPage":{"@id":"https:\/\/narteks.net\/index.php\/2018\/08\/02\/icimdeki-ruzgar\/"},"wordCount":163,"commentCount":0,"publisher":{"@id":"https:\/\/narteks.net\/#organization"},"articleSection":["Fettah K\u00d6LEL\u0130"],"inLanguage":"tr","potentialAction":[{"@type":"CommentAction","name":"Comment","target":["https:\/\/narteks.net\/index.php\/2018\/08\/02\/icimdeki-ruzgar\/#respond"]}]},{"@type":"WebPage","@id":"https:\/\/narteks.net\/index.php\/2018\/08\/02\/icimdeki-ruzgar\/","url":"https:\/\/narteks.net\/index.php\/2018\/08\/02\/icimdeki-ruzgar\/","name":"\u0130\u00c7\u0130MDEK\u0130 R\u00dcZGAR - narteks.net","isPartOf":{"@id":"https:\/\/narteks.net\/#website"},"datePublished":"2018-08-01T21:35:10+00:00","breadcrumb":{"@id":"https:\/\/narteks.net\/index.php\/2018\/08\/02\/icimdeki-ruzgar\/#breadcrumb"},"inLanguage":"tr","potentialAction":[{"@type":"ReadAction","target":["https:\/\/narteks.net\/index.php\/2018\/08\/02\/icimdeki-ruzgar\/"]}]},{"@type":"BreadcrumbList","@id":"https:\/\/narteks.net\/index.php\/2018\/08\/02\/icimdeki-ruzgar\/#breadcrumb","itemListElement":[{"@type":"ListItem","position":1,"name":"Anasayfa","item":"https:\/\/narteks.net\/"},{"@type":"ListItem","position":2,"name":"\u0130\u00c7\u0130MDEK\u0130 R\u00dcZGAR"}]},{"@type":"WebSite","@id":"https:\/\/narteks.net\/#website","url":"https:\/\/narteks.net\/","name":"narteks.net","description":"K\u00fclt\u00fcr Sanat Edebiyat Felsefe","publisher":{"@id":"https:\/\/narteks.net\/#organization"},"alternateName":"K\u00fclt\u00fcr Sanat Edebiyat Felsefe","potentialAction":[{"@type":"SearchAction","target":{"@type":"EntryPoint","urlTemplate":"https:\/\/narteks.net\/?s={search_term_string}"},"query-input":{"@type":"PropertyValueSpecification","valueRequired":true,"valueName":"search_term_string"}}],"inLanguage":"tr"},{"@type":"Organization","@id":"https:\/\/narteks.net\/#organization","name":"narteks.net","url":"https:\/\/narteks.net\/","logo":{"@type":"ImageObject","inLanguage":"tr","@id":"https:\/\/narteks.net\/#\/schema\/logo\/image\/","url":"https:\/\/narteks.net\/wp-content\/uploads\/narteks.png","contentUrl":"https:\/\/narteks.net\/wp-content\/uploads\/narteks.png","width":300,"height":90,"caption":"narteks.net"},"image":{"@id":"https:\/\/narteks.net\/#\/schema\/logo\/image\/"},"sameAs":["https:\/\/x.com\/narteks","https:\/\/instagram.com\/narteksnet"]},{"@type":"Person","@id":"https:\/\/narteks.net\/#\/schema\/person\/61f37d9834294b72d31d274e7ed79bca","name":"Tar\u0131k","image":{"@type":"ImageObject","inLanguage":"tr","@id":"https:\/\/narteks.net\/#\/schema\/person\/image\/","url":"https:\/\/secure.gravatar.com\/avatar\/50865afb55632c4ae467e0af0930f6510aa2297d8014be502a55b14f3b7550cf?s=96&d=mm&r=g","contentUrl":"https:\/\/secure.gravatar.com\/avatar\/50865afb55632c4ae467e0af0930f6510aa2297d8014be502a55b14f3b7550cf?s=96&d=mm&r=g","caption":"Tar\u0131k"},"sameAs":["http:\/\/narteks.net"],"url":"https:\/\/narteks.net\/index.php\/author\/narbak\/"}]}},"_links":{"self":[{"href":"https:\/\/narteks.net\/index.php\/wp-json\/wp\/v2\/posts\/7076","targetHints":{"allow":["GET"]}}],"collection":[{"href":"https:\/\/narteks.net\/index.php\/wp-json\/wp\/v2\/posts"}],"about":[{"href":"https:\/\/narteks.net\/index.php\/wp-json\/wp\/v2\/types\/post"}],"author":[{"embeddable":true,"href":"https:\/\/narteks.net\/index.php\/wp-json\/wp\/v2\/users\/1"}],"replies":[{"embeddable":true,"href":"https:\/\/narteks.net\/index.php\/wp-json\/wp\/v2\/comments?post=7076"}],"version-history":[{"count":0,"href":"https:\/\/narteks.net\/index.php\/wp-json\/wp\/v2\/posts\/7076\/revisions"}],"wp:attachment":[{"href":"https:\/\/narteks.net\/index.php\/wp-json\/wp\/v2\/media?parent=7076"}],"wp:term":[{"taxonomy":"category","embeddable":true,"href":"https:\/\/narteks.net\/index.php\/wp-json\/wp\/v2\/categories?post=7076"},{"taxonomy":"post_tag","embeddable":true,"href":"https:\/\/narteks.net\/index.php\/wp-json\/wp\/v2\/tags?post=7076"}],"curies":[{"name":"wp","href":"https:\/\/api.w.org\/{rel}","templated":true}]}}