{"id":7077,"date":"2018-08-02T00:36:49","date_gmt":"2018-08-01T21:36:49","guid":{"rendered":"http:\/\/localhost\/wordpress\/2018\/08\/02\/yakariyoruz\/"},"modified":"2018-08-02T00:36:49","modified_gmt":"2018-08-01T21:36:49","slug":"yakariyoruz","status":"publish","type":"post","link":"https:\/\/narteks.net\/index.php\/2018\/08\/02\/yakariyoruz\/","title":{"rendered":"YAKARIYORUZ"},"content":{"rendered":"<p>meyveli dallar\u0131y\u0131z ormandaki<br \/>yaln\u0131z zerdali a\u011fac\u0131n\u0131n, e\u011filece\u011fiz<br \/>a\u011fac\u0131z, a\u011fac\u0131n kendisi, suyun bi\u00e7imi<br \/>havan\u0131n \u00f6z\u00fc, topra\u011f\u0131n yemi\u015fi<\/p>\n<p>kaplumba\u011fa yavrular\u0131y\u0131z, denize yazg\u0131l\u0131<br \/>ko\u015faca\u011f\u0131z su ve toprakla kendimize<br \/>s\u0131rt\u0131mda hayk\u0131ran t\u0131rnaklar\u0131n<br \/>hep daha derine gidecek, \u00e7o\u011falaca\u011f\u0131z<\/p>\n<p>sevda erimektir denilecek<br \/>bizden \u00f6nce, bizimle ve bizden sonra<br \/>ya\u015fam diyece\u011fiz, ey ya\u015fam, sakla bu an\u0131<br \/>morarm\u0131\u015f dudaklar\u0131m\u0131zda u\u00e7u\u015fan kelebekleriyle<\/p>\n<p>\u015fark\u0131lar dinleyece\u011fiz, \u00f6yk\u00fcler anlataca\u011f\u0131z<br \/>tutku ve a\u015fkla ba\u015flayaca\u011f\u0131z dans\u0131m\u0131za<br \/>bir \u015fiir, bir an\u0131t, birka\u00e7 karakalem resim b\u0131rakaca\u011f\u0131z<br \/>bu\u011fusuyla deli otlar\u0131 aras\u0131na gecemizin<\/p>\n<p>incir a\u011fa\u00e7lar\u0131n\u0131n alt\u0131ndan ge\u00e7ece\u011fiz<br \/>\u00e7\u0131plak s\u00fct\u00fcn\u00fc sa\u011facaks\u0131n, ate\u015fi kutsayacaks\u0131n<br \/>nals\u0131z atlar\u0131n \u00f6n\u00fcnde duraca\u011f\u0131z, ay\u0131\u015f\u0131\u011f\u0131 akacak i\u00e7imize<br \/>\u0131\u015f\u0131k olaca\u011f\u0131z, ey koca rahimli kutsal ana, yakar\u0131yoruz<\/p>\n<p>bal kat yumurtam\u0131za !<\/p>\n<p>Fettah K\u00d6LEL\u0130 \/ deliler teknesi, say\u0131: 18<\/p>\n","protected":false},"excerpt":{"rendered":"<p>meyveli dallar\u0131y\u0131z ormandakiyaln\u0131z zerdali a\u011fac\u0131n\u0131n, e\u011filece\u011fiza\u011fac\u0131z, a\u011fac\u0131n kendisi, suyun bi\u00e7imihavan\u0131n \u00f6z\u00fc, topra\u011f\u0131n yemi\u015fi kaplumba\u011fa yavrular\u0131y\u0131z, denize yazg\u0131l\u0131ko\u015faca\u011f\u0131z su ve toprakla kendimizes\u0131rt\u0131mda hayk\u0131ran t\u0131rnaklar\u0131nhep daha derine gidecek, \u00e7o\u011falaca\u011f\u0131z sevda erimektir denilecekbizden \u00f6nce, bizimle ve bizden sonraya\u015fam diyece\u011fiz, ey ya\u015fam, sakla bu an\u0131morarm\u0131\u015f dudaklar\u0131m\u0131zda u\u00e7u\u015fan kelebekleriyle \u015fark\u0131lar dinleyece\u011fiz, \u00f6yk\u00fcler anlataca\u011f\u0131ztutku ve a\u015fkla ba\u015flayaca\u011f\u0131z dans\u0131m\u0131zabir \u015fiir, bir an\u0131t, [&hellip;]<\/p>\n","protected":false},"author":1,"featured_media":0,"comment_status":"open","ping_status":"open","sticky":false,"template":"","format":"standard","meta":{"footnotes":""},"categories":[215],"tags":[],"class_list":{"0":"post-7077","1":"post","2":"type-post","3":"status-publish","4":"format-standard","6":"category-fettah-koleli"},"yoast_head":"<!-- This site is optimized with the Yoast SEO Premium plugin v24.9 (Yoast SEO v24.9) - https:\/\/yoast.com\/wordpress\/plugins\/seo\/ -->\n<title>YAKARIYORUZ - narteks.net<\/title>\n<meta name=\"robots\" content=\"index, follow, max-snippet:-1, max-image-preview:large, max-video-preview:-1\" \/>\n<link rel=\"canonical\" href=\"https:\/\/narteks.net\/index.php\/2018\/08\/02\/yakariyoruz\/\" \/>\n<meta property=\"og:locale\" content=\"tr_TR\" \/>\n<meta property=\"og:type\" content=\"article\" \/>\n<meta property=\"og:title\" content=\"YAKARIYORUZ\" \/>\n<meta property=\"og:description\" content=\"meyveli dallar\u0131y\u0131z ormandakiyaln\u0131z zerdali a\u011fac\u0131n\u0131n, e\u011filece\u011fiza\u011fac\u0131z, a\u011fac\u0131n kendisi, suyun bi\u00e7imihavan\u0131n \u00f6z\u00fc, topra\u011f\u0131n yemi\u015fi kaplumba\u011fa yavrular\u0131y\u0131z, denize yazg\u0131l\u0131ko\u015faca\u011f\u0131z su ve toprakla kendimizes\u0131rt\u0131mda hayk\u0131ran t\u0131rnaklar\u0131nhep daha derine gidecek, \u00e7o\u011falaca\u011f\u0131z sevda erimektir denilecekbizden \u00f6nce, bizimle ve bizden sonraya\u015fam diyece\u011fiz, ey ya\u015fam, sakla bu an\u0131morarm\u0131\u015f dudaklar\u0131m\u0131zda u\u00e7u\u015fan kelebekleriyle \u015fark\u0131lar dinleyece\u011fiz, \u00f6yk\u00fcler anlataca\u011f\u0131ztutku ve a\u015fkla ba\u015flayaca\u011f\u0131z dans\u0131m\u0131zabir \u015fiir, bir an\u0131t, [&hellip;]\" \/>\n<meta property=\"og:url\" content=\"https:\/\/narteks.net\/index.php\/2018\/08\/02\/yakariyoruz\/\" \/>\n<meta property=\"og:site_name\" content=\"narteks.net\" \/>\n<meta property=\"article:published_time\" content=\"2018-08-01T21:36:49+00:00\" \/>\n<meta property=\"og:image\" content=\"https:\/\/narteks.net\/wp-content\/uploads\/narteks.png\" \/>\n\t<meta property=\"og:image:width\" content=\"300\" \/>\n\t<meta property=\"og:image:height\" content=\"90\" \/>\n\t<meta property=\"og:image:type\" content=\"image\/png\" \/>\n<meta name=\"author\" content=\"Tar\u0131k\" \/>\n<meta name=\"twitter:card\" content=\"summary_large_image\" \/>\n<meta name=\"twitter:creator\" content=\"@narteks\" \/>\n<meta name=\"twitter:site\" content=\"@narteks\" \/>\n<meta name=\"twitter:label1\" content=\"Yazan:\" \/>\n\t<meta name=\"twitter:data1\" content=\"Tar\u0131k\" \/>\n\t<meta name=\"twitter:label2\" content=\"Tahmini okuma s\u00fcresi\" \/>\n\t<meta name=\"twitter:data2\" content=\"1 dakika\" \/>\n<script type=\"application\/ld+json\" class=\"yoast-schema-graph\">{\"@context\":\"https:\/\/schema.org\",\"@graph\":[{\"@type\":\"Article\",\"@id\":\"https:\/\/narteks.net\/index.php\/2018\/08\/02\/yakariyoruz\/#article\",\"isPartOf\":{\"@id\":\"https:\/\/narteks.net\/index.php\/2018\/08\/02\/yakariyoruz\/\"},\"author\":{\"name\":\"Tar\u0131k\",\"@id\":\"https:\/\/narteks.net\/#\/schema\/person\/61f37d9834294b72d31d274e7ed79bca\"},\"headline\":\"YAKARIYORUZ\",\"datePublished\":\"2018-08-01T21:36:49+00:00\",\"mainEntityOfPage\":{\"@id\":\"https:\/\/narteks.net\/index.php\/2018\/08\/02\/yakariyoruz\/\"},\"wordCount\":169,\"commentCount\":0,\"publisher\":{\"@id\":\"https:\/\/narteks.net\/#organization\"},\"articleSection\":[\"Fettah K\u00d6LEL\u0130\"],\"inLanguage\":\"tr\",\"potentialAction\":[{\"@type\":\"CommentAction\",\"name\":\"Comment\",\"target\":[\"https:\/\/narteks.net\/index.php\/2018\/08\/02\/yakariyoruz\/#respond\"]}]},{\"@type\":\"WebPage\",\"@id\":\"https:\/\/narteks.net\/index.php\/2018\/08\/02\/yakariyoruz\/\",\"url\":\"https:\/\/narteks.net\/index.php\/2018\/08\/02\/yakariyoruz\/\",\"name\":\"YAKARIYORUZ - narteks.net\",\"isPartOf\":{\"@id\":\"https:\/\/narteks.net\/#website\"},\"datePublished\":\"2018-08-01T21:36:49+00:00\",\"breadcrumb\":{\"@id\":\"https:\/\/narteks.net\/index.php\/2018\/08\/02\/yakariyoruz\/#breadcrumb\"},\"inLanguage\":\"tr\",\"potentialAction\":[{\"@type\":\"ReadAction\",\"target\":[\"https:\/\/narteks.net\/index.php\/2018\/08\/02\/yakariyoruz\/\"]}]},{\"@type\":\"BreadcrumbList\",\"@id\":\"https:\/\/narteks.net\/index.php\/2018\/08\/02\/yakariyoruz\/#breadcrumb\",\"itemListElement\":[{\"@type\":\"ListItem\",\"position\":1,\"name\":\"Anasayfa\",\"item\":\"https:\/\/narteks.net\/\"},{\"@type\":\"ListItem\",\"position\":2,\"name\":\"YAKARIYORUZ\"}]},{\"@type\":\"WebSite\",\"@id\":\"https:\/\/narteks.net\/#website\",\"url\":\"https:\/\/narteks.net\/\",\"name\":\"narteks.net\",\"description\":\"K\u00fclt\u00fcr Sanat Edebiyat Felsefe\",\"publisher\":{\"@id\":\"https:\/\/narteks.net\/#organization\"},\"alternateName\":\"K\u00fclt\u00fcr Sanat Edebiyat Felsefe\",\"potentialAction\":[{\"@type\":\"SearchAction\",\"target\":{\"@type\":\"EntryPoint\",\"urlTemplate\":\"https:\/\/narteks.net\/?s={search_term_string}\"},\"query-input\":{\"@type\":\"PropertyValueSpecification\",\"valueRequired\":true,\"valueName\":\"search_term_string\"}}],\"inLanguage\":\"tr\"},{\"@type\":\"Organization\",\"@id\":\"https:\/\/narteks.net\/#organization\",\"name\":\"narteks.net\",\"url\":\"https:\/\/narteks.net\/\",\"logo\":{\"@type\":\"ImageObject\",\"inLanguage\":\"tr\",\"@id\":\"https:\/\/narteks.net\/#\/schema\/logo\/image\/\",\"url\":\"https:\/\/narteks.net\/wp-content\/uploads\/narteks.png\",\"contentUrl\":\"https:\/\/narteks.net\/wp-content\/uploads\/narteks.png\",\"width\":300,\"height\":90,\"caption\":\"narteks.net\"},\"image\":{\"@id\":\"https:\/\/narteks.net\/#\/schema\/logo\/image\/\"},\"sameAs\":[\"https:\/\/x.com\/narteks\",\"https:\/\/instagram.com\/narteksnet\"]},{\"@type\":\"Person\",\"@id\":\"https:\/\/narteks.net\/#\/schema\/person\/61f37d9834294b72d31d274e7ed79bca\",\"name\":\"Tar\u0131k\",\"image\":{\"@type\":\"ImageObject\",\"inLanguage\":\"tr\",\"@id\":\"https:\/\/narteks.net\/#\/schema\/person\/image\/\",\"url\":\"https:\/\/secure.gravatar.com\/avatar\/50865afb55632c4ae467e0af0930f6510aa2297d8014be502a55b14f3b7550cf?s=96&d=mm&r=g\",\"contentUrl\":\"https:\/\/secure.gravatar.com\/avatar\/50865afb55632c4ae467e0af0930f6510aa2297d8014be502a55b14f3b7550cf?s=96&d=mm&r=g\",\"caption\":\"Tar\u0131k\"},\"sameAs\":[\"http:\/\/narteks.net\"],\"url\":\"https:\/\/narteks.net\/index.php\/author\/narbak\/\"}]}<\/script>\n<!-- \/ Yoast SEO Premium plugin. -->","yoast_head_json":{"title":"YAKARIYORUZ - narteks.net","robots":{"index":"index","follow":"follow","max-snippet":"max-snippet:-1","max-image-preview":"max-image-preview:large","max-video-preview":"max-video-preview:-1"},"canonical":"https:\/\/narteks.net\/index.php\/2018\/08\/02\/yakariyoruz\/","og_locale":"tr_TR","og_type":"article","og_title":"YAKARIYORUZ","og_description":"meyveli dallar\u0131y\u0131z ormandakiyaln\u0131z zerdali a\u011fac\u0131n\u0131n, e\u011filece\u011fiza\u011fac\u0131z, a\u011fac\u0131n kendisi, suyun bi\u00e7imihavan\u0131n \u00f6z\u00fc, topra\u011f\u0131n yemi\u015fi kaplumba\u011fa yavrular\u0131y\u0131z, denize yazg\u0131l\u0131ko\u015faca\u011f\u0131z su ve toprakla kendimizes\u0131rt\u0131mda hayk\u0131ran t\u0131rnaklar\u0131nhep daha derine gidecek, \u00e7o\u011falaca\u011f\u0131z sevda erimektir denilecekbizden \u00f6nce, bizimle ve bizden sonraya\u015fam diyece\u011fiz, ey ya\u015fam, sakla bu an\u0131morarm\u0131\u015f dudaklar\u0131m\u0131zda u\u00e7u\u015fan kelebekleriyle \u015fark\u0131lar dinleyece\u011fiz, \u00f6yk\u00fcler anlataca\u011f\u0131ztutku ve a\u015fkla ba\u015flayaca\u011f\u0131z dans\u0131m\u0131zabir \u015fiir, bir an\u0131t, [&hellip;]","og_url":"https:\/\/narteks.net\/index.php\/2018\/08\/02\/yakariyoruz\/","og_site_name":"narteks.net","article_published_time":"2018-08-01T21:36:49+00:00","og_image":[{"width":300,"height":90,"url":"https:\/\/narteks.net\/wp-content\/uploads\/narteks.png","type":"image\/png"}],"author":"Tar\u0131k","twitter_card":"summary_large_image","twitter_creator":"@narteks","twitter_site":"@narteks","twitter_misc":{"Yazan:":"Tar\u0131k","Tahmini okuma s\u00fcresi":"1 dakika"},"schema":{"@context":"https:\/\/schema.org","@graph":[{"@type":"Article","@id":"https:\/\/narteks.net\/index.php\/2018\/08\/02\/yakariyoruz\/#article","isPartOf":{"@id":"https:\/\/narteks.net\/index.php\/2018\/08\/02\/yakariyoruz\/"},"author":{"name":"Tar\u0131k","@id":"https:\/\/narteks.net\/#\/schema\/person\/61f37d9834294b72d31d274e7ed79bca"},"headline":"YAKARIYORUZ","datePublished":"2018-08-01T21:36:49+00:00","mainEntityOfPage":{"@id":"https:\/\/narteks.net\/index.php\/2018\/08\/02\/yakariyoruz\/"},"wordCount":169,"commentCount":0,"publisher":{"@id":"https:\/\/narteks.net\/#organization"},"articleSection":["Fettah K\u00d6LEL\u0130"],"inLanguage":"tr","potentialAction":[{"@type":"CommentAction","name":"Comment","target":["https:\/\/narteks.net\/index.php\/2018\/08\/02\/yakariyoruz\/#respond"]}]},{"@type":"WebPage","@id":"https:\/\/narteks.net\/index.php\/2018\/08\/02\/yakariyoruz\/","url":"https:\/\/narteks.net\/index.php\/2018\/08\/02\/yakariyoruz\/","name":"YAKARIYORUZ - narteks.net","isPartOf":{"@id":"https:\/\/narteks.net\/#website"},"datePublished":"2018-08-01T21:36:49+00:00","breadcrumb":{"@id":"https:\/\/narteks.net\/index.php\/2018\/08\/02\/yakariyoruz\/#breadcrumb"},"inLanguage":"tr","potentialAction":[{"@type":"ReadAction","target":["https:\/\/narteks.net\/index.php\/2018\/08\/02\/yakariyoruz\/"]}]},{"@type":"BreadcrumbList","@id":"https:\/\/narteks.net\/index.php\/2018\/08\/02\/yakariyoruz\/#breadcrumb","itemListElement":[{"@type":"ListItem","position":1,"name":"Anasayfa","item":"https:\/\/narteks.net\/"},{"@type":"ListItem","position":2,"name":"YAKARIYORUZ"}]},{"@type":"WebSite","@id":"https:\/\/narteks.net\/#website","url":"https:\/\/narteks.net\/","name":"narteks.net","description":"K\u00fclt\u00fcr Sanat Edebiyat Felsefe","publisher":{"@id":"https:\/\/narteks.net\/#organization"},"alternateName":"K\u00fclt\u00fcr Sanat Edebiyat Felsefe","potentialAction":[{"@type":"SearchAction","target":{"@type":"EntryPoint","urlTemplate":"https:\/\/narteks.net\/?s={search_term_string}"},"query-input":{"@type":"PropertyValueSpecification","valueRequired":true,"valueName":"search_term_string"}}],"inLanguage":"tr"},{"@type":"Organization","@id":"https:\/\/narteks.net\/#organization","name":"narteks.net","url":"https:\/\/narteks.net\/","logo":{"@type":"ImageObject","inLanguage":"tr","@id":"https:\/\/narteks.net\/#\/schema\/logo\/image\/","url":"https:\/\/narteks.net\/wp-content\/uploads\/narteks.png","contentUrl":"https:\/\/narteks.net\/wp-content\/uploads\/narteks.png","width":300,"height":90,"caption":"narteks.net"},"image":{"@id":"https:\/\/narteks.net\/#\/schema\/logo\/image\/"},"sameAs":["https:\/\/x.com\/narteks","https:\/\/instagram.com\/narteksnet"]},{"@type":"Person","@id":"https:\/\/narteks.net\/#\/schema\/person\/61f37d9834294b72d31d274e7ed79bca","name":"Tar\u0131k","image":{"@type":"ImageObject","inLanguage":"tr","@id":"https:\/\/narteks.net\/#\/schema\/person\/image\/","url":"https:\/\/secure.gravatar.com\/avatar\/50865afb55632c4ae467e0af0930f6510aa2297d8014be502a55b14f3b7550cf?s=96&d=mm&r=g","contentUrl":"https:\/\/secure.gravatar.com\/avatar\/50865afb55632c4ae467e0af0930f6510aa2297d8014be502a55b14f3b7550cf?s=96&d=mm&r=g","caption":"Tar\u0131k"},"sameAs":["http:\/\/narteks.net"],"url":"https:\/\/narteks.net\/index.php\/author\/narbak\/"}]}},"_links":{"self":[{"href":"https:\/\/narteks.net\/index.php\/wp-json\/wp\/v2\/posts\/7077","targetHints":{"allow":["GET"]}}],"collection":[{"href":"https:\/\/narteks.net\/index.php\/wp-json\/wp\/v2\/posts"}],"about":[{"href":"https:\/\/narteks.net\/index.php\/wp-json\/wp\/v2\/types\/post"}],"author":[{"embeddable":true,"href":"https:\/\/narteks.net\/index.php\/wp-json\/wp\/v2\/users\/1"}],"replies":[{"embeddable":true,"href":"https:\/\/narteks.net\/index.php\/wp-json\/wp\/v2\/comments?post=7077"}],"version-history":[{"count":0,"href":"https:\/\/narteks.net\/index.php\/wp-json\/wp\/v2\/posts\/7077\/revisions"}],"wp:attachment":[{"href":"https:\/\/narteks.net\/index.php\/wp-json\/wp\/v2\/media?parent=7077"}],"wp:term":[{"taxonomy":"category","embeddable":true,"href":"https:\/\/narteks.net\/index.php\/wp-json\/wp\/v2\/categories?post=7077"},{"taxonomy":"post_tag","embeddable":true,"href":"https:\/\/narteks.net\/index.php\/wp-json\/wp\/v2\/tags?post=7077"}],"curies":[{"name":"wp","href":"https:\/\/api.w.org\/{rel}","templated":true}]}}