{"id":7078,"date":"2018-08-02T00:38:12","date_gmt":"2018-08-01T21:38:12","guid":{"rendered":"http:\/\/localhost\/wordpress\/2018\/08\/02\/nuh-un-guvercini\/"},"modified":"2018-08-02T00:38:12","modified_gmt":"2018-08-01T21:38:12","slug":"nuh-un-guvercini","status":"publish","type":"post","link":"https:\/\/narteks.net\/index.php\/2018\/08\/02\/nuh-un-guvercini\/","title":{"rendered":"NUH&#8217;UN G\u00dcVERC\u0130N\u0130"},"content":{"rendered":"<p>ey nuh ! ben tufan\u0131m, tufan\u0131n kendisi<br \/>duyuyor musun kadim kanatlar\u0131m\u0131n sesini<br \/>her canl\u0131dan birer \u00e7ift alman\u0131 \u00f6\u011f\u00fctleyen tanr\u0131<br \/>demedi sana ruhumu neyin yat\u0131\u015ft\u0131raca\u011f\u0131n\u0131<\/p>\n<p>ko\u015fuyor sular dairelerin i\u00e7inde g\u00f6r\u00fcyor musun<br \/>kumlar bal\u0131klar yosunlar kayalar a\u011fa\u00e7lar<br \/>imgen alt \u00fcst oldu g\u00f6rd\u00fc\u011f\u00fcm d\u00fc\u015fle<br \/>gerekmez tan\u0131k evrende bi\u00e7are biriken arzuya<br \/>an\u0131lar\u0131m\u0131z\u0131 anlatma diye ka\u00e7 kez tembihledim<br \/>a\u011fz\u0131m\u0131zda zeytin dal\u0131 tutulu sevi\u015fti\u011fimiz g\u00fcvercine<br \/>tufanda, tufandan \u00f6nce ve kadim zamanlarca<br \/>inleyip \u00e7i\u00e7eklenen zeytini verme insano\u011fluna<br \/>ey nuh ! ben tufan\u0131m, tufan\u0131n kendisi<br \/>omurganda duyuyor musun sonsuzlu\u011fun sesini<br \/>\u00e7amurlu ayaklar\u0131n\u0131 okudu\u011fun g\u00fcvercinin s\u0131rr\u0131y\u0131m<br \/>gemine almad\u0131\u011f\u0131n \u015fiirin diyeti, hari\u00e7teki tek yolcu<\/p>\n<p>doru\u011fa ba\u011fla gemini, silahlar\u0131n\u0131 at, ellerini kald\u0131r<br \/>indir yaral\u0131 geminden canl\u0131lar\u0131, \u00e7o\u011fal burada<br \/>sedirlerden ve volkanik ta\u015flardan hu\u011f kur \u00fcmmetine<br \/>g\u00f6\u011f\u00fc yere te\u011felleyen \u0131slak g\u00fcne\u015f belit olsun aram\u0131zda<\/p>\n<p>g\u00f6\u011fs\u00fcnde a\u015fk\u0131n beneklerini ta\u015f\u0131yan g\u00fcvercini bana ver<br \/>gemiden ayr\u0131lmaya cesaret edebilen tek canl\u0131y\u0131 bana ver<br \/>ben ki tufan\u0131m, ancak bir g\u00fcvercinin yat\u0131\u015ft\u0131rabildi\u011fi<br \/>ey nuh ! o, ki \u00f6dedi , tufanla sevi\u015fmenin, diyetini<\/p>\n<p>gagas\u0131nda zeytin yedi\u011fimiz dal\u0131n ye\u015fili solmadan<br \/>ayaklar\u0131ndaki \u00e7amuru kurumadan kalbinin, sana geldi<br \/>okuyas\u0131n diye, s\u0131rr\u0131n\u0131, sevdal\u0131 kanatlar\u0131m\u0131z\u0131n<br \/>da\u011f\u0131n doru\u011fu ve yerin engini senin olsun diye<br \/>ey nuh ! azad et g\u00fcvercinimi, kadim yaln\u0131zl\u0131\u011f\u0131m\u0131 !<\/p>\n<p>Fettah K\u00d6LEL\u0130 \/ Deliler Teknesi, say\u0131 19<\/p>\n","protected":false},"excerpt":{"rendered":"<p>ey nuh ! ben tufan\u0131m, tufan\u0131n kendisiduyuyor musun kadim kanatlar\u0131m\u0131n sesiniher canl\u0131dan birer \u00e7ift alman\u0131 \u00f6\u011f\u00fctleyen tanr\u0131demedi sana ruhumu neyin yat\u0131\u015ft\u0131raca\u011f\u0131n\u0131 ko\u015fuyor sular dairelerin i\u00e7inde g\u00f6r\u00fcyor musunkumlar bal\u0131klar yosunlar kayalar a\u011fa\u00e7larimgen alt \u00fcst oldu g\u00f6rd\u00fc\u011f\u00fcm d\u00fc\u015flegerekmez tan\u0131k evrende bi\u00e7are biriken arzuyaan\u0131lar\u0131m\u0131z\u0131 anlatma diye ka\u00e7 kez tembihledima\u011fz\u0131m\u0131zda zeytin dal\u0131 tutulu sevi\u015fti\u011fimiz g\u00fcvercinetufanda, tufandan \u00f6nce ve kadim [&hellip;]<\/p>\n","protected":false},"author":1,"featured_media":0,"comment_status":"open","ping_status":"open","sticky":false,"template":"","format":"standard","meta":{"footnotes":""},"categories":[215],"tags":[],"class_list":{"0":"post-7078","1":"post","2":"type-post","3":"status-publish","4":"format-standard","6":"category-fettah-koleli"},"yoast_head":"<!-- This site is optimized with the Yoast SEO Premium plugin v24.9 (Yoast SEO v24.9) - https:\/\/yoast.com\/wordpress\/plugins\/seo\/ -->\n<title>NUH&#039;UN G\u00dcVERC\u0130N\u0130 - narteks.net<\/title>\n<meta name=\"robots\" content=\"index, follow, max-snippet:-1, max-image-preview:large, max-video-preview:-1\" \/>\n<link rel=\"canonical\" href=\"https:\/\/narteks.net\/index.php\/2018\/08\/02\/nuh-un-guvercini\/\" \/>\n<meta property=\"og:locale\" content=\"tr_TR\" \/>\n<meta property=\"og:type\" content=\"article\" \/>\n<meta property=\"og:title\" content=\"NUH&#039;UN G\u00dcVERC\u0130N\u0130\" \/>\n<meta property=\"og:description\" content=\"ey nuh ! ben tufan\u0131m, tufan\u0131n kendisiduyuyor musun kadim kanatlar\u0131m\u0131n sesiniher canl\u0131dan birer \u00e7ift alman\u0131 \u00f6\u011f\u00fctleyen tanr\u0131demedi sana ruhumu neyin yat\u0131\u015ft\u0131raca\u011f\u0131n\u0131 ko\u015fuyor sular dairelerin i\u00e7inde g\u00f6r\u00fcyor musunkumlar bal\u0131klar yosunlar kayalar a\u011fa\u00e7larimgen alt \u00fcst oldu g\u00f6rd\u00fc\u011f\u00fcm d\u00fc\u015flegerekmez tan\u0131k evrende bi\u00e7are biriken arzuyaan\u0131lar\u0131m\u0131z\u0131 anlatma diye ka\u00e7 kez tembihledima\u011fz\u0131m\u0131zda zeytin dal\u0131 tutulu sevi\u015fti\u011fimiz g\u00fcvercinetufanda, tufandan \u00f6nce ve kadim [&hellip;]\" \/>\n<meta property=\"og:url\" content=\"https:\/\/narteks.net\/index.php\/2018\/08\/02\/nuh-un-guvercini\/\" \/>\n<meta property=\"og:site_name\" content=\"narteks.net\" \/>\n<meta property=\"article:published_time\" content=\"2018-08-01T21:38:12+00:00\" \/>\n<meta property=\"og:image\" content=\"https:\/\/narteks.net\/wp-content\/uploads\/narteks.png\" \/>\n\t<meta property=\"og:image:width\" content=\"300\" \/>\n\t<meta property=\"og:image:height\" content=\"90\" \/>\n\t<meta property=\"og:image:type\" content=\"image\/png\" \/>\n<meta name=\"author\" content=\"Tar\u0131k\" \/>\n<meta name=\"twitter:card\" content=\"summary_large_image\" \/>\n<meta name=\"twitter:creator\" content=\"@narteks\" \/>\n<meta name=\"twitter:site\" content=\"@narteks\" \/>\n<meta name=\"twitter:label1\" content=\"Yazan:\" \/>\n\t<meta name=\"twitter:data1\" content=\"Tar\u0131k\" \/>\n\t<meta name=\"twitter:label2\" content=\"Tahmini okuma s\u00fcresi\" \/>\n\t<meta name=\"twitter:data2\" content=\"1 dakika\" \/>\n<script type=\"application\/ld+json\" class=\"yoast-schema-graph\">{\"@context\":\"https:\/\/schema.org\",\"@graph\":[{\"@type\":\"Article\",\"@id\":\"https:\/\/narteks.net\/index.php\/2018\/08\/02\/nuh-un-guvercini\/#article\",\"isPartOf\":{\"@id\":\"https:\/\/narteks.net\/index.php\/2018\/08\/02\/nuh-un-guvercini\/\"},\"author\":{\"name\":\"Tar\u0131k\",\"@id\":\"https:\/\/narteks.net\/#\/schema\/person\/61f37d9834294b72d31d274e7ed79bca\"},\"headline\":\"NUH&#8217;UN G\u00dcVERC\u0130N\u0130\",\"datePublished\":\"2018-08-01T21:38:12+00:00\",\"mainEntityOfPage\":{\"@id\":\"https:\/\/narteks.net\/index.php\/2018\/08\/02\/nuh-un-guvercini\/\"},\"wordCount\":252,\"commentCount\":0,\"publisher\":{\"@id\":\"https:\/\/narteks.net\/#organization\"},\"articleSection\":[\"Fettah K\u00d6LEL\u0130\"],\"inLanguage\":\"tr\",\"potentialAction\":[{\"@type\":\"CommentAction\",\"name\":\"Comment\",\"target\":[\"https:\/\/narteks.net\/index.php\/2018\/08\/02\/nuh-un-guvercini\/#respond\"]}]},{\"@type\":\"WebPage\",\"@id\":\"https:\/\/narteks.net\/index.php\/2018\/08\/02\/nuh-un-guvercini\/\",\"url\":\"https:\/\/narteks.net\/index.php\/2018\/08\/02\/nuh-un-guvercini\/\",\"name\":\"NUH'UN G\u00dcVERC\u0130N\u0130 - narteks.net\",\"isPartOf\":{\"@id\":\"https:\/\/narteks.net\/#website\"},\"datePublished\":\"2018-08-01T21:38:12+00:00\",\"breadcrumb\":{\"@id\":\"https:\/\/narteks.net\/index.php\/2018\/08\/02\/nuh-un-guvercini\/#breadcrumb\"},\"inLanguage\":\"tr\",\"potentialAction\":[{\"@type\":\"ReadAction\",\"target\":[\"https:\/\/narteks.net\/index.php\/2018\/08\/02\/nuh-un-guvercini\/\"]}]},{\"@type\":\"BreadcrumbList\",\"@id\":\"https:\/\/narteks.net\/index.php\/2018\/08\/02\/nuh-un-guvercini\/#breadcrumb\",\"itemListElement\":[{\"@type\":\"ListItem\",\"position\":1,\"name\":\"Anasayfa\",\"item\":\"https:\/\/narteks.net\/\"},{\"@type\":\"ListItem\",\"position\":2,\"name\":\"NUH&#8217;UN G\u00dcVERC\u0130N\u0130\"}]},{\"@type\":\"WebSite\",\"@id\":\"https:\/\/narteks.net\/#website\",\"url\":\"https:\/\/narteks.net\/\",\"name\":\"narteks.net\",\"description\":\"K\u00fclt\u00fcr Sanat Edebiyat Felsefe\",\"publisher\":{\"@id\":\"https:\/\/narteks.net\/#organization\"},\"alternateName\":\"K\u00fclt\u00fcr Sanat Edebiyat Felsefe\",\"potentialAction\":[{\"@type\":\"SearchAction\",\"target\":{\"@type\":\"EntryPoint\",\"urlTemplate\":\"https:\/\/narteks.net\/?s={search_term_string}\"},\"query-input\":{\"@type\":\"PropertyValueSpecification\",\"valueRequired\":true,\"valueName\":\"search_term_string\"}}],\"inLanguage\":\"tr\"},{\"@type\":\"Organization\",\"@id\":\"https:\/\/narteks.net\/#organization\",\"name\":\"narteks.net\",\"url\":\"https:\/\/narteks.net\/\",\"logo\":{\"@type\":\"ImageObject\",\"inLanguage\":\"tr\",\"@id\":\"https:\/\/narteks.net\/#\/schema\/logo\/image\/\",\"url\":\"https:\/\/narteks.net\/wp-content\/uploads\/narteks.png\",\"contentUrl\":\"https:\/\/narteks.net\/wp-content\/uploads\/narteks.png\",\"width\":300,\"height\":90,\"caption\":\"narteks.net\"},\"image\":{\"@id\":\"https:\/\/narteks.net\/#\/schema\/logo\/image\/\"},\"sameAs\":[\"https:\/\/x.com\/narteks\",\"https:\/\/instagram.com\/narteksnet\"]},{\"@type\":\"Person\",\"@id\":\"https:\/\/narteks.net\/#\/schema\/person\/61f37d9834294b72d31d274e7ed79bca\",\"name\":\"Tar\u0131k\",\"image\":{\"@type\":\"ImageObject\",\"inLanguage\":\"tr\",\"@id\":\"https:\/\/narteks.net\/#\/schema\/person\/image\/\",\"url\":\"https:\/\/secure.gravatar.com\/avatar\/50865afb55632c4ae467e0af0930f6510aa2297d8014be502a55b14f3b7550cf?s=96&d=mm&r=g\",\"contentUrl\":\"https:\/\/secure.gravatar.com\/avatar\/50865afb55632c4ae467e0af0930f6510aa2297d8014be502a55b14f3b7550cf?s=96&d=mm&r=g\",\"caption\":\"Tar\u0131k\"},\"sameAs\":[\"http:\/\/narteks.net\"],\"url\":\"https:\/\/narteks.net\/index.php\/author\/narbak\/\"}]}<\/script>\n<!-- \/ Yoast SEO Premium plugin. -->","yoast_head_json":{"title":"NUH'UN G\u00dcVERC\u0130N\u0130 - narteks.net","robots":{"index":"index","follow":"follow","max-snippet":"max-snippet:-1","max-image-preview":"max-image-preview:large","max-video-preview":"max-video-preview:-1"},"canonical":"https:\/\/narteks.net\/index.php\/2018\/08\/02\/nuh-un-guvercini\/","og_locale":"tr_TR","og_type":"article","og_title":"NUH'UN G\u00dcVERC\u0130N\u0130","og_description":"ey nuh ! ben tufan\u0131m, tufan\u0131n kendisiduyuyor musun kadim kanatlar\u0131m\u0131n sesiniher canl\u0131dan birer \u00e7ift alman\u0131 \u00f6\u011f\u00fctleyen tanr\u0131demedi sana ruhumu neyin yat\u0131\u015ft\u0131raca\u011f\u0131n\u0131 ko\u015fuyor sular dairelerin i\u00e7inde g\u00f6r\u00fcyor musunkumlar bal\u0131klar yosunlar kayalar a\u011fa\u00e7larimgen alt \u00fcst oldu g\u00f6rd\u00fc\u011f\u00fcm d\u00fc\u015flegerekmez tan\u0131k evrende bi\u00e7are biriken arzuyaan\u0131lar\u0131m\u0131z\u0131 anlatma diye ka\u00e7 kez tembihledima\u011fz\u0131m\u0131zda zeytin dal\u0131 tutulu sevi\u015fti\u011fimiz g\u00fcvercinetufanda, tufandan \u00f6nce ve kadim [&hellip;]","og_url":"https:\/\/narteks.net\/index.php\/2018\/08\/02\/nuh-un-guvercini\/","og_site_name":"narteks.net","article_published_time":"2018-08-01T21:38:12+00:00","og_image":[{"width":300,"height":90,"url":"https:\/\/narteks.net\/wp-content\/uploads\/narteks.png","type":"image\/png"}],"author":"Tar\u0131k","twitter_card":"summary_large_image","twitter_creator":"@narteks","twitter_site":"@narteks","twitter_misc":{"Yazan:":"Tar\u0131k","Tahmini okuma s\u00fcresi":"1 dakika"},"schema":{"@context":"https:\/\/schema.org","@graph":[{"@type":"Article","@id":"https:\/\/narteks.net\/index.php\/2018\/08\/02\/nuh-un-guvercini\/#article","isPartOf":{"@id":"https:\/\/narteks.net\/index.php\/2018\/08\/02\/nuh-un-guvercini\/"},"author":{"name":"Tar\u0131k","@id":"https:\/\/narteks.net\/#\/schema\/person\/61f37d9834294b72d31d274e7ed79bca"},"headline":"NUH&#8217;UN G\u00dcVERC\u0130N\u0130","datePublished":"2018-08-01T21:38:12+00:00","mainEntityOfPage":{"@id":"https:\/\/narteks.net\/index.php\/2018\/08\/02\/nuh-un-guvercini\/"},"wordCount":252,"commentCount":0,"publisher":{"@id":"https:\/\/narteks.net\/#organization"},"articleSection":["Fettah K\u00d6LEL\u0130"],"inLanguage":"tr","potentialAction":[{"@type":"CommentAction","name":"Comment","target":["https:\/\/narteks.net\/index.php\/2018\/08\/02\/nuh-un-guvercini\/#respond"]}]},{"@type":"WebPage","@id":"https:\/\/narteks.net\/index.php\/2018\/08\/02\/nuh-un-guvercini\/","url":"https:\/\/narteks.net\/index.php\/2018\/08\/02\/nuh-un-guvercini\/","name":"NUH'UN G\u00dcVERC\u0130N\u0130 - narteks.net","isPartOf":{"@id":"https:\/\/narteks.net\/#website"},"datePublished":"2018-08-01T21:38:12+00:00","breadcrumb":{"@id":"https:\/\/narteks.net\/index.php\/2018\/08\/02\/nuh-un-guvercini\/#breadcrumb"},"inLanguage":"tr","potentialAction":[{"@type":"ReadAction","target":["https:\/\/narteks.net\/index.php\/2018\/08\/02\/nuh-un-guvercini\/"]}]},{"@type":"BreadcrumbList","@id":"https:\/\/narteks.net\/index.php\/2018\/08\/02\/nuh-un-guvercini\/#breadcrumb","itemListElement":[{"@type":"ListItem","position":1,"name":"Anasayfa","item":"https:\/\/narteks.net\/"},{"@type":"ListItem","position":2,"name":"NUH&#8217;UN G\u00dcVERC\u0130N\u0130"}]},{"@type":"WebSite","@id":"https:\/\/narteks.net\/#website","url":"https:\/\/narteks.net\/","name":"narteks.net","description":"K\u00fclt\u00fcr Sanat Edebiyat Felsefe","publisher":{"@id":"https:\/\/narteks.net\/#organization"},"alternateName":"K\u00fclt\u00fcr Sanat Edebiyat Felsefe","potentialAction":[{"@type":"SearchAction","target":{"@type":"EntryPoint","urlTemplate":"https:\/\/narteks.net\/?s={search_term_string}"},"query-input":{"@type":"PropertyValueSpecification","valueRequired":true,"valueName":"search_term_string"}}],"inLanguage":"tr"},{"@type":"Organization","@id":"https:\/\/narteks.net\/#organization","name":"narteks.net","url":"https:\/\/narteks.net\/","logo":{"@type":"ImageObject","inLanguage":"tr","@id":"https:\/\/narteks.net\/#\/schema\/logo\/image\/","url":"https:\/\/narteks.net\/wp-content\/uploads\/narteks.png","contentUrl":"https:\/\/narteks.net\/wp-content\/uploads\/narteks.png","width":300,"height":90,"caption":"narteks.net"},"image":{"@id":"https:\/\/narteks.net\/#\/schema\/logo\/image\/"},"sameAs":["https:\/\/x.com\/narteks","https:\/\/instagram.com\/narteksnet"]},{"@type":"Person","@id":"https:\/\/narteks.net\/#\/schema\/person\/61f37d9834294b72d31d274e7ed79bca","name":"Tar\u0131k","image":{"@type":"ImageObject","inLanguage":"tr","@id":"https:\/\/narteks.net\/#\/schema\/person\/image\/","url":"https:\/\/secure.gravatar.com\/avatar\/50865afb55632c4ae467e0af0930f6510aa2297d8014be502a55b14f3b7550cf?s=96&d=mm&r=g","contentUrl":"https:\/\/secure.gravatar.com\/avatar\/50865afb55632c4ae467e0af0930f6510aa2297d8014be502a55b14f3b7550cf?s=96&d=mm&r=g","caption":"Tar\u0131k"},"sameAs":["http:\/\/narteks.net"],"url":"https:\/\/narteks.net\/index.php\/author\/narbak\/"}]}},"_links":{"self":[{"href":"https:\/\/narteks.net\/index.php\/wp-json\/wp\/v2\/posts\/7078","targetHints":{"allow":["GET"]}}],"collection":[{"href":"https:\/\/narteks.net\/index.php\/wp-json\/wp\/v2\/posts"}],"about":[{"href":"https:\/\/narteks.net\/index.php\/wp-json\/wp\/v2\/types\/post"}],"author":[{"embeddable":true,"href":"https:\/\/narteks.net\/index.php\/wp-json\/wp\/v2\/users\/1"}],"replies":[{"embeddable":true,"href":"https:\/\/narteks.net\/index.php\/wp-json\/wp\/v2\/comments?post=7078"}],"version-history":[{"count":0,"href":"https:\/\/narteks.net\/index.php\/wp-json\/wp\/v2\/posts\/7078\/revisions"}],"wp:attachment":[{"href":"https:\/\/narteks.net\/index.php\/wp-json\/wp\/v2\/media?parent=7078"}],"wp:term":[{"taxonomy":"category","embeddable":true,"href":"https:\/\/narteks.net\/index.php\/wp-json\/wp\/v2\/categories?post=7078"},{"taxonomy":"post_tag","embeddable":true,"href":"https:\/\/narteks.net\/index.php\/wp-json\/wp\/v2\/tags?post=7078"}],"curies":[{"name":"wp","href":"https:\/\/api.w.org\/{rel}","templated":true}]}}