{"id":7079,"date":"2018-08-02T00:39:34","date_gmt":"2018-08-01T21:39:34","guid":{"rendered":"http:\/\/localhost\/wordpress\/2018\/08\/02\/ne-alem-ne-ahali\/"},"modified":"2018-08-02T00:39:34","modified_gmt":"2018-08-01T21:39:34","slug":"ne-alem-ne-ahali","status":"publish","type":"post","link":"https:\/\/narteks.net\/index.php\/2018\/08\/02\/ne-alem-ne-ahali\/","title":{"rendered":"NE ALEM NE AHAL\u0130"},"content":{"rendered":"<p>bozk\u0131r\u0131n ellerini avu\u00e7lar\u0131m\u0131za ald\u0131\u011f\u0131m\u0131zda<br \/>parmaklar\u0131m\u0131zd\u0131 d\u00f6l tutup do\u011furan masal\u0131<br \/>cehennem k\u0131nas\u0131 tapard\u0131 avu\u00e7lar\u0131m\u0131za<br \/>ellerimiz sarho\u015f kelebeklerin tanr\u0131lar\u0131yd\u0131<br \/>deli atlar ki\u015fnerdi ulu \u00e7ay\u0131rlar\u0131m\u0131zda<br \/>tarla ku\u015flar\u0131yd\u0131k karda bahar\u0131 mu\u015ftulayan<br \/>bir \u00e7ift kanatt\u0131k a\u015fk\u0131 ve \u00f6zg\u00fcrl\u00fc\u011f\u00fc anlatan<br \/>an\u0131lar\u0131yd\u0131k kendini \u015fiirlerine asan \u00e7ocu\u011fun<br \/>ellerimizde sa\u00e7aklanan \u015fim\u015fekti a\u015fk<br \/>yakas\u0131z libas\u0131m\u0131zd\u0131 mah\u015ferin k\u0131y\u0131s\u0131nda giydi\u011fimiz<br \/>\u00f6l\u00fcm\u00fc hi\u00e7 umursamazd\u0131k bi\u00e7imlerken yery\u00fcz\u00fcn\u00fc<br \/>duyard\u0131k damarlar\u0131m\u0131zda akan kan\u0131n h\u0131\u015f\u0131rt\u0131s\u0131n\u0131<br \/>umay\u2019\u0131n ulu yurdu g\u00f6k\u00e7e kal\u0131t\u0131yd\u0131k evrenin<br \/>a\u015f\u0131kt\u0131k s\u0131rat k\u00f6pr\u00fcs\u00fcnden biletsiz ge\u00e7erdik<br \/>gelincik tomurcu\u011fuyduk bozlakla patlard\u0131k<br \/>zaman harmanc\u0131s\u0131yd\u0131k dipte kalan tortuyu ay\u0131klard\u0131k<br \/>g\u00fcl kokulu k\u0131r \u015fehriydik bozk\u0131r\u0131n ayas\u0131<br \/>ellerinden \u00f6l\u00e7\u00fcs\u00fc al\u0131nm\u0131\u015f ilk tasla\u011f\u0131yd\u0131k evrenin<br \/>kar\u0131\u015f\u0131k ekilirdi tohumlar\u0131 a\u015fk\u0131n ve ihanetin<br \/>tavaf ederdik ademi boyu \u00f6yk\u00fclerinden k\u00fc\u00e7\u00fck ahaliyi<br \/>\u0131\u015f\u0131kt\u0131k, \u0131\u015f\u0131\u011f\u0131n i\u00e7inden ge\u00e7erdik<\/p>\n<p>Fettah K\u00d6LEL\u0130<\/p>\n","protected":false},"excerpt":{"rendered":"<p>bozk\u0131r\u0131n ellerini avu\u00e7lar\u0131m\u0131za ald\u0131\u011f\u0131m\u0131zdaparmaklar\u0131m\u0131zd\u0131 d\u00f6l tutup do\u011furan masal\u0131cehennem k\u0131nas\u0131 tapard\u0131 avu\u00e7lar\u0131m\u0131zaellerimiz sarho\u015f kelebeklerin tanr\u0131lar\u0131yd\u0131deli atlar ki\u015fnerdi ulu \u00e7ay\u0131rlar\u0131m\u0131zdatarla ku\u015flar\u0131yd\u0131k karda bahar\u0131 mu\u015ftulayanbir \u00e7ift kanatt\u0131k a\u015fk\u0131 ve \u00f6zg\u00fcrl\u00fc\u011f\u00fc anlatanan\u0131lar\u0131yd\u0131k kendini \u015fiirlerine asan \u00e7ocu\u011funellerimizde sa\u00e7aklanan \u015fim\u015fekti a\u015fkyakas\u0131z libas\u0131m\u0131zd\u0131 mah\u015ferin k\u0131y\u0131s\u0131nda giydi\u011fimiz\u00f6l\u00fcm\u00fc hi\u00e7 umursamazd\u0131k bi\u00e7imlerken yery\u00fcz\u00fcn\u00fcduyard\u0131k damarlar\u0131m\u0131zda akan kan\u0131n h\u0131\u015f\u0131rt\u0131s\u0131n\u0131umay\u2019\u0131n ulu yurdu g\u00f6k\u00e7e kal\u0131t\u0131yd\u0131k evrenina\u015f\u0131kt\u0131k s\u0131rat k\u00f6pr\u00fcs\u00fcnden biletsiz [&hellip;]<\/p>\n","protected":false},"author":1,"featured_media":0,"comment_status":"open","ping_status":"open","sticky":false,"template":"","format":"standard","meta":{"footnotes":""},"categories":[215],"tags":[],"class_list":{"0":"post-7079","1":"post","2":"type-post","3":"status-publish","4":"format-standard","6":"category-fettah-koleli"},"yoast_head":"<!-- This site is optimized with the Yoast SEO Premium plugin v24.9 (Yoast SEO v24.9) - https:\/\/yoast.com\/wordpress\/plugins\/seo\/ -->\n<title>NE ALEM NE AHAL\u0130 - narteks.net<\/title>\n<meta name=\"robots\" content=\"index, follow, max-snippet:-1, max-image-preview:large, max-video-preview:-1\" \/>\n<link rel=\"canonical\" href=\"https:\/\/narteks.net\/index.php\/2018\/08\/02\/ne-alem-ne-ahali\/\" \/>\n<meta property=\"og:locale\" content=\"tr_TR\" \/>\n<meta property=\"og:type\" content=\"article\" \/>\n<meta property=\"og:title\" content=\"NE ALEM NE AHAL\u0130\" \/>\n<meta property=\"og:description\" content=\"bozk\u0131r\u0131n ellerini avu\u00e7lar\u0131m\u0131za ald\u0131\u011f\u0131m\u0131zdaparmaklar\u0131m\u0131zd\u0131 d\u00f6l tutup do\u011furan masal\u0131cehennem k\u0131nas\u0131 tapard\u0131 avu\u00e7lar\u0131m\u0131zaellerimiz sarho\u015f kelebeklerin tanr\u0131lar\u0131yd\u0131deli atlar ki\u015fnerdi ulu \u00e7ay\u0131rlar\u0131m\u0131zdatarla ku\u015flar\u0131yd\u0131k karda bahar\u0131 mu\u015ftulayanbir \u00e7ift kanatt\u0131k a\u015fk\u0131 ve \u00f6zg\u00fcrl\u00fc\u011f\u00fc anlatanan\u0131lar\u0131yd\u0131k kendini \u015fiirlerine asan \u00e7ocu\u011funellerimizde sa\u00e7aklanan \u015fim\u015fekti a\u015fkyakas\u0131z libas\u0131m\u0131zd\u0131 mah\u015ferin k\u0131y\u0131s\u0131nda giydi\u011fimiz\u00f6l\u00fcm\u00fc hi\u00e7 umursamazd\u0131k bi\u00e7imlerken yery\u00fcz\u00fcn\u00fcduyard\u0131k damarlar\u0131m\u0131zda akan kan\u0131n h\u0131\u015f\u0131rt\u0131s\u0131n\u0131umay\u2019\u0131n ulu yurdu g\u00f6k\u00e7e kal\u0131t\u0131yd\u0131k evrenina\u015f\u0131kt\u0131k s\u0131rat k\u00f6pr\u00fcs\u00fcnden biletsiz [&hellip;]\" \/>\n<meta property=\"og:url\" content=\"https:\/\/narteks.net\/index.php\/2018\/08\/02\/ne-alem-ne-ahali\/\" \/>\n<meta property=\"og:site_name\" content=\"narteks.net\" \/>\n<meta property=\"article:published_time\" content=\"2018-08-01T21:39:34+00:00\" \/>\n<meta property=\"og:image\" content=\"https:\/\/narteks.net\/wp-content\/uploads\/narteks.png\" \/>\n\t<meta property=\"og:image:width\" content=\"300\" \/>\n\t<meta property=\"og:image:height\" content=\"90\" \/>\n\t<meta property=\"og:image:type\" content=\"image\/png\" \/>\n<meta name=\"author\" content=\"Tar\u0131k\" \/>\n<meta name=\"twitter:card\" content=\"summary_large_image\" \/>\n<meta name=\"twitter:creator\" content=\"@narteks\" \/>\n<meta name=\"twitter:site\" content=\"@narteks\" \/>\n<meta name=\"twitter:label1\" content=\"Yazan:\" \/>\n\t<meta name=\"twitter:data1\" content=\"Tar\u0131k\" \/>\n\t<meta name=\"twitter:label2\" content=\"Tahmini okuma s\u00fcresi\" \/>\n\t<meta name=\"twitter:data2\" content=\"1 dakika\" \/>\n<script type=\"application\/ld+json\" class=\"yoast-schema-graph\">{\"@context\":\"https:\/\/schema.org\",\"@graph\":[{\"@type\":\"Article\",\"@id\":\"https:\/\/narteks.net\/index.php\/2018\/08\/02\/ne-alem-ne-ahali\/#article\",\"isPartOf\":{\"@id\":\"https:\/\/narteks.net\/index.php\/2018\/08\/02\/ne-alem-ne-ahali\/\"},\"author\":{\"name\":\"Tar\u0131k\",\"@id\":\"https:\/\/narteks.net\/#\/schema\/person\/61f37d9834294b72d31d274e7ed79bca\"},\"headline\":\"NE ALEM NE AHAL\u0130\",\"datePublished\":\"2018-08-01T21:39:34+00:00\",\"mainEntityOfPage\":{\"@id\":\"https:\/\/narteks.net\/index.php\/2018\/08\/02\/ne-alem-ne-ahali\/\"},\"wordCount\":193,\"commentCount\":0,\"publisher\":{\"@id\":\"https:\/\/narteks.net\/#organization\"},\"articleSection\":[\"Fettah K\u00d6LEL\u0130\"],\"inLanguage\":\"tr\",\"potentialAction\":[{\"@type\":\"CommentAction\",\"name\":\"Comment\",\"target\":[\"https:\/\/narteks.net\/index.php\/2018\/08\/02\/ne-alem-ne-ahali\/#respond\"]}]},{\"@type\":\"WebPage\",\"@id\":\"https:\/\/narteks.net\/index.php\/2018\/08\/02\/ne-alem-ne-ahali\/\",\"url\":\"https:\/\/narteks.net\/index.php\/2018\/08\/02\/ne-alem-ne-ahali\/\",\"name\":\"NE ALEM NE AHAL\u0130 - narteks.net\",\"isPartOf\":{\"@id\":\"https:\/\/narteks.net\/#website\"},\"datePublished\":\"2018-08-01T21:39:34+00:00\",\"breadcrumb\":{\"@id\":\"https:\/\/narteks.net\/index.php\/2018\/08\/02\/ne-alem-ne-ahali\/#breadcrumb\"},\"inLanguage\":\"tr\",\"potentialAction\":[{\"@type\":\"ReadAction\",\"target\":[\"https:\/\/narteks.net\/index.php\/2018\/08\/02\/ne-alem-ne-ahali\/\"]}]},{\"@type\":\"BreadcrumbList\",\"@id\":\"https:\/\/narteks.net\/index.php\/2018\/08\/02\/ne-alem-ne-ahali\/#breadcrumb\",\"itemListElement\":[{\"@type\":\"ListItem\",\"position\":1,\"name\":\"Anasayfa\",\"item\":\"https:\/\/narteks.net\/\"},{\"@type\":\"ListItem\",\"position\":2,\"name\":\"NE ALEM NE AHAL\u0130\"}]},{\"@type\":\"WebSite\",\"@id\":\"https:\/\/narteks.net\/#website\",\"url\":\"https:\/\/narteks.net\/\",\"name\":\"narteks.net\",\"description\":\"K\u00fclt\u00fcr Sanat Edebiyat Felsefe\",\"publisher\":{\"@id\":\"https:\/\/narteks.net\/#organization\"},\"alternateName\":\"K\u00fclt\u00fcr Sanat Edebiyat Felsefe\",\"potentialAction\":[{\"@type\":\"SearchAction\",\"target\":{\"@type\":\"EntryPoint\",\"urlTemplate\":\"https:\/\/narteks.net\/?s={search_term_string}\"},\"query-input\":{\"@type\":\"PropertyValueSpecification\",\"valueRequired\":true,\"valueName\":\"search_term_string\"}}],\"inLanguage\":\"tr\"},{\"@type\":\"Organization\",\"@id\":\"https:\/\/narteks.net\/#organization\",\"name\":\"narteks.net\",\"url\":\"https:\/\/narteks.net\/\",\"logo\":{\"@type\":\"ImageObject\",\"inLanguage\":\"tr\",\"@id\":\"https:\/\/narteks.net\/#\/schema\/logo\/image\/\",\"url\":\"https:\/\/narteks.net\/wp-content\/uploads\/narteks.png\",\"contentUrl\":\"https:\/\/narteks.net\/wp-content\/uploads\/narteks.png\",\"width\":300,\"height\":90,\"caption\":\"narteks.net\"},\"image\":{\"@id\":\"https:\/\/narteks.net\/#\/schema\/logo\/image\/\"},\"sameAs\":[\"https:\/\/x.com\/narteks\",\"https:\/\/instagram.com\/narteksnet\"]},{\"@type\":\"Person\",\"@id\":\"https:\/\/narteks.net\/#\/schema\/person\/61f37d9834294b72d31d274e7ed79bca\",\"name\":\"Tar\u0131k\",\"image\":{\"@type\":\"ImageObject\",\"inLanguage\":\"tr\",\"@id\":\"https:\/\/narteks.net\/#\/schema\/person\/image\/\",\"url\":\"https:\/\/secure.gravatar.com\/avatar\/50865afb55632c4ae467e0af0930f6510aa2297d8014be502a55b14f3b7550cf?s=96&d=mm&r=g\",\"contentUrl\":\"https:\/\/secure.gravatar.com\/avatar\/50865afb55632c4ae467e0af0930f6510aa2297d8014be502a55b14f3b7550cf?s=96&d=mm&r=g\",\"caption\":\"Tar\u0131k\"},\"sameAs\":[\"http:\/\/narteks.net\"],\"url\":\"https:\/\/narteks.net\/index.php\/author\/narbak\/\"}]}<\/script>\n<!-- \/ Yoast SEO Premium plugin. -->","yoast_head_json":{"title":"NE ALEM NE AHAL\u0130 - narteks.net","robots":{"index":"index","follow":"follow","max-snippet":"max-snippet:-1","max-image-preview":"max-image-preview:large","max-video-preview":"max-video-preview:-1"},"canonical":"https:\/\/narteks.net\/index.php\/2018\/08\/02\/ne-alem-ne-ahali\/","og_locale":"tr_TR","og_type":"article","og_title":"NE ALEM NE AHAL\u0130","og_description":"bozk\u0131r\u0131n ellerini avu\u00e7lar\u0131m\u0131za ald\u0131\u011f\u0131m\u0131zdaparmaklar\u0131m\u0131zd\u0131 d\u00f6l tutup do\u011furan masal\u0131cehennem k\u0131nas\u0131 tapard\u0131 avu\u00e7lar\u0131m\u0131zaellerimiz sarho\u015f kelebeklerin tanr\u0131lar\u0131yd\u0131deli atlar ki\u015fnerdi ulu \u00e7ay\u0131rlar\u0131m\u0131zdatarla ku\u015flar\u0131yd\u0131k karda bahar\u0131 mu\u015ftulayanbir \u00e7ift kanatt\u0131k a\u015fk\u0131 ve \u00f6zg\u00fcrl\u00fc\u011f\u00fc anlatanan\u0131lar\u0131yd\u0131k kendini \u015fiirlerine asan \u00e7ocu\u011funellerimizde sa\u00e7aklanan \u015fim\u015fekti a\u015fkyakas\u0131z libas\u0131m\u0131zd\u0131 mah\u015ferin k\u0131y\u0131s\u0131nda giydi\u011fimiz\u00f6l\u00fcm\u00fc hi\u00e7 umursamazd\u0131k bi\u00e7imlerken yery\u00fcz\u00fcn\u00fcduyard\u0131k damarlar\u0131m\u0131zda akan kan\u0131n h\u0131\u015f\u0131rt\u0131s\u0131n\u0131umay\u2019\u0131n ulu yurdu g\u00f6k\u00e7e kal\u0131t\u0131yd\u0131k evrenina\u015f\u0131kt\u0131k s\u0131rat k\u00f6pr\u00fcs\u00fcnden biletsiz [&hellip;]","og_url":"https:\/\/narteks.net\/index.php\/2018\/08\/02\/ne-alem-ne-ahali\/","og_site_name":"narteks.net","article_published_time":"2018-08-01T21:39:34+00:00","og_image":[{"width":300,"height":90,"url":"https:\/\/narteks.net\/wp-content\/uploads\/narteks.png","type":"image\/png"}],"author":"Tar\u0131k","twitter_card":"summary_large_image","twitter_creator":"@narteks","twitter_site":"@narteks","twitter_misc":{"Yazan:":"Tar\u0131k","Tahmini okuma s\u00fcresi":"1 dakika"},"schema":{"@context":"https:\/\/schema.org","@graph":[{"@type":"Article","@id":"https:\/\/narteks.net\/index.php\/2018\/08\/02\/ne-alem-ne-ahali\/#article","isPartOf":{"@id":"https:\/\/narteks.net\/index.php\/2018\/08\/02\/ne-alem-ne-ahali\/"},"author":{"name":"Tar\u0131k","@id":"https:\/\/narteks.net\/#\/schema\/person\/61f37d9834294b72d31d274e7ed79bca"},"headline":"NE ALEM NE AHAL\u0130","datePublished":"2018-08-01T21:39:34+00:00","mainEntityOfPage":{"@id":"https:\/\/narteks.net\/index.php\/2018\/08\/02\/ne-alem-ne-ahali\/"},"wordCount":193,"commentCount":0,"publisher":{"@id":"https:\/\/narteks.net\/#organization"},"articleSection":["Fettah K\u00d6LEL\u0130"],"inLanguage":"tr","potentialAction":[{"@type":"CommentAction","name":"Comment","target":["https:\/\/narteks.net\/index.php\/2018\/08\/02\/ne-alem-ne-ahali\/#respond"]}]},{"@type":"WebPage","@id":"https:\/\/narteks.net\/index.php\/2018\/08\/02\/ne-alem-ne-ahali\/","url":"https:\/\/narteks.net\/index.php\/2018\/08\/02\/ne-alem-ne-ahali\/","name":"NE ALEM NE AHAL\u0130 - narteks.net","isPartOf":{"@id":"https:\/\/narteks.net\/#website"},"datePublished":"2018-08-01T21:39:34+00:00","breadcrumb":{"@id":"https:\/\/narteks.net\/index.php\/2018\/08\/02\/ne-alem-ne-ahali\/#breadcrumb"},"inLanguage":"tr","potentialAction":[{"@type":"ReadAction","target":["https:\/\/narteks.net\/index.php\/2018\/08\/02\/ne-alem-ne-ahali\/"]}]},{"@type":"BreadcrumbList","@id":"https:\/\/narteks.net\/index.php\/2018\/08\/02\/ne-alem-ne-ahali\/#breadcrumb","itemListElement":[{"@type":"ListItem","position":1,"name":"Anasayfa","item":"https:\/\/narteks.net\/"},{"@type":"ListItem","position":2,"name":"NE ALEM NE AHAL\u0130"}]},{"@type":"WebSite","@id":"https:\/\/narteks.net\/#website","url":"https:\/\/narteks.net\/","name":"narteks.net","description":"K\u00fclt\u00fcr Sanat Edebiyat Felsefe","publisher":{"@id":"https:\/\/narteks.net\/#organization"},"alternateName":"K\u00fclt\u00fcr Sanat Edebiyat Felsefe","potentialAction":[{"@type":"SearchAction","target":{"@type":"EntryPoint","urlTemplate":"https:\/\/narteks.net\/?s={search_term_string}"},"query-input":{"@type":"PropertyValueSpecification","valueRequired":true,"valueName":"search_term_string"}}],"inLanguage":"tr"},{"@type":"Organization","@id":"https:\/\/narteks.net\/#organization","name":"narteks.net","url":"https:\/\/narteks.net\/","logo":{"@type":"ImageObject","inLanguage":"tr","@id":"https:\/\/narteks.net\/#\/schema\/logo\/image\/","url":"https:\/\/narteks.net\/wp-content\/uploads\/narteks.png","contentUrl":"https:\/\/narteks.net\/wp-content\/uploads\/narteks.png","width":300,"height":90,"caption":"narteks.net"},"image":{"@id":"https:\/\/narteks.net\/#\/schema\/logo\/image\/"},"sameAs":["https:\/\/x.com\/narteks","https:\/\/instagram.com\/narteksnet"]},{"@type":"Person","@id":"https:\/\/narteks.net\/#\/schema\/person\/61f37d9834294b72d31d274e7ed79bca","name":"Tar\u0131k","image":{"@type":"ImageObject","inLanguage":"tr","@id":"https:\/\/narteks.net\/#\/schema\/person\/image\/","url":"https:\/\/secure.gravatar.com\/avatar\/50865afb55632c4ae467e0af0930f6510aa2297d8014be502a55b14f3b7550cf?s=96&d=mm&r=g","contentUrl":"https:\/\/secure.gravatar.com\/avatar\/50865afb55632c4ae467e0af0930f6510aa2297d8014be502a55b14f3b7550cf?s=96&d=mm&r=g","caption":"Tar\u0131k"},"sameAs":["http:\/\/narteks.net"],"url":"https:\/\/narteks.net\/index.php\/author\/narbak\/"}]}},"_links":{"self":[{"href":"https:\/\/narteks.net\/index.php\/wp-json\/wp\/v2\/posts\/7079","targetHints":{"allow":["GET"]}}],"collection":[{"href":"https:\/\/narteks.net\/index.php\/wp-json\/wp\/v2\/posts"}],"about":[{"href":"https:\/\/narteks.net\/index.php\/wp-json\/wp\/v2\/types\/post"}],"author":[{"embeddable":true,"href":"https:\/\/narteks.net\/index.php\/wp-json\/wp\/v2\/users\/1"}],"replies":[{"embeddable":true,"href":"https:\/\/narteks.net\/index.php\/wp-json\/wp\/v2\/comments?post=7079"}],"version-history":[{"count":0,"href":"https:\/\/narteks.net\/index.php\/wp-json\/wp\/v2\/posts\/7079\/revisions"}],"wp:attachment":[{"href":"https:\/\/narteks.net\/index.php\/wp-json\/wp\/v2\/media?parent=7079"}],"wp:term":[{"taxonomy":"category","embeddable":true,"href":"https:\/\/narteks.net\/index.php\/wp-json\/wp\/v2\/categories?post=7079"},{"taxonomy":"post_tag","embeddable":true,"href":"https:\/\/narteks.net\/index.php\/wp-json\/wp\/v2\/tags?post=7079"}],"curies":[{"name":"wp","href":"https:\/\/api.w.org\/{rel}","templated":true}]}}