{"id":7085,"date":"2018-08-02T16:30:27","date_gmt":"2018-08-02T13:30:27","guid":{"rendered":"http:\/\/localhost\/wordpress\/2018\/08\/02\/vatani-vazife-aziz-nesin\/"},"modified":"2024-04-27T13:11:46","modified_gmt":"2024-04-27T10:11:46","slug":"vatani-vazife-aziz-nesin","status":"publish","type":"post","link":"https:\/\/narteks.net\/index.php\/2018\/08\/02\/vatani-vazife-aziz-nesin\/","title":{"rendered":"Vatani Vazife | Aziz Nesin"},"content":{"rendered":"<p style=\"text-align: justify;\"><img loading=\"lazy\" decoding=\"async\" class=\"wp-image-7753 size-thumbnail alignleft\" src=\"http:\/\/narteks.net\/wp-content\/uploads\/aziznesin2-150x150.jpg\" alt=\"\" width=\"150\" height=\"150\" \/>Cezaevi dalgaland\u0131, haber b\u00fct\u00fcn ko\u011fu\u015flarda \u00e7alkaland\u0131:<br \/>\nYahu, Vazelin \u0130hsan enselenmi\u015f be&#8230;<br \/>\nDeme!<br \/>\nNamussuzum&#8230;<br \/>\nUlan, herif t\u00f6be etmi\u015fti bu dalgalara&#8230;<br \/>\nNe zamand\u0131r kahve i\u015fletiyordu.<br \/>\nBelki on sene var deli\u011fe girdi\u011fi yoktu. \u0130nanmay\u0131n, yaland\u0131r.<br \/>\nYalan de\u011fil arkada\u015f\u0131m, ak\u015fam postas\u0131nda Adliyeden getirmi\u015fler, kap\u0131 alt\u0131nda g\u00f6rd\u00fcm. Ha\u00admama girdi \u00e7\u0131kt\u0131 da, karantinaya soktular bile&#8230;<br \/>\nBak ulan bak bee..Herif hapisanenin yolunu unutmu\u015ftu, tutup getirdiler ha&#8230;<br \/>\nAbi, kim bu Vazelin \u0130hsan?<br \/>\nSiz onu tan\u0131mazs\u0131n\u0131z. Onun zaman\u0131na ye\u00adti\u015fmediniz. Ben Mehterhanenin s\u00fcbyan ko\u011fu\u015fundayken tan\u0131r\u0131m onu&#8230;<br \/>\nO zaman daha bu hapisane yap\u0131lmam\u0131\u015ft\u0131 bilem&#8230; Mehterhane vard\u0131, ann\u0131yo musun&#8230; Biz orada yatard\u0131k&#8230;<br \/>\n\u00c7ok h\u0131zl\u0131d\u0131r haaa, \u00fcst\u00fcne yoktur&#8230; Vazelin \u0130hsan&#8217;\u0131 on be\u015f g\u00fcn kald\u0131\u011f\u0131 karantina ko\u011fu\u015fundan, cezaevinin ikinci k\u0131s\u0131m ko\u011fu\u015flar\u0131ndan Dirine verdiler. B\u00fct\u00fcn ya\u015fl\u0131 sab\u0131kal\u0131lar, Vazelin \u0130hsan&#8217;\u0131 tan\u0131yorlard\u0131.<br \/>\nGe\u00e7mi\u015f olsun ihsan aabi&#8230;<br \/>\nHo\u015f geldin ihsan aabi&#8230;<br \/>\nHangi i\u015ften d\u00fc\u015ft\u00fcn \u0130hsan aabi?<br \/>\nKo\u011fu\u015f oca\u011f\u0131ndan \u00e7aylar i\u00e7ildi. Vazelin \u0130hsan \u00e7ay tepsisine, tam raconuyla bir y\u00fcz liral\u0131k att\u0131. Demli \u00e7aylar tazelendi.<br \/>\nVazelin ihsan nas\u0131l piyastos oldu\u011funu anlatmaya ba\u015flad\u0131. Beyler ko\u011fu\u015funun, zimmet su\u00e7undan sekiz y\u0131la h\u00fck\u00fcml\u00fc Nuri Bey&#8217;i, Vazelin Ihsan&#8217;\u0131n kar\u015f\u0131s\u0131ndayd\u0131. Ellisini a\u015fk\u0131n Vazelin \u0130hsan, \u00e7ev\u00adresinde sanki ba\u015fka hi\u00e7 kimse yokmu\u015f gibi, kar\u00ad\u015f\u0131s\u0131nda oturup sedef tesbih \u00e7eken, ayaklar\u0131 pan- tuflulu, vi\u015fne\u00e7\u00fcr\u00fc\u011f\u00fc renginde ropd\u00f6\u015fambrl\u0131 Nuri Bey&#8217;e anlat\u0131yordu.<br \/>\nNas\u0131l oldu bu i\u015f \u0130hsan Bey karde\u015fim?..<br \/>\nValla beyabi, \u015fimdi ne desem yalan, inanm\u0131yacaks\u0131n\u0131z&#8230; \u00c7\u00fcnk\u00fc, bu ba\u015f\u0131ma gelenlere, ben de inanam\u0131yorum. Bunca senedir bu yolda sa\u00e7\u0131m\u0131n k\u0131l\u0131n\u0131 a\u011fartt\u0131m, ann\u0131yo musun, b\u00f6\u00f6le bi dalga ba\u015f\u0131ma gelmemi\u015fti. \u015eimdi siz \u00abCamiden tutup getirmi\u015fler\u00bb diye alay edeceksiniz benimle ama, ondan beter namussuzum&#8230; Ben buraya bu seter vatan\u00ee vazife dolay\u0131siyle d\u00fc\u015ft\u00fcm, ann\u0131yo musun&#8230; Benim bi kahvem var, kahvecilik yapar\u0131m, ann\u0131yo musun&#8230; Big\u00fcn iki sivil geldi kahveye \u00abAz bi\u015fey M\u00fcd\u00fcriyete kadar geleceksin \u00bb dediler. Eski polisleri ben hep tan\u0131r\u0131m&#8230; Bunlar yeni yeti\u015fme, ann\u0131yo musun, ben tan\u0131m\u0131yorum&#8230; Ac\u0131 patl\u0131can yemedim ki karn\u0131m a\u011fr\u0131s\u0131n&#8230; Tabi\u00ee gittik beyabi&#8230; Bakt\u0131m, Tatl\u0131 Haydar&#8230; Bizim h\u0131zl\u0131 zaman\u0131m\u0131zda, ann\u0131yo musun, sivil polisti, \u015fimdi ba\u015fkomser olmu\u015f&#8230; G\u00f6z\u00fc biraz hafif \u015fehl\u00e2 oldu\u011fundan bayg\u0131n bayg\u0131n bakar da, ondan Tatl\u0131 Haydar derler&#8230; Yoksa, Allah inand\u0131rs\u0131n beyabi, Arnavut biberinden ac\u0131d\u0131r, ann\u0131yo musun&#8230; Tatl\u0131 Haydar&#8217;a, Bir emrin mi var aabi, beni emretmi\u015fsin&#8230; dedim. Buyur otur \u0130hsan dedi.<br \/>\n\u00abBuyur, otur!\u00bb diye yer g\u00f6sterdi\u011fine g\u00f6re, ba\u015fka bir dalgas\u0131 var. Yoksa benim bildi\u011fim Tatl\u0131 Haydar tekme sille, ana avrat giri\u015fir adama.<br \/>\nOturdum g\u00f6sterdi\u011fi yere,<br \/>\nAabi, biliyorsun, dedim, bana art\u0131k bu yollar kesik; ben t\u00f6be isl\u00e2h ettim, eski zenat\u0131 terkle-dim.<br \/>\nSenden istedi\u011fim bi\u015fey var, deyince ben bozuldum. Benden hi\u00e7bi istedi\u011fi olamaz. \u00c7\u00fcnk\u00fc ben son i\u015fimde, herkesin pay\u0131m hel\u00e2linden vermi\u015ftim de kendi pay\u0131mla da kahveyi a\u00e7m\u0131\u015ft\u0131m. Aaabi, dedim, biliyorsun, ben o voliyi vurdu\u011fum zaman herkesin hakk\u0131n\u0131 bi tamam \u00f6demi\u015ftim, eksik olma, sayende pa\u00e7am\u0131 kurtar\u0131p eski dalgalardan elimi aya\u011f\u0131m\u0131 \u00e7ekmi\u015ftim. Ge\u00e7mi\u015f hesap-lar m\u00fcruru zamana u\u011fray\u0131p kapand\u0131, \u015fimdi benden ne istiyorsun?<br \/>\nBen b\u00f6yle nezaket dairesinde diklenince, Eski hesaplar kapand\u0131, \u015fimdi o defterleri a\u00e7ma! dedi, benim seni buraya \u00e7a\u011f\u0131rmam\u0131n sebe bi \u015fu ki, sen \u015fimdi memlekete vatan\u00ee vazife yapa caks\u0131n. Bizim bildi\u011fimiz vatan\u00ee vazife nedir beyabi; askerlik dii mi? Tamam! Demek beni askerlik dal\u00adgas\u0131 i\u00e7in \u00e7a\u011f\u0131rtm\u0131\u015flar.<br \/>\nTatl\u0131 Haydar&#8217;a, Aman aabi, dedim, aya\u011f\u0131n\u0131 \u00f6peyim, ben bu vatan\u00ee vazifeyi bahriyede yapt\u0131m, hem de tama m\u0131 tamam\u0131na alt\u0131 sene. Kas\u0131mpa\u015fa Divanhane sinin camialt\u0131nda hapis yatt\u0131\u011f\u0131m aylan da hesaba katm\u0131yorum. \u00c7ok firarl\u0131 oldu\u011fumdan, Allah\u0131ma \u015f\u00fck\u00fcr, alt\u0131 senede vatan\u00ee vazifemi bitirdim. Ya\u015f elliyi ge\u00e7ti aabi, \u015fimdi benden daha ne vatan\u00ee vazifesi istiyorsunuz?<br \/>\nBen b\u00f6yle s\u00f6yleyince, ann\u0131yo musun, Tatl\u0131 Haydar bana bi kahve s\u00f6yledi, bi de c\u0131gara verdi. Ossaat \u00e7ak\u0131z oldum, ann\u0131yo musun; bunlar benden, vatan\u00ee vazife dalgas\u0131ynan, zarlar\u0131na bakmam\u0131 istiyorlar. Benim kahve oca\u011f\u0131 i\u015fliyor ya, herkesin g\u00f6z\u00fc bende&#8230;<br \/>\nAabi, dedim, vatan\u00ee vazife diyerekten ba\u015f ka bi emrin varsa, a\u00e7\u0131k et, buyur, canba\u015f\u00fcst\u00fcne&#8230;<br \/>\nKahve oca\u011f\u0131 benim de\u011fil, senin&#8230;<br \/>\nTatl\u0131 Haydar, Sen yanl\u0131\u015f anlad\u0131n, dedi, bu seferki vatan\u00ee vazife askerlik i\u015fi de\u011fil, ba\u015fka bi i\u015f&#8230; Bu bir memleket vazifesi&#8230; Sen simdi, memleketimizin ve de h\u00fck\u00fcmetimizin y\u00fcz\u00fcn\u00fc akedeceksin evelal-lah&#8230; H\u00fck\u00fcmetimizin sana gayetle ihtiyac\u0131 var ki, anlat\u0131l\u0131r gibi de\u011fil&#8230;<br \/>\nAman aabi, dedim, benimle k\u0131yak dalga ge\u00e7iyorsun, kurban olay\u0131m aabi, ben kimim ki, koca bi h\u00f6k\u00fbmat benim gibi bir eski yankesici par\u00e7as\u0131na muhta\u00e7 kals\u0131n!<br \/>\nTatl\u0131 Haydar, H\u00fck\u00fcmettir bu, dedi, h\u00fck\u00fcmetin i\u015fi hi\u00e7 belli olmaz, s\u0131ras\u0131 gelir, her bir vatanda\u015f\u0131na muhta\u00e7 olur. Simdi sen de bir vatanda\u015f olaraktan, h\u00fck\u00fcmet senden bir vatan\u00ee vazife bekliyor.<br \/>\nBuyur aabi, dedim, madem i\u015fin i\u00e7inde vatan dalgas\u0131 var, ann\u0131yo musun, boynum k\u0131ldan ince, \u00f6l de \u00f6leyim&#8230;<br \/>\nBunun \u00fczerine beyaabi, Tatl\u0131 Haydar bize durum vaziyetini a\u00e7\u0131k etti.<br \/>\nEfendime s\u00f6yliyeyim, ann\u0131yo musun, bizim memlekete gayetle kalabal\u0131k bi ecnebiye heyeti gelmi\u015f. Bunlar\u0131n i\u00e7inde Amerikan, Alaman, Dani- markadan, Fransiyadan her bi yandan adam varm\u0131\u015f&#8230; Ondan sonra, t\u00fcccar\u0131, doktoru, m\u00fcvendizi, porofes\u00fcr\u00fc, her bi \u00e7e\u015fit adam varm\u0131\u015f i\u00e7inde&#8230; Bunlar bizim memleketin her bi yan\u0131n\u0131 inceliyorlarm\u0131\u015f da ona g\u00f6re h\u00fck\u00fcmete mang\u0131r yard\u0131m\u0131na gelmi\u015fler, ann\u0131yo musun&#8230; Vel\u00e2kin, bu heyet her nereye gitmi\u015fse, bizim i\u015flerin hi\u00e7birinden memnun kalmam\u0131\u015f. Orman demi\u015fler, orman i\u015fimizi be\u011fenmemi\u015fler, ann\u0131yo musun&#8230; Fabrika demi\u015fler, fabrika i\u015flerimizi be\u011fenmemi\u015fler, ann\u0131yo musun&#8230; Bunun \u00fczerine h\u00fck\u00fcmet \u00e7ok fena bi halde mahcup kalm\u0131\u015f ecnebiyyeye kar\u015f\u0131&#8230;<br \/>\nH\u00fck\u00fcmet demi\u015f ki, aman demi\u015f, biz bu ecnebiye heyetine bi\u015fiyimizi be\u011fendirelim, demi\u015f&#8230;<br \/>\nBunlar\u0131 Tatl\u0131 Haydar bana anlatt\u0131ktan sonra, \u00ee\u015fte, dedi, \u015fimdi i\u015f sana d\u00fc\u015f\u00fcyor \u00eehsan&#8217;-c\u0131m; bu bir vatan\u00ee vazifedir.<br \/>\nBenim anlad\u0131\u011f\u0131m kadar\u0131, bizim h\u00fck\u00fcmet bu ecnebiye heyetine hi\u00e7bi\u015fey be\u011fendiremeyince, de\u00admek bi de h\u0131rs\u0131zlar\u0131m\u0131z\u0131 g\u00f6r\u00fcn deme\u011fe getiriyor ki, bana i\u015f d\u00fc\u015f\u00fcyor&#8230;<br \/>\nTatl\u0131 Haydar&#8217;a, \u00c7akt\u0131m aabi, dedim, bizde gayet h\u0131zl\u0131 h\u0131r s\u0131zl\u0131k oldu\u011funu g\u00f6sterece\u011fiz yani ki, ecnebiye he yeti de \u00abHerbi\u015fiy k\u00f6t\u00fcyse de h\u0131rs\u0131zl\u0131klar\u0131 gayet-nen kuvvetli\u00bb desinler ve de h\u0131rs\u0131zl\u0131\u011f\u0131m\u0131zdan mem nun kals\u0131nlar&#8230;<br \/>\nA\u015fa\u011f\u0131 yukar\u0131 \u00f6yle bi\u015fiy, dedi, \u015fimdi biz bu adamlara bizde polisin \u00e7ok kuvvetli oldu\u011funu, \u00e7ok iyi \u00e7al\u0131\u015ft\u0131\u011f\u0131n\u0131 isbat edece\u011fiz.<br \/>\nBiraz zor aabi&#8230; dedim.<br \/>\nEvet, zor&#8230; dedi, biz de seni onun i\u00e7in \u00e7a\u011f\u0131rd\u0131k ya&#8230; Sen \u015fimdi bize eski bir sab\u0131kal\u0131 olarak, naml\u0131 bir yankesici olarak, usta bir h\u0131rs\u0131z olarak yard\u0131m edeceksin ve de vatan\u00ee vazife yapacaks\u0131n&#8230;<br \/>\nTatl\u0131 Haydar&#8217;\u0131n l\u00e2flar\u0131ndan iyice akl\u0131m kar\u0131\u015ft\u0131 benim.<br \/>\nNe gibi yani aabi? dedim.<br \/>\nA\u00e7\u0131k etti. Bana heyetin kald\u0131\u011f\u0131 oteli g\u00f6sterecek. Heyetin adamlar\u0131n\u0131 tan\u0131tacak, ann\u0131yo musun&#8230; Ben de heyet adamlar\u0131n\u0131 \u00e7arpaca\u011f\u0131m, Allah ne verdiyse \u00fcstlerindekileri y\u00fcr\u00fctece\u011fim, ann\u0131yo musun&#8230; Tabi\u00ee herifler \u00abVay yand\u0131m&#8230;\u00bb diyerekten bizim polise gidecekler. Bizim polis de onlara \u00abHi\u00e7 merak etmeyin, bizde polislik gayetnen kuvvetlidir, \u015fimdi be\u015f dakkada \u015f\u0131p diye enseleriz!\u00bb diyecekler, ann\u0131yo musun&#8230; Ben heriflerden \u00e7arpt\u0131\u011f\u0131m\u0131 getirip polise verece\u011fimden, \u00e7al\u0131nan mal\u0131n\u0131 adama verip \u00abBuyrun, i\u015fte mal\u0131n\u0131z!\u00bb diyecekler. Onlar da, ann\u0131yo musun, vay anas\u0131n\u0131 amma da polis be&#8230; diye ap\u0131\u015facak enayiler!<br \/>\nNah \u015fu nimet g\u00f6z\u00fcme dursun aabi, Tatl\u0131 Hay\u00addar&#8217;a,<br \/>\nYapamam aabi, dedim.<br \/>\nNeden? dedi.<br \/>\nBi kerem, dedim, ben bu zenat\u0131 terkliyeli \u00e7ok oldu, antrenman\u0131m yok bir&#8230;<br \/>\nAnlamam, arakl\u0131yacaks\u0131n&#8230; dedi.<br \/>\nT\u00f6be ettim, iki&#8230; dedim.<br \/>\nTavuk g\u00f6t\u00fc t\u00f6vbe tutmaz o\u011flum \u0130hsan&#8230; dedi.<br \/>\nYeni bitme gayetnen h\u0131zl\u0131 yankesiciler var aabi, bu vatan\u00ee vazifeyi onlara verseniz daha k\u0131yak olur&#8230; dedim.<br \/>\nYeni yetmelerin s\u00fct\u00fc bozuk oluyor, dedi, onlara hi\u00e7 g\u00fcvenemeyiz. \u00c7\u00fcnk\u00fc herifler \u00e7arpar, soyar, sonra mal\u0131 getirmez bize, t\u00fcyerler&#8230; Art\u0131k i\u015fin yoksa ara dur&#8230; Heriflere polisi be\u011fendirelim derken, bir de \u00fcstelik rezil oluruz. Bize senin gibi namuslu bir h\u0131rs\u0131z l\u00e2z\u0131m!<br \/>\nAffet aabi, aya\u011f\u0131m \u00f6peyim aabi, yapamam aabi&#8230; dedimse de,<br \/>\nSen bilirsin \u00eehsan, dedi, bak benden g\u00fcnah gitti, sen bu vatan\u00ee vazifeyi yapmazsan, kahvene bask\u0131n verece\u011fim. Senin kahvede \u00abkeriz\u00bb oldu\u011funu biliyoruz, \u00abnefes\u00bb satt\u0131rd\u0131\u011f\u0131n\u0131 biliyoruz&#8230; D\u00fc\u015f\u00fcn art\u0131k, sen bilirsin&#8230;<br \/>\nBakt\u0131m yollar kesik, mecbur\u00ee kabul ettim.<br \/>\nYaln\u0131z aabi, dedim, mang\u0131rs\u0131z olmaz vata n\u00ee bir vazife&#8230; Ben araklad\u0131\u011f\u0131m\u0131 getirip verdim di yelim, biz ne anl\u0131yaca\u011f\u0131z bu i\u015ften?<br \/>\nTatl\u0131 Haydar k\u0131z\u0131p da,<br \/>\nVatan\u00ee vazife dedik sana, utanm\u0131yor muslin para istemeye? diye ba\u011f\u0131r\u0131nca,<br \/>\nAabi k\u0131zma, dedim, bak mesel\u00e2 sen de polislik ederek vatan\u00ee vazife yap\u0131yorsun, ama, aydan aya mang\u0131r\u0131n\u0131 da al\u0131yorsun. Mang\u0131r\u0131n\u0131 almasa mesel\u00e2, milletvekilleri vatan\u00ee vazifelerini yapar m\u0131? Arkada\u015fl\u0131k ba\u015fka, vazife ba\u015fka&#8230; i\u015f ba\u015fka, \u015faka ba\u015fka&#8230; Din i\u015fleri ba\u015fka, d\u00fcnya i\u015fleri ba\u015fka&#8230; Vatan\u00ee vazife ba\u015fka, mang\u0131r dalgas\u0131 ba\u015fka&#8230;<br \/>\nPeki, dedi, madem \u00f6yle, kahvende serbestsin, her istedi\u011fini yapars\u0131n&#8230; Yaln\u0131z, unutma, \u00abheyetten birinden bi\u015fey araklad\u0131n m\u0131, hi\u00e7 vakit kaybetmeden hemen buraya damla ki, biz de adamlara, \u00e7al\u0131nan mal\u0131n\u0131 \u015f\u0131p diye bulmu\u015fuz gibi, geri verelim.<br \/>\nOlur aabi&#8230;<br \/>\nBana ecnebiye heyetin kald\u0131\u011f\u0131 otelin adresini verdi, adamlar\u0131n e\u015fk\u00e2lini de anlat\u0131p resimlerini g\u00f6sterdi, Haydi Allah rastgetire&#8230; G\u00f6reyim \u0130hsan, b\u00fct\u00fcn \u00fcmit sende. Heyetin Ba\u015fkan\u0131n\u0131 \u00e7arpabil\u00eersen daha da iyi&#8230; G\u00fcle g\u00fcle&#8230; dedi.<br \/>\nBeyabi, bizim i\u00e7in bu i\u015fler lokum yemekten kolay&#8230; Otelin \u00f6n\u00fcne durdum, dikize ge\u00e7tim. Ak\u015fama do\u011fru bunlar \u00e7\u0131kt\u0131. Elimdeki resimlere bakt\u0131m, tamam, heyetin reizi, madamas\u0131 da yan\u0131nda&#8230;<br \/>\nReizi bi g\u00f6\u011f\u00fcsledim, g\u00f6\u011f\u00fcslememle \u00e7ar\u0131\u011f\u0131n yerini \u015favullad\u0131m. Tamam diyorum sana&#8230; \u0130kinci g\u00f6\u011f\u00fcslemede \u00e7arpt\u0131m, tam ald\u0131m \u00e7ar\u0131\u011f\u0131&#8230; Demek zenat\u0131 unutmam\u0131\u015f\u0131z. Hemen voltam\u0131 ald\u0131m, do\u011fru Taksim&#8217;deki umum\u00ee helalara&#8230; \u00c7ar\u0131\u011f\u0131 a\u00e7t\u0131m beyabi, i\u00e7i silme g\u00e2vur paras\u0131&#8230; Allah seni inand\u0131rs\u0131n, \u015feytana uymad\u0131m, i\u00e7inden bi kapik almadan, ann\u0131yo musun, g\u00f6t\u00fcrd\u00fcm m\u00fcd\u00fcriyete&#8230; Tatl\u0131 Haydar beni g\u00f6r\u00fcnce,<br \/>\nNerdesin be karda\u015f\u0131m&#8230; diyerek boynuma sar\u0131ld\u0131. \u00c7ar\u0131\u011f\u0131 verince, aln\u0131mdan \u00f6pt\u00fc,<br \/>\nUlan a\u015fkolsun, \u015ferefimizi kurtard\u0131n&#8230; dedi.<br \/>\nEcnebiye heyetinin reizi de, aman c\u00fczdan gitti diyerek be\u015f dakka \u00f6nce gelmi\u015f&#8230; \u00abHi\u00e7 merak etme, yarma kalmaz buluruz, bizde polis gayetnen kuvvetlidir\u00bb demi\u015fler. Tatl\u0131 Haydar&#8217;a, Vatan\u00ee vazifemi yapt\u0131m, hadi bana eyvallah&#8230; dedim.<br \/>\nAman dur, dedi, bu bi kereylen olmaz, durmadan \u00e7arpacaks\u0131n herifleri&#8230;<br \/>\nAabi, yapma, elim al\u0131\u015facak, sonra kendimi tutamam&#8230; dedimse de dinletemedim, ann\u0131yo mu\u00adsun. ..<br \/>\nBa\u015flad\u0131m ben bu ecnebiye heyeti adamlar\u0131n\u0131 \u00e7arpmaya&#8230; Hele bikerem, heyetten birinin b\u00fct\u00fcn ceplerini bo\u015faltt\u0131m&#8230; \u00c7ar\u0131\u011f\u0131 b\u0131rak efendi, herifin anahtarlar\u0131n\u0131, mendilini, \u00e7akma\u011f\u0131n\u0131, c\u0131garas\u0131n\u0131, pantalon cebindeki bozuk paralar\u0131, ceket yakas\u0131ndaki rozeti ald\u0131m, enayi h\u00e2l\u00e2 uyuyor.<br \/>\nBeyabi, herifin patalonunu aya\u011f\u0131ndan s\u00f6k\u00fcp alsam, ruhu duymayacak&#8230; Ondan sonra, kendi kendime ulan \u00eehsan dedim, ann\u0131yo musun, \u015fu herifin s\u00f6k d\u00fc\u011fmelerini&#8230; Adam\u0131n elbisesinde d\u00fc\u011fme b\u0131rakmad\u0131m.<br \/>\nVerdim, Kazanc\u0131 Yoku\u015fundan a\u015fa\u011f\u0131&#8230; Do\u011fru M\u00fcd\u00fcriyet&#8230; Tatl\u0131 Haydar&#8217;\u0131n \u00f6n\u00fcne mal\u0131 y\u0131\u011fd\u0131m. Aferin ulan \u0130hsan, g\u00f6z\u00fcme girdin, sana bu yollar hel\u00e2l&#8230; dedi.<br \/>\nAabi, dedim, heriif otelin \u00f6n\u00fcnde hamama girmi\u015f gibi \u00e7\u0131plak b\u0131rakacakt\u0131m, ama ac\u0131d\u0131m fukaraya.. . Uzatm\u0131yal\u0131m beyabi, ben bunlar\u0131n erke\u011fini, kar\u0131s\u0131n\u0131 onbe\u015f g\u00fcn s\u00f6v\u00fc\u015fledim. Evelallah, operat\u00f6r doktor ameliyat\u0131 gibi, ben bunlar\u0131n ci\u011ferini s\u00f6ker y\u00fcr\u00fct\u00fcr\u00fcm de, r\u00f6ntgene girmezlerse haberleri bile olmaz, ann\u0131yo musun, ci\u011fersiz ya\u015far enayiler.<br \/>\nTatl\u0131 Haydar&#8217;a,<br \/>\nAabi, izin ver, \u015fu ecnebiye heyeti reizinin ci\u011fer ve dalak tak\u0131m\u0131n\u0131 ameliyat edeyim&#8230; dedim. G\u00fcl\u00fcyor Tatl\u0131 Haydar&#8230; Sonra beyabi, heyette bi de kar\u0131 var affedersin, ben bu kar\u0131n\u0131n elindeki \u00e7antas\u0131n\u0131 a\u00e7\u0131p, i\u00e7indekileri s\u00f6v\u00fc\u015fledim. G\u00f6t\u00fcr\u00fcp Tatl\u0131 Haydar&#8217;a verdim. Vel\u00e2kin, kad\u0131n gelip de polise, benim bi\u015feyim \u00e7al\u0131nd\u0131 demiyo&#8230; Bunun \u00fczerine, ecnebiye lisan\u0131 bilen bi polis a\u00e7t\u0131 telefonu bunlara,<br \/>\nAcaba bi\u015feyiniz \u00e7al\u0131nd\u0131 m\u0131? diyerekten sordu.<br \/>\n\u00c7al\u0131nmad\u0131&#8230; demi\u015fler. Polis de,<br \/>\n\u0130yice aray\u0131n her yan\u0131n\u0131z\u0131, \u00e7al\u0131nm\u0131\u015f olmas\u0131 l\u00e2z\u0131m&#8230; demi\u015f.<br \/>\n\u0130yice aran\u0131nca, ,<br \/>\nEvet, bizden bir han\u0131m\u0131n \u00e7antas\u0131 bo\u015falm\u0131\u015f&#8230; demi\u015fler.<br \/>\n\u00c7antada pembe bir bez var m\u0131yd\u0131? demi\u015f.<br \/>\nEvet vard\u0131&#8230; Ama siz nerden biliyorsunuz? demi\u015fler. ,<br \/>\nBizde polis gayet kuvvetlidir, biz biliriz demi\u015f.<br \/>\nSen \u015fu bizim polisin kuvvetine bak beyabi, mal\u0131n sahibine, daha mal\u0131 \u00e7al\u0131nmadan, senin mal\u0131n\u0131 \u00e7alacak h\u0131rs\u0131z\u0131 yakalad\u0131m, diye haber verecek&#8230; Heyet giderken, bizim gazeteciler,<br \/>\nEn \u00e7ok neyimizi be\u011fendiniz? diye sormu\u015flar. Ecnebiye heyetinin reizi, terbiye icab\u0131 cevap vermeyince, gazetecinin biri l\u00e2fa \u00e7anak tutup, Bizde polis \u00e7ok kuvvetlidir&#8230; demi\u015f. Adam da bunun \u00fczerine dayanamay\u0131p,<br \/>\nBiz dokuz ki\u015fiyiz, \u0130stanbul&#8217;da onbe\u015f g\u00fcn kald\u0131k, her birimiz doksan kere soyulduk&#8230; Sizde polis kuvvetli ama, h\u0131rs\u0131zlar polisten daha kuvvetli&#8230; demi\u015f.<br \/>\nAdam\u0131n bu l\u00e2f\u0131 gazetelerde \u00e7\u0131kt\u0131 m\u0131: Ecnebiye heyeti reizi, T\u00fcrkiye&#8217;de h\u0131rs\u0131zl\u0131k \u00e7ok kuvvetli ve geli\u015fmi\u015f, dedi.<br \/>\nBenim bunda kabahatim var m\u0131, aya\u011f\u0131n\u0131n alt\u0131n\u0131 \u00f6peyim&#8230; Bizimkiler k\u0131zm\u0131\u015f buna. Vayy&#8230; En\u00adselediler mi beni&#8230; Yahu, arakla dediniz araklad\u0131m. Vatan\u00ee vazife dediniz, ann\u0131yo musun, eyvallah dedik&#8230; Beni piyastos ettiler. Tatl\u0131 Haydar&#8217;a,<br \/>\nBen bu dalgay\u0131 anlat\u0131r\u0131m h\u00e2kime&#8230; dedim.<br \/>\nUlan, b\u00f6yle bi\u015fey yaparsan, faili me\u00e7hul y\u00fcz h\u0131rs\u0131zl\u0131k var, hepsini y\u0131kar\u0131m \u00fcst\u00fcne, bir de itiraf ettirip zab\u0131t tutar\u0131m, bin sene \u00e7\u0131kamazs\u0131n kodesten&#8230; dedi.<br \/>\nTamam m\u0131 beyabi, ben mahkemede dut yemi\u015f b\u00fclb\u00fcl&#8230; Yedik iki sene cezay\u0131 ann\u0131yo musun&#8230; Vazelin Ihsan&#8217;\u0131 dinleyenlerden biri,<\/p>\n<p style=\"text-align: justify;\">Sen iki sene cezay\u0131 peynir ekmek gibi yer sin aabi, dedi, sa\u011f yan\u0131ndan sol yan\u0131na d\u00f6n\u00fcnceye kadar iki sene ge\u00e7er.<br \/>\nVazelin \u0130hsan,<br \/>\nOras\u0131 \u00f6yle, dedi, vel\u00e2kin bu ya\u015ftan sonra koyuyor adama&#8230; Bereket versin, yaln\u0131z bi i\u015ften mahkemeye verdiler de, iki seneyle kurtuldum. Kendi pay\u0131ma ben vazifemi yapt\u0131m, vatan sa\u011folsun&#8230;<\/p>\n","protected":false},"excerpt":{"rendered":"<p>Cezaevi dalgaland\u0131, haber b\u00fct\u00fcn ko\u011fu\u015flarda \u00e7alkaland\u0131: Yahu, Vazelin \u0130hsan enselenmi\u015f be&#8230; Deme! Namussuzum&#8230; Ulan, herif t\u00f6be etmi\u015fti bu dalgalara&#8230; Ne zamand\u0131r kahve i\u015fletiyordu. Belki on sene var deli\u011fe girdi\u011fi yoktu. \u0130nanmay\u0131n, yaland\u0131r. Yalan de\u011fil arkada\u015f\u0131m, ak\u015fam postas\u0131nda Adliyeden getirmi\u015fler, kap\u0131 alt\u0131nda g\u00f6rd\u00fcm. Ha\u00admama girdi \u00e7\u0131kt\u0131 da, karantinaya soktular bile&#8230; Bak ulan bak bee..Herif hapisanenin yolunu [&hellip;]<\/p>\n","protected":false},"author":1,"featured_media":0,"comment_status":"open","ping_status":"open","sticky":false,"template":"","format":"standard","meta":{"footnotes":""},"categories":[114],"tags":[],"class_list":["post-7085","post","type-post","status-publish","format-standard","category-turkiye-den-oykuler"],"yoast_head":"<!-- This site is optimized with the Yoast SEO Premium plugin v24.9 (Yoast SEO v24.9) - https:\/\/yoast.com\/wordpress\/plugins\/seo\/ -->\n<title>Vatani Vazife | Aziz Nesin - narteks.net<\/title>\n<meta name=\"robots\" content=\"index, follow, max-snippet:-1, max-image-preview:large, max-video-preview:-1\" \/>\n<link rel=\"canonical\" href=\"https:\/\/narteks.net\/index.php\/2018\/08\/02\/vatani-vazife-aziz-nesin\/\" \/>\n<meta property=\"og:locale\" content=\"tr_TR\" \/>\n<meta property=\"og:type\" content=\"article\" \/>\n<meta property=\"og:title\" content=\"Vatani Vazife | Aziz Nesin\" \/>\n<meta property=\"og:description\" content=\"Cezaevi dalgaland\u0131, haber b\u00fct\u00fcn ko\u011fu\u015flarda \u00e7alkaland\u0131: Yahu, Vazelin \u0130hsan enselenmi\u015f be&#8230; Deme! Namussuzum&#8230; Ulan, herif t\u00f6be etmi\u015fti bu dalgalara&#8230; Ne zamand\u0131r kahve i\u015fletiyordu. Belki on sene var deli\u011fe girdi\u011fi yoktu. \u0130nanmay\u0131n, yaland\u0131r. Yalan de\u011fil arkada\u015f\u0131m, ak\u015fam postas\u0131nda Adliyeden getirmi\u015fler, kap\u0131 alt\u0131nda g\u00f6rd\u00fcm. Ha\u00admama girdi \u00e7\u0131kt\u0131 da, karantinaya soktular bile&#8230; Bak ulan bak bee..Herif hapisanenin yolunu [&hellip;]\" \/>\n<meta property=\"og:url\" content=\"https:\/\/narteks.net\/index.php\/2018\/08\/02\/vatani-vazife-aziz-nesin\/\" \/>\n<meta property=\"og:site_name\" content=\"narteks.net\" \/>\n<meta property=\"article:published_time\" content=\"2018-08-02T13:30:27+00:00\" \/>\n<meta property=\"article:modified_time\" content=\"2024-04-27T10:11:46+00:00\" \/>\n<meta property=\"og:image\" content=\"http:\/\/narteks.net\/wp-content\/uploads\/aziznesin2-150x150.jpg\" \/>\n<meta name=\"author\" content=\"Tar\u0131k\" \/>\n<meta name=\"twitter:card\" content=\"summary_large_image\" \/>\n<meta name=\"twitter:creator\" content=\"@narteks\" \/>\n<meta name=\"twitter:site\" content=\"@narteks\" \/>\n<meta name=\"twitter:label1\" content=\"Yazan:\" \/>\n\t<meta name=\"twitter:data1\" content=\"Tar\u0131k\" \/>\n\t<meta name=\"twitter:label2\" content=\"Tahmini okuma s\u00fcresi\" \/>\n\t<meta name=\"twitter:data2\" content=\"13 dakika\" \/>\n<script type=\"application\/ld+json\" class=\"yoast-schema-graph\">{\"@context\":\"https:\/\/schema.org\",\"@graph\":[{\"@type\":\"Article\",\"@id\":\"https:\/\/narteks.net\/index.php\/2018\/08\/02\/vatani-vazife-aziz-nesin\/#article\",\"isPartOf\":{\"@id\":\"https:\/\/narteks.net\/index.php\/2018\/08\/02\/vatani-vazife-aziz-nesin\/\"},\"author\":{\"name\":\"Tar\u0131k\",\"@id\":\"https:\/\/narteks.net\/#\/schema\/person\/61f37d9834294b72d31d274e7ed79bca\"},\"headline\":\"Vatani Vazife | Aziz Nesin\",\"datePublished\":\"2018-08-02T13:30:27+00:00\",\"dateModified\":\"2024-04-27T10:11:46+00:00\",\"mainEntityOfPage\":{\"@id\":\"https:\/\/narteks.net\/index.php\/2018\/08\/02\/vatani-vazife-aziz-nesin\/\"},\"wordCount\":2550,\"commentCount\":0,\"publisher\":{\"@id\":\"https:\/\/narteks.net\/#organization\"},\"image\":{\"@id\":\"https:\/\/narteks.net\/index.php\/2018\/08\/02\/vatani-vazife-aziz-nesin\/#primaryimage\"},\"thumbnailUrl\":\"http:\/\/narteks.net\/wp-content\/uploads\/aziznesin2-150x150.jpg\",\"articleSection\":[\"T\u00fcrkiye'den \u00d6yk\u00fcler\"],\"inLanguage\":\"tr\",\"potentialAction\":[{\"@type\":\"CommentAction\",\"name\":\"Comment\",\"target\":[\"https:\/\/narteks.net\/index.php\/2018\/08\/02\/vatani-vazife-aziz-nesin\/#respond\"]}]},{\"@type\":\"WebPage\",\"@id\":\"https:\/\/narteks.net\/index.php\/2018\/08\/02\/vatani-vazife-aziz-nesin\/\",\"url\":\"https:\/\/narteks.net\/index.php\/2018\/08\/02\/vatani-vazife-aziz-nesin\/\",\"name\":\"Vatani Vazife | Aziz Nesin - narteks.net\",\"isPartOf\":{\"@id\":\"https:\/\/narteks.net\/#website\"},\"primaryImageOfPage\":{\"@id\":\"https:\/\/narteks.net\/index.php\/2018\/08\/02\/vatani-vazife-aziz-nesin\/#primaryimage\"},\"image\":{\"@id\":\"https:\/\/narteks.net\/index.php\/2018\/08\/02\/vatani-vazife-aziz-nesin\/#primaryimage\"},\"thumbnailUrl\":\"http:\/\/narteks.net\/wp-content\/uploads\/aziznesin2-150x150.jpg\",\"datePublished\":\"2018-08-02T13:30:27+00:00\",\"dateModified\":\"2024-04-27T10:11:46+00:00\",\"breadcrumb\":{\"@id\":\"https:\/\/narteks.net\/index.php\/2018\/08\/02\/vatani-vazife-aziz-nesin\/#breadcrumb\"},\"inLanguage\":\"tr\",\"potentialAction\":[{\"@type\":\"ReadAction\",\"target\":[\"https:\/\/narteks.net\/index.php\/2018\/08\/02\/vatani-vazife-aziz-nesin\/\"]}]},{\"@type\":\"ImageObject\",\"inLanguage\":\"tr\",\"@id\":\"https:\/\/narteks.net\/index.php\/2018\/08\/02\/vatani-vazife-aziz-nesin\/#primaryimage\",\"url\":\"https:\/\/narteks.net\/wp-content\/uploads\/aziznesin2.jpg\",\"contentUrl\":\"https:\/\/narteks.net\/wp-content\/uploads\/aziznesin2.jpg\",\"width\":750,\"height\":422},{\"@type\":\"BreadcrumbList\",\"@id\":\"https:\/\/narteks.net\/index.php\/2018\/08\/02\/vatani-vazife-aziz-nesin\/#breadcrumb\",\"itemListElement\":[{\"@type\":\"ListItem\",\"position\":1,\"name\":\"Anasayfa\",\"item\":\"https:\/\/narteks.net\/\"},{\"@type\":\"ListItem\",\"position\":2,\"name\":\"Vatani Vazife | Aziz Nesin\"}]},{\"@type\":\"WebSite\",\"@id\":\"https:\/\/narteks.net\/#website\",\"url\":\"https:\/\/narteks.net\/\",\"name\":\"narteks.net\",\"description\":\"K\u00fclt\u00fcr Sanat Edebiyat Felsefe\",\"publisher\":{\"@id\":\"https:\/\/narteks.net\/#organization\"},\"alternateName\":\"K\u00fclt\u00fcr Sanat Edebiyat Felsefe\",\"potentialAction\":[{\"@type\":\"SearchAction\",\"target\":{\"@type\":\"EntryPoint\",\"urlTemplate\":\"https:\/\/narteks.net\/?s={search_term_string}\"},\"query-input\":{\"@type\":\"PropertyValueSpecification\",\"valueRequired\":true,\"valueName\":\"search_term_string\"}}],\"inLanguage\":\"tr\"},{\"@type\":\"Organization\",\"@id\":\"https:\/\/narteks.net\/#organization\",\"name\":\"narteks.net\",\"url\":\"https:\/\/narteks.net\/\",\"logo\":{\"@type\":\"ImageObject\",\"inLanguage\":\"tr\",\"@id\":\"https:\/\/narteks.net\/#\/schema\/logo\/image\/\",\"url\":\"https:\/\/narteks.net\/wp-content\/uploads\/narteks.png\",\"contentUrl\":\"https:\/\/narteks.net\/wp-content\/uploads\/narteks.png\",\"width\":300,\"height\":90,\"caption\":\"narteks.net\"},\"image\":{\"@id\":\"https:\/\/narteks.net\/#\/schema\/logo\/image\/\"},\"sameAs\":[\"https:\/\/x.com\/narteks\",\"https:\/\/instagram.com\/narteksnet\"]},{\"@type\":\"Person\",\"@id\":\"https:\/\/narteks.net\/#\/schema\/person\/61f37d9834294b72d31d274e7ed79bca\",\"name\":\"Tar\u0131k\",\"image\":{\"@type\":\"ImageObject\",\"inLanguage\":\"tr\",\"@id\":\"https:\/\/narteks.net\/#\/schema\/person\/image\/\",\"url\":\"https:\/\/secure.gravatar.com\/avatar\/50865afb55632c4ae467e0af0930f6510aa2297d8014be502a55b14f3b7550cf?s=96&d=mm&r=g\",\"contentUrl\":\"https:\/\/secure.gravatar.com\/avatar\/50865afb55632c4ae467e0af0930f6510aa2297d8014be502a55b14f3b7550cf?s=96&d=mm&r=g\",\"caption\":\"Tar\u0131k\"},\"sameAs\":[\"http:\/\/narteks.net\"],\"url\":\"https:\/\/narteks.net\/index.php\/author\/narbak\/\"}]}<\/script>\n<!-- \/ Yoast SEO Premium plugin. -->","yoast_head_json":{"title":"Vatani Vazife | Aziz Nesin - narteks.net","robots":{"index":"index","follow":"follow","max-snippet":"max-snippet:-1","max-image-preview":"max-image-preview:large","max-video-preview":"max-video-preview:-1"},"canonical":"https:\/\/narteks.net\/index.php\/2018\/08\/02\/vatani-vazife-aziz-nesin\/","og_locale":"tr_TR","og_type":"article","og_title":"Vatani Vazife | Aziz Nesin","og_description":"Cezaevi dalgaland\u0131, haber b\u00fct\u00fcn ko\u011fu\u015flarda \u00e7alkaland\u0131: Yahu, Vazelin \u0130hsan enselenmi\u015f be&#8230; Deme! Namussuzum&#8230; Ulan, herif t\u00f6be etmi\u015fti bu dalgalara&#8230; Ne zamand\u0131r kahve i\u015fletiyordu. Belki on sene var deli\u011fe girdi\u011fi yoktu. \u0130nanmay\u0131n, yaland\u0131r. Yalan de\u011fil arkada\u015f\u0131m, ak\u015fam postas\u0131nda Adliyeden getirmi\u015fler, kap\u0131 alt\u0131nda g\u00f6rd\u00fcm. Ha\u00admama girdi \u00e7\u0131kt\u0131 da, karantinaya soktular bile&#8230; Bak ulan bak bee..Herif hapisanenin yolunu [&hellip;]","og_url":"https:\/\/narteks.net\/index.php\/2018\/08\/02\/vatani-vazife-aziz-nesin\/","og_site_name":"narteks.net","article_published_time":"2018-08-02T13:30:27+00:00","article_modified_time":"2024-04-27T10:11:46+00:00","og_image":[{"url":"http:\/\/narteks.net\/wp-content\/uploads\/aziznesin2-150x150.jpg","type":"","width":"","height":""}],"author":"Tar\u0131k","twitter_card":"summary_large_image","twitter_creator":"@narteks","twitter_site":"@narteks","twitter_misc":{"Yazan:":"Tar\u0131k","Tahmini okuma s\u00fcresi":"13 dakika"},"schema":{"@context":"https:\/\/schema.org","@graph":[{"@type":"Article","@id":"https:\/\/narteks.net\/index.php\/2018\/08\/02\/vatani-vazife-aziz-nesin\/#article","isPartOf":{"@id":"https:\/\/narteks.net\/index.php\/2018\/08\/02\/vatani-vazife-aziz-nesin\/"},"author":{"name":"Tar\u0131k","@id":"https:\/\/narteks.net\/#\/schema\/person\/61f37d9834294b72d31d274e7ed79bca"},"headline":"Vatani Vazife | Aziz Nesin","datePublished":"2018-08-02T13:30:27+00:00","dateModified":"2024-04-27T10:11:46+00:00","mainEntityOfPage":{"@id":"https:\/\/narteks.net\/index.php\/2018\/08\/02\/vatani-vazife-aziz-nesin\/"},"wordCount":2550,"commentCount":0,"publisher":{"@id":"https:\/\/narteks.net\/#organization"},"image":{"@id":"https:\/\/narteks.net\/index.php\/2018\/08\/02\/vatani-vazife-aziz-nesin\/#primaryimage"},"thumbnailUrl":"http:\/\/narteks.net\/wp-content\/uploads\/aziznesin2-150x150.jpg","articleSection":["T\u00fcrkiye'den \u00d6yk\u00fcler"],"inLanguage":"tr","potentialAction":[{"@type":"CommentAction","name":"Comment","target":["https:\/\/narteks.net\/index.php\/2018\/08\/02\/vatani-vazife-aziz-nesin\/#respond"]}]},{"@type":"WebPage","@id":"https:\/\/narteks.net\/index.php\/2018\/08\/02\/vatani-vazife-aziz-nesin\/","url":"https:\/\/narteks.net\/index.php\/2018\/08\/02\/vatani-vazife-aziz-nesin\/","name":"Vatani Vazife | Aziz Nesin - narteks.net","isPartOf":{"@id":"https:\/\/narteks.net\/#website"},"primaryImageOfPage":{"@id":"https:\/\/narteks.net\/index.php\/2018\/08\/02\/vatani-vazife-aziz-nesin\/#primaryimage"},"image":{"@id":"https:\/\/narteks.net\/index.php\/2018\/08\/02\/vatani-vazife-aziz-nesin\/#primaryimage"},"thumbnailUrl":"http:\/\/narteks.net\/wp-content\/uploads\/aziznesin2-150x150.jpg","datePublished":"2018-08-02T13:30:27+00:00","dateModified":"2024-04-27T10:11:46+00:00","breadcrumb":{"@id":"https:\/\/narteks.net\/index.php\/2018\/08\/02\/vatani-vazife-aziz-nesin\/#breadcrumb"},"inLanguage":"tr","potentialAction":[{"@type":"ReadAction","target":["https:\/\/narteks.net\/index.php\/2018\/08\/02\/vatani-vazife-aziz-nesin\/"]}]},{"@type":"ImageObject","inLanguage":"tr","@id":"https:\/\/narteks.net\/index.php\/2018\/08\/02\/vatani-vazife-aziz-nesin\/#primaryimage","url":"https:\/\/narteks.net\/wp-content\/uploads\/aziznesin2.jpg","contentUrl":"https:\/\/narteks.net\/wp-content\/uploads\/aziznesin2.jpg","width":750,"height":422},{"@type":"BreadcrumbList","@id":"https:\/\/narteks.net\/index.php\/2018\/08\/02\/vatani-vazife-aziz-nesin\/#breadcrumb","itemListElement":[{"@type":"ListItem","position":1,"name":"Anasayfa","item":"https:\/\/narteks.net\/"},{"@type":"ListItem","position":2,"name":"Vatani Vazife | Aziz Nesin"}]},{"@type":"WebSite","@id":"https:\/\/narteks.net\/#website","url":"https:\/\/narteks.net\/","name":"narteks.net","description":"K\u00fclt\u00fcr Sanat Edebiyat Felsefe","publisher":{"@id":"https:\/\/narteks.net\/#organization"},"alternateName":"K\u00fclt\u00fcr Sanat Edebiyat Felsefe","potentialAction":[{"@type":"SearchAction","target":{"@type":"EntryPoint","urlTemplate":"https:\/\/narteks.net\/?s={search_term_string}"},"query-input":{"@type":"PropertyValueSpecification","valueRequired":true,"valueName":"search_term_string"}}],"inLanguage":"tr"},{"@type":"Organization","@id":"https:\/\/narteks.net\/#organization","name":"narteks.net","url":"https:\/\/narteks.net\/","logo":{"@type":"ImageObject","inLanguage":"tr","@id":"https:\/\/narteks.net\/#\/schema\/logo\/image\/","url":"https:\/\/narteks.net\/wp-content\/uploads\/narteks.png","contentUrl":"https:\/\/narteks.net\/wp-content\/uploads\/narteks.png","width":300,"height":90,"caption":"narteks.net"},"image":{"@id":"https:\/\/narteks.net\/#\/schema\/logo\/image\/"},"sameAs":["https:\/\/x.com\/narteks","https:\/\/instagram.com\/narteksnet"]},{"@type":"Person","@id":"https:\/\/narteks.net\/#\/schema\/person\/61f37d9834294b72d31d274e7ed79bca","name":"Tar\u0131k","image":{"@type":"ImageObject","inLanguage":"tr","@id":"https:\/\/narteks.net\/#\/schema\/person\/image\/","url":"https:\/\/secure.gravatar.com\/avatar\/50865afb55632c4ae467e0af0930f6510aa2297d8014be502a55b14f3b7550cf?s=96&d=mm&r=g","contentUrl":"https:\/\/secure.gravatar.com\/avatar\/50865afb55632c4ae467e0af0930f6510aa2297d8014be502a55b14f3b7550cf?s=96&d=mm&r=g","caption":"Tar\u0131k"},"sameAs":["http:\/\/narteks.net"],"url":"https:\/\/narteks.net\/index.php\/author\/narbak\/"}]}},"_links":{"self":[{"href":"https:\/\/narteks.net\/index.php\/wp-json\/wp\/v2\/posts\/7085","targetHints":{"allow":["GET"]}}],"collection":[{"href":"https:\/\/narteks.net\/index.php\/wp-json\/wp\/v2\/posts"}],"about":[{"href":"https:\/\/narteks.net\/index.php\/wp-json\/wp\/v2\/types\/post"}],"author":[{"embeddable":true,"href":"https:\/\/narteks.net\/index.php\/wp-json\/wp\/v2\/users\/1"}],"replies":[{"embeddable":true,"href":"https:\/\/narteks.net\/index.php\/wp-json\/wp\/v2\/comments?post=7085"}],"version-history":[{"count":1,"href":"https:\/\/narteks.net\/index.php\/wp-json\/wp\/v2\/posts\/7085\/revisions"}],"predecessor-version":[{"id":7900,"href":"https:\/\/narteks.net\/index.php\/wp-json\/wp\/v2\/posts\/7085\/revisions\/7900"}],"wp:attachment":[{"href":"https:\/\/narteks.net\/index.php\/wp-json\/wp\/v2\/media?parent=7085"}],"wp:term":[{"taxonomy":"category","embeddable":true,"href":"https:\/\/narteks.net\/index.php\/wp-json\/wp\/v2\/categories?post=7085"},{"taxonomy":"post_tag","embeddable":true,"href":"https:\/\/narteks.net\/index.php\/wp-json\/wp\/v2\/tags?post=7085"}],"curies":[{"name":"wp","href":"https:\/\/api.w.org\/{rel}","templated":true}]}}