{"id":7088,"date":"2018-08-03T13:25:30","date_gmt":"2018-08-03T10:25:30","guid":{"rendered":"http:\/\/localhost\/wordpress\/2018\/08\/03\/guzellesmenin-tarihi-kadinlar-icin-bircok-sikintinin-da-tarihidir-dr-erdal-atabek\/"},"modified":"2024-04-27T13:09:55","modified_gmt":"2024-04-27T10:09:55","slug":"guzellesmenin-tarihi-kadinlar-icin-bircok-sikintinin-da-tarihidir-dr-erdal-atabek","status":"publish","type":"post","link":"https:\/\/narteks.net\/index.php\/2018\/08\/03\/guzellesmenin-tarihi-kadinlar-icin-bircok-sikintinin-da-tarihidir-dr-erdal-atabek\/","title":{"rendered":"G\u00fczelle\u015fmenin tarihi, kad\u0131nlar i\u00e7in bir\u00e7ok s\u0131k\u0131nt\u0131n\u0131n da tarihidir | Dr.Erdal Atabek"},"content":{"rendered":"<p style=\"text-align: justify;\"><img loading=\"lazy\" decoding=\"async\" class=\"wp-image-7756 size-thumbnail alignleft\" src=\"http:\/\/narteks.net\/wp-content\/uploads\/erdal_atabek-150x150.jpg\" alt=\"\" width=\"150\" height=\"150\" \/>Be\u015f ya\u015f\u0131ndaki Aysun, annesinin tuvalet masas\u0131n\u0131n \u00f6n\u00fcne oturmu\u015f, annesinin rujunu dudaklar\u0131na s\u00fcr\u00fcyordu. Babas\u0131 Y\u0131lmaz Bey b\u00fct\u00fcn olgunlu\u011funu a\u015fan bir tuhafl\u0131kla i\u00e7eri girerek sakinle\u015fmeye \u00e7al\u0131\u015ft\u0131. Bunda ne vard\u0131 ki? B\u00fct\u00fcn k\u0131z \u00e7ocuklar\u0131 bir ya\u015fa gelince annelerinin makyaj malzemesini kullanmaya heves etmezler miydi?<\/p>\n<p style=\"text-align: justify;\">Jale Han\u0131m&#8217;a d\u00f6nd\u00fc: Aysun&#8217;u g\u00f6rd\u00fcn m\u00fc? \u0130\u00e7eride makyaj\u0131n\u0131 yap\u0131yor, istersen git de bak. Jale Han\u0131m g\u00fcl\u00fcmsedi: Benim gitmeme gerek yok, o buraya gelir, yapt\u0131\u011f\u0131n\u0131 bize g\u00f6stermeden durabilir mi? dedi. Ger\u00e7ekten de biraz sonra Aysun k\u0131r\u0131tarak i\u00e7eri girdi: Nas\u0131l, g\u00fczel olmu\u015f muyum?<\/p>\n<p style=\"text-align: justify;\">Makyaj\u0131n y\u00fczy\u0131llar boyunca s\u00fcren egemenli\u011fi Aysun&#8217;un bu sorusunda m\u0131 sakl\u0131yd\u0131? G\u00fczel oldum mu? Her kad\u0131n\u0131n ruhunun derinliklerinde bu sorular m\u0131 yatmaktad\u0131r? G\u00fczel miyim? Daha g\u00fczel olabilir miyim? \u00c7ekici miyim? Etkili miyim? Aranan bir kad\u0131n m\u0131y\u0131m? Kozmetik end\u00fcstrisi b\u00fct\u00fcn g\u00fcc\u00fcn\u00fc bu sorunun yan\u0131t\u0131 olabilmek i\u00e7in harcam\u0131yor mu? Bu b\u00fcy\u00fcl\u00fc end\u00fcstrinin kimya d\u00fcnyas\u0131n\u0131 cesaretle alt\u00fcst etmesi, bitkilerin i\u00e7inde olup biteni ara\u015ft\u0131rmas\u0131, renkleri, kokular\u0131 birbiriyle kar\u0131\u015ft\u0131r\u0131p yeni uyumlar aramas\u0131 hep kad\u0131nlar\u0131 daha g\u00fczel, daha \u00e7ekici, daha etkili, yapmak i\u00e7in de\u011fil mi?<\/p>\n<p style=\"text-align: justify;\">\u0130.\u00d6. 4000 y\u0131llar\u0131nda ya\u015fayan M\u0131s\u0131rl\u0131 kad\u0131nlar g\u00f6zlerini daha da b\u00fcy\u00fck, daha da siyah g\u00f6steren boyalar\u0131 kullan\u0131rken, bir ressam\u0131n yapt\u0131\u011f\u0131 resimlere g\u00f6sterdi\u011fi \u00f6zeni g\u00f6steriyorlard\u0131. Sonradan I. Negade d\u00f6nemine ait ara\u015ft\u0131rmalarda bu ma\u00e7la kullan\u0131lan boya paletleri ve makyaj \u00e7anaklar\u0131 bulunacakt\u0131r. Gene \u0130.\u00d6. 3000 y\u0131llar\u0131nda ya\u015fam\u0131\u015f Kral Naramsin&#8217;in Tell Brak&#8217;taki saray kal\u0131nt\u0131lar\u0131 i\u00e7inde, kad\u0131nlar\u0131n s\u00fcslenmesine yarayan \u00e7anaklara ve benzerlerine rastlanacakt\u0131r. Romal\u0131 kad\u0131nlar da, kat\u0131ld\u0131klar\u0131 yemeklerde g\u00f6zlerinin daha b\u00fcy\u00fck, daha siyah g\u00f6r\u00fcnmesi i\u00e7in bir bitkinin \u00f6zsuyunu g\u00f6zlerine damlatacaklar, g\u00f6zbebekleri geni\u015fleyecektir. Bu bitki de ad\u0131n\u0131 bu olaydan alacakt\u0131r: Bella-donna (G\u00fczel kad\u0131n).<br \/>\nAma g\u00fczelle\u015fmenin tarihi, kad\u0131nlar i\u00e7in bir\u00e7ok s\u0131k\u0131nt\u0131n\u0131n da tarihidir. Kad\u0131nlar\u0131n ince belli g\u00f6r\u00fcnmek i\u00e7in giydikleri s\u0131k\u0131 korseler, kabar\u0131k etekliklerin tak\u0131ld\u0131\u011f\u0131 \u00e7emberler, \u00c7inli kad\u0131nlar\u0131n ayaklar\u0131n\u0131n k\u00fc\u00e7\u00fck olmas\u0131 i\u00e7in giydikleri demir kal\u0131plar, Afrikal\u0131 kad\u0131nlar\u0131n ait dudaklar\u0131n\u0131 b\u00fcy\u00fctmek i\u00e7in \u00e7ektikleri \u00e7ileler hep bu ama\u00e7 i\u00e7in katlan\u0131lan s\u0131k\u0131nt\u0131lar de\u011fil miydi? Kad\u0131nlar\u0131n \u00f6zg\u00fcrle\u015fmesinde bu ba\u015fkas\u0131 i\u00e7in g\u00fczel olmak amac\u0131na art\u0131k pek kulak asmamak tavr\u0131 da yok muydu? Bug\u00fcn bile g\u00fczellik fizik \u00f6l\u00e7\u00fclerle de\u011ferlendirilse de etkileyen kad\u0131n, art\u0131k rakamlar\u0131n \u015fifresinde de\u011fil de kad\u0131n\u0131n gizli \u00f6zel etkisinde aranm\u0131yor muydu? Takvim yapraklar\u0131n\u0131 s\u00fcsleyen pinup k\u0131zlar\u0131 belki gene uzak yol denizcilerinin kamaralar\u0131na as\u0131l\u0131yor olsa da, g\u00fcn\u00fcm\u00fcz\u00fcn erke\u011fi de giderek kendisini anlayan kad\u0131n\u0131 aram\u0131yor muydu?<\/p>\n<p style=\"text-align: justify;\">1930&#8217;lar\u0131n \u00fcnl\u00fc g\u00f6z s\u00fczen kad\u0131n\u0131 g\u00fcn\u00fcm\u00fczde yerini dost\u00e7a bakan kad\u0131na b\u0131rakmam\u0131\u015f m\u0131yd\u0131? Kad\u0131n\u0131n do\u011falla\u015fmas\u0131 elbette makyaj kavram\u0131n\u0131 da de\u011fi\u015ftirecekti. Makyaj da kad\u0131n\u0131n kendini resimle\u015ftirmesi olmaktan \u00e7\u0131kt\u0131, ki\u015fili\u011finin renkleri, \u00e7izgileri oldu. Burada pek farkedilmeyen b\u00fcy\u00fck bir d\u00f6n\u00fc\u015f\u00fcm ger\u00e7ekle\u015fmi\u015ftir.<\/p>\n<p style=\"text-align: justify;\">Kad\u0131n makyaj\u0131n bir par\u00e7as\u0131, olmaktan \u00e7\u0131kt\u0131, makyaj kad\u0131n\u0131n bir deste\u011fi oldu. Bu da makyaj\u0131n psikolojik yan\u0131d\u0131r. Ancak b\u00fcy\u00fck makyaj sanat\u00e7\u0131lar\u0131n\u0131n ula\u015fabilece\u011fi bir yeni kavram: Ki\u015fili\u011fin tamamlay\u0131c\u0131s\u0131 olan makyaj.<\/p>\n<p style=\"text-align: justify;\">Ku\u015fkusuz burada \u00f6nemli olan, kad\u0131n\u0131n gizli ki\u015fili\u011fini farkedebilmektir. Makyaj\u0131n g\u00fc\u00e7 yan\u0131 da budur. Bir makyaj uzman\u0131n\u0131n \u00f6ncelikle yarat\u0131c\u0131 bir psikolog olmas\u0131 bundan gereklidir. Kad\u0131n\u0131n g\u00f6r\u00fcnen ki\u015fili\u011finden \u00e7ok daha \u00f6nemli olan kad\u0131n\u0131n gizli ki\u015fili\u011fidir. Ustal\u0131kla yap\u0131lm\u0131\u015f makyaj, i\u015fte bu derindeki kad\u0131n\u0131 yakalayabilmektir. Onun i\u00e7in de makyaj ustas\u0131 bunu yakalayan b\u00fcy\u00fcc\u00fc olmak zorundad\u0131r. Kad\u0131n da kendi makyaj\u0131n\u0131 yaparken bu s\u00fcre\u00e7leri ya\u015far.<\/p>\n<p style=\"text-align: justify;\">Makyaj tiyatro sanat\u0131n\u0131n bir par\u00e7as\u0131 olarak geli\u015fmi\u015ftir, bu da bo\u015funa olmam\u0131\u015ft\u0131r. Her makyaj insana de\u011fi\u015fik ki\u015filikler kazand\u0131rabilir. Makyajla iyiyi, k\u00f6t\u00fcy\u00fc, g\u00fc\u00e7l\u00fcy\u00fc, g\u00fc\u00e7s\u00fcz\u00fc, mutluyu, mutsuzu, genci, ya\u015fl\u0131y\u0131 anlatabilirsiniz.<\/p>\n<p style=\"text-align: justify;\">Makyaj tiyatroda bir ileti arac\u0131d\u0131r ama hayatta da \u00f6yle de\u011fil mi? Kad\u0131n\u0131n makyaj\u0131 ger\u00e7ekte i\u00e7indeki kendisini anlatm\u0131yor mu?<\/p>\n<p style=\"text-align: justify;\">-Bilmem, hi\u00e7 b\u00f6yle d\u00fc\u015f\u00fcnmemi\u015ftim ama galiba hakl\u0131s\u0131n\u0131z. Belki de makyajla ger\u00e7ekten kendimizi anlat\u0131yoruz. \u015eimdi siz s\u00f6yleyince d\u00fc\u015f\u00fcn\u00fcyorum da, kendimi iyi hissetti\u011fim zamanlar ba\u015fka bir makyaj yap\u0131yorum, k\u00f6t\u00fc hissetti\u011fim zamanlar ba\u015fka bir makyaj.<br \/>\n-Nelerin farkl\u0131 oldu\u011funu s\u00f6yleyebilir misiniz?<br \/>\n-Neler mi? Belki renkler farkl\u0131 oluyor. \u0130yi oldu\u011fum zamanlar san\u0131r\u0131m daha parlak renkler kullan\u0131yorum.<br \/>\n\u00d6zellikle k\u0131rm\u0131z\u0131y\u0131 kullan\u0131yorum. Ama her zamanki makyaj\u0131mdan \u00e7ok farkl\u0131 olmamaya da dikkat ediyorum.<br \/>\nDaha a\u00e7\u0131k tonda bir renk se\u00e7iyorum. \u00c7izgiler de farkl\u0131 oluyor san\u0131r\u0131m. Daha belirgin, daha a\u00e7\u0131k \u00e7izgiler.<br \/>\nBir de makyaj i\u00e7in duydu\u011fum istek farkl\u0131 oluyor. \u0130yi oldu\u011fum zaman daha istekli oluyorum. Bilmiyorum bunun da \u00f6nemi var m\u0131?<br \/>\n-Var ya. \u00d6zellikle istek \u00f6nemli. Bak\u0131n, dikkat etmi\u015fsinizdir, bir kad\u0131n\u0131n bug\u00fcn can\u0131m hi\u00e7 boyanmak istemiyor dedi\u011fi zamanlar vard\u0131r.<br \/>\n-Evet do\u011fru. Bunu nereden biliyorsunuz?<br \/>\n-Neden bilmeyeyim? B\u00f6yle bir sorunun yan\u0131t\u0131 kad\u0131nlar i\u00e7in depressif durumun ger\u00e7ek bir \u00f6l\u00e7\u00fct\u00fc olabilir.<br \/>\nErkekler i\u00e7in de bunun kar\u015f\u0131t\u0131 t\u0131ra\u015f olmak istememektir. Hi\u00e7 d\u00fc\u015f\u00fcnm\u00fc\u015f m\u00fcyd\u00fcn\u00fcz?<br \/>\n-Hay\u0131r. Bunun tembellikle ilgili oldu\u011funu san\u0131yordum.<br \/>\n-Do\u011frudur, tembellikle ilgilidir. Ama tembellik neyle ilgilidir? Bir \u015feyi yapmak istemek ya da istememek basit bir davran\u0131\u015f olarak g\u00f6r\u00fcn\u00fcr ama de\u011fildir. \u0130nsan\u0131n her davran\u0131\u015f\u0131n\u0131n alt\u0131nda san\u0131ld\u0131\u011f\u0131ndan daha karma\u015f\u0131k bir ruhsal<br \/>\nmekanizma vard\u0131r. Biz sadece sonucu yorumlamak kolayl\u0131\u011f\u0131na kap\u0131l\u0131r\u0131z. Kendimizi tan\u0131mak da bunun i\u00e7in kolay de\u011fildir.<br \/>\n-Peki, ya makyaj yapmay\u0131 \u00f6zellikle istedi\u011finiz zamanlar? O zamanlar da bir \u015feyi mi anlat\u0131yor?<br \/>\n-Evet, o zamanki davran\u0131\u015f\u0131m\u0131z da bir \u015feyi anlat\u0131yor. \u00d6ncelikle umutlu olmak istedi\u011fimizi anlat\u0131yor. Bir \u015feyi bekledi\u011fimizi ya da bir \u015feyleri umut etti\u011fimizi anlat\u0131yor. Belki de bir\u00e7ok \u015feyi de\u011fi\u015ftirmek istedi\u011fimizi anlat\u0131yor. Belki hayat\u0131m\u0131z\u0131 de\u011fi\u015ftirmek istiyoruz, belki kendimizi de\u011fi\u015ftirmek istiyoruz, belki de ba\u015fka \u015feyleri. Ama insan hep bekleyi\u015f, hep aray\u0131\u015f, hep de\u011fi\u015fim de\u011fil mi?<br \/>\n-Desenize makyaj deyip de ge\u00e7iverdi\u011fimiz \u015fey?<br \/>\n-Makyaj deyip de ge\u00e7iverdi\u011fimiz \u015fey mi? Bunu s\u00f6yleyemeyiz. \u0130nsanlar makyaj deyip de ge\u00e7ivermemi\u015fler. Eski M\u0131s\u0131rl\u0131 kad\u0131ndan g\u00fcn\u00fcm\u00fczdeki Japon kad\u0131n\u0131na kadar ya\u015fayan bir \u015fey \u00e7ok \u00f6nemli demektir. Japon kad\u0131nlar\u0131n\u0131n \u00e7ok makyaj yapt\u0131klar\u0131n\u0131 bilir misiniz?<\/p>\n<p style=\"text-align: justify;\">Onlar i\u00e7in s\u00fcslenmek di\u011fer insanlara sayg\u0131 duyman\u0131n ifadesidir. Bizim k\u00fclt\u00fcr\u00fcm\u00fczde de makyaj\u0131n \u00e7ok \u00f6nemli oldu\u011funu bilirsiniz. All\u0131klar, d\u00fczg\u00fcnler, rast\u0131klar hep b\u00f6yle bir \u00f6zeni a\u00e7\u0131klam\u0131yor mu?<br \/>\n-Ger\u00e7ekten do\u011fru. Makyaj olay\u0131na hi\u00e7 b\u00f6yle bakmam\u0131\u015ft\u0131m.<br \/>\n-Her olay bize insan\u0131 g\u00f6steriyor. Makyaj\u0131n tiyatrodaki \u00f6nemi de bu, sinemadaki yeri de bu, g\u00fcnl\u00fck hayat\u0131m\u0131zdaki \u00f6zelli\u011fi de bu.<br \/>\n-Makyaj sand\u0131\u011f\u0131m\u0131zdan daha \u00f6nemli.<br \/>\n-\u0130nsan sand\u0131\u011f\u0131m\u0131zdan daha \u00f6nemli. Belki de makyajdan \u00f6nce kendimizi d\u00fc\u015f\u00fcnmemiz gerekiyor. Ki\u015fili\u011fimizi, s\u0131k\u0131nt\u0131lar\u0131m\u0131z\u0131, aray\u0131\u015flar\u0131m\u0131z\u0131, neleri de\u011fi\u015ftirmek istedi\u011fimizi. Makyaj belki de bir \u00f6rtme, saklanma iste\u011fi. Neyi \u00f6rtmek istedi\u011fimizi, neyi saklamak istedi\u011fimizi d\u00fc\u015f\u00fcnelim. Hayat\u0131 ya\u015famakla, oyun oynamak aras\u0131ndaki fark\u0131 g\u00f6relim. Ya\u015fad\u0131\u011f\u0131m\u0131z hayat\u0131n y\u00fcz\u00fcm\u00fcz\u00fcn renklerinden, \u00e7izgilerinden daha \u00f6nemli oldu\u011funu g\u00f6relim. Belki o zaman makyaj bizim bir par\u00e7am\u0131z olabilir. Bizim ki\u015fili\u011fimizin tamamlay\u0131c\u0131s\u0131 olabilir. Belki o zaman makyaj\u0131n bizi de\u011fi\u015ftirmesini beklemez, biz makyaj\u0131 de\u011fi\u015ftiririz.<\/p>\n<p style=\"text-align: justify;\">Ne dersiniz, bir de \u00f6yle d\u00fc\u015f\u00fcnelim mi?<\/p>\n<p style=\"text-align: justify;\"><strong>Makyaj Deyip Ge\u00e7erken | Dr. Erdal Atabek<\/strong><\/p>\n","protected":false},"excerpt":{"rendered":"<p>Be\u015f ya\u015f\u0131ndaki Aysun, annesinin tuvalet masas\u0131n\u0131n \u00f6n\u00fcne oturmu\u015f, annesinin rujunu dudaklar\u0131na s\u00fcr\u00fcyordu. Babas\u0131 Y\u0131lmaz Bey b\u00fct\u00fcn olgunlu\u011funu a\u015fan bir tuhafl\u0131kla i\u00e7eri girerek sakinle\u015fmeye \u00e7al\u0131\u015ft\u0131. Bunda ne vard\u0131 ki? B\u00fct\u00fcn k\u0131z \u00e7ocuklar\u0131 bir ya\u015fa gelince annelerinin makyaj malzemesini kullanmaya heves etmezler miydi? Jale Han\u0131m&#8217;a d\u00f6nd\u00fc: Aysun&#8217;u g\u00f6rd\u00fcn m\u00fc? \u0130\u00e7eride makyaj\u0131n\u0131 yap\u0131yor, istersen git de bak. Jale [&hellip;]<\/p>\n","protected":false},"author":1,"featured_media":0,"comment_status":"open","ping_status":"open","sticky":false,"template":"","format":"standard","meta":{"footnotes":""},"categories":[52],"tags":[],"class_list":{"0":"post-7088","1":"post","2":"type-post","3":"status-publish","4":"format-standard","6":"category-psikoloji"},"yoast_head":"<!-- This site is optimized with the Yoast SEO Premium plugin v24.9 (Yoast SEO v24.9) - https:\/\/yoast.com\/wordpress\/plugins\/seo\/ -->\n<title>G\u00fczelle\u015fmenin tarihi, kad\u0131nlar i\u00e7in bir\u00e7ok s\u0131k\u0131nt\u0131n\u0131n da tarihidir | Dr.Erdal Atabek - narteks.net<\/title>\n<meta name=\"robots\" content=\"index, follow, max-snippet:-1, max-image-preview:large, max-video-preview:-1\" \/>\n<link rel=\"canonical\" href=\"https:\/\/narteks.net\/index.php\/2018\/08\/03\/guzellesmenin-tarihi-kadinlar-icin-bircok-sikintinin-da-tarihidir-dr-erdal-atabek\/\" \/>\n<meta property=\"og:locale\" content=\"tr_TR\" \/>\n<meta property=\"og:type\" content=\"article\" \/>\n<meta property=\"og:title\" content=\"G\u00fczelle\u015fmenin tarihi, kad\u0131nlar i\u00e7in bir\u00e7ok s\u0131k\u0131nt\u0131n\u0131n da tarihidir | Dr.Erdal Atabek\" \/>\n<meta property=\"og:description\" content=\"Be\u015f ya\u015f\u0131ndaki Aysun, annesinin tuvalet masas\u0131n\u0131n \u00f6n\u00fcne oturmu\u015f, annesinin rujunu dudaklar\u0131na s\u00fcr\u00fcyordu. Babas\u0131 Y\u0131lmaz Bey b\u00fct\u00fcn olgunlu\u011funu a\u015fan bir tuhafl\u0131kla i\u00e7eri girerek sakinle\u015fmeye \u00e7al\u0131\u015ft\u0131. Bunda ne vard\u0131 ki? B\u00fct\u00fcn k\u0131z \u00e7ocuklar\u0131 bir ya\u015fa gelince annelerinin makyaj malzemesini kullanmaya heves etmezler miydi? Jale Han\u0131m&#8217;a d\u00f6nd\u00fc: Aysun&#8217;u g\u00f6rd\u00fcn m\u00fc? \u0130\u00e7eride makyaj\u0131n\u0131 yap\u0131yor, istersen git de bak. Jale [&hellip;]\" \/>\n<meta property=\"og:url\" content=\"https:\/\/narteks.net\/index.php\/2018\/08\/03\/guzellesmenin-tarihi-kadinlar-icin-bircok-sikintinin-da-tarihidir-dr-erdal-atabek\/\" \/>\n<meta property=\"og:site_name\" content=\"narteks.net\" \/>\n<meta property=\"article:published_time\" content=\"2018-08-03T10:25:30+00:00\" \/>\n<meta property=\"article:modified_time\" content=\"2024-04-27T10:09:55+00:00\" \/>\n<meta property=\"og:image\" content=\"http:\/\/narteks.net\/wp-content\/uploads\/erdal_atabek-150x150.jpg\" \/>\n<meta name=\"author\" content=\"Tar\u0131k\" \/>\n<meta name=\"twitter:card\" content=\"summary_large_image\" \/>\n<meta name=\"twitter:creator\" content=\"@narteks\" \/>\n<meta name=\"twitter:site\" content=\"@narteks\" \/>\n<meta name=\"twitter:label1\" content=\"Yazan:\" \/>\n\t<meta name=\"twitter:data1\" content=\"Tar\u0131k\" \/>\n\t<meta name=\"twitter:label2\" content=\"Tahmini okuma s\u00fcresi\" \/>\n\t<meta name=\"twitter:data2\" content=\"7 dakika\" \/>\n<script type=\"application\/ld+json\" class=\"yoast-schema-graph\">{\"@context\":\"https:\/\/schema.org\",\"@graph\":[{\"@type\":\"Article\",\"@id\":\"https:\/\/narteks.net\/index.php\/2018\/08\/03\/guzellesmenin-tarihi-kadinlar-icin-bircok-sikintinin-da-tarihidir-dr-erdal-atabek\/#article\",\"isPartOf\":{\"@id\":\"https:\/\/narteks.net\/index.php\/2018\/08\/03\/guzellesmenin-tarihi-kadinlar-icin-bircok-sikintinin-da-tarihidir-dr-erdal-atabek\/\"},\"author\":{\"name\":\"Tar\u0131k\",\"@id\":\"https:\/\/narteks.net\/#\/schema\/person\/61f37d9834294b72d31d274e7ed79bca\"},\"headline\":\"G\u00fczelle\u015fmenin tarihi, kad\u0131nlar i\u00e7in bir\u00e7ok s\u0131k\u0131nt\u0131n\u0131n da tarihidir | Dr.Erdal Atabek\",\"datePublished\":\"2018-08-03T10:25:30+00:00\",\"dateModified\":\"2024-04-27T10:09:55+00:00\",\"mainEntityOfPage\":{\"@id\":\"https:\/\/narteks.net\/index.php\/2018\/08\/03\/guzellesmenin-tarihi-kadinlar-icin-bircok-sikintinin-da-tarihidir-dr-erdal-atabek\/\"},\"wordCount\":1485,\"commentCount\":0,\"publisher\":{\"@id\":\"https:\/\/narteks.net\/#organization\"},\"image\":{\"@id\":\"https:\/\/narteks.net\/index.php\/2018\/08\/03\/guzellesmenin-tarihi-kadinlar-icin-bircok-sikintinin-da-tarihidir-dr-erdal-atabek\/#primaryimage\"},\"thumbnailUrl\":\"http:\/\/narteks.net\/wp-content\/uploads\/erdal_atabek-150x150.jpg\",\"articleSection\":[\"Psikoloji\"],\"inLanguage\":\"tr\",\"potentialAction\":[{\"@type\":\"CommentAction\",\"name\":\"Comment\",\"target\":[\"https:\/\/narteks.net\/index.php\/2018\/08\/03\/guzellesmenin-tarihi-kadinlar-icin-bircok-sikintinin-da-tarihidir-dr-erdal-atabek\/#respond\"]}]},{\"@type\":\"WebPage\",\"@id\":\"https:\/\/narteks.net\/index.php\/2018\/08\/03\/guzellesmenin-tarihi-kadinlar-icin-bircok-sikintinin-da-tarihidir-dr-erdal-atabek\/\",\"url\":\"https:\/\/narteks.net\/index.php\/2018\/08\/03\/guzellesmenin-tarihi-kadinlar-icin-bircok-sikintinin-da-tarihidir-dr-erdal-atabek\/\",\"name\":\"G\u00fczelle\u015fmenin tarihi, kad\u0131nlar i\u00e7in bir\u00e7ok s\u0131k\u0131nt\u0131n\u0131n da tarihidir | Dr.Erdal Atabek - narteks.net\",\"isPartOf\":{\"@id\":\"https:\/\/narteks.net\/#website\"},\"primaryImageOfPage\":{\"@id\":\"https:\/\/narteks.net\/index.php\/2018\/08\/03\/guzellesmenin-tarihi-kadinlar-icin-bircok-sikintinin-da-tarihidir-dr-erdal-atabek\/#primaryimage\"},\"image\":{\"@id\":\"https:\/\/narteks.net\/index.php\/2018\/08\/03\/guzellesmenin-tarihi-kadinlar-icin-bircok-sikintinin-da-tarihidir-dr-erdal-atabek\/#primaryimage\"},\"thumbnailUrl\":\"http:\/\/narteks.net\/wp-content\/uploads\/erdal_atabek-150x150.jpg\",\"datePublished\":\"2018-08-03T10:25:30+00:00\",\"dateModified\":\"2024-04-27T10:09:55+00:00\",\"breadcrumb\":{\"@id\":\"https:\/\/narteks.net\/index.php\/2018\/08\/03\/guzellesmenin-tarihi-kadinlar-icin-bircok-sikintinin-da-tarihidir-dr-erdal-atabek\/#breadcrumb\"},\"inLanguage\":\"tr\",\"potentialAction\":[{\"@type\":\"ReadAction\",\"target\":[\"https:\/\/narteks.net\/index.php\/2018\/08\/03\/guzellesmenin-tarihi-kadinlar-icin-bircok-sikintinin-da-tarihidir-dr-erdal-atabek\/\"]}]},{\"@type\":\"ImageObject\",\"inLanguage\":\"tr\",\"@id\":\"https:\/\/narteks.net\/index.php\/2018\/08\/03\/guzellesmenin-tarihi-kadinlar-icin-bircok-sikintinin-da-tarihidir-dr-erdal-atabek\/#primaryimage\",\"url\":\"https:\/\/narteks.net\/wp-content\/uploads\/erdal_atabek.jpg\",\"contentUrl\":\"https:\/\/narteks.net\/wp-content\/uploads\/erdal_atabek.jpg\",\"width\":250,\"height\":317},{\"@type\":\"BreadcrumbList\",\"@id\":\"https:\/\/narteks.net\/index.php\/2018\/08\/03\/guzellesmenin-tarihi-kadinlar-icin-bircok-sikintinin-da-tarihidir-dr-erdal-atabek\/#breadcrumb\",\"itemListElement\":[{\"@type\":\"ListItem\",\"position\":1,\"name\":\"Anasayfa\",\"item\":\"https:\/\/narteks.net\/\"},{\"@type\":\"ListItem\",\"position\":2,\"name\":\"G\u00fczelle\u015fmenin tarihi, kad\u0131nlar i\u00e7in bir\u00e7ok s\u0131k\u0131nt\u0131n\u0131n da tarihidir | Dr.Erdal Atabek\"}]},{\"@type\":\"WebSite\",\"@id\":\"https:\/\/narteks.net\/#website\",\"url\":\"https:\/\/narteks.net\/\",\"name\":\"narteks.net\",\"description\":\"K\u00fclt\u00fcr Sanat Edebiyat Felsefe\",\"publisher\":{\"@id\":\"https:\/\/narteks.net\/#organization\"},\"alternateName\":\"K\u00fclt\u00fcr Sanat Edebiyat Felsefe\",\"potentialAction\":[{\"@type\":\"SearchAction\",\"target\":{\"@type\":\"EntryPoint\",\"urlTemplate\":\"https:\/\/narteks.net\/?s={search_term_string}\"},\"query-input\":{\"@type\":\"PropertyValueSpecification\",\"valueRequired\":true,\"valueName\":\"search_term_string\"}}],\"inLanguage\":\"tr\"},{\"@type\":\"Organization\",\"@id\":\"https:\/\/narteks.net\/#organization\",\"name\":\"narteks.net\",\"url\":\"https:\/\/narteks.net\/\",\"logo\":{\"@type\":\"ImageObject\",\"inLanguage\":\"tr\",\"@id\":\"https:\/\/narteks.net\/#\/schema\/logo\/image\/\",\"url\":\"https:\/\/narteks.net\/wp-content\/uploads\/narteks.png\",\"contentUrl\":\"https:\/\/narteks.net\/wp-content\/uploads\/narteks.png\",\"width\":300,\"height\":90,\"caption\":\"narteks.net\"},\"image\":{\"@id\":\"https:\/\/narteks.net\/#\/schema\/logo\/image\/\"},\"sameAs\":[\"https:\/\/x.com\/narteks\",\"https:\/\/instagram.com\/narteksnet\"]},{\"@type\":\"Person\",\"@id\":\"https:\/\/narteks.net\/#\/schema\/person\/61f37d9834294b72d31d274e7ed79bca\",\"name\":\"Tar\u0131k\",\"image\":{\"@type\":\"ImageObject\",\"inLanguage\":\"tr\",\"@id\":\"https:\/\/narteks.net\/#\/schema\/person\/image\/\",\"url\":\"https:\/\/secure.gravatar.com\/avatar\/50865afb55632c4ae467e0af0930f6510aa2297d8014be502a55b14f3b7550cf?s=96&d=mm&r=g\",\"contentUrl\":\"https:\/\/secure.gravatar.com\/avatar\/50865afb55632c4ae467e0af0930f6510aa2297d8014be502a55b14f3b7550cf?s=96&d=mm&r=g\",\"caption\":\"Tar\u0131k\"},\"sameAs\":[\"http:\/\/narteks.net\"],\"url\":\"https:\/\/narteks.net\/index.php\/author\/narbak\/\"}]}<\/script>\n<!-- \/ Yoast SEO Premium plugin. -->","yoast_head_json":{"title":"G\u00fczelle\u015fmenin tarihi, kad\u0131nlar i\u00e7in bir\u00e7ok s\u0131k\u0131nt\u0131n\u0131n da tarihidir | Dr.Erdal Atabek - narteks.net","robots":{"index":"index","follow":"follow","max-snippet":"max-snippet:-1","max-image-preview":"max-image-preview:large","max-video-preview":"max-video-preview:-1"},"canonical":"https:\/\/narteks.net\/index.php\/2018\/08\/03\/guzellesmenin-tarihi-kadinlar-icin-bircok-sikintinin-da-tarihidir-dr-erdal-atabek\/","og_locale":"tr_TR","og_type":"article","og_title":"G\u00fczelle\u015fmenin tarihi, kad\u0131nlar i\u00e7in bir\u00e7ok s\u0131k\u0131nt\u0131n\u0131n da tarihidir | Dr.Erdal Atabek","og_description":"Be\u015f ya\u015f\u0131ndaki Aysun, annesinin tuvalet masas\u0131n\u0131n \u00f6n\u00fcne oturmu\u015f, annesinin rujunu dudaklar\u0131na s\u00fcr\u00fcyordu. Babas\u0131 Y\u0131lmaz Bey b\u00fct\u00fcn olgunlu\u011funu a\u015fan bir tuhafl\u0131kla i\u00e7eri girerek sakinle\u015fmeye \u00e7al\u0131\u015ft\u0131. Bunda ne vard\u0131 ki? B\u00fct\u00fcn k\u0131z \u00e7ocuklar\u0131 bir ya\u015fa gelince annelerinin makyaj malzemesini kullanmaya heves etmezler miydi? Jale Han\u0131m&#8217;a d\u00f6nd\u00fc: Aysun&#8217;u g\u00f6rd\u00fcn m\u00fc? \u0130\u00e7eride makyaj\u0131n\u0131 yap\u0131yor, istersen git de bak. Jale [&hellip;]","og_url":"https:\/\/narteks.net\/index.php\/2018\/08\/03\/guzellesmenin-tarihi-kadinlar-icin-bircok-sikintinin-da-tarihidir-dr-erdal-atabek\/","og_site_name":"narteks.net","article_published_time":"2018-08-03T10:25:30+00:00","article_modified_time":"2024-04-27T10:09:55+00:00","og_image":[{"url":"http:\/\/narteks.net\/wp-content\/uploads\/erdal_atabek-150x150.jpg","type":"","width":"","height":""}],"author":"Tar\u0131k","twitter_card":"summary_large_image","twitter_creator":"@narteks","twitter_site":"@narteks","twitter_misc":{"Yazan:":"Tar\u0131k","Tahmini okuma s\u00fcresi":"7 dakika"},"schema":{"@context":"https:\/\/schema.org","@graph":[{"@type":"Article","@id":"https:\/\/narteks.net\/index.php\/2018\/08\/03\/guzellesmenin-tarihi-kadinlar-icin-bircok-sikintinin-da-tarihidir-dr-erdal-atabek\/#article","isPartOf":{"@id":"https:\/\/narteks.net\/index.php\/2018\/08\/03\/guzellesmenin-tarihi-kadinlar-icin-bircok-sikintinin-da-tarihidir-dr-erdal-atabek\/"},"author":{"name":"Tar\u0131k","@id":"https:\/\/narteks.net\/#\/schema\/person\/61f37d9834294b72d31d274e7ed79bca"},"headline":"G\u00fczelle\u015fmenin tarihi, kad\u0131nlar i\u00e7in bir\u00e7ok s\u0131k\u0131nt\u0131n\u0131n da tarihidir | Dr.Erdal Atabek","datePublished":"2018-08-03T10:25:30+00:00","dateModified":"2024-04-27T10:09:55+00:00","mainEntityOfPage":{"@id":"https:\/\/narteks.net\/index.php\/2018\/08\/03\/guzellesmenin-tarihi-kadinlar-icin-bircok-sikintinin-da-tarihidir-dr-erdal-atabek\/"},"wordCount":1485,"commentCount":0,"publisher":{"@id":"https:\/\/narteks.net\/#organization"},"image":{"@id":"https:\/\/narteks.net\/index.php\/2018\/08\/03\/guzellesmenin-tarihi-kadinlar-icin-bircok-sikintinin-da-tarihidir-dr-erdal-atabek\/#primaryimage"},"thumbnailUrl":"http:\/\/narteks.net\/wp-content\/uploads\/erdal_atabek-150x150.jpg","articleSection":["Psikoloji"],"inLanguage":"tr","potentialAction":[{"@type":"CommentAction","name":"Comment","target":["https:\/\/narteks.net\/index.php\/2018\/08\/03\/guzellesmenin-tarihi-kadinlar-icin-bircok-sikintinin-da-tarihidir-dr-erdal-atabek\/#respond"]}]},{"@type":"WebPage","@id":"https:\/\/narteks.net\/index.php\/2018\/08\/03\/guzellesmenin-tarihi-kadinlar-icin-bircok-sikintinin-da-tarihidir-dr-erdal-atabek\/","url":"https:\/\/narteks.net\/index.php\/2018\/08\/03\/guzellesmenin-tarihi-kadinlar-icin-bircok-sikintinin-da-tarihidir-dr-erdal-atabek\/","name":"G\u00fczelle\u015fmenin tarihi, kad\u0131nlar i\u00e7in bir\u00e7ok s\u0131k\u0131nt\u0131n\u0131n da tarihidir | Dr.Erdal Atabek - narteks.net","isPartOf":{"@id":"https:\/\/narteks.net\/#website"},"primaryImageOfPage":{"@id":"https:\/\/narteks.net\/index.php\/2018\/08\/03\/guzellesmenin-tarihi-kadinlar-icin-bircok-sikintinin-da-tarihidir-dr-erdal-atabek\/#primaryimage"},"image":{"@id":"https:\/\/narteks.net\/index.php\/2018\/08\/03\/guzellesmenin-tarihi-kadinlar-icin-bircok-sikintinin-da-tarihidir-dr-erdal-atabek\/#primaryimage"},"thumbnailUrl":"http:\/\/narteks.net\/wp-content\/uploads\/erdal_atabek-150x150.jpg","datePublished":"2018-08-03T10:25:30+00:00","dateModified":"2024-04-27T10:09:55+00:00","breadcrumb":{"@id":"https:\/\/narteks.net\/index.php\/2018\/08\/03\/guzellesmenin-tarihi-kadinlar-icin-bircok-sikintinin-da-tarihidir-dr-erdal-atabek\/#breadcrumb"},"inLanguage":"tr","potentialAction":[{"@type":"ReadAction","target":["https:\/\/narteks.net\/index.php\/2018\/08\/03\/guzellesmenin-tarihi-kadinlar-icin-bircok-sikintinin-da-tarihidir-dr-erdal-atabek\/"]}]},{"@type":"ImageObject","inLanguage":"tr","@id":"https:\/\/narteks.net\/index.php\/2018\/08\/03\/guzellesmenin-tarihi-kadinlar-icin-bircok-sikintinin-da-tarihidir-dr-erdal-atabek\/#primaryimage","url":"https:\/\/narteks.net\/wp-content\/uploads\/erdal_atabek.jpg","contentUrl":"https:\/\/narteks.net\/wp-content\/uploads\/erdal_atabek.jpg","width":250,"height":317},{"@type":"BreadcrumbList","@id":"https:\/\/narteks.net\/index.php\/2018\/08\/03\/guzellesmenin-tarihi-kadinlar-icin-bircok-sikintinin-da-tarihidir-dr-erdal-atabek\/#breadcrumb","itemListElement":[{"@type":"ListItem","position":1,"name":"Anasayfa","item":"https:\/\/narteks.net\/"},{"@type":"ListItem","position":2,"name":"G\u00fczelle\u015fmenin tarihi, kad\u0131nlar i\u00e7in bir\u00e7ok s\u0131k\u0131nt\u0131n\u0131n da tarihidir | Dr.Erdal Atabek"}]},{"@type":"WebSite","@id":"https:\/\/narteks.net\/#website","url":"https:\/\/narteks.net\/","name":"narteks.net","description":"K\u00fclt\u00fcr Sanat Edebiyat Felsefe","publisher":{"@id":"https:\/\/narteks.net\/#organization"},"alternateName":"K\u00fclt\u00fcr Sanat Edebiyat Felsefe","potentialAction":[{"@type":"SearchAction","target":{"@type":"EntryPoint","urlTemplate":"https:\/\/narteks.net\/?s={search_term_string}"},"query-input":{"@type":"PropertyValueSpecification","valueRequired":true,"valueName":"search_term_string"}}],"inLanguage":"tr"},{"@type":"Organization","@id":"https:\/\/narteks.net\/#organization","name":"narteks.net","url":"https:\/\/narteks.net\/","logo":{"@type":"ImageObject","inLanguage":"tr","@id":"https:\/\/narteks.net\/#\/schema\/logo\/image\/","url":"https:\/\/narteks.net\/wp-content\/uploads\/narteks.png","contentUrl":"https:\/\/narteks.net\/wp-content\/uploads\/narteks.png","width":300,"height":90,"caption":"narteks.net"},"image":{"@id":"https:\/\/narteks.net\/#\/schema\/logo\/image\/"},"sameAs":["https:\/\/x.com\/narteks","https:\/\/instagram.com\/narteksnet"]},{"@type":"Person","@id":"https:\/\/narteks.net\/#\/schema\/person\/61f37d9834294b72d31d274e7ed79bca","name":"Tar\u0131k","image":{"@type":"ImageObject","inLanguage":"tr","@id":"https:\/\/narteks.net\/#\/schema\/person\/image\/","url":"https:\/\/secure.gravatar.com\/avatar\/50865afb55632c4ae467e0af0930f6510aa2297d8014be502a55b14f3b7550cf?s=96&d=mm&r=g","contentUrl":"https:\/\/secure.gravatar.com\/avatar\/50865afb55632c4ae467e0af0930f6510aa2297d8014be502a55b14f3b7550cf?s=96&d=mm&r=g","caption":"Tar\u0131k"},"sameAs":["http:\/\/narteks.net"],"url":"https:\/\/narteks.net\/index.php\/author\/narbak\/"}]}},"_links":{"self":[{"href":"https:\/\/narteks.net\/index.php\/wp-json\/wp\/v2\/posts\/7088","targetHints":{"allow":["GET"]}}],"collection":[{"href":"https:\/\/narteks.net\/index.php\/wp-json\/wp\/v2\/posts"}],"about":[{"href":"https:\/\/narteks.net\/index.php\/wp-json\/wp\/v2\/types\/post"}],"author":[{"embeddable":true,"href":"https:\/\/narteks.net\/index.php\/wp-json\/wp\/v2\/users\/1"}],"replies":[{"embeddable":true,"href":"https:\/\/narteks.net\/index.php\/wp-json\/wp\/v2\/comments?post=7088"}],"version-history":[{"count":1,"href":"https:\/\/narteks.net\/index.php\/wp-json\/wp\/v2\/posts\/7088\/revisions"}],"predecessor-version":[{"id":7897,"href":"https:\/\/narteks.net\/index.php\/wp-json\/wp\/v2\/posts\/7088\/revisions\/7897"}],"wp:attachment":[{"href":"https:\/\/narteks.net\/index.php\/wp-json\/wp\/v2\/media?parent=7088"}],"wp:term":[{"taxonomy":"category","embeddable":true,"href":"https:\/\/narteks.net\/index.php\/wp-json\/wp\/v2\/categories?post=7088"},{"taxonomy":"post_tag","embeddable":true,"href":"https:\/\/narteks.net\/index.php\/wp-json\/wp\/v2\/tags?post=7088"}],"curies":[{"name":"wp","href":"https:\/\/api.w.org\/{rel}","templated":true}]}}