{"id":7089,"date":"2018-08-03T13:29:08","date_gmt":"2018-08-03T10:29:08","guid":{"rendered":"http:\/\/localhost\/wordpress\/2018\/08\/03\/parti-uzerine-tarihte-diyalektik-bertolt-brecht\/"},"modified":"2024-04-27T13:09:18","modified_gmt":"2024-04-27T10:09:18","slug":"parti-uzerine-tarihte-diyalektik-bertolt-brecht","status":"publish","type":"post","link":"https:\/\/narteks.net\/index.php\/2018\/08\/03\/parti-uzerine-tarihte-diyalektik-bertolt-brecht\/","title":{"rendered":"Parti \u00dczerine &#8211; Tarihte Diyalektik &#8211; Bertolt Brecht"},"content":{"rendered":"<p style=\"text-align: justify;\"><img loading=\"lazy\" decoding=\"async\" class=\"wp-image-7895 size-thumbnail alignleft\" src=\"http:\/\/narteks.net\/wp-content\/uploads\/bbrecht-1-150x150.jpg\" alt=\"\" width=\"150\" height=\"150\" \/>Mi-en-leh, \u015f\u00f6yle dedi: Yaln\u0131z kendi vicdan\u0131n\u0131n sesini dinlemek, yaln\u0131zca kendi d\u00fc\u015f\u00fcncelerinden temellenmek, ba\u015far\u0131s\u0131zl\u0131kla sonu\u00e7lanan her giri\u015fimden sonra kendi inine \u00e7ekilmek, hep t\u00fcm yeniliklere y\u00f6nelik olmak, kendini her zaman en \u00f6nemli davalar i\u00e7in saklamak, yaln\u0131zca d\u00fc\u015f\u00fcnceyi hareket noktas\u0131 almak, yaln\u0131zca tehlikeleri sevmek; bunlar partinin d\u0131\u015f\u0131nda da yap\u0131labilir. Partide ise yengiyi sava\u015farak elde etme olana\u011f\u0131 vard\u0131r.<\/p>\n<p>Mi-en-leh, \u015f\u00f6yle dedi: Yaln\u0131zca kendi g\u00fcc\u00fcne dayanmak demek, \u00e7o\u011fu kez \u00f6zellikle yabanc\u0131 ki\u015filerin ans\u0131z\u0131n belirginle\u015fen g\u00fc\u00e7lerine de dayan\u00admak demektir. Kendilerine tan\u0131\u015f olanlar\u0131 tan\u0131\u00admayanlar, \u00e7o\u011funlukla kendilerine yabanc\u0131 olanlar\u0131 tan\u0131rlar. Yabanc\u0131lar kitlesinin deste\u011fi olmaks\u0131z\u0131n hi\u00e7bir \u015fey elde edilemez; ama birey de tek ba\u015f\u0131na yabanc\u0131larla bir \u015fey yapamaz. Parti, yabanc\u0131lar kitlesi i\u00e7ersinde tan\u0131\u015flardan, kendilerine eri\u015filebilenlerden, \u00e7ok ki\u015fiyi tan\u0131yan ve \u00e7ok ki\u015fiye eri\u015febilenlerden olu\u015fur.<\/p>\n<p>Mi-en-leh, \u015f\u00f6yle dedi:\u00a0\u00a0\u00a0 \u0130nsan iyi satran\u00e7 hamleleri yapabildi\u011fi gibi, yanl\u0131\u015f hamle yapmas\u0131n\u0131 da bilmelidir. Kedi yanl\u0131\u015f ad\u0131m at\u0131p damdan yuvarland\u0131\u011f\u0131nda, d\u00f6rt aya\u011f\u0131 \u00fczerine d\u00fc\u015fmesini bilebilmelidir. Birey tek ba\u015f\u0131na oldu\u011funda y\u0131k\u0131lmas\u0131 i\u00e7in \u00e7o\u011fu kez bir tek yanl\u0131\u015f davran\u0131\u015f yeter. Partinin y\u0131k\u0131lmas\u0131 ise o denli kolay de\u011fildir. Parti tek bir yanl\u0131\u015f y\u00fcz\u00fcnden y\u0131k\u0131lmayaca\u011f\u0131ndan, daha kapsaml\u0131 giri\u015fimleri g\u00f6ze alabilir.<\/p>\n<p>K\u00f6yl\u00fclerin \u00f6nderleri, s\u00f6m\u00fcr\u00fcc\u00fclerle onlar\u0131n u\u015faklar\u0131 d\u0131\u015f\u0131nda t\u00fcm halk\u0131 s\u00f6m\u00fcr\u00fcy\u00fc ortadan kald\u0131\u00adrabilecek bir b\u00fct\u00fcn sayd\u0131lar. Bir\u00e7ok i\u015f\u00e7iler, b\u00fcy\u00fck i\u015fliklerde g\u00fcvendikleri ki\u015filere b\u00f6yle bir b\u00fct\u00fcn g\u00f6\u00adz\u00fcyle bakt\u0131lar. Ama Mi-en-leh, yaln\u0131zca partiyi ger\u00e7ek anlamda y\u00fcr\u00fctme birimi ve ba\u015fkald\u0131r\u0131n\u0131n eylemde bulunan ki\u015fisi sayd\u0131. Kurullarla halk, dedi, olu\u015fabilmek i\u00e7in ba\u015fkald\u0131r\u0131y\u0131 gereksinirler ve haz\u0131r durumda de\u011fildirler. Halk ve kurullar\u0131n bilgi d\u00fczeyi e\u015fit olmay\u0131p, onlar bildiklerine g\u00f6re davran\u0131rlar. Parti ise \u00f6\u011frenebilme olanaklar\u0131 sonuna de\u011fin de\u011ferlendirildi\u011finde bilinebilecek olan\u0131n t\u00fcm\u00fcn\u00fc bilir ve \u2014birka\u00e7 ki\u015finin y\u00f6nerimiyle\u2014 her \u015feyi bilmeden de eyleme ge\u00e7ebilir.<\/p>\n<p>Mi-en-leh, \u015f\u00f6yle dedi: Halk\u0131n geli\u015fmesi \u00e7ok a\u011f\u0131r ve tutars\u0131z olur. Halk \u00e7ok \u015fey unutur, \u00e7ok da yanl\u0131\u015f \u015fey \u00f6\u011frenir. Bu geli\u015fme s\u0131ras\u0131nda bireyler birbirlerinden koparlar, a\u00e7g\u00f6zl\u00fc ve kinci olurlar. Parti ise tutarl\u0131 bir geli\u015fme \u00e7izgisi izler, deneyler toplar, insanlar\u0131 dener, insanlar\u0131n deneme yapmas\u0131na olanak sa\u011flar ve her\u015feyi bir b\u00fct\u00fcn i\u00e7ersinde birle\u015ftirir.<\/p>\n<p>***<\/p>\n<p>\u00dcstad Sa, \u015f\u00f6yle \u00f6\u011fretti: \u00d6zg\u00fcrl\u00fck bir yanarda\u00ad\u011f\u0131n patlamas\u0131 gibi gelir. \u00dcstad Lan-k\u00fc, \u015f\u00f6yle \u00f6\u011f\u00adretti: \u00d6zg\u00fcrl\u00fck sava\u015f\u0131 bir bask\u0131n bi\u00e7iminde yap\u0131l\u0131r. Mi-en-leh ise \u015f\u00f6yle \u00f6\u011fretti: Her ikisi de gereklidir. Hem bir \u015feyler patlamal\u0131, hem de bask\u0131n yap\u0131lmal\u0131.<\/p>\n<p>\u00c7\u00f6z\u00fcmlemelerinde gelecekte b\u00fcy\u00fck kar\u0131\u015f\u0131kl\u0131k\u00adlar\u0131n do\u011faca\u011f\u0131n\u0131 anlad\u0131 ve bunun \u00fczerine partisini kurdu.<\/p>\n<p>\u00dcstad Sa, \u00fcstad Mi-en-leh&#8217;i su\u00e7lad\u0131: Mi-en-leh, egemenlik halktaym\u0131\u015f gibi konu\u015fuyordu; oysa ger\u00e7ekte o halk\u0131 y\u00f6netiyordu. Bunun \u00fczerine Mi-en- leh bir \u00f6yk\u00fc anlatt\u0131: Tan\u0131d\u0131\u011f\u0131m iki adam vard\u0131, dedi. Bunlar ayn\u0131 evde ama ayr\u0131 odalarda kal\u0131yorlard\u0131. Ya\u015fl\u0131s\u0131 rahat bir yatakta genci ise bir deri \u015filtenin \u00fcst\u00fcnde yatmaktayd\u0131. Sabahleyin genci daha kalkmam\u0131\u015f olursa, ya\u015fl\u0131s\u0131 onu sarsarak tatl\u0131 uykusundan uyand\u0131r\u0131rd\u0131. Yemekte ise \u00e7o\u011fu kez gencin en sevdi\u011fi \u015feyleri \u00f6n\u00fcnden al\u0131rd\u0131. Gen\u00e7 adam i\u00e7mek istedi\u011finde ya\u015fl\u0131 adamdan ancak su ya da s\u00fct alabilirdi. \u0130nsan\u0131n ba\u015f\u0131n\u0131 d\u00f6nd\u00fcren pirin\u00e7 \u015farab\u0131n\u0131 gizlice edindi\u011fi zaman da, ya\u015fl\u0131 adam onu herkesin \u00f6n\u00fcnde sert s\u00f6zlerle azarlard\u0131. Buna kar\u015f\u0131l\u0131k gen\u00e7 adam \u00f6fkeyle kar\u015f\u0131l\u0131k verdi\u011finde, herkesin \u00f6n\u00fcnde \u00f6z\u00fcr dilemek zorundayd\u0131. Sabahlar\u0131 ya\u015fl\u0131 adam\u0131n at s\u0131rt\u0131nda gitti\u011fini ve \u00f6tekini de \u00f6n\u00fcnden y\u00fcr\u00fctt\u00fc\u011f\u00fcn\u00fc g\u00f6r\u00fcrd\u00fcm. G\u00fcn\u00fcn birinde ya\u015fl\u0131 adama k\u00f6lesinin nerede oldu\u011funu sordum. O benim k\u00f6lem de\u011fil ki, diye kar\u015f\u0131l\u0131k yerdi deh\u015fetle. O bir \u015fampiyon ve ben onu en b\u00fcy\u00fck ma\u00e7\u0131 i\u00e7in \u00e7al\u0131\u015f\u00adt\u0131r\u0131yorum; kendisini forma sokay\u0131m diye beni o kiralad\u0131. Ger\u00e7ekte ben onun k\u00f6lesiyim.<\/p>\n<p>Mi-en-leh \u015f\u00f6yle dedi: Kimin efendi, kimin k\u00f6le oldu\u011funu \u00f6\u011frenebilmek i\u00e7in bir ili\u015fkiden kimin daha b\u00fcy\u00fck yarar sa\u011flad\u0131\u011f\u0131n\u0131 saptamak gerekir.<\/p>\n<p>Saban yapan demirciler, Mi-en-leh&#8217;in yard\u0131m\u0131yla i\u015flik sahiplerini ba\u015flar\u0131ndan kovduklar\u0131nda, i\u015flikleri i\u00e7in bir ka\u00e7 ustay\u0131 gereksindiler. Ustalar ise, kendilerine olan gereksinmeye g\u00fcvenerek b\u00fcy\u00fck bir kar\u015f\u0131l\u0131k istediler. Mi-en-leh&#8217; in kendisi hastayd\u0131 ve a\u015f\u0131r\u0131 \u00e7al\u0131\u015fmaktan bitkin d\u00fc\u015fm\u00fc\u015ft\u00fc; \u00e7ok az yiyordu. Ama yine de demircilere \u015funu \u00f6\u011f\u00fctlerdi: O al\u00e7aklara en iyi tavuklar\u0131 ve en taze s\u00fctleri g\u00f6nderin! Ard\u0131ndan da zeki bak\u0131\u015flar\u0131n\u0131 \u00e7evresinde gezdirerek al\u00e7ak sesle \u015funu eklerdi: En b\u00fcy\u00fck nefretlerinizi yollamay\u0131 da unutmay\u0131n!<\/p>\n<p style=\"text-align: justify;\">Parti \u00dczerine | Me-Ti &#8211; Tarihte Diyalektik &#8211; Bertolt Brecht<\/p>\n<p><strong>\u00d6nemli Adlar:<\/strong><\/p>\n<p style=\"text-align: justify;\"><strong>Lenin<\/strong>: Mi-en-leh<br \/>\n<strong>Rosa Luxemburg<\/strong>: Sa<\/p>\n","protected":false},"excerpt":{"rendered":"<p>Mi-en-leh, \u015f\u00f6yle dedi: Yaln\u0131z kendi vicdan\u0131n\u0131n sesini dinlemek, yaln\u0131zca kendi d\u00fc\u015f\u00fcncelerinden temellenmek, ba\u015far\u0131s\u0131zl\u0131kla sonu\u00e7lanan her giri\u015fimden sonra kendi inine \u00e7ekilmek, hep t\u00fcm yeniliklere y\u00f6nelik olmak, kendini her zaman en \u00f6nemli davalar i\u00e7in saklamak, yaln\u0131zca d\u00fc\u015f\u00fcnceyi hareket noktas\u0131 almak, yaln\u0131zca tehlikeleri sevmek; bunlar partinin d\u0131\u015f\u0131nda da yap\u0131labilir. Partide ise yengiyi sava\u015farak elde etme olana\u011f\u0131 vard\u0131r. Mi-en-leh, [&hellip;]<\/p>\n","protected":false},"author":1,"featured_media":0,"comment_status":"open","ping_status":"open","sticky":false,"template":"","format":"standard","meta":{"footnotes":""},"categories":[122],"tags":[],"class_list":{"0":"post-7089","1":"post","2":"type-post","3":"status-publish","4":"format-standard","6":"category-sair-e-dair"},"yoast_head":"<!-- This site is optimized with the Yoast SEO Premium plugin v24.9 (Yoast SEO v24.9) - https:\/\/yoast.com\/wordpress\/plugins\/seo\/ -->\n<title>Parti \u00dczerine - Tarihte Diyalektik - Bertolt Brecht - narteks.net<\/title>\n<meta name=\"robots\" content=\"index, follow, max-snippet:-1, max-image-preview:large, max-video-preview:-1\" \/>\n<link rel=\"canonical\" href=\"https:\/\/narteks.net\/index.php\/2018\/08\/03\/parti-uzerine-tarihte-diyalektik-bertolt-brecht\/\" \/>\n<meta property=\"og:locale\" content=\"tr_TR\" \/>\n<meta property=\"og:type\" content=\"article\" \/>\n<meta property=\"og:title\" content=\"Parti \u00dczerine - Tarihte Diyalektik - Bertolt Brecht\" \/>\n<meta property=\"og:description\" content=\"Mi-en-leh, \u015f\u00f6yle dedi: Yaln\u0131z kendi vicdan\u0131n\u0131n sesini dinlemek, yaln\u0131zca kendi d\u00fc\u015f\u00fcncelerinden temellenmek, ba\u015far\u0131s\u0131zl\u0131kla sonu\u00e7lanan her giri\u015fimden sonra kendi inine \u00e7ekilmek, hep t\u00fcm yeniliklere y\u00f6nelik olmak, kendini her zaman en \u00f6nemli davalar i\u00e7in saklamak, yaln\u0131zca d\u00fc\u015f\u00fcnceyi hareket noktas\u0131 almak, yaln\u0131zca tehlikeleri sevmek; bunlar partinin d\u0131\u015f\u0131nda da yap\u0131labilir. Partide ise yengiyi sava\u015farak elde etme olana\u011f\u0131 vard\u0131r. Mi-en-leh, [&hellip;]\" \/>\n<meta property=\"og:url\" content=\"https:\/\/narteks.net\/index.php\/2018\/08\/03\/parti-uzerine-tarihte-diyalektik-bertolt-brecht\/\" \/>\n<meta property=\"og:site_name\" content=\"narteks.net\" \/>\n<meta property=\"article:published_time\" content=\"2018-08-03T10:29:08+00:00\" \/>\n<meta property=\"article:modified_time\" content=\"2024-04-27T10:09:18+00:00\" \/>\n<meta property=\"og:image\" content=\"http:\/\/narteks.net\/wp-content\/uploads\/bbrecht-1-150x150.jpg\" \/>\n<meta name=\"author\" content=\"Tar\u0131k\" \/>\n<meta name=\"twitter:card\" content=\"summary_large_image\" \/>\n<meta name=\"twitter:creator\" content=\"@narteks\" \/>\n<meta name=\"twitter:site\" content=\"@narteks\" \/>\n<meta name=\"twitter:label1\" content=\"Yazan:\" \/>\n\t<meta name=\"twitter:data1\" content=\"Tar\u0131k\" \/>\n\t<meta name=\"twitter:label2\" content=\"Tahmini okuma s\u00fcresi\" \/>\n\t<meta name=\"twitter:data2\" content=\"4 dakika\" \/>\n<script type=\"application\/ld+json\" class=\"yoast-schema-graph\">{\"@context\":\"https:\/\/schema.org\",\"@graph\":[{\"@type\":\"Article\",\"@id\":\"https:\/\/narteks.net\/index.php\/2018\/08\/03\/parti-uzerine-tarihte-diyalektik-bertolt-brecht\/#article\",\"isPartOf\":{\"@id\":\"https:\/\/narteks.net\/index.php\/2018\/08\/03\/parti-uzerine-tarihte-diyalektik-bertolt-brecht\/\"},\"author\":{\"name\":\"Tar\u0131k\",\"@id\":\"https:\/\/narteks.net\/#\/schema\/person\/61f37d9834294b72d31d274e7ed79bca\"},\"headline\":\"Parti \u00dczerine &#8211; Tarihte Diyalektik &#8211; Bertolt Brecht\",\"datePublished\":\"2018-08-03T10:29:08+00:00\",\"dateModified\":\"2024-04-27T10:09:18+00:00\",\"mainEntityOfPage\":{\"@id\":\"https:\/\/narteks.net\/index.php\/2018\/08\/03\/parti-uzerine-tarihte-diyalektik-bertolt-brecht\/\"},\"wordCount\":896,\"commentCount\":0,\"publisher\":{\"@id\":\"https:\/\/narteks.net\/#organization\"},\"image\":{\"@id\":\"https:\/\/narteks.net\/index.php\/2018\/08\/03\/parti-uzerine-tarihte-diyalektik-bertolt-brecht\/#primaryimage\"},\"thumbnailUrl\":\"http:\/\/narteks.net\/wp-content\/uploads\/bbrecht-1-150x150.jpg\",\"articleSection\":[\"\u015eair'e Dair\"],\"inLanguage\":\"tr\",\"potentialAction\":[{\"@type\":\"CommentAction\",\"name\":\"Comment\",\"target\":[\"https:\/\/narteks.net\/index.php\/2018\/08\/03\/parti-uzerine-tarihte-diyalektik-bertolt-brecht\/#respond\"]}]},{\"@type\":\"WebPage\",\"@id\":\"https:\/\/narteks.net\/index.php\/2018\/08\/03\/parti-uzerine-tarihte-diyalektik-bertolt-brecht\/\",\"url\":\"https:\/\/narteks.net\/index.php\/2018\/08\/03\/parti-uzerine-tarihte-diyalektik-bertolt-brecht\/\",\"name\":\"Parti \u00dczerine - Tarihte Diyalektik - Bertolt Brecht - narteks.net\",\"isPartOf\":{\"@id\":\"https:\/\/narteks.net\/#website\"},\"primaryImageOfPage\":{\"@id\":\"https:\/\/narteks.net\/index.php\/2018\/08\/03\/parti-uzerine-tarihte-diyalektik-bertolt-brecht\/#primaryimage\"},\"image\":{\"@id\":\"https:\/\/narteks.net\/index.php\/2018\/08\/03\/parti-uzerine-tarihte-diyalektik-bertolt-brecht\/#primaryimage\"},\"thumbnailUrl\":\"http:\/\/narteks.net\/wp-content\/uploads\/bbrecht-1-150x150.jpg\",\"datePublished\":\"2018-08-03T10:29:08+00:00\",\"dateModified\":\"2024-04-27T10:09:18+00:00\",\"breadcrumb\":{\"@id\":\"https:\/\/narteks.net\/index.php\/2018\/08\/03\/parti-uzerine-tarihte-diyalektik-bertolt-brecht\/#breadcrumb\"},\"inLanguage\":\"tr\",\"potentialAction\":[{\"@type\":\"ReadAction\",\"target\":[\"https:\/\/narteks.net\/index.php\/2018\/08\/03\/parti-uzerine-tarihte-diyalektik-bertolt-brecht\/\"]}]},{\"@type\":\"ImageObject\",\"inLanguage\":\"tr\",\"@id\":\"https:\/\/narteks.net\/index.php\/2018\/08\/03\/parti-uzerine-tarihte-diyalektik-bertolt-brecht\/#primaryimage\",\"url\":\"https:\/\/narteks.net\/wp-content\/uploads\/bbrecht-1.jpg\",\"contentUrl\":\"https:\/\/narteks.net\/wp-content\/uploads\/bbrecht-1.jpg\",\"width\":155,\"height\":205},{\"@type\":\"BreadcrumbList\",\"@id\":\"https:\/\/narteks.net\/index.php\/2018\/08\/03\/parti-uzerine-tarihte-diyalektik-bertolt-brecht\/#breadcrumb\",\"itemListElement\":[{\"@type\":\"ListItem\",\"position\":1,\"name\":\"Anasayfa\",\"item\":\"https:\/\/narteks.net\/\"},{\"@type\":\"ListItem\",\"position\":2,\"name\":\"Parti \u00dczerine &#8211; Tarihte Diyalektik &#8211; Bertolt Brecht\"}]},{\"@type\":\"WebSite\",\"@id\":\"https:\/\/narteks.net\/#website\",\"url\":\"https:\/\/narteks.net\/\",\"name\":\"narteks.net\",\"description\":\"K\u00fclt\u00fcr Sanat Edebiyat Felsefe\",\"publisher\":{\"@id\":\"https:\/\/narteks.net\/#organization\"},\"alternateName\":\"K\u00fclt\u00fcr Sanat Edebiyat Felsefe\",\"potentialAction\":[{\"@type\":\"SearchAction\",\"target\":{\"@type\":\"EntryPoint\",\"urlTemplate\":\"https:\/\/narteks.net\/?s={search_term_string}\"},\"query-input\":{\"@type\":\"PropertyValueSpecification\",\"valueRequired\":true,\"valueName\":\"search_term_string\"}}],\"inLanguage\":\"tr\"},{\"@type\":\"Organization\",\"@id\":\"https:\/\/narteks.net\/#organization\",\"name\":\"narteks.net\",\"url\":\"https:\/\/narteks.net\/\",\"logo\":{\"@type\":\"ImageObject\",\"inLanguage\":\"tr\",\"@id\":\"https:\/\/narteks.net\/#\/schema\/logo\/image\/\",\"url\":\"https:\/\/narteks.net\/wp-content\/uploads\/narteks.png\",\"contentUrl\":\"https:\/\/narteks.net\/wp-content\/uploads\/narteks.png\",\"width\":300,\"height\":90,\"caption\":\"narteks.net\"},\"image\":{\"@id\":\"https:\/\/narteks.net\/#\/schema\/logo\/image\/\"},\"sameAs\":[\"https:\/\/x.com\/narteks\",\"https:\/\/instagram.com\/narteksnet\"]},{\"@type\":\"Person\",\"@id\":\"https:\/\/narteks.net\/#\/schema\/person\/61f37d9834294b72d31d274e7ed79bca\",\"name\":\"Tar\u0131k\",\"image\":{\"@type\":\"ImageObject\",\"inLanguage\":\"tr\",\"@id\":\"https:\/\/narteks.net\/#\/schema\/person\/image\/\",\"url\":\"https:\/\/secure.gravatar.com\/avatar\/50865afb55632c4ae467e0af0930f6510aa2297d8014be502a55b14f3b7550cf?s=96&d=mm&r=g\",\"contentUrl\":\"https:\/\/secure.gravatar.com\/avatar\/50865afb55632c4ae467e0af0930f6510aa2297d8014be502a55b14f3b7550cf?s=96&d=mm&r=g\",\"caption\":\"Tar\u0131k\"},\"sameAs\":[\"http:\/\/narteks.net\"],\"url\":\"https:\/\/narteks.net\/index.php\/author\/narbak\/\"}]}<\/script>\n<!-- \/ Yoast SEO Premium plugin. -->","yoast_head_json":{"title":"Parti \u00dczerine - Tarihte Diyalektik - Bertolt Brecht - narteks.net","robots":{"index":"index","follow":"follow","max-snippet":"max-snippet:-1","max-image-preview":"max-image-preview:large","max-video-preview":"max-video-preview:-1"},"canonical":"https:\/\/narteks.net\/index.php\/2018\/08\/03\/parti-uzerine-tarihte-diyalektik-bertolt-brecht\/","og_locale":"tr_TR","og_type":"article","og_title":"Parti \u00dczerine - Tarihte Diyalektik - Bertolt Brecht","og_description":"Mi-en-leh, \u015f\u00f6yle dedi: Yaln\u0131z kendi vicdan\u0131n\u0131n sesini dinlemek, yaln\u0131zca kendi d\u00fc\u015f\u00fcncelerinden temellenmek, ba\u015far\u0131s\u0131zl\u0131kla sonu\u00e7lanan her giri\u015fimden sonra kendi inine \u00e7ekilmek, hep t\u00fcm yeniliklere y\u00f6nelik olmak, kendini her zaman en \u00f6nemli davalar i\u00e7in saklamak, yaln\u0131zca d\u00fc\u015f\u00fcnceyi hareket noktas\u0131 almak, yaln\u0131zca tehlikeleri sevmek; bunlar partinin d\u0131\u015f\u0131nda da yap\u0131labilir. Partide ise yengiyi sava\u015farak elde etme olana\u011f\u0131 vard\u0131r. Mi-en-leh, [&hellip;]","og_url":"https:\/\/narteks.net\/index.php\/2018\/08\/03\/parti-uzerine-tarihte-diyalektik-bertolt-brecht\/","og_site_name":"narteks.net","article_published_time":"2018-08-03T10:29:08+00:00","article_modified_time":"2024-04-27T10:09:18+00:00","og_image":[{"url":"http:\/\/narteks.net\/wp-content\/uploads\/bbrecht-1-150x150.jpg","type":"","width":"","height":""}],"author":"Tar\u0131k","twitter_card":"summary_large_image","twitter_creator":"@narteks","twitter_site":"@narteks","twitter_misc":{"Yazan:":"Tar\u0131k","Tahmini okuma s\u00fcresi":"4 dakika"},"schema":{"@context":"https:\/\/schema.org","@graph":[{"@type":"Article","@id":"https:\/\/narteks.net\/index.php\/2018\/08\/03\/parti-uzerine-tarihte-diyalektik-bertolt-brecht\/#article","isPartOf":{"@id":"https:\/\/narteks.net\/index.php\/2018\/08\/03\/parti-uzerine-tarihte-diyalektik-bertolt-brecht\/"},"author":{"name":"Tar\u0131k","@id":"https:\/\/narteks.net\/#\/schema\/person\/61f37d9834294b72d31d274e7ed79bca"},"headline":"Parti \u00dczerine &#8211; Tarihte Diyalektik &#8211; Bertolt Brecht","datePublished":"2018-08-03T10:29:08+00:00","dateModified":"2024-04-27T10:09:18+00:00","mainEntityOfPage":{"@id":"https:\/\/narteks.net\/index.php\/2018\/08\/03\/parti-uzerine-tarihte-diyalektik-bertolt-brecht\/"},"wordCount":896,"commentCount":0,"publisher":{"@id":"https:\/\/narteks.net\/#organization"},"image":{"@id":"https:\/\/narteks.net\/index.php\/2018\/08\/03\/parti-uzerine-tarihte-diyalektik-bertolt-brecht\/#primaryimage"},"thumbnailUrl":"http:\/\/narteks.net\/wp-content\/uploads\/bbrecht-1-150x150.jpg","articleSection":["\u015eair'e Dair"],"inLanguage":"tr","potentialAction":[{"@type":"CommentAction","name":"Comment","target":["https:\/\/narteks.net\/index.php\/2018\/08\/03\/parti-uzerine-tarihte-diyalektik-bertolt-brecht\/#respond"]}]},{"@type":"WebPage","@id":"https:\/\/narteks.net\/index.php\/2018\/08\/03\/parti-uzerine-tarihte-diyalektik-bertolt-brecht\/","url":"https:\/\/narteks.net\/index.php\/2018\/08\/03\/parti-uzerine-tarihte-diyalektik-bertolt-brecht\/","name":"Parti \u00dczerine - Tarihte Diyalektik - Bertolt Brecht - narteks.net","isPartOf":{"@id":"https:\/\/narteks.net\/#website"},"primaryImageOfPage":{"@id":"https:\/\/narteks.net\/index.php\/2018\/08\/03\/parti-uzerine-tarihte-diyalektik-bertolt-brecht\/#primaryimage"},"image":{"@id":"https:\/\/narteks.net\/index.php\/2018\/08\/03\/parti-uzerine-tarihte-diyalektik-bertolt-brecht\/#primaryimage"},"thumbnailUrl":"http:\/\/narteks.net\/wp-content\/uploads\/bbrecht-1-150x150.jpg","datePublished":"2018-08-03T10:29:08+00:00","dateModified":"2024-04-27T10:09:18+00:00","breadcrumb":{"@id":"https:\/\/narteks.net\/index.php\/2018\/08\/03\/parti-uzerine-tarihte-diyalektik-bertolt-brecht\/#breadcrumb"},"inLanguage":"tr","potentialAction":[{"@type":"ReadAction","target":["https:\/\/narteks.net\/index.php\/2018\/08\/03\/parti-uzerine-tarihte-diyalektik-bertolt-brecht\/"]}]},{"@type":"ImageObject","inLanguage":"tr","@id":"https:\/\/narteks.net\/index.php\/2018\/08\/03\/parti-uzerine-tarihte-diyalektik-bertolt-brecht\/#primaryimage","url":"https:\/\/narteks.net\/wp-content\/uploads\/bbrecht-1.jpg","contentUrl":"https:\/\/narteks.net\/wp-content\/uploads\/bbrecht-1.jpg","width":155,"height":205},{"@type":"BreadcrumbList","@id":"https:\/\/narteks.net\/index.php\/2018\/08\/03\/parti-uzerine-tarihte-diyalektik-bertolt-brecht\/#breadcrumb","itemListElement":[{"@type":"ListItem","position":1,"name":"Anasayfa","item":"https:\/\/narteks.net\/"},{"@type":"ListItem","position":2,"name":"Parti \u00dczerine &#8211; Tarihte Diyalektik &#8211; Bertolt Brecht"}]},{"@type":"WebSite","@id":"https:\/\/narteks.net\/#website","url":"https:\/\/narteks.net\/","name":"narteks.net","description":"K\u00fclt\u00fcr Sanat Edebiyat Felsefe","publisher":{"@id":"https:\/\/narteks.net\/#organization"},"alternateName":"K\u00fclt\u00fcr Sanat Edebiyat Felsefe","potentialAction":[{"@type":"SearchAction","target":{"@type":"EntryPoint","urlTemplate":"https:\/\/narteks.net\/?s={search_term_string}"},"query-input":{"@type":"PropertyValueSpecification","valueRequired":true,"valueName":"search_term_string"}}],"inLanguage":"tr"},{"@type":"Organization","@id":"https:\/\/narteks.net\/#organization","name":"narteks.net","url":"https:\/\/narteks.net\/","logo":{"@type":"ImageObject","inLanguage":"tr","@id":"https:\/\/narteks.net\/#\/schema\/logo\/image\/","url":"https:\/\/narteks.net\/wp-content\/uploads\/narteks.png","contentUrl":"https:\/\/narteks.net\/wp-content\/uploads\/narteks.png","width":300,"height":90,"caption":"narteks.net"},"image":{"@id":"https:\/\/narteks.net\/#\/schema\/logo\/image\/"},"sameAs":["https:\/\/x.com\/narteks","https:\/\/instagram.com\/narteksnet"]},{"@type":"Person","@id":"https:\/\/narteks.net\/#\/schema\/person\/61f37d9834294b72d31d274e7ed79bca","name":"Tar\u0131k","image":{"@type":"ImageObject","inLanguage":"tr","@id":"https:\/\/narteks.net\/#\/schema\/person\/image\/","url":"https:\/\/secure.gravatar.com\/avatar\/50865afb55632c4ae467e0af0930f6510aa2297d8014be502a55b14f3b7550cf?s=96&d=mm&r=g","contentUrl":"https:\/\/secure.gravatar.com\/avatar\/50865afb55632c4ae467e0af0930f6510aa2297d8014be502a55b14f3b7550cf?s=96&d=mm&r=g","caption":"Tar\u0131k"},"sameAs":["http:\/\/narteks.net"],"url":"https:\/\/narteks.net\/index.php\/author\/narbak\/"}]}},"_links":{"self":[{"href":"https:\/\/narteks.net\/index.php\/wp-json\/wp\/v2\/posts\/7089","targetHints":{"allow":["GET"]}}],"collection":[{"href":"https:\/\/narteks.net\/index.php\/wp-json\/wp\/v2\/posts"}],"about":[{"href":"https:\/\/narteks.net\/index.php\/wp-json\/wp\/v2\/types\/post"}],"author":[{"embeddable":true,"href":"https:\/\/narteks.net\/index.php\/wp-json\/wp\/v2\/users\/1"}],"replies":[{"embeddable":true,"href":"https:\/\/narteks.net\/index.php\/wp-json\/wp\/v2\/comments?post=7089"}],"version-history":[{"count":1,"href":"https:\/\/narteks.net\/index.php\/wp-json\/wp\/v2\/posts\/7089\/revisions"}],"predecessor-version":[{"id":7896,"href":"https:\/\/narteks.net\/index.php\/wp-json\/wp\/v2\/posts\/7089\/revisions\/7896"}],"wp:attachment":[{"href":"https:\/\/narteks.net\/index.php\/wp-json\/wp\/v2\/media?parent=7089"}],"wp:term":[{"taxonomy":"category","embeddable":true,"href":"https:\/\/narteks.net\/index.php\/wp-json\/wp\/v2\/categories?post=7089"},{"taxonomy":"post_tag","embeddable":true,"href":"https:\/\/narteks.net\/index.php\/wp-json\/wp\/v2\/tags?post=7089"}],"curies":[{"name":"wp","href":"https:\/\/api.w.org\/{rel}","templated":true}]}}