{"id":709,"date":"2009-04-25T15:35:49","date_gmt":"2009-04-25T12:35:49","guid":{"rendered":"http:\/\/localhost\/wordpress\/2009\/04\/25\/ihsan-oktay-anarla-soylesi\/"},"modified":"2009-04-25T15:35:49","modified_gmt":"2009-04-25T12:35:49","slug":"ihsan-oktay-anarla-soylesi","status":"publish","type":"post","link":"https:\/\/narteks.net\/index.php\/2009\/04\/25\/ihsan-oktay-anarla-soylesi\/","title":{"rendered":"\u0130hsan Oktay Anar&#8217;la S\u00f6yle\u015fi"},"content":{"rendered":"<div style=\"text-align: justify;\">\n<div style=\"text-align: justify;\"><strong><img loading=\"lazy\" decoding=\"async\" style=\"float: left;\" src=\"http:\/\/3.bp.blogspot.com\/_1fY-QswFBfU\/SxhgeEsY0sI\/AAAAAAAAACg\/IG9Y-KXElfc\/s200\/oktay.jpg\" width=\"155\" height=\"205\" border=\"0\" \/>Ne okuyorsak oyuz!<\/strong><\/div>\n<p>Edebiyat d\u00fcnyas\u0131nda kazanlar kaynarken bile hep sessizli\u011fini koruyan ustalardan biridir \u0130hsan Oktay Anar. Az r\u00f6portaj verir. \u00dcstelik s\u0131k da yazmaz; okurunu sab\u0131rs\u0131zl\u0131kla bekletir&#8230; Kitaplar\u0131 bir solukta okunan ve insan\u0131 r\u00fcya ile ger\u00e7ek, tarih ile i\u00e7 d\u00fcnyas\u0131 aras\u0131nda yolculu\u011fa \u00e7\u0131karan Anar ile ge\u00e7ti\u011fimiz hafta i\u00e7inde ald\u0131\u011f\u0131 Erdal \u00d6z Edebiyat \u00d6d\u00fcl\u00fc vesilesiyle bir araya geldik&#8230;<\/p>\n<p>&#8216;Uzun \u0130hsan Efendi&#8217; ile Kar\u015f\u0131yaka Hergele Meydan\u0131&#8217;ndan tan\u0131\u015f\u0131r\u0131z; muhabbetimiz o g\u00fcnlerden&#8230; \u00c7ocukluk arkada\u015flar\u0131 bizler, 1.98 boyu ile maruf Uzun \u0130hsan&#8217;\u0131n ba\u015far\u0131l\u0131 bir yazar, \u00f6nemli bir adam olaca\u011f\u0131n\u0131 bilemezlerdi ku\u015fkusuz; ama \u00e7ok okuyan, okudu\u011funu da anlayan bir \u00e7ocuk olarak dikkat \u00e7ekerdi. O, hep az konu\u015fan \u00e7ok d\u00fc\u015f\u00fcnen bir insan oldu. <br \/>\u0130hsan Oktay Anar, bug\u00fcn geldi\u011fi noktada dikkat \u00e7eken, sevilen ve konu\u015fulan \u00f6nemli bir yazar, ba\u015far\u0131l\u0131 bir akademisyen. B\u00fct\u00fcn bu \u00f6zelliklerini \u00f6nemsemeyecek kadar da m\u00fctevaz\u0131, kendini anlatmay\u0131 sevmeyen bir adam.<br \/>K\u0131sa \u0130stanbul maceras\u0131 ve sonras\u0131nda yuvaya d\u00f6n\u00fc\u015f\u00fcm\u00fczde, \u0130stanbul&#8217;un onu neden korkuttu\u011funu anlayamam\u0131\u015ft\u0131k. &#8216;Ben gelmem \u0130stanbul&#8217;a&#8217; demi\u015fti de ba\u015fka bir \u015fey dememi\u015fti&#8230; \u015eimdi daha iyi anl\u0131yoruz. &#8216;Puslu K\u0131talar Atlas\u0131&#8217;ndaki Rendekar&#8217;\u0131n Rene Descartes oldu\u011funu hayli ge\u00e7 anlad\u0131\u011f\u0131m\u0131z gibi&#8230; \u0130zmir&#8217;e, Kar\u015f\u0131yaka&#8217;ya olan aidiyetini anlamak i\u00e7in, onun &#8216;Hask\u00f6y Gemisi&#8217; (1999) adl\u0131 \u00f6yk\u00fcs\u00fcn\u00fc okumam\u0131z gerekecekti. \u00d6yk\u00fcn\u00fcn kahraman\u0131 olan Hask\u00f6y Gemisi&#8217;nin ad\u0131n\u0131 sonradan de\u011fi\u015ftirdiler ama bug\u00fcn hala K\u00f6rfez&#8217;de hizmetimizde&#8230; 1950-60 y\u0131llar\u0131 aras\u0131nda Kar\u015f\u0131yaka&#8217;da do\u011fmu\u015f b\u00fcy\u00fcm\u00fc\u015f b\u00fct\u00fcn \u00e7ocuklar\u0131n ortak \u00f6yk\u00fcs\u00fcd\u00fcr bu \u00f6yk\u00fc. Bir gemi \u00fczerinden bir nesli anlat\u0131r. \u00dcniversitede verdi\u011fi felsefe derslerinde, g\u00fczel u\u00e7urtma u\u00e7urman\u0131n s\u0131rlar\u0131n\u0131 neden anlatt\u0131\u011f\u0131n\u0131 da yine bu \u00f6yk\u00fcy\u00fc okuyanlar bilir. Eskiden derslerinde &#8216;Zagor Baltas\u0131&#8217; yapmay\u0131 da anlat\u0131rm\u0131\u015f&#8230;<br \/>Can Yay\u0131nlar\u0131 bu y\u0131l, &#8216;Erdal \u00d6z- Edebiyat \u00d6d\u00fcl\u00fc&#8217;ne \u0130hsan Oktay Anar&#8217;\u0131 lay\u0131k g\u00f6rm\u00fc\u015f. &#8216;Edebiyat\u0131m\u0131za kazand\u0131rd\u0131\u011f\u0131 birbirinden \u00f6nemli romanlar\u0131, bu romanlarda ortaya koydu\u011fu \u00f6zg\u00fcn \u00fcslubu nedeniyle&#8230;&#8217; diye de bir a\u00e7\u0131klama yap\u0131lm\u0131\u015f. \u00d6d\u00fcl, gelecek cuma (26 Mart) g\u00fcn\u00fc Pera M\u00fczesi&#8217;nde sahibine verilecek&#8230; \u00d6d\u00fcl j\u00fcrisinin &#8216;yazar\u0131n T\u00fcrk\u00e7e&#8217;ye ve Osmanl\u0131ca&#8217;ya olan hakimiyetini, romanlar\u0131n\u0131n dilindeki a\u011f\u0131r i\u015f\u00e7ili\u011fi&#8217; de \u00f6nemsedi\u011fini d\u00fc\u015f\u00fcn\u00fcyorum. Bu arada j\u00fcrinin \u00e7ok de\u011ferli isimlerden olu\u015ftu\u011funu da belirtmekte yarar var. Kendisi &#8216;medyatik&#8217; bir yazar de\u011fildir, tan\u0131mad\u0131\u011f\u0131 gazeteci ile kolay r\u00f6portaj yapmaz. Kalemiyle, duru\u015fuyla, edebiyat d\u00fcnyas\u0131nda b\u00fcy\u00fck sayg\u0131 g\u00f6r\u00fcr; ama bunu da umursar m\u0131 bilinmez!\u00a0 <br \/>Bir hafta \u00f6nce babas\u0131n\u0131 yitirmi\u015f olman\u0131n ac\u0131s\u0131n\u0131 ya\u015fayan \u0130hsan Oktay Anar ile Felsefe B\u00f6l\u00fcm\u00fc&#8217;nde \u00f6\u011fretim \u00fcyesi olarak g\u00f6rev yapt\u0131\u011f\u0131 Ege \u00dcniversitesi Edebiyat Fak\u00fcltesi&#8217;nin bah\u00e7esinde gezerek s\u00f6yle\u015ftik&#8230; \u00dcniversite hocal\u0131\u011f\u0131 pek kolay bir i\u015f de\u011fil. Edebiyat Fak\u00fcltesi&#8217;nde Antik Felsefe ve Antik Yunanca dersleri veriyor. Bir yandan da edebiyatla u\u011fra\u015f\u0131yor ama &#8216;yeterince yazmad\u0131\u011f\u0131&#8217; i\u00e7in ele\u015ftiriliyor.<br \/>Son \u00f6d\u00fcle sevinmi\u015f. Ba\u015fka \u00f6d\u00fcller de alm\u0131\u015ft\u0131, hepsinde ayn\u0131 sevinci ya\u015famad\u0131\u011f\u0131n\u0131 biliyorum. Ge\u00e7mi\u015fteki \u00f6d\u00fcllerinden s\u00f6z a\u00e7\u0131l\u0131nca, Fransa&#8217;dan gelen bir \u00f6d\u00fcl ile O\u011fuz Atay \u00f6d\u00fcl\u00fcn\u00fc sayd\u0131. &#8216;Bu \u00f6d\u00fcle ger\u00e7ekten \u00e7ok sevindim. Erdal \u00d6z ad\u0131na verilen bir \u00f6d\u00fcl\u00fcn sahibi olmak ne g\u00fczel. 50 ku\u015fa\u011f\u0131n\u0131n en iyi yazarlar\u0131ndan biridir, gen\u00e7li\u011fimizde okuduk. Erdal Bey kitap\u00e7\u0131 raflar\u0131ndayd\u0131 o zamanlar, \u015fimdi zihnimizde g\u00f6nl\u00fcm\u00fczde&#8217; diye \u00f6zetledi yeni \u00f6d\u00fcle bak\u0131\u015f\u0131n\u0131&#8230;<\/p>\n<p>EL\u0130F \u015eAFAK&#8217;TA FARK VAR<\/p>\n<p><strong>\u00dcniversitede ders vermen, sadece ekmek paras\u0131 ile a\u00e7\u0131klanabilir mi?<\/strong><br \/>Hay\u0131r, ekmek paras\u0131 edebiyat\u0131 geride kald\u0131, ger\u00e7ekten \u00e7ok zevk ald\u0131\u011f\u0131m i\u00e7in yap\u0131yorum bu i\u015fi. \u00d6\u011frencilerle beraber olmak g\u00fczel, onlara ders anlatmak i\u00e7in haz\u0131rlanmak, ara\u015ft\u0131rmak g\u00fczel. Sonra felsefe \u00e7ok g\u00fczel&#8230;<\/p>\n<p><strong>Peki, \u00f6\u011frencilerle aran nas\u0131l? Seviyor musun onlar\u0131?<\/strong><br \/>Y\u00fczde be\u015fini \u00e7ok seviyorum, \u00e7ok be\u011feniyorum. Y\u00fczde 20&#8217;sini be\u011feniyorum. Kalanlar\u0131 da beni sevmiyor&#8230;<\/p>\n<p>1995&#8217;te &#8216;Puslu K\u0131talar Atlas\u0131&#8217; yay\u0131mland\u0131\u011f\u0131nda, senin i\u00e7in &#8216;yeni bir soluk&#8217; denmi\u015fti&#8230; Ard\u0131ndan iki kitab\u0131n pe\u015f pe\u015fe geldi: &#8216;Kitab-\u00fcl Hiyel&#8217; (1996) ve &#8216;Efrasiyab&#8217;\u0131n Hikayeleri&#8217; (1997). Sonra &#8216;Yazmaz oldu bu adam&#8217; dedik. 2005&#8217;te ise &#8216;Amat&#8217;la sars\u0131ld\u0131k, ge\u00e7en y\u0131l da &#8216;Suskunlar&#8217;\u0131 bir solukta okuduk.<br \/><strong><br \/>Kendini hala yeni bir soluk gibi hissediyor musun?<\/strong><br \/>T\u00fcrk edebiyat\u0131 t\u0131k nefes bir edebiyat de\u011fil, edebiyat\u0131m\u0131zda gen\u00e7 ve yetenekli yazarlar, \u015fairler var. Yeni soluklar var yani (g\u00fcl\u00fcyor)&#8230; Benim i\u00e7in durdu diye d\u00fc\u015f\u00fcn\u00fclmesi normal, ama \u00e7ok uzun ara\u015ft\u0131rmalardan sonra yazabiliyorum romanlar\u0131m\u0131. \u00d6rne\u011fin denizcilik tarihi \u00fczerine tam \u00fc\u00e7 y\u0131l ne var ne yoksa okuduktan sonra yazabildim &#8216;Amat&#8217;\u0131&#8230; Bu arada edebiyat fak\u00fcltelerinde &#8216;Puslu K\u0131talar Atlas\u0131&#8217;n\u0131n ders kitab\u0131 olarak okutulmas\u0131n\u0131 da atlama l\u00fctfen. Ders kitab\u0131 olarak yeni bir soluk say\u0131labilirim&#8230;<\/p>\n<p><strong>Peki, g\u00fcn\u00fcm\u00fcz edebiyat\u0131ndan en be\u011fendi\u011fin yazar kim?<\/strong><br \/>Tabii ki Elif \u015eafak. Ba\u015fkalar\u0131 da var, ama sadece Elif \u015eafak&#8217;ta fark var&#8230; Bu nedenle o ne yazsa hemen okumaya \u00e7al\u0131\u015f\u0131yorum, di\u011ferlerine uzun uzun vaktim olmuyor. Yeni yazarlardan \u00f6\u011frencilerimin bana anlatt\u0131klar\u0131 ya da yazd\u0131klar\u0131 ile haberdar oluyorum&#8230;<\/p>\n<p>KADINLARI ANLARSAN SEVERS\u0130N<br \/><strong>Elif \u015eafak&#8217;\u0131n &#8216;Siyah S\u00fct&#8217;\u00fc i\u00e7in k\u0131sa bir s\u00fcre \u00f6nce &#8216;Erkeklerin kolay anlayabilece\u011fi bir kitap de\u011fil&#8217; demi\u015ftin&#8230;<\/strong><br \/>Bu fikrim de\u011fi\u015fmedi. &#8216;Siyah S\u00fct&#8217;, kad\u0131nlar\u0131n anlayabilece\u011fi, kolay empati kurabilece\u011fi bir kitapt\u0131r. Kad\u0131nlar\u0131n anlad\u0131\u011f\u0131 edebi eserleri, erkekler her zaman anlayamaz. Erkeklerin b\u00f6yle bir fark\u0131 yok.<\/p>\n<p><strong>Kad\u0131nlar\u0131 ger\u00e7ekten anlamak m\u00fcmk\u00fcn m\u00fc sence?<\/strong><br \/>Kad\u0131nlar\u0131 anlarsan seversin, anlamaya \u00e7al\u0131\u015fmak, \u00e7aba g\u00f6stermek laz\u0131m&#8230; Anlayamad\u0131klar\u0131 i\u00e7in seven, benim bulmaca merakl\u0131s\u0131 gibi bakt\u0131\u011f\u0131m arkada\u015flar\u0131m da var. Bulmaca \u00e7\u00f6z\u00fcyorlar, \u00e7\u00f6zerken seviyorlar kad\u0131nlar\u0131. Kad\u0131nlar\u0131 tan\u0131madan sevenler oluyor. Bunlar, bulmaca \u00e7\u00f6zme u\u011fruna a\u015f\u0131k oluyorlar.<\/p>\n<p><strong>Peki, \u00e7\u00f6zebiliyorlar m\u0131 sence bulmacay\u0131?<\/strong><br \/>Bilemem, kendilerine sormak gerek. Ben \u00e7\u00f6zebileni de g\u00f6rd\u00fcm ama \u00e7\u00f6zemeyenler \u00e7o\u011funlukta&#8230;<\/p>\n<p><strong>Pek \u00e7ok dile \u00e7evrilen &#8216;Puslu K\u0131talar Atlas\u0131&#8217;nda Uzun \u0130hsan Efendi, &#8216;D\u00fcnya bir d\u00fc\u015ft\u00fcr, ah evet d\u00fcnya! D\u00fcnya bir masald\u0131r&#8217; diyordu&#8230; \u0130hsan Oktay Anar&#8217;\u0131n d\u00fcnyas\u0131 da bir d\u00fc\u015f m\u00fc?<\/strong><br \/>Evet, aynen \u00f6yle&#8230; D\u00fcnya bir r\u00fcyad\u0131r, roman yazmak zaten bir kurmacad\u0131r; hayali olan r\u00fcya g\u00f6r\u00fcr&#8230;<\/p>\n<p><strong>Ger\u00e7ekten b\u00f6yle mi bak\u0131yorsun?<\/strong><br \/>Zaman zaman b\u00f6yle bakar\u0131m, tersi de olur, ama masallar\u0131m\u0131 anlatt\u0131\u011f\u0131m ger\u00e7ek. Zaman zaman bir demir kadar sert, zaman zaman da s\u00fcnger gibi yumu\u015fakt\u0131r d\u00fcnya. Ama sadece benim i\u00e7in de\u011fil, b\u00fct\u00fcn insanlar i\u00e7in b\u00f6yledir. Ben o masal\u0131 anlatmaya \u00e7al\u0131\u015f\u0131yorum.<br \/><strong><br \/>\u0130hsan Oktay Anar&#8217;\u0131n bir konuda yazacaksa o konuda ne varsa okuyan, b\u0131rak okumay\u0131 o konuda ne varsa yalay\u0131p yutan \u00e7ok merakl\u0131 bir adam oldu\u011funu biliyoruz. Nas\u0131l beslendi\u011fini bir de senden dinleyelim..<\/strong>.<br \/>Sen de zaman zaman s\u00f6ylersin. Hipokrat &#8216;ne yiyorsak oyuz&#8217; demi\u015f ya&#8230; Ben de ne okuyorsak, neyden zevk al\u0131yorsak oyuz diyorum. Bana okuduklar\u0131m hi\u00e7bir \u015feyin \u00f6tekinden daha \u00f6nemli ya da daha az \u00f6nemli olmad\u0131\u011f\u0131n\u0131 g\u00f6sterdi. Din de \u00f6nemlidir, kad\u0131nlar da, siyaset de, tarih de&#8230; Hi\u00e7biri di\u011ferinden daha \u00f6nemli ya da \u00f6nemsiz de\u011fildir.<\/p>\n<p>Seni okuyanlar\u0131n tarihe merak sard\u0131klar\u0131 g\u00f6r\u00fcl\u00fcyor.<br \/>Tarih okumak ger\u00e7ekten \u00e7ok keyiflidir, b\u00f6yle bir duygu yaratabiliyorsak iyi&#8230;<\/p>\n<p>RESSAM OLAB\u0130L\u0130RD\u0130M<br \/><strong>Senin i\u00e7in yaz\u0131lanlar\u0131 okur musun?<\/strong><br \/>Bu konuda biraz ihmalciyim galiba. Benim i\u00e7in yaz\u0131lan her \u015feyi okudu\u011fum s\u00f6ylenemez. Evet, biraz ihmal ediyorum bu i\u015fleri. Vakit de yok zaten&#8230;<\/p>\n<p><strong>\u00d6nceki soruyu sorman\u0131n nedeni, bir ele\u015ftirmenin senin hakk\u0131nda &#8216;Birinin bu kadar ayr\u0131nt\u0131l\u0131 yazabilmesi i\u00e7in g\u00f6z\u00fcyle g\u00f6rm\u00fc\u015f olmas\u0131 gerek&#8217; dedi\u011fini okumu\u015ftum. \u00dc\u00e7-d\u00f6rt y\u00fcz y\u0131l \u00f6ncesini g\u00f6remedi\u011fine g\u00f6re nas\u0131l yaz\u0131yorsun diye sormak gerek \u015fimdi&#8230;<\/strong><br \/>\u00c7ok basit&#8230; Ben bunlar\u0131 d\u00fc\u015f\u00fcnmekten \u00e7ok zevk al\u0131yorum, \u00f6nce d\u00fc\u015f\u00fcn\u00fcyorum, zevk alarak yaz\u0131yorum. Sonra yeniden d\u00fc\u015f\u00fcn\u00fcyorum, yine zevk al\u0131yorum ve keyifle yaz\u0131yorum.<\/p>\n<p><strong>Ama yeterince yazmad\u0131\u011f\u0131n, az yazd\u0131\u011f\u0131n konusunda ele\u015ftiriler de var.<\/strong><br \/>Elimden geldi\u011fi kadar yaz\u0131yorum, edebiyat nicelikle ilgili de\u011fil, nitelikle ilgilidir. Belki az yaz\u0131yorum, her y\u0131l yeni bir roman \u00e7\u0131km\u0131yor, ama iyi \u00fcr\u00fcnler vermek istedi\u011fimi de unutma&#8230;<\/p>\n<p><strong>&#8216;Puslu K\u0131talar Atlas\u0131&#8217;ndan bu yana neler de\u011fi\u015fti Uzun \u0130hsan Efendi&#8217;de&#8230;<\/strong><br \/>Hayata kar\u015f\u0131 biraz daha ho\u015fg\u00f6r\u00fcl\u00fc, olaylar\u0131 daha yumu\u015fak alg\u0131layabilen bir insan oldum. Zaman b\u00f6yle bir \u015fey&#8230; K\u00f6\u015felerimizi yontuyor, bizi daha ho\u015fg\u00f6r\u00fcl\u00fc hale getiriyor. De\u011fi\u015fmeyen abart\u0131&#8230; Abart\u0131y\u0131 eskiden sevmezdim, \u015fimdi de sevmiyorum&#8230;<\/p>\n<p><strong>Ge\u00e7mi\u015fte kitaplar\u0131n\u0131n \u00e7izimlerini de yap\u0131yordun, art\u0131k vazge\u00e7tin galiba&#8230;<\/strong><br \/>K\u00f6reldi ya da k\u00f6relttim diyelim. Eskiden kartondan maketler yapard\u0131m ve \u00e7ok e\u011flenirdim. Kitaplar\u0131mdaki \u00e7izimler de e\u011flenceliydi. Ama \u015fimdi zaman bulam\u0131yorum. Asl\u0131nda lise y\u0131llar\u0131mda edebiyattan da ho\u015flan\u0131rd\u0131m, resimden de. \u00dcniversiteye girdi\u011fim 1980 y\u0131l\u0131nda \u0130zmir&#8217;deki G\u00fczel Sanatlar Fak\u00fcltesi a\u00e7\u0131lm\u0131\u015f olsayd\u0131, ben, edebiyat-felsefe yerine resim b\u00f6l\u00fcm\u00fcne giderdim ve ressam olurdum herhalde. Ya\u015fam\u0131m\u0131z\u0131 belirleyenler k\u0131smen ko\u015fullardan kaynaklan\u0131yor.<\/p>\n<p><strong>\u0130stanbul&#8217;a gidip resim okuyabilirdin&#8230;<\/strong><br \/>O zamanlar da \u0130stanbul&#8217;da ya\u015famay\u0131 d\u00fc\u015f\u00fcnmezdim.<\/p>\n<p><strong>\u015eimdi de d\u00fc\u015f\u00fcnm\u00fcyorsun galiba&#8230;<\/strong><br \/>\u0130zmir kolay vazge\u00e7ilebilir bir \u015fehir de\u011fil. \u0130stanbul denince akl\u0131ma, \u00f6nce gasp, h\u0131rs\u0131zl\u0131k, uyu\u015fturucu geliyor. Ancak Bo\u011faz da, Topkap\u0131 Saray\u0131 da \u0130stanbul&#8217;da, bunu da biliyorum ama ya\u015famay\u0131 d\u00fc\u015f\u00fcnmedim, d\u00fc\u015f\u00fcnm\u00fcyorum&#8230;<\/p>\n<p>3600 SAAT KEMAN DERS\u0130 ALDIM, \u00d6\u011eRENEMED\u0130M<br \/><strong>Daha \u00f6nce \u015f\u00f6yle demi\u015fsin bir s\u00f6yle\u015finde: &#8216;Yar\u0131n belki b\u00fct\u00fcn elyazmalar\u0131, notlar\u0131 b\u0131rakarak k\u00fct\u00fcphanemi terk ederek ortalama bir kemanc\u0131 olmaya \u00e7al\u0131\u015f\u0131r\u0131m. Fakat kemana da ba\u011fl\u0131 kalamam. Yani bir insan\u0131n kendini yazar, \u00f6\u011frenci, genel m\u00fcd\u00fcr kimli\u011fi i\u00e7ine s\u0131k\u0131\u015ft\u0131rmas\u0131n\u0131, bununla k\u0131van\u00e7 duymas\u0131n\u0131 anlayam\u0131yorum. Ne k\u00f6t\u00fc diyorum ne de olumluyorum; fakat anlayam\u0131yorum. D\u00fcnya o kadar b\u00fcy\u00fck ve se\u00e7enekleri o kadar fazla ki keman \u00e7almak bize zevk veriyorsa niye yazar olarak kalal\u0131m?&#8217; Sonra da m\u00fcthi\u015f m\u00fczik bilgileriyle bezedi\u011fin roman\u0131n &#8216;Suskunlar&#8217;\u0131 yazd\u0131n. Ders ald\u0131\u011f\u0131n\u0131 biliyordum, bu arada sen de iyi bir kemanc\u0131 oldun herhalde?<\/strong><br \/>Nerdeeeee&#8230; Maalesef \u00e7ok k\u00f6t\u00fc \u00e7al\u0131yorum. Tam 3600 saat keman dersi ald\u0131m, insan dersi almaya\u00a0\u00a0\u00a0\u00a0\u00a0\u00a0\u00a0 38 ya\u015f\u0131nda ba\u015flay\u0131nca demek ki \u00f6\u011frenilmiyor, ama kitap da yaz\u0131ld\u0131 bu arada&#8230;<\/p>\n<p>BU D\u00dcNYAYA E\u011eLENMEYE GELD\u0130K<br \/><strong>Mercan Dede senin kitab\u0131ndan alm\u0131\u015f ad\u0131n\u0131&#8230; Daha \u00f6nce tan\u0131\u015f\u0131yor muydunuz? Halen muhabbetiniz var m\u0131?<\/strong><br \/>Paralel evrenlerin varl\u0131\u011f\u0131na inan\u0131r m\u0131s\u0131n? Benim kalemimden \u00e7\u0131kanlar Mercan Dede&#8217;ye gidiyordu&#8230; Daha kitap yaz\u0131l\u0131rken&#8230; Birbirimizi hi\u00e7 tan\u0131m\u0131yorduk ama \u00f6yle oluyordu. \u015ea\u015f\u0131rt\u0131c\u0131 de\u011fildi bana g\u00f6re. Kuantum fizi\u011finde bu var. Daha sonra tan\u0131\u015ft\u0131k, \u015fimdi aral\u0131kl\u0131 olarak g\u00f6r\u00fc\u015f\u00fcyoruz.<\/p>\n<p><strong>Bug\u00fcn d\u00fcnyaya nas\u0131l bak\u0131yor \u0130hsan Oktay Anar?<\/strong><br \/>Biraz garip gelebilir ama bu d\u00fcnyaya e\u011flenmeye geldik diye d\u00fc\u015f\u00fcn\u00fcyorum&#8230; Ama tamamen stressiz bir ya\u015fam\u0131 da d\u00fc\u015f\u00fcnemiyorum. Elbette stres pe\u015finde ko\u015farken Ba\u011fdat&#8217;ta ya\u015famam\u0131z gerekmiyor. Stres zaman zaman laz\u0131m, ama bence d\u00fcnyaya e\u011flenmeye geldi\u011fimizi de unutmayal\u0131m&#8230;<\/p>\n<p>YEN\u0130 K\u0130TABA 2 YIL VAR&#8230;<br \/><strong>Bir gelecek plan\u0131 var m\u0131?<\/strong><br \/>Bir an \u00f6nce yaz\u0131n gelmesini ve g\u00fcne\u015flenece\u011fim g\u00fcnleri \u00f6zl\u00fcyorum. G\u00fcne\u015flenmeyi planl\u0131yorum.<\/p>\n<p><strong>Asl\u0131nda tezgahta yeni kitap var m\u0131, yok mu, onu merak ediyorum?<\/strong><br \/>Bir kitap var, \u00fczerinde \u00e7al\u0131\u015f\u0131yorum; 1,5-2 y\u0131l daha s\u00fcrer bitirmem. Ad\u0131n\u0131 s\u00f6ylemem. S\u00fcrpriz&#8230; Sadece yine tarihle bo\u011fu\u015faca\u011f\u0131m\u0131z\u0131 s\u00f6yleyebilirim. \u015eu ara silah tarihi \u00fczerine bol bol okuyorum. \u0130nsanlar\u0131 geldikleri noktayla de\u011fil, ald\u0131klar\u0131 mesafeyle de\u011ferlendirmek gerekir&#8230;<\/p>\n<p><strong>Son sorum&#8230; Ba\u015fka bir \u015fey olmak ister miydin?<\/strong><br \/>Can atm\u0131yorum&#8230;<\/p>\n<p>R\u00dcYAMA EP\u0130KUROS G\u0130RS\u0130N \u0130STER\u0130M<br \/> <strong>&#8216;Sokrates \u00d6ncesi Felsefede Varl\u0131k Sorunu&#8217; ba\u015fl\u0131kl\u0131 tezle y\u00fcksek lisans; &#8216;Antik Yunan Felsefesinde Zaman Kavram\u0131&#8217; ba\u015fl\u0131kl\u0131 tezle doktora yapt\u0131n. Felsefe tarihinin yan\u0131 s\u0131ra Yunanca dersleri de veriyorsun. R\u00fcyana antik \u00e7a\u011fdan kimse giriyor mu?<\/strong><br \/>Hay\u0131r, girmiyor maalesef&#8230;<\/p>\n<p> <strong>Kimin girmesini isterdin? Nas\u0131l olsa antik Yunanca konu\u015fuyorsun, anla\u015fabilirsin onlarla&#8230;<\/strong><br \/>Aristoteles girsin isterdim. Sempatik ve \u015fizoid oldu\u011fu i\u00e7in. Bir mide-ba\u011f\u0131rsak hastal\u0131\u011f\u0131ndan \u00f6ld\u00fc\u011f\u00fc i\u00e7in kafas\u0131na her \u015feyi takan bir insan oldu\u011funu d\u00fc\u015f\u00fcn\u00fcyorum. Konu\u015fmak isterdim. Platon&#8217;la kar\u015f\u0131la\u015fmak istemem do\u011frusu. Onun yazd\u0131\u011f\u0131 &#8216;ideal devlet&#8217;te de ya\u015famak istemem. Ama r\u00fcyama en \u00e7ok girmesini istedi\u011fim ki\u015fi Epikuros&#8230;<br \/><strong><br \/>Neden?<\/strong><br \/>\u00c7\u00fcnk\u00fc adam Hedonizmin babas\u0131&#8230; Keyifli bir ya\u015fam s\u00fcrmeyi, kafaya fazla bir \u015fey takmadan kaliteli bir ya\u015fam\u0131 savunuyor. \u0130yi yemek, iyi i\u00e7ki, g\u00fczel kad\u0131nlar&#8230; Epikuros&#8217;la r\u00fcyamda da olsa kar\u015f\u0131la\u015fmak isterdim. Sefa pezevenkli\u011fi yani&#8230;<\/p>\n<p>B\u0130R \u015eEH\u0130R EFSANES\u0130N\u0130N ASLI<br \/><strong>Askerli\u011fin s\u0131ras\u0131nda bir may\u0131n\u0131n \u00fczerinde 6 saat boyunca k\u0131p\u0131rdamadan kald\u0131\u011f\u0131n\u0131 anlatan dostlar\u0131n var. Do\u011fru mu bu? (Anar&#8217;la ilgili olarak anlat\u0131lan bir \u015fehir efsanesidir: Bir may\u0131na basm\u0131\u015f ve 6-7 saat patlamamas\u0131 i\u00e7in hareketsiz kalm\u0131\u015f&#8230;)<\/strong><br \/>\u00c7ok kritik bir yerde askerlik yapt\u0131m. Orada klasik m\u00fczik dinlerdim. M\u00fczi\u011fin duygular\u0131ma terc\u00fcman olaca\u011f\u0131n\u0131 d\u00fc\u015f\u00fcn\u00fcrd\u00fcm. Tam da \u00f6yle g\u00fcnlerin birinde elimizde detekt\u00f6rle may\u0131n aramaya \u00e7\u0131km\u0131\u015ft\u0131k. Detekt\u00f6r sinyal verince durdum. Kazmaya ba\u015flad\u0131m, yani \u00fczerine basmam s\u00f6z konusu de\u011fil. Kayalar da may\u0131n da ye\u015fil renkliydi, sonra arad\u0131k arad\u0131k may\u0131n\u0131 bulamad\u0131k&#8230; Hikaye budur, abartmamak gerek&#8230;<\/p>\n<p>NED\u0130M AT\u0130LLA<\/p><\/div>\n","protected":false},"excerpt":{"rendered":"<p>Ne okuyorsak oyuz! Edebiyat d\u00fcnyas\u0131nda kazanlar kaynarken bile hep sessizli\u011fini koruyan ustalardan biridir \u0130hsan Oktay Anar. Az r\u00f6portaj verir. \u00dcstelik s\u0131k da yazmaz; okurunu sab\u0131rs\u0131zl\u0131kla bekletir&#8230; Kitaplar\u0131 bir solukta okunan ve insan\u0131 r\u00fcya ile ger\u00e7ek, tarih ile i\u00e7 d\u00fcnyas\u0131 aras\u0131nda yolculu\u011fa \u00e7\u0131karan Anar ile ge\u00e7ti\u011fimiz hafta i\u00e7inde ald\u0131\u011f\u0131 Erdal \u00d6z Edebiyat \u00d6d\u00fcl\u00fc vesilesiyle bir araya [&hellip;]<\/p>\n","protected":false},"author":1,"featured_media":0,"comment_status":"open","ping_status":"open","sticky":false,"template":"","format":"standard","meta":{"footnotes":""},"categories":[134],"tags":[],"class_list":{"0":"post-709","1":"post","2":"type-post","3":"status-publish","4":"format-standard","6":"category-kuram"},"yoast_head":"<!-- This site is optimized with the Yoast SEO Premium plugin v24.9 (Yoast SEO v24.9) - https:\/\/yoast.com\/wordpress\/plugins\/seo\/ -->\n<title>\u0130hsan Oktay Anar&#039;la S\u00f6yle\u015fi - narteks.net<\/title>\n<meta name=\"robots\" content=\"index, follow, max-snippet:-1, max-image-preview:large, max-video-preview:-1\" \/>\n<link rel=\"canonical\" href=\"https:\/\/narteks.net\/index.php\/2009\/04\/25\/ihsan-oktay-anarla-soylesi\/\" \/>\n<meta property=\"og:locale\" content=\"tr_TR\" \/>\n<meta property=\"og:type\" content=\"article\" \/>\n<meta property=\"og:title\" content=\"\u0130hsan Oktay Anar&#039;la S\u00f6yle\u015fi\" \/>\n<meta property=\"og:description\" content=\"Ne okuyorsak oyuz! Edebiyat d\u00fcnyas\u0131nda kazanlar kaynarken bile hep sessizli\u011fini koruyan ustalardan biridir \u0130hsan Oktay Anar. Az r\u00f6portaj verir. \u00dcstelik s\u0131k da yazmaz; okurunu sab\u0131rs\u0131zl\u0131kla bekletir&#8230; Kitaplar\u0131 bir solukta okunan ve insan\u0131 r\u00fcya ile ger\u00e7ek, tarih ile i\u00e7 d\u00fcnyas\u0131 aras\u0131nda yolculu\u011fa \u00e7\u0131karan Anar ile ge\u00e7ti\u011fimiz hafta i\u00e7inde ald\u0131\u011f\u0131 Erdal \u00d6z Edebiyat \u00d6d\u00fcl\u00fc vesilesiyle bir araya [&hellip;]\" \/>\n<meta property=\"og:url\" content=\"https:\/\/narteks.net\/index.php\/2009\/04\/25\/ihsan-oktay-anarla-soylesi\/\" \/>\n<meta property=\"og:site_name\" content=\"narteks.net\" \/>\n<meta property=\"article:published_time\" content=\"2009-04-25T12:35:49+00:00\" \/>\n<meta property=\"og:image\" content=\"http:\/\/3.bp.blogspot.com\/_1fY-QswFBfU\/SxhgeEsY0sI\/AAAAAAAAACg\/IG9Y-KXElfc\/s200\/oktay.jpg\" \/>\n<meta name=\"author\" content=\"Tar\u0131k\" \/>\n<meta name=\"twitter:card\" content=\"summary_large_image\" \/>\n<meta name=\"twitter:creator\" content=\"@narteks\" \/>\n<meta name=\"twitter:site\" content=\"@narteks\" \/>\n<meta name=\"twitter:label1\" content=\"Yazan:\" \/>\n\t<meta name=\"twitter:data1\" content=\"Tar\u0131k\" \/>\n\t<meta name=\"twitter:label2\" content=\"Tahmini okuma s\u00fcresi\" \/>\n\t<meta name=\"twitter:data2\" content=\"12 dakika\" \/>\n<script type=\"application\/ld+json\" class=\"yoast-schema-graph\">{\"@context\":\"https:\/\/schema.org\",\"@graph\":[{\"@type\":\"Article\",\"@id\":\"https:\/\/narteks.net\/index.php\/2009\/04\/25\/ihsan-oktay-anarla-soylesi\/#article\",\"isPartOf\":{\"@id\":\"https:\/\/narteks.net\/index.php\/2009\/04\/25\/ihsan-oktay-anarla-soylesi\/\"},\"author\":{\"name\":\"Tar\u0131k\",\"@id\":\"https:\/\/narteks.net\/#\/schema\/person\/61f37d9834294b72d31d274e7ed79bca\"},\"headline\":\"\u0130hsan Oktay Anar&#8217;la S\u00f6yle\u015fi\",\"datePublished\":\"2009-04-25T12:35:49+00:00\",\"mainEntityOfPage\":{\"@id\":\"https:\/\/narteks.net\/index.php\/2009\/04\/25\/ihsan-oktay-anarla-soylesi\/\"},\"wordCount\":2400,\"commentCount\":0,\"publisher\":{\"@id\":\"https:\/\/narteks.net\/#organization\"},\"image\":{\"@id\":\"https:\/\/narteks.net\/index.php\/2009\/04\/25\/ihsan-oktay-anarla-soylesi\/#primaryimage\"},\"thumbnailUrl\":\"http:\/\/3.bp.blogspot.com\/_1fY-QswFBfU\/SxhgeEsY0sI\/AAAAAAAAACg\/IG9Y-KXElfc\/s200\/oktay.jpg\",\"articleSection\":[\"Kuram\"],\"inLanguage\":\"tr\",\"potentialAction\":[{\"@type\":\"CommentAction\",\"name\":\"Comment\",\"target\":[\"https:\/\/narteks.net\/index.php\/2009\/04\/25\/ihsan-oktay-anarla-soylesi\/#respond\"]}]},{\"@type\":\"WebPage\",\"@id\":\"https:\/\/narteks.net\/index.php\/2009\/04\/25\/ihsan-oktay-anarla-soylesi\/\",\"url\":\"https:\/\/narteks.net\/index.php\/2009\/04\/25\/ihsan-oktay-anarla-soylesi\/\",\"name\":\"\u0130hsan Oktay Anar'la S\u00f6yle\u015fi - narteks.net\",\"isPartOf\":{\"@id\":\"https:\/\/narteks.net\/#website\"},\"primaryImageOfPage\":{\"@id\":\"https:\/\/narteks.net\/index.php\/2009\/04\/25\/ihsan-oktay-anarla-soylesi\/#primaryimage\"},\"image\":{\"@id\":\"https:\/\/narteks.net\/index.php\/2009\/04\/25\/ihsan-oktay-anarla-soylesi\/#primaryimage\"},\"thumbnailUrl\":\"http:\/\/3.bp.blogspot.com\/_1fY-QswFBfU\/SxhgeEsY0sI\/AAAAAAAAACg\/IG9Y-KXElfc\/s200\/oktay.jpg\",\"datePublished\":\"2009-04-25T12:35:49+00:00\",\"breadcrumb\":{\"@id\":\"https:\/\/narteks.net\/index.php\/2009\/04\/25\/ihsan-oktay-anarla-soylesi\/#breadcrumb\"},\"inLanguage\":\"tr\",\"potentialAction\":[{\"@type\":\"ReadAction\",\"target\":[\"https:\/\/narteks.net\/index.php\/2009\/04\/25\/ihsan-oktay-anarla-soylesi\/\"]}]},{\"@type\":\"ImageObject\",\"inLanguage\":\"tr\",\"@id\":\"https:\/\/narteks.net\/index.php\/2009\/04\/25\/ihsan-oktay-anarla-soylesi\/#primaryimage\",\"url\":\"http:\/\/3.bp.blogspot.com\/_1fY-QswFBfU\/SxhgeEsY0sI\/AAAAAAAAACg\/IG9Y-KXElfc\/s200\/oktay.jpg\",\"contentUrl\":\"http:\/\/3.bp.blogspot.com\/_1fY-QswFBfU\/SxhgeEsY0sI\/AAAAAAAAACg\/IG9Y-KXElfc\/s200\/oktay.jpg\"},{\"@type\":\"BreadcrumbList\",\"@id\":\"https:\/\/narteks.net\/index.php\/2009\/04\/25\/ihsan-oktay-anarla-soylesi\/#breadcrumb\",\"itemListElement\":[{\"@type\":\"ListItem\",\"position\":1,\"name\":\"Anasayfa\",\"item\":\"https:\/\/narteks.net\/\"},{\"@type\":\"ListItem\",\"position\":2,\"name\":\"\u0130hsan Oktay Anar&#8217;la S\u00f6yle\u015fi\"}]},{\"@type\":\"WebSite\",\"@id\":\"https:\/\/narteks.net\/#website\",\"url\":\"https:\/\/narteks.net\/\",\"name\":\"narteks.net\",\"description\":\"K\u00fclt\u00fcr Sanat Edebiyat Felsefe\",\"publisher\":{\"@id\":\"https:\/\/narteks.net\/#organization\"},\"alternateName\":\"K\u00fclt\u00fcr Sanat Edebiyat Felsefe\",\"potentialAction\":[{\"@type\":\"SearchAction\",\"target\":{\"@type\":\"EntryPoint\",\"urlTemplate\":\"https:\/\/narteks.net\/?s={search_term_string}\"},\"query-input\":{\"@type\":\"PropertyValueSpecification\",\"valueRequired\":true,\"valueName\":\"search_term_string\"}}],\"inLanguage\":\"tr\"},{\"@type\":\"Organization\",\"@id\":\"https:\/\/narteks.net\/#organization\",\"name\":\"narteks.net\",\"url\":\"https:\/\/narteks.net\/\",\"logo\":{\"@type\":\"ImageObject\",\"inLanguage\":\"tr\",\"@id\":\"https:\/\/narteks.net\/#\/schema\/logo\/image\/\",\"url\":\"https:\/\/narteks.net\/wp-content\/uploads\/narteks.png\",\"contentUrl\":\"https:\/\/narteks.net\/wp-content\/uploads\/narteks.png\",\"width\":300,\"height\":90,\"caption\":\"narteks.net\"},\"image\":{\"@id\":\"https:\/\/narteks.net\/#\/schema\/logo\/image\/\"},\"sameAs\":[\"https:\/\/x.com\/narteks\",\"https:\/\/instagram.com\/narteksnet\"]},{\"@type\":\"Person\",\"@id\":\"https:\/\/narteks.net\/#\/schema\/person\/61f37d9834294b72d31d274e7ed79bca\",\"name\":\"Tar\u0131k\",\"image\":{\"@type\":\"ImageObject\",\"inLanguage\":\"tr\",\"@id\":\"https:\/\/narteks.net\/#\/schema\/person\/image\/\",\"url\":\"https:\/\/secure.gravatar.com\/avatar\/50865afb55632c4ae467e0af0930f6510aa2297d8014be502a55b14f3b7550cf?s=96&d=mm&r=g\",\"contentUrl\":\"https:\/\/secure.gravatar.com\/avatar\/50865afb55632c4ae467e0af0930f6510aa2297d8014be502a55b14f3b7550cf?s=96&d=mm&r=g\",\"caption\":\"Tar\u0131k\"},\"sameAs\":[\"http:\/\/narteks.net\"],\"url\":\"https:\/\/narteks.net\/index.php\/author\/narbak\/\"}]}<\/script>\n<!-- \/ Yoast SEO Premium plugin. -->","yoast_head_json":{"title":"\u0130hsan Oktay Anar'la S\u00f6yle\u015fi - narteks.net","robots":{"index":"index","follow":"follow","max-snippet":"max-snippet:-1","max-image-preview":"max-image-preview:large","max-video-preview":"max-video-preview:-1"},"canonical":"https:\/\/narteks.net\/index.php\/2009\/04\/25\/ihsan-oktay-anarla-soylesi\/","og_locale":"tr_TR","og_type":"article","og_title":"\u0130hsan Oktay Anar'la S\u00f6yle\u015fi","og_description":"Ne okuyorsak oyuz! Edebiyat d\u00fcnyas\u0131nda kazanlar kaynarken bile hep sessizli\u011fini koruyan ustalardan biridir \u0130hsan Oktay Anar. Az r\u00f6portaj verir. \u00dcstelik s\u0131k da yazmaz; okurunu sab\u0131rs\u0131zl\u0131kla bekletir&#8230; Kitaplar\u0131 bir solukta okunan ve insan\u0131 r\u00fcya ile ger\u00e7ek, tarih ile i\u00e7 d\u00fcnyas\u0131 aras\u0131nda yolculu\u011fa \u00e7\u0131karan Anar ile ge\u00e7ti\u011fimiz hafta i\u00e7inde ald\u0131\u011f\u0131 Erdal \u00d6z Edebiyat \u00d6d\u00fcl\u00fc vesilesiyle bir araya [&hellip;]","og_url":"https:\/\/narteks.net\/index.php\/2009\/04\/25\/ihsan-oktay-anarla-soylesi\/","og_site_name":"narteks.net","article_published_time":"2009-04-25T12:35:49+00:00","og_image":[{"url":"http:\/\/3.bp.blogspot.com\/_1fY-QswFBfU\/SxhgeEsY0sI\/AAAAAAAAACg\/IG9Y-KXElfc\/s200\/oktay.jpg","type":"","width":"","height":""}],"author":"Tar\u0131k","twitter_card":"summary_large_image","twitter_creator":"@narteks","twitter_site":"@narteks","twitter_misc":{"Yazan:":"Tar\u0131k","Tahmini okuma s\u00fcresi":"12 dakika"},"schema":{"@context":"https:\/\/schema.org","@graph":[{"@type":"Article","@id":"https:\/\/narteks.net\/index.php\/2009\/04\/25\/ihsan-oktay-anarla-soylesi\/#article","isPartOf":{"@id":"https:\/\/narteks.net\/index.php\/2009\/04\/25\/ihsan-oktay-anarla-soylesi\/"},"author":{"name":"Tar\u0131k","@id":"https:\/\/narteks.net\/#\/schema\/person\/61f37d9834294b72d31d274e7ed79bca"},"headline":"\u0130hsan Oktay Anar&#8217;la S\u00f6yle\u015fi","datePublished":"2009-04-25T12:35:49+00:00","mainEntityOfPage":{"@id":"https:\/\/narteks.net\/index.php\/2009\/04\/25\/ihsan-oktay-anarla-soylesi\/"},"wordCount":2400,"commentCount":0,"publisher":{"@id":"https:\/\/narteks.net\/#organization"},"image":{"@id":"https:\/\/narteks.net\/index.php\/2009\/04\/25\/ihsan-oktay-anarla-soylesi\/#primaryimage"},"thumbnailUrl":"http:\/\/3.bp.blogspot.com\/_1fY-QswFBfU\/SxhgeEsY0sI\/AAAAAAAAACg\/IG9Y-KXElfc\/s200\/oktay.jpg","articleSection":["Kuram"],"inLanguage":"tr","potentialAction":[{"@type":"CommentAction","name":"Comment","target":["https:\/\/narteks.net\/index.php\/2009\/04\/25\/ihsan-oktay-anarla-soylesi\/#respond"]}]},{"@type":"WebPage","@id":"https:\/\/narteks.net\/index.php\/2009\/04\/25\/ihsan-oktay-anarla-soylesi\/","url":"https:\/\/narteks.net\/index.php\/2009\/04\/25\/ihsan-oktay-anarla-soylesi\/","name":"\u0130hsan Oktay Anar'la S\u00f6yle\u015fi - narteks.net","isPartOf":{"@id":"https:\/\/narteks.net\/#website"},"primaryImageOfPage":{"@id":"https:\/\/narteks.net\/index.php\/2009\/04\/25\/ihsan-oktay-anarla-soylesi\/#primaryimage"},"image":{"@id":"https:\/\/narteks.net\/index.php\/2009\/04\/25\/ihsan-oktay-anarla-soylesi\/#primaryimage"},"thumbnailUrl":"http:\/\/3.bp.blogspot.com\/_1fY-QswFBfU\/SxhgeEsY0sI\/AAAAAAAAACg\/IG9Y-KXElfc\/s200\/oktay.jpg","datePublished":"2009-04-25T12:35:49+00:00","breadcrumb":{"@id":"https:\/\/narteks.net\/index.php\/2009\/04\/25\/ihsan-oktay-anarla-soylesi\/#breadcrumb"},"inLanguage":"tr","potentialAction":[{"@type":"ReadAction","target":["https:\/\/narteks.net\/index.php\/2009\/04\/25\/ihsan-oktay-anarla-soylesi\/"]}]},{"@type":"ImageObject","inLanguage":"tr","@id":"https:\/\/narteks.net\/index.php\/2009\/04\/25\/ihsan-oktay-anarla-soylesi\/#primaryimage","url":"http:\/\/3.bp.blogspot.com\/_1fY-QswFBfU\/SxhgeEsY0sI\/AAAAAAAAACg\/IG9Y-KXElfc\/s200\/oktay.jpg","contentUrl":"http:\/\/3.bp.blogspot.com\/_1fY-QswFBfU\/SxhgeEsY0sI\/AAAAAAAAACg\/IG9Y-KXElfc\/s200\/oktay.jpg"},{"@type":"BreadcrumbList","@id":"https:\/\/narteks.net\/index.php\/2009\/04\/25\/ihsan-oktay-anarla-soylesi\/#breadcrumb","itemListElement":[{"@type":"ListItem","position":1,"name":"Anasayfa","item":"https:\/\/narteks.net\/"},{"@type":"ListItem","position":2,"name":"\u0130hsan Oktay Anar&#8217;la S\u00f6yle\u015fi"}]},{"@type":"WebSite","@id":"https:\/\/narteks.net\/#website","url":"https:\/\/narteks.net\/","name":"narteks.net","description":"K\u00fclt\u00fcr Sanat Edebiyat Felsefe","publisher":{"@id":"https:\/\/narteks.net\/#organization"},"alternateName":"K\u00fclt\u00fcr Sanat Edebiyat Felsefe","potentialAction":[{"@type":"SearchAction","target":{"@type":"EntryPoint","urlTemplate":"https:\/\/narteks.net\/?s={search_term_string}"},"query-input":{"@type":"PropertyValueSpecification","valueRequired":true,"valueName":"search_term_string"}}],"inLanguage":"tr"},{"@type":"Organization","@id":"https:\/\/narteks.net\/#organization","name":"narteks.net","url":"https:\/\/narteks.net\/","logo":{"@type":"ImageObject","inLanguage":"tr","@id":"https:\/\/narteks.net\/#\/schema\/logo\/image\/","url":"https:\/\/narteks.net\/wp-content\/uploads\/narteks.png","contentUrl":"https:\/\/narteks.net\/wp-content\/uploads\/narteks.png","width":300,"height":90,"caption":"narteks.net"},"image":{"@id":"https:\/\/narteks.net\/#\/schema\/logo\/image\/"},"sameAs":["https:\/\/x.com\/narteks","https:\/\/instagram.com\/narteksnet"]},{"@type":"Person","@id":"https:\/\/narteks.net\/#\/schema\/person\/61f37d9834294b72d31d274e7ed79bca","name":"Tar\u0131k","image":{"@type":"ImageObject","inLanguage":"tr","@id":"https:\/\/narteks.net\/#\/schema\/person\/image\/","url":"https:\/\/secure.gravatar.com\/avatar\/50865afb55632c4ae467e0af0930f6510aa2297d8014be502a55b14f3b7550cf?s=96&d=mm&r=g","contentUrl":"https:\/\/secure.gravatar.com\/avatar\/50865afb55632c4ae467e0af0930f6510aa2297d8014be502a55b14f3b7550cf?s=96&d=mm&r=g","caption":"Tar\u0131k"},"sameAs":["http:\/\/narteks.net"],"url":"https:\/\/narteks.net\/index.php\/author\/narbak\/"}]}},"_links":{"self":[{"href":"https:\/\/narteks.net\/index.php\/wp-json\/wp\/v2\/posts\/709","targetHints":{"allow":["GET"]}}],"collection":[{"href":"https:\/\/narteks.net\/index.php\/wp-json\/wp\/v2\/posts"}],"about":[{"href":"https:\/\/narteks.net\/index.php\/wp-json\/wp\/v2\/types\/post"}],"author":[{"embeddable":true,"href":"https:\/\/narteks.net\/index.php\/wp-json\/wp\/v2\/users\/1"}],"replies":[{"embeddable":true,"href":"https:\/\/narteks.net\/index.php\/wp-json\/wp\/v2\/comments?post=709"}],"version-history":[{"count":0,"href":"https:\/\/narteks.net\/index.php\/wp-json\/wp\/v2\/posts\/709\/revisions"}],"wp:attachment":[{"href":"https:\/\/narteks.net\/index.php\/wp-json\/wp\/v2\/media?parent=709"}],"wp:term":[{"taxonomy":"category","embeddable":true,"href":"https:\/\/narteks.net\/index.php\/wp-json\/wp\/v2\/categories?post=709"},{"taxonomy":"post_tag","embeddable":true,"href":"https:\/\/narteks.net\/index.php\/wp-json\/wp\/v2\/tags?post=709"}],"curies":[{"name":"wp","href":"https:\/\/api.w.org\/{rel}","templated":true}]}}