{"id":7091,"date":"2018-08-03T21:20:37","date_gmt":"2018-08-03T18:20:37","guid":{"rendered":"http:\/\/localhost\/wordpress\/2018\/08\/03\/gordugun-sen-degilsin-erkan-kucuk\/"},"modified":"2018-08-03T21:20:37","modified_gmt":"2018-08-03T18:20:37","slug":"gordugun-sen-degilsin-erkan-kucuk","status":"publish","type":"post","link":"https:\/\/narteks.net\/index.php\/2018\/08\/03\/gordugun-sen-degilsin-erkan-kucuk\/","title":{"rendered":"G\u00f6rd\u00fc\u011f\u00fcn Sen De\u011filsin | Erkan K\u00fc\u00e7\u00fck"},"content":{"rendered":"<p>\u015eimdi d\u00f6n\u00fcp baksan yaln\u0131zca hakikati s\u00f6yleyen aynaya,\u00a0<br \/>g\u00f6rece\u011fin \u015fey sen olmayacaks\u0131n.<br \/>Do\u011furuldu\u011fun anda ba\u015flayan bir merasimle organlar\u0131na\u00a0<br \/>b\u00f6ld\u00fcler seni \u00f6nce.Annen kendi tragedyas\u0131nda<br \/>sana rol vermekte teredd\u00fct etmedi. Bir eli seni ensenden<br \/>tutarken bir yavru kedi gibi, \u00f6teki eli\u00a0<br \/>seni s\u00fcrg\u00fcn eyledi. \u0130nsan b\u00f6l\u00fcnerek kendini bulan<br \/>bir yarat\u0131k de\u011fildir ki.<\/p>\n<p>Ayna seni g\u00f6stermiyor, bu y\u00fczden mi kendine a\u011fl\u0131yorsun?\u00a0<\/p>\n<p>Ne g\u00f6r\u00fcyorsun? Parmaklar\u0131 olmayan elin, annenin\u00a0<br \/>memelerine tutuklu kalan dudaks\u0131z, dilsiz a\u011fz\u0131nla<br \/>sen hangi organs\u0131n? Y\u00fcz\u00fcn\u00fc \u00e7evirmek i\u015fe yarar m\u0131 art\u0131k<br \/>g\u00f6r\u00fcl\u00fcnce karanl\u0131k?\u00a0 Ka\u00e7san sonsuz uzaklara, unutsan<br \/>sonsuza kadar; yine de hep oradas\u0131n, uzaklar ve unutu\u015f<br \/>ancak senin kadar.<\/p>\n<p>Susuz bir kuyuda y\u00fczd\u00fc\u011f\u00fcn\u00fc g\u00f6rd\u00fcn. \u00dcstelik kula\u00e7lar\u0131n<br \/>al\u0131nm\u0131\u015ft\u0131 K\u00e2l\u00fb Bel\u00e2&#8217;dan. Neye yarar kuyuyu a\u011flay\u0131\u015flar\u0131nla<br \/>doldurmak, o tuz, o su, denizde de var.<\/p>\n<p>Yollarda kalan par\u00e7alar\u0131 toplamal\u0131s\u0131n. Burunsuz bir pinokyo<br \/>ne s\u00f6yleyebilir?<\/p>\n<p>G\u00f6rmek bir ba\u015flang\u0131\u00e7t\u0131r her zaman; e\u011fer y\u00fcz\u00fcn\u00fc s\u0131rt\u0131na \u00e7evirmiyorsan.<\/p>\n","protected":false},"excerpt":{"rendered":"<p>\u015eimdi d\u00f6n\u00fcp baksan yaln\u0131zca hakikati s\u00f6yleyen aynaya,\u00a0g\u00f6rece\u011fin \u015fey sen olmayacaks\u0131n.Do\u011furuldu\u011fun anda ba\u015flayan bir merasimle organlar\u0131na\u00a0b\u00f6ld\u00fcler seni \u00f6nce.Annen kendi tragedyas\u0131ndasana rol vermekte teredd\u00fct etmedi. Bir eli seni ensendentutarken bir yavru kedi gibi, \u00f6teki eli\u00a0seni s\u00fcrg\u00fcn eyledi. \u0130nsan b\u00f6l\u00fcnerek kendini bulanbir yarat\u0131k de\u011fildir ki. Ayna seni g\u00f6stermiyor, bu y\u00fczden mi kendine a\u011fl\u0131yorsun?\u00a0 Ne g\u00f6r\u00fcyorsun? Parmaklar\u0131 olmayan elin, [&hellip;]<\/p>\n","protected":false},"author":1,"featured_media":0,"comment_status":"open","ping_status":"open","sticky":false,"template":"","format":"standard","meta":{"footnotes":""},"categories":[140],"tags":[],"class_list":{"0":"post-7091","1":"post","2":"type-post","3":"status-publish","4":"format-standard","6":"category-erkan-kucuk-makale"},"yoast_head":"<!-- This site is optimized with the Yoast SEO Premium plugin v24.9 (Yoast SEO v24.9) - https:\/\/yoast.com\/wordpress\/plugins\/seo\/ -->\n<title>G\u00f6rd\u00fc\u011f\u00fcn Sen De\u011filsin | Erkan K\u00fc\u00e7\u00fck - narteks.net<\/title>\n<meta name=\"robots\" content=\"index, follow, max-snippet:-1, max-image-preview:large, max-video-preview:-1\" \/>\n<link rel=\"canonical\" href=\"https:\/\/narteks.net\/index.php\/2018\/08\/03\/gordugun-sen-degilsin-erkan-kucuk\/\" \/>\n<meta property=\"og:locale\" content=\"tr_TR\" \/>\n<meta property=\"og:type\" content=\"article\" \/>\n<meta property=\"og:title\" content=\"G\u00f6rd\u00fc\u011f\u00fcn Sen De\u011filsin | Erkan K\u00fc\u00e7\u00fck\" \/>\n<meta property=\"og:description\" content=\"\u015eimdi d\u00f6n\u00fcp baksan yaln\u0131zca hakikati s\u00f6yleyen aynaya,\u00a0g\u00f6rece\u011fin \u015fey sen olmayacaks\u0131n.Do\u011furuldu\u011fun anda ba\u015flayan bir merasimle organlar\u0131na\u00a0b\u00f6ld\u00fcler seni \u00f6nce.Annen kendi tragedyas\u0131ndasana rol vermekte teredd\u00fct etmedi. Bir eli seni ensendentutarken bir yavru kedi gibi, \u00f6teki eli\u00a0seni s\u00fcrg\u00fcn eyledi. \u0130nsan b\u00f6l\u00fcnerek kendini bulanbir yarat\u0131k de\u011fildir ki. Ayna seni g\u00f6stermiyor, bu y\u00fczden mi kendine a\u011fl\u0131yorsun?\u00a0 Ne g\u00f6r\u00fcyorsun? Parmaklar\u0131 olmayan elin, [&hellip;]\" \/>\n<meta property=\"og:url\" content=\"https:\/\/narteks.net\/index.php\/2018\/08\/03\/gordugun-sen-degilsin-erkan-kucuk\/\" \/>\n<meta property=\"og:site_name\" content=\"narteks.net\" \/>\n<meta property=\"article:published_time\" content=\"2018-08-03T18:20:37+00:00\" \/>\n<meta property=\"og:image\" content=\"https:\/\/narteks.net\/wp-content\/uploads\/narteks.png\" \/>\n\t<meta property=\"og:image:width\" content=\"300\" \/>\n\t<meta property=\"og:image:height\" content=\"90\" \/>\n\t<meta property=\"og:image:type\" content=\"image\/png\" \/>\n<meta name=\"author\" content=\"Tar\u0131k\" \/>\n<meta name=\"twitter:card\" content=\"summary_large_image\" \/>\n<meta name=\"twitter:creator\" content=\"@narteks\" \/>\n<meta name=\"twitter:site\" content=\"@narteks\" \/>\n<meta name=\"twitter:label1\" content=\"Yazan:\" \/>\n\t<meta name=\"twitter:data1\" content=\"Tar\u0131k\" \/>\n\t<meta name=\"twitter:label2\" content=\"Tahmini okuma s\u00fcresi\" \/>\n\t<meta name=\"twitter:data2\" content=\"1 dakika\" \/>\n<script type=\"application\/ld+json\" class=\"yoast-schema-graph\">{\"@context\":\"https:\/\/schema.org\",\"@graph\":[{\"@type\":\"Article\",\"@id\":\"https:\/\/narteks.net\/index.php\/2018\/08\/03\/gordugun-sen-degilsin-erkan-kucuk\/#article\",\"isPartOf\":{\"@id\":\"https:\/\/narteks.net\/index.php\/2018\/08\/03\/gordugun-sen-degilsin-erkan-kucuk\/\"},\"author\":{\"name\":\"Tar\u0131k\",\"@id\":\"https:\/\/narteks.net\/#\/schema\/person\/61f37d9834294b72d31d274e7ed79bca\"},\"headline\":\"G\u00f6rd\u00fc\u011f\u00fcn Sen De\u011filsin | Erkan K\u00fc\u00e7\u00fck\",\"datePublished\":\"2018-08-03T18:20:37+00:00\",\"mainEntityOfPage\":{\"@id\":\"https:\/\/narteks.net\/index.php\/2018\/08\/03\/gordugun-sen-degilsin-erkan-kucuk\/\"},\"wordCount\":204,\"commentCount\":0,\"publisher\":{\"@id\":\"https:\/\/narteks.net\/#organization\"},\"articleSection\":[\"Erkan K\u00fc\u00e7\u00fck (Makale)\"],\"inLanguage\":\"tr\",\"potentialAction\":[{\"@type\":\"CommentAction\",\"name\":\"Comment\",\"target\":[\"https:\/\/narteks.net\/index.php\/2018\/08\/03\/gordugun-sen-degilsin-erkan-kucuk\/#respond\"]}]},{\"@type\":\"WebPage\",\"@id\":\"https:\/\/narteks.net\/index.php\/2018\/08\/03\/gordugun-sen-degilsin-erkan-kucuk\/\",\"url\":\"https:\/\/narteks.net\/index.php\/2018\/08\/03\/gordugun-sen-degilsin-erkan-kucuk\/\",\"name\":\"G\u00f6rd\u00fc\u011f\u00fcn Sen De\u011filsin | Erkan K\u00fc\u00e7\u00fck - narteks.net\",\"isPartOf\":{\"@id\":\"https:\/\/narteks.net\/#website\"},\"datePublished\":\"2018-08-03T18:20:37+00:00\",\"breadcrumb\":{\"@id\":\"https:\/\/narteks.net\/index.php\/2018\/08\/03\/gordugun-sen-degilsin-erkan-kucuk\/#breadcrumb\"},\"inLanguage\":\"tr\",\"potentialAction\":[{\"@type\":\"ReadAction\",\"target\":[\"https:\/\/narteks.net\/index.php\/2018\/08\/03\/gordugun-sen-degilsin-erkan-kucuk\/\"]}]},{\"@type\":\"BreadcrumbList\",\"@id\":\"https:\/\/narteks.net\/index.php\/2018\/08\/03\/gordugun-sen-degilsin-erkan-kucuk\/#breadcrumb\",\"itemListElement\":[{\"@type\":\"ListItem\",\"position\":1,\"name\":\"Anasayfa\",\"item\":\"https:\/\/narteks.net\/\"},{\"@type\":\"ListItem\",\"position\":2,\"name\":\"G\u00f6rd\u00fc\u011f\u00fcn Sen De\u011filsin | Erkan K\u00fc\u00e7\u00fck\"}]},{\"@type\":\"WebSite\",\"@id\":\"https:\/\/narteks.net\/#website\",\"url\":\"https:\/\/narteks.net\/\",\"name\":\"narteks.net\",\"description\":\"K\u00fclt\u00fcr Sanat Edebiyat Felsefe\",\"publisher\":{\"@id\":\"https:\/\/narteks.net\/#organization\"},\"alternateName\":\"K\u00fclt\u00fcr Sanat Edebiyat Felsefe\",\"potentialAction\":[{\"@type\":\"SearchAction\",\"target\":{\"@type\":\"EntryPoint\",\"urlTemplate\":\"https:\/\/narteks.net\/?s={search_term_string}\"},\"query-input\":{\"@type\":\"PropertyValueSpecification\",\"valueRequired\":true,\"valueName\":\"search_term_string\"}}],\"inLanguage\":\"tr\"},{\"@type\":\"Organization\",\"@id\":\"https:\/\/narteks.net\/#organization\",\"name\":\"narteks.net\",\"url\":\"https:\/\/narteks.net\/\",\"logo\":{\"@type\":\"ImageObject\",\"inLanguage\":\"tr\",\"@id\":\"https:\/\/narteks.net\/#\/schema\/logo\/image\/\",\"url\":\"https:\/\/narteks.net\/wp-content\/uploads\/narteks.png\",\"contentUrl\":\"https:\/\/narteks.net\/wp-content\/uploads\/narteks.png\",\"width\":300,\"height\":90,\"caption\":\"narteks.net\"},\"image\":{\"@id\":\"https:\/\/narteks.net\/#\/schema\/logo\/image\/\"},\"sameAs\":[\"https:\/\/x.com\/narteks\",\"https:\/\/instagram.com\/narteksnet\"]},{\"@type\":\"Person\",\"@id\":\"https:\/\/narteks.net\/#\/schema\/person\/61f37d9834294b72d31d274e7ed79bca\",\"name\":\"Tar\u0131k\",\"image\":{\"@type\":\"ImageObject\",\"inLanguage\":\"tr\",\"@id\":\"https:\/\/narteks.net\/#\/schema\/person\/image\/\",\"url\":\"https:\/\/secure.gravatar.com\/avatar\/50865afb55632c4ae467e0af0930f6510aa2297d8014be502a55b14f3b7550cf?s=96&d=mm&r=g\",\"contentUrl\":\"https:\/\/secure.gravatar.com\/avatar\/50865afb55632c4ae467e0af0930f6510aa2297d8014be502a55b14f3b7550cf?s=96&d=mm&r=g\",\"caption\":\"Tar\u0131k\"},\"sameAs\":[\"http:\/\/narteks.net\"],\"url\":\"https:\/\/narteks.net\/index.php\/author\/narbak\/\"}]}<\/script>\n<!-- \/ Yoast SEO Premium plugin. -->","yoast_head_json":{"title":"G\u00f6rd\u00fc\u011f\u00fcn Sen De\u011filsin | Erkan K\u00fc\u00e7\u00fck - narteks.net","robots":{"index":"index","follow":"follow","max-snippet":"max-snippet:-1","max-image-preview":"max-image-preview:large","max-video-preview":"max-video-preview:-1"},"canonical":"https:\/\/narteks.net\/index.php\/2018\/08\/03\/gordugun-sen-degilsin-erkan-kucuk\/","og_locale":"tr_TR","og_type":"article","og_title":"G\u00f6rd\u00fc\u011f\u00fcn Sen De\u011filsin | Erkan K\u00fc\u00e7\u00fck","og_description":"\u015eimdi d\u00f6n\u00fcp baksan yaln\u0131zca hakikati s\u00f6yleyen aynaya,\u00a0g\u00f6rece\u011fin \u015fey sen olmayacaks\u0131n.Do\u011furuldu\u011fun anda ba\u015flayan bir merasimle organlar\u0131na\u00a0b\u00f6ld\u00fcler seni \u00f6nce.Annen kendi tragedyas\u0131ndasana rol vermekte teredd\u00fct etmedi. Bir eli seni ensendentutarken bir yavru kedi gibi, \u00f6teki eli\u00a0seni s\u00fcrg\u00fcn eyledi. \u0130nsan b\u00f6l\u00fcnerek kendini bulanbir yarat\u0131k de\u011fildir ki. Ayna seni g\u00f6stermiyor, bu y\u00fczden mi kendine a\u011fl\u0131yorsun?\u00a0 Ne g\u00f6r\u00fcyorsun? Parmaklar\u0131 olmayan elin, [&hellip;]","og_url":"https:\/\/narteks.net\/index.php\/2018\/08\/03\/gordugun-sen-degilsin-erkan-kucuk\/","og_site_name":"narteks.net","article_published_time":"2018-08-03T18:20:37+00:00","og_image":[{"width":300,"height":90,"url":"https:\/\/narteks.net\/wp-content\/uploads\/narteks.png","type":"image\/png"}],"author":"Tar\u0131k","twitter_card":"summary_large_image","twitter_creator":"@narteks","twitter_site":"@narteks","twitter_misc":{"Yazan:":"Tar\u0131k","Tahmini okuma s\u00fcresi":"1 dakika"},"schema":{"@context":"https:\/\/schema.org","@graph":[{"@type":"Article","@id":"https:\/\/narteks.net\/index.php\/2018\/08\/03\/gordugun-sen-degilsin-erkan-kucuk\/#article","isPartOf":{"@id":"https:\/\/narteks.net\/index.php\/2018\/08\/03\/gordugun-sen-degilsin-erkan-kucuk\/"},"author":{"name":"Tar\u0131k","@id":"https:\/\/narteks.net\/#\/schema\/person\/61f37d9834294b72d31d274e7ed79bca"},"headline":"G\u00f6rd\u00fc\u011f\u00fcn Sen De\u011filsin | Erkan K\u00fc\u00e7\u00fck","datePublished":"2018-08-03T18:20:37+00:00","mainEntityOfPage":{"@id":"https:\/\/narteks.net\/index.php\/2018\/08\/03\/gordugun-sen-degilsin-erkan-kucuk\/"},"wordCount":204,"commentCount":0,"publisher":{"@id":"https:\/\/narteks.net\/#organization"},"articleSection":["Erkan K\u00fc\u00e7\u00fck (Makale)"],"inLanguage":"tr","potentialAction":[{"@type":"CommentAction","name":"Comment","target":["https:\/\/narteks.net\/index.php\/2018\/08\/03\/gordugun-sen-degilsin-erkan-kucuk\/#respond"]}]},{"@type":"WebPage","@id":"https:\/\/narteks.net\/index.php\/2018\/08\/03\/gordugun-sen-degilsin-erkan-kucuk\/","url":"https:\/\/narteks.net\/index.php\/2018\/08\/03\/gordugun-sen-degilsin-erkan-kucuk\/","name":"G\u00f6rd\u00fc\u011f\u00fcn Sen De\u011filsin | Erkan K\u00fc\u00e7\u00fck - narteks.net","isPartOf":{"@id":"https:\/\/narteks.net\/#website"},"datePublished":"2018-08-03T18:20:37+00:00","breadcrumb":{"@id":"https:\/\/narteks.net\/index.php\/2018\/08\/03\/gordugun-sen-degilsin-erkan-kucuk\/#breadcrumb"},"inLanguage":"tr","potentialAction":[{"@type":"ReadAction","target":["https:\/\/narteks.net\/index.php\/2018\/08\/03\/gordugun-sen-degilsin-erkan-kucuk\/"]}]},{"@type":"BreadcrumbList","@id":"https:\/\/narteks.net\/index.php\/2018\/08\/03\/gordugun-sen-degilsin-erkan-kucuk\/#breadcrumb","itemListElement":[{"@type":"ListItem","position":1,"name":"Anasayfa","item":"https:\/\/narteks.net\/"},{"@type":"ListItem","position":2,"name":"G\u00f6rd\u00fc\u011f\u00fcn Sen De\u011filsin | Erkan K\u00fc\u00e7\u00fck"}]},{"@type":"WebSite","@id":"https:\/\/narteks.net\/#website","url":"https:\/\/narteks.net\/","name":"narteks.net","description":"K\u00fclt\u00fcr Sanat Edebiyat Felsefe","publisher":{"@id":"https:\/\/narteks.net\/#organization"},"alternateName":"K\u00fclt\u00fcr Sanat Edebiyat Felsefe","potentialAction":[{"@type":"SearchAction","target":{"@type":"EntryPoint","urlTemplate":"https:\/\/narteks.net\/?s={search_term_string}"},"query-input":{"@type":"PropertyValueSpecification","valueRequired":true,"valueName":"search_term_string"}}],"inLanguage":"tr"},{"@type":"Organization","@id":"https:\/\/narteks.net\/#organization","name":"narteks.net","url":"https:\/\/narteks.net\/","logo":{"@type":"ImageObject","inLanguage":"tr","@id":"https:\/\/narteks.net\/#\/schema\/logo\/image\/","url":"https:\/\/narteks.net\/wp-content\/uploads\/narteks.png","contentUrl":"https:\/\/narteks.net\/wp-content\/uploads\/narteks.png","width":300,"height":90,"caption":"narteks.net"},"image":{"@id":"https:\/\/narteks.net\/#\/schema\/logo\/image\/"},"sameAs":["https:\/\/x.com\/narteks","https:\/\/instagram.com\/narteksnet"]},{"@type":"Person","@id":"https:\/\/narteks.net\/#\/schema\/person\/61f37d9834294b72d31d274e7ed79bca","name":"Tar\u0131k","image":{"@type":"ImageObject","inLanguage":"tr","@id":"https:\/\/narteks.net\/#\/schema\/person\/image\/","url":"https:\/\/secure.gravatar.com\/avatar\/50865afb55632c4ae467e0af0930f6510aa2297d8014be502a55b14f3b7550cf?s=96&d=mm&r=g","contentUrl":"https:\/\/secure.gravatar.com\/avatar\/50865afb55632c4ae467e0af0930f6510aa2297d8014be502a55b14f3b7550cf?s=96&d=mm&r=g","caption":"Tar\u0131k"},"sameAs":["http:\/\/narteks.net"],"url":"https:\/\/narteks.net\/index.php\/author\/narbak\/"}]}},"_links":{"self":[{"href":"https:\/\/narteks.net\/index.php\/wp-json\/wp\/v2\/posts\/7091","targetHints":{"allow":["GET"]}}],"collection":[{"href":"https:\/\/narteks.net\/index.php\/wp-json\/wp\/v2\/posts"}],"about":[{"href":"https:\/\/narteks.net\/index.php\/wp-json\/wp\/v2\/types\/post"}],"author":[{"embeddable":true,"href":"https:\/\/narteks.net\/index.php\/wp-json\/wp\/v2\/users\/1"}],"replies":[{"embeddable":true,"href":"https:\/\/narteks.net\/index.php\/wp-json\/wp\/v2\/comments?post=7091"}],"version-history":[{"count":0,"href":"https:\/\/narteks.net\/index.php\/wp-json\/wp\/v2\/posts\/7091\/revisions"}],"wp:attachment":[{"href":"https:\/\/narteks.net\/index.php\/wp-json\/wp\/v2\/media?parent=7091"}],"wp:term":[{"taxonomy":"category","embeddable":true,"href":"https:\/\/narteks.net\/index.php\/wp-json\/wp\/v2\/categories?post=7091"},{"taxonomy":"post_tag","embeddable":true,"href":"https:\/\/narteks.net\/index.php\/wp-json\/wp\/v2\/tags?post=7091"}],"curies":[{"name":"wp","href":"https:\/\/api.w.org\/{rel}","templated":true}]}}