{"id":7092,"date":"2018-08-04T10:03:18","date_gmt":"2018-08-04T07:03:18","guid":{"rendered":"http:\/\/localhost\/wordpress\/2018\/08\/04\/kopek-yavrusu-orhan-kemal\/"},"modified":"2024-04-27T13:07:35","modified_gmt":"2024-04-27T10:07:35","slug":"kopek-yavrusu-orhan-kemal","status":"publish","type":"post","link":"https:\/\/narteks.net\/index.php\/2018\/08\/04\/kopek-yavrusu-orhan-kemal\/","title":{"rendered":"K\u00f6pek Yavrusu | Orhan Kemal"},"content":{"rendered":"<p style=\"text-align: justify;\"><img decoding=\"async\" style=\"float: left;\" src=\"images\/stories\/Orhan_Kemal.jpg\" alt=\"\" \/><img loading=\"lazy\" decoding=\"async\" class=\"wp-image-7892 size-thumbnail alignleft\" src=\"http:\/\/narteks.net\/wp-content\/uploads\/Orhan_Kemal-1-150x150.jpg\" alt=\"\" width=\"150\" height=\"150\" \/>\u015eehrin ana caddesindeki kuyumcu d\u00fckk\u00e2nlar\u0131ndan birinin kald\u0131r\u0131m\u0131 \u00f6n\u00fcnde bir k\u00f6pek yavrusu \u00f6n ayaklar\u0131 \u00fczerine uzanm\u0131\u015f, ac\u0131 ac\u0131 s\u0131zlan\u0131yor, arada ba\u015f\u0131n\u0131 iki yana \u00e7evirip, etraf\u0131n\u0131 alan mahalle \u00e7ocuklar\u0131na bak\u0131yordu.<br \/>\nK\u00f6pek yavrusunun iki ard aya\u011f\u0131n\u0131 az evvel, demir tekerlekli bir y\u00fck arabas\u0131 ezmi\u015fti. \u015eimdi mafsallardan a\u015fa\u011f\u0131s\u0131 pestile d\u00f6nm\u00fc\u015f, ayaklar yaln\u0131z bir deriyle ba\u011fl\u0131, sark\u0131yor, ezikten boyuna kan s\u0131z\u0131yordu. Arada boynunu b\u00fck\u00fcyor, sesini y\u00fckselterek bir \u015feyler anlatmak istiyor, sesi a\u011f\u0131rla\u015f\u0131yor, y\u00fckseliyor, sonra yava\u015f\u00e7ac\u0131k t\u00fckeniyordu.<\/p>\n<p style=\"text-align: justify;\">Etraf\u0131n\u0131 alan mahalle \u00e7ocuklar\u0131ysa yaramaz ve ha\u015findiler&#8230; Bunlardan Tatara benzeyen, bas\u0131k burunlu birinin elinde bir de\u011fnek vard\u0131. \u015eak\u0131ldakl\u0131 entarisinin par\u00e7alanm\u0131\u015f s\u0131rt\u0131ndan eti g\u00f6r\u00fcn\u00fcyordu. Yan\u0131nda, pasl\u0131 bir \u00e7ember tutan \u00e7ok zay\u0131f o\u011flana:<\/p>\n<p style=\"text-align: justify;\">\u2014 A\u011fl\u0131yor ha! dedi.<br \/>\n\u00c7ok zay\u0131f o\u011flan ba\u015f\u0131n\u0131 sallad\u0131.<br \/>\n\u2014 Heye.. Ver hele lan&#8230;<br \/>\nTatara benzeyen o\u011flan\u0131n elinden sopay\u0131 ald\u0131:<br \/>\n\u2014N&#8217;apacan?<br \/>\n\u00c7ok zay\u0131f o\u011flan cevap vermedi.<\/p>\n<p style=\"text-align: justify;\">\u00c7ekti\u011fi ac\u0131y\u0131 insanlara bir t\u00fcrl\u00fc anlatam\u0131yan k\u00f6pek yavrusunun ezilmi\u015f, kanl\u0131 etine d\u00fcrtt\u00fc. K\u00f6pek yavrusunun v\u00fccudu birden m\u00fcthi\u015f bir sars\u0131nt\u0131 ge\u00e7irdi ve ac\u0131 ac\u0131 ba\u011f\u0131rd\u0131. Ba\u015fta zay\u0131f o\u011flan, b\u00fct\u00fcn \u00e7ocuklar bir zafer \u00e7\u0131\u011fl\u0131\u011f\u0131 att\u0131lar.<br \/>\n\u2014 Bi daha d\u00fcrt hele lan!<\/p>\n<p style=\"text-align: justify;\">Deynek tekrar d\u00fcrt\u00fcld\u00fc, sonra tekrar, tekrar&#8230; K\u00f6pek yavrusu her seferde de \u00f6yle m\u00fcthi\u015f, \u00f6yle ondan beklenilmeyen sesler \u00e7\u0131kard\u0131 ki, sanki b\u00fct\u00fcn kudretini bu ola\u011fan\u00fcst\u00fc gayretlerle kaybetti ve t\u00fckendi gitti&#8230; K\u00f6pe\u011fin \u00e7aresiz bir teslimlikle yan yatan, g\u00f6zler kapal\u0131, elleri d\u00fc\u015fm\u00fc\u015f, ac\u0131 duyan, fakat art\u0131k inleme\u011fe mecali kalm\u0131yan s\u00fck\u00fbtu evvel\u00e2 \u00e7ocuklar\u0131n, sonra onlar\u0131 \u00e7evreleyen daha b\u00fcy\u00fck, daha, daha b\u00fcy\u00fcklerin ne\u015fesini ka\u00e7\u0131rd\u0131.<br \/>\nTatara benzeyen o\u011flan:<\/p>\n<p style=\"text-align: justify;\">\u2014 Vay ibne vay, dedi, ba\u011f\u0131rm\u0131yor be! K\u0131rp\u0131k b\u0131y\u0131kl\u0131 biri:<br \/>\n\u2014 Aya\u011f\u0131nnan bas da bak! dedi.<\/p>\n<p style=\"text-align: justify;\">K\u0131sa, l\u00e2civert pantolonunun k\u0131\u00e7\u0131 iri siyah bir bezle yamal\u0131, yandan biri kargaya benzeyen, kesik benizli bir ba\u015fka o\u011flan, aya\u011f\u0131nda ta\u015f\u0131d\u0131\u011f\u0131 \u2014 babas\u0131n\u0131n\u2014 battal, sar\u0131 kunduralar\u0131n\u0131n topu\u011fuyla k\u00f6pek yavrusunun ezilmi\u015f iki arka aya\u011f\u0131na bast\u0131. Bay\u0131lm\u0131\u015f, daha do\u011frusu \u00f6lm\u00fc\u015fe benzeyen k\u00f6pek yavrusu, ondan beklenmiyen yepyeni bir hamleyle \u015fahlanarak \u00f6yle bir vah\u015fi ses \u00e7\u0131kard\u0131 ki&#8230;<\/p>\n<p style=\"text-align: justify;\">K\u00f6pe\u011fin etraf\u0131nda ilk halkay\u0131 \u00e7eviren \u00e7ocuklar, onlar\u0131 \u00e7eviren b\u00fcy\u00fckler, daha b\u00fcy\u00fckler birden \u00fcrkt\u00fcler. Sonra k\u00f6pek yavrusunun iki \u00f6n aya\u011f\u0131 aras\u0131na saklad\u0131\u011f\u0131 ba\u015f\u0131yla tepe\u00fcst\u00fc, acaip devrili\u015fini g\u00f6r\u00fcnce korkacak bir \u015fey olmad\u0131\u011f\u0131n\u0131 anl\u0131yarak, tekrar topland\u0131lar ve ne\u015feli \u00e7\u0131\u011fl\u0131klar y\u00fckseldi.<br \/>\nSeyirci b\u00fcy\u00fcklerden biri:<\/p>\n<p style=\"text-align: justify;\">\u2014 Ulan eferim be! dedi.<br \/>\n\u00abEferim\u00bbi kazanan karga suratl\u0131 o\u011flan yumruklar\u0131n\u0131 g\u00f6\u011fs\u00fcne vurarak, gururla:<br \/>\n\u2014 Allooooo\u015f! dedi, eden gazi. Nas\u0131l? B\u00fct\u00fcn \u00e7ocuklar karga y\u00fczl\u00fc o\u011flana k\u0131skan\u00e7l\u0131kla bakt\u0131lar. \u00abDaha yeni bir \u015feyler bulup, kendileri de eferim&#8217;i kazanmak i\u00e7in\u00bb arand\u0131lar;<\/p>\n<p style=\"text-align: justify;\">K\u00f6pek yavrusunun \u00f6l\u00fcm\u00fc yakla\u015f\u0131yordu. Tatara benzeyen, yass\u0131 burunlu o\u011flan\u0131n el\u00e2 g\u00f6zleri, birden sar\u0131 sar\u0131 parlad\u0131.. Kar\u015f\u0131 kald\u0131r\u0131m\u0131n \u00f6n\u00fcnde s\u00f6k\u00fclm\u00fc\u015f bir parke ta\u015f\u0131 duruyordu. Ko\u015ftu, ta\u015f\u0131 yerinden zorla kald\u0131rarak k\u00f6pek yavrusuna do\u011fru geliyordu ki, \u00abHammal Memet bey\u00bb neredense zuhur etti. Tatara benzeyen o\u011flan\u0131n niyetini anl\u0131yarak onu kolundan yakalad\u0131:<\/p>\n<p style=\"text-align: justify;\">\u2014 Hele ha, hele ho .. Yaz\u0131k&#8230;<br \/>\nTatara benzeyen o\u011flan muvazenesini kaybetti, parke ta\u015f\u0131 da yere d\u00fc\u015ft\u00fc. O\u011flan bunu bir yenilgi sayd\u0131\u011f\u0131 i\u00e7in, m\u00fcthi\u015f h\u0131rslanarak dikildi:<br \/>\n\u2014 Sana ne? O\u011flun mu da kar\u0131\u015f\u0131yon? Herkes kahkahalarla g\u00fcld\u00fc. O\u011flan \u015f\u0131mard\u0131:<br \/>\n\u2014 Atar\u0131m atar\u0131m&#8230; Senin babay\u0131n iti de\u011fil ya! Hammal Memet bey:<br \/>\n\u2014 Yaz\u0131k o\u011flum, g\u00fcnah., diyecek oldu. Fakat yass\u0131 burunlu o\u011flan yumruklar\u0131n\u0131 beline dayam\u0131\u015f Hammal Memet bey&#8217;e \u00f6yle bir azametle bak\u0131yordu ki&#8230;<br \/>\n\u2014 Sen bir hambal adams\u0131n, dedi, get y\u00fck\u00fcn\u00fc ta\u015f\u0131., senden ak\u0131l alacak deel\u00fck a!<br \/>\nHerkes kas\u0131klar\u0131n\u0131 bast\u0131ra bast\u0131ra g\u00fcl\u00fcyordu.<\/p>\n<p style=\"text-align: justify;\">Baca\u011f\u0131 kadar bir o\u011flan\u0131n kar\u015f\u0131s\u0131nda, kulaklar\u0131na ge\u00e7mi\u015f soluk kur\u015fun\u00ee f\u00f6tr\u00fc, pa\u00e7alar\u0131 diz kapaklar\u0131na kadar \u00e7emirli kara donu, yal\u0131n ayaklar\u0131yla Hammal Memet bey&#8217; i bir soytar\u0131ya benzeten karn\u0131 tok bezirganlar, \u00f6teki \u00e7ocuklar\u0131 da k\u0131\u015fk\u0131rtma\u011fa ba\u015flad\u0131lar. Derken i\u015f az\u0131tt\u0131.. \u00abEhey\u00bbler, \u00abzort\u00bblar, karpuz kabuklar\u0131 ve avu\u00e7 avu\u00e7 toza tutulan \u00abHammal Memet bey\u00bb \u015fa\u015fk\u0131na \u00e7evrildi. Sa\u011fa, sola sald\u0131r\u0131rken kafas\u0131na bir ta\u015f, geri d\u00f6n\u00fcyor, d\u00f6nerken beraber aln\u0131na koca bir karpuz kabu\u011fu yiyerek sersemliyordu.<\/p>\n<p style=\"text-align: justify;\">Etraf gittik\u00e7e kalabal\u0131kla\u015f\u0131yordu.. G\u00fcne\u015fin alt\u0131nda boyuna \u00e7o\u011falan bir kalabal\u0131k sesli sesli g\u00fcl\u00fcyor, daha \u00e7ok g\u00fclebilmek i\u00e7in kendilerini zorluyorlard\u0131.<\/p>\n<p style=\"text-align: justify;\">Bir ara, karga y\u00fczl\u00fc o\u011flan\u0131n kuru bile\u011fi \u00abMemet bey\u00bbin eline ge\u00e7ti, \u00f6teki \u00e7ocuklar\u0131n \u00abAna avrat\u00bb k\u00fcf\u00fcrleri aras\u0131nda, d\u00f6nm\u00fc\u015f g\u00f6zleri, gerilmi\u015f.sinirleriyle, \u00e7ocu\u011fu tokatlama\u011fa ba\u015flad\u0131. \u00c7ocu\u011fun avar avaz hayk\u0131r\u0131\u015f\u0131, etraf\u0131n yaygaras\u0131 \u00fczerine bir polisle iki bek\u00e7i ko\u015farak geldiler. Esnaf\u0131n da i\u015fbirli\u011fiyle karga y\u00fczl\u00fc o\u011flan \u00abHammal Memet bey&#8217;in elinden kurtar\u0131ld\u0131 ve \u00abBir \u00e7ocu\u011fu cadde ortas\u0131nda tokatlamak su\u00e7lusu\u00bb adam, karakola sevkedildi.<\/p>\n<p style=\"text-align: justify;\">K\u00f6pek yavrusuna gelince&#8230; O kendinden ge\u00e7mi\u015fti. K\u00fc\u00e7\u00fcc\u00fck ba\u015f\u0131, iki \u00f6n aya\u011f\u0131 \u00fcst\u00fcne d\u00fc\u015fm\u00fc\u015f, kenarlar\u0131nda ya\u015flar kurumu\u015f, yumuk g\u00f6zleriyle sessiz sessiz yat\u0131yor, arada a\u011fz\u0131 a\u00e7\u0131l\u0131yor, fakat hi\u00e7 bir ses \u00e7\u0131kmadan kapan\u0131yordu.<\/p>\n<p style=\"text-align: justify;\">Az sonra ihtiyar \u00e7\u00f6p\u00e7\u00fc, g\u00fcne\u015fin alt\u0131nda b\u00fcsb\u00fct\u00fcn kurumu\u015fa benzeyen ve d\u00fcnyas\u0131ndan memnun olmad\u0131\u011f\u0131n\u0131 belli eden bezgin haliyle, hayvan\u0131n ba\u015f\u0131n\u0131 \u00e7ekerek geldi. Arabay\u0131 k\u00f6pek yavrusunun yan\u0131nda durdurdu. Al\u0131\u015fk\u0131n bir k\u00fcrek hareketiyle k\u00f6pek yavrusunu yerden ald\u0131, arabaya att\u0131, sonra gene hep o bezgin, tads\u0131z, kupkuru haliyle ve hayvan\u0131n\u0131n ba\u015f\u0131n\u0131 \u00e7ekerek uzakla\u015ft\u0131.<\/p>\n<p style=\"text-align: justify;\"><strong>K\u00f6pek Yavrusu | Orhan Kemal<\/strong><\/p>\n","protected":false},"excerpt":{"rendered":"<p>\u015eehrin ana caddesindeki kuyumcu d\u00fckk\u00e2nlar\u0131ndan birinin kald\u0131r\u0131m\u0131 \u00f6n\u00fcnde bir k\u00f6pek yavrusu \u00f6n ayaklar\u0131 \u00fczerine uzanm\u0131\u015f, ac\u0131 ac\u0131 s\u0131zlan\u0131yor, arada ba\u015f\u0131n\u0131 iki yana \u00e7evirip, etraf\u0131n\u0131 alan mahalle \u00e7ocuklar\u0131na bak\u0131yordu. K\u00f6pek yavrusunun iki ard aya\u011f\u0131n\u0131 az evvel, demir tekerlekli bir y\u00fck arabas\u0131 ezmi\u015fti. \u015eimdi mafsallardan a\u015fa\u011f\u0131s\u0131 pestile d\u00f6nm\u00fc\u015f, ayaklar yaln\u0131z bir deriyle ba\u011fl\u0131, sark\u0131yor, ezikten boyuna kan [&hellip;]<\/p>\n","protected":false},"author":1,"featured_media":0,"comment_status":"open","ping_status":"open","sticky":false,"template":"","format":"standard","meta":{"footnotes":""},"categories":[114],"tags":[],"class_list":["post-7092","post","type-post","status-publish","format-standard","category-turkiye-den-oykuler"],"yoast_head":"<!-- This site is optimized with the Yoast SEO Premium plugin v24.9 (Yoast SEO v24.9) - https:\/\/yoast.com\/wordpress\/plugins\/seo\/ -->\n<title>K\u00f6pek Yavrusu | Orhan Kemal - narteks.net<\/title>\n<meta name=\"robots\" content=\"index, follow, max-snippet:-1, max-image-preview:large, max-video-preview:-1\" \/>\n<link rel=\"canonical\" href=\"https:\/\/narteks.net\/index.php\/2018\/08\/04\/kopek-yavrusu-orhan-kemal\/\" \/>\n<meta property=\"og:locale\" content=\"tr_TR\" \/>\n<meta property=\"og:type\" content=\"article\" \/>\n<meta property=\"og:title\" content=\"K\u00f6pek Yavrusu | Orhan Kemal\" \/>\n<meta property=\"og:description\" content=\"\u015eehrin ana caddesindeki kuyumcu d\u00fckk\u00e2nlar\u0131ndan birinin kald\u0131r\u0131m\u0131 \u00f6n\u00fcnde bir k\u00f6pek yavrusu \u00f6n ayaklar\u0131 \u00fczerine uzanm\u0131\u015f, ac\u0131 ac\u0131 s\u0131zlan\u0131yor, arada ba\u015f\u0131n\u0131 iki yana \u00e7evirip, etraf\u0131n\u0131 alan mahalle \u00e7ocuklar\u0131na bak\u0131yordu. K\u00f6pek yavrusunun iki ard aya\u011f\u0131n\u0131 az evvel, demir tekerlekli bir y\u00fck arabas\u0131 ezmi\u015fti. \u015eimdi mafsallardan a\u015fa\u011f\u0131s\u0131 pestile d\u00f6nm\u00fc\u015f, ayaklar yaln\u0131z bir deriyle ba\u011fl\u0131, sark\u0131yor, ezikten boyuna kan [&hellip;]\" \/>\n<meta property=\"og:url\" content=\"https:\/\/narteks.net\/index.php\/2018\/08\/04\/kopek-yavrusu-orhan-kemal\/\" \/>\n<meta property=\"og:site_name\" content=\"narteks.net\" \/>\n<meta property=\"article:published_time\" content=\"2018-08-04T07:03:18+00:00\" \/>\n<meta property=\"article:modified_time\" content=\"2024-04-27T10:07:35+00:00\" \/>\n<meta property=\"og:image\" content=\"http:\/\/narteks.net\/wp-content\/uploads\/Orhan_Kemal-1-150x150.jpg\" \/>\n<meta name=\"author\" content=\"Tar\u0131k\" \/>\n<meta name=\"twitter:card\" content=\"summary_large_image\" \/>\n<meta name=\"twitter:creator\" content=\"@narteks\" \/>\n<meta name=\"twitter:site\" content=\"@narteks\" \/>\n<meta name=\"twitter:label1\" content=\"Yazan:\" \/>\n\t<meta name=\"twitter:data1\" content=\"Tar\u0131k\" \/>\n\t<meta name=\"twitter:label2\" content=\"Tahmini okuma s\u00fcresi\" \/>\n\t<meta name=\"twitter:data2\" content=\"5 dakika\" \/>\n<script type=\"application\/ld+json\" class=\"yoast-schema-graph\">{\"@context\":\"https:\/\/schema.org\",\"@graph\":[{\"@type\":\"Article\",\"@id\":\"https:\/\/narteks.net\/index.php\/2018\/08\/04\/kopek-yavrusu-orhan-kemal\/#article\",\"isPartOf\":{\"@id\":\"https:\/\/narteks.net\/index.php\/2018\/08\/04\/kopek-yavrusu-orhan-kemal\/\"},\"author\":{\"name\":\"Tar\u0131k\",\"@id\":\"https:\/\/narteks.net\/#\/schema\/person\/61f37d9834294b72d31d274e7ed79bca\"},\"headline\":\"K\u00f6pek Yavrusu | Orhan Kemal\",\"datePublished\":\"2018-08-04T07:03:18+00:00\",\"dateModified\":\"2024-04-27T10:07:35+00:00\",\"mainEntityOfPage\":{\"@id\":\"https:\/\/narteks.net\/index.php\/2018\/08\/04\/kopek-yavrusu-orhan-kemal\/\"},\"wordCount\":1059,\"commentCount\":0,\"publisher\":{\"@id\":\"https:\/\/narteks.net\/#organization\"},\"image\":{\"@id\":\"https:\/\/narteks.net\/index.php\/2018\/08\/04\/kopek-yavrusu-orhan-kemal\/#primaryimage\"},\"thumbnailUrl\":\"http:\/\/narteks.net\/wp-content\/uploads\/Orhan_Kemal-1-150x150.jpg\",\"articleSection\":[\"T\u00fcrkiye'den \u00d6yk\u00fcler\"],\"inLanguage\":\"tr\",\"potentialAction\":[{\"@type\":\"CommentAction\",\"name\":\"Comment\",\"target\":[\"https:\/\/narteks.net\/index.php\/2018\/08\/04\/kopek-yavrusu-orhan-kemal\/#respond\"]}]},{\"@type\":\"WebPage\",\"@id\":\"https:\/\/narteks.net\/index.php\/2018\/08\/04\/kopek-yavrusu-orhan-kemal\/\",\"url\":\"https:\/\/narteks.net\/index.php\/2018\/08\/04\/kopek-yavrusu-orhan-kemal\/\",\"name\":\"K\u00f6pek Yavrusu | Orhan Kemal - narteks.net\",\"isPartOf\":{\"@id\":\"https:\/\/narteks.net\/#website\"},\"primaryImageOfPage\":{\"@id\":\"https:\/\/narteks.net\/index.php\/2018\/08\/04\/kopek-yavrusu-orhan-kemal\/#primaryimage\"},\"image\":{\"@id\":\"https:\/\/narteks.net\/index.php\/2018\/08\/04\/kopek-yavrusu-orhan-kemal\/#primaryimage\"},\"thumbnailUrl\":\"http:\/\/narteks.net\/wp-content\/uploads\/Orhan_Kemal-1-150x150.jpg\",\"datePublished\":\"2018-08-04T07:03:18+00:00\",\"dateModified\":\"2024-04-27T10:07:35+00:00\",\"breadcrumb\":{\"@id\":\"https:\/\/narteks.net\/index.php\/2018\/08\/04\/kopek-yavrusu-orhan-kemal\/#breadcrumb\"},\"inLanguage\":\"tr\",\"potentialAction\":[{\"@type\":\"ReadAction\",\"target\":[\"https:\/\/narteks.net\/index.php\/2018\/08\/04\/kopek-yavrusu-orhan-kemal\/\"]}]},{\"@type\":\"ImageObject\",\"inLanguage\":\"tr\",\"@id\":\"https:\/\/narteks.net\/index.php\/2018\/08\/04\/kopek-yavrusu-orhan-kemal\/#primaryimage\",\"url\":\"https:\/\/narteks.net\/wp-content\/uploads\/Orhan_Kemal-1.jpg\",\"contentUrl\":\"https:\/\/narteks.net\/wp-content\/uploads\/Orhan_Kemal-1.jpg\",\"width\":191,\"height\":264},{\"@type\":\"BreadcrumbList\",\"@id\":\"https:\/\/narteks.net\/index.php\/2018\/08\/04\/kopek-yavrusu-orhan-kemal\/#breadcrumb\",\"itemListElement\":[{\"@type\":\"ListItem\",\"position\":1,\"name\":\"Anasayfa\",\"item\":\"https:\/\/narteks.net\/\"},{\"@type\":\"ListItem\",\"position\":2,\"name\":\"K\u00f6pek Yavrusu | Orhan Kemal\"}]},{\"@type\":\"WebSite\",\"@id\":\"https:\/\/narteks.net\/#website\",\"url\":\"https:\/\/narteks.net\/\",\"name\":\"narteks.net\",\"description\":\"K\u00fclt\u00fcr Sanat Edebiyat Felsefe\",\"publisher\":{\"@id\":\"https:\/\/narteks.net\/#organization\"},\"alternateName\":\"K\u00fclt\u00fcr Sanat Edebiyat Felsefe\",\"potentialAction\":[{\"@type\":\"SearchAction\",\"target\":{\"@type\":\"EntryPoint\",\"urlTemplate\":\"https:\/\/narteks.net\/?s={search_term_string}\"},\"query-input\":{\"@type\":\"PropertyValueSpecification\",\"valueRequired\":true,\"valueName\":\"search_term_string\"}}],\"inLanguage\":\"tr\"},{\"@type\":\"Organization\",\"@id\":\"https:\/\/narteks.net\/#organization\",\"name\":\"narteks.net\",\"url\":\"https:\/\/narteks.net\/\",\"logo\":{\"@type\":\"ImageObject\",\"inLanguage\":\"tr\",\"@id\":\"https:\/\/narteks.net\/#\/schema\/logo\/image\/\",\"url\":\"https:\/\/narteks.net\/wp-content\/uploads\/narteks.png\",\"contentUrl\":\"https:\/\/narteks.net\/wp-content\/uploads\/narteks.png\",\"width\":300,\"height\":90,\"caption\":\"narteks.net\"},\"image\":{\"@id\":\"https:\/\/narteks.net\/#\/schema\/logo\/image\/\"},\"sameAs\":[\"https:\/\/x.com\/narteks\",\"https:\/\/instagram.com\/narteksnet\"]},{\"@type\":\"Person\",\"@id\":\"https:\/\/narteks.net\/#\/schema\/person\/61f37d9834294b72d31d274e7ed79bca\",\"name\":\"Tar\u0131k\",\"image\":{\"@type\":\"ImageObject\",\"inLanguage\":\"tr\",\"@id\":\"https:\/\/narteks.net\/#\/schema\/person\/image\/\",\"url\":\"https:\/\/secure.gravatar.com\/avatar\/50865afb55632c4ae467e0af0930f6510aa2297d8014be502a55b14f3b7550cf?s=96&d=mm&r=g\",\"contentUrl\":\"https:\/\/secure.gravatar.com\/avatar\/50865afb55632c4ae467e0af0930f6510aa2297d8014be502a55b14f3b7550cf?s=96&d=mm&r=g\",\"caption\":\"Tar\u0131k\"},\"sameAs\":[\"http:\/\/narteks.net\"],\"url\":\"https:\/\/narteks.net\/index.php\/author\/narbak\/\"}]}<\/script>\n<!-- \/ Yoast SEO Premium plugin. -->","yoast_head_json":{"title":"K\u00f6pek Yavrusu | Orhan Kemal - narteks.net","robots":{"index":"index","follow":"follow","max-snippet":"max-snippet:-1","max-image-preview":"max-image-preview:large","max-video-preview":"max-video-preview:-1"},"canonical":"https:\/\/narteks.net\/index.php\/2018\/08\/04\/kopek-yavrusu-orhan-kemal\/","og_locale":"tr_TR","og_type":"article","og_title":"K\u00f6pek Yavrusu | Orhan Kemal","og_description":"\u015eehrin ana caddesindeki kuyumcu d\u00fckk\u00e2nlar\u0131ndan birinin kald\u0131r\u0131m\u0131 \u00f6n\u00fcnde bir k\u00f6pek yavrusu \u00f6n ayaklar\u0131 \u00fczerine uzanm\u0131\u015f, ac\u0131 ac\u0131 s\u0131zlan\u0131yor, arada ba\u015f\u0131n\u0131 iki yana \u00e7evirip, etraf\u0131n\u0131 alan mahalle \u00e7ocuklar\u0131na bak\u0131yordu. K\u00f6pek yavrusunun iki ard aya\u011f\u0131n\u0131 az evvel, demir tekerlekli bir y\u00fck arabas\u0131 ezmi\u015fti. \u015eimdi mafsallardan a\u015fa\u011f\u0131s\u0131 pestile d\u00f6nm\u00fc\u015f, ayaklar yaln\u0131z bir deriyle ba\u011fl\u0131, sark\u0131yor, ezikten boyuna kan [&hellip;]","og_url":"https:\/\/narteks.net\/index.php\/2018\/08\/04\/kopek-yavrusu-orhan-kemal\/","og_site_name":"narteks.net","article_published_time":"2018-08-04T07:03:18+00:00","article_modified_time":"2024-04-27T10:07:35+00:00","og_image":[{"url":"http:\/\/narteks.net\/wp-content\/uploads\/Orhan_Kemal-1-150x150.jpg","type":"","width":"","height":""}],"author":"Tar\u0131k","twitter_card":"summary_large_image","twitter_creator":"@narteks","twitter_site":"@narteks","twitter_misc":{"Yazan:":"Tar\u0131k","Tahmini okuma s\u00fcresi":"5 dakika"},"schema":{"@context":"https:\/\/schema.org","@graph":[{"@type":"Article","@id":"https:\/\/narteks.net\/index.php\/2018\/08\/04\/kopek-yavrusu-orhan-kemal\/#article","isPartOf":{"@id":"https:\/\/narteks.net\/index.php\/2018\/08\/04\/kopek-yavrusu-orhan-kemal\/"},"author":{"name":"Tar\u0131k","@id":"https:\/\/narteks.net\/#\/schema\/person\/61f37d9834294b72d31d274e7ed79bca"},"headline":"K\u00f6pek Yavrusu | Orhan Kemal","datePublished":"2018-08-04T07:03:18+00:00","dateModified":"2024-04-27T10:07:35+00:00","mainEntityOfPage":{"@id":"https:\/\/narteks.net\/index.php\/2018\/08\/04\/kopek-yavrusu-orhan-kemal\/"},"wordCount":1059,"commentCount":0,"publisher":{"@id":"https:\/\/narteks.net\/#organization"},"image":{"@id":"https:\/\/narteks.net\/index.php\/2018\/08\/04\/kopek-yavrusu-orhan-kemal\/#primaryimage"},"thumbnailUrl":"http:\/\/narteks.net\/wp-content\/uploads\/Orhan_Kemal-1-150x150.jpg","articleSection":["T\u00fcrkiye'den \u00d6yk\u00fcler"],"inLanguage":"tr","potentialAction":[{"@type":"CommentAction","name":"Comment","target":["https:\/\/narteks.net\/index.php\/2018\/08\/04\/kopek-yavrusu-orhan-kemal\/#respond"]}]},{"@type":"WebPage","@id":"https:\/\/narteks.net\/index.php\/2018\/08\/04\/kopek-yavrusu-orhan-kemal\/","url":"https:\/\/narteks.net\/index.php\/2018\/08\/04\/kopek-yavrusu-orhan-kemal\/","name":"K\u00f6pek Yavrusu | Orhan Kemal - narteks.net","isPartOf":{"@id":"https:\/\/narteks.net\/#website"},"primaryImageOfPage":{"@id":"https:\/\/narteks.net\/index.php\/2018\/08\/04\/kopek-yavrusu-orhan-kemal\/#primaryimage"},"image":{"@id":"https:\/\/narteks.net\/index.php\/2018\/08\/04\/kopek-yavrusu-orhan-kemal\/#primaryimage"},"thumbnailUrl":"http:\/\/narteks.net\/wp-content\/uploads\/Orhan_Kemal-1-150x150.jpg","datePublished":"2018-08-04T07:03:18+00:00","dateModified":"2024-04-27T10:07:35+00:00","breadcrumb":{"@id":"https:\/\/narteks.net\/index.php\/2018\/08\/04\/kopek-yavrusu-orhan-kemal\/#breadcrumb"},"inLanguage":"tr","potentialAction":[{"@type":"ReadAction","target":["https:\/\/narteks.net\/index.php\/2018\/08\/04\/kopek-yavrusu-orhan-kemal\/"]}]},{"@type":"ImageObject","inLanguage":"tr","@id":"https:\/\/narteks.net\/index.php\/2018\/08\/04\/kopek-yavrusu-orhan-kemal\/#primaryimage","url":"https:\/\/narteks.net\/wp-content\/uploads\/Orhan_Kemal-1.jpg","contentUrl":"https:\/\/narteks.net\/wp-content\/uploads\/Orhan_Kemal-1.jpg","width":191,"height":264},{"@type":"BreadcrumbList","@id":"https:\/\/narteks.net\/index.php\/2018\/08\/04\/kopek-yavrusu-orhan-kemal\/#breadcrumb","itemListElement":[{"@type":"ListItem","position":1,"name":"Anasayfa","item":"https:\/\/narteks.net\/"},{"@type":"ListItem","position":2,"name":"K\u00f6pek Yavrusu | Orhan Kemal"}]},{"@type":"WebSite","@id":"https:\/\/narteks.net\/#website","url":"https:\/\/narteks.net\/","name":"narteks.net","description":"K\u00fclt\u00fcr Sanat Edebiyat Felsefe","publisher":{"@id":"https:\/\/narteks.net\/#organization"},"alternateName":"K\u00fclt\u00fcr Sanat Edebiyat Felsefe","potentialAction":[{"@type":"SearchAction","target":{"@type":"EntryPoint","urlTemplate":"https:\/\/narteks.net\/?s={search_term_string}"},"query-input":{"@type":"PropertyValueSpecification","valueRequired":true,"valueName":"search_term_string"}}],"inLanguage":"tr"},{"@type":"Organization","@id":"https:\/\/narteks.net\/#organization","name":"narteks.net","url":"https:\/\/narteks.net\/","logo":{"@type":"ImageObject","inLanguage":"tr","@id":"https:\/\/narteks.net\/#\/schema\/logo\/image\/","url":"https:\/\/narteks.net\/wp-content\/uploads\/narteks.png","contentUrl":"https:\/\/narteks.net\/wp-content\/uploads\/narteks.png","width":300,"height":90,"caption":"narteks.net"},"image":{"@id":"https:\/\/narteks.net\/#\/schema\/logo\/image\/"},"sameAs":["https:\/\/x.com\/narteks","https:\/\/instagram.com\/narteksnet"]},{"@type":"Person","@id":"https:\/\/narteks.net\/#\/schema\/person\/61f37d9834294b72d31d274e7ed79bca","name":"Tar\u0131k","image":{"@type":"ImageObject","inLanguage":"tr","@id":"https:\/\/narteks.net\/#\/schema\/person\/image\/","url":"https:\/\/secure.gravatar.com\/avatar\/50865afb55632c4ae467e0af0930f6510aa2297d8014be502a55b14f3b7550cf?s=96&d=mm&r=g","contentUrl":"https:\/\/secure.gravatar.com\/avatar\/50865afb55632c4ae467e0af0930f6510aa2297d8014be502a55b14f3b7550cf?s=96&d=mm&r=g","caption":"Tar\u0131k"},"sameAs":["http:\/\/narteks.net"],"url":"https:\/\/narteks.net\/index.php\/author\/narbak\/"}]}},"_links":{"self":[{"href":"https:\/\/narteks.net\/index.php\/wp-json\/wp\/v2\/posts\/7092","targetHints":{"allow":["GET"]}}],"collection":[{"href":"https:\/\/narteks.net\/index.php\/wp-json\/wp\/v2\/posts"}],"about":[{"href":"https:\/\/narteks.net\/index.php\/wp-json\/wp\/v2\/types\/post"}],"author":[{"embeddable":true,"href":"https:\/\/narteks.net\/index.php\/wp-json\/wp\/v2\/users\/1"}],"replies":[{"embeddable":true,"href":"https:\/\/narteks.net\/index.php\/wp-json\/wp\/v2\/comments?post=7092"}],"version-history":[{"count":1,"href":"https:\/\/narteks.net\/index.php\/wp-json\/wp\/v2\/posts\/7092\/revisions"}],"predecessor-version":[{"id":7893,"href":"https:\/\/narteks.net\/index.php\/wp-json\/wp\/v2\/posts\/7092\/revisions\/7893"}],"wp:attachment":[{"href":"https:\/\/narteks.net\/index.php\/wp-json\/wp\/v2\/media?parent=7092"}],"wp:term":[{"taxonomy":"category","embeddable":true,"href":"https:\/\/narteks.net\/index.php\/wp-json\/wp\/v2\/categories?post=7092"},{"taxonomy":"post_tag","embeddable":true,"href":"https:\/\/narteks.net\/index.php\/wp-json\/wp\/v2\/tags?post=7092"}],"curies":[{"name":"wp","href":"https:\/\/api.w.org\/{rel}","templated":true}]}}