{"id":7096,"date":"2018-08-05T12:23:25","date_gmt":"2018-08-05T09:23:25","guid":{"rendered":"http:\/\/localhost\/wordpress\/2018\/08\/05\/bit-yarisi-aziz-nesin\/"},"modified":"2024-04-27T13:02:50","modified_gmt":"2024-04-27T10:02:50","slug":"bit-yarisi-aziz-nesin","status":"publish","type":"post","link":"https:\/\/narteks.net\/index.php\/2018\/08\/05\/bit-yarisi-aziz-nesin\/","title":{"rendered":"Bit Yar\u0131\u015f\u0131 | Aziz Nesin"},"content":{"rendered":"<p style=\"text-align: justify;\"><img loading=\"lazy\" decoding=\"async\" class=\"wp-image-7753 size-thumbnail alignleft\" src=\"http:\/\/narteks.net\/wp-content\/uploads\/aziznesin2-150x150.jpg\" alt=\"\" width=\"150\" height=\"150\" \/>Hi\u00e7 bit yar\u0131\u015f\u0131 seyrettiniz mi?<br \/>\nHay\u0131r, seyretmemi\u015flerdi. Bit yar\u0131\u015f\u0131 diye bi\u015fey duymu\u015flard\u0131 ama, nas\u0131l bir yar\u0131\u015ft\u0131r, bilmiyorlard\u0131. \u0130nanm\u0131yorlard\u0131 bile b\u00f6yle bir yar\u0131\u015f olabilece\u011fine. L\u00e2f olsun diye s\u00f6ylenen bir s\u00f6z san\u0131yorlard\u0131 bit yar\u0131\u015f\u0131n\u0131.<br \/>\nSiz seyrettiniz mi?<br \/>\nSeyretmenin l\u00e2f\u0131 m\u0131 olur, hem de \u00e7ok seyrettim. Kendim de bit yar\u0131\u015ft\u0131rd\u0131m&#8230;<br \/>\nNas\u0131l oluyor, aman anlatsan\u0131za&#8230;<br \/>\n\u0130kinci D\u00fcnya Sava\u015f\u0131&#8217;n\u0131n sonlar\u0131na do\u011fru&#8230; Bir ak\u015fam bir meyhanede arkada\u015flarla i\u00e7iyoruz. \u015eimdi Ba\u015fbakan\u0131n h\u00fck\u00fcmet program\u0131 diye s\u00f6yledi\u011fi baz\u0131 s\u00f6zleri, ben o gece meyhanede sarho\u015flukla a\u011fz\u0131mdan ka\u00e7\u0131rm\u0131\u015f\u0131m. Sarho\u015f olmasayd\u0131m hi\u00e7 s\u00f6yler miydim? Nas\u0131l olsa yirmi y\u0131l sonra Ba\u015fbakan h\u00fck\u00fcmet program\u0131 olarak s\u00f6yliyecek, acelem ne? Sarho\u015fluk i\u015fte&#8230; Neyse efendim&#8230; Meyhanede bulunan sad\u0131k yurtta\u015flar\u0131m\u0131zdan biri hemen karakola ko\u015fup, meyhanede bir adam\u0131n i\u015f\u00e7ilerin sendika kurmalar\u0131 gerekti\u011fini s\u00f6yledi\u011fini ihbar ediyor. Bu ihbar \u00fczerine, be\u015f on sivil polis meyhaneye gelip beni \u00e7eviriyor, ba\u015fl\u0131yorlar benimle kadeh toku\u015fturup konu\u015fmaya. Benim onlar\u0131n siyas\u00ee polis olduklar\u0131ndan haberim yok tabi\u00ee&#8230; Deminden beri meyhanede kendi arkada\u015flar\u0131mla bit\u00fcrl\u00fc anla\u00ad\u015fam\u0131yorduk, boyuna tart\u0131\u015f\u0131yorduk; oysa bu yeni gelenlerle birbirimize kayna\u015f\u0131verdik. Bir tanesi bana, Bu bizim h\u00fck\u00fcmette i\u015f yok, ha? Ne dersi niz? diyor.<br \/>\nBen de ona,<br \/>\n\u00c7ok hakl\u0131s\u0131n\u0131z! diyorum. Sonra \u015ferefe kadeh kald\u0131r\u0131yoruz. Ba\u015fka biri,<br \/>\nZenginler i\u015f\u00e7ileri s\u00f6m\u00fcr\u00fcyorlar&#8230; Siz de bu d\u00fc\u015f\u00fcncede misiniz? diyor.<br \/>\nEvet&#8230; diyorum.<br \/>\nYine \u015ferefe kadeh kald\u0131r\u0131yoruz.<br \/>\nBenim kendili\u011fimden bi\u015fey s\u00f6yledi\u011fim yok. Onlar s\u00f6yl\u00fcyor, ben de onayl\u0131yorum. Ama do\u011frusu, i\u00e7imden de \u00abYahu, art\u0131k halk uyanmaya ba\u015flad\u0131, bak \u015fu insanlara, neler d\u00fc\u015f\u00fcnmeye ba\u015flad\u0131lar!\u00bb diye de seviniyorum. Oysa beni, memleket hesab\u0131na sevindirenlerin hepsi de polismi\u015f.<br \/>\nMeyhaneden \u00e7\u0131kt\u0131k. Ben, yar\u0131s\u0131 i\u00e7kidense, yar\u0131s\u0131 da sevin\u00e7ten iyice sarho\u015f olmu\u015fum, sallan\u0131p duruyorum. O sonradan meyhaneye gelip de \u00e7ok iyi anla\u015ft\u0131\u011f\u0131m\u0131z adamlar, yuvarlanm\u0131yay\u0131m diye koluma girdiler, s\u0131k\u0131ca beni g\u00f6t\u00fcr\u00fcyorlar. Ben,<br \/>\nZahmet buyurmay\u0131n, ben giderim&#8230; dedik\u00e7e,<br \/>\nHi\u00e7 olur mu efendim&#8230; Biz sizi emniyetli bir yere koymadan b\u0131rakmay\u0131z&#8230; diyorlar.<br \/>\nYahu memlekette hel\u00e2l s\u00fct emmi\u015f ne insan evl\u00e2tlar\u0131 var, a\u015fkolsun&#8230;<br \/>\nM\u00fcsaade buyrun efendim, vallahi ben giderim&#8230;<br \/>\nYooo, katiyen b\u0131rakmay\u0131z&#8230; Biz g\u00f6t\u00fcrece\u011fiz&#8230;<br \/>\nAllah Allah&#8230; Bunlar beni g\u00f6t\u00fcr\u00fcyorlar ama, ters yana gidiyoruz.<br \/>\nBen Kas\u0131mpa\u015fa&#8217;da oturuyorum&#8230; Siz beni b\u0131rak\u0131n, ben burdan kendim giderim. Buraya kadar getirdiniz ya, eksik olmay\u0131n, \u00e7ok te\u015fekk\u00fcr ederim&#8230;<br \/>\nBiz sizi bu halde geceyar\u0131s\u0131 sokaklarda b\u0131rakamay\u0131z&#8230; Siz hele bu gece bizimi konu\u011fumuz olun da&#8230;<br \/>\nNe iyi kalbli insanlar can\u0131m&#8230; Allah raz\u0131 olsun&#8230; Memleket hakk\u0131nda \u00e7ok iyi umutlara kap\u0131ld\u0131\u011f\u0131mdan keyfimden hafif hafif \u015fark\u0131lar da m\u0131r\u0131ldan\u0131yorum.<br \/>\nGece vakti, ama sizinkileri de rahats\u0131z edece\u011fiz&#8230; Bana m\u00fcsaade edin&#8230;<br \/>\nEsta\u011ffurullah&#8230; Ne rahats\u0131zl\u0131\u011f\u0131?.. Biz g\u00f6revimizi yap\u0131yoruz&#8230; Siz bu gece bizde kal\u0131n&#8230;<br \/>\n\u00dc\u00e7 onlar, bir de ben, d\u00f6rt&#8230; Bindik bir arabaya&#8230; Do\u011fru \u0130stanbul Emniyet M\u00fcd\u00fcrl\u00fc\u011f\u00fcne. Ben oralar\u0131n\u0131 bilmedi\u011fim i\u00e7in, onlar\u0131n oturdu\u011fu apart\u0131mana giriyoruz san\u0131yorum.<br \/>\nOo\u00f6, apart\u0131man\u0131n\u0131z ne b\u00fcy\u00fckm\u00fc\u015f &#8230; Merdiveni \u00e7\u0131k\u0131yoruz. \u0130\u00e7imden \u00abBenim de bu konukseverli\u011fin alt\u0131nda kalmamam gerekli ama, bu adamlar\u0131 benim iki k\u00fc\u00e7\u00fck odal\u0131 bek\u00e2r evimde nas\u0131l a\u011f\u0131rl\u0131yaca\u011f\u0131m?\u00bb diye d\u00fc\u015f\u00fcn\u00fcp duruyorum. Onlar h\u00e2l\u00e2 beni kollar\u0131nda merdivenden \u00e7\u0131kar\u0131yorlar. Birara, Arkada\u015flar, valla beni \u00e7ok mahcup ettiniz&#8230; dedim.<br \/>\nBen bu s\u00f6z\u00fc s\u00f6ylememle, sol yan\u0131mdaki,<br \/>\nY\u00fcr\u00fc ulan \u015feyo\u011flu\u015fey! deyip de bo\u015f b\u00f6\u011fr\u00fcme bir dirsek indirince, ben basamaklara y\u0131\u011f\u0131lakald\u0131m.<br \/>\nYoo, buna e\u015fek \u015fakas\u0131 derler hani&#8230; Arkada\u015fl\u0131k markada\u015fl\u0131k ama, ben sululuktan hi\u00e7 ho\u015flanmam. Ama ne de olsa onlardan iyilik g\u00f6rd\u00fc\u011f\u00fcmden birden sertle\u015femedim de, hani onlar bana \u015fakadan \u00ab\u015feyo\u011flu\u015fey\u00bb deyince ben de altta kalmamak i\u00e7in, s\u00f6zde yapt\u0131klar\u0131 \u015fakaya g\u00fcl\u00fcmsiyerek,<br \/>\nUlan yapmay\u0131n hergeleler&#8230; dedim.<br \/>\nDememle y\u00fcz\u00fcme g\u00f6z\u00fcme sille tokat, tekme inmeye ba\u015flad\u0131. Ondan sonras\u0131n\u0131 hayal meyal ha\u00adt\u0131rl\u0131yorum. Art\u0131k sarho\u015fluktan m\u0131 s\u0131zm\u0131\u015f\u0131m, yoksa dayaktan m\u0131 bay\u0131lm\u0131\u015f\u0131m, bilemiyorum., Sabahleyin erkenden uyand\u0131m ki, buz gibi ta\u015flar\u0131n \u00fcst\u00fcne uzat\u0131lm\u0131\u015f\u0131m. Yerimden kalkmaya \u00e7al\u0131\u015ft\u0131m, nerde, k\u0131m\u0131ld\u0131yam\u0131yorum bile, tur\u015fu olmu\u015fum. Zihnimi toparlamaya \u00e7al\u0131\u015f\u0131yorum: Meyhanede birileriyle arkada\u015f olduk, sonra beni onlar al\u0131p misafir ettilerdi. \u0130yi ama bu ne bi\u00e7im misafirlik can\u0131m&#8230;<br \/>\nHerhalde onlar da \u00e7ok sarho\u015ftu&#8230; Sarho\u015flukla biz birbirimize girdik. \u015eimdi uyan\u0131rlar, \u00f6z\u00fcr diler, kahvalt\u0131 getirirler&#8230;<br \/>\nEvet, bir posta daha dayak yiyerek kahvalt\u0131y\u0131 ettim. Sonra ordan savc\u0131l\u0131\u011fa, ordan da cezaevine&#8230; Vallahi, meyhanede b\u00fct\u00fcn s\u00f6ylediklerim, \u015fimdi Ba\u015fbakan\u0131n h\u00fck\u00fcmet program\u0131 olarak il\u00e2n ettiklerinin onda biri bile de\u011fil&#8230;<br \/>\nCezaevini boylad\u0131m. \u00dcst\u00fcmde birka\u00e7 kuru\u015fum vard\u0131, ilk g\u00fcnler iyi ge\u00e7ti. Ama para suyunu \u00e7ekince, iyice t\u0131r\u0131l kald\u0131m. Gelenim, gidenim, arayan\u0131m, soran\u0131m yok&#8230; Benim gibi z\u00fc\u011f\u00fcrtleri cezaevinde \u00ab\u00c2dem Baba Ko\u011fu\u015fu\u00bb na at\u0131yorlar. Bu \u00c2dem Baba Ko\u011fu\u015fu&#8217;nu anlatmaya kalksam sabaha kadar bitmez. Yaln\u0131z \u015fu kadar\u0131n\u0131 s\u00f6yliyeyim, belki anlatabilirim.<br \/>\nBen daha \u00c2dem Baba Ko\u011fu\u015fu&#8217;na gitmemi\u015ftim. Birg\u00fcn cezaevinin orta bah\u00e7esinde geziniyoruz. \u00c2dem Baba Ko\u011fu\u015fu&#8217;nun penceresine dolu\u015fmu\u015f mahk\u00fbmlar, bah\u00e7ede gezinen bir ko\u011fu\u015f arkada\u015flar\u0131na durmadan,<br \/>\nGelsene ulan&#8230; Hani on dakika gezecektin namussuz, bir saati bile ge\u00e7ti&#8230; Gelsene! diye ba \u011f\u0131r\u0131p duruyorlar.<br \/>\nNeymi\u015f, biliyor musunuz? Koca \u00c2dem Baba Ko\u011fu\u015fu&#8217;nda, yaln\u0131z bitek pantalon varm\u0131\u015f, her biri bu pantalonu s\u0131rayla giyip bah\u00e7eye teker teker g\u00fcne\u015flenmeye \u00e7\u0131karlarm\u0131\u015f. \u0130\u00e7lerinden biri aya\u011f\u0131na pantalonu giymi\u015f, bir saattir d\u00f6nm\u00fcyor ko\u011fu\u015fa&#8230; \u00d6b\u00fcrlerinin de aya\u011f\u0131nda pantalon olmad\u0131\u011f\u0131ndan, donla bah\u00e7eye inip, onu yakalayam\u0131yorlar. Boyuna ba\u011f\u0131r\u0131yorlar demir parmakl\u0131kl\u0131 pencerelerden:<br \/>\nUlan, sen bir daha buraya gelmiyecek misin&#8230; Nas\u0131l olsa geleceksin&#8230;<br \/>\n\u0130\u015fte beni b\u00f6yle bir \u00c2dem Baba Ko\u011fu\u015fu&#8217;na att\u0131lar.<br \/>\nAkl\u0131na gelen, gelmeyen her t\u00fcrl\u00fc sefillik, rezillik ortada&#8230;<br \/>\nO g\u00fcnlerde de b\u00fct\u00fcn T\u00fcrkiye&#8217;de tif\u00fcs salg\u0131n\u0131 var. Hatt\u00e2 hikayeci Kenan Hulusi&#8217;yle romanc\u0131 iskender Fahrettin bile, o g\u00fcnlerde tif\u00fcse yakalan\u0131p \u00f6lm\u00fc\u015flerdi. DDT de daha \u00e7\u0131kmam\u0131\u015f, bit \u00f6l\u00fcm sa\u00e7\u0131yor. ..<br \/>\nHer sabah kalk\u0131yoruz ki, cezaevinde birka\u00e7 ki\u015fi tif\u00fcsten \u00f6lm\u00fc\u015f. \u00d6l\u00fcleri sedyeye koyup orta bah\u00e7eden ge\u00e7iriyorlar. Tif\u00fcsten \u00f6l\u00fcm olmad\u0131\u011f\u0131 g\u00fcn yok. Baz\u0131 g\u00fcn, on-onbe\u015f ki\u015finin \u00f6ld\u00fc\u011f\u00fc de oluyor.<br \/>\nBu tif\u00fcs berbat bi\u015fey, ak\u015famdan ate\u015fi y\u00fckseliyor hastan\u0131n, sabahleyin bak\u0131yorsun \u00f6lm\u00fc\u015f&#8230;<br \/>\n\u00c2dem Baba Ko\u011fu\u015fu&#8217;na soktular beni, daha do\u011frusu ittiler&#8230; Bakt\u0131m, ko\u011fu\u015ftakilerin hepsi, birbirinin \u00fcst\u00fcne y\u0131\u011f\u0131l\u0131p toplanm\u0131\u015f bi\u015fey seyrediyorlar. Ben de sokulup bakt\u0131m, ama anlayamad\u0131m. Ordan birisine,<br \/>\nNe oluyor arkada\u015f? dedim.<br \/>\nBit yar\u0131\u015f\u0131&#8230; dedi.<br \/>\nNeee? Bit yar\u0131\u015f\u0131 m\u0131? Yahu, insanlar tif\u00fcsten k\u0131r\u0131l\u0131yor, bunlar burda bit yar\u0131\u015f\u0131 yap\u0131yorlar.<br \/>\nBu ko\u011fu\u015ftaki adamlar da \u00e7ok lanet, ters insanlar; bunlara bi\u015fey de s\u00f6ylenmez. Konu\u015fulabilecek gibi g\u00f6z\u00fcme kestirdi\u011fim birine, bitte \u00f6l\u00fcm tehlikesi oldu\u011funu anlatmaya \u00e7al\u0131\u015ft\u0131m akl\u0131mca. Sakallar\u0131 uzam\u0131\u015f, aya\u011f\u0131nda kir rengi uzun pa\u00e7al\u0131 bir don olan adam bana,<br \/>\nBu bitler yar\u0131\u015f i\u00e7in \u00f6zel yeti\u015ftirilmi\u015flerdir, bunlarda mikrop olmaz&#8230; dedi.<br \/>\nMikropsuz olduklar\u0131 nas\u0131l anla\u015f\u0131l\u0131yor?<br \/>\nBunlar ba\u015fka bitlerle temas ettirilmiyorlar ki&#8230; \u00d6zel olarak bak\u0131l\u0131p besleniyor, yeti\u015ftiriliyor&#8230;<br \/>\n\u015eimdi size bit yar\u0131\u015f\u0131n\u0131n nas\u0131l oldu\u011funu anlatay\u0131m. Yar\u0131\u015f alan\u0131 iyice d\u00fcz olacak. D\u00f6\u015femenin \u00fcst\u00fcne d\u00fcz bir teneke koymu\u015flar. Tenekenin \u00fcst\u00fcne tebe\u015firle bir daire \u00e7iziliyor. Bu dairenin d\u0131\u015f\u0131na, \u00e7ok daha b\u00fcy\u00fck bir daire \u00e7iziliyor. Yar\u0131\u015facak bitler, ortadaki dairenin i\u00e7ine ayn\u0131 zamanda b\u0131rak\u0131l\u0131yor. Tabi\u00ee bitler y\u00fcr\u00fcmeye ba\u015fl\u0131yorlar. D\u0131\u015ftaki daireyi kimin biti daha \u00f6nce ge\u00e7erse o bit yar\u0131\u015f\u0131 kazan\u0131p birinci oluyor, arkas\u0131ndan ikinci, \u00fc\u00e7\u00fcnc\u00fc geliyor.<br \/>\nT\u0131pk\u0131 \u00f6b\u00fcr ko\u011fu\u015flarda kumar oynan\u0131rken oldu\u011fu gibi, bit yar\u0131\u015flar\u0131nda da bir manocu var. Ko\u011fu\u015fun a\u011fas\u0131 olan manocu, hem de bit yar\u0131\u015flar\u0131nda hakem g\u00f6revini yap\u0131yor. Yar\u0131\u015fan bitlerin derecelerini o s\u00f6yl\u00fcyor; kimse ona kar\u015f\u0131 gelemiyor.<br \/>\nKo\u011fu\u015fta her isteyen kendi bitini yar\u0131\u015fa sokuyor. Ama bitini yar\u0131\u015fa sokabilmesi i\u00e7in, yar\u0131\u015facak bit ba\u015f\u0131na \u00f6nceden bir paray\u0131 ortaya koymas\u0131 gerekli. Diyelim, her yar\u0131\u015f\u00e7\u0131 bit ba\u015f\u0131na, \u00fc\u00e7er lira. On bit yar\u0131\u015f\u0131yorsa, otuz lira ortada. Birinci gelen bitin sahibi, ortadaki paran\u0131n \u00fc\u00e7te biri olan on liray\u0131 al\u0131yor. \u0130kinci gelen bitin sahibi, koydu\u011fu paran\u0131n iki kat\u0131n\u0131, yani alt\u0131 lira al\u0131yor. \u00dc\u00e7\u00fcnc\u00fc gelen bitin sahibi de, koydu\u011fu paran\u0131n birbu\u00e7uk kat\u0131n\u0131, yani d\u00f6rt bu\u00e7uk lira al\u0131yor. D\u00f6rd\u00fcnc\u00fc gelen bitin sahibi, ancak koydu\u011fu paray\u0131 geri al\u0131yor, yani \u00fc\u00e7 liras\u0131n\u0131 kurtar\u0131yor. Geriye kalan paran\u0131n hepsi manocunun.<br \/>\nBitlerini yar\u0131\u015fa sokacak kadar paras\u0131 olmayanlar da, yirmi be\u015f kuru\u015funa, elli kuru\u015funa bahse giriyorlar. Hi\u00e7 paras\u0131 olmayanlar da, cezaevinde verilen g\u00fcnde bir tay\u0131m bahse yat\u0131r\u0131yorlar. Manocu, bahse girip kazananlardan y\u00fczde on mano al\u0131yor. Paralar\u0131 kendisi, tay\u0131nlar\u0131 da meydanc\u0131 topluyor. Manoyu toplayan ko\u011fu\u015fun a\u011fas\u0131 \u00abAnas\u0131n\u0131 \u015f&#8217;apan S\u00fcleyman\u00bb ad\u0131nda biri. Bu adam, b\u0131\u00e7ak \u00e7ekip zorla, kendi \u00f6z anas\u0131n\u0131n koynuna girdi\u011fi i\u00e7in, a\u011f\u0131r ceza yemi\u015f, bu y\u00fczden ona Anas\u0131n\u0131 \u015f&#8217;apan S\u00fcl\u00fcman diyorlar. Anas\u0131n\u0131 \u015f&#8217;apan S\u00fcl\u00fcman&#8217;\u0131n da yar\u0131\u015f bitleri var, o da bitlerini yar\u0131\u015ft\u0131r\u0131yor.<br \/>\nKo\u011fu\u015fa ilk girdi\u011fim zaman yar\u0131\u015f bitmek \u00fczereymi\u015f. Yar\u0131\u015f bitti. Kazananlar paralar\u0131n\u0131 ald\u0131lar. Manocu, manosunu toplad\u0131. Kazanamayanlar, bitlerine s\u00f6vd\u00fcler. Meydanc\u0131, \u00fcst\u00fcnde yar\u0131\u015f yap\u0131lan kirli bezle, tenekeyi ortadan kald\u0131rd\u0131, i\u015fte ancak o zaman beni g\u00f6rd\u00fcler. Ko\u011fu\u015flar\u0131na yem bir adam gelmi\u015fti. Bana her \u00abGe\u00e7mi\u015f olsun arkada\u015f\u0131m\u00bb diyene \u00abEyvallah, sa\u011fol arkada\u015f\u0131m\u00bb diyordum.<br \/>\nBiraz sonra ko\u011fu\u015fun i\u00e7inde herkes kendi d\u00fcnyas\u0131na \u00e7ekilince, sol g\u00f6z\u00fc k\u00fc\u00e7\u00fcl\u00fcp leblebi kadar kalm\u0131\u015f bir adam yan\u0131ma geldi, benimle konu\u015fmaya ba\u015flad\u0131. Bu adam\u0131n \u00abMare\u015fal David\u00bb denilen, kafadan sakat bir yahudi oldu\u011funu sonradan \u00f6\u011frendim. Mare\u015fal David demelerinin nedeni, d\u0131\u015fardayken g\u00f6\u011fs\u00fcn\u00fc ni\u015fanlarla, madalyalarla doldururmu\u015f da ondan&#8230; Cezaevine girerken b\u00fct\u00fcn ni\u015fanlar\u0131n\u0131, madalyalar\u0131n\u0131 s\u00f6k\u00fcp alm\u0131\u015flar. Ama Mare\u015fal David, madalyas\u0131z, ni\u015fans\u0131z yapamad\u0131\u011f\u0131ndan, \u00c2dem Baba Ko\u011fu\u015fu&#8217;nda da kirli, pis, y\u0131rt\u0131k p\u0131rt\u0131k mintan\u0131n\u0131n g\u00f6\u011fs\u00fcne gazoz kapaklar\u0131, ipe ba\u011flanm\u0131\u015f \u015fi\u015fe mantarlar\u0131, tahta par\u00e7alan, d\u00fc\u011fmeler tak\u0131yordu. Mare\u015fal David cins\u00ee sap\u0131km\u0131\u015f; mezardan \u00e7\u0131kard\u0131\u011f\u0131 erkek \u00f6l\u00fclerle yatarm\u0131\u015f. Bir gece, yeni g\u00f6m\u00fclen bir \u00f6l\u00fcy\u00fc mezar\u0131ndan \u00e7\u0131karm\u0131\u015f, tabutu s\u0131rtlay\u0131p g\u00f6t\u00fcr\u00fcrken yakalam\u0131\u015flar, cezaevine t\u0131km\u0131\u015flar.<br \/>\nMare\u015fal David, b\u00fct\u00fcn d\u00fcnyada kendi \u00fcst\u00fcne bit terbiyecisi olmad\u0131\u011f\u0131n\u0131 s\u00f6yliyerek \u00f6v\u00fcn\u00fcyordu. E\u011fer olempiyatlarda bit yar\u0131\u015flar\u0131 da olsa, David de kendi yeti\u015ftirdi\u011fi bitleri olempiyata sokabilse, d\u00fcnya birincisi olacakt\u0131.<br \/>\n\u00d6yleyse burdaki b\u00fct\u00fcn yar\u0131\u015flar\u0131 sen kazan\u0131yorsundur&#8230; dedim.<br \/>\nHay\u0131r&#8230; dedi.<br \/>\nNeden peki?<br \/>\nOnun nedeni var, s\u00f6yliyemem&#8230; Birden bana,<br \/>\n. Bitin var m\u0131? diye sordu. Cevap vermedi\u011fimi g\u00f6r\u00fcnce,<br \/>\n\u00dcst\u00fcnde bit var m\u0131, \u00e7ama\u015f\u0131rlar\u0131nda? diye sorusunu tekrarlad\u0131.<br \/>\nSanm\u0131yorum, dedim, \u00e7\u00fcnk\u00fc daha birka\u00e7 g\u00fcn \u00f6nce karantina ko\u011fu\u015funda bizi hamama, elbiselerimizi de et\u00fcve sokmu\u015flard\u0131.<br \/>\nMare\u015fal David buna \u00e7ok sevindi:<br \/>\n\u00d6yleyse sen temizsindir, benimle ortak bit yar\u0131\u015fma var m\u0131s\u0131n?<br \/>\nBilmem ki nas\u0131l oynan\u0131r?<br \/>\nBen sana \u00f6\u011fretirim. Benimle ortak ol, sana ne dersem, sen onu yap, g\u00f6receksin, b\u00fct\u00fcn yar\u0131\u015flar\u0131 benim bit kazanacak bu ak\u015fam&#8230;<br \/>\nO b\u00f6yle s\u00f6ylerken, yeni bit yar\u0131\u015f\u0131 i\u00e7in meydanc\u0131 ortaya bezi yay\u0131yor, tenekeyi koyuyor, tenekenin \u00fcst\u00fcne de tebe\u015firle i\u00e7ice iki daire \u00e7iziyordu.<br \/>\nMare\u015fal David,<br \/>\nHadi, dedi, ikimiz i\u00e7in \u00fc\u00e7 lira koy, g\u00f6receksin kazanaca\u011f\u0131z&#8230;<br \/>\n\u00dc\u00e7 liram yok&#8230;<br \/>\nDavid \u00e7ok \u00fcz\u00fcld\u00fc. Ama benim ger\u00e7ekten \u00fc\u00e7 liram yoktu, b\u00fct\u00fcn param, bir bu\u00e7uk lirayd\u0131, onu da harcamaya korkuyordum.<br \/>\nHeyecanla,<br \/>\nKazanaca\u011f\u0131z yahu, kazanaca\u011f\u0131z&#8230; diyordu.<br \/>\nParam yok&#8230;<br \/>\nSat\u0131lacak bi\u015fey yok mu \u00fcst\u00fcnde&#8230; G\u00f6r\u00fcyorsun, bende bi\u015fey yok, t\u0131r\u0131l\u0131m&#8230;<br \/>\nCeket cebimdeki dolmakalemimi g\u00f6rd\u00fc.<br \/>\nSatal\u0131m m\u0131 kalemi?<br \/>\nKalemi verdim. Pencereden bah\u00e7edeki birine seslendi. Sonra kalemi ona att\u0131. Az sonra kalem bir liraya sat\u0131lm\u0131\u015ft\u0131. D\u0131\u015fardaki adam, ko\u011fu\u015fun demir kap\u0131s\u0131 alt\u0131ndan bir liray\u0131 itti. Ben de meraktayd\u0131m. E\u015farp\u0131m\u0131 da satt\u0131rmas\u0131 i\u00e7in verdim. \u0130ki bu\u00e7uk liraya da onu satt\u0131rd\u0131. Sonra, Gel buraya! diye beni ko\u011fu\u015fun bir k\u00f6\u015fesine \u00e7ekti. Kolunu a\u00e7t\u0131. Koltuk alt\u0131na yak\u0131n bir yerindeki ba\u011fl\u0131 pis bezleri \u00e7\u00f6zd\u00fc. Bezlerin alt\u0131ndaki y\u00fcn i\u00e7inden bir bit \u00e7\u0131kard\u0131, kocaman bir bit&#8230; i\u015fte Macar, dedi, benim Macar bu&#8230; Macar kadanalar\u0131 gibi oldu\u011fundan Macar ad\u0131n\u0131 takt\u0131m&#8230; Sen bu biti tan\u0131mal\u0131s\u0131n. \u00d6b\u00fcr bitlerden ay\u0131rman i\u00e7in boyayaca\u011f\u0131m Macar&#8217;\u0131&#8230;<br \/>\nEline i\u011fne bat\u0131rd\u0131. \u00c7\u0131kan kanla, Macar&#8217;\u0131n s\u0131rt\u0131n\u0131 k\u0131rm\u0131z\u0131ya boyad\u0131.<br \/>\nArt\u0131k \u015fimdi tan\u0131rs\u0131n, dedi, bak kula\u011f\u0131n\u0131 a\u00e7, beni iyi dinle. Macar&#8217;\u0131n birinci gelmesi senin elinde&#8230; Yar\u0131\u015fan bitler birinci \u00e7izgiden \u00e7\u0131kt\u0131lar m\u0131, g\u00f6z\u00fcn bu bizim Macar&#8217;da olacak. Sen ne yanda durursan Macar o yana, sana do\u011fru ko\u015farak gelir. Bakt\u0131n ki Macar&#8217;\u0131n \u00d6n\u00fcnde ba\u015fka bir bit var. O zaman, sen ba\u015fka yana ge\u00e7 ki, Macar sana ko\u015fsun&#8230; Anlad\u0131n m\u0131?<br \/>\nAnlamad\u0131m&#8230;<br \/>\nHay Allah!.. Sana bu i\u015fin s\u0131rr\u0131n\u0131 a\u00e7\u0131ketmek zorunday\u0131m. Arkada\u015f, bu bit k\u0131sm\u0131, temizlikten \u00e7ok hazzeder. Sonra insan kokusunu hemen al\u0131r, pis insandan ka\u00e7ar, temiz insana ko\u015far. Herkes san\u0131r ki, bit pislikten ho\u015flan\u0131r. Hay\u0131r, temizlikten ho\u015flan\u0131r. Bin ki\u015finin ortas\u0131na bir tek bit at, gider, arar tarar, hangisi temizse onu bulur&#8230; \u00c7akt\u0131n m\u0131 dalgay\u0131? \u015eimdi bu ko\u011fu\u015fta senden daha temizi yok&#8230; Sen ne yana durursan Macar o yana ko\u015facak. Ama yasland\u0131 zavall\u0131&#8230; Bakt\u0131n ki, ba\u015fka bir bit bizim Macar&#8217;\u0131 ge\u00e7iyor, sana do\u011fru ko\u015fuyor, sen hemen Macar&#8217;a yak\u0131n olan ba\u015fka yana ge\u00e7 ki, birincili\u011fi als\u0131n&#8230;<br \/>\nMeydanc\u0131 ba\u011f\u0131r\u0131yordu: \u2014 Haydi, yar\u0131\u015fa!.. Haydi yar\u0131\u015fa!.. Biz de \u00fc\u00e7 liray\u0131 verdik. On iki bit yar\u0131\u015fa giriyordu. A\u011fa&#8217;n\u0131n i\u015faretiyle on iki bit, ortadaki k\u00fc\u00e7\u00fck dairenin i\u00e7ine b\u0131rak\u0131ld\u0131. Ben hayat\u0131mda b\u00f6yle heyecanl\u0131 bir \u015fey seyretmedim. Her bitin sahibiyle, o bit \u00fczerine bahse girmi\u015f olanlar, avazlar\u0131 \u00e7\u0131kt\u0131\u011f\u0131 kadar, bitlerin adlar\u0131n\u0131 ba\u011f\u0131r\u0131yorlard\u0131. Ko\u015fu atlar\u0131 gibi, her yar\u0131\u015f bitinin ayr\u0131 ad\u0131 vard\u0131 ve ordakiler bitleri tan\u0131yorlard\u0131.<br \/>\nHaydi s\u00fcl\u00fc\u00fc\u00fcn!..<br \/>\nUlan, u\u00e7an \u00eeneeek!..<br \/>\nDayan k\u0131z\u0131m Peri&#8230;<br \/>\nU\u00e7 Mart\u0131, u\u00e7!.. U\u00e7 aman Mart\u0131!..<br \/>\nUlan halis kan yerli namussuz, amma da gidiyor&#8230;<br \/>\nBenim g\u00f6z\u00fcm bizim Macar&#8217;dayd\u0131. \u00dcst\u00fcndeki kan k\u0131rm\u0131z\u0131s\u0131ndan Macar&#8217;\u0131 hemen tan\u0131m\u0131\u015ft\u0131m.<br \/>\nK\u00fc\u00e7\u00fck daire i\u00e7ine b\u0131rak\u0131lan bitler \u00f6nce \u015fa\u015fk\u0131n \u015fa\u015fk\u0131n durdular. Sonra k\u0131p\u0131rdad\u0131lar, yine durdular. Sonra i\u00e7lerinden biri, benim y\u00f6n\u00fcme do\u011fru bir ko\u015fu tutturdu. Mare\u015fal David, Kar\u015f\u0131ya ge\u00e7! diye f\u0131s\u0131lday\u0131p beni itti. Yerimi de\u011fi\u015ftirdim. Ben yerimi de\u011fi\u015ftirince, \u00f6nde giden bit durdu; sanki birisini aran\u0131r gibi oldu\u011fu yerde o yana, bu yana d\u00f6nd\u00fc. Yine bana do\u011fru bir ko\u015fu tutturdu.<br \/>\nBenim g\u00f6z\u00fcm Macar&#8217;da&#8230; Macar da bana do\u011fru geliyor ama, d\u00f6rd\u00fcnc\u00fc&#8230; Macar&#8217;a yak\u0131n olan yana ge\u00e7tim. Bu sefer Macar \u00f6nde geliyor. D\u0131\u015f daire \u00e7izgisine geldi gelecek&#8230; Derken, yaman bir bit, Macar&#8217;\u0131 takt\u0131, ben hemen sola kayd\u0131m&#8230;<br \/>\nBen sola kay\u0131nca \u00f6ndeki bit \u015fa\u015falad\u0131, duraklad\u0131&#8230; Mare\u015fal David avaz avaz ba\u011f\u0131r\u0131yor:<br \/>\nHaydi aslan Macar!..<br \/>\nYavrum S\u00fcl\u00fcn&#8230;<br \/>\nM\u0131knat\u0131s, demir tozlar\u0131n\u0131 nas\u0131l \u00e7ekerse, b\u00fct\u00fcn yar\u0131\u015fan bitler bana do\u011fru yelpazelenmi\u015f geliyorlard\u0131.<br \/>\nAma en \u00f6nde bizim kanl\u0131 Macar&#8230; Macar birinci geldi, bize ortadaki otuz alt\u0131 liran\u0131n yar\u0131s\u0131, on sekiz liray\u0131 verdiler.<br \/>\n\u0130kinci yar\u0131\u015fa ge\u00e7tik. Bu sefer on d\u00f6rt bit girdi yar\u0131\u015fa&#8230; Yine birincili\u011fi Macar ald\u0131&#8230;<br \/>\nO gece sabaha kadar bit yar\u0131\u015f\u0131 yap\u0131ld\u0131, Macar y\u00fcz liradan \u00e7ok kazand\u0131. Sabaha kar\u015f\u0131yd\u0131, yar\u0131\u015f bitti. Herkes kendi bitini al\u0131p, koynundaki yuvas\u0131na, sarg\u0131lar alt\u0131ndaki y\u00fcnlerin aras\u0131na koydu. Yar\u0131\u015f bitleri, y\u00fcnle ya\u011fl\u0131 deri aras\u0131nda besleniyordu.<br \/>\nParalar\u0131 Mare\u015fal David&#8217;le b\u00f6l\u00fc\u015ft\u00fck. David,<br \/>\nBen sana demedim mi, dedi, benim \u00fcst\u00fcme bit terbiyecisi yoktur. Ben bitlerin ruhunu bilirim. Yaln\u0131z sen kirlenmemeye dikkat et&#8230;<br \/>\nBiz her g\u00fcn bit yar\u0131\u015f\u0131nda para kazan\u0131yorduk. Eroin i\u00e7icisi olan David, paras\u0131 oldu\u011fundan bol bol eroin al\u0131p \u00e7ekiyordu.<br \/>\nBenim as\u0131l \u015fa\u015ft\u0131\u011f\u0131m, \u00c2dem Baba Ko\u011fu\u015fu&#8217;ndaki \u00e7\u0131plak adamlar\u0131n nerden para bulup da bit yar\u0131\u015f\u0131 oynad\u0131klar\u0131yd\u0131. Sanki bu ko\u011fu\u015f bir darphaneydi.<br \/>\nO ko\u011fu\u015fa girdi\u011fimin d\u00f6rd\u00fcnc\u00fc g\u00fcn\u00fcyd\u00fc. Yar\u0131\u015flarda bitler, art\u0131k eskisi kadar h\u0131zl\u0131 bana do\u011fru ko\u015fmuyorlard\u0131. Mare\u015fal David,<br \/>\nArt\u0131k sen de kirleniyorsun&#8230; dedi.<br \/>\nA\u011f\u0131r a\u011f\u0131r da olsa, yine bana do\u011fru geliyorlard\u0131.<br \/>\nHer seferinde Macar&#8217;\u0131n yar\u0131\u015f\u0131 kazanmas\u0131na, Anas\u0131n\u0131 \u015e&#8217;apan S\u00fcl\u00fcman&#8217;\u0131n \u00e7ok can\u0131 s\u0131k\u0131l\u0131yordu. Ko\u011fu\u015fta bit sat\u0131\u015f\u0131 da vard\u0131. \u0130yi ko\u015fan bitler pahal\u0131 sat\u0131l\u0131yordu.<br \/>\nAnas\u0131n\u0131 \u015e&#8217;apan S\u00fcl\u00fcman,<br \/>\nUlan David, sat \u015fu Macar&#8217;\u0131 bana&#8230; dedi.<br \/>\nSatay\u0131m A\u011fabey&#8230;<br \/>\nBunlar s\u0131k\u0131 bir pazarl\u0131\u011fa giri\u015ftiler. Vur a\u015fa\u011f\u0131, tut yukar\u0131, elli liraya uyu\u015ftular. Anas\u0131n\u0131 \u015e&#8217;apan S\u00fcl\u00fcman, elli liray\u0131 sayd\u0131, Macar&#8217;\u0131 ald\u0131. A\u011fa oldu\u011fu i\u00e7in, yar\u0131\u015f bitlerini kendi \u00fcst\u00fcnde beslemez, ya meydanc\u0131n\u0131n, ya ba\u015fka bir \u00e7ocu\u011fun \u00fcst\u00fcnde beslerdi. Macar&#8217;\u0131 meydanc\u0131 ald\u0131, \u00f6zenle koltuk alt\u0131ndaki y\u00fcnler aras\u0131na yerle\u015ftirdi.<br \/>\nMare\u015fal David bana,<br \/>\n\u015eimdi yeni bir numaram\u0131z var, dedi, bu sefer Macar art\u0131k birinci gelemiyecek&#8230; Bak ne ya pacaks\u0131n? Sen art\u0131k yanlarda durmayacaks\u0131n, yar\u0131\u015f \u00e7izgilerine e\u011filip tepeden bakacaks\u0131n&#8230; Anla d\u0131n m\u0131? Bitler senin kokunu al\u0131p, ba\u015fka yana gidemiyecekler.<br \/>\nYar\u0131\u015f ba\u015flad\u0131. Mare\u015fal David bu sefer Taz\u0131 adl\u0131 ba\u015fka bir bitini yar\u0131\u015fa soktu.<br \/>\nBen yar\u0131\u015fan bitlerin tepesinden e\u011filmi\u015f bak\u0131yordum. Bitler i\u00e7 dairede durdular. Boyuna k\u0131vran\u0131yorlar. \u00c7\u00fcnk\u00fc bana do\u011fru gelmek istiyorlar. Ama kanatlar\u0131 olmad\u0131\u011f\u0131ndan u\u00e7up gelemiyorlar. Hele Macar, boyuna k\u0131\u00e7\u0131n\u0131 d\u00f6nd\u00fcr\u00fcyor, \u00f6b\u00fcr bitler i\u00e7 daireden \u00e7\u0131k\u0131p, yava\u015f yava\u015f y\u00fcr\u00fcmeye ba\u015flad\u0131lar. Macar i\u00e7 daireden \u00e7\u0131km\u0131yor bile&#8230;<br \/>\nAnas\u0131n\u0131 \u015e&#8217;apan S\u00fcl\u00fcman h\u0131rs\u0131ndan deli olacak,<br \/>\nUlan Macar, namussuz Macar&#8230; Y\u00fcr\u00fcsene al\u00e7ak cibiliyyetsiz!.. diye ba\u011f\u0131r\u0131p, y\u0131rt\u0131n\u0131p duruyor.<br \/>\nO g\u00fcn d\u00f6rt yar\u0131\u015f yap\u0131ld\u0131, d\u00f6rd\u00fcnde de Macar i\u00e7 daireden bile \u00e7\u0131kmad\u0131. Deliye d\u00f6nen Anas\u0131n\u0131 \u015e&#8217;apan t\u0131rna\u011f\u0131yla bast\u0131r\u0131p Macar&#8217;\u0131 d\u00fcm d\u00fcz etti.<br \/>\nBu cinayetten sonra \u00e7ok \u00fcz\u00fclen Mare\u015fal David,<br \/>\nHayvan\u0131n kan\u0131na girdik, dedi.<br \/>\nPeki, neden k\u0131m\u0131ldam\u0131yordu be David?<br \/>\nNas\u0131l k\u0131m\u0131ldas\u0131n yahu, g\u00f6rmedin mi karn\u0131n\u0131, nas\u0131l \u015fi\u015fti? Hayvan karn\u0131n\u0131 ta\u015f\u0131yam\u0131yor ki&#8230; Yar\u0131\u015ftan \u00f6nce bit a\u00e7 b\u0131rak\u0131l\u0131r. Ben Macar&#8217;\u0131 iyice doyurmu\u015ftum. Sen tepeden e\u011filmi\u015fsin, hayvan zorlan\u0131yor, u\u00e7am\u0131yor. Karn\u0131 \u015fi\u015f, y\u00fcr\u00fcyemiyor&#8230; Gitti bizim Macar&#8230;<br \/>\nO g\u00fcnden sonra da bit yar\u0131\u015flar\u0131n\u0131n eski heyecan\u0131 kalmad\u0131, \u00e7\u00fcnk\u00fc art\u0131k ben de onlar kadar kirlenmi\u015ftim, bitler bana eskisi gibi h\u0131zla ko\u015farak gelmiyordu.<\/p>\n<p style=\"text-align: justify;\">Bit Yar\u0131\u015f\u0131 | Aziz Nesin<\/p>\n","protected":false},"excerpt":{"rendered":"<p>Hi\u00e7 bit yar\u0131\u015f\u0131 seyrettiniz mi? Hay\u0131r, seyretmemi\u015flerdi. Bit yar\u0131\u015f\u0131 diye bi\u015fey duymu\u015flard\u0131 ama, nas\u0131l bir yar\u0131\u015ft\u0131r, bilmiyorlard\u0131. \u0130nanm\u0131yorlard\u0131 bile b\u00f6yle bir yar\u0131\u015f olabilece\u011fine. L\u00e2f olsun diye s\u00f6ylenen bir s\u00f6z san\u0131yorlard\u0131 bit yar\u0131\u015f\u0131n\u0131. Siz seyrettiniz mi? Seyretmenin l\u00e2f\u0131 m\u0131 olur, hem de \u00e7ok seyrettim. Kendim de bit yar\u0131\u015ft\u0131rd\u0131m&#8230; Nas\u0131l oluyor, aman anlatsan\u0131za&#8230; \u0130kinci D\u00fcnya Sava\u015f\u0131&#8217;n\u0131n sonlar\u0131na [&hellip;]<\/p>\n","protected":false},"author":1,"featured_media":0,"comment_status":"open","ping_status":"open","sticky":false,"template":"","format":"standard","meta":{"footnotes":""},"categories":[114],"tags":[],"class_list":["post-7096","post","type-post","status-publish","format-standard","category-turkiye-den-oykuler"],"yoast_head":"<!-- This site is optimized with the Yoast SEO Premium plugin v24.9 (Yoast SEO v24.9) - https:\/\/yoast.com\/wordpress\/plugins\/seo\/ -->\n<title>Bit Yar\u0131\u015f\u0131 | Aziz Nesin - narteks.net<\/title>\n<meta name=\"robots\" content=\"index, follow, max-snippet:-1, max-image-preview:large, max-video-preview:-1\" \/>\n<link rel=\"canonical\" href=\"https:\/\/narteks.net\/index.php\/2018\/08\/05\/bit-yarisi-aziz-nesin\/\" \/>\n<meta property=\"og:locale\" content=\"tr_TR\" \/>\n<meta property=\"og:type\" content=\"article\" \/>\n<meta property=\"og:title\" content=\"Bit Yar\u0131\u015f\u0131 | Aziz Nesin\" \/>\n<meta property=\"og:description\" content=\"Hi\u00e7 bit yar\u0131\u015f\u0131 seyrettiniz mi? Hay\u0131r, seyretmemi\u015flerdi. Bit yar\u0131\u015f\u0131 diye bi\u015fey duymu\u015flard\u0131 ama, nas\u0131l bir yar\u0131\u015ft\u0131r, bilmiyorlard\u0131. \u0130nanm\u0131yorlard\u0131 bile b\u00f6yle bir yar\u0131\u015f olabilece\u011fine. L\u00e2f olsun diye s\u00f6ylenen bir s\u00f6z san\u0131yorlard\u0131 bit yar\u0131\u015f\u0131n\u0131. Siz seyrettiniz mi? Seyretmenin l\u00e2f\u0131 m\u0131 olur, hem de \u00e7ok seyrettim. Kendim de bit yar\u0131\u015ft\u0131rd\u0131m&#8230; Nas\u0131l oluyor, aman anlatsan\u0131za&#8230; \u0130kinci D\u00fcnya Sava\u015f\u0131&#8217;n\u0131n sonlar\u0131na [&hellip;]\" \/>\n<meta property=\"og:url\" content=\"https:\/\/narteks.net\/index.php\/2018\/08\/05\/bit-yarisi-aziz-nesin\/\" \/>\n<meta property=\"og:site_name\" content=\"narteks.net\" \/>\n<meta property=\"article:published_time\" content=\"2018-08-05T09:23:25+00:00\" \/>\n<meta property=\"article:modified_time\" content=\"2024-04-27T10:02:50+00:00\" \/>\n<meta property=\"og:image\" content=\"http:\/\/narteks.net\/wp-content\/uploads\/aziznesin2-150x150.jpg\" \/>\n<meta name=\"author\" content=\"Tar\u0131k\" \/>\n<meta name=\"twitter:card\" content=\"summary_large_image\" \/>\n<meta name=\"twitter:creator\" content=\"@narteks\" \/>\n<meta name=\"twitter:site\" content=\"@narteks\" \/>\n<meta name=\"twitter:label1\" content=\"Yazan:\" \/>\n\t<meta name=\"twitter:data1\" content=\"Tar\u0131k\" \/>\n\t<meta name=\"twitter:label2\" content=\"Tahmini okuma s\u00fcresi\" \/>\n\t<meta name=\"twitter:data2\" content=\"17 dakika\" \/>\n<script type=\"application\/ld+json\" class=\"yoast-schema-graph\">{\"@context\":\"https:\/\/schema.org\",\"@graph\":[{\"@type\":\"Article\",\"@id\":\"https:\/\/narteks.net\/index.php\/2018\/08\/05\/bit-yarisi-aziz-nesin\/#article\",\"isPartOf\":{\"@id\":\"https:\/\/narteks.net\/index.php\/2018\/08\/05\/bit-yarisi-aziz-nesin\/\"},\"author\":{\"name\":\"Tar\u0131k\",\"@id\":\"https:\/\/narteks.net\/#\/schema\/person\/61f37d9834294b72d31d274e7ed79bca\"},\"headline\":\"Bit Yar\u0131\u015f\u0131 | Aziz Nesin\",\"datePublished\":\"2018-08-05T09:23:25+00:00\",\"dateModified\":\"2024-04-27T10:02:50+00:00\",\"mainEntityOfPage\":{\"@id\":\"https:\/\/narteks.net\/index.php\/2018\/08\/05\/bit-yarisi-aziz-nesin\/\"},\"wordCount\":3492,\"commentCount\":0,\"publisher\":{\"@id\":\"https:\/\/narteks.net\/#organization\"},\"image\":{\"@id\":\"https:\/\/narteks.net\/index.php\/2018\/08\/05\/bit-yarisi-aziz-nesin\/#primaryimage\"},\"thumbnailUrl\":\"http:\/\/narteks.net\/wp-content\/uploads\/aziznesin2-150x150.jpg\",\"articleSection\":[\"T\u00fcrkiye'den \u00d6yk\u00fcler\"],\"inLanguage\":\"tr\",\"potentialAction\":[{\"@type\":\"CommentAction\",\"name\":\"Comment\",\"target\":[\"https:\/\/narteks.net\/index.php\/2018\/08\/05\/bit-yarisi-aziz-nesin\/#respond\"]}]},{\"@type\":\"WebPage\",\"@id\":\"https:\/\/narteks.net\/index.php\/2018\/08\/05\/bit-yarisi-aziz-nesin\/\",\"url\":\"https:\/\/narteks.net\/index.php\/2018\/08\/05\/bit-yarisi-aziz-nesin\/\",\"name\":\"Bit Yar\u0131\u015f\u0131 | Aziz Nesin - narteks.net\",\"isPartOf\":{\"@id\":\"https:\/\/narteks.net\/#website\"},\"primaryImageOfPage\":{\"@id\":\"https:\/\/narteks.net\/index.php\/2018\/08\/05\/bit-yarisi-aziz-nesin\/#primaryimage\"},\"image\":{\"@id\":\"https:\/\/narteks.net\/index.php\/2018\/08\/05\/bit-yarisi-aziz-nesin\/#primaryimage\"},\"thumbnailUrl\":\"http:\/\/narteks.net\/wp-content\/uploads\/aziznesin2-150x150.jpg\",\"datePublished\":\"2018-08-05T09:23:25+00:00\",\"dateModified\":\"2024-04-27T10:02:50+00:00\",\"breadcrumb\":{\"@id\":\"https:\/\/narteks.net\/index.php\/2018\/08\/05\/bit-yarisi-aziz-nesin\/#breadcrumb\"},\"inLanguage\":\"tr\",\"potentialAction\":[{\"@type\":\"ReadAction\",\"target\":[\"https:\/\/narteks.net\/index.php\/2018\/08\/05\/bit-yarisi-aziz-nesin\/\"]}]},{\"@type\":\"ImageObject\",\"inLanguage\":\"tr\",\"@id\":\"https:\/\/narteks.net\/index.php\/2018\/08\/05\/bit-yarisi-aziz-nesin\/#primaryimage\",\"url\":\"https:\/\/narteks.net\/wp-content\/uploads\/aziznesin2.jpg\",\"contentUrl\":\"https:\/\/narteks.net\/wp-content\/uploads\/aziznesin2.jpg\",\"width\":750,\"height\":422},{\"@type\":\"BreadcrumbList\",\"@id\":\"https:\/\/narteks.net\/index.php\/2018\/08\/05\/bit-yarisi-aziz-nesin\/#breadcrumb\",\"itemListElement\":[{\"@type\":\"ListItem\",\"position\":1,\"name\":\"Anasayfa\",\"item\":\"https:\/\/narteks.net\/\"},{\"@type\":\"ListItem\",\"position\":2,\"name\":\"Bit Yar\u0131\u015f\u0131 | Aziz Nesin\"}]},{\"@type\":\"WebSite\",\"@id\":\"https:\/\/narteks.net\/#website\",\"url\":\"https:\/\/narteks.net\/\",\"name\":\"narteks.net\",\"description\":\"K\u00fclt\u00fcr Sanat Edebiyat Felsefe\",\"publisher\":{\"@id\":\"https:\/\/narteks.net\/#organization\"},\"alternateName\":\"K\u00fclt\u00fcr Sanat Edebiyat Felsefe\",\"potentialAction\":[{\"@type\":\"SearchAction\",\"target\":{\"@type\":\"EntryPoint\",\"urlTemplate\":\"https:\/\/narteks.net\/?s={search_term_string}\"},\"query-input\":{\"@type\":\"PropertyValueSpecification\",\"valueRequired\":true,\"valueName\":\"search_term_string\"}}],\"inLanguage\":\"tr\"},{\"@type\":\"Organization\",\"@id\":\"https:\/\/narteks.net\/#organization\",\"name\":\"narteks.net\",\"url\":\"https:\/\/narteks.net\/\",\"logo\":{\"@type\":\"ImageObject\",\"inLanguage\":\"tr\",\"@id\":\"https:\/\/narteks.net\/#\/schema\/logo\/image\/\",\"url\":\"https:\/\/narteks.net\/wp-content\/uploads\/narteks.png\",\"contentUrl\":\"https:\/\/narteks.net\/wp-content\/uploads\/narteks.png\",\"width\":300,\"height\":90,\"caption\":\"narteks.net\"},\"image\":{\"@id\":\"https:\/\/narteks.net\/#\/schema\/logo\/image\/\"},\"sameAs\":[\"https:\/\/x.com\/narteks\",\"https:\/\/instagram.com\/narteksnet\"]},{\"@type\":\"Person\",\"@id\":\"https:\/\/narteks.net\/#\/schema\/person\/61f37d9834294b72d31d274e7ed79bca\",\"name\":\"Tar\u0131k\",\"image\":{\"@type\":\"ImageObject\",\"inLanguage\":\"tr\",\"@id\":\"https:\/\/narteks.net\/#\/schema\/person\/image\/\",\"url\":\"https:\/\/secure.gravatar.com\/avatar\/50865afb55632c4ae467e0af0930f6510aa2297d8014be502a55b14f3b7550cf?s=96&d=mm&r=g\",\"contentUrl\":\"https:\/\/secure.gravatar.com\/avatar\/50865afb55632c4ae467e0af0930f6510aa2297d8014be502a55b14f3b7550cf?s=96&d=mm&r=g\",\"caption\":\"Tar\u0131k\"},\"sameAs\":[\"http:\/\/narteks.net\"],\"url\":\"https:\/\/narteks.net\/index.php\/author\/narbak\/\"}]}<\/script>\n<!-- \/ Yoast SEO Premium plugin. -->","yoast_head_json":{"title":"Bit Yar\u0131\u015f\u0131 | Aziz Nesin - narteks.net","robots":{"index":"index","follow":"follow","max-snippet":"max-snippet:-1","max-image-preview":"max-image-preview:large","max-video-preview":"max-video-preview:-1"},"canonical":"https:\/\/narteks.net\/index.php\/2018\/08\/05\/bit-yarisi-aziz-nesin\/","og_locale":"tr_TR","og_type":"article","og_title":"Bit Yar\u0131\u015f\u0131 | Aziz Nesin","og_description":"Hi\u00e7 bit yar\u0131\u015f\u0131 seyrettiniz mi? Hay\u0131r, seyretmemi\u015flerdi. Bit yar\u0131\u015f\u0131 diye bi\u015fey duymu\u015flard\u0131 ama, nas\u0131l bir yar\u0131\u015ft\u0131r, bilmiyorlard\u0131. \u0130nanm\u0131yorlard\u0131 bile b\u00f6yle bir yar\u0131\u015f olabilece\u011fine. L\u00e2f olsun diye s\u00f6ylenen bir s\u00f6z san\u0131yorlard\u0131 bit yar\u0131\u015f\u0131n\u0131. Siz seyrettiniz mi? Seyretmenin l\u00e2f\u0131 m\u0131 olur, hem de \u00e7ok seyrettim. Kendim de bit yar\u0131\u015ft\u0131rd\u0131m&#8230; Nas\u0131l oluyor, aman anlatsan\u0131za&#8230; \u0130kinci D\u00fcnya Sava\u015f\u0131&#8217;n\u0131n sonlar\u0131na [&hellip;]","og_url":"https:\/\/narteks.net\/index.php\/2018\/08\/05\/bit-yarisi-aziz-nesin\/","og_site_name":"narteks.net","article_published_time":"2018-08-05T09:23:25+00:00","article_modified_time":"2024-04-27T10:02:50+00:00","og_image":[{"url":"http:\/\/narteks.net\/wp-content\/uploads\/aziznesin2-150x150.jpg","type":"","width":"","height":""}],"author":"Tar\u0131k","twitter_card":"summary_large_image","twitter_creator":"@narteks","twitter_site":"@narteks","twitter_misc":{"Yazan:":"Tar\u0131k","Tahmini okuma s\u00fcresi":"17 dakika"},"schema":{"@context":"https:\/\/schema.org","@graph":[{"@type":"Article","@id":"https:\/\/narteks.net\/index.php\/2018\/08\/05\/bit-yarisi-aziz-nesin\/#article","isPartOf":{"@id":"https:\/\/narteks.net\/index.php\/2018\/08\/05\/bit-yarisi-aziz-nesin\/"},"author":{"name":"Tar\u0131k","@id":"https:\/\/narteks.net\/#\/schema\/person\/61f37d9834294b72d31d274e7ed79bca"},"headline":"Bit Yar\u0131\u015f\u0131 | Aziz Nesin","datePublished":"2018-08-05T09:23:25+00:00","dateModified":"2024-04-27T10:02:50+00:00","mainEntityOfPage":{"@id":"https:\/\/narteks.net\/index.php\/2018\/08\/05\/bit-yarisi-aziz-nesin\/"},"wordCount":3492,"commentCount":0,"publisher":{"@id":"https:\/\/narteks.net\/#organization"},"image":{"@id":"https:\/\/narteks.net\/index.php\/2018\/08\/05\/bit-yarisi-aziz-nesin\/#primaryimage"},"thumbnailUrl":"http:\/\/narteks.net\/wp-content\/uploads\/aziznesin2-150x150.jpg","articleSection":["T\u00fcrkiye'den \u00d6yk\u00fcler"],"inLanguage":"tr","potentialAction":[{"@type":"CommentAction","name":"Comment","target":["https:\/\/narteks.net\/index.php\/2018\/08\/05\/bit-yarisi-aziz-nesin\/#respond"]}]},{"@type":"WebPage","@id":"https:\/\/narteks.net\/index.php\/2018\/08\/05\/bit-yarisi-aziz-nesin\/","url":"https:\/\/narteks.net\/index.php\/2018\/08\/05\/bit-yarisi-aziz-nesin\/","name":"Bit Yar\u0131\u015f\u0131 | Aziz Nesin - narteks.net","isPartOf":{"@id":"https:\/\/narteks.net\/#website"},"primaryImageOfPage":{"@id":"https:\/\/narteks.net\/index.php\/2018\/08\/05\/bit-yarisi-aziz-nesin\/#primaryimage"},"image":{"@id":"https:\/\/narteks.net\/index.php\/2018\/08\/05\/bit-yarisi-aziz-nesin\/#primaryimage"},"thumbnailUrl":"http:\/\/narteks.net\/wp-content\/uploads\/aziznesin2-150x150.jpg","datePublished":"2018-08-05T09:23:25+00:00","dateModified":"2024-04-27T10:02:50+00:00","breadcrumb":{"@id":"https:\/\/narteks.net\/index.php\/2018\/08\/05\/bit-yarisi-aziz-nesin\/#breadcrumb"},"inLanguage":"tr","potentialAction":[{"@type":"ReadAction","target":["https:\/\/narteks.net\/index.php\/2018\/08\/05\/bit-yarisi-aziz-nesin\/"]}]},{"@type":"ImageObject","inLanguage":"tr","@id":"https:\/\/narteks.net\/index.php\/2018\/08\/05\/bit-yarisi-aziz-nesin\/#primaryimage","url":"https:\/\/narteks.net\/wp-content\/uploads\/aziznesin2.jpg","contentUrl":"https:\/\/narteks.net\/wp-content\/uploads\/aziznesin2.jpg","width":750,"height":422},{"@type":"BreadcrumbList","@id":"https:\/\/narteks.net\/index.php\/2018\/08\/05\/bit-yarisi-aziz-nesin\/#breadcrumb","itemListElement":[{"@type":"ListItem","position":1,"name":"Anasayfa","item":"https:\/\/narteks.net\/"},{"@type":"ListItem","position":2,"name":"Bit Yar\u0131\u015f\u0131 | Aziz Nesin"}]},{"@type":"WebSite","@id":"https:\/\/narteks.net\/#website","url":"https:\/\/narteks.net\/","name":"narteks.net","description":"K\u00fclt\u00fcr Sanat Edebiyat Felsefe","publisher":{"@id":"https:\/\/narteks.net\/#organization"},"alternateName":"K\u00fclt\u00fcr Sanat Edebiyat Felsefe","potentialAction":[{"@type":"SearchAction","target":{"@type":"EntryPoint","urlTemplate":"https:\/\/narteks.net\/?s={search_term_string}"},"query-input":{"@type":"PropertyValueSpecification","valueRequired":true,"valueName":"search_term_string"}}],"inLanguage":"tr"},{"@type":"Organization","@id":"https:\/\/narteks.net\/#organization","name":"narteks.net","url":"https:\/\/narteks.net\/","logo":{"@type":"ImageObject","inLanguage":"tr","@id":"https:\/\/narteks.net\/#\/schema\/logo\/image\/","url":"https:\/\/narteks.net\/wp-content\/uploads\/narteks.png","contentUrl":"https:\/\/narteks.net\/wp-content\/uploads\/narteks.png","width":300,"height":90,"caption":"narteks.net"},"image":{"@id":"https:\/\/narteks.net\/#\/schema\/logo\/image\/"},"sameAs":["https:\/\/x.com\/narteks","https:\/\/instagram.com\/narteksnet"]},{"@type":"Person","@id":"https:\/\/narteks.net\/#\/schema\/person\/61f37d9834294b72d31d274e7ed79bca","name":"Tar\u0131k","image":{"@type":"ImageObject","inLanguage":"tr","@id":"https:\/\/narteks.net\/#\/schema\/person\/image\/","url":"https:\/\/secure.gravatar.com\/avatar\/50865afb55632c4ae467e0af0930f6510aa2297d8014be502a55b14f3b7550cf?s=96&d=mm&r=g","contentUrl":"https:\/\/secure.gravatar.com\/avatar\/50865afb55632c4ae467e0af0930f6510aa2297d8014be502a55b14f3b7550cf?s=96&d=mm&r=g","caption":"Tar\u0131k"},"sameAs":["http:\/\/narteks.net"],"url":"https:\/\/narteks.net\/index.php\/author\/narbak\/"}]}},"_links":{"self":[{"href":"https:\/\/narteks.net\/index.php\/wp-json\/wp\/v2\/posts\/7096","targetHints":{"allow":["GET"]}}],"collection":[{"href":"https:\/\/narteks.net\/index.php\/wp-json\/wp\/v2\/posts"}],"about":[{"href":"https:\/\/narteks.net\/index.php\/wp-json\/wp\/v2\/types\/post"}],"author":[{"embeddable":true,"href":"https:\/\/narteks.net\/index.php\/wp-json\/wp\/v2\/users\/1"}],"replies":[{"embeddable":true,"href":"https:\/\/narteks.net\/index.php\/wp-json\/wp\/v2\/comments?post=7096"}],"version-history":[{"count":1,"href":"https:\/\/narteks.net\/index.php\/wp-json\/wp\/v2\/posts\/7096\/revisions"}],"predecessor-version":[{"id":7884,"href":"https:\/\/narteks.net\/index.php\/wp-json\/wp\/v2\/posts\/7096\/revisions\/7884"}],"wp:attachment":[{"href":"https:\/\/narteks.net\/index.php\/wp-json\/wp\/v2\/media?parent=7096"}],"wp:term":[{"taxonomy":"category","embeddable":true,"href":"https:\/\/narteks.net\/index.php\/wp-json\/wp\/v2\/categories?post=7096"},{"taxonomy":"post_tag","embeddable":true,"href":"https:\/\/narteks.net\/index.php\/wp-json\/wp\/v2\/tags?post=7096"}],"curies":[{"name":"wp","href":"https:\/\/api.w.org\/{rel}","templated":true}]}}