{"id":7104,"date":"2018-08-05T14:29:53","date_gmt":"2018-08-05T11:29:53","guid":{"rendered":"http:\/\/localhost\/wordpress\/2018\/08\/05\/acilarin-dansi\/"},"modified":"2018-08-05T14:29:53","modified_gmt":"2018-08-05T11:29:53","slug":"acilarin-dansi","status":"publish","type":"post","link":"https:\/\/narteks.net\/index.php\/2018\/08\/05\/acilarin-dansi\/","title":{"rendered":"Ac\u0131lar\u0131n Dans\u0131"},"content":{"rendered":"<p>Kimsenin masadan kald\u0131rmad\u0131\u011f\u0131 <br \/>Dolu bir kadeh gibi i\u015fe yaramaz <br \/>Kederden yoksun kalbim <br \/>Ba\u015fkas\u0131n\u0131n ac\u0131s\u0131yla ta\u015far<\/p>\n<p>Y\u00fcz\u00fc kederli hayaller <br \/>Heyecan duymak i\u00e7indir yaln\u0131zca <br \/>Korkulan onca ac\u0131<br \/>Demek ki yok asl\u0131nda<\/p>\n<p>\u0130pek k\u00e2\u011f\u0131tlarla kapl\u0131 bir sahnede <br \/>Oyun de\u011fil, bir kurmaca <br \/>Bir mim, ac\u0131n\u0131n dans\u0131nda <br \/>G\u00f6rmesin diye, hi\u00e7 kimse&#8230;<\/p>\n<p>*****<\/p>\n<p>K\u0131rlar\u0131 ve de \u0131rma\u011f\u0131 g\u00f6rmek i\u00e7in <br \/>Pencereyi a\u00e7mak yeterli de\u011fil<br \/>A\u011fa\u00e7lar\u0131 ve de \u00e7i\u00e7ekleri g\u00f6rmek i\u00e7in<br \/>K\u00f6r olmamak yeterli de\u011fil.<\/p>\n<p>Ayn\u0131 zamanda \u201cfelsefesiz\u201d olmak gerekiyor<br \/>Felsefe olunca, a\u011fa\u00e7lar yok, yaln\u0131zca fikirler<br \/>Yaln\u0131zca her birimiz, bir ma\u011fara gibi<br \/>Var olan yaln\u0131zca kapal\u0131 bir pencere ve de d\u0131\u015f\u0131ndaki t\u00fcm d\u00fcnya<br \/>Ve de pencere a\u00e7\u0131lsayd\u0131 g\u00f6r\u00fclebileceklerin d\u00fc\u015f\u00fc<br \/>Pencere a\u00e7\u0131ld\u0131\u011f\u0131nda hi\u00e7 bir zaman g\u00f6r\u00fclemeyen<\/p>\n<p>Fernando PESSOA<\/p>\n","protected":false},"excerpt":{"rendered":"<p>Kimsenin masadan kald\u0131rmad\u0131\u011f\u0131 Dolu bir kadeh gibi i\u015fe yaramaz Kederden yoksun kalbim Ba\u015fkas\u0131n\u0131n ac\u0131s\u0131yla ta\u015far Y\u00fcz\u00fc kederli hayaller Heyecan duymak i\u00e7indir yaln\u0131zca Korkulan onca ac\u0131Demek ki yok asl\u0131nda \u0130pek k\u00e2\u011f\u0131tlarla kapl\u0131 bir sahnede Oyun de\u011fil, bir kurmaca Bir mim, ac\u0131n\u0131n dans\u0131nda G\u00f6rmesin diye, hi\u00e7 kimse&#8230; ***** K\u0131rlar\u0131 ve de \u0131rma\u011f\u0131 g\u00f6rmek i\u00e7in Pencereyi a\u00e7mak yeterli [&hellip;]<\/p>\n","protected":false},"author":1,"featured_media":0,"comment_status":"open","ping_status":"open","sticky":false,"template":"","format":"standard","meta":{"footnotes":""},"categories":[216],"tags":[],"class_list":{"0":"post-7104","1":"post","2":"type-post","3":"status-publish","4":"format-standard","6":"category-fernando-pessoa"},"yoast_head":"<!-- This site is optimized with the Yoast SEO Premium plugin v24.9 (Yoast SEO v24.9) - https:\/\/yoast.com\/wordpress\/plugins\/seo\/ -->\n<title>Ac\u0131lar\u0131n Dans\u0131 - narteks.net<\/title>\n<meta name=\"robots\" content=\"index, follow, max-snippet:-1, max-image-preview:large, max-video-preview:-1\" \/>\n<link rel=\"canonical\" href=\"https:\/\/narteks.net\/index.php\/2018\/08\/05\/acilarin-dansi\/\" \/>\n<meta property=\"og:locale\" content=\"tr_TR\" \/>\n<meta property=\"og:type\" content=\"article\" \/>\n<meta property=\"og:title\" content=\"Ac\u0131lar\u0131n Dans\u0131\" \/>\n<meta property=\"og:description\" content=\"Kimsenin masadan kald\u0131rmad\u0131\u011f\u0131 Dolu bir kadeh gibi i\u015fe yaramaz Kederden yoksun kalbim Ba\u015fkas\u0131n\u0131n ac\u0131s\u0131yla ta\u015far Y\u00fcz\u00fc kederli hayaller Heyecan duymak i\u00e7indir yaln\u0131zca Korkulan onca ac\u0131Demek ki yok asl\u0131nda \u0130pek k\u00e2\u011f\u0131tlarla kapl\u0131 bir sahnede Oyun de\u011fil, bir kurmaca Bir mim, ac\u0131n\u0131n dans\u0131nda G\u00f6rmesin diye, hi\u00e7 kimse&#8230; ***** K\u0131rlar\u0131 ve de \u0131rma\u011f\u0131 g\u00f6rmek i\u00e7in Pencereyi a\u00e7mak yeterli [&hellip;]\" \/>\n<meta property=\"og:url\" content=\"https:\/\/narteks.net\/index.php\/2018\/08\/05\/acilarin-dansi\/\" \/>\n<meta property=\"og:site_name\" content=\"narteks.net\" \/>\n<meta property=\"article:published_time\" content=\"2018-08-05T11:29:53+00:00\" \/>\n<meta property=\"og:image\" content=\"https:\/\/narteks.net\/wp-content\/uploads\/narteks.png\" \/>\n\t<meta property=\"og:image:width\" content=\"300\" \/>\n\t<meta property=\"og:image:height\" content=\"90\" \/>\n\t<meta property=\"og:image:type\" content=\"image\/png\" \/>\n<meta name=\"author\" content=\"Tar\u0131k\" \/>\n<meta name=\"twitter:card\" content=\"summary_large_image\" \/>\n<meta name=\"twitter:creator\" content=\"@narteks\" \/>\n<meta name=\"twitter:site\" content=\"@narteks\" \/>\n<meta name=\"twitter:label1\" content=\"Yazan:\" \/>\n\t<meta name=\"twitter:data1\" content=\"Tar\u0131k\" \/>\n\t<meta name=\"twitter:label2\" content=\"Tahmini okuma s\u00fcresi\" \/>\n\t<meta name=\"twitter:data2\" content=\"1 dakika\" \/>\n<script type=\"application\/ld+json\" class=\"yoast-schema-graph\">{\"@context\":\"https:\/\/schema.org\",\"@graph\":[{\"@type\":\"Article\",\"@id\":\"https:\/\/narteks.net\/index.php\/2018\/08\/05\/acilarin-dansi\/#article\",\"isPartOf\":{\"@id\":\"https:\/\/narteks.net\/index.php\/2018\/08\/05\/acilarin-dansi\/\"},\"author\":{\"name\":\"Tar\u0131k\",\"@id\":\"https:\/\/narteks.net\/#\/schema\/person\/61f37d9834294b72d31d274e7ed79bca\"},\"headline\":\"Ac\u0131lar\u0131n Dans\u0131\",\"datePublished\":\"2018-08-05T11:29:53+00:00\",\"mainEntityOfPage\":{\"@id\":\"https:\/\/narteks.net\/index.php\/2018\/08\/05\/acilarin-dansi\/\"},\"wordCount\":152,\"commentCount\":0,\"publisher\":{\"@id\":\"https:\/\/narteks.net\/#organization\"},\"articleSection\":[\"Fernando PESSOA\"],\"inLanguage\":\"tr\",\"potentialAction\":[{\"@type\":\"CommentAction\",\"name\":\"Comment\",\"target\":[\"https:\/\/narteks.net\/index.php\/2018\/08\/05\/acilarin-dansi\/#respond\"]}]},{\"@type\":\"WebPage\",\"@id\":\"https:\/\/narteks.net\/index.php\/2018\/08\/05\/acilarin-dansi\/\",\"url\":\"https:\/\/narteks.net\/index.php\/2018\/08\/05\/acilarin-dansi\/\",\"name\":\"Ac\u0131lar\u0131n Dans\u0131 - narteks.net\",\"isPartOf\":{\"@id\":\"https:\/\/narteks.net\/#website\"},\"datePublished\":\"2018-08-05T11:29:53+00:00\",\"breadcrumb\":{\"@id\":\"https:\/\/narteks.net\/index.php\/2018\/08\/05\/acilarin-dansi\/#breadcrumb\"},\"inLanguage\":\"tr\",\"potentialAction\":[{\"@type\":\"ReadAction\",\"target\":[\"https:\/\/narteks.net\/index.php\/2018\/08\/05\/acilarin-dansi\/\"]}]},{\"@type\":\"BreadcrumbList\",\"@id\":\"https:\/\/narteks.net\/index.php\/2018\/08\/05\/acilarin-dansi\/#breadcrumb\",\"itemListElement\":[{\"@type\":\"ListItem\",\"position\":1,\"name\":\"Anasayfa\",\"item\":\"https:\/\/narteks.net\/\"},{\"@type\":\"ListItem\",\"position\":2,\"name\":\"Ac\u0131lar\u0131n Dans\u0131\"}]},{\"@type\":\"WebSite\",\"@id\":\"https:\/\/narteks.net\/#website\",\"url\":\"https:\/\/narteks.net\/\",\"name\":\"narteks.net\",\"description\":\"K\u00fclt\u00fcr Sanat Edebiyat Felsefe\",\"publisher\":{\"@id\":\"https:\/\/narteks.net\/#organization\"},\"alternateName\":\"K\u00fclt\u00fcr Sanat Edebiyat Felsefe\",\"potentialAction\":[{\"@type\":\"SearchAction\",\"target\":{\"@type\":\"EntryPoint\",\"urlTemplate\":\"https:\/\/narteks.net\/?s={search_term_string}\"},\"query-input\":{\"@type\":\"PropertyValueSpecification\",\"valueRequired\":true,\"valueName\":\"search_term_string\"}}],\"inLanguage\":\"tr\"},{\"@type\":\"Organization\",\"@id\":\"https:\/\/narteks.net\/#organization\",\"name\":\"narteks.net\",\"url\":\"https:\/\/narteks.net\/\",\"logo\":{\"@type\":\"ImageObject\",\"inLanguage\":\"tr\",\"@id\":\"https:\/\/narteks.net\/#\/schema\/logo\/image\/\",\"url\":\"https:\/\/narteks.net\/wp-content\/uploads\/narteks.png\",\"contentUrl\":\"https:\/\/narteks.net\/wp-content\/uploads\/narteks.png\",\"width\":300,\"height\":90,\"caption\":\"narteks.net\"},\"image\":{\"@id\":\"https:\/\/narteks.net\/#\/schema\/logo\/image\/\"},\"sameAs\":[\"https:\/\/x.com\/narteks\",\"https:\/\/instagram.com\/narteksnet\"]},{\"@type\":\"Person\",\"@id\":\"https:\/\/narteks.net\/#\/schema\/person\/61f37d9834294b72d31d274e7ed79bca\",\"name\":\"Tar\u0131k\",\"image\":{\"@type\":\"ImageObject\",\"inLanguage\":\"tr\",\"@id\":\"https:\/\/narteks.net\/#\/schema\/person\/image\/\",\"url\":\"https:\/\/secure.gravatar.com\/avatar\/50865afb55632c4ae467e0af0930f6510aa2297d8014be502a55b14f3b7550cf?s=96&d=mm&r=g\",\"contentUrl\":\"https:\/\/secure.gravatar.com\/avatar\/50865afb55632c4ae467e0af0930f6510aa2297d8014be502a55b14f3b7550cf?s=96&d=mm&r=g\",\"caption\":\"Tar\u0131k\"},\"sameAs\":[\"http:\/\/narteks.net\"],\"url\":\"https:\/\/narteks.net\/index.php\/author\/narbak\/\"}]}<\/script>\n<!-- \/ Yoast SEO Premium plugin. -->","yoast_head_json":{"title":"Ac\u0131lar\u0131n Dans\u0131 - narteks.net","robots":{"index":"index","follow":"follow","max-snippet":"max-snippet:-1","max-image-preview":"max-image-preview:large","max-video-preview":"max-video-preview:-1"},"canonical":"https:\/\/narteks.net\/index.php\/2018\/08\/05\/acilarin-dansi\/","og_locale":"tr_TR","og_type":"article","og_title":"Ac\u0131lar\u0131n Dans\u0131","og_description":"Kimsenin masadan kald\u0131rmad\u0131\u011f\u0131 Dolu bir kadeh gibi i\u015fe yaramaz Kederden yoksun kalbim Ba\u015fkas\u0131n\u0131n ac\u0131s\u0131yla ta\u015far Y\u00fcz\u00fc kederli hayaller Heyecan duymak i\u00e7indir yaln\u0131zca Korkulan onca ac\u0131Demek ki yok asl\u0131nda \u0130pek k\u00e2\u011f\u0131tlarla kapl\u0131 bir sahnede Oyun de\u011fil, bir kurmaca Bir mim, ac\u0131n\u0131n dans\u0131nda G\u00f6rmesin diye, hi\u00e7 kimse&#8230; ***** K\u0131rlar\u0131 ve de \u0131rma\u011f\u0131 g\u00f6rmek i\u00e7in Pencereyi a\u00e7mak yeterli [&hellip;]","og_url":"https:\/\/narteks.net\/index.php\/2018\/08\/05\/acilarin-dansi\/","og_site_name":"narteks.net","article_published_time":"2018-08-05T11:29:53+00:00","og_image":[{"width":300,"height":90,"url":"https:\/\/narteks.net\/wp-content\/uploads\/narteks.png","type":"image\/png"}],"author":"Tar\u0131k","twitter_card":"summary_large_image","twitter_creator":"@narteks","twitter_site":"@narteks","twitter_misc":{"Yazan:":"Tar\u0131k","Tahmini okuma s\u00fcresi":"1 dakika"},"schema":{"@context":"https:\/\/schema.org","@graph":[{"@type":"Article","@id":"https:\/\/narteks.net\/index.php\/2018\/08\/05\/acilarin-dansi\/#article","isPartOf":{"@id":"https:\/\/narteks.net\/index.php\/2018\/08\/05\/acilarin-dansi\/"},"author":{"name":"Tar\u0131k","@id":"https:\/\/narteks.net\/#\/schema\/person\/61f37d9834294b72d31d274e7ed79bca"},"headline":"Ac\u0131lar\u0131n Dans\u0131","datePublished":"2018-08-05T11:29:53+00:00","mainEntityOfPage":{"@id":"https:\/\/narteks.net\/index.php\/2018\/08\/05\/acilarin-dansi\/"},"wordCount":152,"commentCount":0,"publisher":{"@id":"https:\/\/narteks.net\/#organization"},"articleSection":["Fernando PESSOA"],"inLanguage":"tr","potentialAction":[{"@type":"CommentAction","name":"Comment","target":["https:\/\/narteks.net\/index.php\/2018\/08\/05\/acilarin-dansi\/#respond"]}]},{"@type":"WebPage","@id":"https:\/\/narteks.net\/index.php\/2018\/08\/05\/acilarin-dansi\/","url":"https:\/\/narteks.net\/index.php\/2018\/08\/05\/acilarin-dansi\/","name":"Ac\u0131lar\u0131n Dans\u0131 - narteks.net","isPartOf":{"@id":"https:\/\/narteks.net\/#website"},"datePublished":"2018-08-05T11:29:53+00:00","breadcrumb":{"@id":"https:\/\/narteks.net\/index.php\/2018\/08\/05\/acilarin-dansi\/#breadcrumb"},"inLanguage":"tr","potentialAction":[{"@type":"ReadAction","target":["https:\/\/narteks.net\/index.php\/2018\/08\/05\/acilarin-dansi\/"]}]},{"@type":"BreadcrumbList","@id":"https:\/\/narteks.net\/index.php\/2018\/08\/05\/acilarin-dansi\/#breadcrumb","itemListElement":[{"@type":"ListItem","position":1,"name":"Anasayfa","item":"https:\/\/narteks.net\/"},{"@type":"ListItem","position":2,"name":"Ac\u0131lar\u0131n Dans\u0131"}]},{"@type":"WebSite","@id":"https:\/\/narteks.net\/#website","url":"https:\/\/narteks.net\/","name":"narteks.net","description":"K\u00fclt\u00fcr Sanat Edebiyat Felsefe","publisher":{"@id":"https:\/\/narteks.net\/#organization"},"alternateName":"K\u00fclt\u00fcr Sanat Edebiyat Felsefe","potentialAction":[{"@type":"SearchAction","target":{"@type":"EntryPoint","urlTemplate":"https:\/\/narteks.net\/?s={search_term_string}"},"query-input":{"@type":"PropertyValueSpecification","valueRequired":true,"valueName":"search_term_string"}}],"inLanguage":"tr"},{"@type":"Organization","@id":"https:\/\/narteks.net\/#organization","name":"narteks.net","url":"https:\/\/narteks.net\/","logo":{"@type":"ImageObject","inLanguage":"tr","@id":"https:\/\/narteks.net\/#\/schema\/logo\/image\/","url":"https:\/\/narteks.net\/wp-content\/uploads\/narteks.png","contentUrl":"https:\/\/narteks.net\/wp-content\/uploads\/narteks.png","width":300,"height":90,"caption":"narteks.net"},"image":{"@id":"https:\/\/narteks.net\/#\/schema\/logo\/image\/"},"sameAs":["https:\/\/x.com\/narteks","https:\/\/instagram.com\/narteksnet"]},{"@type":"Person","@id":"https:\/\/narteks.net\/#\/schema\/person\/61f37d9834294b72d31d274e7ed79bca","name":"Tar\u0131k","image":{"@type":"ImageObject","inLanguage":"tr","@id":"https:\/\/narteks.net\/#\/schema\/person\/image\/","url":"https:\/\/secure.gravatar.com\/avatar\/50865afb55632c4ae467e0af0930f6510aa2297d8014be502a55b14f3b7550cf?s=96&d=mm&r=g","contentUrl":"https:\/\/secure.gravatar.com\/avatar\/50865afb55632c4ae467e0af0930f6510aa2297d8014be502a55b14f3b7550cf?s=96&d=mm&r=g","caption":"Tar\u0131k"},"sameAs":["http:\/\/narteks.net"],"url":"https:\/\/narteks.net\/index.php\/author\/narbak\/"}]}},"_links":{"self":[{"href":"https:\/\/narteks.net\/index.php\/wp-json\/wp\/v2\/posts\/7104","targetHints":{"allow":["GET"]}}],"collection":[{"href":"https:\/\/narteks.net\/index.php\/wp-json\/wp\/v2\/posts"}],"about":[{"href":"https:\/\/narteks.net\/index.php\/wp-json\/wp\/v2\/types\/post"}],"author":[{"embeddable":true,"href":"https:\/\/narteks.net\/index.php\/wp-json\/wp\/v2\/users\/1"}],"replies":[{"embeddable":true,"href":"https:\/\/narteks.net\/index.php\/wp-json\/wp\/v2\/comments?post=7104"}],"version-history":[{"count":0,"href":"https:\/\/narteks.net\/index.php\/wp-json\/wp\/v2\/posts\/7104\/revisions"}],"wp:attachment":[{"href":"https:\/\/narteks.net\/index.php\/wp-json\/wp\/v2\/media?parent=7104"}],"wp:term":[{"taxonomy":"category","embeddable":true,"href":"https:\/\/narteks.net\/index.php\/wp-json\/wp\/v2\/categories?post=7104"},{"taxonomy":"post_tag","embeddable":true,"href":"https:\/\/narteks.net\/index.php\/wp-json\/wp\/v2\/tags?post=7104"}],"curies":[{"name":"wp","href":"https:\/\/api.w.org\/{rel}","templated":true}]}}