{"id":7105,"date":"2018-08-05T14:31:33","date_gmt":"2018-08-05T11:31:33","guid":{"rendered":"http:\/\/localhost\/wordpress\/2018\/08\/05\/campos\/"},"modified":"2018-08-05T14:31:33","modified_gmt":"2018-08-05T11:31:33","slug":"campos","status":"publish","type":"post","link":"https:\/\/narteks.net\/index.php\/2018\/08\/05\/campos\/","title":{"rendered":"Campos"},"content":{"rendered":"<p>Her yan\u0131yla hissetmek her \u015feyi <br \/>Her \u015feyi ya\u015famak her yan\u0131yla<br \/>Ayn\u0131 anda her zaman ayn\u0131 \u015fey olmak m\u00fcmk\u00fcnd\u00fcr<br \/>B\u00fct\u00fcn zamanlarda fark\u0131nda olmak t\u00fcm insanl\u0131k oldu\u011funun<br \/>Par\u00e7alanm\u0131\u015f, denetimsiz, b\u00fct\u00fcnc\u00fcl, ve ald\u0131r\u0131\u015fs\u0131z bir anda<br \/>Ya da Campos\u2019un ba\u015fkald\u0131ran yan\u0131n\u0131 yans\u0131tan \u015fu dizelerine bakal\u0131m : <br \/>Yak\u0131nl\u0131k duyuyorum b\u00fct\u00fcn bu insanlara<br \/>bunu hak etmemi\u015f olsalar bile<br \/>Evet ben bir serserinin ve y\u0131l\u0131\u015f\u0131k dilencinin biriyim (&#8230;)<br \/>Serseri ve dilenci olmak sadece serseri ve dilenci olmak de\u011fildir. <br \/>toplum d\u00fczeninin d\u0131\u015f\u0131nda kalmakt\u0131r.<br \/>Savc\u0131, sa\u011flam bir i\u015f sahibi ve hayat kad\u0131n\u0131 olmamak,<br \/>Yani, k\u0131sa ve iyi, bir sebep i\u00e7in g\u00f6zya\u015flar\u0131 d\u00f6k\u00fcp,<br \/>Kendilerini harflerle t\u0131kabasa dolduran,<br \/>arta kalan bir ak\u0131llar\u0131 oldu\u011fu i\u00e7in<br \/>toplumsal hayata kar\u015f\u0131 ayaklanan,<br \/>Romanc\u0131n\u0131n toplumsal bireyi gibi de\u011fil<\/p>\n<p>Fernando PESSOA<\/p>\n","protected":false},"excerpt":{"rendered":"<p>Her yan\u0131yla hissetmek her \u015feyi Her \u015feyi ya\u015famak her yan\u0131ylaAyn\u0131 anda her zaman ayn\u0131 \u015fey olmak m\u00fcmk\u00fcnd\u00fcrB\u00fct\u00fcn zamanlarda fark\u0131nda olmak t\u00fcm insanl\u0131k oldu\u011fununPar\u00e7alanm\u0131\u015f, denetimsiz, b\u00fct\u00fcnc\u00fcl, ve ald\u0131r\u0131\u015fs\u0131z bir andaYa da Campos\u2019un ba\u015fkald\u0131ran yan\u0131n\u0131 yans\u0131tan \u015fu dizelerine bakal\u0131m : Yak\u0131nl\u0131k duyuyorum b\u00fct\u00fcn bu insanlarabunu hak etmemi\u015f olsalar bileEvet ben bir serserinin ve y\u0131l\u0131\u015f\u0131k dilencinin biriyim (&#8230;)Serseri [&hellip;]<\/p>\n","protected":false},"author":1,"featured_media":0,"comment_status":"open","ping_status":"open","sticky":false,"template":"","format":"standard","meta":{"footnotes":""},"categories":[216],"tags":[],"class_list":{"0":"post-7105","1":"post","2":"type-post","3":"status-publish","4":"format-standard","6":"category-fernando-pessoa"},"yoast_head":"<!-- This site is optimized with the Yoast SEO Premium plugin v24.9 (Yoast SEO v24.9) - https:\/\/yoast.com\/wordpress\/plugins\/seo\/ -->\n<title>Campos - narteks.net<\/title>\n<meta name=\"robots\" content=\"index, follow, max-snippet:-1, max-image-preview:large, max-video-preview:-1\" \/>\n<link rel=\"canonical\" href=\"https:\/\/narteks.net\/index.php\/2018\/08\/05\/campos\/\" \/>\n<meta property=\"og:locale\" content=\"tr_TR\" \/>\n<meta property=\"og:type\" content=\"article\" \/>\n<meta property=\"og:title\" content=\"Campos\" \/>\n<meta property=\"og:description\" content=\"Her yan\u0131yla hissetmek her \u015feyi Her \u015feyi ya\u015famak her yan\u0131ylaAyn\u0131 anda her zaman ayn\u0131 \u015fey olmak m\u00fcmk\u00fcnd\u00fcrB\u00fct\u00fcn zamanlarda fark\u0131nda olmak t\u00fcm insanl\u0131k oldu\u011fununPar\u00e7alanm\u0131\u015f, denetimsiz, b\u00fct\u00fcnc\u00fcl, ve ald\u0131r\u0131\u015fs\u0131z bir andaYa da Campos\u2019un ba\u015fkald\u0131ran yan\u0131n\u0131 yans\u0131tan \u015fu dizelerine bakal\u0131m : Yak\u0131nl\u0131k duyuyorum b\u00fct\u00fcn bu insanlarabunu hak etmemi\u015f olsalar bileEvet ben bir serserinin ve y\u0131l\u0131\u015f\u0131k dilencinin biriyim (&#8230;)Serseri [&hellip;]\" \/>\n<meta property=\"og:url\" content=\"https:\/\/narteks.net\/index.php\/2018\/08\/05\/campos\/\" \/>\n<meta property=\"og:site_name\" content=\"narteks.net\" \/>\n<meta property=\"article:published_time\" content=\"2018-08-05T11:31:33+00:00\" \/>\n<meta property=\"og:image\" content=\"https:\/\/narteks.net\/wp-content\/uploads\/narteks.png\" \/>\n\t<meta property=\"og:image:width\" content=\"300\" \/>\n\t<meta property=\"og:image:height\" content=\"90\" \/>\n\t<meta property=\"og:image:type\" content=\"image\/png\" \/>\n<meta name=\"author\" content=\"Tar\u0131k\" \/>\n<meta name=\"twitter:card\" content=\"summary_large_image\" \/>\n<meta name=\"twitter:creator\" content=\"@narteks\" \/>\n<meta name=\"twitter:site\" content=\"@narteks\" \/>\n<meta name=\"twitter:label1\" content=\"Yazan:\" \/>\n\t<meta name=\"twitter:data1\" content=\"Tar\u0131k\" \/>\n\t<meta name=\"twitter:label2\" content=\"Tahmini okuma s\u00fcresi\" \/>\n\t<meta name=\"twitter:data2\" content=\"1 dakika\" \/>\n<script type=\"application\/ld+json\" class=\"yoast-schema-graph\">{\"@context\":\"https:\/\/schema.org\",\"@graph\":[{\"@type\":\"Article\",\"@id\":\"https:\/\/narteks.net\/index.php\/2018\/08\/05\/campos\/#article\",\"isPartOf\":{\"@id\":\"https:\/\/narteks.net\/index.php\/2018\/08\/05\/campos\/\"},\"author\":{\"name\":\"Tar\u0131k\",\"@id\":\"https:\/\/narteks.net\/#\/schema\/person\/61f37d9834294b72d31d274e7ed79bca\"},\"headline\":\"Campos\",\"datePublished\":\"2018-08-05T11:31:33+00:00\",\"mainEntityOfPage\":{\"@id\":\"https:\/\/narteks.net\/index.php\/2018\/08\/05\/campos\/\"},\"wordCount\":156,\"commentCount\":0,\"publisher\":{\"@id\":\"https:\/\/narteks.net\/#organization\"},\"articleSection\":[\"Fernando PESSOA\"],\"inLanguage\":\"tr\",\"potentialAction\":[{\"@type\":\"CommentAction\",\"name\":\"Comment\",\"target\":[\"https:\/\/narteks.net\/index.php\/2018\/08\/05\/campos\/#respond\"]}]},{\"@type\":\"WebPage\",\"@id\":\"https:\/\/narteks.net\/index.php\/2018\/08\/05\/campos\/\",\"url\":\"https:\/\/narteks.net\/index.php\/2018\/08\/05\/campos\/\",\"name\":\"Campos - narteks.net\",\"isPartOf\":{\"@id\":\"https:\/\/narteks.net\/#website\"},\"datePublished\":\"2018-08-05T11:31:33+00:00\",\"breadcrumb\":{\"@id\":\"https:\/\/narteks.net\/index.php\/2018\/08\/05\/campos\/#breadcrumb\"},\"inLanguage\":\"tr\",\"potentialAction\":[{\"@type\":\"ReadAction\",\"target\":[\"https:\/\/narteks.net\/index.php\/2018\/08\/05\/campos\/\"]}]},{\"@type\":\"BreadcrumbList\",\"@id\":\"https:\/\/narteks.net\/index.php\/2018\/08\/05\/campos\/#breadcrumb\",\"itemListElement\":[{\"@type\":\"ListItem\",\"position\":1,\"name\":\"Anasayfa\",\"item\":\"https:\/\/narteks.net\/\"},{\"@type\":\"ListItem\",\"position\":2,\"name\":\"Campos\"}]},{\"@type\":\"WebSite\",\"@id\":\"https:\/\/narteks.net\/#website\",\"url\":\"https:\/\/narteks.net\/\",\"name\":\"narteks.net\",\"description\":\"K\u00fclt\u00fcr Sanat Edebiyat Felsefe\",\"publisher\":{\"@id\":\"https:\/\/narteks.net\/#organization\"},\"alternateName\":\"K\u00fclt\u00fcr Sanat Edebiyat Felsefe\",\"potentialAction\":[{\"@type\":\"SearchAction\",\"target\":{\"@type\":\"EntryPoint\",\"urlTemplate\":\"https:\/\/narteks.net\/?s={search_term_string}\"},\"query-input\":{\"@type\":\"PropertyValueSpecification\",\"valueRequired\":true,\"valueName\":\"search_term_string\"}}],\"inLanguage\":\"tr\"},{\"@type\":\"Organization\",\"@id\":\"https:\/\/narteks.net\/#organization\",\"name\":\"narteks.net\",\"url\":\"https:\/\/narteks.net\/\",\"logo\":{\"@type\":\"ImageObject\",\"inLanguage\":\"tr\",\"@id\":\"https:\/\/narteks.net\/#\/schema\/logo\/image\/\",\"url\":\"https:\/\/narteks.net\/wp-content\/uploads\/narteks.png\",\"contentUrl\":\"https:\/\/narteks.net\/wp-content\/uploads\/narteks.png\",\"width\":300,\"height\":90,\"caption\":\"narteks.net\"},\"image\":{\"@id\":\"https:\/\/narteks.net\/#\/schema\/logo\/image\/\"},\"sameAs\":[\"https:\/\/x.com\/narteks\",\"https:\/\/instagram.com\/narteksnet\"]},{\"@type\":\"Person\",\"@id\":\"https:\/\/narteks.net\/#\/schema\/person\/61f37d9834294b72d31d274e7ed79bca\",\"name\":\"Tar\u0131k\",\"image\":{\"@type\":\"ImageObject\",\"inLanguage\":\"tr\",\"@id\":\"https:\/\/narteks.net\/#\/schema\/person\/image\/\",\"url\":\"https:\/\/secure.gravatar.com\/avatar\/50865afb55632c4ae467e0af0930f6510aa2297d8014be502a55b14f3b7550cf?s=96&d=mm&r=g\",\"contentUrl\":\"https:\/\/secure.gravatar.com\/avatar\/50865afb55632c4ae467e0af0930f6510aa2297d8014be502a55b14f3b7550cf?s=96&d=mm&r=g\",\"caption\":\"Tar\u0131k\"},\"sameAs\":[\"http:\/\/narteks.net\"],\"url\":\"https:\/\/narteks.net\/index.php\/author\/narbak\/\"}]}<\/script>\n<!-- \/ Yoast SEO Premium plugin. -->","yoast_head_json":{"title":"Campos - narteks.net","robots":{"index":"index","follow":"follow","max-snippet":"max-snippet:-1","max-image-preview":"max-image-preview:large","max-video-preview":"max-video-preview:-1"},"canonical":"https:\/\/narteks.net\/index.php\/2018\/08\/05\/campos\/","og_locale":"tr_TR","og_type":"article","og_title":"Campos","og_description":"Her yan\u0131yla hissetmek her \u015feyi Her \u015feyi ya\u015famak her yan\u0131ylaAyn\u0131 anda her zaman ayn\u0131 \u015fey olmak m\u00fcmk\u00fcnd\u00fcrB\u00fct\u00fcn zamanlarda fark\u0131nda olmak t\u00fcm insanl\u0131k oldu\u011fununPar\u00e7alanm\u0131\u015f, denetimsiz, b\u00fct\u00fcnc\u00fcl, ve ald\u0131r\u0131\u015fs\u0131z bir andaYa da Campos\u2019un ba\u015fkald\u0131ran yan\u0131n\u0131 yans\u0131tan \u015fu dizelerine bakal\u0131m : Yak\u0131nl\u0131k duyuyorum b\u00fct\u00fcn bu insanlarabunu hak etmemi\u015f olsalar bileEvet ben bir serserinin ve y\u0131l\u0131\u015f\u0131k dilencinin biriyim (&#8230;)Serseri [&hellip;]","og_url":"https:\/\/narteks.net\/index.php\/2018\/08\/05\/campos\/","og_site_name":"narteks.net","article_published_time":"2018-08-05T11:31:33+00:00","og_image":[{"width":300,"height":90,"url":"https:\/\/narteks.net\/wp-content\/uploads\/narteks.png","type":"image\/png"}],"author":"Tar\u0131k","twitter_card":"summary_large_image","twitter_creator":"@narteks","twitter_site":"@narteks","twitter_misc":{"Yazan:":"Tar\u0131k","Tahmini okuma s\u00fcresi":"1 dakika"},"schema":{"@context":"https:\/\/schema.org","@graph":[{"@type":"Article","@id":"https:\/\/narteks.net\/index.php\/2018\/08\/05\/campos\/#article","isPartOf":{"@id":"https:\/\/narteks.net\/index.php\/2018\/08\/05\/campos\/"},"author":{"name":"Tar\u0131k","@id":"https:\/\/narteks.net\/#\/schema\/person\/61f37d9834294b72d31d274e7ed79bca"},"headline":"Campos","datePublished":"2018-08-05T11:31:33+00:00","mainEntityOfPage":{"@id":"https:\/\/narteks.net\/index.php\/2018\/08\/05\/campos\/"},"wordCount":156,"commentCount":0,"publisher":{"@id":"https:\/\/narteks.net\/#organization"},"articleSection":["Fernando PESSOA"],"inLanguage":"tr","potentialAction":[{"@type":"CommentAction","name":"Comment","target":["https:\/\/narteks.net\/index.php\/2018\/08\/05\/campos\/#respond"]}]},{"@type":"WebPage","@id":"https:\/\/narteks.net\/index.php\/2018\/08\/05\/campos\/","url":"https:\/\/narteks.net\/index.php\/2018\/08\/05\/campos\/","name":"Campos - narteks.net","isPartOf":{"@id":"https:\/\/narteks.net\/#website"},"datePublished":"2018-08-05T11:31:33+00:00","breadcrumb":{"@id":"https:\/\/narteks.net\/index.php\/2018\/08\/05\/campos\/#breadcrumb"},"inLanguage":"tr","potentialAction":[{"@type":"ReadAction","target":["https:\/\/narteks.net\/index.php\/2018\/08\/05\/campos\/"]}]},{"@type":"BreadcrumbList","@id":"https:\/\/narteks.net\/index.php\/2018\/08\/05\/campos\/#breadcrumb","itemListElement":[{"@type":"ListItem","position":1,"name":"Anasayfa","item":"https:\/\/narteks.net\/"},{"@type":"ListItem","position":2,"name":"Campos"}]},{"@type":"WebSite","@id":"https:\/\/narteks.net\/#website","url":"https:\/\/narteks.net\/","name":"narteks.net","description":"K\u00fclt\u00fcr Sanat Edebiyat Felsefe","publisher":{"@id":"https:\/\/narteks.net\/#organization"},"alternateName":"K\u00fclt\u00fcr Sanat Edebiyat Felsefe","potentialAction":[{"@type":"SearchAction","target":{"@type":"EntryPoint","urlTemplate":"https:\/\/narteks.net\/?s={search_term_string}"},"query-input":{"@type":"PropertyValueSpecification","valueRequired":true,"valueName":"search_term_string"}}],"inLanguage":"tr"},{"@type":"Organization","@id":"https:\/\/narteks.net\/#organization","name":"narteks.net","url":"https:\/\/narteks.net\/","logo":{"@type":"ImageObject","inLanguage":"tr","@id":"https:\/\/narteks.net\/#\/schema\/logo\/image\/","url":"https:\/\/narteks.net\/wp-content\/uploads\/narteks.png","contentUrl":"https:\/\/narteks.net\/wp-content\/uploads\/narteks.png","width":300,"height":90,"caption":"narteks.net"},"image":{"@id":"https:\/\/narteks.net\/#\/schema\/logo\/image\/"},"sameAs":["https:\/\/x.com\/narteks","https:\/\/instagram.com\/narteksnet"]},{"@type":"Person","@id":"https:\/\/narteks.net\/#\/schema\/person\/61f37d9834294b72d31d274e7ed79bca","name":"Tar\u0131k","image":{"@type":"ImageObject","inLanguage":"tr","@id":"https:\/\/narteks.net\/#\/schema\/person\/image\/","url":"https:\/\/secure.gravatar.com\/avatar\/50865afb55632c4ae467e0af0930f6510aa2297d8014be502a55b14f3b7550cf?s=96&d=mm&r=g","contentUrl":"https:\/\/secure.gravatar.com\/avatar\/50865afb55632c4ae467e0af0930f6510aa2297d8014be502a55b14f3b7550cf?s=96&d=mm&r=g","caption":"Tar\u0131k"},"sameAs":["http:\/\/narteks.net"],"url":"https:\/\/narteks.net\/index.php\/author\/narbak\/"}]}},"_links":{"self":[{"href":"https:\/\/narteks.net\/index.php\/wp-json\/wp\/v2\/posts\/7105","targetHints":{"allow":["GET"]}}],"collection":[{"href":"https:\/\/narteks.net\/index.php\/wp-json\/wp\/v2\/posts"}],"about":[{"href":"https:\/\/narteks.net\/index.php\/wp-json\/wp\/v2\/types\/post"}],"author":[{"embeddable":true,"href":"https:\/\/narteks.net\/index.php\/wp-json\/wp\/v2\/users\/1"}],"replies":[{"embeddable":true,"href":"https:\/\/narteks.net\/index.php\/wp-json\/wp\/v2\/comments?post=7105"}],"version-history":[{"count":0,"href":"https:\/\/narteks.net\/index.php\/wp-json\/wp\/v2\/posts\/7105\/revisions"}],"wp:attachment":[{"href":"https:\/\/narteks.net\/index.php\/wp-json\/wp\/v2\/media?parent=7105"}],"wp:term":[{"taxonomy":"category","embeddable":true,"href":"https:\/\/narteks.net\/index.php\/wp-json\/wp\/v2\/categories?post=7105"},{"taxonomy":"post_tag","embeddable":true,"href":"https:\/\/narteks.net\/index.php\/wp-json\/wp\/v2\/tags?post=7105"}],"curies":[{"name":"wp","href":"https:\/\/api.w.org\/{rel}","templated":true}]}}