{"id":7106,"date":"2018-08-05T14:36:58","date_gmt":"2018-08-05T11:36:58","guid":{"rendered":"http:\/\/localhost\/wordpress\/2018\/08\/05\/fernando-pessoa-biyografisi\/"},"modified":"2024-04-27T12:14:49","modified_gmt":"2024-04-27T09:14:49","slug":"fernando-pessoa-biyografisi","status":"publish","type":"post","link":"https:\/\/narteks.net\/index.php\/2018\/08\/05\/fernando-pessoa-biyografisi\/","title":{"rendered":"Fernando PESSOA Biyografisi"},"content":{"rendered":"<p style=\"text-align: justify;\"><img loading=\"lazy\" decoding=\"async\" class=\"wp-image-7881 size-thumbnail alignleft\" src=\"http:\/\/narteks.net\/wp-content\/uploads\/fernando_pessoa-1-150x150.jpg\" alt=\"\" width=\"150\" height=\"150\" srcset=\"https:\/\/narteks.net\/wp-content\/uploads\/fernando_pessoa-1-150x150.jpg 150w, https:\/\/narteks.net\/wp-content\/uploads\/fernando_pessoa-1-300x300.jpg 300w, https:\/\/narteks.net\/wp-content\/uploads\/fernando_pessoa-1-420x420.jpg 420w, https:\/\/narteks.net\/wp-content\/uploads\/fernando_pessoa-1.jpg 500w\" sizes=\"auto, (max-width: 150px) 100vw, 150px\" \/>Fernando Pessoa (d. 13 Haziran 1888 \u2013 \u00f6. 30 Kas\u0131m 1935), Portekizli \u015fair, ressam.<\/p>\n<p style=\"text-align: justify;\">Lizbon&#8217;da do\u011fdu. Be\u015f ya\u015f\u0131ndayken, m\u00fczik ele\u015ftirmeni olan babas\u0131n\u0131 kaybetti. Annesi, Portekiz&#8217;in Durban konsolosuyla yeniden evlenince yerle\u015ftikleri G\u00fcney Afrika&#8217;da (1896) tam bir \u0130ngiliz e\u011fitimi g\u00f6rd\u00fc. 1905&#8217;te geri d\u00f6nd\u00fc\u011f\u00fc Lizbon&#8217;da ya\u015fam\u0131n\u0131n sonuna kadar kald\u0131. Ge\u00e7imini, \u0130ngilizce ve Frans\u0131zca i\u015f mektuplar\u0131 yazarak kazand\u0131 ve yaln\u0131z ya\u015fad\u0131.<\/p>\n<p style=\"text-align: justify;\">Portekiz modernizminin \u00f6nc\u00fclerinden olan Pessoa, Milton, Shelley, Keats, Poe, Byron, Whitman, Shakespeare, Baudelaire&#8217;den etkilenmi\u015f ve ilk \u015fiirlerini, \u0130ngilizce olarak, 1905-1908 y\u0131llar\u0131 aras\u0131nda yazm\u0131\u015ft\u0131r. 1912&#8217;de, ilk \u015fiirlerini &#8220;Portekiz &#8216;R\u00f6nesans&#8217; &#8221; hareketinin yay\u0131n organ\u0131 A Aguia dergisinde yay\u0131mlad\u0131\u011f\u0131nda, simgeci \u015fiirin ve &#8220;saudosismo&#8221;nun (ge\u00e7mi\u015fe \u00f6zlem) etkisi alt\u0131ndayd\u0131. Ayn\u0131 y\u0131llarda, d\u00fczyaz\u0131 metinler (Fausto, Epithalamium, O Marinheiro, Na Floresta do Alheamento, vd.), ele\u015ftiri ve denemeler yazd\u0131. 1913&#8217;te, f\u00fct\u00fcrist harekette yer ald\u0131 ve S\u00e1-Carneiro ile birlikte Portekiz \u00f6nc\u00fc edebiyat\u0131n\u0131 ba\u015flatarak, &#8220;paulismo&#8221; ak\u0131m\u0131n\u0131 yaratt\u0131. 1914 y\u0131l\u0131nda, her \u015feyi, olabilecek b\u00fct\u00fcn tarzlarda hissetmek i\u00e7in, kendi i\u00e7inde g\u00fcc\u00fcl olarak bulunan farkl\u0131 yazar kimliklerini aralar\u0131nda diyalo\u011fa sokarak, onlara yaz\u0131 arac\u0131l\u0131\u011f\u0131yla kurmaca bir ger\u00e7eklik kazand\u0131rd\u0131. Pessoa&#8217;n\u0131n farkl\u0131 yazar kimliklerinin yans\u0131mas\u0131 olan bu k\u00f6kte\u015f \u015fair ve yazarlar Alberto Caeiro, Alvaro de Campos, Ricardo Reis, Bernardo Soares ve Fernando Pessoa&#8217;n\u0131n kendisidir. Pessoa&#8217;n\u0131n kendi \u015fiirleri ve k\u00f6kte\u015f \u015fairleri arac\u0131l\u0131\u011f\u0131yla yaratt\u0131\u011f\u0131 \u015fiirler Orpheu, Portugal Futurista, Contemporanea, Atena gibi ancak birka\u00e7 say\u0131 \u00e7\u0131kan dergilerde yay\u0131mland\u0131. &#8220;Vatan\u0131m Portekiz dilidir&#8221; diyen Pessoa \u00f6l\u00fcm\u00fcnden bir y\u0131l \u00f6nce, Portekiz tarihinin ok\u00fcltist ve simgeci bir yorumu olan &#8220;Mensagem&#8221; adl\u0131 \u015fiiri yazd\u0131 ve Ulusal Propaganda Sekreterli\u011fi&#8217;nin a\u00e7t\u0131\u011f\u0131 yar\u0131\u015fmada \u00f6d\u00fcl ald\u0131.<\/p>\n<p style=\"text-align: justify;\">Fernando Pessoa 30 Kas\u0131m 1935&#8217;te, 47 ya\u015f\u0131nda, Lizbon&#8217;da karaci\u011fer hastal\u0131\u011f\u0131ndan \u00f6ld\u00fc\u011f\u00fcnde pek az tan\u0131n\u0131yordu. Sa\u011fl\u0131\u011f\u0131nda yay\u0131mlanan d\u00f6rt kitab\u0131ndan \u00fc\u00e7\u00fc \u0130ngilizcedir: 35 Sonnets (1918), English Poems I-II ve English Poems III (1921). Portekizce kitap olarak yay\u0131mlanan tek eseri Mensagem&#8217;dir (1934). Dergilerde kalm\u0131\u015f bir\u00e7ok \u015fiir, deneme vb. yaz\u0131lar\u0131 vard\u0131r. Ard\u0131nda b\u0131rakt\u0131\u011f\u0131 elyazmas\u0131 fragman say\u0131s\u0131 25-27 bin aras\u0131ndad\u0131r.<\/p>\n<p style=\"text-align: justify;\">B\u00fct\u00fcn eserleri 1942&#8217;de yay\u0131mlanmaya ba\u015flanm\u0131\u015f ve 26 cilde ula\u015fm\u0131\u015ft\u0131r.<\/p>\n<p style=\"text-align: justify;\"><strong>Eserleri<\/strong><br \/>\nPoes\u00edas de Fernando Pessoa (1942, Fernando Pessoa&#8217;n\u0131n \u015eiirleri)<br \/>\nPoes\u00edas de Alvaro Campos (1944, Alvaro Campos&#8217;un \u015eiirleri)<br \/>\nPoemas de Alberto Caeiro (1946, Alberto Caeiro&#8217;nun \u015eiirleri)<br \/>\nOdas de Ricardo Reis (1946, Ricardo Reis&#8217;in Odlar\u0131)<br \/>\nP\u00e1ginas de est\u00e9tica y de teor\u00eda y cr\u00edtica literarias (1967 &#8211; Estetik ve Edebiyat Kuram\u0131 ve Ele\u015ftirisi Hakk\u0131nda Yaz\u0131lar)<br \/>\nP\u00e1ginas \u00edntimas de autointerpretaci\u00f3n (1966, Ki\u015finin Kendi Eserini Yorumlamas\u0131 \u00dczerine \u00d6zel Yaz\u0131lar)<br \/>\nTextos filos\u00f3ficos (1968, Felsefe Metinleri)<br \/>\n<strong>T\u00fcrk\u00e7eye \u00e7evirilen eserleri<\/strong><br \/>\n\u015eeytan\u0131n Saati (Can Yay\u0131nlar\u0131, 2006)<br \/>\nS\u0131rlar\u0131n Cebiri (Nisan Yay\u0131nlar\u0131, 1995)<br \/>\nDenize \u00d6vg\u00fc (\u0130yi \u015eeyler, 1999)<br \/>\nD\u00fc\u015fsel ve Ger\u00e7ek (D\u00fcnya Kitaplar\u0131, 2005)<br \/>\nAnar\u015fist Banker (Can Yay\u0131nlar\u0131, 2006)<br \/>\nHuzursuzlu\u011fun Kitab\u0131 (Can Yay\u0131nlar\u0131, 2006)<br \/>\nPessoa Pesso&#8217; y\u0131 Anlat\u0131yor (K\u0131rm\u0131z\u0131 Kedi Yay\u0131nevi, 2012)<br \/>\nGizemli Bir Maske (Kolektif Kitap, 2016)<br \/>\n<strong>Yazar hakk\u0131ndaki eserler<\/strong><br \/>\nFernando Pessoa: 20nci Y\u00fczy\u0131l\u0131n Yaln\u0131z\u0131 (Adnan \u00d6zer &#8211; Everest Yay\u0131nlar\u0131)<br \/>\nFernando Pessoa ve \u015e\u00fcrekas\u0131 (Yap\u0131 Kredi Yay\u0131nlar\u0131 &#8211; Sergi Kitap\u00e7\u0131\u011f\u0131)<br \/>\nFernando Pessoa&#8217;n\u0131n Son \u00dc\u00e7 G\u00fcn\u00fc (Can Yay\u0131nlar\u0131 &#8211; Antonio Tabucchi)<\/p>\n","protected":false},"excerpt":{"rendered":"<p>Fernando Pessoa (d. 13 Haziran 1888 \u2013 \u00f6. 30 Kas\u0131m 1935), Portekizli \u015fair, ressam. Lizbon&#8217;da do\u011fdu. Be\u015f ya\u015f\u0131ndayken, m\u00fczik ele\u015ftirmeni olan babas\u0131n\u0131 kaybetti. Annesi, Portekiz&#8217;in Durban konsolosuyla yeniden evlenince yerle\u015ftikleri G\u00fcney Afrika&#8217;da (1896) tam bir \u0130ngiliz e\u011fitimi g\u00f6rd\u00fc. 1905&#8217;te geri d\u00f6nd\u00fc\u011f\u00fc Lizbon&#8217;da ya\u015fam\u0131n\u0131n sonuna kadar kald\u0131. Ge\u00e7imini, \u0130ngilizce ve Frans\u0131zca i\u015f mektuplar\u0131 yazarak kazand\u0131 ve [&hellip;]<\/p>\n","protected":false},"author":1,"featured_media":0,"comment_status":"open","ping_status":"open","sticky":false,"template":"","format":"standard","meta":{"footnotes":""},"categories":[216],"tags":[],"class_list":{"0":"post-7106","1":"post","2":"type-post","3":"status-publish","4":"format-standard","6":"category-fernando-pessoa"},"yoast_head":"<!-- This site is optimized with the Yoast SEO Premium plugin v24.9 (Yoast SEO v24.9) - https:\/\/yoast.com\/wordpress\/plugins\/seo\/ -->\n<title>Fernando PESSOA Biyografisi - narteks.net<\/title>\n<meta name=\"robots\" content=\"index, follow, max-snippet:-1, max-image-preview:large, max-video-preview:-1\" \/>\n<link rel=\"canonical\" href=\"https:\/\/narteks.net\/index.php\/2018\/08\/05\/fernando-pessoa-biyografisi\/\" \/>\n<meta property=\"og:locale\" content=\"tr_TR\" \/>\n<meta property=\"og:type\" content=\"article\" \/>\n<meta property=\"og:title\" content=\"Fernando PESSOA Biyografisi\" \/>\n<meta property=\"og:description\" content=\"Fernando Pessoa (d. 13 Haziran 1888 \u2013 \u00f6. 30 Kas\u0131m 1935), Portekizli \u015fair, ressam. Lizbon&#8217;da do\u011fdu. Be\u015f ya\u015f\u0131ndayken, m\u00fczik ele\u015ftirmeni olan babas\u0131n\u0131 kaybetti. Annesi, Portekiz&#8217;in Durban konsolosuyla yeniden evlenince yerle\u015ftikleri G\u00fcney Afrika&#8217;da (1896) tam bir \u0130ngiliz e\u011fitimi g\u00f6rd\u00fc. 1905&#8217;te geri d\u00f6nd\u00fc\u011f\u00fc Lizbon&#8217;da ya\u015fam\u0131n\u0131n sonuna kadar kald\u0131. Ge\u00e7imini, \u0130ngilizce ve Frans\u0131zca i\u015f mektuplar\u0131 yazarak kazand\u0131 ve [&hellip;]\" \/>\n<meta property=\"og:url\" content=\"https:\/\/narteks.net\/index.php\/2018\/08\/05\/fernando-pessoa-biyografisi\/\" \/>\n<meta property=\"og:site_name\" content=\"narteks.net\" \/>\n<meta property=\"article:published_time\" content=\"2018-08-05T11:36:58+00:00\" \/>\n<meta property=\"article:modified_time\" content=\"2024-04-27T09:14:49+00:00\" \/>\n<meta property=\"og:image\" content=\"http:\/\/narteks.net\/wp-content\/uploads\/fernando_pessoa-1-150x150.jpg\" \/>\n<meta name=\"author\" content=\"Tar\u0131k\" \/>\n<meta name=\"twitter:card\" content=\"summary_large_image\" \/>\n<meta name=\"twitter:creator\" content=\"@narteks\" \/>\n<meta name=\"twitter:site\" content=\"@narteks\" \/>\n<meta name=\"twitter:label1\" content=\"Yazan:\" \/>\n\t<meta name=\"twitter:data1\" content=\"Tar\u0131k\" \/>\n\t<meta name=\"twitter:label2\" content=\"Tahmini okuma s\u00fcresi\" \/>\n\t<meta name=\"twitter:data2\" content=\"3 dakika\" \/>\n<script type=\"application\/ld+json\" class=\"yoast-schema-graph\">{\"@context\":\"https:\/\/schema.org\",\"@graph\":[{\"@type\":\"Article\",\"@id\":\"https:\/\/narteks.net\/index.php\/2018\/08\/05\/fernando-pessoa-biyografisi\/#article\",\"isPartOf\":{\"@id\":\"https:\/\/narteks.net\/index.php\/2018\/08\/05\/fernando-pessoa-biyografisi\/\"},\"author\":{\"name\":\"Tar\u0131k\",\"@id\":\"https:\/\/narteks.net\/#\/schema\/person\/61f37d9834294b72d31d274e7ed79bca\"},\"headline\":\"Fernando PESSOA Biyografisi\",\"datePublished\":\"2018-08-05T11:36:58+00:00\",\"dateModified\":\"2024-04-27T09:14:49+00:00\",\"mainEntityOfPage\":{\"@id\":\"https:\/\/narteks.net\/index.php\/2018\/08\/05\/fernando-pessoa-biyografisi\/\"},\"wordCount\":563,\"commentCount\":0,\"publisher\":{\"@id\":\"https:\/\/narteks.net\/#organization\"},\"image\":{\"@id\":\"https:\/\/narteks.net\/index.php\/2018\/08\/05\/fernando-pessoa-biyografisi\/#primaryimage\"},\"thumbnailUrl\":\"http:\/\/narteks.net\/wp-content\/uploads\/fernando_pessoa-1-150x150.jpg\",\"articleSection\":[\"Fernando PESSOA\"],\"inLanguage\":\"tr\",\"potentialAction\":[{\"@type\":\"CommentAction\",\"name\":\"Comment\",\"target\":[\"https:\/\/narteks.net\/index.php\/2018\/08\/05\/fernando-pessoa-biyografisi\/#respond\"]}]},{\"@type\":\"WebPage\",\"@id\":\"https:\/\/narteks.net\/index.php\/2018\/08\/05\/fernando-pessoa-biyografisi\/\",\"url\":\"https:\/\/narteks.net\/index.php\/2018\/08\/05\/fernando-pessoa-biyografisi\/\",\"name\":\"Fernando PESSOA Biyografisi - narteks.net\",\"isPartOf\":{\"@id\":\"https:\/\/narteks.net\/#website\"},\"primaryImageOfPage\":{\"@id\":\"https:\/\/narteks.net\/index.php\/2018\/08\/05\/fernando-pessoa-biyografisi\/#primaryimage\"},\"image\":{\"@id\":\"https:\/\/narteks.net\/index.php\/2018\/08\/05\/fernando-pessoa-biyografisi\/#primaryimage\"},\"thumbnailUrl\":\"http:\/\/narteks.net\/wp-content\/uploads\/fernando_pessoa-1-150x150.jpg\",\"datePublished\":\"2018-08-05T11:36:58+00:00\",\"dateModified\":\"2024-04-27T09:14:49+00:00\",\"breadcrumb\":{\"@id\":\"https:\/\/narteks.net\/index.php\/2018\/08\/05\/fernando-pessoa-biyografisi\/#breadcrumb\"},\"inLanguage\":\"tr\",\"potentialAction\":[{\"@type\":\"ReadAction\",\"target\":[\"https:\/\/narteks.net\/index.php\/2018\/08\/05\/fernando-pessoa-biyografisi\/\"]}]},{\"@type\":\"ImageObject\",\"inLanguage\":\"tr\",\"@id\":\"https:\/\/narteks.net\/index.php\/2018\/08\/05\/fernando-pessoa-biyografisi\/#primaryimage\",\"url\":\"https:\/\/narteks.net\/wp-content\/uploads\/fernando_pessoa-1.jpg\",\"contentUrl\":\"https:\/\/narteks.net\/wp-content\/uploads\/fernando_pessoa-1.jpg\",\"width\":500,\"height\":500},{\"@type\":\"BreadcrumbList\",\"@id\":\"https:\/\/narteks.net\/index.php\/2018\/08\/05\/fernando-pessoa-biyografisi\/#breadcrumb\",\"itemListElement\":[{\"@type\":\"ListItem\",\"position\":1,\"name\":\"Anasayfa\",\"item\":\"https:\/\/narteks.net\/\"},{\"@type\":\"ListItem\",\"position\":2,\"name\":\"Fernando PESSOA Biyografisi\"}]},{\"@type\":\"WebSite\",\"@id\":\"https:\/\/narteks.net\/#website\",\"url\":\"https:\/\/narteks.net\/\",\"name\":\"narteks.net\",\"description\":\"K\u00fclt\u00fcr Sanat Edebiyat Felsefe\",\"publisher\":{\"@id\":\"https:\/\/narteks.net\/#organization\"},\"alternateName\":\"K\u00fclt\u00fcr Sanat Edebiyat Felsefe\",\"potentialAction\":[{\"@type\":\"SearchAction\",\"target\":{\"@type\":\"EntryPoint\",\"urlTemplate\":\"https:\/\/narteks.net\/?s={search_term_string}\"},\"query-input\":{\"@type\":\"PropertyValueSpecification\",\"valueRequired\":true,\"valueName\":\"search_term_string\"}}],\"inLanguage\":\"tr\"},{\"@type\":\"Organization\",\"@id\":\"https:\/\/narteks.net\/#organization\",\"name\":\"narteks.net\",\"url\":\"https:\/\/narteks.net\/\",\"logo\":{\"@type\":\"ImageObject\",\"inLanguage\":\"tr\",\"@id\":\"https:\/\/narteks.net\/#\/schema\/logo\/image\/\",\"url\":\"https:\/\/narteks.net\/wp-content\/uploads\/narteks.png\",\"contentUrl\":\"https:\/\/narteks.net\/wp-content\/uploads\/narteks.png\",\"width\":300,\"height\":90,\"caption\":\"narteks.net\"},\"image\":{\"@id\":\"https:\/\/narteks.net\/#\/schema\/logo\/image\/\"},\"sameAs\":[\"https:\/\/x.com\/narteks\",\"https:\/\/instagram.com\/narteksnet\"]},{\"@type\":\"Person\",\"@id\":\"https:\/\/narteks.net\/#\/schema\/person\/61f37d9834294b72d31d274e7ed79bca\",\"name\":\"Tar\u0131k\",\"image\":{\"@type\":\"ImageObject\",\"inLanguage\":\"tr\",\"@id\":\"https:\/\/narteks.net\/#\/schema\/person\/image\/\",\"url\":\"https:\/\/secure.gravatar.com\/avatar\/50865afb55632c4ae467e0af0930f6510aa2297d8014be502a55b14f3b7550cf?s=96&d=mm&r=g\",\"contentUrl\":\"https:\/\/secure.gravatar.com\/avatar\/50865afb55632c4ae467e0af0930f6510aa2297d8014be502a55b14f3b7550cf?s=96&d=mm&r=g\",\"caption\":\"Tar\u0131k\"},\"sameAs\":[\"http:\/\/narteks.net\"],\"url\":\"https:\/\/narteks.net\/index.php\/author\/narbak\/\"}]}<\/script>\n<!-- \/ Yoast SEO Premium plugin. -->","yoast_head_json":{"title":"Fernando PESSOA Biyografisi - narteks.net","robots":{"index":"index","follow":"follow","max-snippet":"max-snippet:-1","max-image-preview":"max-image-preview:large","max-video-preview":"max-video-preview:-1"},"canonical":"https:\/\/narteks.net\/index.php\/2018\/08\/05\/fernando-pessoa-biyografisi\/","og_locale":"tr_TR","og_type":"article","og_title":"Fernando PESSOA Biyografisi","og_description":"Fernando Pessoa (d. 13 Haziran 1888 \u2013 \u00f6. 30 Kas\u0131m 1935), Portekizli \u015fair, ressam. Lizbon&#8217;da do\u011fdu. Be\u015f ya\u015f\u0131ndayken, m\u00fczik ele\u015ftirmeni olan babas\u0131n\u0131 kaybetti. Annesi, Portekiz&#8217;in Durban konsolosuyla yeniden evlenince yerle\u015ftikleri G\u00fcney Afrika&#8217;da (1896) tam bir \u0130ngiliz e\u011fitimi g\u00f6rd\u00fc. 1905&#8217;te geri d\u00f6nd\u00fc\u011f\u00fc Lizbon&#8217;da ya\u015fam\u0131n\u0131n sonuna kadar kald\u0131. Ge\u00e7imini, \u0130ngilizce ve Frans\u0131zca i\u015f mektuplar\u0131 yazarak kazand\u0131 ve [&hellip;]","og_url":"https:\/\/narteks.net\/index.php\/2018\/08\/05\/fernando-pessoa-biyografisi\/","og_site_name":"narteks.net","article_published_time":"2018-08-05T11:36:58+00:00","article_modified_time":"2024-04-27T09:14:49+00:00","og_image":[{"url":"http:\/\/narteks.net\/wp-content\/uploads\/fernando_pessoa-1-150x150.jpg","type":"","width":"","height":""}],"author":"Tar\u0131k","twitter_card":"summary_large_image","twitter_creator":"@narteks","twitter_site":"@narteks","twitter_misc":{"Yazan:":"Tar\u0131k","Tahmini okuma s\u00fcresi":"3 dakika"},"schema":{"@context":"https:\/\/schema.org","@graph":[{"@type":"Article","@id":"https:\/\/narteks.net\/index.php\/2018\/08\/05\/fernando-pessoa-biyografisi\/#article","isPartOf":{"@id":"https:\/\/narteks.net\/index.php\/2018\/08\/05\/fernando-pessoa-biyografisi\/"},"author":{"name":"Tar\u0131k","@id":"https:\/\/narteks.net\/#\/schema\/person\/61f37d9834294b72d31d274e7ed79bca"},"headline":"Fernando PESSOA Biyografisi","datePublished":"2018-08-05T11:36:58+00:00","dateModified":"2024-04-27T09:14:49+00:00","mainEntityOfPage":{"@id":"https:\/\/narteks.net\/index.php\/2018\/08\/05\/fernando-pessoa-biyografisi\/"},"wordCount":563,"commentCount":0,"publisher":{"@id":"https:\/\/narteks.net\/#organization"},"image":{"@id":"https:\/\/narteks.net\/index.php\/2018\/08\/05\/fernando-pessoa-biyografisi\/#primaryimage"},"thumbnailUrl":"http:\/\/narteks.net\/wp-content\/uploads\/fernando_pessoa-1-150x150.jpg","articleSection":["Fernando PESSOA"],"inLanguage":"tr","potentialAction":[{"@type":"CommentAction","name":"Comment","target":["https:\/\/narteks.net\/index.php\/2018\/08\/05\/fernando-pessoa-biyografisi\/#respond"]}]},{"@type":"WebPage","@id":"https:\/\/narteks.net\/index.php\/2018\/08\/05\/fernando-pessoa-biyografisi\/","url":"https:\/\/narteks.net\/index.php\/2018\/08\/05\/fernando-pessoa-biyografisi\/","name":"Fernando PESSOA Biyografisi - narteks.net","isPartOf":{"@id":"https:\/\/narteks.net\/#website"},"primaryImageOfPage":{"@id":"https:\/\/narteks.net\/index.php\/2018\/08\/05\/fernando-pessoa-biyografisi\/#primaryimage"},"image":{"@id":"https:\/\/narteks.net\/index.php\/2018\/08\/05\/fernando-pessoa-biyografisi\/#primaryimage"},"thumbnailUrl":"http:\/\/narteks.net\/wp-content\/uploads\/fernando_pessoa-1-150x150.jpg","datePublished":"2018-08-05T11:36:58+00:00","dateModified":"2024-04-27T09:14:49+00:00","breadcrumb":{"@id":"https:\/\/narteks.net\/index.php\/2018\/08\/05\/fernando-pessoa-biyografisi\/#breadcrumb"},"inLanguage":"tr","potentialAction":[{"@type":"ReadAction","target":["https:\/\/narteks.net\/index.php\/2018\/08\/05\/fernando-pessoa-biyografisi\/"]}]},{"@type":"ImageObject","inLanguage":"tr","@id":"https:\/\/narteks.net\/index.php\/2018\/08\/05\/fernando-pessoa-biyografisi\/#primaryimage","url":"https:\/\/narteks.net\/wp-content\/uploads\/fernando_pessoa-1.jpg","contentUrl":"https:\/\/narteks.net\/wp-content\/uploads\/fernando_pessoa-1.jpg","width":500,"height":500},{"@type":"BreadcrumbList","@id":"https:\/\/narteks.net\/index.php\/2018\/08\/05\/fernando-pessoa-biyografisi\/#breadcrumb","itemListElement":[{"@type":"ListItem","position":1,"name":"Anasayfa","item":"https:\/\/narteks.net\/"},{"@type":"ListItem","position":2,"name":"Fernando PESSOA Biyografisi"}]},{"@type":"WebSite","@id":"https:\/\/narteks.net\/#website","url":"https:\/\/narteks.net\/","name":"narteks.net","description":"K\u00fclt\u00fcr Sanat Edebiyat Felsefe","publisher":{"@id":"https:\/\/narteks.net\/#organization"},"alternateName":"K\u00fclt\u00fcr Sanat Edebiyat Felsefe","potentialAction":[{"@type":"SearchAction","target":{"@type":"EntryPoint","urlTemplate":"https:\/\/narteks.net\/?s={search_term_string}"},"query-input":{"@type":"PropertyValueSpecification","valueRequired":true,"valueName":"search_term_string"}}],"inLanguage":"tr"},{"@type":"Organization","@id":"https:\/\/narteks.net\/#organization","name":"narteks.net","url":"https:\/\/narteks.net\/","logo":{"@type":"ImageObject","inLanguage":"tr","@id":"https:\/\/narteks.net\/#\/schema\/logo\/image\/","url":"https:\/\/narteks.net\/wp-content\/uploads\/narteks.png","contentUrl":"https:\/\/narteks.net\/wp-content\/uploads\/narteks.png","width":300,"height":90,"caption":"narteks.net"},"image":{"@id":"https:\/\/narteks.net\/#\/schema\/logo\/image\/"},"sameAs":["https:\/\/x.com\/narteks","https:\/\/instagram.com\/narteksnet"]},{"@type":"Person","@id":"https:\/\/narteks.net\/#\/schema\/person\/61f37d9834294b72d31d274e7ed79bca","name":"Tar\u0131k","image":{"@type":"ImageObject","inLanguage":"tr","@id":"https:\/\/narteks.net\/#\/schema\/person\/image\/","url":"https:\/\/secure.gravatar.com\/avatar\/50865afb55632c4ae467e0af0930f6510aa2297d8014be502a55b14f3b7550cf?s=96&d=mm&r=g","contentUrl":"https:\/\/secure.gravatar.com\/avatar\/50865afb55632c4ae467e0af0930f6510aa2297d8014be502a55b14f3b7550cf?s=96&d=mm&r=g","caption":"Tar\u0131k"},"sameAs":["http:\/\/narteks.net"],"url":"https:\/\/narteks.net\/index.php\/author\/narbak\/"}]}},"_links":{"self":[{"href":"https:\/\/narteks.net\/index.php\/wp-json\/wp\/v2\/posts\/7106","targetHints":{"allow":["GET"]}}],"collection":[{"href":"https:\/\/narteks.net\/index.php\/wp-json\/wp\/v2\/posts"}],"about":[{"href":"https:\/\/narteks.net\/index.php\/wp-json\/wp\/v2\/types\/post"}],"author":[{"embeddable":true,"href":"https:\/\/narteks.net\/index.php\/wp-json\/wp\/v2\/users\/1"}],"replies":[{"embeddable":true,"href":"https:\/\/narteks.net\/index.php\/wp-json\/wp\/v2\/comments?post=7106"}],"version-history":[{"count":1,"href":"https:\/\/narteks.net\/index.php\/wp-json\/wp\/v2\/posts\/7106\/revisions"}],"predecessor-version":[{"id":7882,"href":"https:\/\/narteks.net\/index.php\/wp-json\/wp\/v2\/posts\/7106\/revisions\/7882"}],"wp:attachment":[{"href":"https:\/\/narteks.net\/index.php\/wp-json\/wp\/v2\/media?parent=7106"}],"wp:term":[{"taxonomy":"category","embeddable":true,"href":"https:\/\/narteks.net\/index.php\/wp-json\/wp\/v2\/categories?post=7106"},{"taxonomy":"post_tag","embeddable":true,"href":"https:\/\/narteks.net\/index.php\/wp-json\/wp\/v2\/tags?post=7106"}],"curies":[{"name":"wp","href":"https:\/\/api.w.org\/{rel}","templated":true}]}}