{"id":7110,"date":"2018-08-05T14:44:11","date_gmt":"2018-08-05T11:44:11","guid":{"rendered":"http:\/\/localhost\/wordpress\/2018\/08\/05\/bir-kacagim-ben\/"},"modified":"2018-08-05T14:44:11","modified_gmt":"2018-08-05T11:44:11","slug":"bir-kacagim-ben","status":"publish","type":"post","link":"https:\/\/narteks.net\/index.php\/2018\/08\/05\/bir-kacagim-ben\/","title":{"rendered":"Bir Ka\u00e7a\u011f\u0131m Ben"},"content":{"rendered":"<p>I<br \/>Bir ka\u00e7a\u011f\u0131m ben.<br \/>Do\u011fdu\u011fum g\u00fcnden ba\u015flay\u0131p<br \/>el etek \u00e7ektim kendimden,<br \/>k\u0131ld\u0131m beni bana d\u00f6nek.<\/p>\n<p>Gerekliyken yorgun d\u00fc\u015fmek<br \/>ayn\u0131 yerde olmaktan<br \/>neden yorgun d\u00fc\u015fmemek<br \/>kendine e\u015fit olmaktan?<\/p>\n<p>Ruhum bende kendini arar<br \/>uzaklarda gezerim,<br \/>Tanr\u0131 yard\u0131mc\u0131m olsun<br \/>ruhum beni asla bulamas\u0131n.<\/p>\n<p>Kafeste ya\u015famakt\u0131r biricik olmak,<br \/>ben olmaksa hi\u00e7 olmamak.<br \/>Ka\u00e7arak ya\u015fayaca\u011f\u0131m hep &#8211; <br \/>\u0130yi ya da k\u00f6t\u00fc b\u00f6yleyim \u00e7\u00fcnk\u00fc ben.<\/p>\n<p>II<br \/>Say\u0131s\u0131z insan ya\u015far i\u00e7imizde,<br \/>hissetsem de d\u00fc\u015f\u00fcnsem de bilemem<br \/>kim d\u00fc\u015f\u00fcn\u00fcr i\u00e7imde kim hisseder.<br \/>D\u00fc\u015f\u00fcnceler ya da hisler i\u00e7in<br \/>yaln\u0131zca sahneyim ben.<\/p>\n<p>Ruhsa, birden fazla var bende.<br \/>B e n&#8217; se benden daha fazlas\u0131.<br \/>Herkes kay\u0131ts\u0131z oysa<br \/>ya\u015fad\u0131\u011f\u0131m hayata:<br \/>Susturuyorum onlar\u0131,<br \/>kendim konu\u015furken.<\/p>\n<p>Hislerim, hissetmediklerim &#8211;<br \/>onlardan do\u011fup da birbiriyle<br \/>\u00e7eli\u015fenler. Fark\u0131na varm\u0131yorum<br \/>hi\u00e7bir \u015feyin &#8211; yaln\u0131zca ya\u015f\u0131yorum ben,<br \/>olmak istedi\u011fime kimsenin bir s\u00f6z\u00fc yok.<\/p>\n<p>Fernando PESSOA<\/p>\n","protected":false},"excerpt":{"rendered":"<p>IBir ka\u00e7a\u011f\u0131m ben.Do\u011fdu\u011fum g\u00fcnden ba\u015flay\u0131pel etek \u00e7ektim kendimden,k\u0131ld\u0131m beni bana d\u00f6nek. Gerekliyken yorgun d\u00fc\u015fmekayn\u0131 yerde olmaktanneden yorgun d\u00fc\u015fmemekkendine e\u015fit olmaktan? Ruhum bende kendini araruzaklarda gezerim,Tanr\u0131 yard\u0131mc\u0131m olsunruhum beni asla bulamas\u0131n. Kafeste ya\u015famakt\u0131r biricik olmak,ben olmaksa hi\u00e7 olmamak.Ka\u00e7arak ya\u015fayaca\u011f\u0131m hep &#8211; \u0130yi ya da k\u00f6t\u00fc b\u00f6yleyim \u00e7\u00fcnk\u00fc ben. IISay\u0131s\u0131z insan ya\u015far i\u00e7imizde,hissetsem de d\u00fc\u015f\u00fcnsem de bilememkim [&hellip;]<\/p>\n","protected":false},"author":1,"featured_media":0,"comment_status":"open","ping_status":"open","sticky":false,"template":"","format":"standard","meta":{"footnotes":""},"categories":[216],"tags":[],"class_list":{"0":"post-7110","1":"post","2":"type-post","3":"status-publish","4":"format-standard","6":"category-fernando-pessoa"},"yoast_head":"<!-- This site is optimized with the Yoast SEO Premium plugin v24.9 (Yoast SEO v24.9) - https:\/\/yoast.com\/wordpress\/plugins\/seo\/ -->\n<title>Bir Ka\u00e7a\u011f\u0131m Ben - narteks.net<\/title>\n<meta name=\"robots\" content=\"index, follow, max-snippet:-1, max-image-preview:large, max-video-preview:-1\" \/>\n<link rel=\"canonical\" href=\"https:\/\/narteks.net\/index.php\/2018\/08\/05\/bir-kacagim-ben\/\" \/>\n<meta property=\"og:locale\" content=\"tr_TR\" \/>\n<meta property=\"og:type\" content=\"article\" \/>\n<meta property=\"og:title\" content=\"Bir Ka\u00e7a\u011f\u0131m Ben\" \/>\n<meta property=\"og:description\" content=\"IBir ka\u00e7a\u011f\u0131m ben.Do\u011fdu\u011fum g\u00fcnden ba\u015flay\u0131pel etek \u00e7ektim kendimden,k\u0131ld\u0131m beni bana d\u00f6nek. Gerekliyken yorgun d\u00fc\u015fmekayn\u0131 yerde olmaktanneden yorgun d\u00fc\u015fmemekkendine e\u015fit olmaktan? Ruhum bende kendini araruzaklarda gezerim,Tanr\u0131 yard\u0131mc\u0131m olsunruhum beni asla bulamas\u0131n. Kafeste ya\u015famakt\u0131r biricik olmak,ben olmaksa hi\u00e7 olmamak.Ka\u00e7arak ya\u015fayaca\u011f\u0131m hep &#8211; \u0130yi ya da k\u00f6t\u00fc b\u00f6yleyim \u00e7\u00fcnk\u00fc ben. IISay\u0131s\u0131z insan ya\u015far i\u00e7imizde,hissetsem de d\u00fc\u015f\u00fcnsem de bilememkim [&hellip;]\" \/>\n<meta property=\"og:url\" content=\"https:\/\/narteks.net\/index.php\/2018\/08\/05\/bir-kacagim-ben\/\" \/>\n<meta property=\"og:site_name\" content=\"narteks.net\" \/>\n<meta property=\"article:published_time\" content=\"2018-08-05T11:44:11+00:00\" \/>\n<meta property=\"og:image\" content=\"https:\/\/narteks.net\/wp-content\/uploads\/narteks.png\" \/>\n\t<meta property=\"og:image:width\" content=\"300\" \/>\n\t<meta property=\"og:image:height\" content=\"90\" \/>\n\t<meta property=\"og:image:type\" content=\"image\/png\" \/>\n<meta name=\"author\" content=\"Tar\u0131k\" \/>\n<meta name=\"twitter:card\" content=\"summary_large_image\" \/>\n<meta name=\"twitter:creator\" content=\"@narteks\" \/>\n<meta name=\"twitter:site\" content=\"@narteks\" \/>\n<meta name=\"twitter:label1\" content=\"Yazan:\" \/>\n\t<meta name=\"twitter:data1\" content=\"Tar\u0131k\" \/>\n\t<meta name=\"twitter:label2\" content=\"Tahmini okuma s\u00fcresi\" \/>\n\t<meta name=\"twitter:data2\" content=\"1 dakika\" \/>\n<script type=\"application\/ld+json\" class=\"yoast-schema-graph\">{\"@context\":\"https:\/\/schema.org\",\"@graph\":[{\"@type\":\"Article\",\"@id\":\"https:\/\/narteks.net\/index.php\/2018\/08\/05\/bir-kacagim-ben\/#article\",\"isPartOf\":{\"@id\":\"https:\/\/narteks.net\/index.php\/2018\/08\/05\/bir-kacagim-ben\/\"},\"author\":{\"name\":\"Tar\u0131k\",\"@id\":\"https:\/\/narteks.net\/#\/schema\/person\/61f37d9834294b72d31d274e7ed79bca\"},\"headline\":\"Bir Ka\u00e7a\u011f\u0131m Ben\",\"datePublished\":\"2018-08-05T11:44:11+00:00\",\"mainEntityOfPage\":{\"@id\":\"https:\/\/narteks.net\/index.php\/2018\/08\/05\/bir-kacagim-ben\/\"},\"wordCount\":167,\"commentCount\":0,\"publisher\":{\"@id\":\"https:\/\/narteks.net\/#organization\"},\"articleSection\":[\"Fernando PESSOA\"],\"inLanguage\":\"tr\",\"potentialAction\":[{\"@type\":\"CommentAction\",\"name\":\"Comment\",\"target\":[\"https:\/\/narteks.net\/index.php\/2018\/08\/05\/bir-kacagim-ben\/#respond\"]}]},{\"@type\":\"WebPage\",\"@id\":\"https:\/\/narteks.net\/index.php\/2018\/08\/05\/bir-kacagim-ben\/\",\"url\":\"https:\/\/narteks.net\/index.php\/2018\/08\/05\/bir-kacagim-ben\/\",\"name\":\"Bir Ka\u00e7a\u011f\u0131m Ben - narteks.net\",\"isPartOf\":{\"@id\":\"https:\/\/narteks.net\/#website\"},\"datePublished\":\"2018-08-05T11:44:11+00:00\",\"breadcrumb\":{\"@id\":\"https:\/\/narteks.net\/index.php\/2018\/08\/05\/bir-kacagim-ben\/#breadcrumb\"},\"inLanguage\":\"tr\",\"potentialAction\":[{\"@type\":\"ReadAction\",\"target\":[\"https:\/\/narteks.net\/index.php\/2018\/08\/05\/bir-kacagim-ben\/\"]}]},{\"@type\":\"BreadcrumbList\",\"@id\":\"https:\/\/narteks.net\/index.php\/2018\/08\/05\/bir-kacagim-ben\/#breadcrumb\",\"itemListElement\":[{\"@type\":\"ListItem\",\"position\":1,\"name\":\"Anasayfa\",\"item\":\"https:\/\/narteks.net\/\"},{\"@type\":\"ListItem\",\"position\":2,\"name\":\"Bir Ka\u00e7a\u011f\u0131m Ben\"}]},{\"@type\":\"WebSite\",\"@id\":\"https:\/\/narteks.net\/#website\",\"url\":\"https:\/\/narteks.net\/\",\"name\":\"narteks.net\",\"description\":\"K\u00fclt\u00fcr Sanat Edebiyat Felsefe\",\"publisher\":{\"@id\":\"https:\/\/narteks.net\/#organization\"},\"alternateName\":\"K\u00fclt\u00fcr Sanat Edebiyat Felsefe\",\"potentialAction\":[{\"@type\":\"SearchAction\",\"target\":{\"@type\":\"EntryPoint\",\"urlTemplate\":\"https:\/\/narteks.net\/?s={search_term_string}\"},\"query-input\":{\"@type\":\"PropertyValueSpecification\",\"valueRequired\":true,\"valueName\":\"search_term_string\"}}],\"inLanguage\":\"tr\"},{\"@type\":\"Organization\",\"@id\":\"https:\/\/narteks.net\/#organization\",\"name\":\"narteks.net\",\"url\":\"https:\/\/narteks.net\/\",\"logo\":{\"@type\":\"ImageObject\",\"inLanguage\":\"tr\",\"@id\":\"https:\/\/narteks.net\/#\/schema\/logo\/image\/\",\"url\":\"https:\/\/narteks.net\/wp-content\/uploads\/narteks.png\",\"contentUrl\":\"https:\/\/narteks.net\/wp-content\/uploads\/narteks.png\",\"width\":300,\"height\":90,\"caption\":\"narteks.net\"},\"image\":{\"@id\":\"https:\/\/narteks.net\/#\/schema\/logo\/image\/\"},\"sameAs\":[\"https:\/\/x.com\/narteks\",\"https:\/\/instagram.com\/narteksnet\"]},{\"@type\":\"Person\",\"@id\":\"https:\/\/narteks.net\/#\/schema\/person\/61f37d9834294b72d31d274e7ed79bca\",\"name\":\"Tar\u0131k\",\"image\":{\"@type\":\"ImageObject\",\"inLanguage\":\"tr\",\"@id\":\"https:\/\/narteks.net\/#\/schema\/person\/image\/\",\"url\":\"https:\/\/secure.gravatar.com\/avatar\/50865afb55632c4ae467e0af0930f6510aa2297d8014be502a55b14f3b7550cf?s=96&d=mm&r=g\",\"contentUrl\":\"https:\/\/secure.gravatar.com\/avatar\/50865afb55632c4ae467e0af0930f6510aa2297d8014be502a55b14f3b7550cf?s=96&d=mm&r=g\",\"caption\":\"Tar\u0131k\"},\"sameAs\":[\"http:\/\/narteks.net\"],\"url\":\"https:\/\/narteks.net\/index.php\/author\/narbak\/\"}]}<\/script>\n<!-- \/ Yoast SEO Premium plugin. -->","yoast_head_json":{"title":"Bir Ka\u00e7a\u011f\u0131m Ben - narteks.net","robots":{"index":"index","follow":"follow","max-snippet":"max-snippet:-1","max-image-preview":"max-image-preview:large","max-video-preview":"max-video-preview:-1"},"canonical":"https:\/\/narteks.net\/index.php\/2018\/08\/05\/bir-kacagim-ben\/","og_locale":"tr_TR","og_type":"article","og_title":"Bir Ka\u00e7a\u011f\u0131m Ben","og_description":"IBir ka\u00e7a\u011f\u0131m ben.Do\u011fdu\u011fum g\u00fcnden ba\u015flay\u0131pel etek \u00e7ektim kendimden,k\u0131ld\u0131m beni bana d\u00f6nek. Gerekliyken yorgun d\u00fc\u015fmekayn\u0131 yerde olmaktanneden yorgun d\u00fc\u015fmemekkendine e\u015fit olmaktan? Ruhum bende kendini araruzaklarda gezerim,Tanr\u0131 yard\u0131mc\u0131m olsunruhum beni asla bulamas\u0131n. Kafeste ya\u015famakt\u0131r biricik olmak,ben olmaksa hi\u00e7 olmamak.Ka\u00e7arak ya\u015fayaca\u011f\u0131m hep &#8211; \u0130yi ya da k\u00f6t\u00fc b\u00f6yleyim \u00e7\u00fcnk\u00fc ben. IISay\u0131s\u0131z insan ya\u015far i\u00e7imizde,hissetsem de d\u00fc\u015f\u00fcnsem de bilememkim [&hellip;]","og_url":"https:\/\/narteks.net\/index.php\/2018\/08\/05\/bir-kacagim-ben\/","og_site_name":"narteks.net","article_published_time":"2018-08-05T11:44:11+00:00","og_image":[{"width":300,"height":90,"url":"https:\/\/narteks.net\/wp-content\/uploads\/narteks.png","type":"image\/png"}],"author":"Tar\u0131k","twitter_card":"summary_large_image","twitter_creator":"@narteks","twitter_site":"@narteks","twitter_misc":{"Yazan:":"Tar\u0131k","Tahmini okuma s\u00fcresi":"1 dakika"},"schema":{"@context":"https:\/\/schema.org","@graph":[{"@type":"Article","@id":"https:\/\/narteks.net\/index.php\/2018\/08\/05\/bir-kacagim-ben\/#article","isPartOf":{"@id":"https:\/\/narteks.net\/index.php\/2018\/08\/05\/bir-kacagim-ben\/"},"author":{"name":"Tar\u0131k","@id":"https:\/\/narteks.net\/#\/schema\/person\/61f37d9834294b72d31d274e7ed79bca"},"headline":"Bir Ka\u00e7a\u011f\u0131m Ben","datePublished":"2018-08-05T11:44:11+00:00","mainEntityOfPage":{"@id":"https:\/\/narteks.net\/index.php\/2018\/08\/05\/bir-kacagim-ben\/"},"wordCount":167,"commentCount":0,"publisher":{"@id":"https:\/\/narteks.net\/#organization"},"articleSection":["Fernando PESSOA"],"inLanguage":"tr","potentialAction":[{"@type":"CommentAction","name":"Comment","target":["https:\/\/narteks.net\/index.php\/2018\/08\/05\/bir-kacagim-ben\/#respond"]}]},{"@type":"WebPage","@id":"https:\/\/narteks.net\/index.php\/2018\/08\/05\/bir-kacagim-ben\/","url":"https:\/\/narteks.net\/index.php\/2018\/08\/05\/bir-kacagim-ben\/","name":"Bir Ka\u00e7a\u011f\u0131m Ben - narteks.net","isPartOf":{"@id":"https:\/\/narteks.net\/#website"},"datePublished":"2018-08-05T11:44:11+00:00","breadcrumb":{"@id":"https:\/\/narteks.net\/index.php\/2018\/08\/05\/bir-kacagim-ben\/#breadcrumb"},"inLanguage":"tr","potentialAction":[{"@type":"ReadAction","target":["https:\/\/narteks.net\/index.php\/2018\/08\/05\/bir-kacagim-ben\/"]}]},{"@type":"BreadcrumbList","@id":"https:\/\/narteks.net\/index.php\/2018\/08\/05\/bir-kacagim-ben\/#breadcrumb","itemListElement":[{"@type":"ListItem","position":1,"name":"Anasayfa","item":"https:\/\/narteks.net\/"},{"@type":"ListItem","position":2,"name":"Bir Ka\u00e7a\u011f\u0131m Ben"}]},{"@type":"WebSite","@id":"https:\/\/narteks.net\/#website","url":"https:\/\/narteks.net\/","name":"narteks.net","description":"K\u00fclt\u00fcr Sanat Edebiyat Felsefe","publisher":{"@id":"https:\/\/narteks.net\/#organization"},"alternateName":"K\u00fclt\u00fcr Sanat Edebiyat Felsefe","potentialAction":[{"@type":"SearchAction","target":{"@type":"EntryPoint","urlTemplate":"https:\/\/narteks.net\/?s={search_term_string}"},"query-input":{"@type":"PropertyValueSpecification","valueRequired":true,"valueName":"search_term_string"}}],"inLanguage":"tr"},{"@type":"Organization","@id":"https:\/\/narteks.net\/#organization","name":"narteks.net","url":"https:\/\/narteks.net\/","logo":{"@type":"ImageObject","inLanguage":"tr","@id":"https:\/\/narteks.net\/#\/schema\/logo\/image\/","url":"https:\/\/narteks.net\/wp-content\/uploads\/narteks.png","contentUrl":"https:\/\/narteks.net\/wp-content\/uploads\/narteks.png","width":300,"height":90,"caption":"narteks.net"},"image":{"@id":"https:\/\/narteks.net\/#\/schema\/logo\/image\/"},"sameAs":["https:\/\/x.com\/narteks","https:\/\/instagram.com\/narteksnet"]},{"@type":"Person","@id":"https:\/\/narteks.net\/#\/schema\/person\/61f37d9834294b72d31d274e7ed79bca","name":"Tar\u0131k","image":{"@type":"ImageObject","inLanguage":"tr","@id":"https:\/\/narteks.net\/#\/schema\/person\/image\/","url":"https:\/\/secure.gravatar.com\/avatar\/50865afb55632c4ae467e0af0930f6510aa2297d8014be502a55b14f3b7550cf?s=96&d=mm&r=g","contentUrl":"https:\/\/secure.gravatar.com\/avatar\/50865afb55632c4ae467e0af0930f6510aa2297d8014be502a55b14f3b7550cf?s=96&d=mm&r=g","caption":"Tar\u0131k"},"sameAs":["http:\/\/narteks.net"],"url":"https:\/\/narteks.net\/index.php\/author\/narbak\/"}]}},"_links":{"self":[{"href":"https:\/\/narteks.net\/index.php\/wp-json\/wp\/v2\/posts\/7110","targetHints":{"allow":["GET"]}}],"collection":[{"href":"https:\/\/narteks.net\/index.php\/wp-json\/wp\/v2\/posts"}],"about":[{"href":"https:\/\/narteks.net\/index.php\/wp-json\/wp\/v2\/types\/post"}],"author":[{"embeddable":true,"href":"https:\/\/narteks.net\/index.php\/wp-json\/wp\/v2\/users\/1"}],"replies":[{"embeddable":true,"href":"https:\/\/narteks.net\/index.php\/wp-json\/wp\/v2\/comments?post=7110"}],"version-history":[{"count":0,"href":"https:\/\/narteks.net\/index.php\/wp-json\/wp\/v2\/posts\/7110\/revisions"}],"wp:attachment":[{"href":"https:\/\/narteks.net\/index.php\/wp-json\/wp\/v2\/media?parent=7110"}],"wp:term":[{"taxonomy":"category","embeddable":true,"href":"https:\/\/narteks.net\/index.php\/wp-json\/wp\/v2\/categories?post=7110"},{"taxonomy":"post_tag","embeddable":true,"href":"https:\/\/narteks.net\/index.php\/wp-json\/wp\/v2\/tags?post=7110"}],"curies":[{"name":"wp","href":"https:\/\/api.w.org\/{rel}","templated":true}]}}