{"id":7113,"date":"2018-08-05T14:55:21","date_gmt":"2018-08-05T11:55:21","guid":{"rendered":"http:\/\/localhost\/wordpress\/2018\/08\/05\/ben-bir-koyun-cobaniyim\/"},"modified":"2018-08-05T14:55:21","modified_gmt":"2018-08-05T11:55:21","slug":"ben-bir-koyun-cobaniyim","status":"publish","type":"post","link":"https:\/\/narteks.net\/index.php\/2018\/08\/05\/ben-bir-koyun-cobaniyim\/","title":{"rendered":"Ben Bir Koyun \u00c7oban\u0131y\u0131m"},"content":{"rendered":"<p>Ben bir koyun \u00e7oban\u0131y\u0131m<br \/>Koyunlar da benim d\u00fc\u015f\u00fcncelerim<br \/>D\u00fc\u015f\u00fcncelerimin hepsiyse duygulard\u0131r<br \/>G\u00f6zlerimle, kulaklar\u0131mla d\u00fc\u015f\u00fcn\u00fcr\u00fcm,<br \/>Ellerimle, ayaklar\u0131mla,<br \/>Burnumla ve a\u011fz\u0131mla.<br \/>Bir \u00e7i\u00e7e\u011fi d\u00fc\u015f\u00fcnmek g\u00f6rmek ve koklamakt\u0131r onu<br \/>Bir meyvay\u0131 yemek de onun anlam\u0131n\u0131 tatmak<br \/>Bu y\u00fczden s\u0131cak bir g\u00fcnde<br \/>Ac\u0131 \u00e7ekiyorsam onun tad\u0131n\u0131 \u00e7\u0131kard\u0131\u011f\u0131mdan<br \/>Ve uzan\u0131p yat\u0131yorsam \u00e7ay\u0131rda<br \/>Yumarak \u0131s\u0131nan g\u00f6zlerimi,<br \/>Ger\u00e7ekli\u011fe boylu boyunca uzanm\u0131\u015f bedenimi hissederim<br \/>Bilirim ger\u00e7e\u011fi ve mutluyumdur.<\/p>\n<p>Fernando PESSOA<\/p>\n","protected":false},"excerpt":{"rendered":"<p>Ben bir koyun \u00e7oban\u0131y\u0131mKoyunlar da benim d\u00fc\u015f\u00fcncelerimD\u00fc\u015f\u00fcncelerimin hepsiyse duygulard\u0131rG\u00f6zlerimle, kulaklar\u0131mla d\u00fc\u015f\u00fcn\u00fcr\u00fcm,Ellerimle, ayaklar\u0131mla,Burnumla ve a\u011fz\u0131mla.Bir \u00e7i\u00e7e\u011fi d\u00fc\u015f\u00fcnmek g\u00f6rmek ve koklamakt\u0131r onuBir meyvay\u0131 yemek de onun anlam\u0131n\u0131 tatmakBu y\u00fczden s\u0131cak bir g\u00fcndeAc\u0131 \u00e7ekiyorsam onun tad\u0131n\u0131 \u00e7\u0131kard\u0131\u011f\u0131mdanVe uzan\u0131p yat\u0131yorsam \u00e7ay\u0131rdaYumarak \u0131s\u0131nan g\u00f6zlerimi,Ger\u00e7ekli\u011fe boylu boyunca uzanm\u0131\u015f bedenimi hissederimBilirim ger\u00e7e\u011fi ve mutluyumdur. Fernando PESSOA<\/p>\n","protected":false},"author":1,"featured_media":0,"comment_status":"open","ping_status":"open","sticky":false,"template":"","format":"standard","meta":{"footnotes":""},"categories":[216],"tags":[],"class_list":{"0":"post-7113","1":"post","2":"type-post","3":"status-publish","4":"format-standard","6":"category-fernando-pessoa"},"yoast_head":"<!-- This site is optimized with the Yoast SEO Premium plugin v24.9 (Yoast SEO v24.9) - https:\/\/yoast.com\/wordpress\/plugins\/seo\/ -->\n<title>Ben Bir Koyun \u00c7oban\u0131y\u0131m - narteks.net<\/title>\n<meta name=\"robots\" content=\"index, follow, max-snippet:-1, max-image-preview:large, max-video-preview:-1\" \/>\n<link rel=\"canonical\" href=\"https:\/\/narteks.net\/index.php\/2018\/08\/05\/ben-bir-koyun-cobaniyim\/\" \/>\n<meta property=\"og:locale\" content=\"tr_TR\" \/>\n<meta property=\"og:type\" content=\"article\" \/>\n<meta property=\"og:title\" content=\"Ben Bir Koyun \u00c7oban\u0131y\u0131m\" \/>\n<meta property=\"og:description\" content=\"Ben bir koyun \u00e7oban\u0131y\u0131mKoyunlar da benim d\u00fc\u015f\u00fcncelerimD\u00fc\u015f\u00fcncelerimin hepsiyse duygulard\u0131rG\u00f6zlerimle, kulaklar\u0131mla d\u00fc\u015f\u00fcn\u00fcr\u00fcm,Ellerimle, ayaklar\u0131mla,Burnumla ve a\u011fz\u0131mla.Bir \u00e7i\u00e7e\u011fi d\u00fc\u015f\u00fcnmek g\u00f6rmek ve koklamakt\u0131r onuBir meyvay\u0131 yemek de onun anlam\u0131n\u0131 tatmakBu y\u00fczden s\u0131cak bir g\u00fcndeAc\u0131 \u00e7ekiyorsam onun tad\u0131n\u0131 \u00e7\u0131kard\u0131\u011f\u0131mdanVe uzan\u0131p yat\u0131yorsam \u00e7ay\u0131rdaYumarak \u0131s\u0131nan g\u00f6zlerimi,Ger\u00e7ekli\u011fe boylu boyunca uzanm\u0131\u015f bedenimi hissederimBilirim ger\u00e7e\u011fi ve mutluyumdur. Fernando PESSOA\" \/>\n<meta property=\"og:url\" content=\"https:\/\/narteks.net\/index.php\/2018\/08\/05\/ben-bir-koyun-cobaniyim\/\" \/>\n<meta property=\"og:site_name\" content=\"narteks.net\" \/>\n<meta property=\"article:published_time\" content=\"2018-08-05T11:55:21+00:00\" \/>\n<meta property=\"og:image\" content=\"https:\/\/narteks.net\/wp-content\/uploads\/narteks.png\" \/>\n\t<meta property=\"og:image:width\" content=\"300\" \/>\n\t<meta property=\"og:image:height\" content=\"90\" \/>\n\t<meta property=\"og:image:type\" content=\"image\/png\" \/>\n<meta name=\"author\" content=\"Tar\u0131k\" \/>\n<meta name=\"twitter:card\" content=\"summary_large_image\" \/>\n<meta name=\"twitter:creator\" content=\"@narteks\" \/>\n<meta name=\"twitter:site\" content=\"@narteks\" \/>\n<meta name=\"twitter:label1\" content=\"Yazan:\" \/>\n\t<meta name=\"twitter:data1\" content=\"Tar\u0131k\" \/>\n<script type=\"application\/ld+json\" class=\"yoast-schema-graph\">{\"@context\":\"https:\/\/schema.org\",\"@graph\":[{\"@type\":\"Article\",\"@id\":\"https:\/\/narteks.net\/index.php\/2018\/08\/05\/ben-bir-koyun-cobaniyim\/#article\",\"isPartOf\":{\"@id\":\"https:\/\/narteks.net\/index.php\/2018\/08\/05\/ben-bir-koyun-cobaniyim\/\"},\"author\":{\"name\":\"Tar\u0131k\",\"@id\":\"https:\/\/narteks.net\/#\/schema\/person\/61f37d9834294b72d31d274e7ed79bca\"},\"headline\":\"Ben Bir Koyun \u00c7oban\u0131y\u0131m\",\"datePublished\":\"2018-08-05T11:55:21+00:00\",\"mainEntityOfPage\":{\"@id\":\"https:\/\/narteks.net\/index.php\/2018\/08\/05\/ben-bir-koyun-cobaniyim\/\"},\"wordCount\":92,\"commentCount\":0,\"publisher\":{\"@id\":\"https:\/\/narteks.net\/#organization\"},\"articleSection\":[\"Fernando PESSOA\"],\"inLanguage\":\"tr\",\"potentialAction\":[{\"@type\":\"CommentAction\",\"name\":\"Comment\",\"target\":[\"https:\/\/narteks.net\/index.php\/2018\/08\/05\/ben-bir-koyun-cobaniyim\/#respond\"]}]},{\"@type\":\"WebPage\",\"@id\":\"https:\/\/narteks.net\/index.php\/2018\/08\/05\/ben-bir-koyun-cobaniyim\/\",\"url\":\"https:\/\/narteks.net\/index.php\/2018\/08\/05\/ben-bir-koyun-cobaniyim\/\",\"name\":\"Ben Bir Koyun \u00c7oban\u0131y\u0131m - narteks.net\",\"isPartOf\":{\"@id\":\"https:\/\/narteks.net\/#website\"},\"datePublished\":\"2018-08-05T11:55:21+00:00\",\"breadcrumb\":{\"@id\":\"https:\/\/narteks.net\/index.php\/2018\/08\/05\/ben-bir-koyun-cobaniyim\/#breadcrumb\"},\"inLanguage\":\"tr\",\"potentialAction\":[{\"@type\":\"ReadAction\",\"target\":[\"https:\/\/narteks.net\/index.php\/2018\/08\/05\/ben-bir-koyun-cobaniyim\/\"]}]},{\"@type\":\"BreadcrumbList\",\"@id\":\"https:\/\/narteks.net\/index.php\/2018\/08\/05\/ben-bir-koyun-cobaniyim\/#breadcrumb\",\"itemListElement\":[{\"@type\":\"ListItem\",\"position\":1,\"name\":\"Anasayfa\",\"item\":\"https:\/\/narteks.net\/\"},{\"@type\":\"ListItem\",\"position\":2,\"name\":\"Ben Bir Koyun \u00c7oban\u0131y\u0131m\"}]},{\"@type\":\"WebSite\",\"@id\":\"https:\/\/narteks.net\/#website\",\"url\":\"https:\/\/narteks.net\/\",\"name\":\"narteks.net\",\"description\":\"K\u00fclt\u00fcr Sanat Edebiyat Felsefe\",\"publisher\":{\"@id\":\"https:\/\/narteks.net\/#organization\"},\"alternateName\":\"K\u00fclt\u00fcr Sanat Edebiyat Felsefe\",\"potentialAction\":[{\"@type\":\"SearchAction\",\"target\":{\"@type\":\"EntryPoint\",\"urlTemplate\":\"https:\/\/narteks.net\/?s={search_term_string}\"},\"query-input\":{\"@type\":\"PropertyValueSpecification\",\"valueRequired\":true,\"valueName\":\"search_term_string\"}}],\"inLanguage\":\"tr\"},{\"@type\":\"Organization\",\"@id\":\"https:\/\/narteks.net\/#organization\",\"name\":\"narteks.net\",\"url\":\"https:\/\/narteks.net\/\",\"logo\":{\"@type\":\"ImageObject\",\"inLanguage\":\"tr\",\"@id\":\"https:\/\/narteks.net\/#\/schema\/logo\/image\/\",\"url\":\"https:\/\/narteks.net\/wp-content\/uploads\/narteks.png\",\"contentUrl\":\"https:\/\/narteks.net\/wp-content\/uploads\/narteks.png\",\"width\":300,\"height\":90,\"caption\":\"narteks.net\"},\"image\":{\"@id\":\"https:\/\/narteks.net\/#\/schema\/logo\/image\/\"},\"sameAs\":[\"https:\/\/x.com\/narteks\",\"https:\/\/instagram.com\/narteksnet\"]},{\"@type\":\"Person\",\"@id\":\"https:\/\/narteks.net\/#\/schema\/person\/61f37d9834294b72d31d274e7ed79bca\",\"name\":\"Tar\u0131k\",\"image\":{\"@type\":\"ImageObject\",\"inLanguage\":\"tr\",\"@id\":\"https:\/\/narteks.net\/#\/schema\/person\/image\/\",\"url\":\"https:\/\/secure.gravatar.com\/avatar\/50865afb55632c4ae467e0af0930f6510aa2297d8014be502a55b14f3b7550cf?s=96&d=mm&r=g\",\"contentUrl\":\"https:\/\/secure.gravatar.com\/avatar\/50865afb55632c4ae467e0af0930f6510aa2297d8014be502a55b14f3b7550cf?s=96&d=mm&r=g\",\"caption\":\"Tar\u0131k\"},\"sameAs\":[\"http:\/\/narteks.net\"],\"url\":\"https:\/\/narteks.net\/index.php\/author\/narbak\/\"}]}<\/script>\n<!-- \/ Yoast SEO Premium plugin. -->","yoast_head_json":{"title":"Ben Bir Koyun \u00c7oban\u0131y\u0131m - narteks.net","robots":{"index":"index","follow":"follow","max-snippet":"max-snippet:-1","max-image-preview":"max-image-preview:large","max-video-preview":"max-video-preview:-1"},"canonical":"https:\/\/narteks.net\/index.php\/2018\/08\/05\/ben-bir-koyun-cobaniyim\/","og_locale":"tr_TR","og_type":"article","og_title":"Ben Bir Koyun \u00c7oban\u0131y\u0131m","og_description":"Ben bir koyun \u00e7oban\u0131y\u0131mKoyunlar da benim d\u00fc\u015f\u00fcncelerimD\u00fc\u015f\u00fcncelerimin hepsiyse duygulard\u0131rG\u00f6zlerimle, kulaklar\u0131mla d\u00fc\u015f\u00fcn\u00fcr\u00fcm,Ellerimle, ayaklar\u0131mla,Burnumla ve a\u011fz\u0131mla.Bir \u00e7i\u00e7e\u011fi d\u00fc\u015f\u00fcnmek g\u00f6rmek ve koklamakt\u0131r onuBir meyvay\u0131 yemek de onun anlam\u0131n\u0131 tatmakBu y\u00fczden s\u0131cak bir g\u00fcndeAc\u0131 \u00e7ekiyorsam onun tad\u0131n\u0131 \u00e7\u0131kard\u0131\u011f\u0131mdanVe uzan\u0131p yat\u0131yorsam \u00e7ay\u0131rdaYumarak \u0131s\u0131nan g\u00f6zlerimi,Ger\u00e7ekli\u011fe boylu boyunca uzanm\u0131\u015f bedenimi hissederimBilirim ger\u00e7e\u011fi ve mutluyumdur. Fernando PESSOA","og_url":"https:\/\/narteks.net\/index.php\/2018\/08\/05\/ben-bir-koyun-cobaniyim\/","og_site_name":"narteks.net","article_published_time":"2018-08-05T11:55:21+00:00","og_image":[{"width":300,"height":90,"url":"https:\/\/narteks.net\/wp-content\/uploads\/narteks.png","type":"image\/png"}],"author":"Tar\u0131k","twitter_card":"summary_large_image","twitter_creator":"@narteks","twitter_site":"@narteks","twitter_misc":{"Yazan:":"Tar\u0131k"},"schema":{"@context":"https:\/\/schema.org","@graph":[{"@type":"Article","@id":"https:\/\/narteks.net\/index.php\/2018\/08\/05\/ben-bir-koyun-cobaniyim\/#article","isPartOf":{"@id":"https:\/\/narteks.net\/index.php\/2018\/08\/05\/ben-bir-koyun-cobaniyim\/"},"author":{"name":"Tar\u0131k","@id":"https:\/\/narteks.net\/#\/schema\/person\/61f37d9834294b72d31d274e7ed79bca"},"headline":"Ben Bir Koyun \u00c7oban\u0131y\u0131m","datePublished":"2018-08-05T11:55:21+00:00","mainEntityOfPage":{"@id":"https:\/\/narteks.net\/index.php\/2018\/08\/05\/ben-bir-koyun-cobaniyim\/"},"wordCount":92,"commentCount":0,"publisher":{"@id":"https:\/\/narteks.net\/#organization"},"articleSection":["Fernando PESSOA"],"inLanguage":"tr","potentialAction":[{"@type":"CommentAction","name":"Comment","target":["https:\/\/narteks.net\/index.php\/2018\/08\/05\/ben-bir-koyun-cobaniyim\/#respond"]}]},{"@type":"WebPage","@id":"https:\/\/narteks.net\/index.php\/2018\/08\/05\/ben-bir-koyun-cobaniyim\/","url":"https:\/\/narteks.net\/index.php\/2018\/08\/05\/ben-bir-koyun-cobaniyim\/","name":"Ben Bir Koyun \u00c7oban\u0131y\u0131m - narteks.net","isPartOf":{"@id":"https:\/\/narteks.net\/#website"},"datePublished":"2018-08-05T11:55:21+00:00","breadcrumb":{"@id":"https:\/\/narteks.net\/index.php\/2018\/08\/05\/ben-bir-koyun-cobaniyim\/#breadcrumb"},"inLanguage":"tr","potentialAction":[{"@type":"ReadAction","target":["https:\/\/narteks.net\/index.php\/2018\/08\/05\/ben-bir-koyun-cobaniyim\/"]}]},{"@type":"BreadcrumbList","@id":"https:\/\/narteks.net\/index.php\/2018\/08\/05\/ben-bir-koyun-cobaniyim\/#breadcrumb","itemListElement":[{"@type":"ListItem","position":1,"name":"Anasayfa","item":"https:\/\/narteks.net\/"},{"@type":"ListItem","position":2,"name":"Ben Bir Koyun \u00c7oban\u0131y\u0131m"}]},{"@type":"WebSite","@id":"https:\/\/narteks.net\/#website","url":"https:\/\/narteks.net\/","name":"narteks.net","description":"K\u00fclt\u00fcr Sanat Edebiyat Felsefe","publisher":{"@id":"https:\/\/narteks.net\/#organization"},"alternateName":"K\u00fclt\u00fcr Sanat Edebiyat Felsefe","potentialAction":[{"@type":"SearchAction","target":{"@type":"EntryPoint","urlTemplate":"https:\/\/narteks.net\/?s={search_term_string}"},"query-input":{"@type":"PropertyValueSpecification","valueRequired":true,"valueName":"search_term_string"}}],"inLanguage":"tr"},{"@type":"Organization","@id":"https:\/\/narteks.net\/#organization","name":"narteks.net","url":"https:\/\/narteks.net\/","logo":{"@type":"ImageObject","inLanguage":"tr","@id":"https:\/\/narteks.net\/#\/schema\/logo\/image\/","url":"https:\/\/narteks.net\/wp-content\/uploads\/narteks.png","contentUrl":"https:\/\/narteks.net\/wp-content\/uploads\/narteks.png","width":300,"height":90,"caption":"narteks.net"},"image":{"@id":"https:\/\/narteks.net\/#\/schema\/logo\/image\/"},"sameAs":["https:\/\/x.com\/narteks","https:\/\/instagram.com\/narteksnet"]},{"@type":"Person","@id":"https:\/\/narteks.net\/#\/schema\/person\/61f37d9834294b72d31d274e7ed79bca","name":"Tar\u0131k","image":{"@type":"ImageObject","inLanguage":"tr","@id":"https:\/\/narteks.net\/#\/schema\/person\/image\/","url":"https:\/\/secure.gravatar.com\/avatar\/50865afb55632c4ae467e0af0930f6510aa2297d8014be502a55b14f3b7550cf?s=96&d=mm&r=g","contentUrl":"https:\/\/secure.gravatar.com\/avatar\/50865afb55632c4ae467e0af0930f6510aa2297d8014be502a55b14f3b7550cf?s=96&d=mm&r=g","caption":"Tar\u0131k"},"sameAs":["http:\/\/narteks.net"],"url":"https:\/\/narteks.net\/index.php\/author\/narbak\/"}]}},"_links":{"self":[{"href":"https:\/\/narteks.net\/index.php\/wp-json\/wp\/v2\/posts\/7113","targetHints":{"allow":["GET"]}}],"collection":[{"href":"https:\/\/narteks.net\/index.php\/wp-json\/wp\/v2\/posts"}],"about":[{"href":"https:\/\/narteks.net\/index.php\/wp-json\/wp\/v2\/types\/post"}],"author":[{"embeddable":true,"href":"https:\/\/narteks.net\/index.php\/wp-json\/wp\/v2\/users\/1"}],"replies":[{"embeddable":true,"href":"https:\/\/narteks.net\/index.php\/wp-json\/wp\/v2\/comments?post=7113"}],"version-history":[{"count":0,"href":"https:\/\/narteks.net\/index.php\/wp-json\/wp\/v2\/posts\/7113\/revisions"}],"wp:attachment":[{"href":"https:\/\/narteks.net\/index.php\/wp-json\/wp\/v2\/media?parent=7113"}],"wp:term":[{"taxonomy":"category","embeddable":true,"href":"https:\/\/narteks.net\/index.php\/wp-json\/wp\/v2\/categories?post=7113"},{"taxonomy":"post_tag","embeddable":true,"href":"https:\/\/narteks.net\/index.php\/wp-json\/wp\/v2\/tags?post=7113"}],"curies":[{"name":"wp","href":"https:\/\/api.w.org\/{rel}","templated":true}]}}