{"id":7115,"date":"2018-08-05T14:59:16","date_gmt":"2018-08-05T11:59:16","guid":{"rendered":"http:\/\/localhost\/wordpress\/2018\/08\/05\/uyaklarin-hicbir-anlami-yoktur-benim-icin\/"},"modified":"2018-08-05T14:59:16","modified_gmt":"2018-08-05T11:59:16","slug":"uyaklarin-hicbir-anlami-yoktur-benim-icin","status":"publish","type":"post","link":"https:\/\/narteks.net\/index.php\/2018\/08\/05\/uyaklarin-hicbir-anlami-yoktur-benim-icin\/","title":{"rendered":"Uyaklar\u0131n Hi\u00e7bir Anlam\u0131 Yoktur Benim \u0130\u00e7in"},"content":{"rendered":"<p>Uyaklar\u0131n hi\u00e7bir anlam\u0131 yoktur benim i\u00e7in<br \/>Pek ender ayn\u0131d\u0131r yan yana duran iki a\u011fa\u00e7.<br \/>Renkli \u00e7i\u00e7ekler gibidir d\u00fc\u015f\u00fcnmem ve yazmam.<br \/>Ama daha az yetkindir kendimi dile getirmem<br \/>Yoksun oldu\u011fum i\u00e7in tanr\u0131sal yal\u0131nl\u0131ktan<br \/>Ve sadece g\u00f6r\u00fcnd\u00fc\u011f\u00fcm gibi oldu\u011fumdan.<br \/>Bakar\u0131m ve duygulan\u0131r\u0131m.<br \/>Suyun bir yama\u00e7tan a\u015fa\u011f\u0131 ak\u0131\u015f\u0131 gibi duygulan\u0131r\u0131m<br \/>Ve r\u00fczg\u00e2r\u0131n \u00e7\u0131k\u0131\u015f\u0131 gibi do\u011fald\u0131r \u015fiirim<\/p>\n<p>Fernando PESSOA<\/p>\n","protected":false},"excerpt":{"rendered":"<p>Uyaklar\u0131n hi\u00e7bir anlam\u0131 yoktur benim i\u00e7inPek ender ayn\u0131d\u0131r yan yana duran iki a\u011fa\u00e7.Renkli \u00e7i\u00e7ekler gibidir d\u00fc\u015f\u00fcnmem ve yazmam.Ama daha az yetkindir kendimi dile getirmemYoksun oldu\u011fum i\u00e7in tanr\u0131sal yal\u0131nl\u0131ktanVe sadece g\u00f6r\u00fcnd\u00fc\u011f\u00fcm gibi oldu\u011fumdan.Bakar\u0131m ve duygulan\u0131r\u0131m.Suyun bir yama\u00e7tan a\u015fa\u011f\u0131 ak\u0131\u015f\u0131 gibi duygulan\u0131r\u0131mVe r\u00fczg\u00e2r\u0131n \u00e7\u0131k\u0131\u015f\u0131 gibi do\u011fald\u0131r \u015fiirim Fernando PESSOA<\/p>\n","protected":false},"author":1,"featured_media":0,"comment_status":"open","ping_status":"open","sticky":false,"template":"","format":"standard","meta":{"footnotes":""},"categories":[216],"tags":[],"class_list":{"0":"post-7115","1":"post","2":"type-post","3":"status-publish","4":"format-standard","6":"category-fernando-pessoa"},"yoast_head":"<!-- This site is optimized with the Yoast SEO Premium plugin v24.9 (Yoast SEO v24.9) - https:\/\/yoast.com\/wordpress\/plugins\/seo\/ -->\n<title>Uyaklar\u0131n Hi\u00e7bir Anlam\u0131 Yoktur Benim \u0130\u00e7in - narteks.net<\/title>\n<meta name=\"robots\" content=\"index, follow, max-snippet:-1, max-image-preview:large, max-video-preview:-1\" \/>\n<link rel=\"canonical\" href=\"https:\/\/narteks.net\/index.php\/2018\/08\/05\/uyaklarin-hicbir-anlami-yoktur-benim-icin\/\" \/>\n<meta property=\"og:locale\" content=\"tr_TR\" \/>\n<meta property=\"og:type\" content=\"article\" \/>\n<meta property=\"og:title\" content=\"Uyaklar\u0131n Hi\u00e7bir Anlam\u0131 Yoktur Benim \u0130\u00e7in\" \/>\n<meta property=\"og:description\" content=\"Uyaklar\u0131n hi\u00e7bir anlam\u0131 yoktur benim i\u00e7inPek ender ayn\u0131d\u0131r yan yana duran iki a\u011fa\u00e7.Renkli \u00e7i\u00e7ekler gibidir d\u00fc\u015f\u00fcnmem ve yazmam.Ama daha az yetkindir kendimi dile getirmemYoksun oldu\u011fum i\u00e7in tanr\u0131sal yal\u0131nl\u0131ktanVe sadece g\u00f6r\u00fcnd\u00fc\u011f\u00fcm gibi oldu\u011fumdan.Bakar\u0131m ve duygulan\u0131r\u0131m.Suyun bir yama\u00e7tan a\u015fa\u011f\u0131 ak\u0131\u015f\u0131 gibi duygulan\u0131r\u0131mVe r\u00fczg\u00e2r\u0131n \u00e7\u0131k\u0131\u015f\u0131 gibi do\u011fald\u0131r \u015fiirim Fernando PESSOA\" \/>\n<meta property=\"og:url\" content=\"https:\/\/narteks.net\/index.php\/2018\/08\/05\/uyaklarin-hicbir-anlami-yoktur-benim-icin\/\" \/>\n<meta property=\"og:site_name\" content=\"narteks.net\" \/>\n<meta property=\"article:published_time\" content=\"2018-08-05T11:59:16+00:00\" \/>\n<meta property=\"og:image\" content=\"https:\/\/narteks.net\/wp-content\/uploads\/narteks.png\" \/>\n\t<meta property=\"og:image:width\" content=\"300\" \/>\n\t<meta property=\"og:image:height\" content=\"90\" \/>\n\t<meta property=\"og:image:type\" content=\"image\/png\" \/>\n<meta name=\"author\" content=\"Tar\u0131k\" \/>\n<meta name=\"twitter:card\" content=\"summary_large_image\" \/>\n<meta name=\"twitter:creator\" content=\"@narteks\" \/>\n<meta name=\"twitter:site\" content=\"@narteks\" \/>\n<meta name=\"twitter:label1\" content=\"Yazan:\" \/>\n\t<meta name=\"twitter:data1\" content=\"Tar\u0131k\" \/>\n<script type=\"application\/ld+json\" class=\"yoast-schema-graph\">{\"@context\":\"https:\/\/schema.org\",\"@graph\":[{\"@type\":\"Article\",\"@id\":\"https:\/\/narteks.net\/index.php\/2018\/08\/05\/uyaklarin-hicbir-anlami-yoktur-benim-icin\/#article\",\"isPartOf\":{\"@id\":\"https:\/\/narteks.net\/index.php\/2018\/08\/05\/uyaklarin-hicbir-anlami-yoktur-benim-icin\/\"},\"author\":{\"name\":\"Tar\u0131k\",\"@id\":\"https:\/\/narteks.net\/#\/schema\/person\/61f37d9834294b72d31d274e7ed79bca\"},\"headline\":\"Uyaklar\u0131n Hi\u00e7bir Anlam\u0131 Yoktur Benim \u0130\u00e7in\",\"datePublished\":\"2018-08-05T11:59:16+00:00\",\"mainEntityOfPage\":{\"@id\":\"https:\/\/narteks.net\/index.php\/2018\/08\/05\/uyaklarin-hicbir-anlami-yoktur-benim-icin\/\"},\"wordCount\":88,\"commentCount\":0,\"publisher\":{\"@id\":\"https:\/\/narteks.net\/#organization\"},\"articleSection\":[\"Fernando PESSOA\"],\"inLanguage\":\"tr\",\"potentialAction\":[{\"@type\":\"CommentAction\",\"name\":\"Comment\",\"target\":[\"https:\/\/narteks.net\/index.php\/2018\/08\/05\/uyaklarin-hicbir-anlami-yoktur-benim-icin\/#respond\"]}]},{\"@type\":\"WebPage\",\"@id\":\"https:\/\/narteks.net\/index.php\/2018\/08\/05\/uyaklarin-hicbir-anlami-yoktur-benim-icin\/\",\"url\":\"https:\/\/narteks.net\/index.php\/2018\/08\/05\/uyaklarin-hicbir-anlami-yoktur-benim-icin\/\",\"name\":\"Uyaklar\u0131n Hi\u00e7bir Anlam\u0131 Yoktur Benim \u0130\u00e7in - narteks.net\",\"isPartOf\":{\"@id\":\"https:\/\/narteks.net\/#website\"},\"datePublished\":\"2018-08-05T11:59:16+00:00\",\"breadcrumb\":{\"@id\":\"https:\/\/narteks.net\/index.php\/2018\/08\/05\/uyaklarin-hicbir-anlami-yoktur-benim-icin\/#breadcrumb\"},\"inLanguage\":\"tr\",\"potentialAction\":[{\"@type\":\"ReadAction\",\"target\":[\"https:\/\/narteks.net\/index.php\/2018\/08\/05\/uyaklarin-hicbir-anlami-yoktur-benim-icin\/\"]}]},{\"@type\":\"BreadcrumbList\",\"@id\":\"https:\/\/narteks.net\/index.php\/2018\/08\/05\/uyaklarin-hicbir-anlami-yoktur-benim-icin\/#breadcrumb\",\"itemListElement\":[{\"@type\":\"ListItem\",\"position\":1,\"name\":\"Anasayfa\",\"item\":\"https:\/\/narteks.net\/\"},{\"@type\":\"ListItem\",\"position\":2,\"name\":\"Uyaklar\u0131n Hi\u00e7bir Anlam\u0131 Yoktur Benim \u0130\u00e7in\"}]},{\"@type\":\"WebSite\",\"@id\":\"https:\/\/narteks.net\/#website\",\"url\":\"https:\/\/narteks.net\/\",\"name\":\"narteks.net\",\"description\":\"K\u00fclt\u00fcr Sanat Edebiyat Felsefe\",\"publisher\":{\"@id\":\"https:\/\/narteks.net\/#organization\"},\"alternateName\":\"K\u00fclt\u00fcr Sanat Edebiyat Felsefe\",\"potentialAction\":[{\"@type\":\"SearchAction\",\"target\":{\"@type\":\"EntryPoint\",\"urlTemplate\":\"https:\/\/narteks.net\/?s={search_term_string}\"},\"query-input\":{\"@type\":\"PropertyValueSpecification\",\"valueRequired\":true,\"valueName\":\"search_term_string\"}}],\"inLanguage\":\"tr\"},{\"@type\":\"Organization\",\"@id\":\"https:\/\/narteks.net\/#organization\",\"name\":\"narteks.net\",\"url\":\"https:\/\/narteks.net\/\",\"logo\":{\"@type\":\"ImageObject\",\"inLanguage\":\"tr\",\"@id\":\"https:\/\/narteks.net\/#\/schema\/logo\/image\/\",\"url\":\"https:\/\/narteks.net\/wp-content\/uploads\/narteks.png\",\"contentUrl\":\"https:\/\/narteks.net\/wp-content\/uploads\/narteks.png\",\"width\":300,\"height\":90,\"caption\":\"narteks.net\"},\"image\":{\"@id\":\"https:\/\/narteks.net\/#\/schema\/logo\/image\/\"},\"sameAs\":[\"https:\/\/x.com\/narteks\",\"https:\/\/instagram.com\/narteksnet\"]},{\"@type\":\"Person\",\"@id\":\"https:\/\/narteks.net\/#\/schema\/person\/61f37d9834294b72d31d274e7ed79bca\",\"name\":\"Tar\u0131k\",\"image\":{\"@type\":\"ImageObject\",\"inLanguage\":\"tr\",\"@id\":\"https:\/\/narteks.net\/#\/schema\/person\/image\/\",\"url\":\"https:\/\/secure.gravatar.com\/avatar\/50865afb55632c4ae467e0af0930f6510aa2297d8014be502a55b14f3b7550cf?s=96&d=mm&r=g\",\"contentUrl\":\"https:\/\/secure.gravatar.com\/avatar\/50865afb55632c4ae467e0af0930f6510aa2297d8014be502a55b14f3b7550cf?s=96&d=mm&r=g\",\"caption\":\"Tar\u0131k\"},\"sameAs\":[\"http:\/\/narteks.net\"],\"url\":\"https:\/\/narteks.net\/index.php\/author\/narbak\/\"}]}<\/script>\n<!-- \/ Yoast SEO Premium plugin. -->","yoast_head_json":{"title":"Uyaklar\u0131n Hi\u00e7bir Anlam\u0131 Yoktur Benim \u0130\u00e7in - narteks.net","robots":{"index":"index","follow":"follow","max-snippet":"max-snippet:-1","max-image-preview":"max-image-preview:large","max-video-preview":"max-video-preview:-1"},"canonical":"https:\/\/narteks.net\/index.php\/2018\/08\/05\/uyaklarin-hicbir-anlami-yoktur-benim-icin\/","og_locale":"tr_TR","og_type":"article","og_title":"Uyaklar\u0131n Hi\u00e7bir Anlam\u0131 Yoktur Benim \u0130\u00e7in","og_description":"Uyaklar\u0131n hi\u00e7bir anlam\u0131 yoktur benim i\u00e7inPek ender ayn\u0131d\u0131r yan yana duran iki a\u011fa\u00e7.Renkli \u00e7i\u00e7ekler gibidir d\u00fc\u015f\u00fcnmem ve yazmam.Ama daha az yetkindir kendimi dile getirmemYoksun oldu\u011fum i\u00e7in tanr\u0131sal yal\u0131nl\u0131ktanVe sadece g\u00f6r\u00fcnd\u00fc\u011f\u00fcm gibi oldu\u011fumdan.Bakar\u0131m ve duygulan\u0131r\u0131m.Suyun bir yama\u00e7tan a\u015fa\u011f\u0131 ak\u0131\u015f\u0131 gibi duygulan\u0131r\u0131mVe r\u00fczg\u00e2r\u0131n \u00e7\u0131k\u0131\u015f\u0131 gibi do\u011fald\u0131r \u015fiirim Fernando PESSOA","og_url":"https:\/\/narteks.net\/index.php\/2018\/08\/05\/uyaklarin-hicbir-anlami-yoktur-benim-icin\/","og_site_name":"narteks.net","article_published_time":"2018-08-05T11:59:16+00:00","og_image":[{"width":300,"height":90,"url":"https:\/\/narteks.net\/wp-content\/uploads\/narteks.png","type":"image\/png"}],"author":"Tar\u0131k","twitter_card":"summary_large_image","twitter_creator":"@narteks","twitter_site":"@narteks","twitter_misc":{"Yazan:":"Tar\u0131k"},"schema":{"@context":"https:\/\/schema.org","@graph":[{"@type":"Article","@id":"https:\/\/narteks.net\/index.php\/2018\/08\/05\/uyaklarin-hicbir-anlami-yoktur-benim-icin\/#article","isPartOf":{"@id":"https:\/\/narteks.net\/index.php\/2018\/08\/05\/uyaklarin-hicbir-anlami-yoktur-benim-icin\/"},"author":{"name":"Tar\u0131k","@id":"https:\/\/narteks.net\/#\/schema\/person\/61f37d9834294b72d31d274e7ed79bca"},"headline":"Uyaklar\u0131n Hi\u00e7bir Anlam\u0131 Yoktur Benim \u0130\u00e7in","datePublished":"2018-08-05T11:59:16+00:00","mainEntityOfPage":{"@id":"https:\/\/narteks.net\/index.php\/2018\/08\/05\/uyaklarin-hicbir-anlami-yoktur-benim-icin\/"},"wordCount":88,"commentCount":0,"publisher":{"@id":"https:\/\/narteks.net\/#organization"},"articleSection":["Fernando PESSOA"],"inLanguage":"tr","potentialAction":[{"@type":"CommentAction","name":"Comment","target":["https:\/\/narteks.net\/index.php\/2018\/08\/05\/uyaklarin-hicbir-anlami-yoktur-benim-icin\/#respond"]}]},{"@type":"WebPage","@id":"https:\/\/narteks.net\/index.php\/2018\/08\/05\/uyaklarin-hicbir-anlami-yoktur-benim-icin\/","url":"https:\/\/narteks.net\/index.php\/2018\/08\/05\/uyaklarin-hicbir-anlami-yoktur-benim-icin\/","name":"Uyaklar\u0131n Hi\u00e7bir Anlam\u0131 Yoktur Benim \u0130\u00e7in - narteks.net","isPartOf":{"@id":"https:\/\/narteks.net\/#website"},"datePublished":"2018-08-05T11:59:16+00:00","breadcrumb":{"@id":"https:\/\/narteks.net\/index.php\/2018\/08\/05\/uyaklarin-hicbir-anlami-yoktur-benim-icin\/#breadcrumb"},"inLanguage":"tr","potentialAction":[{"@type":"ReadAction","target":["https:\/\/narteks.net\/index.php\/2018\/08\/05\/uyaklarin-hicbir-anlami-yoktur-benim-icin\/"]}]},{"@type":"BreadcrumbList","@id":"https:\/\/narteks.net\/index.php\/2018\/08\/05\/uyaklarin-hicbir-anlami-yoktur-benim-icin\/#breadcrumb","itemListElement":[{"@type":"ListItem","position":1,"name":"Anasayfa","item":"https:\/\/narteks.net\/"},{"@type":"ListItem","position":2,"name":"Uyaklar\u0131n Hi\u00e7bir Anlam\u0131 Yoktur Benim \u0130\u00e7in"}]},{"@type":"WebSite","@id":"https:\/\/narteks.net\/#website","url":"https:\/\/narteks.net\/","name":"narteks.net","description":"K\u00fclt\u00fcr Sanat Edebiyat Felsefe","publisher":{"@id":"https:\/\/narteks.net\/#organization"},"alternateName":"K\u00fclt\u00fcr Sanat Edebiyat Felsefe","potentialAction":[{"@type":"SearchAction","target":{"@type":"EntryPoint","urlTemplate":"https:\/\/narteks.net\/?s={search_term_string}"},"query-input":{"@type":"PropertyValueSpecification","valueRequired":true,"valueName":"search_term_string"}}],"inLanguage":"tr"},{"@type":"Organization","@id":"https:\/\/narteks.net\/#organization","name":"narteks.net","url":"https:\/\/narteks.net\/","logo":{"@type":"ImageObject","inLanguage":"tr","@id":"https:\/\/narteks.net\/#\/schema\/logo\/image\/","url":"https:\/\/narteks.net\/wp-content\/uploads\/narteks.png","contentUrl":"https:\/\/narteks.net\/wp-content\/uploads\/narteks.png","width":300,"height":90,"caption":"narteks.net"},"image":{"@id":"https:\/\/narteks.net\/#\/schema\/logo\/image\/"},"sameAs":["https:\/\/x.com\/narteks","https:\/\/instagram.com\/narteksnet"]},{"@type":"Person","@id":"https:\/\/narteks.net\/#\/schema\/person\/61f37d9834294b72d31d274e7ed79bca","name":"Tar\u0131k","image":{"@type":"ImageObject","inLanguage":"tr","@id":"https:\/\/narteks.net\/#\/schema\/person\/image\/","url":"https:\/\/secure.gravatar.com\/avatar\/50865afb55632c4ae467e0af0930f6510aa2297d8014be502a55b14f3b7550cf?s=96&d=mm&r=g","contentUrl":"https:\/\/secure.gravatar.com\/avatar\/50865afb55632c4ae467e0af0930f6510aa2297d8014be502a55b14f3b7550cf?s=96&d=mm&r=g","caption":"Tar\u0131k"},"sameAs":["http:\/\/narteks.net"],"url":"https:\/\/narteks.net\/index.php\/author\/narbak\/"}]}},"_links":{"self":[{"href":"https:\/\/narteks.net\/index.php\/wp-json\/wp\/v2\/posts\/7115","targetHints":{"allow":["GET"]}}],"collection":[{"href":"https:\/\/narteks.net\/index.php\/wp-json\/wp\/v2\/posts"}],"about":[{"href":"https:\/\/narteks.net\/index.php\/wp-json\/wp\/v2\/types\/post"}],"author":[{"embeddable":true,"href":"https:\/\/narteks.net\/index.php\/wp-json\/wp\/v2\/users\/1"}],"replies":[{"embeddable":true,"href":"https:\/\/narteks.net\/index.php\/wp-json\/wp\/v2\/comments?post=7115"}],"version-history":[{"count":0,"href":"https:\/\/narteks.net\/index.php\/wp-json\/wp\/v2\/posts\/7115\/revisions"}],"wp:attachment":[{"href":"https:\/\/narteks.net\/index.php\/wp-json\/wp\/v2\/media?parent=7115"}],"wp:term":[{"taxonomy":"category","embeddable":true,"href":"https:\/\/narteks.net\/index.php\/wp-json\/wp\/v2\/categories?post=7115"},{"taxonomy":"post_tag","embeddable":true,"href":"https:\/\/narteks.net\/index.php\/wp-json\/wp\/v2\/tags?post=7115"}],"curies":[{"name":"wp","href":"https:\/\/api.w.org\/{rel}","templated":true}]}}