{"id":7126,"date":"2018-08-08T14:27:23","date_gmt":"2018-08-08T11:27:23","guid":{"rendered":"http:\/\/localhost\/wordpress\/2018\/08\/08\/dugun-gecesi-sait-faik-abasiyanik\/"},"modified":"2024-04-27T11:20:48","modified_gmt":"2024-04-27T08:20:48","slug":"dugun-gecesi-sait-faik-abasiyanik","status":"publish","type":"post","link":"https:\/\/narteks.net\/index.php\/2018\/08\/08\/dugun-gecesi-sait-faik-abasiyanik\/","title":{"rendered":"D\u00fc\u011f\u00fcn Gecesi | Sait Faik Abas\u0131yan\u0131k"},"content":{"rendered":"<p><img decoding=\"async\" class=\"alignleft\" style=\"float: left;\" src=\"images\/stories\/saitfaikabasyanik.jpg\" alt=\"\" border=\"0\" \/><img loading=\"lazy\" decoding=\"async\" class=\"alignleft wp-image-7857 size-thumbnail\" src=\"http:\/\/narteks.net\/wp-content\/uploads\/saitfaikabasyanik-1-150x150.jpg\" alt=\"\" width=\"150\" height=\"150\" \/>Ahmet, on alt\u0131 ya\u015f\u0131na bast\u0131\u011f\u0131 halde, daha n\u00fcfusa kaydedil\u00admemi\u015fti. Zenciye \u00e7alan esmer bir rengi, bas\u0131k yayvan burnu iki parmak aln\u0131n\u0131n \u00fcst\u00fcnde lacivert par\u0131lt\u0131lar yapan parlak sa\u00e7lar\u0131 vard\u0131. Yanaklar\u0131 t\u00fcyl\u00fc idi. Lacivert \u015fayaktan elbisesi i\u00e7indeki narin ve atletik v\u00fccudu tamamen te\u015fekk\u00fcl etmi\u015fe benzerdi. Onu n\u00fcfus k\u00e2tibinin \u00f6n\u00fcne \u00e7\u0131karan babas\u0131na, adam, evvela, \u00e7att\u0131:<\/p>\n<p>\u2014 Utanmaz m\u0131s\u0131n? dedi. \u015eimdiye kadar bu delikanl\u0131y\u0131 n\u00fc\u00adfusa ne diye yazd\u0131rmad\u0131n? Tahriri n\u00fcfusta ne halt kar\u0131\u015ft\u0131rd\u0131n\u0131z?<\/p>\n<p>Tahriri n\u00fcfusta onu samanl\u0131\u011fa kapam\u0131\u015flard\u0131. Onlar zannet\u00admi\u015flerdi ki yeniden bir harp koptu. Bir tanecik \u00e7ocuklar\u0131 Ah\u00admet&#8217;i, on iki ya\u015f\u0131na ra\u011fmen askere alacaklar. Sonradan i\u015f anla\u00ad\u015f\u0131lm\u0131\u015ft\u0131 ama ne \u00e7are ki Ahmet, T\u00fcrk vatan\u0131 \u00e7ocuklar\u0131 meyan\u0131na dahil de\u011fildi. Ahmet&#8217;in babas\u0131 R\u00fcstem A\u011fa, neden sonra bu i\u015fin l\u00fczumunu hissediyordu. N\u00fcfus k\u00e2tibi:<\/p>\n<p>\u2014 Yirmi ya\u015f\u0131nda var m\u0131 bu o\u011flan? dedi.<\/p>\n<p>1330 do\u011fumla n\u00fcfusa kaydedilen on alt\u0131 ya\u015f\u0131nda Ahmet&#8217;i, 26 ya\u015f\u0131nda, 1332 do\u011fumlu bir kad\u0131nla evlendirmek icap etmi\u015fti.<\/p>\n<p>Karanl\u0131k bir sonbahar gecesiydi, ya\u011fmur bardaktan bo\u015fa\u00adn\u0131rcas\u0131na ya\u011f\u0131yor, g\u00f6k k\u00f6y\u00fcn i\u00e7inde geziniyordu. Yer yer ka\u00adbuklu kestaneler y\u0131\u011f\u0131lm\u0131\u015f meydandan, ellerinde fener \u00fc\u00e7 be\u015f ki\u00ad\u015fi Ahmet&#8217;i g\u00f6t\u00fcr\u00fcyorlard\u0131. Kara Abdi. Ahmet&#8217;i biraz arkada al\u0131\u00adkoyarak konu\u015fmas\u0131na \u015f\u00f6ylece devam etti:<\/p>\n<p>\u2014 Ahmet, dedi, ben senin sa\u011fd\u0131c\u0131n\u0131m. \u015eimdi beni iyi dinle. (Bir m\u00fcddet durdu, sonra) Biz yumru\u011fu vurup da kap\u0131 \u00fcst\u00fcn\u00fcne kapand\u0131 m\u0131 yere serili seccadede iki rek\u00e2t nafile namaz\u0131 k\u0131la\u00adcaks\u0131n anlad\u0131n m\u0131?..<\/p>\n<p>Ya\u011fmur alabildi\u011fine ya\u011f\u0131yordu. Yerde \u00e7ukurlar peyda olmu\u015f, fenerin \u0131\u015f\u0131\u011f\u0131 uzakla\u015fm\u0131\u015ft\u0131. Su birikintilerine dikkat etme\u00adden y\u00fcr\u00fcyorlard\u0131. Pantolonlar\u0131 yar\u0131 bellerine kadar \u0131slanm\u0131\u015ft\u0131.<\/p>\n<p>K\u00f6y kahvesinin bu\u011fulu camlar\u0131n\u0131 merakla silen birka\u00e7 deli\u00adkanl\u0131, Ahmet&#8217;le sa\u011fd\u0131c\u0131n\u0131n ge\u00e7ti\u011fini g\u00f6r\u00fcnce g\u00fcl\u00fcmsediler. Ses\u00adsiz sedas\u0131z vergilerini d\u00fc\u015f\u00fcnen ihtiyarlar kahvenin kap\u0131s\u0131na kadar\u00a0 \u00e7\u0131k\u0131p Ahmet&#8217;e birer acayip n\u00fckte f\u0131rlatt\u0131lar.<\/p>\n<p>Ahmet, \u015fa\u015fk\u0131nl\u0131\u011f\u0131ndan bir kestane y\u0131\u011f\u0131n\u0131na \u00e7arpt\u0131, can\u0131 ac\u0131\u00adyordu Abdi, onu kestanelerin \u00fczerinden kald\u0131rd\u0131, \u00f6nde fenerle\u00adriyle h\u0131zl\u0131 h\u0131zl\u0131 giden kalabal\u0131\u011fa do\u011fru ba\u011f\u0131rd\u0131:<\/p>\n<p>\u2014 Bekleyin be yahu! Sonra, Ahmet&#8217;e d\u00f6nerek, \u00f6tesini bilir\u00addin, dedi, koca delikanl\u0131s\u0131n be, s\u00f6yletme beni.<\/p>\n<p>Ahmet cevap vermedi. Kestane dikenleri can\u0131n\u0131 ac\u0131tm\u0131\u015ft\u0131. A\u011fz\u0131nda kestane mi, sual mi oldu\u011fu belli olmayan bir \u015feyler geveliyordu, iltihak ettikleri fenerli kafile, i\u00e7tikleri \u00fc\u00e7 be\u015f kadeh rak\u0131n\u0131n tesiri alt\u0131nda idi.<\/p>\n<p>Bu parlak g\u00f6zl\u00fc, y\u0131lan v\u00fccutlu, me\u015fe boylu delikanl\u0131ya her biri, alaya, ciddiye benzer bir s\u00fcr\u00fc laf att\u0131lar.<\/p>\n<p>G\u00fcls\u00fcm&#8217;\u00fcn evi, bu ak\u015fam ne kadar uzakt\u0131. Ya\u011fmur b\u00fcsb\u00fc\u00adt\u00fcn \u015fiddetlenmi\u015fti. Adeta ko\u015fuyorlard\u0131. Evin \u00f6n\u00fcne vard\u0131klar\u0131 zaman i\u00e7erdeki kad\u0131nlar, tela\u015f i\u00e7inde kap\u0131y\u0131 a\u00e7t\u0131lar. Damat boy\u00addan boya \u00e7amur i\u00e7inde idi, silip s\u00fcp\u00fcrd\u00fcler. Lacivert \u015fayaktan elbisesi sa\u00e7lar\u0131yla bir renk alm\u0131\u015ft\u0131. Yanaklar\u0131n\u0131n \u00fczerindeki kara havlan\u0131n \u0131slak manzaras\u0131 bu \u00e7irkin \u00e7ocu\u011fu g\u00fczelle\u015ftirmi\u015fti. Yaz\u00admas\u0131n\u0131 \u00e7\u0131kararak bu, ya\u011fmurdan \u00e7ok tere benzeyen \u0131slakl\u0131\u011f\u0131 sil\u00addi\u011fi zaman y\u00fcz\u00fc silinmi\u015f bir elma cilas\u0131 ve rengi alm\u0131\u015ft\u0131.<\/p>\n<p>O etraf\u0131na bakm\u0131yor, h\u00e2l\u00e2 ellerine batan kestane dikenlerini ay\u0131kl\u0131yordu. Getirilen kahveyi, Abdi&#8217;nin tavsiyesine ra\u011fmen, iki yudumda i\u00e7ti. V\u00fccudunun titremesi ona d\u00f6rt sene evvelki s\u00fcnnet oldu\u011fu g\u00fcn\u00fc hat\u0131rlat\u0131yordu. Neden sonra onu aya\u011fa kald\u0131rd\u0131lar. Bir kap\u0131dan i\u00e7eriye s\u0131rt\u0131na kocaman yumruklar ya\u00adp\u0131\u015ft\u0131rarak t\u0131kt\u0131lar ve \u00e7ekilip gittiler.<\/p>\n<p>Bas\u0131k tavanl\u0131 bir odada idi. Tavandan hevenk hevenk \u00fcz\u00fcmler, elmalar, armutlar, ayvalar sark\u0131yordu. Lo\u015f\u00e7a odan\u0131n i\u00e7ini ba\u015f d\u00f6nd\u00fcren bir meyve kokusu sarm\u0131\u015ft\u0131. Bu yaln\u0131z meyve kokusuna da benzemiyordu. Arada t\u00fclbent, gelin esvab\u0131, g\u00fcrb\u00fcz bir kad\u0131n kokusu da meyvelerin kokusuna sinmi\u015fti.<\/p>\n<p>A\u00e7\u0131k pencereye giderek kapad\u0131 ve bir m\u00fcddet camdan, ev\u00adden birer birer \u00e7\u0131kan erkekli kad\u0131nl\u0131, fenerli kafileyi seyretti. Konsolun \u00fcst\u00fcndeki sinek pislikli k\u00e2\u011f\u0131t \u00e7i\u00e7eklerini ve bir asker foto\u011fraf\u0131n\u0131 elleriyle d\u00fczeltti. Gaz lambas\u0131n\u0131 k\u0131st\u0131. Kad\u0131n hare\u00adketsiz ayakta bekliyordu. Bu arada g\u00f6z\u00fcne ili\u015fen seccadeyi d\u00f6r\u00adde katlayarak odan\u0131n bir k\u00f6\u015fesine f\u0131rlatt\u0131. Aynan\u0131n \u00f6n\u00fcne gide\u00adrek k\u0131zarm\u0131\u015f y\u00fcz\u00fcne bakt\u0131. Kad\u0131n pencerenin \u00f6n\u00fcnde oturmu\u015f\u00adtu. T\u0131pk\u0131 Kara Abdi&#8217;nin dedi\u011fi gibi k\u00f6\u015fe minderi bo\u015f duruyor\u00addu. Kara Abdi, &#8220;Kad\u0131n\u0131 kar\u015f\u0131na alacaks\u0131n ve hi\u00e7 olmazsa bir saat\u00e7ik olsun konu\u015facaks\u0131n,&#8221; demi\u015fti. Tan\u0131mad\u0131\u011f\u0131 bu k\u0131zla ne ko\u00adnu\u015facakt\u0131. Kafas\u0131 yan\u0131yor, sinirleri birer birer kemiklerinin ke\u00adnar\u0131nda depre\u015fip oyna\u015f\u0131yorlard\u0131. Aynada y\u00fcz\u00fcne bir daha bak\u00adt\u0131. Gaz lambas\u0131n\u0131n fitilinde uzun m\u00fcddet bir \u015feyler arar gibi dald\u0131 ve onu kal\u0131n ellerinin bir hareketiyle s\u00f6nd\u00fcrd\u00fc. Pencere\u00adnin \u00f6n\u00fcnde d\u0131\u015far\u0131ya, karanl\u0131\u011fa ve ya\u011fmura bakan kad\u0131n g\u00f6r\u00fcn\u00adm\u00fcyordu.<\/p>\n<p>Ahmet sessizce y\u00fcr\u00fcyerek kad\u0131n\u0131n kar\u015f\u0131s\u0131ndaki sedire oturdu. Sinirli elleriyle kafas\u0131n\u0131 s\u0131kt\u0131 s\u0131kt\u0131&#8230; D\u00fc\u015f\u00fcnemiyordu. Yaln\u0131z kulaklar\u0131 haddinden fazla ya\u011fmuru ve k\u00f6y\u00fcn seslerini b\u00fcy\u00fclterek duyuyor, ba\u015fka b\u00fct\u00fcn hisleri gev\u015femi\u015f \u00e7\u0131kr\u0131klar gibi ba\u015f d\u00f6nd\u00fcr\u00fcc\u00fc bir h\u0131zla bir yerinde d\u00f6n\u00fcyorlar ve bu yeri Ah\u00admet bir t\u00fcrl\u00fc bulup \u00e7\u0131karam\u0131yordu. Bozukluk kafas\u0131nda de\u011fil\u00addi. K\u00f6pekler sussa, ya\u011fmur bir lahza dinse bir\u00e7ok \u015feyler d\u00fc\u015f\u00fc\u00adnebilecekti. Oday\u0131 mavi \u0131\u015f\u0131klarla ayd\u0131nlatan fosforlu \u015fim\u015fekler \u00e7ak\u0131yordu. Bunlardan birinin ayd\u0131nl\u0131\u011f\u0131nda Ahmet, o zamana kadar acayip bir odada yapayaln\u0131z hapsedildi\u011fini zannederken kar\u015f\u0131s\u0131nda b\u00fcy\u00fck g\u00f6zleri korkulu bir kad\u0131n g\u00f6rd\u00fc. Bu mavi \u015fim\u015fek \u0131\u015f\u0131\u011f\u0131, sanki ondan geliyormu\u015f, o beyazl\u0131 mahlukun \u015fal\u00advar\u0131 i\u00e7inden \u00e7\u0131k\u0131yormu\u015f sand\u0131. Kestane dikenleri batm\u0131\u015f avu\u00e7la\u00adr\u0131 m\u0131 ac\u0131yordu? Yoksa bu ak\u015fam \u00e7ok yemi\u015fti de bu a\u011fr\u0131 ve a\u011f\u0131r\u00adl\u0131k midesinde miydi? G\u00f6zleri buland\u0131, kafas\u0131 uyu\u015ftu, terleri so\u00ad\u011fudu. Ve bir s\u0131tma n\u00f6beti i\u00e7inde titreyerek oldu\u011fu yere \u00e7\u00f6rek\u00adlendi.<\/p>\n<p>Sabaha kar\u015f\u0131 uyand\u0131\u011f\u0131 zaman kad\u0131n\u0131; sedirin \u00f6b\u00fcr k\u00f6\u015fesin\u00adde adeta \u015falvar\u0131n\u0131n i\u00e7inde uyumu\u015f buldu.<\/p>\n<p>Ya\u011fmur dinmi\u015fse de, sabah\u0131n alacakaranl\u0131\u011f\u0131 kar\u015f\u0131 meydan\u00adl\u0131\u011f\u0131 h\u00e2l\u00e2 \u0131slat\u0131yordu. H\u00e2l\u00e2 k\u00f6pek sesleri geliyordu. S\u0131\u011f\u0131rlar \u00e7\u0131n\u00adg\u0131raklar\u0131n\u0131 \u0131slak ve sisli seslerle \u00e7\u0131ng\u0131rdatarak ge\u00e7tiler. \u00c7obanla\u00adr\u0131, ke\u00e7elerinin ve \u00e7uvallar\u0131n\u0131n i\u00e7inde b\u00fcz\u00fclm\u00fc\u015f mahzun ge\u00e7er\u00adlerken g\u00f6rd\u00fc.<\/p>\n<p>G\u00fcls\u00fcm de uyanm\u0131\u015ft\u0131. Rengi solgundu, g\u00fcl\u00fcms\u00fcyor gibiy\u00addi. Camdan ge\u00e7en sabah \u0131\u015f\u0131klar\u0131, tavandan sarkan \u00fcz\u00fcm sal\u00adk\u0131mlar\u0131n\u0131 bu\u011fuluyordu. Ahmet susam\u0131\u015ft\u0131. Bir salk\u0131m \u00fcz\u00fcm ye\u00addi. Sonra ba\u015fka bir salk\u0131m elinde, yatan solgun k\u0131za yakla\u015farak a\u011fz\u0131na iki \u00fcz\u00fcm tanesi koydu. Sonra hi\u00e7bir \u015fey s\u00f6ylemeden ala\u00adcakaranl\u0131kta beyazl\u0131\u011f\u0131 b\u00fcsb\u00fct\u00fcn artan kad\u0131n\u0131n boynu \u00fczerine kal\u0131n ve terli dudaklann\u0131 yap\u0131\u015ft\u0131rd\u0131.<br \/>\nG\u00fcne\u015f do\u011fmu\u015f, aynan\u0131n i\u00e7inde ve ikisinin g\u00f6zlerinde oy\u00adnuyordu. Perdeleri \u00e7ektiler.<\/p>\n<p>Varl\u0131k, (31), 1 Ekim 1934<br \/>\nD\u00fc\u011f\u00fcn Gecesi | Sait Faik Abas\u0131yan\u0131k<\/p>\n","protected":false},"excerpt":{"rendered":"<p>Ahmet, on alt\u0131 ya\u015f\u0131na bast\u0131\u011f\u0131 halde, daha n\u00fcfusa kaydedil\u00admemi\u015fti. Zenciye \u00e7alan esmer bir rengi, bas\u0131k yayvan burnu iki parmak aln\u0131n\u0131n \u00fcst\u00fcnde lacivert par\u0131lt\u0131lar yapan parlak sa\u00e7lar\u0131 vard\u0131. Yanaklar\u0131 t\u00fcyl\u00fc idi. Lacivert \u015fayaktan elbisesi i\u00e7indeki narin ve atletik v\u00fccudu tamamen te\u015fekk\u00fcl etmi\u015fe benzerdi. Onu n\u00fcfus k\u00e2tibinin \u00f6n\u00fcne \u00e7\u0131karan babas\u0131na, adam, evvela, \u00e7att\u0131: \u2014 Utanmaz m\u0131s\u0131n? dedi. [&hellip;]<\/p>\n","protected":false},"author":1,"featured_media":0,"comment_status":"open","ping_status":"open","sticky":false,"template":"","format":"standard","meta":{"footnotes":""},"categories":[114],"tags":[],"class_list":["post-7126","post","type-post","status-publish","format-standard","category-turkiye-den-oykuler"],"yoast_head":"<!-- This site is optimized with the Yoast SEO Premium plugin v24.9 (Yoast SEO v24.9) - https:\/\/yoast.com\/wordpress\/plugins\/seo\/ -->\n<title>D\u00fc\u011f\u00fcn Gecesi | Sait Faik Abas\u0131yan\u0131k - narteks.net<\/title>\n<meta name=\"robots\" content=\"index, follow, max-snippet:-1, max-image-preview:large, max-video-preview:-1\" \/>\n<link rel=\"canonical\" href=\"https:\/\/narteks.net\/index.php\/2018\/08\/08\/dugun-gecesi-sait-faik-abasiyanik\/\" \/>\n<meta property=\"og:locale\" content=\"tr_TR\" \/>\n<meta property=\"og:type\" content=\"article\" \/>\n<meta property=\"og:title\" content=\"D\u00fc\u011f\u00fcn Gecesi | Sait Faik Abas\u0131yan\u0131k\" \/>\n<meta property=\"og:description\" content=\"Ahmet, on alt\u0131 ya\u015f\u0131na bast\u0131\u011f\u0131 halde, daha n\u00fcfusa kaydedil\u00admemi\u015fti. Zenciye \u00e7alan esmer bir rengi, bas\u0131k yayvan burnu iki parmak aln\u0131n\u0131n \u00fcst\u00fcnde lacivert par\u0131lt\u0131lar yapan parlak sa\u00e7lar\u0131 vard\u0131. Yanaklar\u0131 t\u00fcyl\u00fc idi. Lacivert \u015fayaktan elbisesi i\u00e7indeki narin ve atletik v\u00fccudu tamamen te\u015fekk\u00fcl etmi\u015fe benzerdi. Onu n\u00fcfus k\u00e2tibinin \u00f6n\u00fcne \u00e7\u0131karan babas\u0131na, adam, evvela, \u00e7att\u0131: \u2014 Utanmaz m\u0131s\u0131n? dedi. [&hellip;]\" \/>\n<meta property=\"og:url\" content=\"https:\/\/narteks.net\/index.php\/2018\/08\/08\/dugun-gecesi-sait-faik-abasiyanik\/\" \/>\n<meta property=\"og:site_name\" content=\"narteks.net\" \/>\n<meta property=\"article:published_time\" content=\"2018-08-08T11:27:23+00:00\" \/>\n<meta property=\"article:modified_time\" content=\"2024-04-27T08:20:48+00:00\" \/>\n<meta property=\"og:image\" content=\"http:\/\/narteks.net\/wp-content\/uploads\/saitfaikabasyanik-1-150x150.jpg\" \/>\n<meta name=\"author\" content=\"Tar\u0131k\" \/>\n<meta name=\"twitter:card\" content=\"summary_large_image\" \/>\n<meta name=\"twitter:creator\" content=\"@narteks\" \/>\n<meta name=\"twitter:site\" content=\"@narteks\" \/>\n<meta name=\"twitter:label1\" content=\"Yazan:\" \/>\n\t<meta name=\"twitter:data1\" content=\"Tar\u0131k\" \/>\n\t<meta name=\"twitter:label2\" content=\"Tahmini okuma s\u00fcresi\" \/>\n\t<meta name=\"twitter:data2\" content=\"7 dakika\" \/>\n<script type=\"application\/ld+json\" class=\"yoast-schema-graph\">{\"@context\":\"https:\/\/schema.org\",\"@graph\":[{\"@type\":\"Article\",\"@id\":\"https:\/\/narteks.net\/index.php\/2018\/08\/08\/dugun-gecesi-sait-faik-abasiyanik\/#article\",\"isPartOf\":{\"@id\":\"https:\/\/narteks.net\/index.php\/2018\/08\/08\/dugun-gecesi-sait-faik-abasiyanik\/\"},\"author\":{\"name\":\"Tar\u0131k\",\"@id\":\"https:\/\/narteks.net\/#\/schema\/person\/61f37d9834294b72d31d274e7ed79bca\"},\"headline\":\"D\u00fc\u011f\u00fcn Gecesi | Sait Faik Abas\u0131yan\u0131k\",\"datePublished\":\"2018-08-08T11:27:23+00:00\",\"dateModified\":\"2024-04-27T08:20:48+00:00\",\"mainEntityOfPage\":{\"@id\":\"https:\/\/narteks.net\/index.php\/2018\/08\/08\/dugun-gecesi-sait-faik-abasiyanik\/\"},\"wordCount\":1310,\"commentCount\":0,\"publisher\":{\"@id\":\"https:\/\/narteks.net\/#organization\"},\"image\":{\"@id\":\"https:\/\/narteks.net\/index.php\/2018\/08\/08\/dugun-gecesi-sait-faik-abasiyanik\/#primaryimage\"},\"thumbnailUrl\":\"http:\/\/narteks.net\/wp-content\/uploads\/saitfaikabasyanik-1-150x150.jpg\",\"articleSection\":[\"T\u00fcrkiye'den \u00d6yk\u00fcler\"],\"inLanguage\":\"tr\",\"potentialAction\":[{\"@type\":\"CommentAction\",\"name\":\"Comment\",\"target\":[\"https:\/\/narteks.net\/index.php\/2018\/08\/08\/dugun-gecesi-sait-faik-abasiyanik\/#respond\"]}]},{\"@type\":\"WebPage\",\"@id\":\"https:\/\/narteks.net\/index.php\/2018\/08\/08\/dugun-gecesi-sait-faik-abasiyanik\/\",\"url\":\"https:\/\/narteks.net\/index.php\/2018\/08\/08\/dugun-gecesi-sait-faik-abasiyanik\/\",\"name\":\"D\u00fc\u011f\u00fcn Gecesi | Sait Faik Abas\u0131yan\u0131k - narteks.net\",\"isPartOf\":{\"@id\":\"https:\/\/narteks.net\/#website\"},\"primaryImageOfPage\":{\"@id\":\"https:\/\/narteks.net\/index.php\/2018\/08\/08\/dugun-gecesi-sait-faik-abasiyanik\/#primaryimage\"},\"image\":{\"@id\":\"https:\/\/narteks.net\/index.php\/2018\/08\/08\/dugun-gecesi-sait-faik-abasiyanik\/#primaryimage\"},\"thumbnailUrl\":\"http:\/\/narteks.net\/wp-content\/uploads\/saitfaikabasyanik-1-150x150.jpg\",\"datePublished\":\"2018-08-08T11:27:23+00:00\",\"dateModified\":\"2024-04-27T08:20:48+00:00\",\"breadcrumb\":{\"@id\":\"https:\/\/narteks.net\/index.php\/2018\/08\/08\/dugun-gecesi-sait-faik-abasiyanik\/#breadcrumb\"},\"inLanguage\":\"tr\",\"potentialAction\":[{\"@type\":\"ReadAction\",\"target\":[\"https:\/\/narteks.net\/index.php\/2018\/08\/08\/dugun-gecesi-sait-faik-abasiyanik\/\"]}]},{\"@type\":\"ImageObject\",\"inLanguage\":\"tr\",\"@id\":\"https:\/\/narteks.net\/index.php\/2018\/08\/08\/dugun-gecesi-sait-faik-abasiyanik\/#primaryimage\",\"url\":\"https:\/\/narteks.net\/wp-content\/uploads\/saitfaikabasyanik-1.jpg\",\"contentUrl\":\"https:\/\/narteks.net\/wp-content\/uploads\/saitfaikabasyanik-1.jpg\",\"width\":155,\"height\":205},{\"@type\":\"BreadcrumbList\",\"@id\":\"https:\/\/narteks.net\/index.php\/2018\/08\/08\/dugun-gecesi-sait-faik-abasiyanik\/#breadcrumb\",\"itemListElement\":[{\"@type\":\"ListItem\",\"position\":1,\"name\":\"Anasayfa\",\"item\":\"https:\/\/narteks.net\/\"},{\"@type\":\"ListItem\",\"position\":2,\"name\":\"D\u00fc\u011f\u00fcn Gecesi | Sait Faik Abas\u0131yan\u0131k\"}]},{\"@type\":\"WebSite\",\"@id\":\"https:\/\/narteks.net\/#website\",\"url\":\"https:\/\/narteks.net\/\",\"name\":\"narteks.net\",\"description\":\"K\u00fclt\u00fcr Sanat Edebiyat Felsefe\",\"publisher\":{\"@id\":\"https:\/\/narteks.net\/#organization\"},\"alternateName\":\"K\u00fclt\u00fcr Sanat Edebiyat Felsefe\",\"potentialAction\":[{\"@type\":\"SearchAction\",\"target\":{\"@type\":\"EntryPoint\",\"urlTemplate\":\"https:\/\/narteks.net\/?s={search_term_string}\"},\"query-input\":{\"@type\":\"PropertyValueSpecification\",\"valueRequired\":true,\"valueName\":\"search_term_string\"}}],\"inLanguage\":\"tr\"},{\"@type\":\"Organization\",\"@id\":\"https:\/\/narteks.net\/#organization\",\"name\":\"narteks.net\",\"url\":\"https:\/\/narteks.net\/\",\"logo\":{\"@type\":\"ImageObject\",\"inLanguage\":\"tr\",\"@id\":\"https:\/\/narteks.net\/#\/schema\/logo\/image\/\",\"url\":\"https:\/\/narteks.net\/wp-content\/uploads\/narteks.png\",\"contentUrl\":\"https:\/\/narteks.net\/wp-content\/uploads\/narteks.png\",\"width\":300,\"height\":90,\"caption\":\"narteks.net\"},\"image\":{\"@id\":\"https:\/\/narteks.net\/#\/schema\/logo\/image\/\"},\"sameAs\":[\"https:\/\/x.com\/narteks\",\"https:\/\/instagram.com\/narteksnet\"]},{\"@type\":\"Person\",\"@id\":\"https:\/\/narteks.net\/#\/schema\/person\/61f37d9834294b72d31d274e7ed79bca\",\"name\":\"Tar\u0131k\",\"image\":{\"@type\":\"ImageObject\",\"inLanguage\":\"tr\",\"@id\":\"https:\/\/narteks.net\/#\/schema\/person\/image\/\",\"url\":\"https:\/\/secure.gravatar.com\/avatar\/50865afb55632c4ae467e0af0930f6510aa2297d8014be502a55b14f3b7550cf?s=96&d=mm&r=g\",\"contentUrl\":\"https:\/\/secure.gravatar.com\/avatar\/50865afb55632c4ae467e0af0930f6510aa2297d8014be502a55b14f3b7550cf?s=96&d=mm&r=g\",\"caption\":\"Tar\u0131k\"},\"sameAs\":[\"http:\/\/narteks.net\"],\"url\":\"https:\/\/narteks.net\/index.php\/author\/narbak\/\"}]}<\/script>\n<!-- \/ Yoast SEO Premium plugin. -->","yoast_head_json":{"title":"D\u00fc\u011f\u00fcn Gecesi | Sait Faik Abas\u0131yan\u0131k - narteks.net","robots":{"index":"index","follow":"follow","max-snippet":"max-snippet:-1","max-image-preview":"max-image-preview:large","max-video-preview":"max-video-preview:-1"},"canonical":"https:\/\/narteks.net\/index.php\/2018\/08\/08\/dugun-gecesi-sait-faik-abasiyanik\/","og_locale":"tr_TR","og_type":"article","og_title":"D\u00fc\u011f\u00fcn Gecesi | Sait Faik Abas\u0131yan\u0131k","og_description":"Ahmet, on alt\u0131 ya\u015f\u0131na bast\u0131\u011f\u0131 halde, daha n\u00fcfusa kaydedil\u00admemi\u015fti. Zenciye \u00e7alan esmer bir rengi, bas\u0131k yayvan burnu iki parmak aln\u0131n\u0131n \u00fcst\u00fcnde lacivert par\u0131lt\u0131lar yapan parlak sa\u00e7lar\u0131 vard\u0131. Yanaklar\u0131 t\u00fcyl\u00fc idi. Lacivert \u015fayaktan elbisesi i\u00e7indeki narin ve atletik v\u00fccudu tamamen te\u015fekk\u00fcl etmi\u015fe benzerdi. Onu n\u00fcfus k\u00e2tibinin \u00f6n\u00fcne \u00e7\u0131karan babas\u0131na, adam, evvela, \u00e7att\u0131: \u2014 Utanmaz m\u0131s\u0131n? dedi. [&hellip;]","og_url":"https:\/\/narteks.net\/index.php\/2018\/08\/08\/dugun-gecesi-sait-faik-abasiyanik\/","og_site_name":"narteks.net","article_published_time":"2018-08-08T11:27:23+00:00","article_modified_time":"2024-04-27T08:20:48+00:00","og_image":[{"url":"http:\/\/narteks.net\/wp-content\/uploads\/saitfaikabasyanik-1-150x150.jpg","type":"","width":"","height":""}],"author":"Tar\u0131k","twitter_card":"summary_large_image","twitter_creator":"@narteks","twitter_site":"@narteks","twitter_misc":{"Yazan:":"Tar\u0131k","Tahmini okuma s\u00fcresi":"7 dakika"},"schema":{"@context":"https:\/\/schema.org","@graph":[{"@type":"Article","@id":"https:\/\/narteks.net\/index.php\/2018\/08\/08\/dugun-gecesi-sait-faik-abasiyanik\/#article","isPartOf":{"@id":"https:\/\/narteks.net\/index.php\/2018\/08\/08\/dugun-gecesi-sait-faik-abasiyanik\/"},"author":{"name":"Tar\u0131k","@id":"https:\/\/narteks.net\/#\/schema\/person\/61f37d9834294b72d31d274e7ed79bca"},"headline":"D\u00fc\u011f\u00fcn Gecesi | Sait Faik Abas\u0131yan\u0131k","datePublished":"2018-08-08T11:27:23+00:00","dateModified":"2024-04-27T08:20:48+00:00","mainEntityOfPage":{"@id":"https:\/\/narteks.net\/index.php\/2018\/08\/08\/dugun-gecesi-sait-faik-abasiyanik\/"},"wordCount":1310,"commentCount":0,"publisher":{"@id":"https:\/\/narteks.net\/#organization"},"image":{"@id":"https:\/\/narteks.net\/index.php\/2018\/08\/08\/dugun-gecesi-sait-faik-abasiyanik\/#primaryimage"},"thumbnailUrl":"http:\/\/narteks.net\/wp-content\/uploads\/saitfaikabasyanik-1-150x150.jpg","articleSection":["T\u00fcrkiye'den \u00d6yk\u00fcler"],"inLanguage":"tr","potentialAction":[{"@type":"CommentAction","name":"Comment","target":["https:\/\/narteks.net\/index.php\/2018\/08\/08\/dugun-gecesi-sait-faik-abasiyanik\/#respond"]}]},{"@type":"WebPage","@id":"https:\/\/narteks.net\/index.php\/2018\/08\/08\/dugun-gecesi-sait-faik-abasiyanik\/","url":"https:\/\/narteks.net\/index.php\/2018\/08\/08\/dugun-gecesi-sait-faik-abasiyanik\/","name":"D\u00fc\u011f\u00fcn Gecesi | Sait Faik Abas\u0131yan\u0131k - narteks.net","isPartOf":{"@id":"https:\/\/narteks.net\/#website"},"primaryImageOfPage":{"@id":"https:\/\/narteks.net\/index.php\/2018\/08\/08\/dugun-gecesi-sait-faik-abasiyanik\/#primaryimage"},"image":{"@id":"https:\/\/narteks.net\/index.php\/2018\/08\/08\/dugun-gecesi-sait-faik-abasiyanik\/#primaryimage"},"thumbnailUrl":"http:\/\/narteks.net\/wp-content\/uploads\/saitfaikabasyanik-1-150x150.jpg","datePublished":"2018-08-08T11:27:23+00:00","dateModified":"2024-04-27T08:20:48+00:00","breadcrumb":{"@id":"https:\/\/narteks.net\/index.php\/2018\/08\/08\/dugun-gecesi-sait-faik-abasiyanik\/#breadcrumb"},"inLanguage":"tr","potentialAction":[{"@type":"ReadAction","target":["https:\/\/narteks.net\/index.php\/2018\/08\/08\/dugun-gecesi-sait-faik-abasiyanik\/"]}]},{"@type":"ImageObject","inLanguage":"tr","@id":"https:\/\/narteks.net\/index.php\/2018\/08\/08\/dugun-gecesi-sait-faik-abasiyanik\/#primaryimage","url":"https:\/\/narteks.net\/wp-content\/uploads\/saitfaikabasyanik-1.jpg","contentUrl":"https:\/\/narteks.net\/wp-content\/uploads\/saitfaikabasyanik-1.jpg","width":155,"height":205},{"@type":"BreadcrumbList","@id":"https:\/\/narteks.net\/index.php\/2018\/08\/08\/dugun-gecesi-sait-faik-abasiyanik\/#breadcrumb","itemListElement":[{"@type":"ListItem","position":1,"name":"Anasayfa","item":"https:\/\/narteks.net\/"},{"@type":"ListItem","position":2,"name":"D\u00fc\u011f\u00fcn Gecesi | Sait Faik Abas\u0131yan\u0131k"}]},{"@type":"WebSite","@id":"https:\/\/narteks.net\/#website","url":"https:\/\/narteks.net\/","name":"narteks.net","description":"K\u00fclt\u00fcr Sanat Edebiyat Felsefe","publisher":{"@id":"https:\/\/narteks.net\/#organization"},"alternateName":"K\u00fclt\u00fcr Sanat Edebiyat Felsefe","potentialAction":[{"@type":"SearchAction","target":{"@type":"EntryPoint","urlTemplate":"https:\/\/narteks.net\/?s={search_term_string}"},"query-input":{"@type":"PropertyValueSpecification","valueRequired":true,"valueName":"search_term_string"}}],"inLanguage":"tr"},{"@type":"Organization","@id":"https:\/\/narteks.net\/#organization","name":"narteks.net","url":"https:\/\/narteks.net\/","logo":{"@type":"ImageObject","inLanguage":"tr","@id":"https:\/\/narteks.net\/#\/schema\/logo\/image\/","url":"https:\/\/narteks.net\/wp-content\/uploads\/narteks.png","contentUrl":"https:\/\/narteks.net\/wp-content\/uploads\/narteks.png","width":300,"height":90,"caption":"narteks.net"},"image":{"@id":"https:\/\/narteks.net\/#\/schema\/logo\/image\/"},"sameAs":["https:\/\/x.com\/narteks","https:\/\/instagram.com\/narteksnet"]},{"@type":"Person","@id":"https:\/\/narteks.net\/#\/schema\/person\/61f37d9834294b72d31d274e7ed79bca","name":"Tar\u0131k","image":{"@type":"ImageObject","inLanguage":"tr","@id":"https:\/\/narteks.net\/#\/schema\/person\/image\/","url":"https:\/\/secure.gravatar.com\/avatar\/50865afb55632c4ae467e0af0930f6510aa2297d8014be502a55b14f3b7550cf?s=96&d=mm&r=g","contentUrl":"https:\/\/secure.gravatar.com\/avatar\/50865afb55632c4ae467e0af0930f6510aa2297d8014be502a55b14f3b7550cf?s=96&d=mm&r=g","caption":"Tar\u0131k"},"sameAs":["http:\/\/narteks.net"],"url":"https:\/\/narteks.net\/index.php\/author\/narbak\/"}]}},"_links":{"self":[{"href":"https:\/\/narteks.net\/index.php\/wp-json\/wp\/v2\/posts\/7126","targetHints":{"allow":["GET"]}}],"collection":[{"href":"https:\/\/narteks.net\/index.php\/wp-json\/wp\/v2\/posts"}],"about":[{"href":"https:\/\/narteks.net\/index.php\/wp-json\/wp\/v2\/types\/post"}],"author":[{"embeddable":true,"href":"https:\/\/narteks.net\/index.php\/wp-json\/wp\/v2\/users\/1"}],"replies":[{"embeddable":true,"href":"https:\/\/narteks.net\/index.php\/wp-json\/wp\/v2\/comments?post=7126"}],"version-history":[{"count":1,"href":"https:\/\/narteks.net\/index.php\/wp-json\/wp\/v2\/posts\/7126\/revisions"}],"predecessor-version":[{"id":7858,"href":"https:\/\/narteks.net\/index.php\/wp-json\/wp\/v2\/posts\/7126\/revisions\/7858"}],"wp:attachment":[{"href":"https:\/\/narteks.net\/index.php\/wp-json\/wp\/v2\/media?parent=7126"}],"wp:term":[{"taxonomy":"category","embeddable":true,"href":"https:\/\/narteks.net\/index.php\/wp-json\/wp\/v2\/categories?post=7126"},{"taxonomy":"post_tag","embeddable":true,"href":"https:\/\/narteks.net\/index.php\/wp-json\/wp\/v2\/tags?post=7126"}],"curies":[{"name":"wp","href":"https:\/\/api.w.org\/{rel}","templated":true}]}}