{"id":7142,"date":"2018-08-15T22:49:35","date_gmt":"2018-08-15T19:49:35","guid":{"rendered":"http:\/\/localhost\/wordpress\/2018\/08\/15\/sinif-irkciligi-etienne-balibar\/"},"modified":"2024-04-27T07:01:30","modified_gmt":"2024-04-27T04:01:30","slug":"sinif-irkciligi-etienne-balibar","status":"publish","type":"post","link":"https:\/\/narteks.net\/index.php\/2018\/08\/15\/sinif-irkciligi-etienne-balibar\/","title":{"rendered":"S\u0131n\u0131f Irk\u00e7\u0131l\u0131\u011f\u0131 | Etienne Balibar"},"content":{"rendered":"<p style=\"text-align: justify;\"><img loading=\"lazy\" decoding=\"async\" class=\"wp-image-7826 size-thumbnail alignleft\" src=\"http:\/\/narteks.net\/wp-content\/uploads\/etienne_balibar-150x150.jpg\" alt=\"\" width=\"150\" height=\"150\" \/>\u00dcst d\u00fczey \u0131rk\u00e7\u0131l\u0131k \u00e7\u00f6z\u00fcmlemeleri \u0131rk\u00e7\u0131 kuramlar\u0131n incelenmesine \u00f6ncelik verdiklerinde, &#8220;sosyolojik&#8221; \u0131rk\u00e7\u0131l\u0131\u011f\u0131n bir kitle g\u00f6r\u00fcng\u00fcs\u00fc oldu\u011funu ortaya \u00e7\u0131kar\u0131rlar. B\u00f6ylelikle i\u015f\u00e7i s\u0131n\u0131f\u0131nda \u0131rk\u00e7\u0131l\u0131\u011f\u0131n geli\u015fmesi (ki bu kom\u00fcnist ve sosyalist militanlara do\u011faya ayk\u0131r\u0131 gelir) kitlelerde varolan bir e\u011filimin sonucu halini al\u0131r. Kurumsal \u0131rk\u00e7\u0131l\u0131k, bu psikososyolojik &#8220;kitle&#8221; kategorisinin yap\u0131l\u0131\u015f\u0131na bile yans\u0131r. \u00d6yleyse s\u0131n\u0131flardan kitlelere ge\u00e7erek kitleleri, \u0131rk\u00e7\u0131l\u0131\u011f\u0131n hem ayr\u0131cal\u0131kl\u0131 nesnesi, hem de \u00f6znesi olarak g\u00f6steren bu yer de\u011fi\u015ftirme s\u00fcrecini \u00e7\u00f6z\u00fcmlemeye \u00e7al\u0131\u015fmak gerekmektedir.<\/p>\n<p>Bir toplumsal s\u0131n\u0131f\u0131n, (kimli\u011fi terimini kullanmamak i\u00e7in) ideolojisi, konumu nedeniyle \u0131rk\u00e7\u0131 tutumlara ve davran\u0131\u015flara e\u011filimli oldu\u011fu s\u00f6ylenebilir mi? Bu soru daha \u00e7ok, Nazizm&#8217;in y\u00fckseli\u015fi konusunda \u00f6nce spek\u00fclasyonlar d\u00fczeyinde daha sonra \u00e7e\u015fitli ampirik g\u00f6stergeler yoluyla tart\u0131\u015f\u0131lm\u0131\u015ft\u0131. &#8220;K\u00fc\u00e7\u00fck burjuvazi&#8221; konusunda daha a\u011f\u0131rl\u0131kl\u0131 bir tercih bulunmakla birlikte, \u015f\u00fcphelerin \u00fczerinde yo\u011funla\u015fmad\u0131\u011f\u0131 neredeyse hi\u00e7bir toplumsal s\u0131n\u0131f olmad\u0131\u011f\u0131ndan, sonu\u00e7 t\u00fcm\u00fcyle paradoksal olmu\u015ftur. &#8220;K\u00fc\u00e7\u00fck burjuva&#8221; kavram\u0131 da, daha \u00e7ok, toplumun birbirinden ayn\u0131 n\u00fcfus dilimlerine b\u00f6l\u00fcnmesine dayal\u0131 bir s\u0131n\u0131fsal \u00e7\u00f6z\u00fcmlemenin \u00e7\u0131kmazlar\u0131n\u0131 yans\u0131tt\u0131\u011f\u0131ndan, a\u00e7\u0131k\u00e7as\u0131, ikircil bir kavramd\u0131r. K\u00f6keninde siyasal su\u00e7lama ta\u015f\u0131yan t\u00fcm sorularda oldu\u011fu gibi burada da soruyu tersine \u00e7evirmeliyiz:<\/p>\n<p>G\u00fcnl\u00fck hayat\u0131 ku\u015fatan \u0131rk\u00e7\u0131l\u0131\u011f\u0131n (ya da ona neden olan hareketin) temellerini k\u00fc\u00e7\u00fck burjuvazinin do\u011fas\u0131nda aramak yerine, \u0131rk\u00e7\u0131l\u0131\u011f\u0131n geli\u015fiminin nas\u0131l olup da farkl\u0131 maddi ko\u015fullardan bir &#8220;k\u00fc\u00e7\u00fck burjuva&#8221; kitlesi ortaya \u00e7\u0131kard\u0131\u011f\u0131n\u0131 anlamaya \u00e7al\u0131\u015fmal\u0131y\u0131z. B\u00f6ylece \u0131rk\u00e7\u0131l\u0131\u011f\u0131n s\u0131n\u0131fsal temelleri gibi k\u00f6t\u00fc sorulmu\u015f bir sorunun yerine, bu sorunun k\u0131smen perdeledi\u011fi daha karma\u015f\u0131k ve kesin bir soru koyabiliriz. Bu, milliyet\u00e7ili\u011fe ek olarak \u0131rk\u00e7\u0131l\u0131k ile toplumda s\u0131n\u0131f \u00e7at\u0131\u015fmalar\u0131n\u0131n indirgenemezli\u011fi aras\u0131ndaki ili\u015fkilere dair bir sorudur. Irk\u00e7\u0131l\u0131\u011f\u0131n geli\u015fiminin s\u0131n\u0131f \u00e7at\u0131\u015fmas\u0131n\u0131n yerini nas\u0131l ald\u0131\u011f\u0131n\u0131, ya da daha ziyade bu \u00e7at\u0131\u015fman\u0131n &#8220;\u0131rkla\u015ft\u0131r\u0131c\u0131&#8221; bir toplumsal ili\u015fki taraf\u0131ndan nas\u0131l d\u00f6n\u00fc\u015ft\u00fcr\u00fclm\u00fc\u015f oldu\u011funu; ve ayn\u0131 zamanda, tam tersine, s\u0131n\u0131f m\u00fccadelesine getirilen milliyet\u00e7i alternatifin \u00f6zellikle \u0131rk\u00e7\u0131l\u0131k bi\u00e7imini almas\u0131 olgusunun hangi nedenle bu m\u00fccadelenin uzla\u015fmaz \u00f6zelli\u011finin bir g\u00f6stergesi say\u0131labilece\u011fini sormam\u0131z gerekecek. Ku\u015fkusuz bu, (maddi varolu\u015f ve \u00e7al\u0131\u015fma ko\u015fullar\u0131yla, fakat ayn\u0131 zamanda ideolojik gelenekler ve pratik siyasal ili\u015fkilerle belirlenen) s\u0131n\u0131fsal durumun verili bir konjonkt\u00fcrde, \u0131rk\u00e7\u0131l\u0131\u011f\u0131n toplumdaki etkilerini \u2014 yani &#8220;eyleme ge\u00e7i\u015f&#8221; bi\u00e7imlerini ve s\u0131kl\u0131\u011f\u0131n\u0131, onu ifade eden s\u00f6ylemi, militan \u0131rk\u00e7\u0131l\u0131\u011f\u0131n benimsenmesini\u2014 nas\u0131l belirledi\u011fini incelemenin \u00f6nemli olmad\u0131\u011f\u0131 anlam\u0131na gelmez.<\/p>\n<p>Irk\u00e7\u0131l\u0131\u011f\u0131n s\u0131n\u0131f m\u00fccadelesince s\u00fcrekli olarak &#8220;\u00fcst-belirlenmesinin&#8221; izleri, tarihine bak\u0131ld\u0131\u011f\u0131nda t\u00fcmel olarak milliyet\u00e7i belirleme kadar saptanabilir durumdad\u0131r ve her yerde fantazmalar\u0131n\u0131n ve pratiklerinin anlam\u0131ndaki \u00f6ze ba\u011fl\u0131d\u0131r. Bu da bizim, &#8220;modernlik&#8221; sosyologlar\u0131n\u0131n o \u00e7ok \u00f6nem verdikleri genellemelerden daha somut ve kesin bir belirlemeyle u\u011fra\u015ft\u0131\u011f\u0131m\u0131z\u0131 g\u00f6stermeye yeter. Irk\u00e7\u0131l\u0131kta ya da \u0131rk\u00e7\u0131l\u0131k-milliyet\u00e7ilik \u0130kilisinde, (eski, &#8220;kapal\u0131&#8221;, &#8220;hiyerar\u015fik&#8221; toplumlar ve &#8220;a\u00e7\u0131k&#8221; &#8220;hareketli&#8221; toplumlar \u015feklindeki ikili b\u00f6l\u00fcmlemenin sonucu olarak) modern toplumlar\u0131n \u00f6zelli\u011fi say\u0131lan bireycilik ya da e\u015fitlik\u00e7ili\u011fin paradoksal ifadelerinden birini ya da bu bireycili\u011fe kar\u015f\u0131 &#8220;cemaat&#8221; bi\u00e7imindeki bir toplumsal d\u00fczenin nostaljisini yans\u0131tan bir savunma tepkisini g\u00f6rmek yeterli de\u011fildir. Bireycilik yaln\u0131zca (emek g\u00fcc\u00fc i\u00e7indeki rekabet de dahil) s\u0131n\u0131f m\u00fccadelelerinin bask\u0131s\u0131 alt\u0131nda bireylerin bir araya gelmesiyle istikrars\u0131z bir denge tutturan somut ticari rekabet bi\u00e7imlerinde mevcuttur. E\u015fitlik\u00e7ilik yaln\u0131zca, (varsa) siyasal demokrasinin, (varsa) &#8220;koruyucu-devletin&#8221;, varolu\u015f ko\u015fullar\u0131n\u0131n kutupla\u015fmas\u0131n\u0131n, k\u00fclt\u00fcrel ayr\u0131mc\u0131l\u0131\u011f\u0131n, reformist ya da devrimci \u00fctopyan\u0131n \u00e7eli\u015fen bi\u00e7imlerinde mevcuttur. Irk\u00e7\u0131l\u0131\u011fa &#8220;iktisadi&#8221; bir boyut veren \u015fey, basit antropolojik fig\u00fcrler de\u011fil bu belirlemelerdir.<\/p>\n<p>Ama yine de \u0131rk\u00e7\u0131l\u0131kla s\u0131n\u0131f m\u00fccadelesi aras\u0131ndaki ili\u015fkinin tarihsel bi\u00e7imlerinin heterojenli\u011fi sorun yaratmaktad\u0131r. Bu heterojenlik, antisemitizmin &#8220;Yahudi paras\u0131&#8221; temas\u0131 etraf\u0131nda ucuz &#8220;anti- kapitalizm&#8221; halini al\u0131\u015f \u015feklinden, g\u00fcn\u00fcm\u00fczde g\u00f6\u00e7 kategorisinin \u0131rksal izi ve s\u0131n\u0131fsal kini birle\u015ftirme \u015fekline kadar uzanmaktad\u0131r. Bu g\u00f6r\u00fcn\u00fc\u015flerin hi\u00e7biri (kendilerine tekab\u00fcl eden konjonkt\u00fcrler gibi), indirgenemez; bu da, \u0131rk\u00e7\u0131l\u0131kla s\u0131n\u0131f m\u00fccadelesi aras\u0131nda herhangi bir basit &#8220;d\u0131\u015favurum&#8221; (ya da ik\u00e2me) ili\u015fkisi tan\u0131mlamay\u0131 engeller.<\/p>\n<p>Esas olarak 1870 ve 1945 y\u0131llar\u0131 aras\u0131ndaki d\u00f6nemde (yani Avrupa&#8217;n\u0131n burjuva devletleriyle, \u00f6rg\u00fctl\u00fc proletarya enternasyonalizmi aras\u0131ndaki \u00e7arp\u0131\u015fman\u0131n stratejik d\u00f6neminde) antisemitizmin anti- kapitalist bir aldatmaca olarak kullan\u0131lmas\u0131nda g\u00f6rd\u00fc\u011f\u00fcm\u00fcz, yaln\u0131zca, i\u015f\u00e7ilerin ba\u015fkald\u0131r\u0131s\u0131 i\u00e7in bir g\u00fcnah ke\u00e7isi bulunmas\u0131, i\u015f\u00e7iler aras\u0131ndaki b\u00f6l\u00fcnmelerin istismar edilmesi ya da yaln\u0131zca soyut bir toplumsal sistemin k\u00f6t\u00fcl\u00fcklerinin bundan &#8220;sorumlu olanlar&#8221;\u0131n hayali ki\u015file\u015ftirilmelerine yans\u0131t\u0131larak temsil edilmesi (her ne kadar bu mekanizma \u0131rk\u00e7\u0131l\u0131\u011f\u0131n i\u015fleyi\u015fi i\u00e7in temel olu\u015ftursa da) de\u011fildir. Burada birbirlerini e\u011fretilemeye elveri\u015fli iki tarihsel anlat\u0131n\u0131n &#8220;kayna\u015f\u0131m\u0131&#8221;n\u0131 da g\u00f6r\u00fcr\u00fcz: bir yanda kay\u0131p &#8220;H\u0131ristiyan Avrupa&#8221; birli\u011fi pahas\u0131na uluslar\u0131n olu\u015fumu anlat\u0131s\u0131; di\u011fer yanda ulusal ba\u011f\u0131ms\u0131zl\u0131kla, s\u0131n\u0131f m\u00fccadelelerinin uluslararas\u0131la\u015fmas\u0131na tekab\u00fcl etme riskini ta\u015f\u0131yan, kapitalist iktisadi ili\u015fkilerin uluslararas\u0131la\u015fmas\u0131 aras\u0131ndaki \u00e7at\u0131\u015fman\u0131n anlat\u0131s\u0131 vard\u0131r. T\u00fcm uluslar\u0131n ortak &#8220;i\u00e7erideki d\u0131\u015flanm\u0131\u015f\u0131&#8221; olan, fakat ayn\u0131 zamanda olumsuz olarak, nesnesi oldu\u011fu teolojik kin nedeniyle, &#8220;H\u0131ristiyan halklar\u0131&#8221; birle\u015ftirdi\u011fi varsay\u0131lan sevginin kan\u0131t\u0131 olan Yahudi, i\u015fte bu nedenle, hem kay\u0131p birli\u011fin izini yemden canland\u0131rabilir hem de her ulusal ba\u011f\u0131ms\u0131zl\u0131\u011f\u0131 tehdit eden &#8220;sermaye kozmopolit\u00e7ili\u011fi&#8221;yle imgesel olarak \u00f6zde\u015fle\u015ftirilebilir.<\/p>\n<p>G\u00f6\u00e7men kar\u015f\u0131t\u0131 \u0131rk\u00e7\u0131l\u0131k, s\u0131n\u0131f konumuyla etnik k\u00f6keni en \u00fcst d\u00fczeyde \u00f6zde\u015fle\u015ftirdi\u011finde, ortaya bamba\u015fka bir g\u00f6r\u00fcnt\u00fc \u00e7\u0131kar (bu \u00f6zde\u015fle\u015ftirmenin ger\u00e7ek temelleri her zaman i\u00e7in, kimi kez yo\u011fun kimi kez seyrek olsa da hi\u00e7bir zaman ortadan kalkmayan, i\u015f\u00e7i s\u0131n\u0131f\u0131n\u0131n durumunun \u00f6zellikle proleter niteliklerinden birini olu\u015fturan b\u00f6lgeleraras\u0131, uluslararas\u0131 ya da k\u0131talararas\u0131 i\u015f\u00e7i s\u0131n\u0131f\u0131 hareketlili\u011finde mevcuttur). Irk\u00e7\u0131l\u0131k bu \u00f6zde\u015fle\u015ftirmeyi uzla\u015fmaz toplumsal i\u015flevler karmas\u0131yla birle\u015ftirir: B\u00f6ylece Frans\u0131z toplumunun Magripliler taraf\u0131ndan &#8220;istilas\u0131&#8221;, i\u015fsizli\u011fe neden olan g\u00f6\u00e7 temalar\u0131, &#8220;bizim&#8221; i\u015fletmelerimizi, &#8220;bizim&#8221; gayri menkullerimizi, &#8220;bizim&#8221; yazl\u0131klar\u0131m\u0131z\u0131 sat\u0131n alan petrol \u015feyhlerinin paras\u0131 temas\u0131yla ba\u011flant\u0131l\u0131 hale gelir. Bu, Cezayirliler&#8217;in, Tunuslular&#8217;\u0131n ya da Fasl\u0131lar&#8217;\u0131n soy olarak neden &#8220;Arap&#8221; diye adland\u0131r\u0131lmalar\u0131 gerekti\u011fim k\u0131smen a\u00e7\u0131klamaktad\u0131r (tabii bu &#8220;g\u00f6steren&#8221;in \u2014ki s\u00f6ylemin ger\u00e7ek merkezidir\u2014 bu temalarla ter\u00f6rizm, \u0130slam vb. temalar\u0131 birbirine ba\u011flad\u0131\u011f\u0131m da unutmamak gerekir). Fakat, terimlerin de\u011ferlerinin tersy\u00fcz olu\u015fundan ileri gelenler de dahil olmak \u00fczere, di\u011fer g\u00f6r\u00fcn\u00fcmler unutulmamal\u0131d\u0131r. Bu tersy\u00fcz olu\u015fun bir \u00f6rne\u011fi, belki de yirmili y\u0131llarda Japon milliyet\u00e7ili\u011fi taraf\u0131ndan yarat\u0131lan; herhal\u00fck\u00e2rda, g\u00fcn\u00fcm\u00fczdeki hortlay\u0131\u015f\u0131 g\u00f6z \u00f6n\u00fcne al\u0131nd\u0131\u011f\u0131nda sessizce ge\u00e7i\u015ftirilemeyecek Nazizm&#8217;in belirginle\u015fmesinde \u00e7ok \u00f6nemli bir rol oynamas\u0131 \u00f6ng\u00f6r\u00fclen &#8220;proleter ulus&#8221; temas\u0131d\u0131r.<\/p>\n<p>Bu g\u00f6r\u00fcn\u00fcmlerin karma\u015f\u0131kl\u0131\u011f\u0131 ayn\u0131 zamanda, &#8220;\u0131rk&#8221; ve &#8220;s\u0131n\u0131f\u0131n&#8221;, tarihin modem temsillerinin merkezinde olan s\u00fcrekli bir diyalekti\u011fin \u00e7eli\u015fen kutuplar\u0131n\u0131 olu\u015fturdu\u011funu eme\u011fe ili\u015fkin ka\u00e7\u0131n\u0131lmaz bir varsay\u0131m olarak kabul etti\u011fimiz halde, \u0131rk\u00e7\u0131l\u0131\u011f\u0131n &#8220;s\u0131n\u0131f bilinci&#8221;ne kar\u015f\u0131 kullan\u0131lmas\u0131 d\u00fc\u015f\u00fcncesini (s\u0131n\u0131f bilincinin \u0131rk\u00e7\u0131l\u0131k taraf\u0131ndan engellenmedi\u011fi, cayd\u0131r\u0131lmad\u0131\u011f\u0131, bozulmad\u0131\u011f\u0131 s\u00fcrece s\u0131n\u0131f ko\u015fullar\u0131nda do\u011fal olarak \u00e7\u0131kmas\u0131 gerekirmi\u015f\u00e7esine) kay\u0131ts\u0131z \u015farts\u0131z sahiplenmenin neden m\u00fcmk\u00fcn olmad\u0131\u011f\u0131n\u0131 da a\u00e7\u0131kl\u0131\u011fa kavu\u015fturmaktad\u0131r. Bundan ba\u015fka i\u015f\u00e7i hareketi i\u00e7inde ya da onun kuramc\u0131lar\u0131 aras\u0131nda \u0131rk\u00e7\u0131l\u0131\u011fa ara\u00e7c\u0131, entrikac\u0131 yakla\u015f\u0131mlar\u0131n da (ki bunlann bedelinin ne denli pahal\u0131 bir \u015fekilde \u00f6dendi\u011fini biliyoruz: W. Reich bunu ilk g\u00f6renlerden oldu\u011fu i\u00e7in \u00e7ok de\u011ferlidir), \u0131rk\u00e7\u0131l\u0131kta \u015fu ya da bu s\u0131n\u0131fsal durumun &#8220;yans\u0131mas\u0131n\u0131&#8221; g\u00f6ren mekanik\u00e7i g\u00f6r\u00fc\u015fler gibi, i\u015f\u00e7i s\u0131n\u0131f\u0131nda ve onun \u00f6rg\u00fctlerinde milliyet\u00e7ili\u011fin varl\u0131\u011f\u0131n\u0131, ba\u015fka bir deyi\u015fle \u0131rk\u00e7\u0131l\u0131\u011fa kar\u015f\u0131 kitlesel m\u00fccadelenin (kapitalizme kar\u015f\u0131 devrimci m\u00fccadele gibi) ba\u011fl\u0131 oldu\u011fu, s\u0131n\u0131f ideolojisi ve milliyet\u00e7ilik aras\u0131ndaki i\u00e7 \u00e7at\u0131\u015fmay\u0131 ink\u00e2r etme i\u015flevini g\u00f6rd\u00fcklerinden ku\u015fkulanmaktay\u0131z. Burada &#8220;s\u0131n\u0131f \u0131rk\u00e7\u0131l\u0131\u011f\u0131&#8221;n\u0131n baz\u0131 tarihsel g\u00f6r\u00fcn\u00fc\u015flerini tart\u0131\u015farak g\u00f6stermek istedi\u011fim \u015fey bu i\u00e7 \u00e7at\u0131\u015fman\u0131n evrimidir.<\/p>\n<p>Modem \u0131rk kavram\u0131n\u0131n, bir ayr\u0131mc\u0131l\u0131k ve hor g\u00f6rme s\u00f6yleminde yer al\u0131\u015f\u0131, insanl\u0131\u011f\u0131 &#8220;\u00fcst-insanl\u0131k&#8221; ve &#8220;alt-insanl\u0131k&#8221; olarak b\u00f6l\u00fc\u015f\u00fcyle, ba\u015flang\u0131\u00e7ta ulusal (ya da etnik) bir g\u00f6sterime de\u011fil, s\u0131n\u0131fsal bir g\u00f6sterime, daha do\u011frusu (toplumsal s\u0131n\u0131f e\u015fitsizli\u011fini yarat\u0131l\u0131\u015ftan gelen bir e\u015fitsizlik olarak sunmak s\u00f6z konusu oldu\u011fu i\u00e7in) bir kast g\u00f6sterimine sahip oldu\u011funu bir\u00e7ok \u0131rk\u00e7\u0131l\u0131k tarih\u00e7isi vurgulam\u0131\u015ft\u0131r (bunlar aras\u0131nda Poliakov, Michele Duchet ve Madeleine Reberioux, Colette Guillaumin ve modem k\u00f6lelik konusundaki \u00e7al\u0131\u015fmas\u0131yla E. Williams vard\u0131r). Bu a\u00e7\u0131dan, \u0131rk kavram\u0131n\u0131n \u00e7ifte k\u00f6keni vard\u0131r: Bir yanda aileden soylu olanlar\u0131n \u00fcst\u00fcn bir &#8220;\u0131rk&#8221; olarak aristokratik temsili (yani ger\u00e7ekte, egemenli\u011fi art\u0131k tehdit alt\u0131nda olan bir aristokrasinin siyasal ayr\u0131cal\u0131klar\u0131n\u0131n me\u015fruiyetini g\u00fcvenceye almas\u0131n\u0131 ve soya\u011fac\u0131n\u0131n ku\u015fkulu s\u00fcreklili\u011fini idealle\u015ftirmesini sa\u011flayan mitsel bir anlat\u0131); di\u011fer yanda ise zaten her zaman tutsakl\u0131\u011fa mahk\u00fbm olan ve \u00f6zerk bir uygarl\u0131k kurmaktan aciz, a\u015fa\u011f\u0131 &#8220;\u0131rk&#8221; muamelesine maruz kalan topluluklar\u0131n k\u00f6lelik yanl\u0131s\u0131 bir \u015fekilde temsil edilmeleri vard\u0131r. Kan, derinin rengi, melezlik s\u00f6ylemleri buradan kaynaklanmaktad\u0131r. Irk kavram\u0131n\u0131n, art arda gelen metamorfozlar\u0131n\u0131n ba\u015flang\u0131\u00e7 noktas\u0131 olan milliyet\u00e7i karma\u015f\u0131kla b\u00fct\u00fcnle\u015fmek \u00fczere &#8220;etnikle\u015fmesi&#8221; \u00e7ok daha sonra ger\u00e7ekle\u015fmi\u015ftir. \u015eu halde tarihin \u0131rk\u00e7\u0131 temsillerinin ba\u015ftan beri, s\u0131n\u0131f m\u00fccadeleleriyle ili\u015fkili olduklar\u0131m g\u00f6stermi\u015f oluruz. Fakat \u0131rk kavram\u0131n\u0131n evrili\u015f bi\u00e7imini ve milliyet\u00e7ili\u011fin &#8220;s\u0131n\u0131f \u0131rk\u00e7\u0131l\u0131\u011f\u0131n\u0131n&#8221; ilk \u015fekillerinden beri etkisini, di\u011fer bir deyi\u015fle siyasal belirlemesini incelemezsek bu olguya gereken \u00f6nemi veremeyiz.<\/p>\n<p>Aristokrasi kendini daha ba\u015ftan &#8220;\u0131rk&#8221; kategorisiyle d\u00fc\u015f\u00fcn\u00fcp sunmam\u0131\u015ft\u0131r: Burada s\u00f6z konusu olan gecikmi\u015f bir s\u00f6ylemdir; \u00f6rne\u011fin Fransa&#8217;da (&#8220;mavi kan&#8221; ve soylular\u0131n &#8220;Frank&#8221; ya da &#8220;Cermen&#8221; k\u00f6kenleri mitiyle) a\u00e7\u0131k\u00e7a bir savunma i\u015flevine sahip olan bu s\u00f6ylem, mutlak monar\u015fi feodal seny\u00f6rlerin zarar\u0131na devleti merkezile\u015ftirdi\u011finde ve b\u00fcnyesinde burjuva k\u00f6kenli, idari ve mali bir yeni aristokrasiyi &#8220;yaratmaya&#8221; ba\u015flad\u0131\u011f\u0131nda, b\u00f6ylece ulus-devletin kurulu\u015funun \u00e7ok \u00f6nemli bir a\u015famay\u0131 ge\u00e7mesini sa\u011flad\u0131\u011f\u0131nda geli\u015fmi\u015ftir. Klasik \u0130spanya \u00f6rne\u011fi daha da ilgin\u00e7tir. Poliakov&#8217;un bu konudaki \u00e7\u00f6z\u00fcmlemesi \u015f\u00f6yledir: Yeniden fetihten sonra gelen ve Katolikli\u011fin devlet dini olmas\u0131 i\u00e7in gerekli yol olan Yahudi k\u0131y\u0131m\u0131 ayn\u0131 zamanda, \u0130spanyolla\u015ft\u0131rman\u0131n (daha do\u011frusu Kastilyal\u0131la\u015ft\u0131rman\u0131n) kar\u015f\u0131 koydu\u011fu &#8220;\u00e7ok-uluslu&#8221; k\u00fclt\u00fcr\u00fcn de izidir. Bu nedenle Avrupa milliyet\u00e7ili\u011fi prototipinin olu\u015fumuyla s\u0131k\u0131 s\u0131k\u0131ya ilintilidir. Fakat, daha sonra t\u00fcm Avrupa ve Amerikan \u0131rk\u00e7\u0131l\u0131\u011f\u0131 s\u00f6yleminin devrald\u0131\u011f\u0131 &#8220;safkanl\u0131k stat\u00fclerinin&#8221; (limpieza de sangre) kurulmas\u0131yla sonu\u00e7land\u0131\u011f\u0131nda, daha da \u00e7ift anlaml\u0131 bir g\u00f6sterime b\u00fcr\u00fcn\u00fcr. Magripliler ve Yahudilerle ilk melezle\u015fmenin ink\u00e2r\u0131ndan kaynaklanan bu g\u00f6sterim, raza&#8217;n\u0131n kal\u0131t\u0131msal tan\u0131m\u0131 (ve nitelikleriyle ilgili soru\u015fturma) ger\u00e7ekte, hem bir i\u00e7 aristokrasiyi tecrit etmeye ve t\u00fcm &#8220;\u0130spanyol halk\u0131&#8221;na kurgusal bir asalet vermeye, hem de soyk\u0131r\u0131m, k\u00f6lele\u015ftirme, zorla H\u0131ristiyanla\u015ft\u0131rma, zorbal\u0131k yoluyla d\u00fcnyan\u0131n en b\u00fcy\u00fck s\u00f6m\u00fcrge imparatorluklar\u0131ndan birine h\u00fckmetti\u011fi s\u0131rada bu halktan bir &#8220;efendiler halk\u0131&#8221; yaratmaya yarar. \u0130\u015fte bu y\u00f6r\u00fcngede s\u0131n\u0131f \u0131rk\u00e7\u0131l\u0131\u011f\u0131 zaten milliyet\u00e7i \u0131rk\u00e7\u0131l\u0131\u011fa d\u00f6n\u00fc\u015f\u00fcr, ancak yine de kaybolmaz.<\/p>\n<p>Fakat bizim sorumuz i\u00e7in en \u00f6nemli olan nokta, 19. y\u00fczy\u0131l\u0131n ilk yar\u0131s\u0131ndan itibaren tan\u0131k olunan, de\u011ferlerin tersy\u00fcz olu\u015fudur. Aristokratik \u0131rk\u00e7\u0131l\u0131k (ki bu, bizzat s\u00f6ylemin sahibini \u0131rk haline getiren, g\u00fcn\u00fcm\u00fcz \u00e7\u00f6z\u00fcmlemecilerinin &#8220;kendine at\u0131fta bulunan&#8221; \u0131rk\u00e7\u0131l\u0131k diye adland\u0131rd\u0131klar\u0131 \u015feyin prototipidir; onun emperyalist torunlar\u0131n\u0131n s\u00f6m\u00fcrge ko\u015fullar\u0131ndaki \u00f6nemi de buradan kaynaklan\u0131r: Hindistan&#8217;daki \u0130ngilizler, Afrika&#8217;daki Frans\u0131zlar, soylar\u0131, \u00e7\u0131karlar\u0131, tav\u0131rlar\u0131 ne denli avam olursa olsun, kendilerini modem soylular olarak g\u00f6receklerdir) zaten ilkel sermaye birikimine dolayl\u0131 olarak ba\u011fl\u0131d\u0131r; bu da ancak s\u00f6m\u00fcrgeci uluslardaki i\u015fleviyle m\u00fcmk\u00fcnd\u00fcr. Sanayi Devrimi tam anlam\u0131yla kapitalist s\u0131n\u0131f ili\u015fkilerini yarat\u0131rken, burjuva \u00e7a\u011f\u0131n\u0131n yeni-\u0131rk\u00e7\u0131l\u0131\u011f\u0131n\u0131 da (bu tarihsel anlamda ilk &#8220;yeni-\u0131rk\u00e7\u0131l\u0131k&#8221;t\u0131r) ortaya \u00e7\u0131karm\u0131\u015ft\u0131r. Bu s\u00f6m\u00fcr\u00fclen (ve hatta, sosyal devletin ba\u015flang\u0131c\u0131ndan \u00f6nce a\u015f\u0131r\u0131 s\u00f6m\u00fcr\u00fclen) topluluk ve siyasal olarak tehlikeli topluluk gibi \u00e7ifte bir stat\u00fcye sahip olan proletaryay\u0131 hedefleyen bir \u0131rk\u00e7\u0131l\u0131kt\u0131r.<\/p>\n<p>\u00d6zellikle Louis Chevalier bunun anlat\u0131mlar a\u011f\u0131n\u0131 ayr\u0131nt\u0131lar\u0131yla tan\u0131mlam\u0131\u015ft\u0131r. Buna g\u00f6re \u0131rk kavram\u0131, &#8220;i\u015f\u00e7ilerin \u0131rk\u0131&#8221; konusunda, tarihsel-teolojik yan anlamlar\u0131ndan uzakla\u015farak hayali bir biyoloji, sosyoloji, psikoloji ve &#8220;toplumsal b\u00fcnye&#8221; patolojisi denkliklerinin alan\u0131na girmi\u015ftir. Burada polisiye, t\u0131bbi, insansever edebiyat\u0131n, k\u0131saca edebiyat\u0131n (ki toplumsal &#8220;ger\u00e7ek\u00e7ili\u011fin&#8221; siyasal anahtarlar\u0131ndan ve temel dramatik i\u00e7g\u00fc\u00e7lerinden biridir) tak\u0131nt\u0131 halini alm\u0131\u015f temalar\u0131 \u00e7\u0131kar kar\u015f\u0131m\u0131za. G\u00fcn\u00fcm\u00fcze dek bir toplumsal grubun \u0131rkla\u015ft\u0131r\u0131lmas\u0131 y\u00f6ntemlerinin hepsinin tipik g\u00f6r\u00fcn\u00fcmleri ilk kez tek bir s\u00f6ylemde toplanm\u0131\u015ft\u0131r. Bunlar, maddi ve manevi sefalet, su\u00e7 oran\u0131, soydan gelen k\u00f6t\u00fc al\u0131\u015fkanl\u0131klar (alkolizm, uyu\u015fturucu), bedensel ve ahlaki kusurlar, bedensel kirlilik ve cinsel kontrols\u00fczl\u00fck, insanl\u0131\u011f\u0131 &#8220;soysuzla\u015fma&#8221;yla tehdit eden \u00f6zel hastal\u0131klard\u0131r. Burada ay\u0131rt edici bir karars\u0131zl\u0131k vard\u0131r: Ya i\u015f\u00e7iler soysuzla\u015fm\u0131\u015f bir \u0131rkt\u0131r ya da yurtta\u015flar\u0131n, ulusun \u00fcyelerinin &#8220;\u0131rk\u0131&#8221; i\u00e7in bir soysuzluk tohumu olan \u015fey i\u015f\u00e7ilik durumudur, onlar\u0131n varl\u0131\u011f\u0131 ve onlarla temast\u0131r. Darwinci evrimcilikten, kar\u015f\u0131la\u015ft\u0131rmal\u0131 anatomi ve kitle psikolojisinden sahte-bilimsel g\u00fcvenceler alarak, en \u00e7ok da polis ve toplumsal kontrol kuramlar\u0131yla \u00f6r\u00fcl\u00fc bir a\u011fla sarmalanarak sosyobiyolojik (ve de psikiyatrik) determinizmin t\u00fcm varyantlar\u0131na dayanak olu\u015fturan hayali &#8220;emek\u00e7i s\u0131n\u0131flar&#8221; ve &#8220;tehlikeli s\u0131n\u0131flar&#8221; denklemi, toplumsal-iktisadi bir kategoriyle antropolojik ve ahlaki bir kategorinin kayna\u015ft\u0131r\u0131lmas\u0131, bu temalar yoluyla ger\u00e7ekle\u015fir.<\/p>\n<p>Oysa bu s\u0131n\u0131f \u0131rk\u00e7\u0131l\u0131\u011f\u0131, g\u00fcn\u00fcm\u00fcze dek e\u015fitsiz bir evrim ge\u00e7iren temel tarihsel s\u00fcre\u00e7lerden ayr\u0131lamaz. Burada yapt\u0131\u011f\u0131n\u0131, onlar\u0131 hat\u0131rlatmaktan ba\u015fka bir \u015fey de\u011fildir. S\u0131n\u0131f \u0131rk\u00e7\u0131l\u0131\u011f\u0131 \u00f6ncelikle, ulus-devletin kurulmas\u0131 a\u00e7\u0131s\u0131ndan \u00e7ok \u00f6nemli olan siyasal bir soruna ba\u011fl\u0131d\u0131r. &#8220;Burjuva devrimleri&#8221;, \u00f6zellikle de radikal hukuki e\u015fitlik\u00e7ili\u011fiyle Frans\u0131z Devrimi, kitlenin siyasal haklar\u0131 sorununu geri d\u00f6nd\u00fcr\u00fclemez bir \u015fekilde ortaya koymu\u015ftur. Bir bu\u00e7uk y\u00fczy\u0131ll\u0131k toplumsal m\u00fccadelelerden kazan\u0131lmas\u0131 umulan \u015fey buydu. Bireyler aras\u0131nda do\u011fu\u015ftan farkl\u0131l\u0131k oldu\u011fu d\u00fc\u015f\u00fcncesi ak\u0131l almaz de\u011filse bile hukuksal ve ahlaki a\u00e7\u0131dan \u00e7eli\u015fik hale gelmi\u015ftir. Fakat kurulu toplumsal d\u00fczen, m\u00fclkiyet ve &#8220;se\u00e7kinler&#8221; iktidar\u0131 a\u00e7\u0131s\u0131ndan &#8220;tehlikeli s\u0131n\u0131flar&#8221;\u0131n siyasal &#8220;ehliyet&#8217;ten zorla ve hukuk yoluyla d\u0131\u015flanmalar\u0131 ve kent-devletinin s\u0131n\u0131rlar\u0131nda tutulmalar\u0131 \u015fart oldu\u011fu s\u00fcrece, sonu\u00e7ta onlann tam insanl\u0131k ya da normal insanl\u0131k niteliklerinden anayasal olarak &#8220;yoksun olduklar\u0131n\u0131&#8221; g\u00f6stererek (ve buna ikna olarak) yurtta\u015fl\u0131klar\u0131n\u0131 ink\u00e2r etmek \u00f6nemli oldu\u011fu s\u00fcrece, bu d\u00fc\u015f\u00fcnce siyasal olarak ka\u00e7\u0131n\u0131lmazd\u0131. \u00d6yleyse burada iki antropoloji (benim deyimimle iki &#8220;h\u00fcmanizm&#8221;) \u00e7at\u0131\u015fmaktad\u0131r: do\u011fu\u015ftan e\u015fitlik antropolojisi ile kal\u0131t\u0131msal e\u015fitsizlik antropolojisi. Bu da toplumsal uzla\u015fmazl\u0131klar\u0131n yeniden benimsetilmesine izin verir.<\/p>\n<p>Oysa bu i\u015flem ba\u015ftan beri ulusal ideoloji taraf\u0131ndan \u00fcstbelirlenmi\u015ftir. Disraeli (Anglosakson &#8220;\u00fcst\u00fcn \u0131rk\u0131&#8221;na kar\u015f\u0131 &#8220;Yahudiler&#8217;in \u00fcst\u00fcnl\u00fc\u011f\u00fc&#8221;n\u00fcn \u015fa\u015f\u0131rt\u0131c\u0131 emperyalist kuramc\u0131s\u0131), \u00e7a\u011fda\u015f devletlerin sorununun tek bir toplumsal olu\u015fumda ya\u015fanan gizli, &#8220;iki ulus&#8221;a b\u00f6l\u00fcnm\u00fc\u015fl\u00fck oldu\u011funu anlatarak bunu hayranl\u0131k verici bir \u015fekilde \u00f6zetlemi\u015fti. Buradan hareketle, s\u0131n\u0131f m\u00fccadelelerinin ilerici \u00f6rg\u00fctlenmesiyle kar\u015f\u0131 kar\u015f\u0131ya kalan egemen s\u0131n\u0131flar\u0131n izleyebilece\u011fi yollan da g\u00f6steriyordu: \u00d6nce, &#8220;sefiller&#8221; kitlesini b\u00f6lmek (\u00f6zellikle de k\u00f6yl\u00fclere ve &#8220;geleneksel&#8221; zanaatkarlara ulusal sahicilik, sa\u011fl\u0131kl\u0131l\u0131k, ahlakl\u0131l\u0131k, \u0131rksal b\u00fct\u00fcnl\u00fck gibi sanayinin patoloji-siyle taban tabana z\u0131t nitelikler bah\u015federek); daha sonra &#8220;emek\u00e7i s\u0131n\u0131flar\u0131n&#8221; tehlikelili\u011finin ve soya\u00e7ekiminin i\u015faretlerim yava\u015f yava\u015f yabanc\u0131lara, \u00f6zellikle de g\u00f6\u00e7menlere ve s\u00f6m\u00fcrgelerdekilere kayd\u0131rmak; bu s\u0131rada da oy hakk\u0131 kurumunun, &#8220;yurtta\u015flar&#8221; ile &#8220;tebaa&#8221; aras\u0131ndaki kopuklu\u011fu milliyetin s\u0131n\u0131rlar\u0131na ta\u015f\u0131mas\u0131. Fakat bu s\u00fcre\u00e7te daima \u2014imparatorluk mek\u00e2n\u0131n\u0131n b\u00fct\u00fcn\u00fc hesaba ka\u00fclsada, ulusal toplulu\u011fun kuramsal bir ayr\u0131mc\u0131l\u0131\u011f\u0131, ba\u015ftan varolan bir apartheid&#8217;\u00a0 b\u00fcnyesinde bar\u0131nd\u0131rmad\u0131\u011f\u0131 Fransa gibi \u00fclkelerde bile\u2014 fiili durumun belirgin bir \u015fekilde hukukun gerisinde kald\u0131\u011f\u0131, halk s\u0131n\u0131flar\u0131na kar\u015f\u0131 &#8220;s\u0131n\u0131f \u0131rk\u00e7\u0131l\u0131\u011f\u0131&#8221;n\u0131n s\u00fcrd\u00fc\u011f\u00fc g\u00f6zlenir (ve ayn\u0131 \u015fekilde bu s\u0131n\u0131flarda \u0131rksal damgalamaya \u00f6zel bir elveri\u015flilik, \u0131rk\u00e7\u0131l\u0131k kar\u015f\u0131s\u0131ndaki tutumlar\u0131nda a\u015f\u0131r\u0131 bir \u00e7eli\u015fiklik g\u00f6zlenir). Bu da bizi s\u0131n\u0131f \u0131rk\u00e7\u0131l\u0131\u011f\u0131n\u0131n s\u00fcreklilik g\u00f6steren bir di\u011fer y\u00f6n\u00fcne getirmektedir.<\/p>\n<p>Bundan kast\u0131m kol eme\u011finin kurumsal \u0131rkla\u015ft\u0131r\u0131lmas\u0131 olarak adland\u0131r\u0131lmas\u0131 gereken \u015feydir. Bunun s\u0131n\u0131fl\u0131 toplumlar kadar eski olan k\u00f6kenlerim bulmak zor olmayacakt\u0131r. Kol eme\u011fi ve emek\u00e7isine duyulan k\u00fc\u00e7\u00fcmsemenin k\u00f6leci Yunan&#8217;\u0131n felsefi elitleri taraf\u0131ndan ifade edilme \u015fekliyle, Taylor&#8217;un 1909&#8217;da baz\u0131 bireylerin zek\u00e2, ak\u0131l, karar alma yetene\u011fi de\u011fil, bedensel g\u00fc\u00e7 gerektiren tekrara dayal\u0131 pis ve yorucu g\u00f6revlere do\u011fal yatk\u0131nl\u0131klar\u0131n\u0131 tan\u0131mlama \u015fekli aras\u0131nda bu a\u00e7\u0131dan \u00e7ok \u00f6nemli fark yoktur (Taylor bu in\u015fam Principles ofScientif\u0131c Management&#8217;ta &#8220;\u00f6k\u00fcz gibi adam&#8221; diye adland\u0131r\u0131r; bu ayn\u0131 zamanda, \u00e7eli\u015fkili bir bi\u00e7imde, k\u00f6kle\u015fmi\u015f bir &#8220;sistematik aylakl\u0131k&#8221; e\u011filiminin etkisinde olan, dolay\u0131s\u0131yla do\u011fas\u0131na g\u00f6re \u00e7al\u0131\u015fmas\u0131 i\u00e7in bir efendiye\/ustaya ihtiyac\u0131 olan insanla ayn\u0131 ki\u015fidir). Ancak Sanayi Devrimi ve kapitalist \u00fccretlilik tarz\u0131 burada bir yer de\u011fi\u015ftirmeye neden olur. Art\u0131k hor g\u00f6r\u00fc nesnesi olan ve kar\u015f\u0131l\u0131k olarak korkuyu besleyen \u015fey, kay\u0131ts\u0131z \u015farts\u0131z kol eme\u011fi de\u011fildir (tersine, patemalist, eskiye ba\u011fl\u0131 ideolojiler ba\u011flam\u0131nda, bu eme\u011fin &#8220;zanaat&#8221; t\u00fcr\u00fcnde olanlar\u0131n\u0131n kuramsal olarak idealle\u015ftirilmesine tan\u0131k oluruz), &#8220;makinenin uzant\u0131s\u0131&#8221; haline gelmi\u015f, yani do\u011frudan bir \u00f6rne\u011fi olmadan hem simgesel hem de bedensel bir \u015fiddete maruz kalan bedensel emek ya da daha do\u011frusu mekanikle\u015fmi\u015f bedensel emektir (iyi bilinir ki, bu emek Sanayi Devrimi&#8217;nin yeni a\u015famalar\u0131yla ortadan kalkmam\u0131\u015f, bir\u00e7ok \u00fcretim sekt\u00f6r\u00fcnde, hem &#8220;modernle\u015fmi\u015f&#8221;, &#8220;zihinselle\u015fmi\u015f&#8221; bi\u00e7imler alt\u0131nda hem de &#8220;arkaik&#8221; bi\u00e7imler alt\u0131nda varl\u0131\u011f\u0131n\u0131 s\u00fcrd\u00fcrmeye devam etmi\u015ftir).<\/p>\n<p>Bu s\u00fcre\u00e7 insan bedeninin stat\u00fcs\u00fcn\u00fc (bedenin insani stat\u00fcs\u00fcn\u00fc) de\u011fi\u015fikli\u011fe u\u011frat\u0131r: Bedeni, par\u00e7alara ayr\u0131lm\u0131\u015f ve bast\u0131r\u0131lm\u0131\u015f, yal\u0131t\u0131labilir bir hareket ya da i\u015flev i\u00e7in kullan\u0131lm\u0131\u015f, hem b\u00fct\u00fcnl\u00fc\u011f\u00fc i\u00e7inde bozulmu\u015f hem feti\u015fle\u015ftirilmi\u015f, hem &#8220;i\u015fe yarar&#8221; organlar\u0131 a\u015f\u0131r\u0131 geli\u015fmi\u015f hem g\u00fc\u00e7s\u00fczle\u015fmi\u015f bir makine-beden olan insan- bedenler yarat\u0131r. Oysa ki her t\u00fcrl\u00fc \u015fiddet gibi bu da bir direni\u015ften ve ayn\u0131 zamanda bir su\u00e7luluktan ayr\u0131 tutulamaz. &#8220;Normal&#8221; emek miktar\u0131n\u0131n kabul edilmesi ve i\u015f\u00e7inin bedeninden elde edilmesi ancak m\u00fccadelenin bu eme\u011fin s\u0131n\u0131rlar\u0131m saptamas\u0131yla m\u00fcmk\u00fcnd\u00fcr. Kural a\u015f\u0131r\u0131 s\u00f6m\u00fcr\u00fcd\u00fcr; b\u00fcnyenin alttan alta y\u0131k\u0131ma u\u011frat\u0131lmas\u0131d\u0131r (ki bu da &#8220;soysuzla\u015fma&#8221; olarak e\u011fretilenecektir); ve her ne olursa olsun eme\u011fin zihinsel i\u015flevlerinin bast\u0131r\u0131lmas\u0131ndaki a\u015f\u0131r\u0131l\u0131kt\u0131r. \u0130\u015f\u00e7i i\u00e7in dayan\u0131lmaz olan bu s\u00fcre\u00e7, efendileri taraf\u0131ndan ideolojik ve d\u00fc\u015fsel y\u00f6nden haz\u0131rlanmas\u0131 olmaks\u0131z\u0131n &#8220;kabul edilebilir&#8221; de\u011fildir: \u0130nsan-bedenlerin varolmas\u0131 bedensiz insanlar&#8217;\u0131n varolmas\u0131 demektir; insan-bedenlerin par\u00e7alara ayr\u0131lm\u0131\u015f ve sakat (bu bedenin zihinden &#8220;ayr\u0131lmas\u0131&#8221;n\u0131n sonucudur) bedenli insanlar olmas\u0131, insan \u0131rk\u0131n\u0131n \u00fczerindeki tehditi kald\u0131rmak i\u00e7in bireyleri ba\u015fka bir beden- \u00fcstuyle donatmak, sporu, g\u00f6steri\u015f\u00e7i erkekli\u011fi yaymak gerekti\u011fi anlam\u0131na gelir.<\/p>\n<p>Kimi zaman \u0131rksal a\u015fa\u011f\u0131l\u0131\u011f\u0131n &#8220;fiziksel \u00f6zelliklerinin&#8221; k\u0131nanmas\u0131na, kimi zaman da \u00fcst\u00fcn \u0131rk\u0131n &#8220;insan tipi&#8221;nin idealle\u015ftirilmesine yol a\u00e7arak modem \u0131rk\u00e7\u0131l\u0131\u011f\u0131n t\u00fcm varyantlar\u0131n\u0131 belirleyen bedenin estetize edilmesi (ve dolay\u0131s\u0131yla feti\u015fist tarzda cinselle\u015ftirilmesi) s\u00fcrecini tam olarak anlamam\u0131z\u0131 sa\u011flayan sadece bu tarihsel durumdur, bu \u00f6zg\u00fcl toplumsal ili\u015fkilerdir. Irk\u00e7\u0131 kuramlar\u0131n tarihinde biyolojiye ba\u015fvurulmas\u0131n\u0131n ger\u00e7ek anlam\u0131n\u0131 bunlar ayd\u0131nlat\u0131rlar: Bu ba\u015fvurman\u0131n bilimsel bulu\u015flar\u0131n etkisiyle hi\u00e7bir ilgisi yoktur; bedensel fantazman\u0131n idealle\u015ftirilmesinden ve bir e\u011fretilemeden ibarettir. \u00dcst d\u00fczey biyoloji ve ayn\u0131 zamanda di\u011fer kuramsal s\u00f6ylemler bedenin g\u00f6r\u00fcn\u00fcrl\u00fc\u011f\u00fcne, olu\u015f bi\u00e7imlerine, davran\u0131\u015flar\u0131na, simgesel organlar\u0131na ve uzuvlar\u0131na eklemlendikleri takdirde bu i\u015flevi yerine getirebilir. Burada, daha \u00f6nce yeni-\u0131rk\u00e7\u0131l\u0131k konusunda ve onun zihinsel eme\u011fin k\u00fc\u00e7\u00fck par\u00e7alara b\u00f6l\u00fcnmesinin en son bi\u00e7imiyle olan ba\u011f\u0131 konusunda bi\u00e7imlendirilen varsay\u0131mlara uygun olarak, g\u00fcn\u00fcm\u00fczde IQ d\u00fczenlemesinden tutun da karar al\u0131c\u0131, entelekt\u00fcel ve sportif &#8220;kadro&#8221;nun estetize edilmesine kadar tan\u0131k oldu\u011fumuz, zihinsel yeterliliklerin &#8220;bedenselle\u015ftirilmesi&#8221;ni, yani \u0131rksalla\u015ft\u0131r\u0131lmas\u0131n\u0131 tan\u0131mlayarak devam etmek yerinde olur.<\/p>\n<p>Fakat s\u0131n\u0131f \u0131rk\u00e7\u0131l\u0131\u011f\u0131n\u0131n yap\u0131l\u0131\u015f\u0131nda belirleyici bir yan daha vard\u0131r. \u0130\u015f\u00e7i s\u0131n\u0131f\u0131, tan\u0131m\u0131 gere\u011fi belirsiz &#8220;s\u0131n\u0131rlar\u0131&#8221; olan \u2014\u00e7\u00fcnk\u00fc bu s\u0131n\u0131rlar emek s\u00fcrecindeki ve sermaye hareketindeki durmak bilmez d\u00f6n\u00fc\u015f\u00fcmlere ba\u011fl\u0131d\u0131rlar\u2014 hem heterojen hem de oynak bir topluluktur. Aristokratik kastlardan ve hatta burjuvazinin y\u00f6netici kesimlerinden farkl\u0131 olarak, bir toplumsal kast de\u011fildir. Ancak s\u0131n\u0131f \u0131rk\u00e7\u0131l\u0131\u011f\u0131 (ve \u00f6zellikle de g\u00f6\u00e7menler durumunda oldu\u011fu gibi, milliyet\u00e7i s\u0131n\u0131f \u0131rk\u00e7\u0131l\u0131\u011f\u0131) i\u015f\u00e7i s\u0131n\u0131f\u0131n\u0131n en az\u0131ndan bir k\u0131sm\u0131 i\u00e7in bir kast\u0131n kapal\u0131l\u0131\u011f\u0131na e\u015fde\u011fer bir \u015fey \u00fcretme e\u011filimindedir. Daha do\u011frusu (ya da en k\u00f6t\u00fcs\u00fc): &#8220;toplumsal hareketlilik&#8221;te tam kapal\u0131l\u0131k, proleterle\u015fme dalgalar\u0131na olabildi\u011fince tam a\u00e7\u0131kl\u0131kla birle\u015fir.<\/p>\n<p>\u015eimdi meseleyi ba\u015fka bir \u015fekilde ele alal\u0131m. Kapitalist birikimin mant\u0131\u011f\u0131 bu konuda iki \u00e7eli\u015fkili g\u00f6r\u00fcn\u00fc\u015f ta\u015f\u0131r: Bir yandan, emek ve ya\u015fam ko\u015fullar\u0131m emek pazar\u0131ndaki rekabeti sa\u011flayacak, &#8220;yedek sanayi ordusu&#8221;na s\u00fcrekli olarak yeni g\u00fc\u00e7ler katacak, g\u00f6reli bir n\u00fcfus-fazlas\u0131n\u0131 besleyecek \u015fekilde s\u00fcrekli olarak harekete ge\u00e7irmek, s\u00fcreksizle\u015ftirmek; di\u011fer yandan i\u015f\u00e7i topluluklar\u0131n\u0131, onlar\u0131 i\u015f i\u00e7in &#8220;e\u011fitmek&#8221; ve i\u015fletmeye &#8220;ba\u011flamak&#8221; \u00fczere (ve ayn\u0131\u00a0 zamanda &#8220;patemalist&#8221; siyasal hegemonya ile i\u015f\u00e7i &#8220;ailecili\u011fi&#8221; aras\u0131ndaki tekab\u00fcliyet mekanizmas\u0131n\u0131 i\u015fletmek \u00fczere) uzun s\u00fcreli olarak (bir\u00e7ok ku\u015fak boyu) s\u00fcreklile\u015ftirmek s\u00f6z konusudur. Bir yandan, sadece \u00fccret ili\u015fkisine ba\u011fl\u0131 s\u0131n\u0131fsal durumun atalar ku\u015fa\u011f\u0131 ve torunlar ku\u015fa\u011f\u0131yla hi\u00e7bir ilgisi yoktur; son noktada &#8220;s\u0131n\u0131fsal aidiyet&#8221; kavram\u0131n\u0131n kendisi pratik g\u00f6sterimden yoksundur; hesaba kat\u0131lmas\u0131 gereken \u015fey sadece s\u0131n\u0131fsal durumdur. Di\u011fer yandan i\u015f\u00e7i s\u0131n\u0131f\u0131n\u0131n en az\u0131ndan bir k\u0131sm\u0131n\u0131n i\u015f\u00e7i o\u011fullar\u0131 olmas\u0131, bir toplumsal kal\u0131t\u0131m\u0131n kurulmas\u0131 gerekmektedir. Fakat, pratikte, direni\u015f ve \u00f6rg\u00fctlenme g\u00fc\u00e7leri de bununla birlikte \u00e7o\u011fal\u0131r.<\/p>\n<p>Demografik politikalar, g\u00f6\u00e7 ve kentsel ayr\u0131m politikalar\u0131 \u2014 daha genelde, D. Bertaux&#8217;nun antroponomik diye adland\u0131rd\u0131\u011f\u0131 pratikler\u2014 bu \u00e7eli\u015fkili gereklerden do\u011fmu\u015f ve 19. y\u00fczy\u0131l ortalar\u0131ndan itibaren hem i\u015fveren hem devlet taraf\u0131ndan, onlar\u0131n paternalist (ki bu milliyet\u00e7i propagandayla s\u0131k\u0131 s\u0131k\u0131ya ba\u011fl\u0131d\u0131r) ve disiplinci \u00e7ifte g\u00f6r\u00fcn\u00fcmleriyle uygulamaya konulmu\u015ftur: bir yanda vah\u015fi kitlelere kar\u015f\u0131 &#8220;toplumsal sava\u015f&#8221; a\u00e7mak, di\u011fer yanda ayn\u0131 kitleleri her anlamda &#8220;uygarla\u015ft\u0131rmak&#8221;; g\u00fcn\u00fcm\u00fczde bunun m\u00fckemmel bir \u00f6rne\u011fi &#8220;banliy\u00f6&#8221; ve &#8220;getto&#8221;lara yap\u0131lan toplumsal-polisiye muamelede g\u00f6r\u00fclmektedir. Irk\u00e7\u0131 karma\u015f\u0131k, gelip &#8220;n\u00fcfus sorununa&#8221; (buna bir dizi yananlar\u0131 dahildir: do\u011fum oran\u0131, n\u00fcfus kayb\u0131 ve n\u00fcfus fazlas\u0131, &#8220;melezle\u015ftirme&#8221;, kentle\u015fme, sosyal konut, halk sa\u011fl\u0131\u011f\u0131, i\u015fsizlik) ekleniyorsa ve tercihen, yanl\u0131\u015f bir ifadeyle &#8220;g\u00f6\u00e7men&#8221; olarak adland\u0131r\u0131lan ikinci ku\u015fak sorununda yo\u011funla\u015f\u0131yorsa, bu bir tesad\u00fcf de\u011fildir; bilinmesi gereken \u015fey bu ikinci ku\u015fa\u011f\u0131n \u2014s\u0131n\u0131fsal hak davas\u0131yla k\u00fclt\u00fcrel hak davalar\u0131n\u0131 birle\u015ftirip, daha g\u00fc\u00e7l\u00fc bir toplumsal kavgac\u0131l\u0131k geli\u015ftirme tehlikesini g\u00f6ze alarak<\/p>\n<p>\u2014 \u00f6nceki ku\u015fa\u011f\u0131n (tam deyimiyle &#8220;g\u00f6\u00e7men i\u015f\u00e7iler&#8221;in) yolunu mu izleyece\u011fi yoksa proleterli\u011fin alt\u0131na d\u00fc\u015fmek ile i\u015f\u00e7ilik durumundan \u00e7\u0131kmak aras\u0131nda istikrars\u0131z bir konumda bulunan &#8220;s\u0131n\u0131f d\u00fc\u015fm\u00fc\u015f&#8221; bireyler k\u00fcmesim mi b\u00fcy\u00fctece\u011fidir. Hem egemen s\u0131n\u0131f a\u00e7\u0131s\u0131ndan hem de halk s\u0131n\u0131flan a\u00e7\u0131s\u0131ndan s\u0131n\u0131f \u0131rk\u00e7\u0131l\u0131\u011f\u0131n\u0131n ortaya s\u00fcrd\u00fc\u011f\u00fc \u015fudur: toplu olarak kapitalist s\u00f6m\u00fcr\u00fcye tahsis edilmi\u015f olan topluluklar\u0131 ya da iktisadi s\u00fcre\u00e7 onlar\u0131 sistemin do\u011frudan kontrol\u00fcnden \u00e7ekip ald\u0131\u011f\u0131 (ya da \u00f6nceki kontrolleri, yo\u011fun i\u015fsizlikle, etkisiz hale getirdi\u011fi) anda bu s\u00f6m\u00fcr\u00fc i\u00e7in yedekte tutulmas\u0131 gerekenleri tan\u0131mlay\u0131c\u0131 i\u015faretlerle belirlemek. Sabit yerleri olmayanlar\u0131, ku\u015faklar boyu &#8220;yerlerinde tutmak&#8221;: B\u00f6ylece o andan itibaren bir soya\u011fa\u00e7lan olmas\u0131 gerekecektir. G\u00f6\u00e7ebeli\u011fin ve toplumsal kal\u0131t\u0131m\u0131n \u00e7eli\u015fen buyruklar\u0131n\u0131, ku\u015faklar\u0131n evcille\u015ftirilmesini ve direni\u015flerin bertaraf edilmesini tasavvurda birle\u015ftirmek.<\/p>\n<p>E\u011fer bu g\u00f6zlemler do\u011fruysa, i\u015f\u00e7i s\u0131n\u0131f\u0131n\u0131n &#8220;kendi kendini \u0131rkla\u015ft\u0131rmas\u0131&#8221; diye adland\u0131rmakta teredd\u00fct etmeyece\u011fini \u015feyin birbirleriyle \u00e7eli\u015fen g\u00f6r\u00fcn\u00fcmlerine \u0131\u015f\u0131k tutabilir. Burada, emek\u00e7i topluluklar\u0131n\u0131n etnik ya da ulusal k\u00f6ken sembolleri etraf\u0131nda \u00f6rg\u00fctlenmesinden tutun da s\u0131n\u0131fsal k\u00f6ken \u00f6l\u00e7\u00fct\u00fcn\u00fc (dolay\u0131s\u0131yla i\u015f\u00e7i ailesi kurumunu, &#8220;birey&#8221; ile &#8220;s\u0131n\u0131f\u0131&#8221; aras\u0131nda sadece ailenin kurdu\u011fu ba\u011f\u0131) ve eme\u011fe fazla de\u011fer verilmesi \u00f6l\u00e7\u00fct\u00fcn\u00fc (dolay\u0131s\u0131yla sadece onun sa\u011flad\u0131\u011f\u0131 erkeksi niteli\u011fi) merkez alan belli bir uvriyerizmin &#8220;i\u015f\u00e7iler \u0131rk\u0131&#8221; temsillerinin bir k\u0131sm\u0131m, &#8220;s\u0131n\u0131f bilinci&#8221; a\u00e7\u0131s\u0131ndan yeniden \u00fcreti\u015f bi\u00e7imine var\u0131ncaya dek, hat\u0131rlanmas\u0131 gereken bir toplumsal deneyimler ve ideolojik bi\u00e7imler yelpazesi vard\u0131r. Uvriyerizmin radikal bi\u00e7imlerinin, en az\u0131ndan Fransa&#8217;da, bizzat i\u015f\u00e7ilerin ba\u015f\u0131n\u0131n alt\u0131ndan de\u011fil, daha \u00e7ok i\u015f\u00e7i s\u0131n\u0131f\u0131n\u0131 &#8220;temsil etmek&#8221; isteyen (Proudhon&#8217;dan kom\u00fcnist partiye dek) entelekt\u00fcellerin ve siyasal ayg\u0131tlar\u0131n ba\u015f\u0131n\u0131n alt\u0131ndan \u00e7\u0131kt\u0131\u011f\u0131 do\u011frudur. Ne var ki bu bi\u00e7imler kazan\u0131lm\u0131\u015f konumlan, m\u00fccadele geleneklerini korumak, ve s\u0131n\u0131f \u0131rk\u00e7\u0131l\u0131\u011f\u0131n\u0131n &#8220;g\u00f6sterenlerini burjuva toplumuna kar\u015f\u0131 \u00e7evirmek i\u00e7in, d\u0131\u015fa kapal\u0131 &#8220;birlik&#8221; olu\u015fturma e\u011filimine tekab\u00fcl ederler. Uvriyerizmi belirleyen kar\u015f\u0131t anlaml\u0131l\u0131k bu tepkisel k\u00f6kenden ileri gelir: s\u00f6m\u00fcr\u00fc durumundan kurtulma arzusu ve nesnesi olunan k\u00fc\u00e7\u00fcmsemenin reddi. Bu kar\u015f\u0131t anlaml\u0131l\u0131\u011f\u0131n en bariz oldu\u011fu yer tam da milliyet\u00e7ilikle, yabanc\u0131 d\u00fc\u015fmanl\u0131\u011f\u0131yla olan ili\u015fkisidir. \u0130\u015f\u00e7iler resmi milliyet\u00e7ili\u011fi fiilen kabul etmedikleri \u00f6l\u00e7\u00fcde (kabul etmedikleri zaman) s\u0131n\u0131f m\u00fccadelelerinin bozulmas\u0131na kar\u015f\u0131 siyasal bir alternatifin tasla\u011f\u0131n\u0131 olu\u015ftururlar. Fakat korkular\u0131n\u0131 ve h\u0131n\u00e7lar\u0131n\u0131, umutsuzluklar\u0131n\u0131 ve meydan okuyu\u015flar\u0131n\u0131 yabanc\u0131lara yans\u0131tt\u0131klar\u0131 \u00f6l\u00e7\u00fcde, sava\u015ft\u0131klar\u0131 \u015fey s\u00f6ylendi\u011fi gibi sadece rekabet de\u011fil, \u00e7ok daha derinde, kurtulmaya \u00e7al\u0131\u015ft\u0131klar\u0131 kendi s\u00f6m\u00fcr\u00fclme ko\u015fullar\u0131d\u0131r. Nefret ettikleri, proleter olarak ya da proleterle\u015fme \u00e7ark\u0131na yeniden yakalanma tehlikesi ta\u015f\u0131yanlar olarak, kendileridir.<\/p>\n<p>Sonu\u00e7 olarak, nas\u0131l ki milliyet\u00e7ilik ile \u0131rk\u00e7\u0131l\u0131\u011f\u0131n s\u00fcrekli kar\u015f\u0131l\u0131kl\u0131 belirlenimi varsa, &#8220;s\u0131n\u0131f \u0131rk\u00e7\u0131l\u0131\u011f\u0131&#8221; ile &#8220;etnik \u0131rk\u00e7\u0131l\u0131\u011f\u0131n&#8221; da kar\u015f\u0131l\u0131kl\u0131 belirlenimi vard\u0131r ve bu iki belirlenim ba\u011f\u0131ms\u0131z de\u011fildir. Her biri kendi sonu\u00e7lar\u0131n\u0131, bir \u015fekilde, di\u011ferinin alan\u0131nda ve onun zorlamas\u0131yla ortaya \u00e7\u0131karmaktad\u0131r. Bu \u00fcst-belirlenimi kaba hatlar\u0131yla anlat\u0131rken (ve \u0131rk\u00e7\u0131l\u0131\u011f\u0131n somut tezah\u00fcrleri ile onun kuramsal s\u00f6yleminin yap\u0131l\u0131\u015f\u0131n\u0131 nas\u0131l anla\u015f\u0131l\u0131r hale getirdi\u011fini g\u00f6stermeye \u00e7al\u0131\u015f\u0131rken) ba\u015flang\u0131\u00e7 sorulan\u0131n\u0131za bir cevap getirebildik mi? Daha ziyade onlar\u0131 yeniden bi\u00e7imlendirdik. Milliyet\u00e7ili\u011fe oranla \u0131rk\u00e7\u0131l\u0131\u011f\u0131n, onu olu\u015fturucu fazlal\u0131\u011f\u0131 diye adland\u0131rd\u0131\u011f\u0131m\u0131z \u015fey, ayn\u0131 zamanda, s\u0131n\u0131f m\u00fccadelesi a\u00e7\u0131s\u0131ndan bir eksikli\u011fin belirtisi olarak g\u00f6r\u00fcnmektedir. Fakat bu fazlan\u0131n, milliyet\u00e7ili\u011fin (onun dinami\u011fini kulland\u0131\u011f\u0131 halde) s\u0131n\u0131f m\u00fccadelesine kar\u015f\u0131 olu\u015ftu\u011fu olgusuna ba\u011fl\u0131 olmas\u0131na ve bu eksikli\u011fin de s\u0131n\u0131f m\u00fccadelesinin kendini milliyet\u00e7ilik taraf\u0131ndan bast\u0131r\u0131l\u0131r bulmas\u0131 olgusuna ba\u011fl\u0131 olmas\u0131na ra\u011fmen, ikisi birbirini g\u00f6t\u00fcrmez: daha \u00e7ok birbirine eklenme e\u011filimindedir. Milliyet\u00e7ili\u011fin \u00f6ncelikle toplumun ve devletin \u2014daha sonra s\u0131n\u0131f m\u00fccadelelerine \u00e7arpacak\u2014 birli\u011fini tahayy\u00fcl etme ve hedeflemenin bir yolu mu, yoksa \u00f6ncelikle s\u0131n\u0131f m\u00fccadelesinin ulusal birli\u011fin \u00f6n\u00fcne koydu\u011fu engellere bir tepki mi oldu\u011fu esas olarak \u00f6nemli de\u011fildir. Buna kar\u015f\u0131n, hem ulusla devlet aras\u0131nda kapanmaz bir mesafenin hem de durmak bilmeden yeniden ortaya \u00e7\u0131kan s\u0131n\u0131fsal uzla\u015fmazl\u0131klar\u0131n bulundu\u011fu bir tarihsel zeminde, milliyet\u00e7ili\u011fin kimi zaman di\u011fer bi\u00e7imlere (dilsel milliyet\u00e7ilik) rakip olarak, kimi zaman da onlarla birle\u015ferek ka\u00e7\u0131n\u0131lmaz olarak \u0131rk\u00e7\u0131l\u0131k bi\u00e7imini ald\u0131\u011f\u0131n\u0131 ve b\u00f6ylece bir ileriye ka\u00e7\u0131\u015fa giri\u015fti\u011fini g\u00f6zlemlemek \u00e7ok \u00f6nemlidir. Irk\u00e7\u0131l\u0131k, bireylerin bilincinde az\u0131nl\u0131kta ya da sakl\u0131 olsa bile, milliyet\u00e7ili\u011fin s\u0131n\u0131f m\u00fccadelesiyle eklemlenmesine, terimin \u00e7ifte anlam\u0131yla ihanet eden, onun bu &#8220;i\u00e7sel&#8221; fazlas\u0131d\u0131r. Sonsuzca s\u00fcrd\u00fcr\u00fclen paradoksu da bundan ileri gelmektedir. Paradoks \u015fudur: insanlar\u0131n do\u011falar\u0131 gere\u011fi kendilerini &#8220;evlerinde&#8221; hissedecekleri, \u00e7\u00fcnk\u00fc &#8220;biz bize&#8221; olacaklar\u0131 bir ulus-devleti ge\u00e7mi\u015fe d\u00f6n\u00fck bir bi\u00e7imde tahayy\u00fcl etmek, ve bu devleti i\u00e7inde oturulamaz k\u0131lmak; durmadan d\u00fc\u015fman\u0131n &#8220;i\u00e7eride&#8221; oldu\u011funu ke\u015ffederek ve cemaati, kendi b\u00f6l\u00fcnmelerinin hayali yap\u0131mlar\u0131 olmaktan \u00f6teye gitmeyen i\u015faretlerle \u00f6zde\u015fle\u015ftirerek, onu &#8220;d\u0131\u015f&#8221; d\u00fc\u015fmanlar kar\u015f\u0131s\u0131nda birle\u015fmi\u015f bir cemaat olarak ortaya \u00e7\u0131karmaya \u00e7al\u0131\u015fmak. B\u00f6ylesi bir toplum, siyasal olarak tam anlam\u0131yla yabanc\u0131la\u015fm\u0131\u015f bir toplumdur. Zaten \u00e7a\u011fda\u015f toplumlar\u0131n hepsi bir \u00f6l\u00e7\u00fcde kendi siyasal yabanc\u0131la\u015fmalar\u0131yla bo\u011fu\u015fup durmuyorlar m\u0131 ?<\/p>\n<p style=\"text-align: justify;\"><strong>S\u0131n\u0131f Irk\u00e7\u0131l\u0131\u011f\u0131 | Etienne Balibar<\/strong><\/p>\n","protected":false},"excerpt":{"rendered":"<p>\u00dcst d\u00fczey \u0131rk\u00e7\u0131l\u0131k \u00e7\u00f6z\u00fcmlemeleri \u0131rk\u00e7\u0131 kuramlar\u0131n incelenmesine \u00f6ncelik verdiklerinde, &#8220;sosyolojik&#8221; \u0131rk\u00e7\u0131l\u0131\u011f\u0131n bir kitle g\u00f6r\u00fcng\u00fcs\u00fc oldu\u011funu ortaya \u00e7\u0131kar\u0131rlar. B\u00f6ylelikle i\u015f\u00e7i s\u0131n\u0131f\u0131nda \u0131rk\u00e7\u0131l\u0131\u011f\u0131n geli\u015fmesi (ki bu kom\u00fcnist ve sosyalist militanlara do\u011faya ayk\u0131r\u0131 gelir) kitlelerde varolan bir e\u011filimin sonucu halini al\u0131r. Kurumsal \u0131rk\u00e7\u0131l\u0131k, bu psikososyolojik &#8220;kitle&#8221; kategorisinin yap\u0131l\u0131\u015f\u0131na bile yans\u0131r. \u00d6yleyse s\u0131n\u0131flardan kitlelere ge\u00e7erek kitleleri, \u0131rk\u00e7\u0131l\u0131\u011f\u0131n hem ayr\u0131cal\u0131kl\u0131 [&hellip;]<\/p>\n","protected":false},"author":1,"featured_media":0,"comment_status":"open","ping_status":"open","sticky":false,"template":"","format":"standard","meta":{"footnotes":""},"categories":[53],"tags":[],"class_list":{"0":"post-7142","1":"post","2":"type-post","3":"status-publish","4":"format-standard","6":"category-milliyetcilik"},"yoast_head":"<!-- This site is optimized with the Yoast SEO Premium plugin v24.9 (Yoast SEO v24.9) - https:\/\/yoast.com\/wordpress\/plugins\/seo\/ -->\n<title>S\u0131n\u0131f Irk\u00e7\u0131l\u0131\u011f\u0131 | Etienne Balibar - narteks.net<\/title>\n<meta name=\"robots\" content=\"index, follow, max-snippet:-1, max-image-preview:large, max-video-preview:-1\" \/>\n<link rel=\"canonical\" href=\"https:\/\/narteks.net\/index.php\/2018\/08\/15\/sinif-irkciligi-etienne-balibar\/\" \/>\n<meta property=\"og:locale\" content=\"tr_TR\" \/>\n<meta property=\"og:type\" content=\"article\" \/>\n<meta property=\"og:title\" content=\"S\u0131n\u0131f Irk\u00e7\u0131l\u0131\u011f\u0131 | Etienne Balibar\" \/>\n<meta property=\"og:description\" content=\"\u00dcst d\u00fczey \u0131rk\u00e7\u0131l\u0131k \u00e7\u00f6z\u00fcmlemeleri \u0131rk\u00e7\u0131 kuramlar\u0131n incelenmesine \u00f6ncelik verdiklerinde, &#8220;sosyolojik&#8221; \u0131rk\u00e7\u0131l\u0131\u011f\u0131n bir kitle g\u00f6r\u00fcng\u00fcs\u00fc oldu\u011funu ortaya \u00e7\u0131kar\u0131rlar. B\u00f6ylelikle i\u015f\u00e7i s\u0131n\u0131f\u0131nda \u0131rk\u00e7\u0131l\u0131\u011f\u0131n geli\u015fmesi (ki bu kom\u00fcnist ve sosyalist militanlara do\u011faya ayk\u0131r\u0131 gelir) kitlelerde varolan bir e\u011filimin sonucu halini al\u0131r. Kurumsal \u0131rk\u00e7\u0131l\u0131k, bu psikososyolojik &#8220;kitle&#8221; kategorisinin yap\u0131l\u0131\u015f\u0131na bile yans\u0131r. \u00d6yleyse s\u0131n\u0131flardan kitlelere ge\u00e7erek kitleleri, \u0131rk\u00e7\u0131l\u0131\u011f\u0131n hem ayr\u0131cal\u0131kl\u0131 [&hellip;]\" \/>\n<meta property=\"og:url\" content=\"https:\/\/narteks.net\/index.php\/2018\/08\/15\/sinif-irkciligi-etienne-balibar\/\" \/>\n<meta property=\"og:site_name\" content=\"narteks.net\" \/>\n<meta property=\"article:published_time\" content=\"2018-08-15T19:49:35+00:00\" \/>\n<meta property=\"article:modified_time\" content=\"2024-04-27T04:01:30+00:00\" \/>\n<meta property=\"og:image\" content=\"http:\/\/narteks.net\/wp-content\/uploads\/etienne_balibar-150x150.jpg\" \/>\n<meta name=\"author\" content=\"Tar\u0131k\" \/>\n<meta name=\"twitter:card\" content=\"summary_large_image\" \/>\n<meta name=\"twitter:creator\" content=\"@narteks\" \/>\n<meta name=\"twitter:site\" content=\"@narteks\" \/>\n<meta name=\"twitter:label1\" content=\"Yazan:\" \/>\n\t<meta name=\"twitter:data1\" content=\"Tar\u0131k\" \/>\n\t<meta name=\"twitter:label2\" content=\"Tahmini okuma s\u00fcresi\" \/>\n\t<meta name=\"twitter:data2\" content=\"28 dakika\" \/>\n<script type=\"application\/ld+json\" class=\"yoast-schema-graph\">{\"@context\":\"https:\/\/schema.org\",\"@graph\":[{\"@type\":\"Article\",\"@id\":\"https:\/\/narteks.net\/index.php\/2018\/08\/15\/sinif-irkciligi-etienne-balibar\/#article\",\"isPartOf\":{\"@id\":\"https:\/\/narteks.net\/index.php\/2018\/08\/15\/sinif-irkciligi-etienne-balibar\/\"},\"author\":{\"name\":\"Tar\u0131k\",\"@id\":\"https:\/\/narteks.net\/#\/schema\/person\/61f37d9834294b72d31d274e7ed79bca\"},\"headline\":\"S\u0131n\u0131f Irk\u00e7\u0131l\u0131\u011f\u0131 | Etienne Balibar\",\"datePublished\":\"2018-08-15T19:49:35+00:00\",\"dateModified\":\"2024-04-27T04:01:30+00:00\",\"mainEntityOfPage\":{\"@id\":\"https:\/\/narteks.net\/index.php\/2018\/08\/15\/sinif-irkciligi-etienne-balibar\/\"},\"wordCount\":5599,\"commentCount\":0,\"publisher\":{\"@id\":\"https:\/\/narteks.net\/#organization\"},\"image\":{\"@id\":\"https:\/\/narteks.net\/index.php\/2018\/08\/15\/sinif-irkciligi-etienne-balibar\/#primaryimage\"},\"thumbnailUrl\":\"http:\/\/narteks.net\/wp-content\/uploads\/etienne_balibar-150x150.jpg\",\"articleSection\":[\"Milliyet\u00e7ilik\"],\"inLanguage\":\"tr\",\"potentialAction\":[{\"@type\":\"CommentAction\",\"name\":\"Comment\",\"target\":[\"https:\/\/narteks.net\/index.php\/2018\/08\/15\/sinif-irkciligi-etienne-balibar\/#respond\"]}]},{\"@type\":\"WebPage\",\"@id\":\"https:\/\/narteks.net\/index.php\/2018\/08\/15\/sinif-irkciligi-etienne-balibar\/\",\"url\":\"https:\/\/narteks.net\/index.php\/2018\/08\/15\/sinif-irkciligi-etienne-balibar\/\",\"name\":\"S\u0131n\u0131f Irk\u00e7\u0131l\u0131\u011f\u0131 | Etienne Balibar - narteks.net\",\"isPartOf\":{\"@id\":\"https:\/\/narteks.net\/#website\"},\"primaryImageOfPage\":{\"@id\":\"https:\/\/narteks.net\/index.php\/2018\/08\/15\/sinif-irkciligi-etienne-balibar\/#primaryimage\"},\"image\":{\"@id\":\"https:\/\/narteks.net\/index.php\/2018\/08\/15\/sinif-irkciligi-etienne-balibar\/#primaryimage\"},\"thumbnailUrl\":\"http:\/\/narteks.net\/wp-content\/uploads\/etienne_balibar-150x150.jpg\",\"datePublished\":\"2018-08-15T19:49:35+00:00\",\"dateModified\":\"2024-04-27T04:01:30+00:00\",\"breadcrumb\":{\"@id\":\"https:\/\/narteks.net\/index.php\/2018\/08\/15\/sinif-irkciligi-etienne-balibar\/#breadcrumb\"},\"inLanguage\":\"tr\",\"potentialAction\":[{\"@type\":\"ReadAction\",\"target\":[\"https:\/\/narteks.net\/index.php\/2018\/08\/15\/sinif-irkciligi-etienne-balibar\/\"]}]},{\"@type\":\"ImageObject\",\"inLanguage\":\"tr\",\"@id\":\"https:\/\/narteks.net\/index.php\/2018\/08\/15\/sinif-irkciligi-etienne-balibar\/#primaryimage\",\"url\":\"https:\/\/narteks.net\/wp-content\/uploads\/etienne_balibar.jpg\",\"contentUrl\":\"https:\/\/narteks.net\/wp-content\/uploads\/etienne_balibar.jpg\",\"width\":155,\"height\":205},{\"@type\":\"BreadcrumbList\",\"@id\":\"https:\/\/narteks.net\/index.php\/2018\/08\/15\/sinif-irkciligi-etienne-balibar\/#breadcrumb\",\"itemListElement\":[{\"@type\":\"ListItem\",\"position\":1,\"name\":\"Anasayfa\",\"item\":\"https:\/\/narteks.net\/\"},{\"@type\":\"ListItem\",\"position\":2,\"name\":\"S\u0131n\u0131f Irk\u00e7\u0131l\u0131\u011f\u0131 | Etienne Balibar\"}]},{\"@type\":\"WebSite\",\"@id\":\"https:\/\/narteks.net\/#website\",\"url\":\"https:\/\/narteks.net\/\",\"name\":\"narteks.net\",\"description\":\"K\u00fclt\u00fcr Sanat Edebiyat Felsefe\",\"publisher\":{\"@id\":\"https:\/\/narteks.net\/#organization\"},\"alternateName\":\"K\u00fclt\u00fcr Sanat Edebiyat Felsefe\",\"potentialAction\":[{\"@type\":\"SearchAction\",\"target\":{\"@type\":\"EntryPoint\",\"urlTemplate\":\"https:\/\/narteks.net\/?s={search_term_string}\"},\"query-input\":{\"@type\":\"PropertyValueSpecification\",\"valueRequired\":true,\"valueName\":\"search_term_string\"}}],\"inLanguage\":\"tr\"},{\"@type\":\"Organization\",\"@id\":\"https:\/\/narteks.net\/#organization\",\"name\":\"narteks.net\",\"url\":\"https:\/\/narteks.net\/\",\"logo\":{\"@type\":\"ImageObject\",\"inLanguage\":\"tr\",\"@id\":\"https:\/\/narteks.net\/#\/schema\/logo\/image\/\",\"url\":\"https:\/\/narteks.net\/wp-content\/uploads\/narteks.png\",\"contentUrl\":\"https:\/\/narteks.net\/wp-content\/uploads\/narteks.png\",\"width\":300,\"height\":90,\"caption\":\"narteks.net\"},\"image\":{\"@id\":\"https:\/\/narteks.net\/#\/schema\/logo\/image\/\"},\"sameAs\":[\"https:\/\/x.com\/narteks\",\"https:\/\/instagram.com\/narteksnet\"]},{\"@type\":\"Person\",\"@id\":\"https:\/\/narteks.net\/#\/schema\/person\/61f37d9834294b72d31d274e7ed79bca\",\"name\":\"Tar\u0131k\",\"image\":{\"@type\":\"ImageObject\",\"inLanguage\":\"tr\",\"@id\":\"https:\/\/narteks.net\/#\/schema\/person\/image\/\",\"url\":\"https:\/\/secure.gravatar.com\/avatar\/50865afb55632c4ae467e0af0930f6510aa2297d8014be502a55b14f3b7550cf?s=96&d=mm&r=g\",\"contentUrl\":\"https:\/\/secure.gravatar.com\/avatar\/50865afb55632c4ae467e0af0930f6510aa2297d8014be502a55b14f3b7550cf?s=96&d=mm&r=g\",\"caption\":\"Tar\u0131k\"},\"sameAs\":[\"http:\/\/narteks.net\"],\"url\":\"https:\/\/narteks.net\/index.php\/author\/narbak\/\"}]}<\/script>\n<!-- \/ Yoast SEO Premium plugin. -->","yoast_head_json":{"title":"S\u0131n\u0131f Irk\u00e7\u0131l\u0131\u011f\u0131 | Etienne Balibar - narteks.net","robots":{"index":"index","follow":"follow","max-snippet":"max-snippet:-1","max-image-preview":"max-image-preview:large","max-video-preview":"max-video-preview:-1"},"canonical":"https:\/\/narteks.net\/index.php\/2018\/08\/15\/sinif-irkciligi-etienne-balibar\/","og_locale":"tr_TR","og_type":"article","og_title":"S\u0131n\u0131f Irk\u00e7\u0131l\u0131\u011f\u0131 | Etienne Balibar","og_description":"\u00dcst d\u00fczey \u0131rk\u00e7\u0131l\u0131k \u00e7\u00f6z\u00fcmlemeleri \u0131rk\u00e7\u0131 kuramlar\u0131n incelenmesine \u00f6ncelik verdiklerinde, &#8220;sosyolojik&#8221; \u0131rk\u00e7\u0131l\u0131\u011f\u0131n bir kitle g\u00f6r\u00fcng\u00fcs\u00fc oldu\u011funu ortaya \u00e7\u0131kar\u0131rlar. B\u00f6ylelikle i\u015f\u00e7i s\u0131n\u0131f\u0131nda \u0131rk\u00e7\u0131l\u0131\u011f\u0131n geli\u015fmesi (ki bu kom\u00fcnist ve sosyalist militanlara do\u011faya ayk\u0131r\u0131 gelir) kitlelerde varolan bir e\u011filimin sonucu halini al\u0131r. Kurumsal \u0131rk\u00e7\u0131l\u0131k, bu psikososyolojik &#8220;kitle&#8221; kategorisinin yap\u0131l\u0131\u015f\u0131na bile yans\u0131r. \u00d6yleyse s\u0131n\u0131flardan kitlelere ge\u00e7erek kitleleri, \u0131rk\u00e7\u0131l\u0131\u011f\u0131n hem ayr\u0131cal\u0131kl\u0131 [&hellip;]","og_url":"https:\/\/narteks.net\/index.php\/2018\/08\/15\/sinif-irkciligi-etienne-balibar\/","og_site_name":"narteks.net","article_published_time":"2018-08-15T19:49:35+00:00","article_modified_time":"2024-04-27T04:01:30+00:00","og_image":[{"url":"http:\/\/narteks.net\/wp-content\/uploads\/etienne_balibar-150x150.jpg","type":"","width":"","height":""}],"author":"Tar\u0131k","twitter_card":"summary_large_image","twitter_creator":"@narteks","twitter_site":"@narteks","twitter_misc":{"Yazan:":"Tar\u0131k","Tahmini okuma s\u00fcresi":"28 dakika"},"schema":{"@context":"https:\/\/schema.org","@graph":[{"@type":"Article","@id":"https:\/\/narteks.net\/index.php\/2018\/08\/15\/sinif-irkciligi-etienne-balibar\/#article","isPartOf":{"@id":"https:\/\/narteks.net\/index.php\/2018\/08\/15\/sinif-irkciligi-etienne-balibar\/"},"author":{"name":"Tar\u0131k","@id":"https:\/\/narteks.net\/#\/schema\/person\/61f37d9834294b72d31d274e7ed79bca"},"headline":"S\u0131n\u0131f Irk\u00e7\u0131l\u0131\u011f\u0131 | Etienne Balibar","datePublished":"2018-08-15T19:49:35+00:00","dateModified":"2024-04-27T04:01:30+00:00","mainEntityOfPage":{"@id":"https:\/\/narteks.net\/index.php\/2018\/08\/15\/sinif-irkciligi-etienne-balibar\/"},"wordCount":5599,"commentCount":0,"publisher":{"@id":"https:\/\/narteks.net\/#organization"},"image":{"@id":"https:\/\/narteks.net\/index.php\/2018\/08\/15\/sinif-irkciligi-etienne-balibar\/#primaryimage"},"thumbnailUrl":"http:\/\/narteks.net\/wp-content\/uploads\/etienne_balibar-150x150.jpg","articleSection":["Milliyet\u00e7ilik"],"inLanguage":"tr","potentialAction":[{"@type":"CommentAction","name":"Comment","target":["https:\/\/narteks.net\/index.php\/2018\/08\/15\/sinif-irkciligi-etienne-balibar\/#respond"]}]},{"@type":"WebPage","@id":"https:\/\/narteks.net\/index.php\/2018\/08\/15\/sinif-irkciligi-etienne-balibar\/","url":"https:\/\/narteks.net\/index.php\/2018\/08\/15\/sinif-irkciligi-etienne-balibar\/","name":"S\u0131n\u0131f Irk\u00e7\u0131l\u0131\u011f\u0131 | Etienne Balibar - narteks.net","isPartOf":{"@id":"https:\/\/narteks.net\/#website"},"primaryImageOfPage":{"@id":"https:\/\/narteks.net\/index.php\/2018\/08\/15\/sinif-irkciligi-etienne-balibar\/#primaryimage"},"image":{"@id":"https:\/\/narteks.net\/index.php\/2018\/08\/15\/sinif-irkciligi-etienne-balibar\/#primaryimage"},"thumbnailUrl":"http:\/\/narteks.net\/wp-content\/uploads\/etienne_balibar-150x150.jpg","datePublished":"2018-08-15T19:49:35+00:00","dateModified":"2024-04-27T04:01:30+00:00","breadcrumb":{"@id":"https:\/\/narteks.net\/index.php\/2018\/08\/15\/sinif-irkciligi-etienne-balibar\/#breadcrumb"},"inLanguage":"tr","potentialAction":[{"@type":"ReadAction","target":["https:\/\/narteks.net\/index.php\/2018\/08\/15\/sinif-irkciligi-etienne-balibar\/"]}]},{"@type":"ImageObject","inLanguage":"tr","@id":"https:\/\/narteks.net\/index.php\/2018\/08\/15\/sinif-irkciligi-etienne-balibar\/#primaryimage","url":"https:\/\/narteks.net\/wp-content\/uploads\/etienne_balibar.jpg","contentUrl":"https:\/\/narteks.net\/wp-content\/uploads\/etienne_balibar.jpg","width":155,"height":205},{"@type":"BreadcrumbList","@id":"https:\/\/narteks.net\/index.php\/2018\/08\/15\/sinif-irkciligi-etienne-balibar\/#breadcrumb","itemListElement":[{"@type":"ListItem","position":1,"name":"Anasayfa","item":"https:\/\/narteks.net\/"},{"@type":"ListItem","position":2,"name":"S\u0131n\u0131f Irk\u00e7\u0131l\u0131\u011f\u0131 | Etienne Balibar"}]},{"@type":"WebSite","@id":"https:\/\/narteks.net\/#website","url":"https:\/\/narteks.net\/","name":"narteks.net","description":"K\u00fclt\u00fcr Sanat Edebiyat Felsefe","publisher":{"@id":"https:\/\/narteks.net\/#organization"},"alternateName":"K\u00fclt\u00fcr Sanat Edebiyat Felsefe","potentialAction":[{"@type":"SearchAction","target":{"@type":"EntryPoint","urlTemplate":"https:\/\/narteks.net\/?s={search_term_string}"},"query-input":{"@type":"PropertyValueSpecification","valueRequired":true,"valueName":"search_term_string"}}],"inLanguage":"tr"},{"@type":"Organization","@id":"https:\/\/narteks.net\/#organization","name":"narteks.net","url":"https:\/\/narteks.net\/","logo":{"@type":"ImageObject","inLanguage":"tr","@id":"https:\/\/narteks.net\/#\/schema\/logo\/image\/","url":"https:\/\/narteks.net\/wp-content\/uploads\/narteks.png","contentUrl":"https:\/\/narteks.net\/wp-content\/uploads\/narteks.png","width":300,"height":90,"caption":"narteks.net"},"image":{"@id":"https:\/\/narteks.net\/#\/schema\/logo\/image\/"},"sameAs":["https:\/\/x.com\/narteks","https:\/\/instagram.com\/narteksnet"]},{"@type":"Person","@id":"https:\/\/narteks.net\/#\/schema\/person\/61f37d9834294b72d31d274e7ed79bca","name":"Tar\u0131k","image":{"@type":"ImageObject","inLanguage":"tr","@id":"https:\/\/narteks.net\/#\/schema\/person\/image\/","url":"https:\/\/secure.gravatar.com\/avatar\/50865afb55632c4ae467e0af0930f6510aa2297d8014be502a55b14f3b7550cf?s=96&d=mm&r=g","contentUrl":"https:\/\/secure.gravatar.com\/avatar\/50865afb55632c4ae467e0af0930f6510aa2297d8014be502a55b14f3b7550cf?s=96&d=mm&r=g","caption":"Tar\u0131k"},"sameAs":["http:\/\/narteks.net"],"url":"https:\/\/narteks.net\/index.php\/author\/narbak\/"}]}},"_links":{"self":[{"href":"https:\/\/narteks.net\/index.php\/wp-json\/wp\/v2\/posts\/7142","targetHints":{"allow":["GET"]}}],"collection":[{"href":"https:\/\/narteks.net\/index.php\/wp-json\/wp\/v2\/posts"}],"about":[{"href":"https:\/\/narteks.net\/index.php\/wp-json\/wp\/v2\/types\/post"}],"author":[{"embeddable":true,"href":"https:\/\/narteks.net\/index.php\/wp-json\/wp\/v2\/users\/1"}],"replies":[{"embeddable":true,"href":"https:\/\/narteks.net\/index.php\/wp-json\/wp\/v2\/comments?post=7142"}],"version-history":[{"count":1,"href":"https:\/\/narteks.net\/index.php\/wp-json\/wp\/v2\/posts\/7142\/revisions"}],"predecessor-version":[{"id":7827,"href":"https:\/\/narteks.net\/index.php\/wp-json\/wp\/v2\/posts\/7142\/revisions\/7827"}],"wp:attachment":[{"href":"https:\/\/narteks.net\/index.php\/wp-json\/wp\/v2\/media?parent=7142"}],"wp:term":[{"taxonomy":"category","embeddable":true,"href":"https:\/\/narteks.net\/index.php\/wp-json\/wp\/v2\/categories?post=7142"},{"taxonomy":"post_tag","embeddable":true,"href":"https:\/\/narteks.net\/index.php\/wp-json\/wp\/v2\/tags?post=7142"}],"curies":[{"name":"wp","href":"https:\/\/api.w.org\/{rel}","templated":true}]}}