{"id":7143,"date":"2018-08-16T14:20:08","date_gmt":"2018-08-16T11:20:08","guid":{"rendered":"http:\/\/localhost\/wordpress\/2018\/08\/16\/savasi-bile-kutsayan-iyi-davadir-mi-diyorsunuz-size-de-rim-her-davayi-kutsayan-iyi-savastir-f-nietzsche\/"},"modified":"2024-04-27T07:00:43","modified_gmt":"2024-04-27T04:00:43","slug":"savasi-bile-kutsayan-iyi-davadir-mi-diyorsunuz-size-de-rim-her-davayi-kutsayan-iyi-savastir-f-nietzsche","status":"publish","type":"post","link":"https:\/\/narteks.net\/index.php\/2018\/08\/16\/savasi-bile-kutsayan-iyi-davadir-mi-diyorsunuz-size-de-rim-her-davayi-kutsayan-iyi-savastir-f-nietzsche\/","title":{"rendered":"Sava\u015f\u0131 bile kutsayan iyi davad\u0131r m\u0131 diyorsunuz? Size de\u00adrim: her davay\u0131 kutsayan iyi sava\u015ft\u0131r | F. Nietzsche"},"content":{"rendered":"<p style=\"text-align: justify;\"><img loading=\"lazy\" decoding=\"async\" class=\"wp-image-7824 size-thumbnail alignleft\" src=\"http:\/\/narteks.net\/wp-content\/uploads\/nietzsche1-150x150.jpg\" alt=\"\" width=\"150\" height=\"150\" \/>Ne en iyi d\u00fc\u015fmanlar\u0131m\u0131z esirgesin isteriz bizi, ne de can\u00addan y\u00fcrekten sevdiklerimiz, \u00f6yleyse do\u011fruyu s\u00f6yliyeyim size!<br \/>\nSava\u015f karde\u015flerim benim! Sizi candan y\u00fcrekten severim, ben \u00f6teden beri sizdenim. Ve sizin en iyi d\u00fc\u015fman\u0131n\u0131z\u0131m. \u00f6y\u00adleyse do\u011fruyu s\u00f6yliyeyim size!<br \/>\nY\u00fcreklerinizdeki nefreti ve k\u0131skan\u00e7l\u0131\u011f\u0131 bilirim. Nefreti ve k\u0131skan\u00e7l\u0131\u011f\u0131 tan\u0131m\u0131yacak kadar b\u00fcy\u00fck de\u011filsinizdir. Bunlardan utanm\u0131yacak kadar b\u00fcy\u00fck olun bari!<br \/>\nBilgi ermi\u015fleri olmak elinizden gelmiyorsa, hi\u00e7 de\u011filse bil\u00adgi sava\u015f\u00e7\u0131lar\u0131 olun. Onlar, bu t\u00fcrl\u00fc ermi\u015fli\u011fin yolda\u015flar\u0131 ve \u00f6n\u00adc\u00fcleridirler.<br \/>\nPek \u00e7ok asker g\u00f6r\u00fcyorum: pek \u00e7ok sava\u015f\u00e7\u0131 g\u00f6rebilsem ke\u015fke! \u00ab\u00dcniforma\u00bb diyorlar giydiklerine: bari \u00fcniforman\u0131n giz\u00adledi\u011fi \u00fcniform olmasa!<br \/>\nG\u00f6z\u00fc hep d\u00fc\u015fman ariyan ki\u015filer olmal\u0131s\u0131n\u0131z,\u00a0 kendi d\u00fc\u015f\u00adman\u0131n\u0131z\u0131. Ve kiminiz ilk bak\u0131\u015fta nefret eder.<br \/>\nKendi d\u00fc\u015fman\u0131n\u0131z\u0131 aramal\u0131s\u0131n\u0131z, kendi sava\u015f\u0131n\u0131z\u0131 a\u00e7mal\u0131\u00ads\u0131n\u0131z, ve kendi d\u00fc\u015f\u00fcnceleriniz u\u011fruna! D\u00fc\u015f\u00fcnceleriniz yenilse bile, d\u00fcr\u00fcstl\u00fc\u011f\u00fcn\u00fcz zafer \u00e7\u0131\u011fl\u0131\u011f\u0131 atmal\u0131d\u0131r bunun i\u00e7in!<br \/>\nSiz bar\u0131\u015f\u0131, yeni sava\u015flar\u0131n arac\u0131 olarak sevmelisiniz,\u00a0 ve k\u0131sa bar\u0131\u015f\u0131, uzunundan daha \u00e7ok sevmelisiniz.<br \/>\ni\u015fi de\u011fil, sava\u015fmay\u0131 sal\u0131k veririm size. Bar\u0131\u015f\u0131 de\u011fil, zaferi sal\u0131k veririm size. \u0130\u015finiz sava\u015f olsun, bar\u0131\u015f\u0131n\u0131z zafer olsun!<br \/>\nKi\u015fi, ancak ok ve yay\u0131 oldu\u011fu zaman susar ve sessiz otu\u00adrabilir: yoksa gevezelik eder ve \u00e7eki\u015fir. Bar\u0131\u015f\u0131n\u0131z zafer olsun!<br \/>\nSava\u015f\u0131 bile kutsayan iyi davad\u0131r m\u0131 diyorsunuz? Size de\u00adrim: her davay\u0131 kutsayan iyi sava\u015ft\u0131r.<br \/>\nSava\u015f ve y\u00fcreklilik, kom\u015fu sevgisinden daha b\u00fcy\u00fck \u015fey\u00adler ba\u015farm\u0131\u015ft\u0131r. Umars\u0131zlar\u0131, ac\u0131man\u0131z de\u011fil, y\u00fcreklili\u011finiz kur\u00adtarm\u0131\u015ft\u0131r \u015fimdiye dek.<br \/>\n\u00abiyi nedir?\u00bb diye soruyorsunuz. G\u00f6z\u00fcpek olmak iyidir. K\u00fc\u00ad\u00e7\u00fck k\u0131zlar desinler: \u00ab\u0130yi olmak, hem g\u00fczel, hem dokunakl\u0131 ol\u00admakt\u0131r.\u00bb<br \/>\nSize kat\u0131 y\u00fcrekli diyorlar: ama y\u00fcre\u011finiz kat\u0131ks\u0131zd\u0131r ve ben sizin i\u00e7tenli\u011finizdeki utanga\u00e7l\u0131\u011f\u0131 seviyorum. Siz y\u00fckseli\u015finizden utan\u0131yorsunuz, ba\u015fkalar\u0131ysa ini\u015flerinden utan\u0131yorlar.<br \/>\n\u00c7irkin misiniz? \u00d6yleyse, karde\u015flerim, y\u00fcceye b\u00fcr\u00fcn\u00fcn, \u00e7ir\u00adkinlerin \u00f6rt\u00fcs\u00fcne!<br \/>\nG\u00f6nl\u00fcn\u00fcz b\u00fcy\u00fcd\u00fc m\u00fc, kendini be\u011fenir, ve y\u00fcceli\u011finizde k\u00f6t\u00fcl\u00fck vard\u0131r. Sizi bilirim.<br \/>\nK\u00f6t\u00fcl\u00fckte, kendini be\u011fenmi\u015f ki\u015fiyle g\u00fc\u00e7s\u00fcz ki\u015fi bulu\u015fur. Fakat birbiri yanl\u0131\u015f anlarlar. Sizi bilirim.<br \/>\nSizin ancak nefret edilesi d\u00fc\u015fmanlar\u0131n\u0131z olmal\u0131, horg\u00f6r\u00fclesi de\u011fil. D\u00fc\u015fmanlar\u0131n\u0131zdan k\u0131van\u00e7 duymal\u0131s\u0131n\u0131z: o zaman d\u00fc\u015f\u00adman\u0131n\u0131z\u0131n ba\u015far\u0131s\u0131, sizin dahi ba\u015far\u0131n\u0131z olur.<br \/>\nKar\u015f\u0131 koymak, bu, k\u00f6lenin soylulu\u011fudur. Sizin soylulu\u00ad\u011funuz, s\u00f6zdinlerlik olmal\u0131. Sizin buyurman\u0131z dahi s\u00f6zdinlerlik olmal\u0131!<br \/>\n\u00abYapmal\u0131s\u0131n\u00bb, \u00abistiyorumdan daha tatl\u0131 geiir sava\u015f\u00e7\u0131n\u0131n kula\u011f\u0131na. Ve sevgili bildi\u011finiz her \u015feyi, \u00f6nce kendinize buyurtmal\u0131s\u0131n\u0131z.<br \/>\nHayat sevginiz, en y\u00fcksek umudunuza besledi\u011finiz sevgi olsun; en y\u00fcksek umudunuz da, en y\u00fcksek hayat d\u00fc\u015f\u00fcnceniz olsun!<br \/>\nFakat en y\u00fcksek d\u00fc\u015f\u00fcncenizi ben buyurmal\u0131y\u0131m size, o da \u015fudur: insan altedilmesi gereken bir \u015feydir.<br \/>\nB\u00f6yle ya\u015fay\u0131n s\u00f6zdinlerlik ve sava\u015f hayat\u0131n\u0131z\u0131! Uzun \u00f6m\u00fcr de neymi\u015f! Hangi sava\u015f\u00e7\u0131 esirgensin ister ki!<br \/>\nBen esirgemem sizi, ben sizi candan y\u00fcrekten severim, sava\u015f karde\u015flerim benim!<\/p>\n<p style=\"text-align: justify;\">B\u00f6yle buyurdu Zerd\u00fc\u015ft.<\/p>\n<p style=\"text-align: justify;\"><strong>Sava\u015f Ve Sava\u015f\u00e7\u0131lar \u00dcst\u00fcne | Friedrich Nietzsche<\/strong><\/p>\n","protected":false},"excerpt":{"rendered":"<p>Ne en iyi d\u00fc\u015fmanlar\u0131m\u0131z esirgesin isteriz bizi, ne de can\u00addan y\u00fcrekten sevdiklerimiz, \u00f6yleyse do\u011fruyu s\u00f6yliyeyim size! Sava\u015f karde\u015flerim benim! Sizi candan y\u00fcrekten severim, ben \u00f6teden beri sizdenim. Ve sizin en iyi d\u00fc\u015fman\u0131n\u0131z\u0131m. \u00f6y\u00adleyse do\u011fruyu s\u00f6yliyeyim size! Y\u00fcreklerinizdeki nefreti ve k\u0131skan\u00e7l\u0131\u011f\u0131 bilirim. Nefreti ve k\u0131skan\u00e7l\u0131\u011f\u0131 tan\u0131m\u0131yacak kadar b\u00fcy\u00fck de\u011filsinizdir. Bunlardan utanm\u0131yacak kadar b\u00fcy\u00fck olun bari! Bilgi [&hellip;]<\/p>\n","protected":false},"author":1,"featured_media":0,"comment_status":"open","ping_status":"open","sticky":false,"template":"","format":"standard","meta":{"footnotes":""},"categories":[73],"tags":[],"class_list":{"0":"post-7143","1":"post","2":"type-post","3":"status-publish","4":"format-standard","6":"category-friedrich-wilhelm-nietzsche"},"yoast_head":"<!-- This site is optimized with the Yoast SEO Premium plugin v24.9 (Yoast SEO v24.9) - https:\/\/yoast.com\/wordpress\/plugins\/seo\/ -->\n<title>Sava\u015f\u0131 bile kutsayan iyi davad\u0131r m\u0131 diyorsunuz? Size de\u00adrim: her davay\u0131 kutsayan iyi sava\u015ft\u0131r | F. Nietzsche - narteks.net<\/title>\n<meta name=\"robots\" content=\"index, follow, max-snippet:-1, max-image-preview:large, max-video-preview:-1\" \/>\n<link rel=\"canonical\" href=\"https:\/\/narteks.net\/index.php\/2018\/08\/16\/savasi-bile-kutsayan-iyi-davadir-mi-diyorsunuz-size-de-rim-her-davayi-kutsayan-iyi-savastir-f-nietzsche\/\" \/>\n<meta property=\"og:locale\" content=\"tr_TR\" \/>\n<meta property=\"og:type\" content=\"article\" \/>\n<meta property=\"og:title\" content=\"Sava\u015f\u0131 bile kutsayan iyi davad\u0131r m\u0131 diyorsunuz? Size de\u00adrim: her davay\u0131 kutsayan iyi sava\u015ft\u0131r | F. Nietzsche\" \/>\n<meta property=\"og:description\" content=\"Ne en iyi d\u00fc\u015fmanlar\u0131m\u0131z esirgesin isteriz bizi, ne de can\u00addan y\u00fcrekten sevdiklerimiz, \u00f6yleyse do\u011fruyu s\u00f6yliyeyim size! Sava\u015f karde\u015flerim benim! Sizi candan y\u00fcrekten severim, ben \u00f6teden beri sizdenim. Ve sizin en iyi d\u00fc\u015fman\u0131n\u0131z\u0131m. \u00f6y\u00adleyse do\u011fruyu s\u00f6yliyeyim size! Y\u00fcreklerinizdeki nefreti ve k\u0131skan\u00e7l\u0131\u011f\u0131 bilirim. Nefreti ve k\u0131skan\u00e7l\u0131\u011f\u0131 tan\u0131m\u0131yacak kadar b\u00fcy\u00fck de\u011filsinizdir. Bunlardan utanm\u0131yacak kadar b\u00fcy\u00fck olun bari! Bilgi [&hellip;]\" \/>\n<meta property=\"og:url\" content=\"https:\/\/narteks.net\/index.php\/2018\/08\/16\/savasi-bile-kutsayan-iyi-davadir-mi-diyorsunuz-size-de-rim-her-davayi-kutsayan-iyi-savastir-f-nietzsche\/\" \/>\n<meta property=\"og:site_name\" content=\"narteks.net\" \/>\n<meta property=\"article:published_time\" content=\"2018-08-16T11:20:08+00:00\" \/>\n<meta property=\"article:modified_time\" content=\"2024-04-27T04:00:43+00:00\" \/>\n<meta property=\"og:image\" content=\"http:\/\/narteks.net\/wp-content\/uploads\/nietzsche1-150x150.jpg\" \/>\n<meta name=\"author\" content=\"Tar\u0131k\" \/>\n<meta name=\"twitter:card\" content=\"summary_large_image\" \/>\n<meta name=\"twitter:creator\" content=\"@narteks\" \/>\n<meta name=\"twitter:site\" content=\"@narteks\" \/>\n<meta name=\"twitter:label1\" content=\"Yazan:\" \/>\n\t<meta name=\"twitter:data1\" content=\"Tar\u0131k\" \/>\n\t<meta name=\"twitter:label2\" content=\"Tahmini okuma s\u00fcresi\" \/>\n\t<meta name=\"twitter:data2\" content=\"3 dakika\" \/>\n<script type=\"application\/ld+json\" class=\"yoast-schema-graph\">{\"@context\":\"https:\/\/schema.org\",\"@graph\":[{\"@type\":\"Article\",\"@id\":\"https:\/\/narteks.net\/index.php\/2018\/08\/16\/savasi-bile-kutsayan-iyi-davadir-mi-diyorsunuz-size-de-rim-her-davayi-kutsayan-iyi-savastir-f-nietzsche\/#article\",\"isPartOf\":{\"@id\":\"https:\/\/narteks.net\/index.php\/2018\/08\/16\/savasi-bile-kutsayan-iyi-davadir-mi-diyorsunuz-size-de-rim-her-davayi-kutsayan-iyi-savastir-f-nietzsche\/\"},\"author\":{\"name\":\"Tar\u0131k\",\"@id\":\"https:\/\/narteks.net\/#\/schema\/person\/61f37d9834294b72d31d274e7ed79bca\"},\"headline\":\"Sava\u015f\u0131 bile kutsayan iyi davad\u0131r m\u0131 diyorsunuz? Size de\u00adrim: her davay\u0131 kutsayan iyi sava\u015ft\u0131r | F. Nietzsche\",\"datePublished\":\"2018-08-16T11:20:08+00:00\",\"dateModified\":\"2024-04-27T04:00:43+00:00\",\"mainEntityOfPage\":{\"@id\":\"https:\/\/narteks.net\/index.php\/2018\/08\/16\/savasi-bile-kutsayan-iyi-davadir-mi-diyorsunuz-size-de-rim-her-davayi-kutsayan-iyi-savastir-f-nietzsche\/\"},\"wordCount\":632,\"commentCount\":0,\"publisher\":{\"@id\":\"https:\/\/narteks.net\/#organization\"},\"image\":{\"@id\":\"https:\/\/narteks.net\/index.php\/2018\/08\/16\/savasi-bile-kutsayan-iyi-davadir-mi-diyorsunuz-size-de-rim-her-davayi-kutsayan-iyi-savastir-f-nietzsche\/#primaryimage\"},\"thumbnailUrl\":\"http:\/\/narteks.net\/wp-content\/uploads\/nietzsche1-150x150.jpg\",\"articleSection\":[\"Friedrich Wilhelm N\u0130ETZSCHE\"],\"inLanguage\":\"tr\",\"potentialAction\":[{\"@type\":\"CommentAction\",\"name\":\"Comment\",\"target\":[\"https:\/\/narteks.net\/index.php\/2018\/08\/16\/savasi-bile-kutsayan-iyi-davadir-mi-diyorsunuz-size-de-rim-her-davayi-kutsayan-iyi-savastir-f-nietzsche\/#respond\"]}]},{\"@type\":\"WebPage\",\"@id\":\"https:\/\/narteks.net\/index.php\/2018\/08\/16\/savasi-bile-kutsayan-iyi-davadir-mi-diyorsunuz-size-de-rim-her-davayi-kutsayan-iyi-savastir-f-nietzsche\/\",\"url\":\"https:\/\/narteks.net\/index.php\/2018\/08\/16\/savasi-bile-kutsayan-iyi-davadir-mi-diyorsunuz-size-de-rim-her-davayi-kutsayan-iyi-savastir-f-nietzsche\/\",\"name\":\"Sava\u015f\u0131 bile kutsayan iyi davad\u0131r m\u0131 diyorsunuz? Size de\u00adrim: her davay\u0131 kutsayan iyi sava\u015ft\u0131r | F. Nietzsche - narteks.net\",\"isPartOf\":{\"@id\":\"https:\/\/narteks.net\/#website\"},\"primaryImageOfPage\":{\"@id\":\"https:\/\/narteks.net\/index.php\/2018\/08\/16\/savasi-bile-kutsayan-iyi-davadir-mi-diyorsunuz-size-de-rim-her-davayi-kutsayan-iyi-savastir-f-nietzsche\/#primaryimage\"},\"image\":{\"@id\":\"https:\/\/narteks.net\/index.php\/2018\/08\/16\/savasi-bile-kutsayan-iyi-davadir-mi-diyorsunuz-size-de-rim-her-davayi-kutsayan-iyi-savastir-f-nietzsche\/#primaryimage\"},\"thumbnailUrl\":\"http:\/\/narteks.net\/wp-content\/uploads\/nietzsche1-150x150.jpg\",\"datePublished\":\"2018-08-16T11:20:08+00:00\",\"dateModified\":\"2024-04-27T04:00:43+00:00\",\"breadcrumb\":{\"@id\":\"https:\/\/narteks.net\/index.php\/2018\/08\/16\/savasi-bile-kutsayan-iyi-davadir-mi-diyorsunuz-size-de-rim-her-davayi-kutsayan-iyi-savastir-f-nietzsche\/#breadcrumb\"},\"inLanguage\":\"tr\",\"potentialAction\":[{\"@type\":\"ReadAction\",\"target\":[\"https:\/\/narteks.net\/index.php\/2018\/08\/16\/savasi-bile-kutsayan-iyi-davadir-mi-diyorsunuz-size-de-rim-her-davayi-kutsayan-iyi-savastir-f-nietzsche\/\"]}]},{\"@type\":\"ImageObject\",\"inLanguage\":\"tr\",\"@id\":\"https:\/\/narteks.net\/index.php\/2018\/08\/16\/savasi-bile-kutsayan-iyi-davadir-mi-diyorsunuz-size-de-rim-her-davayi-kutsayan-iyi-savastir-f-nietzsche\/#primaryimage\",\"url\":\"https:\/\/narteks.net\/wp-content\/uploads\/nietzsche1.jpg\",\"contentUrl\":\"https:\/\/narteks.net\/wp-content\/uploads\/nietzsche1.jpg\",\"width\":155,\"height\":205},{\"@type\":\"BreadcrumbList\",\"@id\":\"https:\/\/narteks.net\/index.php\/2018\/08\/16\/savasi-bile-kutsayan-iyi-davadir-mi-diyorsunuz-size-de-rim-her-davayi-kutsayan-iyi-savastir-f-nietzsche\/#breadcrumb\",\"itemListElement\":[{\"@type\":\"ListItem\",\"position\":1,\"name\":\"Anasayfa\",\"item\":\"https:\/\/narteks.net\/\"},{\"@type\":\"ListItem\",\"position\":2,\"name\":\"Sava\u015f\u0131 bile kutsayan iyi davad\u0131r m\u0131 diyorsunuz? Size de\u00adrim: her davay\u0131 kutsayan iyi sava\u015ft\u0131r | F. Nietzsche\"}]},{\"@type\":\"WebSite\",\"@id\":\"https:\/\/narteks.net\/#website\",\"url\":\"https:\/\/narteks.net\/\",\"name\":\"narteks.net\",\"description\":\"K\u00fclt\u00fcr Sanat Edebiyat Felsefe\",\"publisher\":{\"@id\":\"https:\/\/narteks.net\/#organization\"},\"alternateName\":\"K\u00fclt\u00fcr Sanat Edebiyat Felsefe\",\"potentialAction\":[{\"@type\":\"SearchAction\",\"target\":{\"@type\":\"EntryPoint\",\"urlTemplate\":\"https:\/\/narteks.net\/?s={search_term_string}\"},\"query-input\":{\"@type\":\"PropertyValueSpecification\",\"valueRequired\":true,\"valueName\":\"search_term_string\"}}],\"inLanguage\":\"tr\"},{\"@type\":\"Organization\",\"@id\":\"https:\/\/narteks.net\/#organization\",\"name\":\"narteks.net\",\"url\":\"https:\/\/narteks.net\/\",\"logo\":{\"@type\":\"ImageObject\",\"inLanguage\":\"tr\",\"@id\":\"https:\/\/narteks.net\/#\/schema\/logo\/image\/\",\"url\":\"https:\/\/narteks.net\/wp-content\/uploads\/narteks.png\",\"contentUrl\":\"https:\/\/narteks.net\/wp-content\/uploads\/narteks.png\",\"width\":300,\"height\":90,\"caption\":\"narteks.net\"},\"image\":{\"@id\":\"https:\/\/narteks.net\/#\/schema\/logo\/image\/\"},\"sameAs\":[\"https:\/\/x.com\/narteks\",\"https:\/\/instagram.com\/narteksnet\"]},{\"@type\":\"Person\",\"@id\":\"https:\/\/narteks.net\/#\/schema\/person\/61f37d9834294b72d31d274e7ed79bca\",\"name\":\"Tar\u0131k\",\"image\":{\"@type\":\"ImageObject\",\"inLanguage\":\"tr\",\"@id\":\"https:\/\/narteks.net\/#\/schema\/person\/image\/\",\"url\":\"https:\/\/secure.gravatar.com\/avatar\/50865afb55632c4ae467e0af0930f6510aa2297d8014be502a55b14f3b7550cf?s=96&d=mm&r=g\",\"contentUrl\":\"https:\/\/secure.gravatar.com\/avatar\/50865afb55632c4ae467e0af0930f6510aa2297d8014be502a55b14f3b7550cf?s=96&d=mm&r=g\",\"caption\":\"Tar\u0131k\"},\"sameAs\":[\"http:\/\/narteks.net\"],\"url\":\"https:\/\/narteks.net\/index.php\/author\/narbak\/\"}]}<\/script>\n<!-- \/ Yoast SEO Premium plugin. -->","yoast_head_json":{"title":"Sava\u015f\u0131 bile kutsayan iyi davad\u0131r m\u0131 diyorsunuz? Size de\u00adrim: her davay\u0131 kutsayan iyi sava\u015ft\u0131r | F. Nietzsche - narteks.net","robots":{"index":"index","follow":"follow","max-snippet":"max-snippet:-1","max-image-preview":"max-image-preview:large","max-video-preview":"max-video-preview:-1"},"canonical":"https:\/\/narteks.net\/index.php\/2018\/08\/16\/savasi-bile-kutsayan-iyi-davadir-mi-diyorsunuz-size-de-rim-her-davayi-kutsayan-iyi-savastir-f-nietzsche\/","og_locale":"tr_TR","og_type":"article","og_title":"Sava\u015f\u0131 bile kutsayan iyi davad\u0131r m\u0131 diyorsunuz? Size de\u00adrim: her davay\u0131 kutsayan iyi sava\u015ft\u0131r | F. Nietzsche","og_description":"Ne en iyi d\u00fc\u015fmanlar\u0131m\u0131z esirgesin isteriz bizi, ne de can\u00addan y\u00fcrekten sevdiklerimiz, \u00f6yleyse do\u011fruyu s\u00f6yliyeyim size! Sava\u015f karde\u015flerim benim! Sizi candan y\u00fcrekten severim, ben \u00f6teden beri sizdenim. Ve sizin en iyi d\u00fc\u015fman\u0131n\u0131z\u0131m. \u00f6y\u00adleyse do\u011fruyu s\u00f6yliyeyim size! Y\u00fcreklerinizdeki nefreti ve k\u0131skan\u00e7l\u0131\u011f\u0131 bilirim. Nefreti ve k\u0131skan\u00e7l\u0131\u011f\u0131 tan\u0131m\u0131yacak kadar b\u00fcy\u00fck de\u011filsinizdir. Bunlardan utanm\u0131yacak kadar b\u00fcy\u00fck olun bari! Bilgi [&hellip;]","og_url":"https:\/\/narteks.net\/index.php\/2018\/08\/16\/savasi-bile-kutsayan-iyi-davadir-mi-diyorsunuz-size-de-rim-her-davayi-kutsayan-iyi-savastir-f-nietzsche\/","og_site_name":"narteks.net","article_published_time":"2018-08-16T11:20:08+00:00","article_modified_time":"2024-04-27T04:00:43+00:00","og_image":[{"url":"http:\/\/narteks.net\/wp-content\/uploads\/nietzsche1-150x150.jpg","type":"","width":"","height":""}],"author":"Tar\u0131k","twitter_card":"summary_large_image","twitter_creator":"@narteks","twitter_site":"@narteks","twitter_misc":{"Yazan:":"Tar\u0131k","Tahmini okuma s\u00fcresi":"3 dakika"},"schema":{"@context":"https:\/\/schema.org","@graph":[{"@type":"Article","@id":"https:\/\/narteks.net\/index.php\/2018\/08\/16\/savasi-bile-kutsayan-iyi-davadir-mi-diyorsunuz-size-de-rim-her-davayi-kutsayan-iyi-savastir-f-nietzsche\/#article","isPartOf":{"@id":"https:\/\/narteks.net\/index.php\/2018\/08\/16\/savasi-bile-kutsayan-iyi-davadir-mi-diyorsunuz-size-de-rim-her-davayi-kutsayan-iyi-savastir-f-nietzsche\/"},"author":{"name":"Tar\u0131k","@id":"https:\/\/narteks.net\/#\/schema\/person\/61f37d9834294b72d31d274e7ed79bca"},"headline":"Sava\u015f\u0131 bile kutsayan iyi davad\u0131r m\u0131 diyorsunuz? Size de\u00adrim: her davay\u0131 kutsayan iyi sava\u015ft\u0131r | F. Nietzsche","datePublished":"2018-08-16T11:20:08+00:00","dateModified":"2024-04-27T04:00:43+00:00","mainEntityOfPage":{"@id":"https:\/\/narteks.net\/index.php\/2018\/08\/16\/savasi-bile-kutsayan-iyi-davadir-mi-diyorsunuz-size-de-rim-her-davayi-kutsayan-iyi-savastir-f-nietzsche\/"},"wordCount":632,"commentCount":0,"publisher":{"@id":"https:\/\/narteks.net\/#organization"},"image":{"@id":"https:\/\/narteks.net\/index.php\/2018\/08\/16\/savasi-bile-kutsayan-iyi-davadir-mi-diyorsunuz-size-de-rim-her-davayi-kutsayan-iyi-savastir-f-nietzsche\/#primaryimage"},"thumbnailUrl":"http:\/\/narteks.net\/wp-content\/uploads\/nietzsche1-150x150.jpg","articleSection":["Friedrich Wilhelm N\u0130ETZSCHE"],"inLanguage":"tr","potentialAction":[{"@type":"CommentAction","name":"Comment","target":["https:\/\/narteks.net\/index.php\/2018\/08\/16\/savasi-bile-kutsayan-iyi-davadir-mi-diyorsunuz-size-de-rim-her-davayi-kutsayan-iyi-savastir-f-nietzsche\/#respond"]}]},{"@type":"WebPage","@id":"https:\/\/narteks.net\/index.php\/2018\/08\/16\/savasi-bile-kutsayan-iyi-davadir-mi-diyorsunuz-size-de-rim-her-davayi-kutsayan-iyi-savastir-f-nietzsche\/","url":"https:\/\/narteks.net\/index.php\/2018\/08\/16\/savasi-bile-kutsayan-iyi-davadir-mi-diyorsunuz-size-de-rim-her-davayi-kutsayan-iyi-savastir-f-nietzsche\/","name":"Sava\u015f\u0131 bile kutsayan iyi davad\u0131r m\u0131 diyorsunuz? Size de\u00adrim: her davay\u0131 kutsayan iyi sava\u015ft\u0131r | F. Nietzsche - narteks.net","isPartOf":{"@id":"https:\/\/narteks.net\/#website"},"primaryImageOfPage":{"@id":"https:\/\/narteks.net\/index.php\/2018\/08\/16\/savasi-bile-kutsayan-iyi-davadir-mi-diyorsunuz-size-de-rim-her-davayi-kutsayan-iyi-savastir-f-nietzsche\/#primaryimage"},"image":{"@id":"https:\/\/narteks.net\/index.php\/2018\/08\/16\/savasi-bile-kutsayan-iyi-davadir-mi-diyorsunuz-size-de-rim-her-davayi-kutsayan-iyi-savastir-f-nietzsche\/#primaryimage"},"thumbnailUrl":"http:\/\/narteks.net\/wp-content\/uploads\/nietzsche1-150x150.jpg","datePublished":"2018-08-16T11:20:08+00:00","dateModified":"2024-04-27T04:00:43+00:00","breadcrumb":{"@id":"https:\/\/narteks.net\/index.php\/2018\/08\/16\/savasi-bile-kutsayan-iyi-davadir-mi-diyorsunuz-size-de-rim-her-davayi-kutsayan-iyi-savastir-f-nietzsche\/#breadcrumb"},"inLanguage":"tr","potentialAction":[{"@type":"ReadAction","target":["https:\/\/narteks.net\/index.php\/2018\/08\/16\/savasi-bile-kutsayan-iyi-davadir-mi-diyorsunuz-size-de-rim-her-davayi-kutsayan-iyi-savastir-f-nietzsche\/"]}]},{"@type":"ImageObject","inLanguage":"tr","@id":"https:\/\/narteks.net\/index.php\/2018\/08\/16\/savasi-bile-kutsayan-iyi-davadir-mi-diyorsunuz-size-de-rim-her-davayi-kutsayan-iyi-savastir-f-nietzsche\/#primaryimage","url":"https:\/\/narteks.net\/wp-content\/uploads\/nietzsche1.jpg","contentUrl":"https:\/\/narteks.net\/wp-content\/uploads\/nietzsche1.jpg","width":155,"height":205},{"@type":"BreadcrumbList","@id":"https:\/\/narteks.net\/index.php\/2018\/08\/16\/savasi-bile-kutsayan-iyi-davadir-mi-diyorsunuz-size-de-rim-her-davayi-kutsayan-iyi-savastir-f-nietzsche\/#breadcrumb","itemListElement":[{"@type":"ListItem","position":1,"name":"Anasayfa","item":"https:\/\/narteks.net\/"},{"@type":"ListItem","position":2,"name":"Sava\u015f\u0131 bile kutsayan iyi davad\u0131r m\u0131 diyorsunuz? Size de\u00adrim: her davay\u0131 kutsayan iyi sava\u015ft\u0131r | F. Nietzsche"}]},{"@type":"WebSite","@id":"https:\/\/narteks.net\/#website","url":"https:\/\/narteks.net\/","name":"narteks.net","description":"K\u00fclt\u00fcr Sanat Edebiyat Felsefe","publisher":{"@id":"https:\/\/narteks.net\/#organization"},"alternateName":"K\u00fclt\u00fcr Sanat Edebiyat Felsefe","potentialAction":[{"@type":"SearchAction","target":{"@type":"EntryPoint","urlTemplate":"https:\/\/narteks.net\/?s={search_term_string}"},"query-input":{"@type":"PropertyValueSpecification","valueRequired":true,"valueName":"search_term_string"}}],"inLanguage":"tr"},{"@type":"Organization","@id":"https:\/\/narteks.net\/#organization","name":"narteks.net","url":"https:\/\/narteks.net\/","logo":{"@type":"ImageObject","inLanguage":"tr","@id":"https:\/\/narteks.net\/#\/schema\/logo\/image\/","url":"https:\/\/narteks.net\/wp-content\/uploads\/narteks.png","contentUrl":"https:\/\/narteks.net\/wp-content\/uploads\/narteks.png","width":300,"height":90,"caption":"narteks.net"},"image":{"@id":"https:\/\/narteks.net\/#\/schema\/logo\/image\/"},"sameAs":["https:\/\/x.com\/narteks","https:\/\/instagram.com\/narteksnet"]},{"@type":"Person","@id":"https:\/\/narteks.net\/#\/schema\/person\/61f37d9834294b72d31d274e7ed79bca","name":"Tar\u0131k","image":{"@type":"ImageObject","inLanguage":"tr","@id":"https:\/\/narteks.net\/#\/schema\/person\/image\/","url":"https:\/\/secure.gravatar.com\/avatar\/50865afb55632c4ae467e0af0930f6510aa2297d8014be502a55b14f3b7550cf?s=96&d=mm&r=g","contentUrl":"https:\/\/secure.gravatar.com\/avatar\/50865afb55632c4ae467e0af0930f6510aa2297d8014be502a55b14f3b7550cf?s=96&d=mm&r=g","caption":"Tar\u0131k"},"sameAs":["http:\/\/narteks.net"],"url":"https:\/\/narteks.net\/index.php\/author\/narbak\/"}]}},"_links":{"self":[{"href":"https:\/\/narteks.net\/index.php\/wp-json\/wp\/v2\/posts\/7143","targetHints":{"allow":["GET"]}}],"collection":[{"href":"https:\/\/narteks.net\/index.php\/wp-json\/wp\/v2\/posts"}],"about":[{"href":"https:\/\/narteks.net\/index.php\/wp-json\/wp\/v2\/types\/post"}],"author":[{"embeddable":true,"href":"https:\/\/narteks.net\/index.php\/wp-json\/wp\/v2\/users\/1"}],"replies":[{"embeddable":true,"href":"https:\/\/narteks.net\/index.php\/wp-json\/wp\/v2\/comments?post=7143"}],"version-history":[{"count":1,"href":"https:\/\/narteks.net\/index.php\/wp-json\/wp\/v2\/posts\/7143\/revisions"}],"predecessor-version":[{"id":7825,"href":"https:\/\/narteks.net\/index.php\/wp-json\/wp\/v2\/posts\/7143\/revisions\/7825"}],"wp:attachment":[{"href":"https:\/\/narteks.net\/index.php\/wp-json\/wp\/v2\/media?parent=7143"}],"wp:term":[{"taxonomy":"category","embeddable":true,"href":"https:\/\/narteks.net\/index.php\/wp-json\/wp\/v2\/categories?post=7143"},{"taxonomy":"post_tag","embeddable":true,"href":"https:\/\/narteks.net\/index.php\/wp-json\/wp\/v2\/tags?post=7143"}],"curies":[{"name":"wp","href":"https:\/\/api.w.org\/{rel}","templated":true}]}}