{"id":732,"date":"2010-01-13T01:00:00","date_gmt":"2010-01-12T22:00:00","guid":{"rendered":"http:\/\/localhost\/wordpress\/2010\/01\/13\/ithal-mali-nostradamusu-birak-yerli-mali-mustak-babaya-bak-murat-bardakci\/"},"modified":"2010-01-13T01:00:00","modified_gmt":"2010-01-12T22:00:00","slug":"ithal-mali-nostradamusu-birak-yerli-mali-mustak-babaya-bak-murat-bardakci","status":"publish","type":"post","link":"https:\/\/narteks.net\/index.php\/2010\/01\/13\/ithal-mali-nostradamusu-birak-yerli-mali-mustak-babaya-bak-murat-bardakci\/","title":{"rendered":"\u0130thal mal\u0131 Nostradamus&#8217;u b\u0131rak yerli mal\u0131 M\u00fc\u015ftak Baba&#8217;ya bak | Murat Bardak\u00e7\u0131"},"content":{"rendered":"<p style=\"text-align: justify;\"><img loading=\"lazy\" decoding=\"async\" style=\"float: left;\" src=\"images\/stories\/murat-bardakci.png\" width=\"155\" height=\"205\" \/>Papa&#8217;n\u0131n \u00f6l\u00fcm\u00fcnden sonra, T\u00fcrkiye&#8217;de bir Nostradamus modas\u0131d\u0131r ba\u015flad\u0131. Ebced ve cifir yoluyla gelecekten haber veren nadir ki\u015filerden biri \u015fair M\u00fc\u015ftak Baba&#8217;d\u0131r. Ankara&#8217;n\u0131n ba\u015fkent olaca\u011f\u0131n\u0131 100 sene \u00f6ncesinden \u015fifreli \u015fiiriyle s\u00f6yledi.<\/p>\n<p>Papa&#8217;n\u0131n \u00f6l\u00fcm\u00fcnden sonra, T\u00fcrkiye&#8217;de bir Nostradamus modas\u0131d\u0131r ba\u015flad\u0131. A\u00e7\u0131k s\u00f6yleyeyim: Nostradamus, zannedilenin aksine, gelecekle ilgili a\u00e7\u0131k-se\u00e7ik hi\u00e7bir \u015fey yazmam\u0131\u015ft\u0131r. Kehanet oldu\u011funa inan\u0131lan \u015fiirleri karmakar\u0131\u015f\u0131k ifadelerle doludur ama bu ifadeler hi\u00e7 durmadan yorumlanm\u0131\u015f ve bu yorumlardan bir m\u00e1n\u00e1 \u00e7\u0131kart\u0131lmas\u0131na \u00e7al\u0131\u015f\u0131lm\u0131\u015ft\u0131r.<\/p>\n<p style=\"text-align: justify;\">Bizim ise, Nostradamus&#8217;a rahmet okuyacak derecede g\u00fc\u00e7l\u00fc bir k\u00e1hinimiz vard\u0131r: \u2018B\u00fcy\u00fcc\u00fcl\u00fck&#8217; yapt\u0131\u011f\u0131 iddias\u0131yla 1830&#8217;larda idam edilen \u015fair M\u00fc\u015ftak Baba&#8230; Temeli say\u0131lara dayanan ve gelece\u011fi \u00f6\u011frenmeye de yarad\u0131\u011f\u0131na inan\u0131lan \u2018Ebced&#8217; ilminin \u00fcstad\u0131 olan M\u00fc\u015ftak Baba, \u015fiirlerinde s\u0131ra s\u0131ra kehanetlerde bulunmu\u015f, hatta \u00f6ld\u00fcr\u00fclece\u011fini bile yazm\u0131\u015ft\u0131r! \u0130\u015fte, M\u00fc\u015ftak Baba&#8217;n\u0131n bir kehaneti: \u015eairin, Ankara&#8217;n\u0131n 1923&#8217;te ba\u015fkent olaca\u011f\u0131n\u0131 tam 100 sene \u00f6ncesinden s\u00f6ylemesinin belgesi&#8230;<\/p>\n<p>D\u00dcNYANIN d\u00f6rt bir taraf\u0131nda ardarda ya\u015fanan ve onbinlerce ki\u015finin hayat\u0131na m\u00e1lolan depremlerden hemen sonra Papa Jean Paul&#8217;\u00fcn \u00f6nceki hafta Hazreti \u0130sa&#8217;ya kavu\u015fmas\u0131, b\u00f6yle her ses getiren olay\u0131n sonras\u0131nda oldu\u011fu gibi, 16. y\u00fczy\u0131lda ya\u015fam\u0131\u015f olan k\u00e1hin Nostradamus&#8217;u hat\u0131rlatt\u0131. Gazetelerimizde g\u00fcnlerden buyana \u2018Nostradamus, b\u00fct\u00fcn bu olacaklar\u0131 as\u0131rlar \u00f6ncesinden bilmi\u015fti&#8217; gibisinden yaz\u0131lar \u00e7\u0131k\u0131yor ve yorumlar yap\u0131l\u0131yor.<\/p>\n<p>Nostradamus konusunda, i\u015fin \u015fu taraf\u0131n\u0131 iyi farketmemiz gerekir: D\u00fcnyan\u0131n en b\u00fcy\u00fck k\u00e1hini oldu\u011funa inan\u0131lan s\u00f6zkonusu z\u00e1t, s\u00f6ylenenlerin aksine, gelecekle ilgili olarak a\u00e7\u0131k-se\u00e7ik hi\u00e7bir \u015fey yazmam\u0131\u015ft\u0131r. D\u00f6rtl\u00fcklerden meydana gelen \u2018Y\u00fczy\u0131llar&#8217; isimli eserindeki \u015fiirleri asl\u0131nda karmakar\u0131\u015f\u0131k ifadelerle doludur, bu ifadeler hi\u00e7 durmadan yorumlanm\u0131\u015f ve s\u00f6ylediklerinden bu yorumlarla bir m\u00e1n\u00e1 \u00e7\u0131kart\u0131lmas\u0131na \u00e7al\u0131\u015f\u0131lm\u0131\u015ft\u0131r.<\/p>\n<p>\u015eiirlerine ve sonradan yap\u0131lan yorumlara bir \u00f6rnek vereyim: Nostradamus, bir d\u00f6rtl\u00fc\u011f\u00fcnde \u2018Allah&#8217;\u0131n \u015fehrinde b\u00fcy\u00fck bir g\u00fcmb\u00fcrt\u00fc kopacak \/ \u00c7\u0131kan kaos, iki karde\u015fi hel\u00e1k edecek \/ G\u00fc\u00e7l\u00fc kale zorluklara tahamm\u00fcl ederken y\u00fcce lider dayanamayacak \/ B\u00fcy\u00fck \u015fehir yand\u0131\u011f\u0131 s\u0131rada b\u00fcy\u00fck sava\u015flar\u0131n \u00fc\u00e7\u00fcnc\u00fcs\u00fc patlayacak&#8217; diyor. Nostradamus yorumcular\u0131na sorarsan\u0131z, \u015fiirde ge\u00e7en \u2018Allah&#8217;\u0131n \u015fehri&#8217;, New York&#8217;tur. \u2018Hel\u00e1k olan iki karde\u015f&#8217; 11 Eyl\u00fcl sald\u0131r\u0131s\u0131na maruz kalan \u0130kiz Kuleler, \u2018g\u00fc\u00e7l\u00fc kale&#8217; yine o g\u00fcn sald\u0131r\u0131ya u\u011frayan Pentagon, \u2018y\u00fcce lider&#8217; de Birle\u015fik Amerika&#8217;d\u0131r ve art\u0131k s\u0131rada \u00dc\u00e7\u00fcnc\u00fc D\u00fcnya Sava\u015f\u0131 vard\u0131r!<\/p>\n<p>\u015eimdi gelin, Nostradamus&#8217;un ayn\u0131 \u015fiirini 2000&#8217;ler&#8217;in T\u00fcrkiye&#8217;sine uyarlayal\u0131m, daha do\u011frusu can\u0131m\u0131z\u0131n istedi\u011fi gibi \u015ferhedelim:<\/p>\n<p>\u20182002&#8217;de yap\u0131lacak olan genel se\u00e7imler, Allah taraf\u0131ndan korunan \u015fehirde, yani evliyalar\u0131n en b\u00fcy\u00fcklerinden olan Hac\u0131 Bayram Veli&#8217;nin yatt\u0131\u011f\u0131 Ankara&#8217;da b\u00fcy\u00fck bir g\u00fcmb\u00fcrt\u00fc kopartacak, iktidar el de\u011fi\u015ftirecek. Siyasi g\u00f6r\u00fc\u015fleri ayn\u0131 olmas\u0131na ra\u011fmen bir t\u00fcrl\u00fc biraraya gelemeyen d\u00fc\u015fman karde\u015fler, Mesut Y\u0131lmaz ve Tansu \u00c7iller silinip gidecekler. Kale gibi g\u00fc\u00e7l\u00fc olan devlet bu g\u00fcmb\u00fcrt\u00fcye dayanacak ama y\u00fcce lider S\u00fcleyman Demirel&#8217;in b\u00fct\u00fcn \u00fcmidleri suya d\u00fc\u015fecek ve siyaset sahnesini terkedecek&#8230;&#8217;<\/p>\n<p>Nostradamus&#8217;un \u015fiirinin ilk \u00fc\u00e7 m\u0131sra\u0131n\u0131 b\u00f6yle yorumlad\u0131ktan sonra \u2018B\u00fcy\u00fck \u015fehirde bir yang\u0131n \u00e7\u0131kacak ve bu yang\u0131n\u0131n hemen ard\u0131ndan \u00dc\u00e7\u00fcnc\u00fc D\u00fcnya Sava\u015f\u0131 patlayacak&#8217; dedi\u011fi sat\u0131ra da istedi\u011finiz m\u00e1n\u00e1y\u0131 verebilir, yani uydurabilirsiniz!<\/p>\n<p>Bize \u00e1it hemen her\u015feyi tamamen unutup k\u00fclt\u00fcr\u00fc bile Bat\u0131&#8217;dan ithal etme merak\u0131m\u0131za \u015fimdi k\u00e1hinler ve kehanet bahisleri de il\u00e1ve edildi\u011finden olacak, tarihin en g\u00fc\u00e7l\u00fc k\u00e1hinlerinden birinin vaktiyle T\u00fcrkiye&#8217;de ya\u015fad\u0131\u011f\u0131n\u0131 unutmu\u015f vaziyetteyiz.<\/p>\n<p>\u2018B\u00fcy\u00fcc\u00fcl\u00fck&#8217; su\u00e7lamas\u0131yla 1830&#8217;lar\u0131n ba\u015f\u0131nda \u00f6ld\u00fcr\u00fclen M\u00fc\u015ftak Baba ad\u0131ndaki \u015fairden s\u00f6zediyorum&#8230;<\/p>\n<p>Tam ad\u0131 Mustafa M\u00fc\u015ftak Efendi olan M\u00fc\u015ftak Baba, 1750&#8217;lerde Bitlis&#8217;te do\u011fdu. Medresede okurken tasavvufa merak sald\u0131 ve Kadiriye tarikatine girdi. Sonra, uzun seyahatlere \u00e7\u0131kt\u0131; \u0130stanbul&#8217;a da geldi, Sel\u00e1mi Efendi Derg\u00e1h\u0131&#8217;na \u015feyh oldu ve zaman\u0131n h\u00fck\u00fcmdar\u0131 \u0130kinci Mahmud ile Sadrazam \u00c1kif Pa\u015fa&#8217;n\u0131n yak\u0131n \u00e7evresine girdi. Derken memleketini \u00f6zledi ve Bitlis&#8217;e d\u00f6nerken u\u011frad\u0131\u011f\u0131 Mu\u015f&#8217;ta \u2018sihirbazl\u0131k etti\u011fi&#8217; gerek\u00e7esiyle \u00f6ld\u00fcr\u00fcld\u00fc, bir iddiaya g\u00f6re de idam edildi.<\/p>\n<p>Zaman\u0131n\u0131n kuvvetli bir \u015fairi olan M\u00fc\u015ftak Baba \u2018her harfin bir say\u0131 de\u011feri ta\u015f\u0131mas\u0131 ve bu say\u0131lar vas\u0131tas\u0131yla gelecekten haber verilmesi&#8217; temeline dayanan \u2018Ebced&#8217; isimli sistemi kullanarak kehanetlerde bulunmu\u015f ve kehanetlerini \u015fiir \u015feklinde yazm\u0131\u015ft\u0131. 1846&#8217;da bas\u0131lan \u2018Divan&#8217;\u0131ndaki baz\u0131 \u015fiirlerde \u00e7ok say\u0131da kehaneti vard\u0131, hatt\u00e1 bas\u0131lmayan \u015fiirlerinde de gelecekten haber vermedeydi, \u00fcstelik g\u00fcn\u00fcn birinde \u00e1niden \u00f6ld\u00fcr\u00fclece\u011fini bile yazm\u0131\u015ft\u0131 ve en \u00f6nemli kehaneti, Ankara&#8217;n\u0131n 1923&#8217;te \u0130stanbul&#8217;un yerini al\u0131p ba\u015fkent olaca\u011f\u0131n\u0131 100 k\u00fcsur sene \u00f6ncesinden s\u00f6ylemesiydi!<\/p>\n<p>\u2018M\u00fc\u015ftak Baba Divan\u0131&#8217;n\u0131n elyazmas\u0131 k\u00fct\u00fcphanelerinde \u00e7ok say\u0131da n\u00fcshas\u0131 bulunuyor ve onlarca \u015fiir, ebced sisteminin gelecek tahminine uyarlanmas\u0131n\u0131 bilen ki\u015filer taraf\u0131ndan \u015fifrelerinin \u00e7\u00f6z\u00fclece\u011fi zaman\u0131 bekliyorlar.<\/p>\n<p>Bu sayfadaki kutularda \u2018Ebced&#8217; ad\u0131 verilen sistem hakk\u0131nda baz\u0131 bilgilerle M\u00fc\u015ftak Baba&#8217;n\u0131n bir kehanetinin, Ankara&#8217;n\u0131n ba\u015fkent olaca\u011f\u0131n\u0131 100 sene \u00f6ncesinden a\u00e7\u0131k se\u00e7ik yazd\u0131\u011f\u0131 m\u0131sralar\u0131n\u0131n a\u00e7\u0131klamas\u0131 yeral\u0131yor. Dar\u0131s\u0131, M\u00fc\u015ftak Baba&#8217;n\u0131n di\u011fer \u015fiirlerinin ba\u015f\u0131na!<\/p>\n<p>\u0130\u015eTE, EBCED HESABI<\/p>\n<p>Ertu\u011frul \u00d6zk\u00f6k, isim de\u011ferlendirmesinde Tayyip Bey&#8217;in \u00f6n\u00fcnde<\/p>\n<p>\u2018EBCED&#8217; hem bat\u0131, hem de do\u011fu d\u00fcnyas\u0131nda \u00e7ok eski zamanlardan kalma, harflere dayal\u0131 bir hesap sistemidir ve \u015fiirden gizli ilimlere kadar bir\u00e7ok alanda kullan\u0131lm\u0131\u015ft\u0131r.<\/p>\n<p>Temeli, alfabedeki her harfin belli bir rakam de\u011feri ta\u015f\u0131mas\u0131na dayan\u0131r. Mesel\u00e1 eski alfabemizin \u2018elif&#8217;i 1, \u2018ye&#8217;si 10, \u2018r\u0131&#8217;s\u0131 200, \u2018kef&#8217;i 20, \u2018l\u00e1m&#8217;\u0131 30, \u2018mim&#8217;i 40 kabul edilir, her harfin ayr\u0131 bir say\u0131 de\u011feri vard\u0131r ve dolay\u0131s\u0131yla harflerden meydana gelen kelimeler de kendilerini meydana getiren harflerin de\u011ferlerinin toplam\u0131 olan say\u0131lara kar\u015f\u0131l\u0131kt\u0131rlar. Mesel\u00e1 \u2018H\u00fclya Av\u015far&#8217; isminin ebced kar\u015f\u0131l\u0131\u011f\u0131 1145, \u2018Tayyip Erdo\u011fan&#8217;\u0131n 1289, \u2018Ertu\u011frul \u00d6zk\u00f6k&#8217;\u00fcn de 1512&#8217;dir. Ebcedi bilenlerin bu say\u0131lar vas\u0131tas\u0131yla ki\u015filerin gelece\u011finden haber verdiklerine de inan\u0131l\u0131r ama, o bahislere hi\u00e7 girmeyelim!<\/p>\n<p>Ebced, bir olay\u0131n meydana geldi\u011fi tarihi \u015fiir \u015feklinde ifade etmeye de yarar ve bu i\u015fe \u2018tarih d\u00fc\u015f\u00fcrmek&#8217; denir. Kelimedeki yahut c\u00fcmledeki harflerin de\u011ferlerinin toplanmas\u0131ndan \u00e7\u0131kan say\u0131, bir olay\u0131n meydana geldi\u011fi tarihi verir. Mesel\u00e1 1754&#8217;te Marmara Denizi&#8217;nin donmas\u0131 \u00fczerine s\u00f6ylenen \u2018Deniz altm\u0131\u015f sekizde dondu, buzdan bendeniz ge\u00e7tim&#8217; m\u0131sra\u0131n\u0131n de\u011feri 1168 Hicri yani 1754 Miladi, \u2018Amma yapt\u0131n yahu doktor&#8217; c\u00fcmlesinin kar\u015f\u0131l\u0131\u011f\u0131 da, ebcede g\u00f6re 811&#8217;dir.<\/p>\n<p>\u015eiirde ve tarihte b\u00f6ylesine i\u015fe yarayan \u2018Ebced&#8217;den gizli ilimlerde, mesel\u00e1 gelece\u011fi tahminde yahut b\u00fcy\u00fcde veya hastaya \u015fifa verme konular\u0131nda da istifade edilir. Ebcede dayanan ama \u00e7ok daha karma\u015f\u0131k bir hesaplama sistemiyle yap\u0131lan gelecek tahminlerine, yani tam kehanete \u2018cifir&#8217; denir. Ge\u00e7mi\u015fin b\u00fcy\u00fck \u00e1limlerinin neredeyse tamam\u0131 kehanete merak sal\u0131p cifirle u\u011fra\u015fm\u0131\u015f ama olacaklar\u0131 \u00e7ok az bir bir k\u0131sm\u0131 tutturabilmi\u015f ve kehanetler a\u00e7\u0131k \u015fekilde de\u011fil, mutlaka \u015fifreyle yaz\u0131lm\u0131\u015flard\u0131r. K\u00e1hinlerin kanaatine g\u00f6re kafa kar\u0131\u015ft\u0131r\u0131c\u0131 \u015fifreleri kullanmak \u015fartt\u0131r, zira kehanetler s\u0131radan ki\u015filerce de\u011fil, bu ilimlere v\u00e1k\u0131f olanlar taraf\u0131ndan \u00e7\u00f6z\u00fclmelidir.<\/p>\n<p>\u0130\u015fte, ebced ve cifir yoluyla gelecekten haber veren n\u00e1dir ki\u015filerden biri de M\u00fc\u015ftak Baba&#8217;d\u0131r. Yerli Nostradamus&#8217;umuzun Ankara&#8217;n\u0131n Hicri tarihle 1341&#8217;de yani 1923&#8217;te ba\u015fkent olaca\u011f\u0131n\u0131 100 sene \u00f6ncesinden haber verdi\u011fi \u015fifreli \u015fiiriyle s\u00f6ylediklerinin a\u00e7\u0131klamas\u0131, di\u011fer kutuda&#8230;<\/p>\n<p>Ankara&#8217;n\u0131n ba\u015fkent olaca\u011f\u0131n\u0131 100 sene \u00f6ncesinden bilmi\u015fti<\/p>\n<p>M\u00dc\u015eTAK Baba&#8217;n\u0131n, Ankara&#8217;n\u0131n 1923 y\u0131l\u0131nda ba\u015fkent olaca\u011f\u0131n\u0131 s\u00f6yledi\u011fi \u015fiiri, orijinal diliyle \u015f\u00f6yle:<\/p>\n<p>\u2018Me&#8217;v\u00e1-y\u0131 n\u00e1zenine kim elf olursa efser \/ L\u00e1-b\u00fcdd olur o me&#8217;va \u0130sl\u00e1mbol ile hemser \/\/ Nun ve&#8217;l-kalem ba\u015f\u0131ndan al\u0131nsa nun-\u0131 Yunus \/ Ald\u0131kda harf-i diger olur bu remz \u0131zh\u00e1r \/\/ Mift\u00e1h-\u0131 sure-i Kaf ser-had-i kaf t\u00e1 kaf \/ Munzamm olunmak ister R\u00e1-y\u0131 Resul-i Peyamber \/\/ H\u00e1y-\u0131 huy ile \u00e1hir maksud oldu z\u00e1hir \/ Beyt-i veliyy\u00fc&#8217;l-ekrem Elh\u00e1c Abd-i ekber \/\/ Ey p\u00e1di\u015f\u00e1h-\u0131 fehh\u00e1m Sultan Hac\u0131 Bayram \/ Revh\u00e1n ister ikram-\u0131 M\u00fc\u015ft\u00e1k-\u0131 abd-i \u00e7\u00e1ker&#8217;<\/p>\n<p>\u015eimdi, \u015fiirin g\u00fcn\u00fcm\u00fcz T\u00fcrk\u00e7esiyle basit ama serbest terc\u00fcmesini yapal\u0131m:<\/p>\n<p>\u20181000 m\u00e1n\u00e1s\u0131na gelen ELF s\u00f6z\u00fc, g\u00fczeller beldesinin ba\u015f\u0131na EFSER, yani t\u00e1c olarak konursa, o belde \u0130stanbul&#8217;dan farks\u0131z bir h\u00e1le gelir. Sonra, Yunus Suresi&#8217;ndeki NUN ve Kaf Suresi&#8217;ndeki KAF harfleri al\u0131n\u0131r. Resul&#8217;\u00fcn, yani Hazreti Peygamber&#8217;in RI harfi de bunlara il\u00e1ve olunmak ister ve maksad \u2018h\u00e1y-\u0131 huy&#8217; s\u00f6z\u00fcndeki \u2018HE&#8217; harfi ile tamamlan\u0131r. Ey anlay\u0131\u015fl\u0131lar\u0131n padi\u015f\u00e1h\u0131 olan Sultan Hac\u0131 Bayram! Senin bulundu\u011fun o g\u00fczel belde, bu de\u011fersiz kul M\u00fc\u015ftak&#8217;tan h\u00fcrmet istiyor!&#8217;<\/p>\n<p>M\u00fc\u015ftak Baba, \u015fiirin ilk m\u0131sra\u0131nda \u20181000&#8242; m\u00e1n\u00e1s\u0131na gelen \u2018elf&#8217; ve \u2018t\u00e1c&#8217; demek olan \u2018efser&#8217; s\u00f6zlerini veriyor ve \u2018efser&#8217;in ba\u015f\u0131na \u2018elf&#8217;in il\u00e1ve edilmesi gerekti\u011fini s\u00f6yl\u00fcyor. Ebced hesab\u0131yla 341 tutan \u2018efser&#8217;e \u2018elf&#8217;in, yani \u20181000&#8242; say\u0131s\u0131n\u0131n il\u00e1vesiyle, Ankara&#8217;n\u0131n ba\u015fkent yap\u0131ld\u0131\u011f\u0131 1923&#8217;\u00fcn Hicri takvimle kar\u015f\u0131l\u0131\u011f\u0131 olan 1341 tarihini elde ediyoruz.<\/p>\n<p>\u015eair, daha sonra be\u015f m\u0131srada s\u0131ras\u0131yla \u2018elif&#8217;, \u2018nun&#8217;, \u2018kaf&#8217;, \u2018r\u0131&#8217; ve \u2018he&#8217; harflerini veriyor. Bu harfler, bu s\u0131rayla yaz\u0131ld\u0131klar\u0131nda ortaya \u2018Ankara&#8217; kelimesi \u00e7\u0131k\u0131yor. Yani, M\u00fc\u015ftak Baba, \u2018Ankara&#8217;n\u0131n eski harflerle yaz\u0131l\u0131\u015f\u0131 olan \u2018A-N-K-R-H&#8217; harflerini s\u0131ral\u0131yor, \u2018G\u00fczeller beldesi ve Hac\u0131 Bayram&#8217;\u0131n memleketi olan Ankara, 1341 y\u0131l\u0131nda ba\u015flara t\u00e1c olacak ve \u0130stanbul&#8217;dan -yani, \u015fiirin yaz\u0131ld\u0131\u011f\u0131 zaman\u0131n ba\u015fkentinden- farks\u0131z h\u00e1le gelecek&#8217; diyor.<\/p>\n<p>Kehanet, M\u00fc\u015ftak Baba&#8217;n\u0131n yapt\u0131\u011f\u0131 gibi, olay\u0131n ya\u015fanaca\u011f\u0131 yerin ad\u0131yla ve tarihiyle i\u015fte b\u00f6yle yaz\u0131l\u0131r ama Nostradamus&#8217;ta bu \u015fekilde tek bir ifade bile yoktur. Dolay\u0131s\u0131yla, ithal mal\u0131 k\u00e1hinleri bir yana b\u0131rakal\u0131m ve bu i\u015flere merak\u0131m\u0131z varsa, a\u00e7\u0131k-se\u00e7ik konu\u015fan kendi k\u00e1hinlerimizin s\u00f6ylediklerinin \u00fczerine e\u011filelim beyler!<\/p>\n<p>Murat BARDAK\u00c7I<\/p>\n","protected":false},"excerpt":{"rendered":"<p>Papa&#8217;n\u0131n \u00f6l\u00fcm\u00fcnden sonra, T\u00fcrkiye&#8217;de bir Nostradamus modas\u0131d\u0131r ba\u015flad\u0131. Ebced ve cifir yoluyla gelecekten haber veren nadir ki\u015filerden biri \u015fair M\u00fc\u015ftak Baba&#8217;d\u0131r. Ankara&#8217;n\u0131n ba\u015fkent olaca\u011f\u0131n\u0131 100 sene \u00f6ncesinden \u015fifreli \u015fiiriyle s\u00f6yledi. Papa&#8217;n\u0131n \u00f6l\u00fcm\u00fcnden sonra, T\u00fcrkiye&#8217;de bir Nostradamus modas\u0131d\u0131r ba\u015flad\u0131. A\u00e7\u0131k s\u00f6yleyeyim: Nostradamus, zannedilenin aksine, gelecekle ilgili a\u00e7\u0131k-se\u00e7ik hi\u00e7bir \u015fey yazmam\u0131\u015ft\u0131r. Kehanet oldu\u011funa inan\u0131lan \u015fiirleri karmakar\u0131\u015f\u0131k ifadelerle [&hellip;]<\/p>\n","protected":false},"author":1,"featured_media":0,"comment_status":"open","ping_status":"open","sticky":false,"template":"","format":"standard","meta":{"footnotes":""},"categories":[156],"tags":[],"class_list":{"0":"post-732","1":"post","2":"type-post","3":"status-publish","4":"format-standard","6":"category-genel-tarih"},"yoast_head":"<!-- This site is optimized with the Yoast SEO Premium plugin v24.9 (Yoast SEO v24.9) - https:\/\/yoast.com\/wordpress\/plugins\/seo\/ -->\n<title>\u0130thal mal\u0131 Nostradamus&#039;u b\u0131rak yerli mal\u0131 M\u00fc\u015ftak Baba&#039;ya bak | Murat Bardak\u00e7\u0131 - narteks.net<\/title>\n<meta name=\"robots\" content=\"index, follow, max-snippet:-1, max-image-preview:large, max-video-preview:-1\" \/>\n<link rel=\"canonical\" href=\"https:\/\/narteks.net\/index.php\/2010\/01\/13\/ithal-mali-nostradamusu-birak-yerli-mali-mustak-babaya-bak-murat-bardakci\/\" \/>\n<meta property=\"og:locale\" content=\"tr_TR\" \/>\n<meta property=\"og:type\" content=\"article\" \/>\n<meta property=\"og:title\" content=\"\u0130thal mal\u0131 Nostradamus&#039;u b\u0131rak yerli mal\u0131 M\u00fc\u015ftak Baba&#039;ya bak | Murat Bardak\u00e7\u0131\" \/>\n<meta property=\"og:description\" content=\"Papa&#8217;n\u0131n \u00f6l\u00fcm\u00fcnden sonra, T\u00fcrkiye&#8217;de bir Nostradamus modas\u0131d\u0131r ba\u015flad\u0131. Ebced ve cifir yoluyla gelecekten haber veren nadir ki\u015filerden biri \u015fair M\u00fc\u015ftak Baba&#8217;d\u0131r. Ankara&#8217;n\u0131n ba\u015fkent olaca\u011f\u0131n\u0131 100 sene \u00f6ncesinden \u015fifreli \u015fiiriyle s\u00f6yledi. Papa&#8217;n\u0131n \u00f6l\u00fcm\u00fcnden sonra, T\u00fcrkiye&#8217;de bir Nostradamus modas\u0131d\u0131r ba\u015flad\u0131. A\u00e7\u0131k s\u00f6yleyeyim: Nostradamus, zannedilenin aksine, gelecekle ilgili a\u00e7\u0131k-se\u00e7ik hi\u00e7bir \u015fey yazmam\u0131\u015ft\u0131r. Kehanet oldu\u011funa inan\u0131lan \u015fiirleri karmakar\u0131\u015f\u0131k ifadelerle [&hellip;]\" \/>\n<meta property=\"og:url\" content=\"https:\/\/narteks.net\/index.php\/2010\/01\/13\/ithal-mali-nostradamusu-birak-yerli-mali-mustak-babaya-bak-murat-bardakci\/\" \/>\n<meta property=\"og:site_name\" content=\"narteks.net\" \/>\n<meta property=\"article:published_time\" content=\"2010-01-12T22:00:00+00:00\" \/>\n<meta property=\"og:image\" content=\"https:\/\/narteks.net\/wp-content\/uploads\/narteks.png\" \/>\n\t<meta property=\"og:image:width\" content=\"300\" \/>\n\t<meta property=\"og:image:height\" content=\"90\" \/>\n\t<meta property=\"og:image:type\" content=\"image\/png\" \/>\n<meta name=\"author\" content=\"Tar\u0131k\" \/>\n<meta name=\"twitter:card\" content=\"summary_large_image\" \/>\n<meta name=\"twitter:creator\" content=\"@narteks\" \/>\n<meta name=\"twitter:site\" content=\"@narteks\" \/>\n<meta name=\"twitter:label1\" content=\"Yazan:\" \/>\n\t<meta name=\"twitter:data1\" content=\"Tar\u0131k\" \/>\n\t<meta name=\"twitter:label2\" content=\"Tahmini okuma s\u00fcresi\" \/>\n\t<meta name=\"twitter:data2\" content=\"9 dakika\" \/>\n<script type=\"application\/ld+json\" class=\"yoast-schema-graph\">{\"@context\":\"https:\/\/schema.org\",\"@graph\":[{\"@type\":\"Article\",\"@id\":\"https:\/\/narteks.net\/index.php\/2010\/01\/13\/ithal-mali-nostradamusu-birak-yerli-mali-mustak-babaya-bak-murat-bardakci\/#article\",\"isPartOf\":{\"@id\":\"https:\/\/narteks.net\/index.php\/2010\/01\/13\/ithal-mali-nostradamusu-birak-yerli-mali-mustak-babaya-bak-murat-bardakci\/\"},\"author\":{\"name\":\"Tar\u0131k\",\"@id\":\"https:\/\/narteks.net\/#\/schema\/person\/61f37d9834294b72d31d274e7ed79bca\"},\"headline\":\"\u0130thal mal\u0131 Nostradamus&#8217;u b\u0131rak yerli mal\u0131 M\u00fc\u015ftak Baba&#8217;ya bak | Murat Bardak\u00e7\u0131\",\"datePublished\":\"2010-01-12T22:00:00+00:00\",\"mainEntityOfPage\":{\"@id\":\"https:\/\/narteks.net\/index.php\/2010\/01\/13\/ithal-mali-nostradamusu-birak-yerli-mali-mustak-babaya-bak-murat-bardakci\/\"},\"wordCount\":1808,\"commentCount\":0,\"publisher\":{\"@id\":\"https:\/\/narteks.net\/#organization\"},\"articleSection\":[\"Genel Tarih\"],\"inLanguage\":\"tr\",\"potentialAction\":[{\"@type\":\"CommentAction\",\"name\":\"Comment\",\"target\":[\"https:\/\/narteks.net\/index.php\/2010\/01\/13\/ithal-mali-nostradamusu-birak-yerli-mali-mustak-babaya-bak-murat-bardakci\/#respond\"]}]},{\"@type\":\"WebPage\",\"@id\":\"https:\/\/narteks.net\/index.php\/2010\/01\/13\/ithal-mali-nostradamusu-birak-yerli-mali-mustak-babaya-bak-murat-bardakci\/\",\"url\":\"https:\/\/narteks.net\/index.php\/2010\/01\/13\/ithal-mali-nostradamusu-birak-yerli-mali-mustak-babaya-bak-murat-bardakci\/\",\"name\":\"\u0130thal mal\u0131 Nostradamus'u b\u0131rak yerli mal\u0131 M\u00fc\u015ftak Baba'ya bak | Murat Bardak\u00e7\u0131 - narteks.net\",\"isPartOf\":{\"@id\":\"https:\/\/narteks.net\/#website\"},\"datePublished\":\"2010-01-12T22:00:00+00:00\",\"breadcrumb\":{\"@id\":\"https:\/\/narteks.net\/index.php\/2010\/01\/13\/ithal-mali-nostradamusu-birak-yerli-mali-mustak-babaya-bak-murat-bardakci\/#breadcrumb\"},\"inLanguage\":\"tr\",\"potentialAction\":[{\"@type\":\"ReadAction\",\"target\":[\"https:\/\/narteks.net\/index.php\/2010\/01\/13\/ithal-mali-nostradamusu-birak-yerli-mali-mustak-babaya-bak-murat-bardakci\/\"]}]},{\"@type\":\"BreadcrumbList\",\"@id\":\"https:\/\/narteks.net\/index.php\/2010\/01\/13\/ithal-mali-nostradamusu-birak-yerli-mali-mustak-babaya-bak-murat-bardakci\/#breadcrumb\",\"itemListElement\":[{\"@type\":\"ListItem\",\"position\":1,\"name\":\"Anasayfa\",\"item\":\"https:\/\/narteks.net\/\"},{\"@type\":\"ListItem\",\"position\":2,\"name\":\"\u0130thal mal\u0131 Nostradamus&#8217;u b\u0131rak yerli mal\u0131 M\u00fc\u015ftak Baba&#8217;ya bak | Murat Bardak\u00e7\u0131\"}]},{\"@type\":\"WebSite\",\"@id\":\"https:\/\/narteks.net\/#website\",\"url\":\"https:\/\/narteks.net\/\",\"name\":\"narteks.net\",\"description\":\"K\u00fclt\u00fcr Sanat Edebiyat Felsefe\",\"publisher\":{\"@id\":\"https:\/\/narteks.net\/#organization\"},\"alternateName\":\"K\u00fclt\u00fcr Sanat Edebiyat Felsefe\",\"potentialAction\":[{\"@type\":\"SearchAction\",\"target\":{\"@type\":\"EntryPoint\",\"urlTemplate\":\"https:\/\/narteks.net\/?s={search_term_string}\"},\"query-input\":{\"@type\":\"PropertyValueSpecification\",\"valueRequired\":true,\"valueName\":\"search_term_string\"}}],\"inLanguage\":\"tr\"},{\"@type\":\"Organization\",\"@id\":\"https:\/\/narteks.net\/#organization\",\"name\":\"narteks.net\",\"url\":\"https:\/\/narteks.net\/\",\"logo\":{\"@type\":\"ImageObject\",\"inLanguage\":\"tr\",\"@id\":\"https:\/\/narteks.net\/#\/schema\/logo\/image\/\",\"url\":\"https:\/\/narteks.net\/wp-content\/uploads\/narteks.png\",\"contentUrl\":\"https:\/\/narteks.net\/wp-content\/uploads\/narteks.png\",\"width\":300,\"height\":90,\"caption\":\"narteks.net\"},\"image\":{\"@id\":\"https:\/\/narteks.net\/#\/schema\/logo\/image\/\"},\"sameAs\":[\"https:\/\/x.com\/narteks\",\"https:\/\/instagram.com\/narteksnet\"]},{\"@type\":\"Person\",\"@id\":\"https:\/\/narteks.net\/#\/schema\/person\/61f37d9834294b72d31d274e7ed79bca\",\"name\":\"Tar\u0131k\",\"image\":{\"@type\":\"ImageObject\",\"inLanguage\":\"tr\",\"@id\":\"https:\/\/narteks.net\/#\/schema\/person\/image\/\",\"url\":\"https:\/\/secure.gravatar.com\/avatar\/50865afb55632c4ae467e0af0930f6510aa2297d8014be502a55b14f3b7550cf?s=96&d=mm&r=g\",\"contentUrl\":\"https:\/\/secure.gravatar.com\/avatar\/50865afb55632c4ae467e0af0930f6510aa2297d8014be502a55b14f3b7550cf?s=96&d=mm&r=g\",\"caption\":\"Tar\u0131k\"},\"sameAs\":[\"http:\/\/narteks.net\"],\"url\":\"https:\/\/narteks.net\/index.php\/author\/narbak\/\"}]}<\/script>\n<!-- \/ Yoast SEO Premium plugin. -->","yoast_head_json":{"title":"\u0130thal mal\u0131 Nostradamus'u b\u0131rak yerli mal\u0131 M\u00fc\u015ftak Baba'ya bak | Murat Bardak\u00e7\u0131 - narteks.net","robots":{"index":"index","follow":"follow","max-snippet":"max-snippet:-1","max-image-preview":"max-image-preview:large","max-video-preview":"max-video-preview:-1"},"canonical":"https:\/\/narteks.net\/index.php\/2010\/01\/13\/ithal-mali-nostradamusu-birak-yerli-mali-mustak-babaya-bak-murat-bardakci\/","og_locale":"tr_TR","og_type":"article","og_title":"\u0130thal mal\u0131 Nostradamus'u b\u0131rak yerli mal\u0131 M\u00fc\u015ftak Baba'ya bak | Murat Bardak\u00e7\u0131","og_description":"Papa&#8217;n\u0131n \u00f6l\u00fcm\u00fcnden sonra, T\u00fcrkiye&#8217;de bir Nostradamus modas\u0131d\u0131r ba\u015flad\u0131. Ebced ve cifir yoluyla gelecekten haber veren nadir ki\u015filerden biri \u015fair M\u00fc\u015ftak Baba&#8217;d\u0131r. Ankara&#8217;n\u0131n ba\u015fkent olaca\u011f\u0131n\u0131 100 sene \u00f6ncesinden \u015fifreli \u015fiiriyle s\u00f6yledi. Papa&#8217;n\u0131n \u00f6l\u00fcm\u00fcnden sonra, T\u00fcrkiye&#8217;de bir Nostradamus modas\u0131d\u0131r ba\u015flad\u0131. A\u00e7\u0131k s\u00f6yleyeyim: Nostradamus, zannedilenin aksine, gelecekle ilgili a\u00e7\u0131k-se\u00e7ik hi\u00e7bir \u015fey yazmam\u0131\u015ft\u0131r. Kehanet oldu\u011funa inan\u0131lan \u015fiirleri karmakar\u0131\u015f\u0131k ifadelerle [&hellip;]","og_url":"https:\/\/narteks.net\/index.php\/2010\/01\/13\/ithal-mali-nostradamusu-birak-yerli-mali-mustak-babaya-bak-murat-bardakci\/","og_site_name":"narteks.net","article_published_time":"2010-01-12T22:00:00+00:00","og_image":[{"width":300,"height":90,"url":"https:\/\/narteks.net\/wp-content\/uploads\/narteks.png","type":"image\/png"}],"author":"Tar\u0131k","twitter_card":"summary_large_image","twitter_creator":"@narteks","twitter_site":"@narteks","twitter_misc":{"Yazan:":"Tar\u0131k","Tahmini okuma s\u00fcresi":"9 dakika"},"schema":{"@context":"https:\/\/schema.org","@graph":[{"@type":"Article","@id":"https:\/\/narteks.net\/index.php\/2010\/01\/13\/ithal-mali-nostradamusu-birak-yerli-mali-mustak-babaya-bak-murat-bardakci\/#article","isPartOf":{"@id":"https:\/\/narteks.net\/index.php\/2010\/01\/13\/ithal-mali-nostradamusu-birak-yerli-mali-mustak-babaya-bak-murat-bardakci\/"},"author":{"name":"Tar\u0131k","@id":"https:\/\/narteks.net\/#\/schema\/person\/61f37d9834294b72d31d274e7ed79bca"},"headline":"\u0130thal mal\u0131 Nostradamus&#8217;u b\u0131rak yerli mal\u0131 M\u00fc\u015ftak Baba&#8217;ya bak | Murat Bardak\u00e7\u0131","datePublished":"2010-01-12T22:00:00+00:00","mainEntityOfPage":{"@id":"https:\/\/narteks.net\/index.php\/2010\/01\/13\/ithal-mali-nostradamusu-birak-yerli-mali-mustak-babaya-bak-murat-bardakci\/"},"wordCount":1808,"commentCount":0,"publisher":{"@id":"https:\/\/narteks.net\/#organization"},"articleSection":["Genel Tarih"],"inLanguage":"tr","potentialAction":[{"@type":"CommentAction","name":"Comment","target":["https:\/\/narteks.net\/index.php\/2010\/01\/13\/ithal-mali-nostradamusu-birak-yerli-mali-mustak-babaya-bak-murat-bardakci\/#respond"]}]},{"@type":"WebPage","@id":"https:\/\/narteks.net\/index.php\/2010\/01\/13\/ithal-mali-nostradamusu-birak-yerli-mali-mustak-babaya-bak-murat-bardakci\/","url":"https:\/\/narteks.net\/index.php\/2010\/01\/13\/ithal-mali-nostradamusu-birak-yerli-mali-mustak-babaya-bak-murat-bardakci\/","name":"\u0130thal mal\u0131 Nostradamus'u b\u0131rak yerli mal\u0131 M\u00fc\u015ftak Baba'ya bak | Murat Bardak\u00e7\u0131 - narteks.net","isPartOf":{"@id":"https:\/\/narteks.net\/#website"},"datePublished":"2010-01-12T22:00:00+00:00","breadcrumb":{"@id":"https:\/\/narteks.net\/index.php\/2010\/01\/13\/ithal-mali-nostradamusu-birak-yerli-mali-mustak-babaya-bak-murat-bardakci\/#breadcrumb"},"inLanguage":"tr","potentialAction":[{"@type":"ReadAction","target":["https:\/\/narteks.net\/index.php\/2010\/01\/13\/ithal-mali-nostradamusu-birak-yerli-mali-mustak-babaya-bak-murat-bardakci\/"]}]},{"@type":"BreadcrumbList","@id":"https:\/\/narteks.net\/index.php\/2010\/01\/13\/ithal-mali-nostradamusu-birak-yerli-mali-mustak-babaya-bak-murat-bardakci\/#breadcrumb","itemListElement":[{"@type":"ListItem","position":1,"name":"Anasayfa","item":"https:\/\/narteks.net\/"},{"@type":"ListItem","position":2,"name":"\u0130thal mal\u0131 Nostradamus&#8217;u b\u0131rak yerli mal\u0131 M\u00fc\u015ftak Baba&#8217;ya bak | Murat Bardak\u00e7\u0131"}]},{"@type":"WebSite","@id":"https:\/\/narteks.net\/#website","url":"https:\/\/narteks.net\/","name":"narteks.net","description":"K\u00fclt\u00fcr Sanat Edebiyat Felsefe","publisher":{"@id":"https:\/\/narteks.net\/#organization"},"alternateName":"K\u00fclt\u00fcr Sanat Edebiyat Felsefe","potentialAction":[{"@type":"SearchAction","target":{"@type":"EntryPoint","urlTemplate":"https:\/\/narteks.net\/?s={search_term_string}"},"query-input":{"@type":"PropertyValueSpecification","valueRequired":true,"valueName":"search_term_string"}}],"inLanguage":"tr"},{"@type":"Organization","@id":"https:\/\/narteks.net\/#organization","name":"narteks.net","url":"https:\/\/narteks.net\/","logo":{"@type":"ImageObject","inLanguage":"tr","@id":"https:\/\/narteks.net\/#\/schema\/logo\/image\/","url":"https:\/\/narteks.net\/wp-content\/uploads\/narteks.png","contentUrl":"https:\/\/narteks.net\/wp-content\/uploads\/narteks.png","width":300,"height":90,"caption":"narteks.net"},"image":{"@id":"https:\/\/narteks.net\/#\/schema\/logo\/image\/"},"sameAs":["https:\/\/x.com\/narteks","https:\/\/instagram.com\/narteksnet"]},{"@type":"Person","@id":"https:\/\/narteks.net\/#\/schema\/person\/61f37d9834294b72d31d274e7ed79bca","name":"Tar\u0131k","image":{"@type":"ImageObject","inLanguage":"tr","@id":"https:\/\/narteks.net\/#\/schema\/person\/image\/","url":"https:\/\/secure.gravatar.com\/avatar\/50865afb55632c4ae467e0af0930f6510aa2297d8014be502a55b14f3b7550cf?s=96&d=mm&r=g","contentUrl":"https:\/\/secure.gravatar.com\/avatar\/50865afb55632c4ae467e0af0930f6510aa2297d8014be502a55b14f3b7550cf?s=96&d=mm&r=g","caption":"Tar\u0131k"},"sameAs":["http:\/\/narteks.net"],"url":"https:\/\/narteks.net\/index.php\/author\/narbak\/"}]}},"_links":{"self":[{"href":"https:\/\/narteks.net\/index.php\/wp-json\/wp\/v2\/posts\/732","targetHints":{"allow":["GET"]}}],"collection":[{"href":"https:\/\/narteks.net\/index.php\/wp-json\/wp\/v2\/posts"}],"about":[{"href":"https:\/\/narteks.net\/index.php\/wp-json\/wp\/v2\/types\/post"}],"author":[{"embeddable":true,"href":"https:\/\/narteks.net\/index.php\/wp-json\/wp\/v2\/users\/1"}],"replies":[{"embeddable":true,"href":"https:\/\/narteks.net\/index.php\/wp-json\/wp\/v2\/comments?post=732"}],"version-history":[{"count":0,"href":"https:\/\/narteks.net\/index.php\/wp-json\/wp\/v2\/posts\/732\/revisions"}],"wp:attachment":[{"href":"https:\/\/narteks.net\/index.php\/wp-json\/wp\/v2\/media?parent=732"}],"wp:term":[{"taxonomy":"category","embeddable":true,"href":"https:\/\/narteks.net\/index.php\/wp-json\/wp\/v2\/categories?post=732"},{"taxonomy":"post_tag","embeddable":true,"href":"https:\/\/narteks.net\/index.php\/wp-json\/wp\/v2\/tags?post=732"}],"curies":[{"name":"wp","href":"https:\/\/api.w.org\/{rel}","templated":true}]}}