{"id":734,"date":"2009-04-27T15:30:38","date_gmt":"2009-04-27T12:30:38","guid":{"rendered":"http:\/\/localhost\/wordpress\/2009\/04\/27\/kurandan-alevilik-cikarmak-erdogan-aydin\/"},"modified":"2009-04-27T15:30:38","modified_gmt":"2009-04-27T12:30:38","slug":"kurandan-alevilik-cikarmak-erdogan-aydin","status":"publish","type":"post","link":"https:\/\/narteks.net\/index.php\/2009\/04\/27\/kurandan-alevilik-cikarmak-erdogan-aydin\/","title":{"rendered":"Kur&#8217;an&#8217;dan Alevilik \u00c7\u0131karmak | Erdo\u011fan Ayd\u0131n"},"content":{"rendered":"<div style=\"text-align: justify;\"><img loading=\"lazy\" decoding=\"async\" style=\"float: left;\" src=\"http:\/\/www.psakd.org\/resim\/erdogan_aydin5.JPG\" width=\"155\" height=\"205\" border=\"0\" \/>Kaz\u0131m Balaban ge\u00e7en hafta (aleviyol sitesinde) Kur\u2019an\u2019dan ayetler aktararak Alevili\u011fin Kur\u2019an\u2019dan kopar\u0131lamaz oldu\u011funu g\u00f6stermeye \u00e7al\u0131\u015ft\u0131 ve tabii buradan hareketle \u00f6yle d\u00fc\u015f\u00fcnmeyenlere dair bir dizi su\u00e7lay\u0131c\u0131 at\u0131fta bulundu. Niyetim polemik yapmak de\u011fil, kald\u0131ki insanlar bunca polemi\u011fe nas\u0131l vakit ve enerji buluyor diye de \u015fa\u015f\u0131yorum. Ama \u201cBilimden gidilmeyen yolun sonu karanl\u0131kt\u0131r\u201d diyen, \u201cOkunacak en b\u00fcy\u00fck kitap insand\u0131r\u201d diyen, \u201cHakk\u0131 ister isen ademde iste \/ Irak\u2019ta Mekke\u2019de Hac\u2019da de\u011fildir\u201d diyen, \u201cTelli sazd\u0131r bunun ad\u0131 \/ Ne ayet dinler ne kad\u0131\u201d diyen bir inan\u00e7la bu kadar da oynanmaz ki diye d\u00fc\u015f\u00fcnen bir g\u00f6zlemci olarak, Kur\u2019an\u2019dan aktar\u0131mlarla Alevilik anlatmaya \u00e7al\u0131\u015fanlar\u0131n Alevili\u011fi de\u011fil kendilerini, geldikleri noktay\u0131 anlatt\u0131klar\u0131n\u0131 d\u00fc\u015f\u00fcnen biri olarak konuya k\u0131saca de\u011finmekten de kendimi alamad\u0131m.<\/p>\n<p>Balaban\u2019\u0131n yollama yapt\u0131\u011f\u0131 onlarca ayetten, Kur\u2019an\u2019\u0131 ola ki bilmeyenlerin kafas\u0131n\u0131 kar\u0131\u015ft\u0131rabilecek iki ayet \u00fczerinde duraca\u011f\u0131m: Ahzab: 33 ve \u015e\u00fbra: 23. Balaban onlar\u0131 \u015fu \u015fekilde aktarm\u0131\u015f:<\/p>\n<p>Tathir Ayeti : \u2018\u2019Allah, yaln\u0131zca siz Ehl-i Beyt\u2019ten her \u00e7e\u015fit pislik ve k\u00f6t\u00fcl\u00fc\u011f\u00fc giderip sizi tertemiz k\u0131lmak ister\u201d (Ahzab: 33)\u00b7<\/p>\n<p>Meveddet Ayeti \u201c(Ey Peygamber! M\u00fcsl\u00fcmanlara) De ki: Sizden tebli\u011fime kar\u015f\u0131l\u0131k bir \u00fccret istemiyorum; istedi\u011fim, ancak yak\u0131nlar\u0131ma (Ehl-i Beytime) sevgidir.\u201d (\u015e\u00fbra: 23)<\/p>\n<p>\u015eimdi gelin \u00f6ncelikle Ahzap 33\u2019\u00fc, ama c\u0131mb\u0131zlamadan b\u00fct\u00fcn\u00fcnde okuyal\u0131m; bakal\u0131m bakal\u0131m ayet ger\u00e7ekte ne diyor:\u201cEvlerinizde oturun. \u00d6nceki cahiliye devri kad\u0131nlar\u0131 gibi a\u00e7\u0131l\u0131p sa\u00e7\u0131lmay\u0131n. Namza k\u0131l\u0131n zekat verin, Allaha ve peygamberine itaat edin. Ey peygamber ailesi, \u015f\u00fcphesiz Allah sizi g\u00fcnah ve k\u00f6t\u00fcl\u00fcklerden ar\u0131nd\u0131r\u0131p tertemiz yapmak ister.\u201d<\/p>\n<p>G\u00f6r\u00fcld\u00fc\u011f\u00fc gibi ayet \u2013t\u0131pk\u0131 bug\u00fcn ba\u015f\u00f6rt\u00fcs\u00fc i\u00e7in m\u00fccadele veren \u015feriat\u00e7\u0131 kad\u0131nlar\u0131n yapt\u0131\u011f\u0131 gibi-, (peygamberin) kad\u0131nlar(\u0131n)a evde oturmalar\u0131n\u0131, \u00f6rt\u00fcs\u00fcz dola\u015fmamalar\u0131n\u0131, namaz k\u0131l\u0131p (&#8230;) itaat etmelerini emrediyor. C\u0131mb\u0131zlanan son c\u00fcmlede ise, peygamberin \u201cailesine\u201d bir ayr\u0131cal\u0131k olarak g\u00fcnahlardan ar\u0131nd\u0131rma ve temizleme iste\u011fi belirtiliyor.<\/p>\n<p>Dikkat edilirse onlar\u0131n da g\u00fcnahs\u0131z ve temiz oldu\u011funu s\u00f6ylemiyor, sadece onlar\u0131 (\u00f6rt\u00fcn\u00fcp namaz k\u0131lmak \u00f6nko\u015fuluyla!) g\u00fcnahs\u0131z yapmak iste\u011fi belirtiliyor. Peki ama burada ge\u00e7en \u201caile\u201dyi, \u015eii ve Alevi gelenekteki \u201cehl-i beyt\u201d anlam\u0131nda yorumlamak m\u00fcmk\u00fcn m\u00fc? Bu soruyu ayd\u0131nlatmak i\u00e7in hem ayeti b\u00fct\u00fcnl\u00fc\u011f\u00fcnde hem de bu ayetin nedenini ayd\u0131nlatan \u00f6nceki ayetlerle b\u00fct\u00fcnl\u00fc\u011f\u00fc i\u00e7inde okumak gerekiyor.<\/p>\n<p>\u0130slam gelene\u011fi ve Kur\u2019an\u2019\u0131n \u00f6nemli tefsircilerinden Taberi\u2019nin de belirtti\u011fi gibi, Ahzap 33, Ahzap 30, 31, 32 ile b\u00fct\u00fcnl\u00fc\u011f\u00fc i\u00e7inde anlam\u0131na uygun anla\u015f\u0131labilir. S\u00f6z konusu bu ayetler, \u201cEy peygamberin han\u0131mlar\u0131\/kad\u0131nlar\u0131\u201d diye ba\u015flayarak, onlara \u00f6rt\u00fcnme, sadakat, evden \u00e7\u0131kmama, edal\u0131 olmamay\u0131 emrediyor ve bunu yapmalar\u0131 halinde \u201ciki kat \u00f6d\u00fcl\u201d vaadediyor. Ol hikaye bundan ibarettir ve ayetlerden bundan \u00f6te bir\u015feyler \u00e7\u0131karmaya \u00e7al\u0131\u015fmak, Kur\u2019an\u2019\u0131 kendine ger\u00e7ekten rehber edinenler i\u00e7in \u201c\u015firk\u201dtir; yani iradesini tanr\u0131ya ortak ko\u015fmak anlam\u0131nda g\u00fcnahlar\u0131n en b\u00fcy\u00fc\u011f\u00fc! Bundan \u00f6te Ahzap suresinin bir b\u00fct\u00fcn olarak ger\u00e7ek anlam\u0131n\u0131 merak edenler i\u00e7in de belirteyim ki, surenin ger\u00e7ek amac\u0131, o\u011fullu\u011fu Zeyd\u2019in kar\u0131s\u0131 Zeynep\u2019e a\u015f\u0131k olan Muhammed\u2019in onunla evlenmesinin tanr\u0131 kat\u0131nda me\u015fru oldu\u011funun M\u00fcsl\u00fcmanlara kabul ettirilmesidir.<\/p>\n<p>\u015eimdi gelelim \u015eura 23\u2019e. \u00d6ncelikle belirtilmeli ki bu sure Mekke d\u00f6neminde d\u00fczenlenmi\u015ftir; yani \u015eii ve Alevi gelenekteki anlamda \u201cehl-i beyt\u201din hen\u00fcz olmad\u0131\u011f\u0131 bir d\u00f6nemde. Ali ile Fatma evlenmemi\u015f, Hasan ile H\u00fcseyin do\u011fmam\u0131\u015ft\u0131r. Daha \u00f6nemlisi burda kendisine seslenilenler de M\u00fcsl\u00fcmanlar de\u011fil, \u0130slam&#8217;\u0131 kabul etmeyen \u00e7oktanr\u0131c\u0131 inanca sahip Mekkeli akrabalard\u0131r. Sure b\u00fct\u00fcn\u00fc ve 23. ayette Kurey\u015fliler ikna edilmeye \u00e7al\u0131\u015f\u0131lmaktad\u0131r. 22. ayette inananlara cennet vaadedildi\u011finin ilan\u0131n\u0131 takiben gelen 23. ayetin b\u00fct\u00fcn\u00fc \u015f\u00f6yle:\u201c\u0130\u015fte Allah iman edip salih ameller i\u015fleyen kullar\u0131n\u0131 b\u00f6yle m\u00fcjdeliyor. Ey Muhammed, de ki, ben sizden buna kar\u015f\u0131l\u0131k akrabal\u0131k sevgisinden ba\u015fka bir \u00fccret istemem.\u201d<\/p>\n<p>Ayetin anlam\u0131, \u201csizi hakka davet edi\u015fime kar\u015f\u0131l\u0131k sizden, yak\u0131n\u0131n\u0131z oldu\u011fum i\u00e7in sevmenizi ve aram\u0131zdaki akrabal\u0131k ba\u011f\u0131n\u0131 koparmaman\u0131z\u0131 istiyorum&#8230;\u201d (Taberi Tefsiri, 5. cilt, s.2129) demektir. Niye b\u00f6yle bir talep dillendiriliyor? \u00c7\u00fcnk\u00fc bu ayetlerin d\u00fczenlendi\u011fi g\u00fcnlerde, akrabalar\u0131 olan Mekke e\u015fraf\u0131, Muhammed\u2019i yalanc\u0131l\u0131kla, akl\u0131n\u0131 ka\u00e7\u0131rm\u0131\u015f olmakla su\u00e7lamakta, tecrit etmekte, bask\u0131 uygulamaktad\u0131r!<\/p>\n<p>Bu iki ayetin d\u0131\u015f\u0131nda \u201cehl-i beyt\u201de at\u0131f yap\u0131ld\u0131\u011f\u0131 veya Ali hakk\u0131nda indi\u011fi iddias\u0131yla aktar\u0131lan ayetlere gelince, onlar\u0131n zaten hi\u00e7birinde \u201cehli beyt\u201de ve Ali\u2019ye \u00e7eki\u015ftirilebilecek en k\u00fc\u00e7\u00fck, ama en k\u00fc\u00e7\u00fck bir kan\u0131t bulunmamaktad\u0131r. Durum buyken, hakl\u0131 olarak, \u201ccan\u0131m insan bu kadar da kafadan uydurmaz ki!\u201d diyebilecek arkada\u015flara, yap\u0131lan aktarmalar\u0131 tekrar tekrar okumalar\u0131n\u0131, piyasadaki tefsir ve meal kitaplar\u0131ndan irdelemelerini, hatta K. Balaban&#8217;dan bu iddialar\u0131n\u0131 ispatlamas\u0131n\u0131 istemelerini \u00f6zelikle sal\u0131k veririm.<\/p>\n<p>Bu ve benzeri pek \u00e7ok iddiada g\u00f6rd\u00fc\u011f\u00fcm\u00fcz ve ne yaz\u0131k ki Alevili\u011fin asimilasyonu \u00e7er\u00e7evesinde geli\u015ftirilen \u00f6l\u00e7\u00fcs\u00fcz bilgi kirlenmesine dair yapt\u0131\u011f\u0131m bu d\u00fczeltme notu nas\u0131l bitirmeliyim bilemiyorum; \u00e7\u00fcnk\u00fc bundan sonra s\u00f6ylenebilecek her \u015fey sadece ve sadece ahlaka dair olabilir ve bir konferans i\u00e7in gitti\u011fim Viyana\u2019da beni havaalan\u0131na kadar g\u00f6t\u00fcrme nezaketi nedeniyle Balaban i\u00e7in bu d\u00fczlemde konu\u015fmak istemiyorum.<\/p>\n<p>Ama bu kadar da olmaz ki!..<\/p>\n<p>Bu kadar da ka\u00e7\u0131r\u0131lmaz ki i\u015fin endazesi..<\/p><\/div>\n","protected":false},"excerpt":{"rendered":"<p>Kaz\u0131m Balaban ge\u00e7en hafta (aleviyol sitesinde) Kur\u2019an\u2019dan ayetler aktararak Alevili\u011fin Kur\u2019an\u2019dan kopar\u0131lamaz oldu\u011funu g\u00f6stermeye \u00e7al\u0131\u015ft\u0131 ve tabii buradan hareketle \u00f6yle d\u00fc\u015f\u00fcnmeyenlere dair bir dizi su\u00e7lay\u0131c\u0131 at\u0131fta bulundu. Niyetim polemik yapmak de\u011fil, kald\u0131ki insanlar bunca polemi\u011fe nas\u0131l vakit ve enerji buluyor diye de \u015fa\u015f\u0131yorum. Ama \u201cBilimden gidilmeyen yolun sonu karanl\u0131kt\u0131r\u201d diyen, \u201cOkunacak en b\u00fcy\u00fck kitap insand\u0131r\u201d [&hellip;]<\/p>\n","protected":false},"author":1,"featured_media":0,"comment_status":"open","ping_status":"open","sticky":false,"template":"","format":"standard","meta":{"footnotes":""},"categories":[54],"tags":[],"class_list":{"0":"post-734","1":"post","2":"type-post","3":"status-publish","4":"format-standard","6":"category-din"},"yoast_head":"<!-- This site is optimized with the Yoast SEO Premium plugin v24.9 (Yoast SEO v24.9) - https:\/\/yoast.com\/wordpress\/plugins\/seo\/ -->\n<title>Kur&#039;an&#039;dan Alevilik \u00c7\u0131karmak | Erdo\u011fan Ayd\u0131n - narteks.net<\/title>\n<meta name=\"robots\" content=\"index, follow, max-snippet:-1, max-image-preview:large, max-video-preview:-1\" \/>\n<link rel=\"canonical\" href=\"https:\/\/narteks.net\/index.php\/2009\/04\/27\/kurandan-alevilik-cikarmak-erdogan-aydin\/\" \/>\n<meta property=\"og:locale\" content=\"tr_TR\" \/>\n<meta property=\"og:type\" content=\"article\" \/>\n<meta property=\"og:title\" content=\"Kur&#039;an&#039;dan Alevilik \u00c7\u0131karmak | Erdo\u011fan Ayd\u0131n\" \/>\n<meta property=\"og:description\" content=\"Kaz\u0131m Balaban ge\u00e7en hafta (aleviyol sitesinde) Kur\u2019an\u2019dan ayetler aktararak Alevili\u011fin Kur\u2019an\u2019dan kopar\u0131lamaz oldu\u011funu g\u00f6stermeye \u00e7al\u0131\u015ft\u0131 ve tabii buradan hareketle \u00f6yle d\u00fc\u015f\u00fcnmeyenlere dair bir dizi su\u00e7lay\u0131c\u0131 at\u0131fta bulundu. Niyetim polemik yapmak de\u011fil, kald\u0131ki insanlar bunca polemi\u011fe nas\u0131l vakit ve enerji buluyor diye de \u015fa\u015f\u0131yorum. Ama \u201cBilimden gidilmeyen yolun sonu karanl\u0131kt\u0131r\u201d diyen, \u201cOkunacak en b\u00fcy\u00fck kitap insand\u0131r\u201d [&hellip;]\" \/>\n<meta property=\"og:url\" content=\"https:\/\/narteks.net\/index.php\/2009\/04\/27\/kurandan-alevilik-cikarmak-erdogan-aydin\/\" \/>\n<meta property=\"og:site_name\" content=\"narteks.net\" \/>\n<meta property=\"article:published_time\" content=\"2009-04-27T12:30:38+00:00\" \/>\n<meta property=\"og:image\" content=\"http:\/\/www.psakd.org\/resim\/erdogan_aydin5.JPG\" \/>\n<meta name=\"author\" content=\"Tar\u0131k\" \/>\n<meta name=\"twitter:card\" content=\"summary_large_image\" \/>\n<meta name=\"twitter:creator\" content=\"@narteks\" \/>\n<meta name=\"twitter:site\" content=\"@narteks\" \/>\n<meta name=\"twitter:label1\" content=\"Yazan:\" \/>\n\t<meta name=\"twitter:data1\" content=\"Tar\u0131k\" \/>\n\t<meta name=\"twitter:label2\" content=\"Tahmini okuma s\u00fcresi\" \/>\n\t<meta name=\"twitter:data2\" content=\"5 dakika\" \/>\n<script type=\"application\/ld+json\" class=\"yoast-schema-graph\">{\"@context\":\"https:\/\/schema.org\",\"@graph\":[{\"@type\":\"Article\",\"@id\":\"https:\/\/narteks.net\/index.php\/2009\/04\/27\/kurandan-alevilik-cikarmak-erdogan-aydin\/#article\",\"isPartOf\":{\"@id\":\"https:\/\/narteks.net\/index.php\/2009\/04\/27\/kurandan-alevilik-cikarmak-erdogan-aydin\/\"},\"author\":{\"name\":\"Tar\u0131k\",\"@id\":\"https:\/\/narteks.net\/#\/schema\/person\/61f37d9834294b72d31d274e7ed79bca\"},\"headline\":\"Kur&#8217;an&#8217;dan Alevilik \u00c7\u0131karmak | Erdo\u011fan Ayd\u0131n\",\"datePublished\":\"2009-04-27T12:30:38+00:00\",\"mainEntityOfPage\":{\"@id\":\"https:\/\/narteks.net\/index.php\/2009\/04\/27\/kurandan-alevilik-cikarmak-erdogan-aydin\/\"},\"wordCount\":987,\"commentCount\":0,\"publisher\":{\"@id\":\"https:\/\/narteks.net\/#organization\"},\"image\":{\"@id\":\"https:\/\/narteks.net\/index.php\/2009\/04\/27\/kurandan-alevilik-cikarmak-erdogan-aydin\/#primaryimage\"},\"thumbnailUrl\":\"http:\/\/www.psakd.org\/resim\/erdogan_aydin5.JPG\",\"articleSection\":[\"Din\"],\"inLanguage\":\"tr\",\"potentialAction\":[{\"@type\":\"CommentAction\",\"name\":\"Comment\",\"target\":[\"https:\/\/narteks.net\/index.php\/2009\/04\/27\/kurandan-alevilik-cikarmak-erdogan-aydin\/#respond\"]}]},{\"@type\":\"WebPage\",\"@id\":\"https:\/\/narteks.net\/index.php\/2009\/04\/27\/kurandan-alevilik-cikarmak-erdogan-aydin\/\",\"url\":\"https:\/\/narteks.net\/index.php\/2009\/04\/27\/kurandan-alevilik-cikarmak-erdogan-aydin\/\",\"name\":\"Kur'an'dan Alevilik \u00c7\u0131karmak | Erdo\u011fan Ayd\u0131n - narteks.net\",\"isPartOf\":{\"@id\":\"https:\/\/narteks.net\/#website\"},\"primaryImageOfPage\":{\"@id\":\"https:\/\/narteks.net\/index.php\/2009\/04\/27\/kurandan-alevilik-cikarmak-erdogan-aydin\/#primaryimage\"},\"image\":{\"@id\":\"https:\/\/narteks.net\/index.php\/2009\/04\/27\/kurandan-alevilik-cikarmak-erdogan-aydin\/#primaryimage\"},\"thumbnailUrl\":\"http:\/\/www.psakd.org\/resim\/erdogan_aydin5.JPG\",\"datePublished\":\"2009-04-27T12:30:38+00:00\",\"breadcrumb\":{\"@id\":\"https:\/\/narteks.net\/index.php\/2009\/04\/27\/kurandan-alevilik-cikarmak-erdogan-aydin\/#breadcrumb\"},\"inLanguage\":\"tr\",\"potentialAction\":[{\"@type\":\"ReadAction\",\"target\":[\"https:\/\/narteks.net\/index.php\/2009\/04\/27\/kurandan-alevilik-cikarmak-erdogan-aydin\/\"]}]},{\"@type\":\"ImageObject\",\"inLanguage\":\"tr\",\"@id\":\"https:\/\/narteks.net\/index.php\/2009\/04\/27\/kurandan-alevilik-cikarmak-erdogan-aydin\/#primaryimage\",\"url\":\"http:\/\/www.psakd.org\/resim\/erdogan_aydin5.JPG\",\"contentUrl\":\"http:\/\/www.psakd.org\/resim\/erdogan_aydin5.JPG\"},{\"@type\":\"BreadcrumbList\",\"@id\":\"https:\/\/narteks.net\/index.php\/2009\/04\/27\/kurandan-alevilik-cikarmak-erdogan-aydin\/#breadcrumb\",\"itemListElement\":[{\"@type\":\"ListItem\",\"position\":1,\"name\":\"Anasayfa\",\"item\":\"https:\/\/narteks.net\/\"},{\"@type\":\"ListItem\",\"position\":2,\"name\":\"Kur&#8217;an&#8217;dan Alevilik \u00c7\u0131karmak | Erdo\u011fan Ayd\u0131n\"}]},{\"@type\":\"WebSite\",\"@id\":\"https:\/\/narteks.net\/#website\",\"url\":\"https:\/\/narteks.net\/\",\"name\":\"narteks.net\",\"description\":\"K\u00fclt\u00fcr Sanat Edebiyat Felsefe\",\"publisher\":{\"@id\":\"https:\/\/narteks.net\/#organization\"},\"alternateName\":\"K\u00fclt\u00fcr Sanat Edebiyat Felsefe\",\"potentialAction\":[{\"@type\":\"SearchAction\",\"target\":{\"@type\":\"EntryPoint\",\"urlTemplate\":\"https:\/\/narteks.net\/?s={search_term_string}\"},\"query-input\":{\"@type\":\"PropertyValueSpecification\",\"valueRequired\":true,\"valueName\":\"search_term_string\"}}],\"inLanguage\":\"tr\"},{\"@type\":\"Organization\",\"@id\":\"https:\/\/narteks.net\/#organization\",\"name\":\"narteks.net\",\"url\":\"https:\/\/narteks.net\/\",\"logo\":{\"@type\":\"ImageObject\",\"inLanguage\":\"tr\",\"@id\":\"https:\/\/narteks.net\/#\/schema\/logo\/image\/\",\"url\":\"https:\/\/narteks.net\/wp-content\/uploads\/narteks.png\",\"contentUrl\":\"https:\/\/narteks.net\/wp-content\/uploads\/narteks.png\",\"width\":300,\"height\":90,\"caption\":\"narteks.net\"},\"image\":{\"@id\":\"https:\/\/narteks.net\/#\/schema\/logo\/image\/\"},\"sameAs\":[\"https:\/\/x.com\/narteks\",\"https:\/\/instagram.com\/narteksnet\"]},{\"@type\":\"Person\",\"@id\":\"https:\/\/narteks.net\/#\/schema\/person\/61f37d9834294b72d31d274e7ed79bca\",\"name\":\"Tar\u0131k\",\"image\":{\"@type\":\"ImageObject\",\"inLanguage\":\"tr\",\"@id\":\"https:\/\/narteks.net\/#\/schema\/person\/image\/\",\"url\":\"https:\/\/secure.gravatar.com\/avatar\/50865afb55632c4ae467e0af0930f6510aa2297d8014be502a55b14f3b7550cf?s=96&d=mm&r=g\",\"contentUrl\":\"https:\/\/secure.gravatar.com\/avatar\/50865afb55632c4ae467e0af0930f6510aa2297d8014be502a55b14f3b7550cf?s=96&d=mm&r=g\",\"caption\":\"Tar\u0131k\"},\"sameAs\":[\"http:\/\/narteks.net\"],\"url\":\"https:\/\/narteks.net\/index.php\/author\/narbak\/\"}]}<\/script>\n<!-- \/ Yoast SEO Premium plugin. -->","yoast_head_json":{"title":"Kur'an'dan Alevilik \u00c7\u0131karmak | Erdo\u011fan Ayd\u0131n - narteks.net","robots":{"index":"index","follow":"follow","max-snippet":"max-snippet:-1","max-image-preview":"max-image-preview:large","max-video-preview":"max-video-preview:-1"},"canonical":"https:\/\/narteks.net\/index.php\/2009\/04\/27\/kurandan-alevilik-cikarmak-erdogan-aydin\/","og_locale":"tr_TR","og_type":"article","og_title":"Kur'an'dan Alevilik \u00c7\u0131karmak | Erdo\u011fan Ayd\u0131n","og_description":"Kaz\u0131m Balaban ge\u00e7en hafta (aleviyol sitesinde) Kur\u2019an\u2019dan ayetler aktararak Alevili\u011fin Kur\u2019an\u2019dan kopar\u0131lamaz oldu\u011funu g\u00f6stermeye \u00e7al\u0131\u015ft\u0131 ve tabii buradan hareketle \u00f6yle d\u00fc\u015f\u00fcnmeyenlere dair bir dizi su\u00e7lay\u0131c\u0131 at\u0131fta bulundu. Niyetim polemik yapmak de\u011fil, kald\u0131ki insanlar bunca polemi\u011fe nas\u0131l vakit ve enerji buluyor diye de \u015fa\u015f\u0131yorum. Ama \u201cBilimden gidilmeyen yolun sonu karanl\u0131kt\u0131r\u201d diyen, \u201cOkunacak en b\u00fcy\u00fck kitap insand\u0131r\u201d [&hellip;]","og_url":"https:\/\/narteks.net\/index.php\/2009\/04\/27\/kurandan-alevilik-cikarmak-erdogan-aydin\/","og_site_name":"narteks.net","article_published_time":"2009-04-27T12:30:38+00:00","og_image":[{"url":"http:\/\/www.psakd.org\/resim\/erdogan_aydin5.JPG","type":"","width":"","height":""}],"author":"Tar\u0131k","twitter_card":"summary_large_image","twitter_creator":"@narteks","twitter_site":"@narteks","twitter_misc":{"Yazan:":"Tar\u0131k","Tahmini okuma s\u00fcresi":"5 dakika"},"schema":{"@context":"https:\/\/schema.org","@graph":[{"@type":"Article","@id":"https:\/\/narteks.net\/index.php\/2009\/04\/27\/kurandan-alevilik-cikarmak-erdogan-aydin\/#article","isPartOf":{"@id":"https:\/\/narteks.net\/index.php\/2009\/04\/27\/kurandan-alevilik-cikarmak-erdogan-aydin\/"},"author":{"name":"Tar\u0131k","@id":"https:\/\/narteks.net\/#\/schema\/person\/61f37d9834294b72d31d274e7ed79bca"},"headline":"Kur&#8217;an&#8217;dan Alevilik \u00c7\u0131karmak | Erdo\u011fan Ayd\u0131n","datePublished":"2009-04-27T12:30:38+00:00","mainEntityOfPage":{"@id":"https:\/\/narteks.net\/index.php\/2009\/04\/27\/kurandan-alevilik-cikarmak-erdogan-aydin\/"},"wordCount":987,"commentCount":0,"publisher":{"@id":"https:\/\/narteks.net\/#organization"},"image":{"@id":"https:\/\/narteks.net\/index.php\/2009\/04\/27\/kurandan-alevilik-cikarmak-erdogan-aydin\/#primaryimage"},"thumbnailUrl":"http:\/\/www.psakd.org\/resim\/erdogan_aydin5.JPG","articleSection":["Din"],"inLanguage":"tr","potentialAction":[{"@type":"CommentAction","name":"Comment","target":["https:\/\/narteks.net\/index.php\/2009\/04\/27\/kurandan-alevilik-cikarmak-erdogan-aydin\/#respond"]}]},{"@type":"WebPage","@id":"https:\/\/narteks.net\/index.php\/2009\/04\/27\/kurandan-alevilik-cikarmak-erdogan-aydin\/","url":"https:\/\/narteks.net\/index.php\/2009\/04\/27\/kurandan-alevilik-cikarmak-erdogan-aydin\/","name":"Kur'an'dan Alevilik \u00c7\u0131karmak | Erdo\u011fan Ayd\u0131n - narteks.net","isPartOf":{"@id":"https:\/\/narteks.net\/#website"},"primaryImageOfPage":{"@id":"https:\/\/narteks.net\/index.php\/2009\/04\/27\/kurandan-alevilik-cikarmak-erdogan-aydin\/#primaryimage"},"image":{"@id":"https:\/\/narteks.net\/index.php\/2009\/04\/27\/kurandan-alevilik-cikarmak-erdogan-aydin\/#primaryimage"},"thumbnailUrl":"http:\/\/www.psakd.org\/resim\/erdogan_aydin5.JPG","datePublished":"2009-04-27T12:30:38+00:00","breadcrumb":{"@id":"https:\/\/narteks.net\/index.php\/2009\/04\/27\/kurandan-alevilik-cikarmak-erdogan-aydin\/#breadcrumb"},"inLanguage":"tr","potentialAction":[{"@type":"ReadAction","target":["https:\/\/narteks.net\/index.php\/2009\/04\/27\/kurandan-alevilik-cikarmak-erdogan-aydin\/"]}]},{"@type":"ImageObject","inLanguage":"tr","@id":"https:\/\/narteks.net\/index.php\/2009\/04\/27\/kurandan-alevilik-cikarmak-erdogan-aydin\/#primaryimage","url":"http:\/\/www.psakd.org\/resim\/erdogan_aydin5.JPG","contentUrl":"http:\/\/www.psakd.org\/resim\/erdogan_aydin5.JPG"},{"@type":"BreadcrumbList","@id":"https:\/\/narteks.net\/index.php\/2009\/04\/27\/kurandan-alevilik-cikarmak-erdogan-aydin\/#breadcrumb","itemListElement":[{"@type":"ListItem","position":1,"name":"Anasayfa","item":"https:\/\/narteks.net\/"},{"@type":"ListItem","position":2,"name":"Kur&#8217;an&#8217;dan Alevilik \u00c7\u0131karmak | Erdo\u011fan Ayd\u0131n"}]},{"@type":"WebSite","@id":"https:\/\/narteks.net\/#website","url":"https:\/\/narteks.net\/","name":"narteks.net","description":"K\u00fclt\u00fcr Sanat Edebiyat Felsefe","publisher":{"@id":"https:\/\/narteks.net\/#organization"},"alternateName":"K\u00fclt\u00fcr Sanat Edebiyat Felsefe","potentialAction":[{"@type":"SearchAction","target":{"@type":"EntryPoint","urlTemplate":"https:\/\/narteks.net\/?s={search_term_string}"},"query-input":{"@type":"PropertyValueSpecification","valueRequired":true,"valueName":"search_term_string"}}],"inLanguage":"tr"},{"@type":"Organization","@id":"https:\/\/narteks.net\/#organization","name":"narteks.net","url":"https:\/\/narteks.net\/","logo":{"@type":"ImageObject","inLanguage":"tr","@id":"https:\/\/narteks.net\/#\/schema\/logo\/image\/","url":"https:\/\/narteks.net\/wp-content\/uploads\/narteks.png","contentUrl":"https:\/\/narteks.net\/wp-content\/uploads\/narteks.png","width":300,"height":90,"caption":"narteks.net"},"image":{"@id":"https:\/\/narteks.net\/#\/schema\/logo\/image\/"},"sameAs":["https:\/\/x.com\/narteks","https:\/\/instagram.com\/narteksnet"]},{"@type":"Person","@id":"https:\/\/narteks.net\/#\/schema\/person\/61f37d9834294b72d31d274e7ed79bca","name":"Tar\u0131k","image":{"@type":"ImageObject","inLanguage":"tr","@id":"https:\/\/narteks.net\/#\/schema\/person\/image\/","url":"https:\/\/secure.gravatar.com\/avatar\/50865afb55632c4ae467e0af0930f6510aa2297d8014be502a55b14f3b7550cf?s=96&d=mm&r=g","contentUrl":"https:\/\/secure.gravatar.com\/avatar\/50865afb55632c4ae467e0af0930f6510aa2297d8014be502a55b14f3b7550cf?s=96&d=mm&r=g","caption":"Tar\u0131k"},"sameAs":["http:\/\/narteks.net"],"url":"https:\/\/narteks.net\/index.php\/author\/narbak\/"}]}},"_links":{"self":[{"href":"https:\/\/narteks.net\/index.php\/wp-json\/wp\/v2\/posts\/734","targetHints":{"allow":["GET"]}}],"collection":[{"href":"https:\/\/narteks.net\/index.php\/wp-json\/wp\/v2\/posts"}],"about":[{"href":"https:\/\/narteks.net\/index.php\/wp-json\/wp\/v2\/types\/post"}],"author":[{"embeddable":true,"href":"https:\/\/narteks.net\/index.php\/wp-json\/wp\/v2\/users\/1"}],"replies":[{"embeddable":true,"href":"https:\/\/narteks.net\/index.php\/wp-json\/wp\/v2\/comments?post=734"}],"version-history":[{"count":0,"href":"https:\/\/narteks.net\/index.php\/wp-json\/wp\/v2\/posts\/734\/revisions"}],"wp:attachment":[{"href":"https:\/\/narteks.net\/index.php\/wp-json\/wp\/v2\/media?parent=734"}],"wp:term":[{"taxonomy":"category","embeddable":true,"href":"https:\/\/narteks.net\/index.php\/wp-json\/wp\/v2\/categories?post=734"},{"taxonomy":"post_tag","embeddable":true,"href":"https:\/\/narteks.net\/index.php\/wp-json\/wp\/v2\/tags?post=734"}],"curies":[{"name":"wp","href":"https:\/\/api.w.org\/{rel}","templated":true}]}}