{"id":735,"date":"2009-05-02T20:24:15","date_gmt":"2009-05-02T17:24:15","guid":{"rendered":"http:\/\/localhost\/wordpress\/2009\/05\/02\/che-adi\/"},"modified":"2009-05-02T20:24:15","modified_gmt":"2009-05-02T17:24:15","slug":"che-adi","status":"publish","type":"post","link":"https:\/\/narteks.net\/index.php\/2009\/05\/02\/che-adi\/","title":{"rendered":"Che ad\u0131.."},"content":{"rendered":"<p class=\"MsoNormal\" style=\"margin: 1em 0px; padding: 0px;\">Che\u2019nin BM\u2019de yapm\u0131\u015f oldu\u011fu konu\u015fmay\u0131 dinledim. \u0130spanyolca bilmem ama onun y\u00fcre\u011finden gelen kararl\u0131l\u0131\u011f\u0131n, ate\u015fin yans\u0131malar\u0131n\u0131 duydum s\u00f6zc\u00fcklerde, sesinde. Fedan\u0131n inanc\u0131n, cesaretin, tutkunun, a\u015fk\u0131n ismi Che. Her \u015feyi geride b\u0131rak\u0131p gidebilmenin, sorumlulu\u011fun ve at\u0131l\u0131m\u0131n ad\u0131. S\u00f6z ile eylemin birli\u011finin ad\u0131.Che sanki her yerdeydi. Kentlerde, k\u0131rda, da\u011fda, evde, toprakta. Sekerek ilerliyordu ya\u015famda, hi\u00e7bir yeri yurdu bellemeden u\u00e7arcas\u0131na gidiyordu her yere.Che\u2019nin sesi ku\u015f sesiydi, kur\u015fun sesiydi, \u0131rmak sesiydi. U\u00e7tu, akt\u0131, d\u00fc\u015ft\u00fc vurulup. B\u00fcy\u00fck \u00f6\u011fretmendi i\u00e7inde umut kalmayanlara, inanc\u0131n\u0131 yitirip teslim olanlara y\u0131lmamay\u0131, insan olmay\u0131, ya\u015fam\u0131yla g\u00f6sterdi. Neye inand\u0131ysa neyi s\u00f6ylediyse onu ya\u015fad\u0131 ve onu \u00f6ld\u00fc. K\u0131saca Che insan olma \u00e7abas\u0131n\u0131n ad\u0131yd\u0131.<\/p>\n<p>\u00a0<\/p>\n<p>\u00a0<\/p>\n<p>\u00a0<\/p>\n","protected":false},"excerpt":{"rendered":"<p>Che\u2019nin BM\u2019de yapm\u0131\u015f oldu\u011fu konu\u015fmay\u0131 dinledim. \u0130spanyolca bilmem ama onun y\u00fcre\u011finden gelen kararl\u0131l\u0131\u011f\u0131n, ate\u015fin yans\u0131malar\u0131n\u0131 duydum s\u00f6zc\u00fcklerde, sesinde. Fedan\u0131n inanc\u0131n, cesaretin, tutkunun, a\u015fk\u0131n ismi Che. Her \u015feyi geride b\u0131rak\u0131p gidebilmenin, sorumlulu\u011fun ve at\u0131l\u0131m\u0131n ad\u0131. S\u00f6z ile eylemin birli\u011finin ad\u0131.Che sanki her yerdeydi. Kentlerde, k\u0131rda, da\u011fda, evde, toprakta. Sekerek ilerliyordu ya\u015famda, hi\u00e7bir yeri yurdu bellemeden u\u00e7arcas\u0131na [&hellip;]<\/p>\n","protected":false},"author":1,"featured_media":0,"comment_status":"open","ping_status":"open","sticky":false,"template":"","format":"standard","meta":{"footnotes":""},"categories":[140],"tags":[],"class_list":{"0":"post-735","1":"post","2":"type-post","3":"status-publish","4":"format-standard","6":"category-erkan-kucuk-makale"},"yoast_head":"<!-- This site is optimized with the Yoast SEO Premium plugin v24.9 (Yoast SEO v24.9) - https:\/\/yoast.com\/wordpress\/plugins\/seo\/ -->\n<title>Che ad\u0131.. - narteks.net<\/title>\n<meta name=\"robots\" content=\"index, follow, max-snippet:-1, max-image-preview:large, max-video-preview:-1\" \/>\n<link rel=\"canonical\" href=\"https:\/\/narteks.net\/index.php\/2009\/05\/02\/che-adi\/\" \/>\n<meta property=\"og:locale\" content=\"tr_TR\" \/>\n<meta property=\"og:type\" content=\"article\" \/>\n<meta property=\"og:title\" content=\"Che ad\u0131..\" \/>\n<meta property=\"og:description\" content=\"Che\u2019nin BM\u2019de yapm\u0131\u015f oldu\u011fu konu\u015fmay\u0131 dinledim. \u0130spanyolca bilmem ama onun y\u00fcre\u011finden gelen kararl\u0131l\u0131\u011f\u0131n, ate\u015fin yans\u0131malar\u0131n\u0131 duydum s\u00f6zc\u00fcklerde, sesinde. Fedan\u0131n inanc\u0131n, cesaretin, tutkunun, a\u015fk\u0131n ismi Che. Her \u015feyi geride b\u0131rak\u0131p gidebilmenin, sorumlulu\u011fun ve at\u0131l\u0131m\u0131n ad\u0131. S\u00f6z ile eylemin birli\u011finin ad\u0131.Che sanki her yerdeydi. Kentlerde, k\u0131rda, da\u011fda, evde, toprakta. Sekerek ilerliyordu ya\u015famda, hi\u00e7bir yeri yurdu bellemeden u\u00e7arcas\u0131na [&hellip;]\" \/>\n<meta property=\"og:url\" content=\"https:\/\/narteks.net\/index.php\/2009\/05\/02\/che-adi\/\" \/>\n<meta property=\"og:site_name\" content=\"narteks.net\" \/>\n<meta property=\"article:published_time\" content=\"2009-05-02T17:24:15+00:00\" \/>\n<meta property=\"og:image\" content=\"https:\/\/narteks.net\/wp-content\/uploads\/narteks.png\" \/>\n\t<meta property=\"og:image:width\" content=\"300\" \/>\n\t<meta property=\"og:image:height\" content=\"90\" \/>\n\t<meta property=\"og:image:type\" content=\"image\/png\" \/>\n<meta name=\"author\" content=\"Tar\u0131k\" \/>\n<meta name=\"twitter:card\" content=\"summary_large_image\" \/>\n<meta name=\"twitter:creator\" content=\"@narteks\" \/>\n<meta name=\"twitter:site\" content=\"@narteks\" \/>\n<meta name=\"twitter:label1\" content=\"Yazan:\" \/>\n\t<meta name=\"twitter:data1\" content=\"Tar\u0131k\" \/>\n\t<meta name=\"twitter:label2\" content=\"Tahmini okuma s\u00fcresi\" \/>\n\t<meta name=\"twitter:data2\" content=\"1 dakika\" \/>\n<script type=\"application\/ld+json\" class=\"yoast-schema-graph\">{\"@context\":\"https:\/\/schema.org\",\"@graph\":[{\"@type\":\"Article\",\"@id\":\"https:\/\/narteks.net\/index.php\/2009\/05\/02\/che-adi\/#article\",\"isPartOf\":{\"@id\":\"https:\/\/narteks.net\/index.php\/2009\/05\/02\/che-adi\/\"},\"author\":{\"name\":\"Tar\u0131k\",\"@id\":\"https:\/\/narteks.net\/#\/schema\/person\/61f37d9834294b72d31d274e7ed79bca\"},\"headline\":\"Che ad\u0131..\",\"datePublished\":\"2009-05-02T17:24:15+00:00\",\"mainEntityOfPage\":{\"@id\":\"https:\/\/narteks.net\/index.php\/2009\/05\/02\/che-adi\/\"},\"wordCount\":152,\"commentCount\":0,\"publisher\":{\"@id\":\"https:\/\/narteks.net\/#organization\"},\"articleSection\":[\"Erkan K\u00fc\u00e7\u00fck (Makale)\"],\"inLanguage\":\"tr\",\"potentialAction\":[{\"@type\":\"CommentAction\",\"name\":\"Comment\",\"target\":[\"https:\/\/narteks.net\/index.php\/2009\/05\/02\/che-adi\/#respond\"]}]},{\"@type\":\"WebPage\",\"@id\":\"https:\/\/narteks.net\/index.php\/2009\/05\/02\/che-adi\/\",\"url\":\"https:\/\/narteks.net\/index.php\/2009\/05\/02\/che-adi\/\",\"name\":\"Che ad\u0131.. - narteks.net\",\"isPartOf\":{\"@id\":\"https:\/\/narteks.net\/#website\"},\"datePublished\":\"2009-05-02T17:24:15+00:00\",\"breadcrumb\":{\"@id\":\"https:\/\/narteks.net\/index.php\/2009\/05\/02\/che-adi\/#breadcrumb\"},\"inLanguage\":\"tr\",\"potentialAction\":[{\"@type\":\"ReadAction\",\"target\":[\"https:\/\/narteks.net\/index.php\/2009\/05\/02\/che-adi\/\"]}]},{\"@type\":\"BreadcrumbList\",\"@id\":\"https:\/\/narteks.net\/index.php\/2009\/05\/02\/che-adi\/#breadcrumb\",\"itemListElement\":[{\"@type\":\"ListItem\",\"position\":1,\"name\":\"Anasayfa\",\"item\":\"https:\/\/narteks.net\/\"},{\"@type\":\"ListItem\",\"position\":2,\"name\":\"Che ad\u0131..\"}]},{\"@type\":\"WebSite\",\"@id\":\"https:\/\/narteks.net\/#website\",\"url\":\"https:\/\/narteks.net\/\",\"name\":\"narteks.net\",\"description\":\"K\u00fclt\u00fcr Sanat Edebiyat Felsefe\",\"publisher\":{\"@id\":\"https:\/\/narteks.net\/#organization\"},\"alternateName\":\"K\u00fclt\u00fcr Sanat Edebiyat Felsefe\",\"potentialAction\":[{\"@type\":\"SearchAction\",\"target\":{\"@type\":\"EntryPoint\",\"urlTemplate\":\"https:\/\/narteks.net\/?s={search_term_string}\"},\"query-input\":{\"@type\":\"PropertyValueSpecification\",\"valueRequired\":true,\"valueName\":\"search_term_string\"}}],\"inLanguage\":\"tr\"},{\"@type\":\"Organization\",\"@id\":\"https:\/\/narteks.net\/#organization\",\"name\":\"narteks.net\",\"url\":\"https:\/\/narteks.net\/\",\"logo\":{\"@type\":\"ImageObject\",\"inLanguage\":\"tr\",\"@id\":\"https:\/\/narteks.net\/#\/schema\/logo\/image\/\",\"url\":\"https:\/\/narteks.net\/wp-content\/uploads\/narteks.png\",\"contentUrl\":\"https:\/\/narteks.net\/wp-content\/uploads\/narteks.png\",\"width\":300,\"height\":90,\"caption\":\"narteks.net\"},\"image\":{\"@id\":\"https:\/\/narteks.net\/#\/schema\/logo\/image\/\"},\"sameAs\":[\"https:\/\/x.com\/narteks\",\"https:\/\/instagram.com\/narteksnet\"]},{\"@type\":\"Person\",\"@id\":\"https:\/\/narteks.net\/#\/schema\/person\/61f37d9834294b72d31d274e7ed79bca\",\"name\":\"Tar\u0131k\",\"image\":{\"@type\":\"ImageObject\",\"inLanguage\":\"tr\",\"@id\":\"https:\/\/narteks.net\/#\/schema\/person\/image\/\",\"url\":\"https:\/\/secure.gravatar.com\/avatar\/50865afb55632c4ae467e0af0930f6510aa2297d8014be502a55b14f3b7550cf?s=96&d=mm&r=g\",\"contentUrl\":\"https:\/\/secure.gravatar.com\/avatar\/50865afb55632c4ae467e0af0930f6510aa2297d8014be502a55b14f3b7550cf?s=96&d=mm&r=g\",\"caption\":\"Tar\u0131k\"},\"sameAs\":[\"http:\/\/narteks.net\"],\"url\":\"https:\/\/narteks.net\/index.php\/author\/narbak\/\"}]}<\/script>\n<!-- \/ Yoast SEO Premium plugin. -->","yoast_head_json":{"title":"Che ad\u0131.. - narteks.net","robots":{"index":"index","follow":"follow","max-snippet":"max-snippet:-1","max-image-preview":"max-image-preview:large","max-video-preview":"max-video-preview:-1"},"canonical":"https:\/\/narteks.net\/index.php\/2009\/05\/02\/che-adi\/","og_locale":"tr_TR","og_type":"article","og_title":"Che ad\u0131..","og_description":"Che\u2019nin BM\u2019de yapm\u0131\u015f oldu\u011fu konu\u015fmay\u0131 dinledim. \u0130spanyolca bilmem ama onun y\u00fcre\u011finden gelen kararl\u0131l\u0131\u011f\u0131n, ate\u015fin yans\u0131malar\u0131n\u0131 duydum s\u00f6zc\u00fcklerde, sesinde. Fedan\u0131n inanc\u0131n, cesaretin, tutkunun, a\u015fk\u0131n ismi Che. Her \u015feyi geride b\u0131rak\u0131p gidebilmenin, sorumlulu\u011fun ve at\u0131l\u0131m\u0131n ad\u0131. S\u00f6z ile eylemin birli\u011finin ad\u0131.Che sanki her yerdeydi. Kentlerde, k\u0131rda, da\u011fda, evde, toprakta. Sekerek ilerliyordu ya\u015famda, hi\u00e7bir yeri yurdu bellemeden u\u00e7arcas\u0131na [&hellip;]","og_url":"https:\/\/narteks.net\/index.php\/2009\/05\/02\/che-adi\/","og_site_name":"narteks.net","article_published_time":"2009-05-02T17:24:15+00:00","og_image":[{"width":300,"height":90,"url":"https:\/\/narteks.net\/wp-content\/uploads\/narteks.png","type":"image\/png"}],"author":"Tar\u0131k","twitter_card":"summary_large_image","twitter_creator":"@narteks","twitter_site":"@narteks","twitter_misc":{"Yazan:":"Tar\u0131k","Tahmini okuma s\u00fcresi":"1 dakika"},"schema":{"@context":"https:\/\/schema.org","@graph":[{"@type":"Article","@id":"https:\/\/narteks.net\/index.php\/2009\/05\/02\/che-adi\/#article","isPartOf":{"@id":"https:\/\/narteks.net\/index.php\/2009\/05\/02\/che-adi\/"},"author":{"name":"Tar\u0131k","@id":"https:\/\/narteks.net\/#\/schema\/person\/61f37d9834294b72d31d274e7ed79bca"},"headline":"Che ad\u0131..","datePublished":"2009-05-02T17:24:15+00:00","mainEntityOfPage":{"@id":"https:\/\/narteks.net\/index.php\/2009\/05\/02\/che-adi\/"},"wordCount":152,"commentCount":0,"publisher":{"@id":"https:\/\/narteks.net\/#organization"},"articleSection":["Erkan K\u00fc\u00e7\u00fck (Makale)"],"inLanguage":"tr","potentialAction":[{"@type":"CommentAction","name":"Comment","target":["https:\/\/narteks.net\/index.php\/2009\/05\/02\/che-adi\/#respond"]}]},{"@type":"WebPage","@id":"https:\/\/narteks.net\/index.php\/2009\/05\/02\/che-adi\/","url":"https:\/\/narteks.net\/index.php\/2009\/05\/02\/che-adi\/","name":"Che ad\u0131.. - narteks.net","isPartOf":{"@id":"https:\/\/narteks.net\/#website"},"datePublished":"2009-05-02T17:24:15+00:00","breadcrumb":{"@id":"https:\/\/narteks.net\/index.php\/2009\/05\/02\/che-adi\/#breadcrumb"},"inLanguage":"tr","potentialAction":[{"@type":"ReadAction","target":["https:\/\/narteks.net\/index.php\/2009\/05\/02\/che-adi\/"]}]},{"@type":"BreadcrumbList","@id":"https:\/\/narteks.net\/index.php\/2009\/05\/02\/che-adi\/#breadcrumb","itemListElement":[{"@type":"ListItem","position":1,"name":"Anasayfa","item":"https:\/\/narteks.net\/"},{"@type":"ListItem","position":2,"name":"Che ad\u0131.."}]},{"@type":"WebSite","@id":"https:\/\/narteks.net\/#website","url":"https:\/\/narteks.net\/","name":"narteks.net","description":"K\u00fclt\u00fcr Sanat Edebiyat Felsefe","publisher":{"@id":"https:\/\/narteks.net\/#organization"},"alternateName":"K\u00fclt\u00fcr Sanat Edebiyat Felsefe","potentialAction":[{"@type":"SearchAction","target":{"@type":"EntryPoint","urlTemplate":"https:\/\/narteks.net\/?s={search_term_string}"},"query-input":{"@type":"PropertyValueSpecification","valueRequired":true,"valueName":"search_term_string"}}],"inLanguage":"tr"},{"@type":"Organization","@id":"https:\/\/narteks.net\/#organization","name":"narteks.net","url":"https:\/\/narteks.net\/","logo":{"@type":"ImageObject","inLanguage":"tr","@id":"https:\/\/narteks.net\/#\/schema\/logo\/image\/","url":"https:\/\/narteks.net\/wp-content\/uploads\/narteks.png","contentUrl":"https:\/\/narteks.net\/wp-content\/uploads\/narteks.png","width":300,"height":90,"caption":"narteks.net"},"image":{"@id":"https:\/\/narteks.net\/#\/schema\/logo\/image\/"},"sameAs":["https:\/\/x.com\/narteks","https:\/\/instagram.com\/narteksnet"]},{"@type":"Person","@id":"https:\/\/narteks.net\/#\/schema\/person\/61f37d9834294b72d31d274e7ed79bca","name":"Tar\u0131k","image":{"@type":"ImageObject","inLanguage":"tr","@id":"https:\/\/narteks.net\/#\/schema\/person\/image\/","url":"https:\/\/secure.gravatar.com\/avatar\/50865afb55632c4ae467e0af0930f6510aa2297d8014be502a55b14f3b7550cf?s=96&d=mm&r=g","contentUrl":"https:\/\/secure.gravatar.com\/avatar\/50865afb55632c4ae467e0af0930f6510aa2297d8014be502a55b14f3b7550cf?s=96&d=mm&r=g","caption":"Tar\u0131k"},"sameAs":["http:\/\/narteks.net"],"url":"https:\/\/narteks.net\/index.php\/author\/narbak\/"}]}},"_links":{"self":[{"href":"https:\/\/narteks.net\/index.php\/wp-json\/wp\/v2\/posts\/735","targetHints":{"allow":["GET"]}}],"collection":[{"href":"https:\/\/narteks.net\/index.php\/wp-json\/wp\/v2\/posts"}],"about":[{"href":"https:\/\/narteks.net\/index.php\/wp-json\/wp\/v2\/types\/post"}],"author":[{"embeddable":true,"href":"https:\/\/narteks.net\/index.php\/wp-json\/wp\/v2\/users\/1"}],"replies":[{"embeddable":true,"href":"https:\/\/narteks.net\/index.php\/wp-json\/wp\/v2\/comments?post=735"}],"version-history":[{"count":0,"href":"https:\/\/narteks.net\/index.php\/wp-json\/wp\/v2\/posts\/735\/revisions"}],"wp:attachment":[{"href":"https:\/\/narteks.net\/index.php\/wp-json\/wp\/v2\/media?parent=735"}],"wp:term":[{"taxonomy":"category","embeddable":true,"href":"https:\/\/narteks.net\/index.php\/wp-json\/wp\/v2\/categories?post=735"},{"taxonomy":"post_tag","embeddable":true,"href":"https:\/\/narteks.net\/index.php\/wp-json\/wp\/v2\/tags?post=735"}],"curies":[{"name":"wp","href":"https:\/\/api.w.org\/{rel}","templated":true}]}}