{"id":742,"date":"2009-05-12T14:16:58","date_gmt":"2009-05-12T11:16:58","guid":{"rendered":"http:\/\/localhost\/wordpress\/2009\/05\/12\/kendini-tani\/"},"modified":"2009-05-12T14:16:58","modified_gmt":"2009-05-12T11:16:58","slug":"kendini-tani","status":"publish","type":"post","link":"https:\/\/narteks.net\/index.php\/2009\/05\/12\/kendini-tani\/","title":{"rendered":"KEND\u0130N\u0130 TANI"},"content":{"rendered":"<div style=\"text-align: justify;\">&#8220;Kendini tan\u0131&#8221; dedi, bilgelik kokan ve diyaframdan al\u0131nan tok sesiyle.<br \/>Konu\u015fman\u0131n gerisini bekledim, sustu.Sonra &#8220;kendini tan\u0131&#8221; dedi ayn\u0131 b\u00fcy\u00fcl\u00fc, etkileyici olmaya \u00e7al\u0131\u015fan ses.<\/p>\n<p>&#8220;iyi de, neden?&#8221; dedim. &#8220;Kendini tan\u0131ma \u00e7abas\u0131n\u0131n amac\u0131 ne?&#8221;<\/p>\n<p>Soruma \u015fa\u015f\u0131rm\u0131\u015f gibi,b\u00f6n b\u00f6n bakt\u0131. &#8221; eee.. senden ba\u015fka hi\u00e7 bir\u015fey yok, dolay\u0131s\u0131yla kendini tan\u0131yamazsan, bombo\u015f ya\u015fay\u0131p gideceksin&#8221;<\/p>\n<p>D\u00fcnyan\u0131n kendisi ger\u00e7ek de\u011fil miydi yani. Kendini tan\u0131ma, d\u00fcnyay\u0131 tan\u0131ma amac\u0131 i\u00e7in bir ara\u00e7tan ba\u015fka bir \u015fey olamazd\u0131 bence. \u0130nsan\u0131 kendi i\u00e7ine g\u00f6men; g\u00f6zlerini kendi i\u00e7ine \u00e7evirip o karanl\u0131\u011f\u0131 her\u015fey olarak g\u00f6steren bu \u00e7arp\u0131k anlay\u0131\u015f sinir bozucuydu. <\/p>\n<p>&#8220;Hi\u00e7 bir\u015fey yok mu ger\u00e7ekten. O halde Allah a\u015fk\u0131na sen kimsin ve neden kendi d\u0131\u015f\u0131ndaki bir yoklu\u011fa laf atlaymaya \u00e7al\u0131\u015f\u0131yorsun.&#8221;<\/p>\n<p>Bu s\u00f6z\u00fcme sinirlenmi\u015fe benziyordu. Hemen saatine bakt\u0131. &#8220;Kusura bakma bir yere yeti\u015fmem gerek, gitmeliyim, ho\u015f\u00e7akal&#8221; deyip gitti. <\/p>\n<p>San\u0131r\u0131m hi\u00e7 kimse ona soru sormam\u0131\u015ft\u0131 bu g\u00fcne kadar. Reddetti\u011fi ve yokluk olarak var k\u0131ld\u0131\u011f\u0131 \u015feyden ses \u00e7\u0131kmas\u0131 onu \u00f6fkelendirmi\u015fti.Ben ise bir yandan \u00f6lesiye g\u00fclmek isterken, di\u011fer yandan insanlar\u0131n bu ipe sapa gelmez fikirlerine inanacak kadar aptalla\u015fmalar\u0131na \u00f6lesiye \u00fcz\u00fcl\u00fcyordum.<\/p><\/div>\n","protected":false},"excerpt":{"rendered":"<p>&#8220;Kendini tan\u0131&#8221; dedi, bilgelik kokan ve diyaframdan al\u0131nan tok sesiyle.Konu\u015fman\u0131n gerisini bekledim, sustu.Sonra &#8220;kendini tan\u0131&#8221; dedi ayn\u0131 b\u00fcy\u00fcl\u00fc, etkileyici olmaya \u00e7al\u0131\u015fan ses. &#8220;iyi de, neden?&#8221; dedim. &#8220;Kendini tan\u0131ma \u00e7abas\u0131n\u0131n amac\u0131 ne?&#8221; Soruma \u015fa\u015f\u0131rm\u0131\u015f gibi,b\u00f6n b\u00f6n bakt\u0131. &#8221; eee.. senden ba\u015fka hi\u00e7 bir\u015fey yok, dolay\u0131s\u0131yla kendini tan\u0131yamazsan, bombo\u015f ya\u015fay\u0131p gideceksin&#8221; D\u00fcnyan\u0131n kendisi ger\u00e7ek de\u011fil miydi yani. [&hellip;]<\/p>\n","protected":false},"author":1,"featured_media":0,"comment_status":"open","ping_status":"open","sticky":false,"template":"","format":"standard","meta":{"footnotes":""},"categories":[140],"tags":[],"class_list":{"0":"post-742","1":"post","2":"type-post","3":"status-publish","4":"format-standard","6":"category-erkan-kucuk-makale"},"yoast_head":"<!-- This site is optimized with the Yoast SEO Premium plugin v24.9 (Yoast SEO v24.9) - https:\/\/yoast.com\/wordpress\/plugins\/seo\/ -->\n<title>KEND\u0130N\u0130 TANI - narteks.net<\/title>\n<meta name=\"robots\" content=\"index, follow, max-snippet:-1, max-image-preview:large, max-video-preview:-1\" \/>\n<link rel=\"canonical\" href=\"https:\/\/narteks.net\/index.php\/2009\/05\/12\/kendini-tani\/\" \/>\n<meta property=\"og:locale\" content=\"tr_TR\" \/>\n<meta property=\"og:type\" content=\"article\" \/>\n<meta property=\"og:title\" content=\"KEND\u0130N\u0130 TANI\" \/>\n<meta property=\"og:description\" content=\"&#8220;Kendini tan\u0131&#8221; dedi, bilgelik kokan ve diyaframdan al\u0131nan tok sesiyle.Konu\u015fman\u0131n gerisini bekledim, sustu.Sonra &#8220;kendini tan\u0131&#8221; dedi ayn\u0131 b\u00fcy\u00fcl\u00fc, etkileyici olmaya \u00e7al\u0131\u015fan ses. &#8220;iyi de, neden?&#8221; dedim. &#8220;Kendini tan\u0131ma \u00e7abas\u0131n\u0131n amac\u0131 ne?&#8221; Soruma \u015fa\u015f\u0131rm\u0131\u015f gibi,b\u00f6n b\u00f6n bakt\u0131. &#8221; eee.. senden ba\u015fka hi\u00e7 bir\u015fey yok, dolay\u0131s\u0131yla kendini tan\u0131yamazsan, bombo\u015f ya\u015fay\u0131p gideceksin&#8221; D\u00fcnyan\u0131n kendisi ger\u00e7ek de\u011fil miydi yani. [&hellip;]\" \/>\n<meta property=\"og:url\" content=\"https:\/\/narteks.net\/index.php\/2009\/05\/12\/kendini-tani\/\" \/>\n<meta property=\"og:site_name\" content=\"narteks.net\" \/>\n<meta property=\"article:published_time\" content=\"2009-05-12T11:16:58+00:00\" \/>\n<meta property=\"og:image\" content=\"https:\/\/narteks.net\/wp-content\/uploads\/narteks.png\" \/>\n\t<meta property=\"og:image:width\" content=\"300\" \/>\n\t<meta property=\"og:image:height\" content=\"90\" \/>\n\t<meta property=\"og:image:type\" content=\"image\/png\" \/>\n<meta name=\"author\" content=\"Tar\u0131k\" \/>\n<meta name=\"twitter:card\" content=\"summary_large_image\" \/>\n<meta name=\"twitter:creator\" content=\"@narteks\" \/>\n<meta name=\"twitter:site\" content=\"@narteks\" \/>\n<meta name=\"twitter:label1\" content=\"Yazan:\" \/>\n\t<meta name=\"twitter:data1\" content=\"Tar\u0131k\" \/>\n\t<meta name=\"twitter:label2\" content=\"Tahmini okuma s\u00fcresi\" \/>\n\t<meta name=\"twitter:data2\" content=\"1 dakika\" \/>\n<script type=\"application\/ld+json\" class=\"yoast-schema-graph\">{\"@context\":\"https:\/\/schema.org\",\"@graph\":[{\"@type\":\"Article\",\"@id\":\"https:\/\/narteks.net\/index.php\/2009\/05\/12\/kendini-tani\/#article\",\"isPartOf\":{\"@id\":\"https:\/\/narteks.net\/index.php\/2009\/05\/12\/kendini-tani\/\"},\"author\":{\"name\":\"Tar\u0131k\",\"@id\":\"https:\/\/narteks.net\/#\/schema\/person\/61f37d9834294b72d31d274e7ed79bca\"},\"headline\":\"KEND\u0130N\u0130 TANI\",\"datePublished\":\"2009-05-12T11:16:58+00:00\",\"mainEntityOfPage\":{\"@id\":\"https:\/\/narteks.net\/index.php\/2009\/05\/12\/kendini-tani\/\"},\"wordCount\":230,\"commentCount\":0,\"publisher\":{\"@id\":\"https:\/\/narteks.net\/#organization\"},\"articleSection\":[\"Erkan K\u00fc\u00e7\u00fck (Makale)\"],\"inLanguage\":\"tr\",\"potentialAction\":[{\"@type\":\"CommentAction\",\"name\":\"Comment\",\"target\":[\"https:\/\/narteks.net\/index.php\/2009\/05\/12\/kendini-tani\/#respond\"]}]},{\"@type\":\"WebPage\",\"@id\":\"https:\/\/narteks.net\/index.php\/2009\/05\/12\/kendini-tani\/\",\"url\":\"https:\/\/narteks.net\/index.php\/2009\/05\/12\/kendini-tani\/\",\"name\":\"KEND\u0130N\u0130 TANI - narteks.net\",\"isPartOf\":{\"@id\":\"https:\/\/narteks.net\/#website\"},\"datePublished\":\"2009-05-12T11:16:58+00:00\",\"breadcrumb\":{\"@id\":\"https:\/\/narteks.net\/index.php\/2009\/05\/12\/kendini-tani\/#breadcrumb\"},\"inLanguage\":\"tr\",\"potentialAction\":[{\"@type\":\"ReadAction\",\"target\":[\"https:\/\/narteks.net\/index.php\/2009\/05\/12\/kendini-tani\/\"]}]},{\"@type\":\"BreadcrumbList\",\"@id\":\"https:\/\/narteks.net\/index.php\/2009\/05\/12\/kendini-tani\/#breadcrumb\",\"itemListElement\":[{\"@type\":\"ListItem\",\"position\":1,\"name\":\"Anasayfa\",\"item\":\"https:\/\/narteks.net\/\"},{\"@type\":\"ListItem\",\"position\":2,\"name\":\"KEND\u0130N\u0130 TANI\"}]},{\"@type\":\"WebSite\",\"@id\":\"https:\/\/narteks.net\/#website\",\"url\":\"https:\/\/narteks.net\/\",\"name\":\"narteks.net\",\"description\":\"K\u00fclt\u00fcr Sanat Edebiyat Felsefe\",\"publisher\":{\"@id\":\"https:\/\/narteks.net\/#organization\"},\"alternateName\":\"K\u00fclt\u00fcr Sanat Edebiyat Felsefe\",\"potentialAction\":[{\"@type\":\"SearchAction\",\"target\":{\"@type\":\"EntryPoint\",\"urlTemplate\":\"https:\/\/narteks.net\/?s={search_term_string}\"},\"query-input\":{\"@type\":\"PropertyValueSpecification\",\"valueRequired\":true,\"valueName\":\"search_term_string\"}}],\"inLanguage\":\"tr\"},{\"@type\":\"Organization\",\"@id\":\"https:\/\/narteks.net\/#organization\",\"name\":\"narteks.net\",\"url\":\"https:\/\/narteks.net\/\",\"logo\":{\"@type\":\"ImageObject\",\"inLanguage\":\"tr\",\"@id\":\"https:\/\/narteks.net\/#\/schema\/logo\/image\/\",\"url\":\"https:\/\/narteks.net\/wp-content\/uploads\/narteks.png\",\"contentUrl\":\"https:\/\/narteks.net\/wp-content\/uploads\/narteks.png\",\"width\":300,\"height\":90,\"caption\":\"narteks.net\"},\"image\":{\"@id\":\"https:\/\/narteks.net\/#\/schema\/logo\/image\/\"},\"sameAs\":[\"https:\/\/x.com\/narteks\",\"https:\/\/instagram.com\/narteksnet\"]},{\"@type\":\"Person\",\"@id\":\"https:\/\/narteks.net\/#\/schema\/person\/61f37d9834294b72d31d274e7ed79bca\",\"name\":\"Tar\u0131k\",\"image\":{\"@type\":\"ImageObject\",\"inLanguage\":\"tr\",\"@id\":\"https:\/\/narteks.net\/#\/schema\/person\/image\/\",\"url\":\"https:\/\/secure.gravatar.com\/avatar\/50865afb55632c4ae467e0af0930f6510aa2297d8014be502a55b14f3b7550cf?s=96&d=mm&r=g\",\"contentUrl\":\"https:\/\/secure.gravatar.com\/avatar\/50865afb55632c4ae467e0af0930f6510aa2297d8014be502a55b14f3b7550cf?s=96&d=mm&r=g\",\"caption\":\"Tar\u0131k\"},\"sameAs\":[\"http:\/\/narteks.net\"],\"url\":\"https:\/\/narteks.net\/index.php\/author\/narbak\/\"}]}<\/script>\n<!-- \/ Yoast SEO Premium plugin. -->","yoast_head_json":{"title":"KEND\u0130N\u0130 TANI - narteks.net","robots":{"index":"index","follow":"follow","max-snippet":"max-snippet:-1","max-image-preview":"max-image-preview:large","max-video-preview":"max-video-preview:-1"},"canonical":"https:\/\/narteks.net\/index.php\/2009\/05\/12\/kendini-tani\/","og_locale":"tr_TR","og_type":"article","og_title":"KEND\u0130N\u0130 TANI","og_description":"&#8220;Kendini tan\u0131&#8221; dedi, bilgelik kokan ve diyaframdan al\u0131nan tok sesiyle.Konu\u015fman\u0131n gerisini bekledim, sustu.Sonra &#8220;kendini tan\u0131&#8221; dedi ayn\u0131 b\u00fcy\u00fcl\u00fc, etkileyici olmaya \u00e7al\u0131\u015fan ses. &#8220;iyi de, neden?&#8221; dedim. &#8220;Kendini tan\u0131ma \u00e7abas\u0131n\u0131n amac\u0131 ne?&#8221; Soruma \u015fa\u015f\u0131rm\u0131\u015f gibi,b\u00f6n b\u00f6n bakt\u0131. &#8221; eee.. senden ba\u015fka hi\u00e7 bir\u015fey yok, dolay\u0131s\u0131yla kendini tan\u0131yamazsan, bombo\u015f ya\u015fay\u0131p gideceksin&#8221; D\u00fcnyan\u0131n kendisi ger\u00e7ek de\u011fil miydi yani. [&hellip;]","og_url":"https:\/\/narteks.net\/index.php\/2009\/05\/12\/kendini-tani\/","og_site_name":"narteks.net","article_published_time":"2009-05-12T11:16:58+00:00","og_image":[{"width":300,"height":90,"url":"https:\/\/narteks.net\/wp-content\/uploads\/narteks.png","type":"image\/png"}],"author":"Tar\u0131k","twitter_card":"summary_large_image","twitter_creator":"@narteks","twitter_site":"@narteks","twitter_misc":{"Yazan:":"Tar\u0131k","Tahmini okuma s\u00fcresi":"1 dakika"},"schema":{"@context":"https:\/\/schema.org","@graph":[{"@type":"Article","@id":"https:\/\/narteks.net\/index.php\/2009\/05\/12\/kendini-tani\/#article","isPartOf":{"@id":"https:\/\/narteks.net\/index.php\/2009\/05\/12\/kendini-tani\/"},"author":{"name":"Tar\u0131k","@id":"https:\/\/narteks.net\/#\/schema\/person\/61f37d9834294b72d31d274e7ed79bca"},"headline":"KEND\u0130N\u0130 TANI","datePublished":"2009-05-12T11:16:58+00:00","mainEntityOfPage":{"@id":"https:\/\/narteks.net\/index.php\/2009\/05\/12\/kendini-tani\/"},"wordCount":230,"commentCount":0,"publisher":{"@id":"https:\/\/narteks.net\/#organization"},"articleSection":["Erkan K\u00fc\u00e7\u00fck (Makale)"],"inLanguage":"tr","potentialAction":[{"@type":"CommentAction","name":"Comment","target":["https:\/\/narteks.net\/index.php\/2009\/05\/12\/kendini-tani\/#respond"]}]},{"@type":"WebPage","@id":"https:\/\/narteks.net\/index.php\/2009\/05\/12\/kendini-tani\/","url":"https:\/\/narteks.net\/index.php\/2009\/05\/12\/kendini-tani\/","name":"KEND\u0130N\u0130 TANI - narteks.net","isPartOf":{"@id":"https:\/\/narteks.net\/#website"},"datePublished":"2009-05-12T11:16:58+00:00","breadcrumb":{"@id":"https:\/\/narteks.net\/index.php\/2009\/05\/12\/kendini-tani\/#breadcrumb"},"inLanguage":"tr","potentialAction":[{"@type":"ReadAction","target":["https:\/\/narteks.net\/index.php\/2009\/05\/12\/kendini-tani\/"]}]},{"@type":"BreadcrumbList","@id":"https:\/\/narteks.net\/index.php\/2009\/05\/12\/kendini-tani\/#breadcrumb","itemListElement":[{"@type":"ListItem","position":1,"name":"Anasayfa","item":"https:\/\/narteks.net\/"},{"@type":"ListItem","position":2,"name":"KEND\u0130N\u0130 TANI"}]},{"@type":"WebSite","@id":"https:\/\/narteks.net\/#website","url":"https:\/\/narteks.net\/","name":"narteks.net","description":"K\u00fclt\u00fcr Sanat Edebiyat Felsefe","publisher":{"@id":"https:\/\/narteks.net\/#organization"},"alternateName":"K\u00fclt\u00fcr Sanat Edebiyat Felsefe","potentialAction":[{"@type":"SearchAction","target":{"@type":"EntryPoint","urlTemplate":"https:\/\/narteks.net\/?s={search_term_string}"},"query-input":{"@type":"PropertyValueSpecification","valueRequired":true,"valueName":"search_term_string"}}],"inLanguage":"tr"},{"@type":"Organization","@id":"https:\/\/narteks.net\/#organization","name":"narteks.net","url":"https:\/\/narteks.net\/","logo":{"@type":"ImageObject","inLanguage":"tr","@id":"https:\/\/narteks.net\/#\/schema\/logo\/image\/","url":"https:\/\/narteks.net\/wp-content\/uploads\/narteks.png","contentUrl":"https:\/\/narteks.net\/wp-content\/uploads\/narteks.png","width":300,"height":90,"caption":"narteks.net"},"image":{"@id":"https:\/\/narteks.net\/#\/schema\/logo\/image\/"},"sameAs":["https:\/\/x.com\/narteks","https:\/\/instagram.com\/narteksnet"]},{"@type":"Person","@id":"https:\/\/narteks.net\/#\/schema\/person\/61f37d9834294b72d31d274e7ed79bca","name":"Tar\u0131k","image":{"@type":"ImageObject","inLanguage":"tr","@id":"https:\/\/narteks.net\/#\/schema\/person\/image\/","url":"https:\/\/secure.gravatar.com\/avatar\/50865afb55632c4ae467e0af0930f6510aa2297d8014be502a55b14f3b7550cf?s=96&d=mm&r=g","contentUrl":"https:\/\/secure.gravatar.com\/avatar\/50865afb55632c4ae467e0af0930f6510aa2297d8014be502a55b14f3b7550cf?s=96&d=mm&r=g","caption":"Tar\u0131k"},"sameAs":["http:\/\/narteks.net"],"url":"https:\/\/narteks.net\/index.php\/author\/narbak\/"}]}},"_links":{"self":[{"href":"https:\/\/narteks.net\/index.php\/wp-json\/wp\/v2\/posts\/742","targetHints":{"allow":["GET"]}}],"collection":[{"href":"https:\/\/narteks.net\/index.php\/wp-json\/wp\/v2\/posts"}],"about":[{"href":"https:\/\/narteks.net\/index.php\/wp-json\/wp\/v2\/types\/post"}],"author":[{"embeddable":true,"href":"https:\/\/narteks.net\/index.php\/wp-json\/wp\/v2\/users\/1"}],"replies":[{"embeddable":true,"href":"https:\/\/narteks.net\/index.php\/wp-json\/wp\/v2\/comments?post=742"}],"version-history":[{"count":0,"href":"https:\/\/narteks.net\/index.php\/wp-json\/wp\/v2\/posts\/742\/revisions"}],"wp:attachment":[{"href":"https:\/\/narteks.net\/index.php\/wp-json\/wp\/v2\/media?parent=742"}],"wp:term":[{"taxonomy":"category","embeddable":true,"href":"https:\/\/narteks.net\/index.php\/wp-json\/wp\/v2\/categories?post=742"},{"taxonomy":"post_tag","embeddable":true,"href":"https:\/\/narteks.net\/index.php\/wp-json\/wp\/v2\/tags?post=742"}],"curies":[{"name":"wp","href":"https:\/\/api.w.org\/{rel}","templated":true}]}}