{"id":744,"date":"2009-06-26T16:43:18","date_gmt":"2009-06-26T13:43:18","guid":{"rendered":"http:\/\/localhost\/wordpress\/2009\/06\/26\/beklenti\/"},"modified":"2009-06-26T16:43:18","modified_gmt":"2009-06-26T13:43:18","slug":"beklenti","status":"publish","type":"post","link":"https:\/\/narteks.net\/index.php\/2009\/06\/26\/beklenti\/","title":{"rendered":"BEKLENT\u0130"},"content":{"rendered":"<p>&#8220;t\u00fcm beklentileri o \u015fehirde b\u0131rak\u0131p \u00f6y gel&#8221;<br \/>Kafamda tam olarak toparlayamad\u0131m. Sanki dili unutmu\u015ftum ve s\u00f6zc\u00fckler seslerden ibaret anlams\u0131z m\u0131r\u0131lt\u0131lard\u0131. Beklenti de nedir? diye sorup duruyordum. Fakat ne soru nede cevap anla\u015f\u0131l\u0131r de\u011fildi benim i\u00e7in. Tek bir \u015fey vard\u0131, o da yak\u0131nda bu yolculu\u011fa \u00e7\u0131kacak olmamd\u0131. Peki nereye gidecektim? Bana beklentilerden, \u015fehrimden ayr\u0131l\u0131r gibi uzakla\u015fmam\u0131 s\u00f6yleyen o insan kimdi?<br \/>&#8220;Sa\u00e7mal\u0131k denen \u015fey bu olsa gerek.&#8221; Kendi sesimi bir h\u0131r\u0131lt\u0131 gibi duyunca sa\u00e7mal\u0131k \u00e7ok daha koyu bir renge b\u00fcr\u00fcn\u00fcyor.E\u015fyalar\u0131m\u0131 \u00e7antama koyarken her\u015feyin ola\u011fan olmas\u0131na kar\u015f\u0131n, ak\u0131l almaz derecede sa\u00e7ma olmas\u0131 \u015fa\u015f\u0131rt\u0131c\u0131 geliyordu.&#8221;<\/p>\n<p>&#8220;D\u00fcn b\u00f6yle de\u011fildi, hem kendimi hem onu tan\u0131yordum, her \u015fey anlaml\u0131yd\u0131.&#8221;<\/p>\n<p>Ne de\u011fi\u015fti? Sonsuz zaman\u0131n i\u00e7inde ge\u00e7en bir g\u00fcn de\u011fildi bunu yaratan. Hayat\u0131m\u0131 ba\u015fka bir yola sokup, ba\u015fka bir insan olmam\u0131 sa\u011flayacak olan bu yolculuk hen\u00fcz ger\u00e7ekle\u015fmemi\u015fken t\u00fcm zihmimde, benli\u011fimde ortaya \u00e7\u0131kan bu g\u00f6\u00e7\u00fck nedendi?<\/p>\n<p>&#8220;Yoksa deliriyor muyum?&#8221; hi\u00e7 kendi s\u00f6zc\u00fcklerimden bu denli \u00fcrkt\u00fc\u011f\u00fcm\u00fc hat\u0131rlam\u0131yorum. B\u00f6yle d\u00f6rt duvar aras\u0131nda, herkesten uzak akl\u0131m\u0131 yitirmek korkun\u00e7 bir \u015fey olsa gerekti. Bu korku beni rahatlatm\u0131\u015ft\u0131, en az\u0131ndan halen akl\u0131m\u0131n sallant\u0131da olsa da yerinde durdu\u011funu biliyordum.<\/p>\n<p>&#8220;Hemen onu aray\u0131p gelemeyece\u011fimi s\u00f6yleyece\u011fim.Daha yola \u00e7\u0131kmam\u0131\u015fken b\u00f6yleysem kim bilir orada nas\u0131l bir cinnete tutulurum.&#8221;<br \/>&#8230;..<\/p>\n<p>&#8220;Peki, gelmek istemiyorsan sen bilirsin&#8221;<br \/>&#8220;istekle bir ilsigi yok bunun, sadece kendimi hi\u00e7 iyi hissetmiyorum o kadar, belki ileri ki g\u00fcnlerde gelirim yan\u0131na&#8221;<br \/>&#8220;Gelme&#8221;<br \/>&#8220;Neden istemiyorsun art\u0131k, k\u0131zd\u0131n dimi bana?&#8221;<br \/>&#8220;Hay\u0131r k\u0131zmad\u0131m, yaln\u0131zca o ki\u015finin sen olmad\u0131\u011f\u0131n\u0131 anlad\u0131m o kadar&#8221;<br \/>&#8220;O\u00a0 ki\u015fi mi, ne demek o?&#8221;<br \/>&#8220;Benim hayat\u0131m boyunca canl\u0131 tuttu\u011fum bir hayal ki\u015fisi, bir an seni ona benzetmi\u015ftim, yan\u0131ma geldi\u011fin de bunun do\u011frulu\u011funu tam olarak anlayacakt\u0131m ama o ki\u015fi vazge\u00e7en biri de\u011fildi, \u00f6l\u00fcm olsa sonunda s\u00f6z\u00fc neyse yerine getirirdi.&#8221;<br \/>&#8220;Ben ise tutamad\u0131m s\u00f6z\u00fcm\u00fc dimi?<br \/>&#8220;Evet tutamad\u0131n&#8221;<br \/>&#8220;Yani \u015fimdi her\u015fey bitmi\u015f mi oldu senin i\u00e7in?&#8221;<br \/>&#8220;Hay\u0131r, ben aramaya, beklemeye devam edece\u011fim&#8221;<br \/>&#8220;Onu sormad\u0131m, demek istedi\u011fim benle art\u0131k g\u00f6r\u00fc\u015fmek en az\u0131ndan arkada\u015f kalmak iste\u011fin san\u0131r\u0131m yoktur.&#8221;<br \/>&#8220;Buna gerek yok ki, sen o de\u011filsin, devam etmenin hi\u00e7 bir anlam\u0131 yok, bu \u00e7ok mant\u0131ks\u0131z olur&#8221;<br \/>&#8220;Bence de \u00e7ok sa\u00e7ma.&#8221;<br \/>(&#8230;.)<br \/>&#8220;Peki o halde san\u0131r\u0131m her\u015feyin burada bitmesi gerek, sen \u00e7ok hakl\u0131s\u0131n. Kendine iyi bak. Umar\u0131m bulursun ben olmayan o ki\u015fiyi.&#8221;<br \/>&#8220;Sende iyi bak kendine.. &#8220;<\/p>\n<p>Neydi \u015fimdi bu? D\u00fcped\u00fcz manyakl\u0131k. Delilik ne, ak\u0131ll\u0131\u00a0 olan kim? Kim bekliyor, kim s\u00f6z\u00fcnde durmuyor?<br \/>Sa\u00e7mal\u0131k \u00fczerine d\u00fc\u015f\u00fcn\u00fcrken bu kadar sa\u00e7ma olaca\u011f\u0131n\u0131 tahmin edemezdim do\u011frusu. En iyisi uymak belki uyan\u0131nca her\u015fey eski haline d\u00f6ner.<\/p>\n","protected":false},"excerpt":{"rendered":"<p>&#8220;t\u00fcm beklentileri o \u015fehirde b\u0131rak\u0131p \u00f6y gel&#8221;Kafamda tam olarak toparlayamad\u0131m. Sanki dili unutmu\u015ftum ve s\u00f6zc\u00fckler seslerden ibaret anlams\u0131z m\u0131r\u0131lt\u0131lard\u0131. Beklenti de nedir? diye sorup duruyordum. Fakat ne soru nede cevap anla\u015f\u0131l\u0131r de\u011fildi benim i\u00e7in. Tek bir \u015fey vard\u0131, o da yak\u0131nda bu yolculu\u011fa \u00e7\u0131kacak olmamd\u0131. Peki nereye gidecektim? Bana beklentilerden, \u015fehrimden ayr\u0131l\u0131r gibi uzakla\u015fmam\u0131 s\u00f6yleyen [&hellip;]<\/p>\n","protected":false},"author":1,"featured_media":0,"comment_status":"open","ping_status":"open","sticky":false,"template":"","format":"standard","meta":{"footnotes":""},"categories":[140],"tags":[],"class_list":{"0":"post-744","1":"post","2":"type-post","3":"status-publish","4":"format-standard","6":"category-erkan-kucuk-makale"},"yoast_head":"<!-- This site is optimized with the Yoast SEO Premium plugin v24.9 (Yoast SEO v24.9) - https:\/\/yoast.com\/wordpress\/plugins\/seo\/ -->\n<title>BEKLENT\u0130 - narteks.net<\/title>\n<meta name=\"robots\" content=\"index, follow, max-snippet:-1, max-image-preview:large, max-video-preview:-1\" \/>\n<link rel=\"canonical\" href=\"https:\/\/narteks.net\/index.php\/2009\/06\/26\/beklenti\/\" \/>\n<meta property=\"og:locale\" content=\"tr_TR\" \/>\n<meta property=\"og:type\" content=\"article\" \/>\n<meta property=\"og:title\" content=\"BEKLENT\u0130\" \/>\n<meta property=\"og:description\" content=\"&#8220;t\u00fcm beklentileri o \u015fehirde b\u0131rak\u0131p \u00f6y gel&#8221;Kafamda tam olarak toparlayamad\u0131m. Sanki dili unutmu\u015ftum ve s\u00f6zc\u00fckler seslerden ibaret anlams\u0131z m\u0131r\u0131lt\u0131lard\u0131. Beklenti de nedir? diye sorup duruyordum. Fakat ne soru nede cevap anla\u015f\u0131l\u0131r de\u011fildi benim i\u00e7in. Tek bir \u015fey vard\u0131, o da yak\u0131nda bu yolculu\u011fa \u00e7\u0131kacak olmamd\u0131. Peki nereye gidecektim? Bana beklentilerden, \u015fehrimden ayr\u0131l\u0131r gibi uzakla\u015fmam\u0131 s\u00f6yleyen [&hellip;]\" \/>\n<meta property=\"og:url\" content=\"https:\/\/narteks.net\/index.php\/2009\/06\/26\/beklenti\/\" \/>\n<meta property=\"og:site_name\" content=\"narteks.net\" \/>\n<meta property=\"article:published_time\" content=\"2009-06-26T13:43:18+00:00\" \/>\n<meta property=\"og:image\" content=\"https:\/\/narteks.net\/wp-content\/uploads\/narteks.png\" \/>\n\t<meta property=\"og:image:width\" content=\"300\" \/>\n\t<meta property=\"og:image:height\" content=\"90\" \/>\n\t<meta property=\"og:image:type\" content=\"image\/png\" \/>\n<meta name=\"author\" content=\"Tar\u0131k\" \/>\n<meta name=\"twitter:card\" content=\"summary_large_image\" \/>\n<meta name=\"twitter:creator\" content=\"@narteks\" \/>\n<meta name=\"twitter:site\" content=\"@narteks\" \/>\n<meta name=\"twitter:label1\" content=\"Yazan:\" \/>\n\t<meta name=\"twitter:data1\" content=\"Tar\u0131k\" \/>\n\t<meta name=\"twitter:label2\" content=\"Tahmini okuma s\u00fcresi\" \/>\n\t<meta name=\"twitter:data2\" content=\"3 dakika\" \/>\n<script type=\"application\/ld+json\" class=\"yoast-schema-graph\">{\"@context\":\"https:\/\/schema.org\",\"@graph\":[{\"@type\":\"Article\",\"@id\":\"https:\/\/narteks.net\/index.php\/2009\/06\/26\/beklenti\/#article\",\"isPartOf\":{\"@id\":\"https:\/\/narteks.net\/index.php\/2009\/06\/26\/beklenti\/\"},\"author\":{\"name\":\"Tar\u0131k\",\"@id\":\"https:\/\/narteks.net\/#\/schema\/person\/61f37d9834294b72d31d274e7ed79bca\"},\"headline\":\"BEKLENT\u0130\",\"datePublished\":\"2009-06-26T13:43:18+00:00\",\"mainEntityOfPage\":{\"@id\":\"https:\/\/narteks.net\/index.php\/2009\/06\/26\/beklenti\/\"},\"wordCount\":541,\"commentCount\":0,\"publisher\":{\"@id\":\"https:\/\/narteks.net\/#organization\"},\"articleSection\":[\"Erkan K\u00fc\u00e7\u00fck (Makale)\"],\"inLanguage\":\"tr\",\"potentialAction\":[{\"@type\":\"CommentAction\",\"name\":\"Comment\",\"target\":[\"https:\/\/narteks.net\/index.php\/2009\/06\/26\/beklenti\/#respond\"]}]},{\"@type\":\"WebPage\",\"@id\":\"https:\/\/narteks.net\/index.php\/2009\/06\/26\/beklenti\/\",\"url\":\"https:\/\/narteks.net\/index.php\/2009\/06\/26\/beklenti\/\",\"name\":\"BEKLENT\u0130 - narteks.net\",\"isPartOf\":{\"@id\":\"https:\/\/narteks.net\/#website\"},\"datePublished\":\"2009-06-26T13:43:18+00:00\",\"breadcrumb\":{\"@id\":\"https:\/\/narteks.net\/index.php\/2009\/06\/26\/beklenti\/#breadcrumb\"},\"inLanguage\":\"tr\",\"potentialAction\":[{\"@type\":\"ReadAction\",\"target\":[\"https:\/\/narteks.net\/index.php\/2009\/06\/26\/beklenti\/\"]}]},{\"@type\":\"BreadcrumbList\",\"@id\":\"https:\/\/narteks.net\/index.php\/2009\/06\/26\/beklenti\/#breadcrumb\",\"itemListElement\":[{\"@type\":\"ListItem\",\"position\":1,\"name\":\"Anasayfa\",\"item\":\"https:\/\/narteks.net\/\"},{\"@type\":\"ListItem\",\"position\":2,\"name\":\"BEKLENT\u0130\"}]},{\"@type\":\"WebSite\",\"@id\":\"https:\/\/narteks.net\/#website\",\"url\":\"https:\/\/narteks.net\/\",\"name\":\"narteks.net\",\"description\":\"K\u00fclt\u00fcr Sanat Edebiyat Felsefe\",\"publisher\":{\"@id\":\"https:\/\/narteks.net\/#organization\"},\"alternateName\":\"K\u00fclt\u00fcr Sanat Edebiyat Felsefe\",\"potentialAction\":[{\"@type\":\"SearchAction\",\"target\":{\"@type\":\"EntryPoint\",\"urlTemplate\":\"https:\/\/narteks.net\/?s={search_term_string}\"},\"query-input\":{\"@type\":\"PropertyValueSpecification\",\"valueRequired\":true,\"valueName\":\"search_term_string\"}}],\"inLanguage\":\"tr\"},{\"@type\":\"Organization\",\"@id\":\"https:\/\/narteks.net\/#organization\",\"name\":\"narteks.net\",\"url\":\"https:\/\/narteks.net\/\",\"logo\":{\"@type\":\"ImageObject\",\"inLanguage\":\"tr\",\"@id\":\"https:\/\/narteks.net\/#\/schema\/logo\/image\/\",\"url\":\"https:\/\/narteks.net\/wp-content\/uploads\/narteks.png\",\"contentUrl\":\"https:\/\/narteks.net\/wp-content\/uploads\/narteks.png\",\"width\":300,\"height\":90,\"caption\":\"narteks.net\"},\"image\":{\"@id\":\"https:\/\/narteks.net\/#\/schema\/logo\/image\/\"},\"sameAs\":[\"https:\/\/x.com\/narteks\",\"https:\/\/instagram.com\/narteksnet\"]},{\"@type\":\"Person\",\"@id\":\"https:\/\/narteks.net\/#\/schema\/person\/61f37d9834294b72d31d274e7ed79bca\",\"name\":\"Tar\u0131k\",\"image\":{\"@type\":\"ImageObject\",\"inLanguage\":\"tr\",\"@id\":\"https:\/\/narteks.net\/#\/schema\/person\/image\/\",\"url\":\"https:\/\/secure.gravatar.com\/avatar\/50865afb55632c4ae467e0af0930f6510aa2297d8014be502a55b14f3b7550cf?s=96&d=mm&r=g\",\"contentUrl\":\"https:\/\/secure.gravatar.com\/avatar\/50865afb55632c4ae467e0af0930f6510aa2297d8014be502a55b14f3b7550cf?s=96&d=mm&r=g\",\"caption\":\"Tar\u0131k\"},\"sameAs\":[\"http:\/\/narteks.net\"],\"url\":\"https:\/\/narteks.net\/index.php\/author\/narbak\/\"}]}<\/script>\n<!-- \/ Yoast SEO Premium plugin. -->","yoast_head_json":{"title":"BEKLENT\u0130 - narteks.net","robots":{"index":"index","follow":"follow","max-snippet":"max-snippet:-1","max-image-preview":"max-image-preview:large","max-video-preview":"max-video-preview:-1"},"canonical":"https:\/\/narteks.net\/index.php\/2009\/06\/26\/beklenti\/","og_locale":"tr_TR","og_type":"article","og_title":"BEKLENT\u0130","og_description":"&#8220;t\u00fcm beklentileri o \u015fehirde b\u0131rak\u0131p \u00f6y gel&#8221;Kafamda tam olarak toparlayamad\u0131m. Sanki dili unutmu\u015ftum ve s\u00f6zc\u00fckler seslerden ibaret anlams\u0131z m\u0131r\u0131lt\u0131lard\u0131. Beklenti de nedir? diye sorup duruyordum. Fakat ne soru nede cevap anla\u015f\u0131l\u0131r de\u011fildi benim i\u00e7in. Tek bir \u015fey vard\u0131, o da yak\u0131nda bu yolculu\u011fa \u00e7\u0131kacak olmamd\u0131. Peki nereye gidecektim? Bana beklentilerden, \u015fehrimden ayr\u0131l\u0131r gibi uzakla\u015fmam\u0131 s\u00f6yleyen [&hellip;]","og_url":"https:\/\/narteks.net\/index.php\/2009\/06\/26\/beklenti\/","og_site_name":"narteks.net","article_published_time":"2009-06-26T13:43:18+00:00","og_image":[{"width":300,"height":90,"url":"https:\/\/narteks.net\/wp-content\/uploads\/narteks.png","type":"image\/png"}],"author":"Tar\u0131k","twitter_card":"summary_large_image","twitter_creator":"@narteks","twitter_site":"@narteks","twitter_misc":{"Yazan:":"Tar\u0131k","Tahmini okuma s\u00fcresi":"3 dakika"},"schema":{"@context":"https:\/\/schema.org","@graph":[{"@type":"Article","@id":"https:\/\/narteks.net\/index.php\/2009\/06\/26\/beklenti\/#article","isPartOf":{"@id":"https:\/\/narteks.net\/index.php\/2009\/06\/26\/beklenti\/"},"author":{"name":"Tar\u0131k","@id":"https:\/\/narteks.net\/#\/schema\/person\/61f37d9834294b72d31d274e7ed79bca"},"headline":"BEKLENT\u0130","datePublished":"2009-06-26T13:43:18+00:00","mainEntityOfPage":{"@id":"https:\/\/narteks.net\/index.php\/2009\/06\/26\/beklenti\/"},"wordCount":541,"commentCount":0,"publisher":{"@id":"https:\/\/narteks.net\/#organization"},"articleSection":["Erkan K\u00fc\u00e7\u00fck (Makale)"],"inLanguage":"tr","potentialAction":[{"@type":"CommentAction","name":"Comment","target":["https:\/\/narteks.net\/index.php\/2009\/06\/26\/beklenti\/#respond"]}]},{"@type":"WebPage","@id":"https:\/\/narteks.net\/index.php\/2009\/06\/26\/beklenti\/","url":"https:\/\/narteks.net\/index.php\/2009\/06\/26\/beklenti\/","name":"BEKLENT\u0130 - narteks.net","isPartOf":{"@id":"https:\/\/narteks.net\/#website"},"datePublished":"2009-06-26T13:43:18+00:00","breadcrumb":{"@id":"https:\/\/narteks.net\/index.php\/2009\/06\/26\/beklenti\/#breadcrumb"},"inLanguage":"tr","potentialAction":[{"@type":"ReadAction","target":["https:\/\/narteks.net\/index.php\/2009\/06\/26\/beklenti\/"]}]},{"@type":"BreadcrumbList","@id":"https:\/\/narteks.net\/index.php\/2009\/06\/26\/beklenti\/#breadcrumb","itemListElement":[{"@type":"ListItem","position":1,"name":"Anasayfa","item":"https:\/\/narteks.net\/"},{"@type":"ListItem","position":2,"name":"BEKLENT\u0130"}]},{"@type":"WebSite","@id":"https:\/\/narteks.net\/#website","url":"https:\/\/narteks.net\/","name":"narteks.net","description":"K\u00fclt\u00fcr Sanat Edebiyat Felsefe","publisher":{"@id":"https:\/\/narteks.net\/#organization"},"alternateName":"K\u00fclt\u00fcr Sanat Edebiyat Felsefe","potentialAction":[{"@type":"SearchAction","target":{"@type":"EntryPoint","urlTemplate":"https:\/\/narteks.net\/?s={search_term_string}"},"query-input":{"@type":"PropertyValueSpecification","valueRequired":true,"valueName":"search_term_string"}}],"inLanguage":"tr"},{"@type":"Organization","@id":"https:\/\/narteks.net\/#organization","name":"narteks.net","url":"https:\/\/narteks.net\/","logo":{"@type":"ImageObject","inLanguage":"tr","@id":"https:\/\/narteks.net\/#\/schema\/logo\/image\/","url":"https:\/\/narteks.net\/wp-content\/uploads\/narteks.png","contentUrl":"https:\/\/narteks.net\/wp-content\/uploads\/narteks.png","width":300,"height":90,"caption":"narteks.net"},"image":{"@id":"https:\/\/narteks.net\/#\/schema\/logo\/image\/"},"sameAs":["https:\/\/x.com\/narteks","https:\/\/instagram.com\/narteksnet"]},{"@type":"Person","@id":"https:\/\/narteks.net\/#\/schema\/person\/61f37d9834294b72d31d274e7ed79bca","name":"Tar\u0131k","image":{"@type":"ImageObject","inLanguage":"tr","@id":"https:\/\/narteks.net\/#\/schema\/person\/image\/","url":"https:\/\/secure.gravatar.com\/avatar\/50865afb55632c4ae467e0af0930f6510aa2297d8014be502a55b14f3b7550cf?s=96&d=mm&r=g","contentUrl":"https:\/\/secure.gravatar.com\/avatar\/50865afb55632c4ae467e0af0930f6510aa2297d8014be502a55b14f3b7550cf?s=96&d=mm&r=g","caption":"Tar\u0131k"},"sameAs":["http:\/\/narteks.net"],"url":"https:\/\/narteks.net\/index.php\/author\/narbak\/"}]}},"_links":{"self":[{"href":"https:\/\/narteks.net\/index.php\/wp-json\/wp\/v2\/posts\/744","targetHints":{"allow":["GET"]}}],"collection":[{"href":"https:\/\/narteks.net\/index.php\/wp-json\/wp\/v2\/posts"}],"about":[{"href":"https:\/\/narteks.net\/index.php\/wp-json\/wp\/v2\/types\/post"}],"author":[{"embeddable":true,"href":"https:\/\/narteks.net\/index.php\/wp-json\/wp\/v2\/users\/1"}],"replies":[{"embeddable":true,"href":"https:\/\/narteks.net\/index.php\/wp-json\/wp\/v2\/comments?post=744"}],"version-history":[{"count":0,"href":"https:\/\/narteks.net\/index.php\/wp-json\/wp\/v2\/posts\/744\/revisions"}],"wp:attachment":[{"href":"https:\/\/narteks.net\/index.php\/wp-json\/wp\/v2\/media?parent=744"}],"wp:term":[{"taxonomy":"category","embeddable":true,"href":"https:\/\/narteks.net\/index.php\/wp-json\/wp\/v2\/categories?post=744"},{"taxonomy":"post_tag","embeddable":true,"href":"https:\/\/narteks.net\/index.php\/wp-json\/wp\/v2\/tags?post=744"}],"curies":[{"name":"wp","href":"https:\/\/api.w.org\/{rel}","templated":true}]}}