{"id":745,"date":"2010-03-20T01:00:00","date_gmt":"2010-03-19T22:00:00","guid":{"rendered":"http:\/\/localhost\/wordpress\/2010\/03\/20\/karl-marksin-uc-sozu-maurice-blanchot\/"},"modified":"2010-03-20T01:00:00","modified_gmt":"2010-03-19T22:00:00","slug":"karl-marksin-uc-sozu-maurice-blanchot","status":"publish","type":"post","link":"https:\/\/narteks.net\/index.php\/2010\/03\/20\/karl-marksin-uc-sozu-maurice-blanchot\/","title":{"rendered":"Karl Marks\u2019\u0131n \u00dc\u00e7 S\u00f6z\u00fc | Maurice Blanchot"},"content":{"rendered":"<p style=\"text-align: justify;\"><strong><img loading=\"lazy\" decoding=\"async\" src=\"images\/stories\/maurice_blanchot.jpg\" border=\"0\" width=\"155\" height=\"205\" style=\"float: left;\" \/><\/strong>Marks\u2019ta, yine kendisinden, Marks\u2019tan kaynaklanan, bi\u00e7imlenen, g\u00fc\u00e7 kazanan \u00fc\u00e7 t\u00fcrl\u00fc s\u00f6z vard\u0131r; bunlar\u0131n \u00fc\u00e7\u00fc de gerekli ama yine de ayr\u0131d\u0131r. Birbirlerine kar\u015f\u0131 gelmez de sanki yan yanad\u0131rlar. Onlar\u0131 birarada tutan da\u011f\u0131n\u0131kl\u0131\u011fa bir\u00e7ok dilek kar\u015f\u0131l\u0131k gelir. \u00d6yle ki Marks\u2019tan sonra kim konu\u015fursa konu\u015fsun, kim yazarsa yazs\u0131n, kendini bu duruma boyun e\u011fmek zorunda hisseder. Bunu beceremezse de her \u015feyin d\u0131\u015f\u0131nda kald\u0131\u011f\u0131n\u0131, eksikli\u011fini duyar.<\/p>\n<p style=\"text-align: justify;\">1-Bu s\u00f6zlerden birincisi dolays\u0131zd\u0131r ama uzundur. Bu s\u00f6z arac\u0131l\u0131\u011f\u0131 ile Marks bir d\u00fc\u015f\u00fcnce yazar\u0131 olarak ortaya \u00e7\u0131kar. Bir anlamda gelenekten gelmekte, felsefe logos\u2019unu kullanmakta . Hegel\u2019den al\u0131ns\u0131n al\u0131nmas\u0131n (bunun \u00f6nemi yoktur) temel birtak\u0131m adlar\u0131 yard\u0131ma \u00e7a\u011f\u0131rmakta ve kendini d\u00fc\u015f\u00fcnce alan\u0131nda a\u00e7maktad\u0131r. Ama \u00f6te yandan uzun say\u0131l\u0131r bu yol \u00e7\u00fcnk\u00fc logosun tarihi onda yeniden yaz\u0131l\u0131r. Ama bir yandan da dolays\u0131zd\u0131r, \u00e7\u00fcnk\u00fc sadece s\u00f6yleyece\u011fi bir \u015feyinin olmas\u0131n\u0131n yan\u0131nda ayn\u0131 zamanda s\u00f6yledi\u011fi \u015fey yan\u0131tt\u0131r. Bir dizi yan\u0131t bi\u00e7iminde kaydedilir. Bi\u00e7imsel olarak kesindir. U\u00e7 yan\u0131tlar verir. Bunlar tarih taraf\u0131ndan g\u00fcndeme getirilir ama ancak tarihin durdu\u011fu ya da k\u0131r\u0131ld\u0131\u011f\u0131 anda hakikat de\u011ferini alabilirler. Yan\u0131tlar ortadad\u0131r \u2013yabanc\u0131la\u015fma, gereksinmenin \u00f6nceli\u011fi, tarihin maddi pratik s\u00fcreci, insan\u0131n b\u00fct\u00fcn olarak ele al\u0131nmas\u0131- ama yan\u0131tlad\u0131\u011f\u0131 sorular belirsiz kalm\u0131\u015f kesinliklerinden uzakla\u015fm\u0131\u015flard\u0131r: g\u00fcn\u00fcm\u00fcz\u00fcn ya da d\u00fcn\u00fcn okuyucusunun kendine g\u00f6re b\u00f6yle bir soru yoklu\u011funu yorumlamas\u0131na g\u00f6re \u2013b\u00f6ylece asl\u0131nda daha da bo\u015falt\u0131lmas\u0131 gereken bir bo\u015flu\u011fu dolduran- Marks\u2019\u0131n bu s\u00f6z\u00fc kimi zaman bir h\u00fcmanizma hatta bir tarih\u00e7ilik kimi zaman da dinsizlik, antih\u00fcmanizma hatta bir nihilizm olarak anla\u015f\u0131l\u0131r.<\/p>\n<p style=\"text-align: justify;\">2-\u0130kinci s\u00f6z politiktir: k\u0131sad\u0131r ve dolays\u0131zd\u0131r, k\u0131sadan da fazlas\u0131d\u0131r, dolays\u0131zdan da fazlad\u0131r, \u00e7\u00fcnk\u00fc s\u00f6z k\u0131sa devreye sokar. Bir anlam ta\u015f\u0131maz. Bir \u00e7a\u011fr\u0131 bir \u015fiddet bir k\u0131r\u0131lma karar\u0131d\u0131r. S\u00f6yledi\u011fi bir \u015fey yoktur asl\u0131nda, m\u00fcjdeledi\u011finin acelesiyle \u00f6zde\u015fle\u015fir, sab\u0131rs\u0131z ve hep a\u015f\u0131r\u0131 bir titizli\u011fe ba\u011flan\u0131r. De\u011fil mi ki a\u015f\u0131r\u0131l\u0131k onun tek \u00f6l\u00e7\u00fcs\u00fcd\u00fcr, kavgaya \u00e7a\u011f\u0131r\u0131r hatta -bunu \u00e7ok kolay unutuyoruz- \u201cdevrimci ter\u00f6r\u201d\u00fc \u00f6nko\u015ful olarak g\u00f6r\u00fcr, \u201cs\u00fcrekli devrim\u201di tavsiye der, devrimi hep i\u00e7eriden ger\u00e7ekle\u015fecek bir \u015fey olarak g\u00f6r\u00fcr, bir vade sonunda bir gereklilik olarak de\u011fil, \u00e7\u00fcnk\u00fc devrimin en \u00f6nemli \u00f6zelli\u011fi, e\u011fer zaman\u0131 a\u00e7\u0131yor ve boydan boya kat ediyorsa, vade filan sunmamas\u0131d\u0131r, hep \u015fimdide bir titizlik olarak kendini ya\u015fatmak ister.<\/p>\n<p>3-\u00dc\u00e7\u00fcnc\u00fc s\u00f6z dolayl\u0131d\u0131r, en uzunu budur, bilimin s\u00f6z\u00fcd\u00fcr. Bu a\u00e7\u0131dan Marks bilginin di\u011fer temsilcileri taraf\u0131ndan tan\u0131nan sayg\u0131 duyulan biridir. Bu durumda o bilim adam\u0131d\u0131r, bilim adam\u0131n\u0131n eti\u011fine uymay\u0131 kabullenir, ve her t\u00fcrl\u00fc ele\u015ftiriye a\u00e7\u0131kt\u0131r. Kendine ilke olarak \u201cde omnibus dubitandum, \u201cher \u015feyden ku\u015fkulan\u0131r\u0131m\u201d\u0131 alm\u0131\u015f olan Marks\u2019t\u0131r ve \u015f\u00f6yle buyur: \u201cBilimi bilim d\u0131\u015f\u0131, bilme yabanc\u0131 \u00e7\u0131karlara alet eden ki\u015fiye al\u00e7ak derim\u201d. Yine de Kapital (Sermaye) \u00f6z\u00fcnde devrimci bir yap\u0131tt\u0131r, bilimsel nesnellik yollar\u0131yla zorunlu bir devrime g\u00f6t\u00fcrd\u00fc\u011f\u00fcnden de\u011fil, tam da form\u00fcl\u00fcn\u00fc vermeden bilim d\u00fc\u015f\u00fcncesini bile sarsan bir teorik d\u00fc\u015f\u00fcnce tarz\u0131n\u0131 g\u00fcndeme getirdi\u011fi i\u00e7in b\u00f6yledir. Ne d\u00fc\u015f\u00fcnce ne bilim Marks\u2019\u0131n yap\u0131t\u0131ndan sonra ayn\u0131 olabilir, bu de\u011fi\u015fimi en u\u00e7 anlam\u0131yla d\u00fc\u015f\u00fcnmek gerekir. Bilim kendi kendini yani bilimi k\u00f6kten bir de\u011fi\u015fime u\u011fratma yeridir, pratikte g\u00fcndeme gelen bir d\u00f6n\u00fc\u015f\u00fcm\u00fcn teorisi oldu\u011fu gibi ayn\u0131 zamanda bu prati\u011fin i\u00e7erisine s\u00fcrekli bir teoriye bir d\u00f6n\u00fc\u015f\u00fcm\u00fc sa\u011flar.<\/p>\n<p>Bu d\u00fc\u015f\u00fcnceleri burada b\u0131rakarak daha fazla geli\u015ftirmeyelim. Marks \u00f6rne\u011fi \u015funu anlamam\u0131za yard\u0131m eder. Yaz\u0131ya dayal\u0131 s\u00f6z s\u00fcrekli kar\u015f\u0131 gelme s\u00f6z\u00fc oldu\u011fu i\u00e7in bir yandan kendini s\u00fcrekli geli\u015ftirir, \u00f6te yandan ise kendi kendisinden \u00e7o\u011ful bi\u00e7imlerde k\u0131r\u0131l\u0131r. Kom\u00fcnist s\u00f6z her zaman hem suskun hem \u015fiddetlidir, hem politik hem bilimseldir hem dolayl\u0131 hem dolays\u0131z hem b\u00fct\u00fcn hem par\u00e7alanm\u0131\u015f hem uzun s\u00fcreli hem de neredeyse anl\u0131kt\u0131r. Bu diller Marks\u2019ta birbirine \u00e7arp\u0131p birbirinden ayr\u0131l\u0131r ve kopar. Marks onlarda rahat edemez. Ayn\u0131 amaca do\u011fru y\u00f6nelseler de birbirlerine \u00e7evrilemez; onlar\u0131n zaman i\u00e7erisinde \u00e7a\u011fda\u015f olmalar\u0131n\u0131 \u00f6nler. \u00d6yle ki indirgenemez bir b\u00fck\u00fclme etkisi \u00fcreterek onu okumaya (prati\u011fini yapmaya) soyunanlar\u0131 sonu gelmez bir yeniden d\u00fczenlemeye iter.<\/p>\n<p>*<\/p>\n<p>\u201cBilim\u201d s\u00f6zc\u00fc\u011f\u00fc yeniden bir anahtar s\u00f6zc\u00fck haline gelmi\u015ftir. Tamam kabul edelim. Ama \u015funu da s\u00f6ylemeden ge\u00e7meyelim, evet bilimler vard\u0131r ama hen\u00fcz Bilim yoktur, \u00e7\u00fcnk\u00fc bilimin bilimselli\u011fi her zaman ideolojiye ba\u011fl\u0131 kal\u0131r, ideolojiyi bug\u00fcn hi\u00e7bir bilim isterse insan bilimi olsun indirgeyemez. \u00d6te yandan Marks\u2019\u00e7\u0131 da olsa hi\u00e7bir yazar yaz\u0131ya sadece bir bilgi olarak ba\u015fvuramaz \u00e7\u00fcnk\u00fc edebiyat (b\u00fct\u00fcn d\u00f6n\u00fc\u015f\u00fcm bozulma bi\u00e7imlerine giren g\u00fc\u00e7lerini benimseyen yazma titizli\u011fi) ancak ve ancak bilimselle\u015fti\u011fi anda bilimi de edebiyata d\u00f6n\u00fc\u015ft\u00fcren bir hareket i\u00e7erisinde yer al\u0131r. S\u00f6ylediklerinin kay\u0131t edildi\u011fi yer her zaman oldu\u011fu gibi bir \u201c\u00f6ylesine yazma oyununun\u201d i\u00e7ine d\u00fc\u015fer.<\/p>\n<p>\u00c7eviren: Nami Ba\u015fer<\/p>\n","protected":false},"excerpt":{"rendered":"<p>Marks\u2019ta, yine kendisinden, Marks\u2019tan kaynaklanan, bi\u00e7imlenen, g\u00fc\u00e7 kazanan \u00fc\u00e7 t\u00fcrl\u00fc s\u00f6z vard\u0131r; bunlar\u0131n \u00fc\u00e7\u00fc de gerekli ama yine de ayr\u0131d\u0131r. Birbirlerine kar\u015f\u0131 gelmez de sanki yan yanad\u0131rlar. Onlar\u0131 birarada tutan da\u011f\u0131n\u0131kl\u0131\u011fa bir\u00e7ok dilek kar\u015f\u0131l\u0131k gelir. \u00d6yle ki Marks\u2019tan sonra kim konu\u015fursa konu\u015fsun, kim yazarsa yazs\u0131n, kendini bu duruma boyun e\u011fmek zorunda hisseder. Bunu beceremezse de [&hellip;]<\/p>\n","protected":false},"author":1,"featured_media":0,"comment_status":"open","ping_status":"open","sticky":false,"template":"","format":"standard","meta":{"footnotes":""},"categories":[61],"tags":[],"class_list":{"0":"post-745","1":"post","2":"type-post","3":"status-publish","4":"format-standard","6":"category-maurice-blanchot"},"yoast_head":"<!-- This site is optimized with the Yoast SEO Premium plugin v24.9 (Yoast SEO v24.9) - https:\/\/yoast.com\/wordpress\/plugins\/seo\/ -->\n<title>Karl Marks\u2019\u0131n \u00dc\u00e7 S\u00f6z\u00fc | Maurice Blanchot - narteks.net<\/title>\n<meta name=\"robots\" content=\"index, follow, max-snippet:-1, max-image-preview:large, max-video-preview:-1\" \/>\n<link rel=\"canonical\" href=\"https:\/\/narteks.net\/index.php\/2010\/03\/20\/karl-marksin-uc-sozu-maurice-blanchot\/\" \/>\n<meta property=\"og:locale\" content=\"tr_TR\" \/>\n<meta property=\"og:type\" content=\"article\" \/>\n<meta property=\"og:title\" content=\"Karl Marks\u2019\u0131n \u00dc\u00e7 S\u00f6z\u00fc | Maurice Blanchot\" \/>\n<meta property=\"og:description\" content=\"Marks\u2019ta, yine kendisinden, Marks\u2019tan kaynaklanan, bi\u00e7imlenen, g\u00fc\u00e7 kazanan \u00fc\u00e7 t\u00fcrl\u00fc s\u00f6z vard\u0131r; bunlar\u0131n \u00fc\u00e7\u00fc de gerekli ama yine de ayr\u0131d\u0131r. Birbirlerine kar\u015f\u0131 gelmez de sanki yan yanad\u0131rlar. Onlar\u0131 birarada tutan da\u011f\u0131n\u0131kl\u0131\u011fa bir\u00e7ok dilek kar\u015f\u0131l\u0131k gelir. \u00d6yle ki Marks\u2019tan sonra kim konu\u015fursa konu\u015fsun, kim yazarsa yazs\u0131n, kendini bu duruma boyun e\u011fmek zorunda hisseder. Bunu beceremezse de [&hellip;]\" \/>\n<meta property=\"og:url\" content=\"https:\/\/narteks.net\/index.php\/2010\/03\/20\/karl-marksin-uc-sozu-maurice-blanchot\/\" \/>\n<meta property=\"og:site_name\" content=\"narteks.net\" \/>\n<meta property=\"article:published_time\" content=\"2010-03-19T22:00:00+00:00\" \/>\n<meta property=\"og:image\" content=\"https:\/\/narteks.net\/wp-content\/uploads\/narteks.png\" \/>\n\t<meta property=\"og:image:width\" content=\"300\" \/>\n\t<meta property=\"og:image:height\" content=\"90\" \/>\n\t<meta property=\"og:image:type\" content=\"image\/png\" \/>\n<meta name=\"author\" content=\"Tar\u0131k\" \/>\n<meta name=\"twitter:card\" content=\"summary_large_image\" \/>\n<meta name=\"twitter:creator\" content=\"@narteks\" \/>\n<meta name=\"twitter:site\" content=\"@narteks\" \/>\n<meta name=\"twitter:label1\" content=\"Yazan:\" \/>\n\t<meta name=\"twitter:data1\" content=\"Tar\u0131k\" \/>\n\t<meta name=\"twitter:label2\" content=\"Tahmini okuma s\u00fcresi\" \/>\n\t<meta name=\"twitter:data2\" content=\"5 dakika\" \/>\n<script type=\"application\/ld+json\" class=\"yoast-schema-graph\">{\"@context\":\"https:\/\/schema.org\",\"@graph\":[{\"@type\":\"Article\",\"@id\":\"https:\/\/narteks.net\/index.php\/2010\/03\/20\/karl-marksin-uc-sozu-maurice-blanchot\/#article\",\"isPartOf\":{\"@id\":\"https:\/\/narteks.net\/index.php\/2010\/03\/20\/karl-marksin-uc-sozu-maurice-blanchot\/\"},\"author\":{\"name\":\"Tar\u0131k\",\"@id\":\"https:\/\/narteks.net\/#\/schema\/person\/61f37d9834294b72d31d274e7ed79bca\"},\"headline\":\"Karl Marks\u2019\u0131n \u00dc\u00e7 S\u00f6z\u00fc | Maurice Blanchot\",\"datePublished\":\"2010-03-19T22:00:00+00:00\",\"mainEntityOfPage\":{\"@id\":\"https:\/\/narteks.net\/index.php\/2010\/03\/20\/karl-marksin-uc-sozu-maurice-blanchot\/\"},\"wordCount\":980,\"commentCount\":0,\"publisher\":{\"@id\":\"https:\/\/narteks.net\/#organization\"},\"articleSection\":[\"Maurice BLANCHOT\"],\"inLanguage\":\"tr\",\"potentialAction\":[{\"@type\":\"CommentAction\",\"name\":\"Comment\",\"target\":[\"https:\/\/narteks.net\/index.php\/2010\/03\/20\/karl-marksin-uc-sozu-maurice-blanchot\/#respond\"]}]},{\"@type\":\"WebPage\",\"@id\":\"https:\/\/narteks.net\/index.php\/2010\/03\/20\/karl-marksin-uc-sozu-maurice-blanchot\/\",\"url\":\"https:\/\/narteks.net\/index.php\/2010\/03\/20\/karl-marksin-uc-sozu-maurice-blanchot\/\",\"name\":\"Karl Marks\u2019\u0131n \u00dc\u00e7 S\u00f6z\u00fc | Maurice Blanchot - narteks.net\",\"isPartOf\":{\"@id\":\"https:\/\/narteks.net\/#website\"},\"datePublished\":\"2010-03-19T22:00:00+00:00\",\"breadcrumb\":{\"@id\":\"https:\/\/narteks.net\/index.php\/2010\/03\/20\/karl-marksin-uc-sozu-maurice-blanchot\/#breadcrumb\"},\"inLanguage\":\"tr\",\"potentialAction\":[{\"@type\":\"ReadAction\",\"target\":[\"https:\/\/narteks.net\/index.php\/2010\/03\/20\/karl-marksin-uc-sozu-maurice-blanchot\/\"]}]},{\"@type\":\"BreadcrumbList\",\"@id\":\"https:\/\/narteks.net\/index.php\/2010\/03\/20\/karl-marksin-uc-sozu-maurice-blanchot\/#breadcrumb\",\"itemListElement\":[{\"@type\":\"ListItem\",\"position\":1,\"name\":\"Anasayfa\",\"item\":\"https:\/\/narteks.net\/\"},{\"@type\":\"ListItem\",\"position\":2,\"name\":\"Karl Marks\u2019\u0131n \u00dc\u00e7 S\u00f6z\u00fc | Maurice Blanchot\"}]},{\"@type\":\"WebSite\",\"@id\":\"https:\/\/narteks.net\/#website\",\"url\":\"https:\/\/narteks.net\/\",\"name\":\"narteks.net\",\"description\":\"K\u00fclt\u00fcr Sanat Edebiyat Felsefe\",\"publisher\":{\"@id\":\"https:\/\/narteks.net\/#organization\"},\"alternateName\":\"K\u00fclt\u00fcr Sanat Edebiyat Felsefe\",\"potentialAction\":[{\"@type\":\"SearchAction\",\"target\":{\"@type\":\"EntryPoint\",\"urlTemplate\":\"https:\/\/narteks.net\/?s={search_term_string}\"},\"query-input\":{\"@type\":\"PropertyValueSpecification\",\"valueRequired\":true,\"valueName\":\"search_term_string\"}}],\"inLanguage\":\"tr\"},{\"@type\":\"Organization\",\"@id\":\"https:\/\/narteks.net\/#organization\",\"name\":\"narteks.net\",\"url\":\"https:\/\/narteks.net\/\",\"logo\":{\"@type\":\"ImageObject\",\"inLanguage\":\"tr\",\"@id\":\"https:\/\/narteks.net\/#\/schema\/logo\/image\/\",\"url\":\"https:\/\/narteks.net\/wp-content\/uploads\/narteks.png\",\"contentUrl\":\"https:\/\/narteks.net\/wp-content\/uploads\/narteks.png\",\"width\":300,\"height\":90,\"caption\":\"narteks.net\"},\"image\":{\"@id\":\"https:\/\/narteks.net\/#\/schema\/logo\/image\/\"},\"sameAs\":[\"https:\/\/x.com\/narteks\",\"https:\/\/instagram.com\/narteksnet\"]},{\"@type\":\"Person\",\"@id\":\"https:\/\/narteks.net\/#\/schema\/person\/61f37d9834294b72d31d274e7ed79bca\",\"name\":\"Tar\u0131k\",\"image\":{\"@type\":\"ImageObject\",\"inLanguage\":\"tr\",\"@id\":\"https:\/\/narteks.net\/#\/schema\/person\/image\/\",\"url\":\"https:\/\/secure.gravatar.com\/avatar\/50865afb55632c4ae467e0af0930f6510aa2297d8014be502a55b14f3b7550cf?s=96&d=mm&r=g\",\"contentUrl\":\"https:\/\/secure.gravatar.com\/avatar\/50865afb55632c4ae467e0af0930f6510aa2297d8014be502a55b14f3b7550cf?s=96&d=mm&r=g\",\"caption\":\"Tar\u0131k\"},\"sameAs\":[\"http:\/\/narteks.net\"],\"url\":\"https:\/\/narteks.net\/index.php\/author\/narbak\/\"}]}<\/script>\n<!-- \/ Yoast SEO Premium plugin. -->","yoast_head_json":{"title":"Karl Marks\u2019\u0131n \u00dc\u00e7 S\u00f6z\u00fc | Maurice Blanchot - narteks.net","robots":{"index":"index","follow":"follow","max-snippet":"max-snippet:-1","max-image-preview":"max-image-preview:large","max-video-preview":"max-video-preview:-1"},"canonical":"https:\/\/narteks.net\/index.php\/2010\/03\/20\/karl-marksin-uc-sozu-maurice-blanchot\/","og_locale":"tr_TR","og_type":"article","og_title":"Karl Marks\u2019\u0131n \u00dc\u00e7 S\u00f6z\u00fc | Maurice Blanchot","og_description":"Marks\u2019ta, yine kendisinden, Marks\u2019tan kaynaklanan, bi\u00e7imlenen, g\u00fc\u00e7 kazanan \u00fc\u00e7 t\u00fcrl\u00fc s\u00f6z vard\u0131r; bunlar\u0131n \u00fc\u00e7\u00fc de gerekli ama yine de ayr\u0131d\u0131r. Birbirlerine kar\u015f\u0131 gelmez de sanki yan yanad\u0131rlar. Onlar\u0131 birarada tutan da\u011f\u0131n\u0131kl\u0131\u011fa bir\u00e7ok dilek kar\u015f\u0131l\u0131k gelir. \u00d6yle ki Marks\u2019tan sonra kim konu\u015fursa konu\u015fsun, kim yazarsa yazs\u0131n, kendini bu duruma boyun e\u011fmek zorunda hisseder. Bunu beceremezse de [&hellip;]","og_url":"https:\/\/narteks.net\/index.php\/2010\/03\/20\/karl-marksin-uc-sozu-maurice-blanchot\/","og_site_name":"narteks.net","article_published_time":"2010-03-19T22:00:00+00:00","og_image":[{"width":300,"height":90,"url":"https:\/\/narteks.net\/wp-content\/uploads\/narteks.png","type":"image\/png"}],"author":"Tar\u0131k","twitter_card":"summary_large_image","twitter_creator":"@narteks","twitter_site":"@narteks","twitter_misc":{"Yazan:":"Tar\u0131k","Tahmini okuma s\u00fcresi":"5 dakika"},"schema":{"@context":"https:\/\/schema.org","@graph":[{"@type":"Article","@id":"https:\/\/narteks.net\/index.php\/2010\/03\/20\/karl-marksin-uc-sozu-maurice-blanchot\/#article","isPartOf":{"@id":"https:\/\/narteks.net\/index.php\/2010\/03\/20\/karl-marksin-uc-sozu-maurice-blanchot\/"},"author":{"name":"Tar\u0131k","@id":"https:\/\/narteks.net\/#\/schema\/person\/61f37d9834294b72d31d274e7ed79bca"},"headline":"Karl Marks\u2019\u0131n \u00dc\u00e7 S\u00f6z\u00fc | Maurice Blanchot","datePublished":"2010-03-19T22:00:00+00:00","mainEntityOfPage":{"@id":"https:\/\/narteks.net\/index.php\/2010\/03\/20\/karl-marksin-uc-sozu-maurice-blanchot\/"},"wordCount":980,"commentCount":0,"publisher":{"@id":"https:\/\/narteks.net\/#organization"},"articleSection":["Maurice BLANCHOT"],"inLanguage":"tr","potentialAction":[{"@type":"CommentAction","name":"Comment","target":["https:\/\/narteks.net\/index.php\/2010\/03\/20\/karl-marksin-uc-sozu-maurice-blanchot\/#respond"]}]},{"@type":"WebPage","@id":"https:\/\/narteks.net\/index.php\/2010\/03\/20\/karl-marksin-uc-sozu-maurice-blanchot\/","url":"https:\/\/narteks.net\/index.php\/2010\/03\/20\/karl-marksin-uc-sozu-maurice-blanchot\/","name":"Karl Marks\u2019\u0131n \u00dc\u00e7 S\u00f6z\u00fc | Maurice Blanchot - narteks.net","isPartOf":{"@id":"https:\/\/narteks.net\/#website"},"datePublished":"2010-03-19T22:00:00+00:00","breadcrumb":{"@id":"https:\/\/narteks.net\/index.php\/2010\/03\/20\/karl-marksin-uc-sozu-maurice-blanchot\/#breadcrumb"},"inLanguage":"tr","potentialAction":[{"@type":"ReadAction","target":["https:\/\/narteks.net\/index.php\/2010\/03\/20\/karl-marksin-uc-sozu-maurice-blanchot\/"]}]},{"@type":"BreadcrumbList","@id":"https:\/\/narteks.net\/index.php\/2010\/03\/20\/karl-marksin-uc-sozu-maurice-blanchot\/#breadcrumb","itemListElement":[{"@type":"ListItem","position":1,"name":"Anasayfa","item":"https:\/\/narteks.net\/"},{"@type":"ListItem","position":2,"name":"Karl Marks\u2019\u0131n \u00dc\u00e7 S\u00f6z\u00fc | Maurice Blanchot"}]},{"@type":"WebSite","@id":"https:\/\/narteks.net\/#website","url":"https:\/\/narteks.net\/","name":"narteks.net","description":"K\u00fclt\u00fcr Sanat Edebiyat Felsefe","publisher":{"@id":"https:\/\/narteks.net\/#organization"},"alternateName":"K\u00fclt\u00fcr Sanat Edebiyat Felsefe","potentialAction":[{"@type":"SearchAction","target":{"@type":"EntryPoint","urlTemplate":"https:\/\/narteks.net\/?s={search_term_string}"},"query-input":{"@type":"PropertyValueSpecification","valueRequired":true,"valueName":"search_term_string"}}],"inLanguage":"tr"},{"@type":"Organization","@id":"https:\/\/narteks.net\/#organization","name":"narteks.net","url":"https:\/\/narteks.net\/","logo":{"@type":"ImageObject","inLanguage":"tr","@id":"https:\/\/narteks.net\/#\/schema\/logo\/image\/","url":"https:\/\/narteks.net\/wp-content\/uploads\/narteks.png","contentUrl":"https:\/\/narteks.net\/wp-content\/uploads\/narteks.png","width":300,"height":90,"caption":"narteks.net"},"image":{"@id":"https:\/\/narteks.net\/#\/schema\/logo\/image\/"},"sameAs":["https:\/\/x.com\/narteks","https:\/\/instagram.com\/narteksnet"]},{"@type":"Person","@id":"https:\/\/narteks.net\/#\/schema\/person\/61f37d9834294b72d31d274e7ed79bca","name":"Tar\u0131k","image":{"@type":"ImageObject","inLanguage":"tr","@id":"https:\/\/narteks.net\/#\/schema\/person\/image\/","url":"https:\/\/secure.gravatar.com\/avatar\/50865afb55632c4ae467e0af0930f6510aa2297d8014be502a55b14f3b7550cf?s=96&d=mm&r=g","contentUrl":"https:\/\/secure.gravatar.com\/avatar\/50865afb55632c4ae467e0af0930f6510aa2297d8014be502a55b14f3b7550cf?s=96&d=mm&r=g","caption":"Tar\u0131k"},"sameAs":["http:\/\/narteks.net"],"url":"https:\/\/narteks.net\/index.php\/author\/narbak\/"}]}},"_links":{"self":[{"href":"https:\/\/narteks.net\/index.php\/wp-json\/wp\/v2\/posts\/745","targetHints":{"allow":["GET"]}}],"collection":[{"href":"https:\/\/narteks.net\/index.php\/wp-json\/wp\/v2\/posts"}],"about":[{"href":"https:\/\/narteks.net\/index.php\/wp-json\/wp\/v2\/types\/post"}],"author":[{"embeddable":true,"href":"https:\/\/narteks.net\/index.php\/wp-json\/wp\/v2\/users\/1"}],"replies":[{"embeddable":true,"href":"https:\/\/narteks.net\/index.php\/wp-json\/wp\/v2\/comments?post=745"}],"version-history":[{"count":0,"href":"https:\/\/narteks.net\/index.php\/wp-json\/wp\/v2\/posts\/745\/revisions"}],"wp:attachment":[{"href":"https:\/\/narteks.net\/index.php\/wp-json\/wp\/v2\/media?parent=745"}],"wp:term":[{"taxonomy":"category","embeddable":true,"href":"https:\/\/narteks.net\/index.php\/wp-json\/wp\/v2\/categories?post=745"},{"taxonomy":"post_tag","embeddable":true,"href":"https:\/\/narteks.net\/index.php\/wp-json\/wp\/v2\/tags?post=745"}],"curies":[{"name":"wp","href":"https:\/\/api.w.org\/{rel}","templated":true}]}}