{"id":751,"date":"2010-02-02T01:00:00","date_gmt":"2010-02-01T22:00:00","guid":{"rendered":"http:\/\/localhost\/wordpress\/2010\/02\/02\/en-yakinlar-ancak-kendilerine-yakin-olani-soylemekteler-arkadaslik-maurice-blanchot\/"},"modified":"2010-02-02T01:00:00","modified_gmt":"2010-02-01T22:00:00","slug":"en-yakinlar-ancak-kendilerine-yakin-olani-soylemekteler-arkadaslik-maurice-blanchot","status":"publish","type":"post","link":"https:\/\/narteks.net\/index.php\/2010\/02\/02\/en-yakinlar-ancak-kendilerine-yakin-olani-soylemekteler-arkadaslik-maurice-blanchot\/","title":{"rendered":"En yak\u0131nlar, ancak kendilerine yak\u0131n olan\u0131 s\u00f6ylemekteler | Arkada\u015fl\u0131k &#8211; Maurice Blanchot"},"content":{"rendered":"<p><strong><img loading=\"lazy\" decoding=\"async\" style=\"float: left;\" src=\"images\/stories\/maurice_blanchot.jpg\" width=\"155\" height=\"205\" border=\"0\" \/><\/strong><\/p>\n<p style=\"text-align: justify;\">Bu arkada\u015ftan konu\u015fmay\u0131 nas\u0131l kabul etmeli? Ne \u00f6vg\u00fc i\u00e7in ne de herhangi bir do\u011frunun yarar\u0131n\u0131 g\u00f6zeterek. Karakterinin \u00e7izgileri, varolu\u015funun bi\u00e7imleri, ya\u015fam\u0131n\u0131n b\u00f6l\u00fcmleri, kendini sorumsuzlu\u011fa dek sorumlu hissetti\u011fi aray\u0131\u015fla uyumlu olsalar bile, kimseye ait de\u011fildir. Tan\u0131k yok. En yak\u0131nlar, ancak kendilerine yak\u0131n olan\u0131 s\u00f6ylemekteler, ama yak\u0131nl\u0131kta ortaya \u00e7\u0131kan uza\u011f\u0131 de\u011fil, ve uzak da mevcudiyet biter bitmez biter. Bo\u015funa, s\u00f6zlerimizle, yaz\u0131lar\u0131m\u0131zla, yok olan\u0131 tutmay\u0131 iddia ediyoruz; bo\u015funa, sunuyoruz ona an\u0131lar\u0131m\u0131z\u0131n \u00e7ekimini ve h\u00e2l\u00e2 bir \u00e7e\u015fit g\u00f6r\u00fcnt\u00fcy\u00fc, g\u00fcn \u0131\u015f\u0131\u011f\u0131nda kalman\u0131n mutlulu\u011funu, hakiki bir g\u00f6r\u00fcn\u00fc\u015f\u00fcn uzat\u0131lm\u0131\u015f hayat\u0131n\u0131.<\/p>\n<p style=\"text-align: justify;\">Bir bo\u015flu\u011fu doldurmay\u0131 ar\u0131yoruz yaln\u0131zca, ac\u0131ya dayanam\u0131yoruz, ki bu bo\u015flu\u011fun evetlemesidir. Kim kabul eder onun anlams\u0131zl\u0131\u011f\u0131na yer vermeyi (\u00f6ylesine \u00f6l\u00e7\u00fcs\u00fcz bir anlams\u0131zl\u0131k ki onu kapsayabilecek belle\u011fe sahip de\u011filiz ve bizim de \u015fimdiden unutu\u015fa kaymam\u0131z gerekir onu, bu kay\u0131\u015f s\u00fcresince, temsil etti\u011fi gize ta\u015f\u0131mak i\u00e7in)? S\u00f6yledi\u011fimiz her \u015fey, sadece biricik evetlemeyi \u00f6rtmeye y\u00f6neliyor: her \u015fey silinecektir ve biz ancak bu silinen, i\u00e7imizde her \u00e7e\u015fit an\u0131y\u0131 red eden bir \u015feyin \u015fimdiden ait oldu\u011fu devinimi bekleyerek sad\u0131k kalabiliriz<\/p>\n<p style=\"text-align: justify;\">*<br \/>Biliyorum, kitaplar var. Kitaplar duruyorlar, ge\u00e7ici olarak, okunmalar\u0131, i\u00e7ine \u00e7ekildikleri bu kaybolu\u015fun zorunlulu\u011funa bizi a\u00e7acak olsa da. Kitaplar\u0131n kendisi bizi bir varolu\u015fa g\u00f6nderiyor. Bu varolu\u015f, art\u0131k bir mevcudiyet olmad\u0131\u011f\u0131ndan, tarihte yay\u0131lmaya ba\u015fl\u0131yor, ve tarihlerin en beterinde, edebiyat tarihinde. Ara\u015ft\u0131r\u0131c\u0131, titiz, belgeler pe\u015findeki bu tarih, \u00f6lm\u00fc\u015f bir iradeyi ele ge\u00e7iriyor ve miras durumuna d\u00fc\u015fm\u00fc\u015f olan \u00fcst\u00fcndeki yakalay\u0131\u015f\u0131n\u0131 bilgiye d\u00f6n\u00fc\u015ft\u00fcr\u00fcyor. B\u00fct\u00fcn yap\u0131tlar\u0131n an\u2019\u0131 bu. \u201cHer\u015fey\u201d yay\u0131mlanmak isteniyor, \u201cher\u015fey\u201d s\u00f6ylenmek isteniyor; sanki art\u0131k bir tek ivedilik varm\u0131\u015f gibi: her\u015feyin s\u00f6ylenmi\u015f olmas\u0131; sanki \u201cher\u015fey s\u00f6ylendi\u201d \u00f6l\u00fc bir s\u00f6z\u00fc sonunda durdurmam\u0131z\u0131 sa\u011flayacakm\u0131\u015f gibi: o s\u00f6zden gelen ac\u0131nas\u0131 sessizli\u011fi durdurmam\u0131z\u0131 ve ikircikli \u00f6l\u00fcm sonras\u0131 bekleyi\u015finin h\u00e2l\u00e2 bizim diriler s\u00f6z\u00fcm\u00fcze hayali olarak kar\u0131\u015ft\u0131rd\u0131\u011f\u0131 \u015feyi iyi \u00e7evrilmi\u015f bir ufukta s\u0131k\u0131 s\u0131k\u0131ya tutmam\u0131z\u0131. Bize yak\u0131n olan ve, onunla birlikte, kendini ortaya koydu\u011fu d\u00fc\u015f\u00fcnce varoldu\u011fu s\u00fcrece, onun d\u00fc\u015f\u00fcncesi bize a\u00e7\u0131l\u0131r, ama bu ili\u015fkide korunmu\u015f olarak, ve onu koruyan, yaln\u0131zca hayat\u0131n devingenli\u011fi de\u011fil (bu az olurdu), ona sonun garipli\u011finin katt\u0131\u011f\u0131 kestirilmezliktir. Ve bu kestirilmez ve sonsuz \u201colmak \u00fczere\u201dli\u011finde hep sakl\u0131 devinim \u2013 belki \u00f6lmeninki \u2013 terimin \u00f6nceden verilemez olmas\u0131ndan kaynaklanmaz, ama onun hi\u00e7bir zaman meydana gelen bir olay olmamas\u0131ndan \u2013 oldu\u011funda bile \u2013, hi\u00e7bir zaman kavranabilir bir ger\u00e7eklik olu\u015fturmamas\u0131ndan kaynaklan\u0131r. O konu\u015ftu\u011funda, bu kestirilemez konu\u015fmaktad\u0131r, budur o ya\u015farken d\u00fc\u015f\u00fcncesini saklayan ve koruyan, d\u00fc\u015f\u00fcncesini ay\u0131ran ve her \u00e7e\u015fit el koymadan \u2013 i\u00e7inki kadar d\u0131\u015f\u0131nkinden \u2013 kurtaran.<\/p>\n<p>Biliyorum bir de, kitaplar\u0131nda, Georges Bataille\u2019\u0131n kendinden zorlamas\u0131z bir \u00f6zg\u00fcrl\u00fckle konu\u015fuyor gibi g\u00f6r\u00fcnd\u00fc\u011f\u00fcn\u00fc, ki bu bizi her \u00e7e\u015fit a\u011f\u0131z s\u0131k\u0131l\u0131\u011f\u0131ndan s\u0131y\u0131rmal\u0131 \u2013 ama bize kendimizi onun yerine koyma hakk\u0131n\u0131, ne de onun yoklu\u011funda s\u00f6z alma g\u00fcc\u00fcn\u00fc vermez. Ve kendinden konu\u015ftu\u011fu kesin mi? Aray\u0131\u015f\u0131n\u0131n, kendini ifade etti\u011fi anda h\u00e2l\u00e2 mevcudiyetini g\u00f6steriyor g\u00f6r\u00fcnd\u00fc\u011f\u00fc bu \u201cBen\u201d, bizi kime y\u00f6neltir? Elbette, onu ya\u015fam\u0131n mutlu ve mutsuz \u00f6zelli\u011finde tan\u0131m\u0131\u015f olanlar\u0131n, bir an\u0131n\u0131n \u0131\u015f\u0131\u011f\u0131nda, an\u0131msatmak isteyecekleri ego\u2019dan olduk\u00e7a de\u011fi\u015fik bir ben\u2019e. B\u00f6yle bir devinimde s\u00f6z konusu olan bu kimsesiz mevcudiyetin, ondan konu\u015fmaya \u2013 ama kendisinin diye talep etmeksizin, ne de onu kendi biyografisinin bir olay\u0131 yapmaks\u0131z\u0131n (olsa olsa bu biyografinin kaybolaca\u011f\u0131 bir eksiklik) \u2013 karar verebilmi\u015f olan\u0131n varolu\u015funda gizemli bir ili\u015fki soktu\u011funu d\u00fc\u015f\u00fcnmeye itiyor her\u015fey. Ve \u015fu soruyu sordu\u011fumuzda: \u201cBu deneyimin \u00f6znesi kimdi?\u201d, bu soru belki de \u015fimdiden yan\u0131t olu\u015fturuyor, e\u011fer o, onu sormu\u015f olanda, bu soru\u015fturucu bi\u00e7imde ortaya \u00e7\u0131kt\u0131ysa, kapal\u0131 ve tek \u201cBen\u201din yerine, yan\u0131ts\u0131z bir \u201cKim?\u201din a\u00e7\u0131l\u0131m\u0131n\u0131 koyarak; bu da, kendine sadece \u201cBu oldu\u011fum ben kimdir?\u201d diye sormas\u0131 gerekti\u011fi anlam\u0131nda de\u011fil, ama daha kesin olarak kendini ara vermeden yeniden kavramas\u0131 \u2013 art\u0131k bir \u201cBen\u201d olarak de\u011fil de bir \u201cKim?\u201d olarak, tan\u0131ms\u0131z bir \u201cKim?\u201din bilinmez ve kaygan varl\u0131\u011f\u0131 olarak \u2013 gerekti\u011fi anlam\u0131nda.<\/p>\n<p>\u00c7eviri: Ahmet Soysal<\/p>\n<p>(L\u2019Amiti\u00e9 \u2013 \u201cArkada\u015fl\u0131k\u201d \u2013, 1971. S. 326-328)<\/p>\n<p>(\u00c7eviri devinimi burada ge\u00e7ici \u2013 ne kadar ge\u00e7ici? \u2013 olarak kesilmi\u015ftir. Bir bu\u00e7uk kitap sayfas\u0131 kadar bir b\u00f6l\u00fcm kalm\u0131\u015fken. Araya ba\u015fka i\u015fler girdi\u011finden, zaman yetersizli\u011finden, sab\u0131r eksikli\u011finden, korkudan. A.S.)<\/p>\n<p>Not: Bu yaz\u0131, Monokl&#8217;un 2007 Temmuz&#8217;unda \u00e7\u0131kan 3. say\u0131s\u0131nda yay\u0131mlanm\u0131\u015ft\u0131r.<\/p>\n","protected":false},"excerpt":{"rendered":"<p>Bu arkada\u015ftan konu\u015fmay\u0131 nas\u0131l kabul etmeli? Ne \u00f6vg\u00fc i\u00e7in ne de herhangi bir do\u011frunun yarar\u0131n\u0131 g\u00f6zeterek. Karakterinin \u00e7izgileri, varolu\u015funun bi\u00e7imleri, ya\u015fam\u0131n\u0131n b\u00f6l\u00fcmleri, kendini sorumsuzlu\u011fa dek sorumlu hissetti\u011fi aray\u0131\u015fla uyumlu olsalar bile, kimseye ait de\u011fildir. Tan\u0131k yok. En yak\u0131nlar, ancak kendilerine yak\u0131n olan\u0131 s\u00f6ylemekteler, ama yak\u0131nl\u0131kta ortaya \u00e7\u0131kan uza\u011f\u0131 de\u011fil, ve uzak da mevcudiyet biter bitmez [&hellip;]<\/p>\n","protected":false},"author":1,"featured_media":0,"comment_status":"open","ping_status":"open","sticky":false,"template":"","format":"standard","meta":{"footnotes":""},"categories":[61],"tags":[],"class_list":["post-751","post","type-post","status-publish","format-standard","category-maurice-blanchot"],"yoast_head":"<!-- This site is optimized with the Yoast SEO Premium plugin v24.9 (Yoast SEO v24.9) - https:\/\/yoast.com\/wordpress\/plugins\/seo\/ -->\n<title>En yak\u0131nlar, ancak kendilerine yak\u0131n olan\u0131 s\u00f6ylemekteler | Arkada\u015fl\u0131k - Maurice Blanchot - narteks.net<\/title>\n<meta name=\"robots\" content=\"index, follow, max-snippet:-1, max-image-preview:large, max-video-preview:-1\" \/>\n<link rel=\"canonical\" href=\"https:\/\/narteks.net\/index.php\/2010\/02\/02\/en-yakinlar-ancak-kendilerine-yakin-olani-soylemekteler-arkadaslik-maurice-blanchot\/\" \/>\n<meta property=\"og:locale\" content=\"tr_TR\" \/>\n<meta property=\"og:type\" content=\"article\" \/>\n<meta property=\"og:title\" content=\"En yak\u0131nlar, ancak kendilerine yak\u0131n olan\u0131 s\u00f6ylemekteler | Arkada\u015fl\u0131k - Maurice Blanchot\" \/>\n<meta property=\"og:description\" content=\"Bu arkada\u015ftan konu\u015fmay\u0131 nas\u0131l kabul etmeli? Ne \u00f6vg\u00fc i\u00e7in ne de herhangi bir do\u011frunun yarar\u0131n\u0131 g\u00f6zeterek. Karakterinin \u00e7izgileri, varolu\u015funun bi\u00e7imleri, ya\u015fam\u0131n\u0131n b\u00f6l\u00fcmleri, kendini sorumsuzlu\u011fa dek sorumlu hissetti\u011fi aray\u0131\u015fla uyumlu olsalar bile, kimseye ait de\u011fildir. Tan\u0131k yok. En yak\u0131nlar, ancak kendilerine yak\u0131n olan\u0131 s\u00f6ylemekteler, ama yak\u0131nl\u0131kta ortaya \u00e7\u0131kan uza\u011f\u0131 de\u011fil, ve uzak da mevcudiyet biter bitmez [&hellip;]\" \/>\n<meta property=\"og:url\" content=\"https:\/\/narteks.net\/index.php\/2010\/02\/02\/en-yakinlar-ancak-kendilerine-yakin-olani-soylemekteler-arkadaslik-maurice-blanchot\/\" \/>\n<meta property=\"og:site_name\" content=\"narteks.net\" \/>\n<meta property=\"article:published_time\" content=\"2010-02-01T22:00:00+00:00\" \/>\n<meta property=\"og:image\" content=\"https:\/\/narteks.net\/wp-content\/uploads\/narteks.png\" \/>\n\t<meta property=\"og:image:width\" content=\"300\" \/>\n\t<meta property=\"og:image:height\" content=\"90\" \/>\n\t<meta property=\"og:image:type\" content=\"image\/png\" \/>\n<meta name=\"author\" content=\"Tar\u0131k\" \/>\n<meta name=\"twitter:card\" content=\"summary_large_image\" \/>\n<meta name=\"twitter:creator\" content=\"@narteks\" \/>\n<meta name=\"twitter:site\" content=\"@narteks\" \/>\n<meta name=\"twitter:label1\" content=\"Yazan:\" \/>\n\t<meta name=\"twitter:data1\" content=\"Tar\u0131k\" \/>\n\t<meta name=\"twitter:label2\" content=\"Tahmini okuma s\u00fcresi\" \/>\n\t<meta name=\"twitter:data2\" content=\"4 dakika\" \/>\n<script type=\"application\/ld+json\" class=\"yoast-schema-graph\">{\"@context\":\"https:\/\/schema.org\",\"@graph\":[{\"@type\":\"Article\",\"@id\":\"https:\/\/narteks.net\/index.php\/2010\/02\/02\/en-yakinlar-ancak-kendilerine-yakin-olani-soylemekteler-arkadaslik-maurice-blanchot\/#article\",\"isPartOf\":{\"@id\":\"https:\/\/narteks.net\/index.php\/2010\/02\/02\/en-yakinlar-ancak-kendilerine-yakin-olani-soylemekteler-arkadaslik-maurice-blanchot\/\"},\"author\":{\"name\":\"Tar\u0131k\",\"@id\":\"https:\/\/narteks.net\/#\/schema\/person\/61f37d9834294b72d31d274e7ed79bca\"},\"headline\":\"En yak\u0131nlar, ancak kendilerine yak\u0131n olan\u0131 s\u00f6ylemekteler | Arkada\u015fl\u0131k &#8211; Maurice Blanchot\",\"datePublished\":\"2010-02-01T22:00:00+00:00\",\"mainEntityOfPage\":{\"@id\":\"https:\/\/narteks.net\/index.php\/2010\/02\/02\/en-yakinlar-ancak-kendilerine-yakin-olani-soylemekteler-arkadaslik-maurice-blanchot\/\"},\"wordCount\":889,\"commentCount\":0,\"publisher\":{\"@id\":\"https:\/\/narteks.net\/#organization\"},\"articleSection\":[\"Maurice BLANCHOT\"],\"inLanguage\":\"tr\",\"potentialAction\":[{\"@type\":\"CommentAction\",\"name\":\"Comment\",\"target\":[\"https:\/\/narteks.net\/index.php\/2010\/02\/02\/en-yakinlar-ancak-kendilerine-yakin-olani-soylemekteler-arkadaslik-maurice-blanchot\/#respond\"]}]},{\"@type\":\"WebPage\",\"@id\":\"https:\/\/narteks.net\/index.php\/2010\/02\/02\/en-yakinlar-ancak-kendilerine-yakin-olani-soylemekteler-arkadaslik-maurice-blanchot\/\",\"url\":\"https:\/\/narteks.net\/index.php\/2010\/02\/02\/en-yakinlar-ancak-kendilerine-yakin-olani-soylemekteler-arkadaslik-maurice-blanchot\/\",\"name\":\"En yak\u0131nlar, ancak kendilerine yak\u0131n olan\u0131 s\u00f6ylemekteler | Arkada\u015fl\u0131k - Maurice Blanchot - narteks.net\",\"isPartOf\":{\"@id\":\"https:\/\/narteks.net\/#website\"},\"datePublished\":\"2010-02-01T22:00:00+00:00\",\"breadcrumb\":{\"@id\":\"https:\/\/narteks.net\/index.php\/2010\/02\/02\/en-yakinlar-ancak-kendilerine-yakin-olani-soylemekteler-arkadaslik-maurice-blanchot\/#breadcrumb\"},\"inLanguage\":\"tr\",\"potentialAction\":[{\"@type\":\"ReadAction\",\"target\":[\"https:\/\/narteks.net\/index.php\/2010\/02\/02\/en-yakinlar-ancak-kendilerine-yakin-olani-soylemekteler-arkadaslik-maurice-blanchot\/\"]}]},{\"@type\":\"BreadcrumbList\",\"@id\":\"https:\/\/narteks.net\/index.php\/2010\/02\/02\/en-yakinlar-ancak-kendilerine-yakin-olani-soylemekteler-arkadaslik-maurice-blanchot\/#breadcrumb\",\"itemListElement\":[{\"@type\":\"ListItem\",\"position\":1,\"name\":\"Anasayfa\",\"item\":\"https:\/\/narteks.net\/\"},{\"@type\":\"ListItem\",\"position\":2,\"name\":\"En yak\u0131nlar, ancak kendilerine yak\u0131n olan\u0131 s\u00f6ylemekteler | Arkada\u015fl\u0131k &#8211; Maurice Blanchot\"}]},{\"@type\":\"WebSite\",\"@id\":\"https:\/\/narteks.net\/#website\",\"url\":\"https:\/\/narteks.net\/\",\"name\":\"narteks.net\",\"description\":\"K\u00fclt\u00fcr Sanat Edebiyat Felsefe\",\"publisher\":{\"@id\":\"https:\/\/narteks.net\/#organization\"},\"alternateName\":\"K\u00fclt\u00fcr Sanat Edebiyat Felsefe\",\"potentialAction\":[{\"@type\":\"SearchAction\",\"target\":{\"@type\":\"EntryPoint\",\"urlTemplate\":\"https:\/\/narteks.net\/?s={search_term_string}\"},\"query-input\":{\"@type\":\"PropertyValueSpecification\",\"valueRequired\":true,\"valueName\":\"search_term_string\"}}],\"inLanguage\":\"tr\"},{\"@type\":\"Organization\",\"@id\":\"https:\/\/narteks.net\/#organization\",\"name\":\"narteks.net\",\"url\":\"https:\/\/narteks.net\/\",\"logo\":{\"@type\":\"ImageObject\",\"inLanguage\":\"tr\",\"@id\":\"https:\/\/narteks.net\/#\/schema\/logo\/image\/\",\"url\":\"https:\/\/narteks.net\/wp-content\/uploads\/narteks.png\",\"contentUrl\":\"https:\/\/narteks.net\/wp-content\/uploads\/narteks.png\",\"width\":300,\"height\":90,\"caption\":\"narteks.net\"},\"image\":{\"@id\":\"https:\/\/narteks.net\/#\/schema\/logo\/image\/\"},\"sameAs\":[\"https:\/\/x.com\/narteks\",\"https:\/\/instagram.com\/narteksnet\"]},{\"@type\":\"Person\",\"@id\":\"https:\/\/narteks.net\/#\/schema\/person\/61f37d9834294b72d31d274e7ed79bca\",\"name\":\"Tar\u0131k\",\"image\":{\"@type\":\"ImageObject\",\"inLanguage\":\"tr\",\"@id\":\"https:\/\/narteks.net\/#\/schema\/person\/image\/\",\"url\":\"https:\/\/secure.gravatar.com\/avatar\/50865afb55632c4ae467e0af0930f6510aa2297d8014be502a55b14f3b7550cf?s=96&d=mm&r=g\",\"contentUrl\":\"https:\/\/secure.gravatar.com\/avatar\/50865afb55632c4ae467e0af0930f6510aa2297d8014be502a55b14f3b7550cf?s=96&d=mm&r=g\",\"caption\":\"Tar\u0131k\"},\"sameAs\":[\"http:\/\/narteks.net\"],\"url\":\"https:\/\/narteks.net\/index.php\/author\/narbak\/\"}]}<\/script>\n<!-- \/ Yoast SEO Premium plugin. -->","yoast_head_json":{"title":"En yak\u0131nlar, ancak kendilerine yak\u0131n olan\u0131 s\u00f6ylemekteler | Arkada\u015fl\u0131k - Maurice Blanchot - narteks.net","robots":{"index":"index","follow":"follow","max-snippet":"max-snippet:-1","max-image-preview":"max-image-preview:large","max-video-preview":"max-video-preview:-1"},"canonical":"https:\/\/narteks.net\/index.php\/2010\/02\/02\/en-yakinlar-ancak-kendilerine-yakin-olani-soylemekteler-arkadaslik-maurice-blanchot\/","og_locale":"tr_TR","og_type":"article","og_title":"En yak\u0131nlar, ancak kendilerine yak\u0131n olan\u0131 s\u00f6ylemekteler | Arkada\u015fl\u0131k - Maurice Blanchot","og_description":"Bu arkada\u015ftan konu\u015fmay\u0131 nas\u0131l kabul etmeli? Ne \u00f6vg\u00fc i\u00e7in ne de herhangi bir do\u011frunun yarar\u0131n\u0131 g\u00f6zeterek. Karakterinin \u00e7izgileri, varolu\u015funun bi\u00e7imleri, ya\u015fam\u0131n\u0131n b\u00f6l\u00fcmleri, kendini sorumsuzlu\u011fa dek sorumlu hissetti\u011fi aray\u0131\u015fla uyumlu olsalar bile, kimseye ait de\u011fildir. Tan\u0131k yok. En yak\u0131nlar, ancak kendilerine yak\u0131n olan\u0131 s\u00f6ylemekteler, ama yak\u0131nl\u0131kta ortaya \u00e7\u0131kan uza\u011f\u0131 de\u011fil, ve uzak da mevcudiyet biter bitmez [&hellip;]","og_url":"https:\/\/narteks.net\/index.php\/2010\/02\/02\/en-yakinlar-ancak-kendilerine-yakin-olani-soylemekteler-arkadaslik-maurice-blanchot\/","og_site_name":"narteks.net","article_published_time":"2010-02-01T22:00:00+00:00","og_image":[{"width":300,"height":90,"url":"https:\/\/narteks.net\/wp-content\/uploads\/narteks.png","type":"image\/png"}],"author":"Tar\u0131k","twitter_card":"summary_large_image","twitter_creator":"@narteks","twitter_site":"@narteks","twitter_misc":{"Yazan:":"Tar\u0131k","Tahmini okuma s\u00fcresi":"4 dakika"},"schema":{"@context":"https:\/\/schema.org","@graph":[{"@type":"Article","@id":"https:\/\/narteks.net\/index.php\/2010\/02\/02\/en-yakinlar-ancak-kendilerine-yakin-olani-soylemekteler-arkadaslik-maurice-blanchot\/#article","isPartOf":{"@id":"https:\/\/narteks.net\/index.php\/2010\/02\/02\/en-yakinlar-ancak-kendilerine-yakin-olani-soylemekteler-arkadaslik-maurice-blanchot\/"},"author":{"name":"Tar\u0131k","@id":"https:\/\/narteks.net\/#\/schema\/person\/61f37d9834294b72d31d274e7ed79bca"},"headline":"En yak\u0131nlar, ancak kendilerine yak\u0131n olan\u0131 s\u00f6ylemekteler | Arkada\u015fl\u0131k &#8211; Maurice Blanchot","datePublished":"2010-02-01T22:00:00+00:00","mainEntityOfPage":{"@id":"https:\/\/narteks.net\/index.php\/2010\/02\/02\/en-yakinlar-ancak-kendilerine-yakin-olani-soylemekteler-arkadaslik-maurice-blanchot\/"},"wordCount":889,"commentCount":0,"publisher":{"@id":"https:\/\/narteks.net\/#organization"},"articleSection":["Maurice BLANCHOT"],"inLanguage":"tr","potentialAction":[{"@type":"CommentAction","name":"Comment","target":["https:\/\/narteks.net\/index.php\/2010\/02\/02\/en-yakinlar-ancak-kendilerine-yakin-olani-soylemekteler-arkadaslik-maurice-blanchot\/#respond"]}]},{"@type":"WebPage","@id":"https:\/\/narteks.net\/index.php\/2010\/02\/02\/en-yakinlar-ancak-kendilerine-yakin-olani-soylemekteler-arkadaslik-maurice-blanchot\/","url":"https:\/\/narteks.net\/index.php\/2010\/02\/02\/en-yakinlar-ancak-kendilerine-yakin-olani-soylemekteler-arkadaslik-maurice-blanchot\/","name":"En yak\u0131nlar, ancak kendilerine yak\u0131n olan\u0131 s\u00f6ylemekteler | Arkada\u015fl\u0131k - Maurice Blanchot - narteks.net","isPartOf":{"@id":"https:\/\/narteks.net\/#website"},"datePublished":"2010-02-01T22:00:00+00:00","breadcrumb":{"@id":"https:\/\/narteks.net\/index.php\/2010\/02\/02\/en-yakinlar-ancak-kendilerine-yakin-olani-soylemekteler-arkadaslik-maurice-blanchot\/#breadcrumb"},"inLanguage":"tr","potentialAction":[{"@type":"ReadAction","target":["https:\/\/narteks.net\/index.php\/2010\/02\/02\/en-yakinlar-ancak-kendilerine-yakin-olani-soylemekteler-arkadaslik-maurice-blanchot\/"]}]},{"@type":"BreadcrumbList","@id":"https:\/\/narteks.net\/index.php\/2010\/02\/02\/en-yakinlar-ancak-kendilerine-yakin-olani-soylemekteler-arkadaslik-maurice-blanchot\/#breadcrumb","itemListElement":[{"@type":"ListItem","position":1,"name":"Anasayfa","item":"https:\/\/narteks.net\/"},{"@type":"ListItem","position":2,"name":"En yak\u0131nlar, ancak kendilerine yak\u0131n olan\u0131 s\u00f6ylemekteler | Arkada\u015fl\u0131k &#8211; Maurice Blanchot"}]},{"@type":"WebSite","@id":"https:\/\/narteks.net\/#website","url":"https:\/\/narteks.net\/","name":"narteks.net","description":"K\u00fclt\u00fcr Sanat Edebiyat Felsefe","publisher":{"@id":"https:\/\/narteks.net\/#organization"},"alternateName":"K\u00fclt\u00fcr Sanat Edebiyat Felsefe","potentialAction":[{"@type":"SearchAction","target":{"@type":"EntryPoint","urlTemplate":"https:\/\/narteks.net\/?s={search_term_string}"},"query-input":{"@type":"PropertyValueSpecification","valueRequired":true,"valueName":"search_term_string"}}],"inLanguage":"tr"},{"@type":"Organization","@id":"https:\/\/narteks.net\/#organization","name":"narteks.net","url":"https:\/\/narteks.net\/","logo":{"@type":"ImageObject","inLanguage":"tr","@id":"https:\/\/narteks.net\/#\/schema\/logo\/image\/","url":"https:\/\/narteks.net\/wp-content\/uploads\/narteks.png","contentUrl":"https:\/\/narteks.net\/wp-content\/uploads\/narteks.png","width":300,"height":90,"caption":"narteks.net"},"image":{"@id":"https:\/\/narteks.net\/#\/schema\/logo\/image\/"},"sameAs":["https:\/\/x.com\/narteks","https:\/\/instagram.com\/narteksnet"]},{"@type":"Person","@id":"https:\/\/narteks.net\/#\/schema\/person\/61f37d9834294b72d31d274e7ed79bca","name":"Tar\u0131k","image":{"@type":"ImageObject","inLanguage":"tr","@id":"https:\/\/narteks.net\/#\/schema\/person\/image\/","url":"https:\/\/secure.gravatar.com\/avatar\/50865afb55632c4ae467e0af0930f6510aa2297d8014be502a55b14f3b7550cf?s=96&d=mm&r=g","contentUrl":"https:\/\/secure.gravatar.com\/avatar\/50865afb55632c4ae467e0af0930f6510aa2297d8014be502a55b14f3b7550cf?s=96&d=mm&r=g","caption":"Tar\u0131k"},"sameAs":["http:\/\/narteks.net"],"url":"https:\/\/narteks.net\/index.php\/author\/narbak\/"}]}},"_links":{"self":[{"href":"https:\/\/narteks.net\/index.php\/wp-json\/wp\/v2\/posts\/751","targetHints":{"allow":["GET"]}}],"collection":[{"href":"https:\/\/narteks.net\/index.php\/wp-json\/wp\/v2\/posts"}],"about":[{"href":"https:\/\/narteks.net\/index.php\/wp-json\/wp\/v2\/types\/post"}],"author":[{"embeddable":true,"href":"https:\/\/narteks.net\/index.php\/wp-json\/wp\/v2\/users\/1"}],"replies":[{"embeddable":true,"href":"https:\/\/narteks.net\/index.php\/wp-json\/wp\/v2\/comments?post=751"}],"version-history":[{"count":0,"href":"https:\/\/narteks.net\/index.php\/wp-json\/wp\/v2\/posts\/751\/revisions"}],"wp:attachment":[{"href":"https:\/\/narteks.net\/index.php\/wp-json\/wp\/v2\/media?parent=751"}],"wp:term":[{"taxonomy":"category","embeddable":true,"href":"https:\/\/narteks.net\/index.php\/wp-json\/wp\/v2\/categories?post=751"},{"taxonomy":"post_tag","embeddable":true,"href":"https:\/\/narteks.net\/index.php\/wp-json\/wp\/v2\/tags?post=751"}],"curies":[{"name":"wp","href":"https:\/\/api.w.org\/{rel}","templated":true}]}}