{"id":76,"date":"2009-02-27T15:03:33","date_gmt":"2009-02-27T12:03:33","guid":{"rendered":"http:\/\/localhost\/wordpress\/2009\/02\/27\/makedon-guzelini-arayan-cingene\/"},"modified":"2009-02-27T15:03:33","modified_gmt":"2009-02-27T12:03:33","slug":"makedon-guzelini-arayan-cingene","status":"publish","type":"post","link":"https:\/\/narteks.net\/index.php\/2009\/02\/27\/makedon-guzelini-arayan-cingene\/","title":{"rendered":"MAKEDON G\u00dcZELINI ARAYAN \u00c7INGENE"},"content":{"rendered":"<p>\u00a0<\/p>\n<p><span>An\u0131z yang\u0131nlar\u0131 s\u0131\u00e7ram\u0131\u015ft\u0131<br \/> Yaban g\u00fcllerine<\/p>\n<p> Ba\u015fak\u00e7\u0131lara sordum<br \/> Sordum sordum sordum durdum<\/p>\n<p> Tir\u015fe g\u00f6zya\u015flar\u0131 d\u00fc\u015f\u00fcyordu<br \/> Cam g\u00f6be\u011fi g\u00f6\u011fs\u00fcme<\/p>\n<p> G\u00f6\u00e7en avc\u0131lara sordum<br \/> Sordum sordum sordum durdum<\/p>\n<p> Keten tarlas\u0131ndan ge\u00e7tim<br \/> Soluk solu\u011fa<\/p>\n<p> Ahlat\u00e7\u0131lara sordum<br \/> Sordum sordum sordum durdum<\/p>\n<p> Sazl\u0131 \u00e7atakta doland\u0131m<br \/> Ye\u015fil yareler i\u00e7inde<\/p>\n<p> Tara\u015f\u00e7\u0131lara sordum<br \/> Sordum sordum sordum durdum<\/p>\n<p> Y\u00e2r seni sordum<br \/> Onba\u015f\u0131lar kollar\u0131m\u0131 ba\u011fl\u0131yordu<\/p>\n<p> Uzakta taliga yollar\u0131nda<br \/> Tekirda\u011f\u0131n hanlar\u0131 yan\u0131yordu<\/p>\n<p> Hasana\u011fa deresi Ergeneden<br \/> Karanfil saplar\u0131 yolluyordu<\/p>\n<p> Boh\u00e7ac\u0131lara sordum<br \/> Yemen illerinden ipeklilere<br \/> \u015eam boncuklar\u0131na<\/p>\n<p> Y\u00e2r seni sordum<br \/> Sordum sordum sordum durdum <\/span><\/p>\n<p>ADNAN \u00d6ZER<\/p>\n","protected":false},"excerpt":{"rendered":"<p>\u00a0 An\u0131z yang\u0131nlar\u0131 s\u0131\u00e7ram\u0131\u015ft\u0131 Yaban g\u00fcllerine Ba\u015fak\u00e7\u0131lara sordum Sordum sordum sordum durdum Tir\u015fe g\u00f6zya\u015flar\u0131 d\u00fc\u015f\u00fcyordu Cam g\u00f6be\u011fi g\u00f6\u011fs\u00fcme G\u00f6\u00e7en avc\u0131lara sordum Sordum sordum sordum durdum Keten tarlas\u0131ndan ge\u00e7tim Soluk solu\u011fa Ahlat\u00e7\u0131lara sordum Sordum sordum sordum durdum Sazl\u0131 \u00e7atakta doland\u0131m Ye\u015fil yareler i\u00e7inde Tara\u015f\u00e7\u0131lara sordum Sordum sordum sordum durdum Y\u00e2r seni sordum Onba\u015f\u0131lar kollar\u0131m\u0131 ba\u011fl\u0131yordu Uzakta [&hellip;]<\/p>\n","protected":false},"author":1,"featured_media":0,"comment_status":"open","ping_status":"open","sticky":false,"template":"","format":"standard","meta":{"footnotes":""},"categories":[6],"tags":[],"class_list":{"0":"post-76","1":"post","2":"type-post","3":"status-publish","4":"format-standard","6":"category-adnan-ozer"},"yoast_head":"<!-- This site is optimized with the Yoast SEO Premium plugin v24.9 (Yoast SEO v24.9) - https:\/\/yoast.com\/wordpress\/plugins\/seo\/ -->\n<title>MAKEDON G\u00dcZELINI ARAYAN \u00c7INGENE - narteks.net<\/title>\n<meta name=\"robots\" content=\"index, follow, max-snippet:-1, max-image-preview:large, max-video-preview:-1\" \/>\n<link rel=\"canonical\" href=\"https:\/\/narteks.net\/index.php\/2009\/02\/27\/makedon-guzelini-arayan-cingene\/\" \/>\n<meta property=\"og:locale\" content=\"tr_TR\" \/>\n<meta property=\"og:type\" content=\"article\" \/>\n<meta property=\"og:title\" content=\"MAKEDON G\u00dcZELINI ARAYAN \u00c7INGENE\" \/>\n<meta property=\"og:description\" content=\"\u00a0 An\u0131z yang\u0131nlar\u0131 s\u0131\u00e7ram\u0131\u015ft\u0131 Yaban g\u00fcllerine Ba\u015fak\u00e7\u0131lara sordum Sordum sordum sordum durdum Tir\u015fe g\u00f6zya\u015flar\u0131 d\u00fc\u015f\u00fcyordu Cam g\u00f6be\u011fi g\u00f6\u011fs\u00fcme G\u00f6\u00e7en avc\u0131lara sordum Sordum sordum sordum durdum Keten tarlas\u0131ndan ge\u00e7tim Soluk solu\u011fa Ahlat\u00e7\u0131lara sordum Sordum sordum sordum durdum Sazl\u0131 \u00e7atakta doland\u0131m Ye\u015fil yareler i\u00e7inde Tara\u015f\u00e7\u0131lara sordum Sordum sordum sordum durdum Y\u00e2r seni sordum Onba\u015f\u0131lar kollar\u0131m\u0131 ba\u011fl\u0131yordu Uzakta [&hellip;]\" \/>\n<meta property=\"og:url\" content=\"https:\/\/narteks.net\/index.php\/2009\/02\/27\/makedon-guzelini-arayan-cingene\/\" \/>\n<meta property=\"og:site_name\" content=\"narteks.net\" \/>\n<meta property=\"article:published_time\" content=\"2009-02-27T12:03:33+00:00\" \/>\n<meta property=\"og:image\" content=\"https:\/\/narteks.net\/wp-content\/uploads\/narteks.png\" \/>\n\t<meta property=\"og:image:width\" content=\"300\" \/>\n\t<meta property=\"og:image:height\" content=\"90\" \/>\n\t<meta property=\"og:image:type\" content=\"image\/png\" \/>\n<meta name=\"author\" content=\"Tar\u0131k\" \/>\n<meta name=\"twitter:card\" content=\"summary_large_image\" \/>\n<meta name=\"twitter:creator\" content=\"@narteks\" \/>\n<meta name=\"twitter:site\" content=\"@narteks\" \/>\n<meta name=\"twitter:label1\" content=\"Yazan:\" \/>\n\t<meta name=\"twitter:data1\" content=\"Tar\u0131k\" \/>\n\t<meta name=\"twitter:label2\" content=\"Tahmini okuma s\u00fcresi\" \/>\n\t<meta name=\"twitter:data2\" content=\"1 dakika\" \/>\n<script type=\"application\/ld+json\" class=\"yoast-schema-graph\">{\"@context\":\"https:\/\/schema.org\",\"@graph\":[{\"@type\":\"Article\",\"@id\":\"https:\/\/narteks.net\/index.php\/2009\/02\/27\/makedon-guzelini-arayan-cingene\/#article\",\"isPartOf\":{\"@id\":\"https:\/\/narteks.net\/index.php\/2009\/02\/27\/makedon-guzelini-arayan-cingene\/\"},\"author\":{\"name\":\"Tar\u0131k\",\"@id\":\"https:\/\/narteks.net\/#\/schema\/person\/61f37d9834294b72d31d274e7ed79bca\"},\"headline\":\"MAKEDON G\u00dcZELINI ARAYAN \u00c7INGENE\",\"datePublished\":\"2009-02-27T12:03:33+00:00\",\"mainEntityOfPage\":{\"@id\":\"https:\/\/narteks.net\/index.php\/2009\/02\/27\/makedon-guzelini-arayan-cingene\/\"},\"wordCount\":124,\"commentCount\":0,\"publisher\":{\"@id\":\"https:\/\/narteks.net\/#organization\"},\"articleSection\":[\"Adnan \u00d6ZER\"],\"inLanguage\":\"tr\",\"potentialAction\":[{\"@type\":\"CommentAction\",\"name\":\"Comment\",\"target\":[\"https:\/\/narteks.net\/index.php\/2009\/02\/27\/makedon-guzelini-arayan-cingene\/#respond\"]}]},{\"@type\":\"WebPage\",\"@id\":\"https:\/\/narteks.net\/index.php\/2009\/02\/27\/makedon-guzelini-arayan-cingene\/\",\"url\":\"https:\/\/narteks.net\/index.php\/2009\/02\/27\/makedon-guzelini-arayan-cingene\/\",\"name\":\"MAKEDON G\u00dcZELINI ARAYAN \u00c7INGENE - narteks.net\",\"isPartOf\":{\"@id\":\"https:\/\/narteks.net\/#website\"},\"datePublished\":\"2009-02-27T12:03:33+00:00\",\"breadcrumb\":{\"@id\":\"https:\/\/narteks.net\/index.php\/2009\/02\/27\/makedon-guzelini-arayan-cingene\/#breadcrumb\"},\"inLanguage\":\"tr\",\"potentialAction\":[{\"@type\":\"ReadAction\",\"target\":[\"https:\/\/narteks.net\/index.php\/2009\/02\/27\/makedon-guzelini-arayan-cingene\/\"]}]},{\"@type\":\"BreadcrumbList\",\"@id\":\"https:\/\/narteks.net\/index.php\/2009\/02\/27\/makedon-guzelini-arayan-cingene\/#breadcrumb\",\"itemListElement\":[{\"@type\":\"ListItem\",\"position\":1,\"name\":\"Anasayfa\",\"item\":\"https:\/\/narteks.net\/\"},{\"@type\":\"ListItem\",\"position\":2,\"name\":\"MAKEDON G\u00dcZELINI ARAYAN \u00c7INGENE\"}]},{\"@type\":\"WebSite\",\"@id\":\"https:\/\/narteks.net\/#website\",\"url\":\"https:\/\/narteks.net\/\",\"name\":\"narteks.net\",\"description\":\"K\u00fclt\u00fcr Sanat Edebiyat Felsefe\",\"publisher\":{\"@id\":\"https:\/\/narteks.net\/#organization\"},\"alternateName\":\"K\u00fclt\u00fcr Sanat Edebiyat Felsefe\",\"potentialAction\":[{\"@type\":\"SearchAction\",\"target\":{\"@type\":\"EntryPoint\",\"urlTemplate\":\"https:\/\/narteks.net\/?s={search_term_string}\"},\"query-input\":{\"@type\":\"PropertyValueSpecification\",\"valueRequired\":true,\"valueName\":\"search_term_string\"}}],\"inLanguage\":\"tr\"},{\"@type\":\"Organization\",\"@id\":\"https:\/\/narteks.net\/#organization\",\"name\":\"narteks.net\",\"url\":\"https:\/\/narteks.net\/\",\"logo\":{\"@type\":\"ImageObject\",\"inLanguage\":\"tr\",\"@id\":\"https:\/\/narteks.net\/#\/schema\/logo\/image\/\",\"url\":\"https:\/\/narteks.net\/wp-content\/uploads\/narteks.png\",\"contentUrl\":\"https:\/\/narteks.net\/wp-content\/uploads\/narteks.png\",\"width\":300,\"height\":90,\"caption\":\"narteks.net\"},\"image\":{\"@id\":\"https:\/\/narteks.net\/#\/schema\/logo\/image\/\"},\"sameAs\":[\"https:\/\/x.com\/narteks\",\"https:\/\/instagram.com\/narteksnet\"]},{\"@type\":\"Person\",\"@id\":\"https:\/\/narteks.net\/#\/schema\/person\/61f37d9834294b72d31d274e7ed79bca\",\"name\":\"Tar\u0131k\",\"image\":{\"@type\":\"ImageObject\",\"inLanguage\":\"tr\",\"@id\":\"https:\/\/narteks.net\/#\/schema\/person\/image\/\",\"url\":\"https:\/\/secure.gravatar.com\/avatar\/50865afb55632c4ae467e0af0930f6510aa2297d8014be502a55b14f3b7550cf?s=96&d=mm&r=g\",\"contentUrl\":\"https:\/\/secure.gravatar.com\/avatar\/50865afb55632c4ae467e0af0930f6510aa2297d8014be502a55b14f3b7550cf?s=96&d=mm&r=g\",\"caption\":\"Tar\u0131k\"},\"sameAs\":[\"http:\/\/narteks.net\"],\"url\":\"https:\/\/narteks.net\/index.php\/author\/narbak\/\"}]}<\/script>\n<!-- \/ Yoast SEO Premium plugin. -->","yoast_head_json":{"title":"MAKEDON G\u00dcZELINI ARAYAN \u00c7INGENE - narteks.net","robots":{"index":"index","follow":"follow","max-snippet":"max-snippet:-1","max-image-preview":"max-image-preview:large","max-video-preview":"max-video-preview:-1"},"canonical":"https:\/\/narteks.net\/index.php\/2009\/02\/27\/makedon-guzelini-arayan-cingene\/","og_locale":"tr_TR","og_type":"article","og_title":"MAKEDON G\u00dcZELINI ARAYAN \u00c7INGENE","og_description":"\u00a0 An\u0131z yang\u0131nlar\u0131 s\u0131\u00e7ram\u0131\u015ft\u0131 Yaban g\u00fcllerine Ba\u015fak\u00e7\u0131lara sordum Sordum sordum sordum durdum Tir\u015fe g\u00f6zya\u015flar\u0131 d\u00fc\u015f\u00fcyordu Cam g\u00f6be\u011fi g\u00f6\u011fs\u00fcme G\u00f6\u00e7en avc\u0131lara sordum Sordum sordum sordum durdum Keten tarlas\u0131ndan ge\u00e7tim Soluk solu\u011fa Ahlat\u00e7\u0131lara sordum Sordum sordum sordum durdum Sazl\u0131 \u00e7atakta doland\u0131m Ye\u015fil yareler i\u00e7inde Tara\u015f\u00e7\u0131lara sordum Sordum sordum sordum durdum Y\u00e2r seni sordum Onba\u015f\u0131lar kollar\u0131m\u0131 ba\u011fl\u0131yordu Uzakta [&hellip;]","og_url":"https:\/\/narteks.net\/index.php\/2009\/02\/27\/makedon-guzelini-arayan-cingene\/","og_site_name":"narteks.net","article_published_time":"2009-02-27T12:03:33+00:00","og_image":[{"width":300,"height":90,"url":"https:\/\/narteks.net\/wp-content\/uploads\/narteks.png","type":"image\/png"}],"author":"Tar\u0131k","twitter_card":"summary_large_image","twitter_creator":"@narteks","twitter_site":"@narteks","twitter_misc":{"Yazan:":"Tar\u0131k","Tahmini okuma s\u00fcresi":"1 dakika"},"schema":{"@context":"https:\/\/schema.org","@graph":[{"@type":"Article","@id":"https:\/\/narteks.net\/index.php\/2009\/02\/27\/makedon-guzelini-arayan-cingene\/#article","isPartOf":{"@id":"https:\/\/narteks.net\/index.php\/2009\/02\/27\/makedon-guzelini-arayan-cingene\/"},"author":{"name":"Tar\u0131k","@id":"https:\/\/narteks.net\/#\/schema\/person\/61f37d9834294b72d31d274e7ed79bca"},"headline":"MAKEDON G\u00dcZELINI ARAYAN \u00c7INGENE","datePublished":"2009-02-27T12:03:33+00:00","mainEntityOfPage":{"@id":"https:\/\/narteks.net\/index.php\/2009\/02\/27\/makedon-guzelini-arayan-cingene\/"},"wordCount":124,"commentCount":0,"publisher":{"@id":"https:\/\/narteks.net\/#organization"},"articleSection":["Adnan \u00d6ZER"],"inLanguage":"tr","potentialAction":[{"@type":"CommentAction","name":"Comment","target":["https:\/\/narteks.net\/index.php\/2009\/02\/27\/makedon-guzelini-arayan-cingene\/#respond"]}]},{"@type":"WebPage","@id":"https:\/\/narteks.net\/index.php\/2009\/02\/27\/makedon-guzelini-arayan-cingene\/","url":"https:\/\/narteks.net\/index.php\/2009\/02\/27\/makedon-guzelini-arayan-cingene\/","name":"MAKEDON G\u00dcZELINI ARAYAN \u00c7INGENE - narteks.net","isPartOf":{"@id":"https:\/\/narteks.net\/#website"},"datePublished":"2009-02-27T12:03:33+00:00","breadcrumb":{"@id":"https:\/\/narteks.net\/index.php\/2009\/02\/27\/makedon-guzelini-arayan-cingene\/#breadcrumb"},"inLanguage":"tr","potentialAction":[{"@type":"ReadAction","target":["https:\/\/narteks.net\/index.php\/2009\/02\/27\/makedon-guzelini-arayan-cingene\/"]}]},{"@type":"BreadcrumbList","@id":"https:\/\/narteks.net\/index.php\/2009\/02\/27\/makedon-guzelini-arayan-cingene\/#breadcrumb","itemListElement":[{"@type":"ListItem","position":1,"name":"Anasayfa","item":"https:\/\/narteks.net\/"},{"@type":"ListItem","position":2,"name":"MAKEDON G\u00dcZELINI ARAYAN \u00c7INGENE"}]},{"@type":"WebSite","@id":"https:\/\/narteks.net\/#website","url":"https:\/\/narteks.net\/","name":"narteks.net","description":"K\u00fclt\u00fcr Sanat Edebiyat Felsefe","publisher":{"@id":"https:\/\/narteks.net\/#organization"},"alternateName":"K\u00fclt\u00fcr Sanat Edebiyat Felsefe","potentialAction":[{"@type":"SearchAction","target":{"@type":"EntryPoint","urlTemplate":"https:\/\/narteks.net\/?s={search_term_string}"},"query-input":{"@type":"PropertyValueSpecification","valueRequired":true,"valueName":"search_term_string"}}],"inLanguage":"tr"},{"@type":"Organization","@id":"https:\/\/narteks.net\/#organization","name":"narteks.net","url":"https:\/\/narteks.net\/","logo":{"@type":"ImageObject","inLanguage":"tr","@id":"https:\/\/narteks.net\/#\/schema\/logo\/image\/","url":"https:\/\/narteks.net\/wp-content\/uploads\/narteks.png","contentUrl":"https:\/\/narteks.net\/wp-content\/uploads\/narteks.png","width":300,"height":90,"caption":"narteks.net"},"image":{"@id":"https:\/\/narteks.net\/#\/schema\/logo\/image\/"},"sameAs":["https:\/\/x.com\/narteks","https:\/\/instagram.com\/narteksnet"]},{"@type":"Person","@id":"https:\/\/narteks.net\/#\/schema\/person\/61f37d9834294b72d31d274e7ed79bca","name":"Tar\u0131k","image":{"@type":"ImageObject","inLanguage":"tr","@id":"https:\/\/narteks.net\/#\/schema\/person\/image\/","url":"https:\/\/secure.gravatar.com\/avatar\/50865afb55632c4ae467e0af0930f6510aa2297d8014be502a55b14f3b7550cf?s=96&d=mm&r=g","contentUrl":"https:\/\/secure.gravatar.com\/avatar\/50865afb55632c4ae467e0af0930f6510aa2297d8014be502a55b14f3b7550cf?s=96&d=mm&r=g","caption":"Tar\u0131k"},"sameAs":["http:\/\/narteks.net"],"url":"https:\/\/narteks.net\/index.php\/author\/narbak\/"}]}},"_links":{"self":[{"href":"https:\/\/narteks.net\/index.php\/wp-json\/wp\/v2\/posts\/76","targetHints":{"allow":["GET"]}}],"collection":[{"href":"https:\/\/narteks.net\/index.php\/wp-json\/wp\/v2\/posts"}],"about":[{"href":"https:\/\/narteks.net\/index.php\/wp-json\/wp\/v2\/types\/post"}],"author":[{"embeddable":true,"href":"https:\/\/narteks.net\/index.php\/wp-json\/wp\/v2\/users\/1"}],"replies":[{"embeddable":true,"href":"https:\/\/narteks.net\/index.php\/wp-json\/wp\/v2\/comments?post=76"}],"version-history":[{"count":0,"href":"https:\/\/narteks.net\/index.php\/wp-json\/wp\/v2\/posts\/76\/revisions"}],"wp:attachment":[{"href":"https:\/\/narteks.net\/index.php\/wp-json\/wp\/v2\/media?parent=76"}],"wp:term":[{"taxonomy":"category","embeddable":true,"href":"https:\/\/narteks.net\/index.php\/wp-json\/wp\/v2\/categories?post=76"},{"taxonomy":"post_tag","embeddable":true,"href":"https:\/\/narteks.net\/index.php\/wp-json\/wp\/v2\/tags?post=76"}],"curies":[{"name":"wp","href":"https:\/\/api.w.org\/{rel}","templated":true}]}}