{"id":762,"date":"2009-11-02T11:08:10","date_gmt":"2009-11-02T08:08:10","guid":{"rendered":"http:\/\/localhost\/wordpress\/2009\/11\/02\/bu-kirlangiclar-gitmemisler-miydi\/"},"modified":"2009-11-02T11:08:10","modified_gmt":"2009-11-02T08:08:10","slug":"bu-kirlangiclar-gitmemisler-miydi","status":"publish","type":"post","link":"https:\/\/narteks.net\/index.php\/2009\/11\/02\/bu-kirlangiclar-gitmemisler-miydi\/","title":{"rendered":"BU KIRLANGI\u00c7LAR G\u0130TMEM\u0130\u015eLER M\u0130YD\u0130?"},"content":{"rendered":"<p>\u00a0<\/p>\n<p>Giden gelen yok. Bir titre\u015fimdir bu.<br \/> Duragan fulyan\u0131n \u00fcst\u00fcnde ar\u0131<br \/> Bir diyapozon gibi titremekte. K\u0131rlang\u0131\u00e7<br \/> Tarihsizdir. Belle\u011fim sars\u0131l\u0131p duruyor denizde.<br \/> Mart\u0131 bir u\u00e7ta kanat, bir u\u00e7ta ses.<br \/> Ya sabah, ya \u00f6\u011fle. Gemici ve bulut,<br \/> G\u00fcne\u015f ve ya\u011fmur k\u0131l pay\u0131 bir dengede.<br \/> Dolu bir bo\u015flu\u011fu doldurup bo\u015faltmak i\u015fimiz.<br \/> \u00d6l\u00fclerle, gecelerle, s\u00fcmb\u00fcllerle.<\/p>\n<p>Melih Cevdet ANDAY<\/p>\n","protected":false},"excerpt":{"rendered":"<p>\u00a0 Giden gelen yok. Bir titre\u015fimdir bu. Duragan fulyan\u0131n \u00fcst\u00fcnde ar\u0131 Bir diyapozon gibi titremekte. K\u0131rlang\u0131\u00e7 Tarihsizdir. Belle\u011fim sars\u0131l\u0131p duruyor denizde. Mart\u0131 bir u\u00e7ta kanat, bir u\u00e7ta ses. Ya sabah, ya \u00f6\u011fle. Gemici ve bulut, G\u00fcne\u015f ve ya\u011fmur k\u0131l pay\u0131 bir dengede. Dolu bir bo\u015flu\u011fu doldurup bo\u015faltmak i\u015fimiz. \u00d6l\u00fclerle, gecelerle, s\u00fcmb\u00fcllerle. Melih Cevdet ANDAY<\/p>\n","protected":false},"author":1,"featured_media":0,"comment_status":"open","ping_status":"open","sticky":false,"template":"","format":"standard","meta":{"footnotes":""},"categories":[22],"tags":[],"class_list":{"0":"post-762","1":"post","2":"type-post","3":"status-publish","4":"format-standard","6":"category-m-cevdet-anday"},"yoast_head":"<!-- This site is optimized with the Yoast SEO Premium plugin v24.9 (Yoast SEO v24.9) - https:\/\/yoast.com\/wordpress\/plugins\/seo\/ -->\n<title>BU KIRLANGI\u00c7LAR G\u0130TMEM\u0130\u015eLER M\u0130YD\u0130? - narteks.net<\/title>\n<meta name=\"robots\" content=\"index, follow, max-snippet:-1, max-image-preview:large, max-video-preview:-1\" \/>\n<link rel=\"canonical\" href=\"https:\/\/narteks.net\/index.php\/2009\/11\/02\/bu-kirlangiclar-gitmemisler-miydi\/\" \/>\n<meta property=\"og:locale\" content=\"tr_TR\" \/>\n<meta property=\"og:type\" content=\"article\" \/>\n<meta property=\"og:title\" content=\"BU KIRLANGI\u00c7LAR G\u0130TMEM\u0130\u015eLER M\u0130YD\u0130?\" \/>\n<meta property=\"og:description\" content=\"\u00a0 Giden gelen yok. Bir titre\u015fimdir bu. Duragan fulyan\u0131n \u00fcst\u00fcnde ar\u0131 Bir diyapozon gibi titremekte. K\u0131rlang\u0131\u00e7 Tarihsizdir. Belle\u011fim sars\u0131l\u0131p duruyor denizde. Mart\u0131 bir u\u00e7ta kanat, bir u\u00e7ta ses. Ya sabah, ya \u00f6\u011fle. Gemici ve bulut, G\u00fcne\u015f ve ya\u011fmur k\u0131l pay\u0131 bir dengede. Dolu bir bo\u015flu\u011fu doldurup bo\u015faltmak i\u015fimiz. \u00d6l\u00fclerle, gecelerle, s\u00fcmb\u00fcllerle. Melih Cevdet ANDAY\" \/>\n<meta property=\"og:url\" content=\"https:\/\/narteks.net\/index.php\/2009\/11\/02\/bu-kirlangiclar-gitmemisler-miydi\/\" \/>\n<meta property=\"og:site_name\" content=\"narteks.net\" \/>\n<meta property=\"article:published_time\" content=\"2009-11-02T08:08:10+00:00\" \/>\n<meta property=\"og:image\" content=\"https:\/\/narteks.net\/wp-content\/uploads\/narteks.png\" \/>\n\t<meta property=\"og:image:width\" content=\"300\" \/>\n\t<meta property=\"og:image:height\" content=\"90\" \/>\n\t<meta property=\"og:image:type\" content=\"image\/png\" \/>\n<meta name=\"author\" content=\"Tar\u0131k\" \/>\n<meta name=\"twitter:card\" content=\"summary_large_image\" \/>\n<meta name=\"twitter:creator\" content=\"@narteks\" \/>\n<meta name=\"twitter:site\" content=\"@narteks\" \/>\n<meta name=\"twitter:label1\" content=\"Yazan:\" \/>\n\t<meta name=\"twitter:data1\" content=\"Tar\u0131k\" \/>\n<script type=\"application\/ld+json\" class=\"yoast-schema-graph\">{\"@context\":\"https:\/\/schema.org\",\"@graph\":[{\"@type\":\"Article\",\"@id\":\"https:\/\/narteks.net\/index.php\/2009\/11\/02\/bu-kirlangiclar-gitmemisler-miydi\/#article\",\"isPartOf\":{\"@id\":\"https:\/\/narteks.net\/index.php\/2009\/11\/02\/bu-kirlangiclar-gitmemisler-miydi\/\"},\"author\":{\"name\":\"Tar\u0131k\",\"@id\":\"https:\/\/narteks.net\/#\/schema\/person\/61f37d9834294b72d31d274e7ed79bca\"},\"headline\":\"BU KIRLANGI\u00c7LAR G\u0130TMEM\u0130\u015eLER M\u0130YD\u0130?\",\"datePublished\":\"2009-11-02T08:08:10+00:00\",\"mainEntityOfPage\":{\"@id\":\"https:\/\/narteks.net\/index.php\/2009\/11\/02\/bu-kirlangiclar-gitmemisler-miydi\/\"},\"wordCount\":80,\"commentCount\":0,\"publisher\":{\"@id\":\"https:\/\/narteks.net\/#organization\"},\"articleSection\":[\"M.Cevdet ANDAY\"],\"inLanguage\":\"tr\",\"potentialAction\":[{\"@type\":\"CommentAction\",\"name\":\"Comment\",\"target\":[\"https:\/\/narteks.net\/index.php\/2009\/11\/02\/bu-kirlangiclar-gitmemisler-miydi\/#respond\"]}]},{\"@type\":\"WebPage\",\"@id\":\"https:\/\/narteks.net\/index.php\/2009\/11\/02\/bu-kirlangiclar-gitmemisler-miydi\/\",\"url\":\"https:\/\/narteks.net\/index.php\/2009\/11\/02\/bu-kirlangiclar-gitmemisler-miydi\/\",\"name\":\"BU KIRLANGI\u00c7LAR G\u0130TMEM\u0130\u015eLER M\u0130YD\u0130? - narteks.net\",\"isPartOf\":{\"@id\":\"https:\/\/narteks.net\/#website\"},\"datePublished\":\"2009-11-02T08:08:10+00:00\",\"breadcrumb\":{\"@id\":\"https:\/\/narteks.net\/index.php\/2009\/11\/02\/bu-kirlangiclar-gitmemisler-miydi\/#breadcrumb\"},\"inLanguage\":\"tr\",\"potentialAction\":[{\"@type\":\"ReadAction\",\"target\":[\"https:\/\/narteks.net\/index.php\/2009\/11\/02\/bu-kirlangiclar-gitmemisler-miydi\/\"]}]},{\"@type\":\"BreadcrumbList\",\"@id\":\"https:\/\/narteks.net\/index.php\/2009\/11\/02\/bu-kirlangiclar-gitmemisler-miydi\/#breadcrumb\",\"itemListElement\":[{\"@type\":\"ListItem\",\"position\":1,\"name\":\"Anasayfa\",\"item\":\"https:\/\/narteks.net\/\"},{\"@type\":\"ListItem\",\"position\":2,\"name\":\"BU KIRLANGI\u00c7LAR G\u0130TMEM\u0130\u015eLER M\u0130YD\u0130?\"}]},{\"@type\":\"WebSite\",\"@id\":\"https:\/\/narteks.net\/#website\",\"url\":\"https:\/\/narteks.net\/\",\"name\":\"narteks.net\",\"description\":\"K\u00fclt\u00fcr Sanat Edebiyat Felsefe\",\"publisher\":{\"@id\":\"https:\/\/narteks.net\/#organization\"},\"alternateName\":\"K\u00fclt\u00fcr Sanat Edebiyat Felsefe\",\"potentialAction\":[{\"@type\":\"SearchAction\",\"target\":{\"@type\":\"EntryPoint\",\"urlTemplate\":\"https:\/\/narteks.net\/?s={search_term_string}\"},\"query-input\":{\"@type\":\"PropertyValueSpecification\",\"valueRequired\":true,\"valueName\":\"search_term_string\"}}],\"inLanguage\":\"tr\"},{\"@type\":\"Organization\",\"@id\":\"https:\/\/narteks.net\/#organization\",\"name\":\"narteks.net\",\"url\":\"https:\/\/narteks.net\/\",\"logo\":{\"@type\":\"ImageObject\",\"inLanguage\":\"tr\",\"@id\":\"https:\/\/narteks.net\/#\/schema\/logo\/image\/\",\"url\":\"https:\/\/narteks.net\/wp-content\/uploads\/narteks.png\",\"contentUrl\":\"https:\/\/narteks.net\/wp-content\/uploads\/narteks.png\",\"width\":300,\"height\":90,\"caption\":\"narteks.net\"},\"image\":{\"@id\":\"https:\/\/narteks.net\/#\/schema\/logo\/image\/\"},\"sameAs\":[\"https:\/\/x.com\/narteks\",\"https:\/\/instagram.com\/narteksnet\"]},{\"@type\":\"Person\",\"@id\":\"https:\/\/narteks.net\/#\/schema\/person\/61f37d9834294b72d31d274e7ed79bca\",\"name\":\"Tar\u0131k\",\"image\":{\"@type\":\"ImageObject\",\"inLanguage\":\"tr\",\"@id\":\"https:\/\/narteks.net\/#\/schema\/person\/image\/\",\"url\":\"https:\/\/secure.gravatar.com\/avatar\/50865afb55632c4ae467e0af0930f6510aa2297d8014be502a55b14f3b7550cf?s=96&d=mm&r=g\",\"contentUrl\":\"https:\/\/secure.gravatar.com\/avatar\/50865afb55632c4ae467e0af0930f6510aa2297d8014be502a55b14f3b7550cf?s=96&d=mm&r=g\",\"caption\":\"Tar\u0131k\"},\"sameAs\":[\"http:\/\/narteks.net\"],\"url\":\"https:\/\/narteks.net\/index.php\/author\/narbak\/\"}]}<\/script>\n<!-- \/ Yoast SEO Premium plugin. -->","yoast_head_json":{"title":"BU KIRLANGI\u00c7LAR G\u0130TMEM\u0130\u015eLER M\u0130YD\u0130? - narteks.net","robots":{"index":"index","follow":"follow","max-snippet":"max-snippet:-1","max-image-preview":"max-image-preview:large","max-video-preview":"max-video-preview:-1"},"canonical":"https:\/\/narteks.net\/index.php\/2009\/11\/02\/bu-kirlangiclar-gitmemisler-miydi\/","og_locale":"tr_TR","og_type":"article","og_title":"BU KIRLANGI\u00c7LAR G\u0130TMEM\u0130\u015eLER M\u0130YD\u0130?","og_description":"\u00a0 Giden gelen yok. Bir titre\u015fimdir bu. Duragan fulyan\u0131n \u00fcst\u00fcnde ar\u0131 Bir diyapozon gibi titremekte. K\u0131rlang\u0131\u00e7 Tarihsizdir. Belle\u011fim sars\u0131l\u0131p duruyor denizde. Mart\u0131 bir u\u00e7ta kanat, bir u\u00e7ta ses. Ya sabah, ya \u00f6\u011fle. Gemici ve bulut, G\u00fcne\u015f ve ya\u011fmur k\u0131l pay\u0131 bir dengede. Dolu bir bo\u015flu\u011fu doldurup bo\u015faltmak i\u015fimiz. \u00d6l\u00fclerle, gecelerle, s\u00fcmb\u00fcllerle. Melih Cevdet ANDAY","og_url":"https:\/\/narteks.net\/index.php\/2009\/11\/02\/bu-kirlangiclar-gitmemisler-miydi\/","og_site_name":"narteks.net","article_published_time":"2009-11-02T08:08:10+00:00","og_image":[{"width":300,"height":90,"url":"https:\/\/narteks.net\/wp-content\/uploads\/narteks.png","type":"image\/png"}],"author":"Tar\u0131k","twitter_card":"summary_large_image","twitter_creator":"@narteks","twitter_site":"@narteks","twitter_misc":{"Yazan:":"Tar\u0131k"},"schema":{"@context":"https:\/\/schema.org","@graph":[{"@type":"Article","@id":"https:\/\/narteks.net\/index.php\/2009\/11\/02\/bu-kirlangiclar-gitmemisler-miydi\/#article","isPartOf":{"@id":"https:\/\/narteks.net\/index.php\/2009\/11\/02\/bu-kirlangiclar-gitmemisler-miydi\/"},"author":{"name":"Tar\u0131k","@id":"https:\/\/narteks.net\/#\/schema\/person\/61f37d9834294b72d31d274e7ed79bca"},"headline":"BU KIRLANGI\u00c7LAR G\u0130TMEM\u0130\u015eLER M\u0130YD\u0130?","datePublished":"2009-11-02T08:08:10+00:00","mainEntityOfPage":{"@id":"https:\/\/narteks.net\/index.php\/2009\/11\/02\/bu-kirlangiclar-gitmemisler-miydi\/"},"wordCount":80,"commentCount":0,"publisher":{"@id":"https:\/\/narteks.net\/#organization"},"articleSection":["M.Cevdet ANDAY"],"inLanguage":"tr","potentialAction":[{"@type":"CommentAction","name":"Comment","target":["https:\/\/narteks.net\/index.php\/2009\/11\/02\/bu-kirlangiclar-gitmemisler-miydi\/#respond"]}]},{"@type":"WebPage","@id":"https:\/\/narteks.net\/index.php\/2009\/11\/02\/bu-kirlangiclar-gitmemisler-miydi\/","url":"https:\/\/narteks.net\/index.php\/2009\/11\/02\/bu-kirlangiclar-gitmemisler-miydi\/","name":"BU KIRLANGI\u00c7LAR G\u0130TMEM\u0130\u015eLER M\u0130YD\u0130? - narteks.net","isPartOf":{"@id":"https:\/\/narteks.net\/#website"},"datePublished":"2009-11-02T08:08:10+00:00","breadcrumb":{"@id":"https:\/\/narteks.net\/index.php\/2009\/11\/02\/bu-kirlangiclar-gitmemisler-miydi\/#breadcrumb"},"inLanguage":"tr","potentialAction":[{"@type":"ReadAction","target":["https:\/\/narteks.net\/index.php\/2009\/11\/02\/bu-kirlangiclar-gitmemisler-miydi\/"]}]},{"@type":"BreadcrumbList","@id":"https:\/\/narteks.net\/index.php\/2009\/11\/02\/bu-kirlangiclar-gitmemisler-miydi\/#breadcrumb","itemListElement":[{"@type":"ListItem","position":1,"name":"Anasayfa","item":"https:\/\/narteks.net\/"},{"@type":"ListItem","position":2,"name":"BU KIRLANGI\u00c7LAR G\u0130TMEM\u0130\u015eLER M\u0130YD\u0130?"}]},{"@type":"WebSite","@id":"https:\/\/narteks.net\/#website","url":"https:\/\/narteks.net\/","name":"narteks.net","description":"K\u00fclt\u00fcr Sanat Edebiyat Felsefe","publisher":{"@id":"https:\/\/narteks.net\/#organization"},"alternateName":"K\u00fclt\u00fcr Sanat Edebiyat Felsefe","potentialAction":[{"@type":"SearchAction","target":{"@type":"EntryPoint","urlTemplate":"https:\/\/narteks.net\/?s={search_term_string}"},"query-input":{"@type":"PropertyValueSpecification","valueRequired":true,"valueName":"search_term_string"}}],"inLanguage":"tr"},{"@type":"Organization","@id":"https:\/\/narteks.net\/#organization","name":"narteks.net","url":"https:\/\/narteks.net\/","logo":{"@type":"ImageObject","inLanguage":"tr","@id":"https:\/\/narteks.net\/#\/schema\/logo\/image\/","url":"https:\/\/narteks.net\/wp-content\/uploads\/narteks.png","contentUrl":"https:\/\/narteks.net\/wp-content\/uploads\/narteks.png","width":300,"height":90,"caption":"narteks.net"},"image":{"@id":"https:\/\/narteks.net\/#\/schema\/logo\/image\/"},"sameAs":["https:\/\/x.com\/narteks","https:\/\/instagram.com\/narteksnet"]},{"@type":"Person","@id":"https:\/\/narteks.net\/#\/schema\/person\/61f37d9834294b72d31d274e7ed79bca","name":"Tar\u0131k","image":{"@type":"ImageObject","inLanguage":"tr","@id":"https:\/\/narteks.net\/#\/schema\/person\/image\/","url":"https:\/\/secure.gravatar.com\/avatar\/50865afb55632c4ae467e0af0930f6510aa2297d8014be502a55b14f3b7550cf?s=96&d=mm&r=g","contentUrl":"https:\/\/secure.gravatar.com\/avatar\/50865afb55632c4ae467e0af0930f6510aa2297d8014be502a55b14f3b7550cf?s=96&d=mm&r=g","caption":"Tar\u0131k"},"sameAs":["http:\/\/narteks.net"],"url":"https:\/\/narteks.net\/index.php\/author\/narbak\/"}]}},"_links":{"self":[{"href":"https:\/\/narteks.net\/index.php\/wp-json\/wp\/v2\/posts\/762","targetHints":{"allow":["GET"]}}],"collection":[{"href":"https:\/\/narteks.net\/index.php\/wp-json\/wp\/v2\/posts"}],"about":[{"href":"https:\/\/narteks.net\/index.php\/wp-json\/wp\/v2\/types\/post"}],"author":[{"embeddable":true,"href":"https:\/\/narteks.net\/index.php\/wp-json\/wp\/v2\/users\/1"}],"replies":[{"embeddable":true,"href":"https:\/\/narteks.net\/index.php\/wp-json\/wp\/v2\/comments?post=762"}],"version-history":[{"count":0,"href":"https:\/\/narteks.net\/index.php\/wp-json\/wp\/v2\/posts\/762\/revisions"}],"wp:attachment":[{"href":"https:\/\/narteks.net\/index.php\/wp-json\/wp\/v2\/media?parent=762"}],"wp:term":[{"taxonomy":"category","embeddable":true,"href":"https:\/\/narteks.net\/index.php\/wp-json\/wp\/v2\/categories?post=762"},{"taxonomy":"post_tag","embeddable":true,"href":"https:\/\/narteks.net\/index.php\/wp-json\/wp\/v2\/tags?post=762"}],"curies":[{"name":"wp","href":"https:\/\/api.w.org\/{rel}","templated":true}]}}