{"id":765,"date":"2009-11-02T11:09:44","date_gmt":"2009-11-02T08:09:44","guid":{"rendered":"http:\/\/localhost\/wordpress\/2009\/11\/02\/duzenli-dunya\/"},"modified":"2009-11-02T11:09:44","modified_gmt":"2009-11-02T08:09:44","slug":"duzenli-dunya","status":"publish","type":"post","link":"https:\/\/narteks.net\/index.php\/2009\/11\/02\/duzenli-dunya\/","title":{"rendered":"D\u00dcZENL\u0130 D\u00dcNYA"},"content":{"rendered":"<p>\u00a0<\/p>\n<p>Bay\u0131l\u0131r\u0131m \u015fu d\u00fczenli d\u00fcnyaya <br \/> K\u0131\u015f\u0131, yaz\u0131, bahar\u0131, g\u00fcz\u00fc, gecesi g\u00fcnd\u00fcz\u00fc s\u0131rayla <br \/> A\u011fa\u00e7lar\u0131n k\u00f6k\u00fc i\u00e7erde <br \/> Dallar\u0131n ba\u015f\u0131 yukarda <br \/> \u0130nsanlar\u0131n akl\u0131 ba\u015f\u0131nda <br \/> Be\u015f parmak yerli yerinde <br \/> Ba\u015f, i\u015faret, orta, y\u00fcz\u00fck ve ser\u00e7e <br \/> Diyelimki kalksada ser\u00e7e, orta parma\u011fa do\u011fru y\u00fcr\u00fcse <br \/> Ne haddine <br \/> Yahut akasyan\u0131n biri ba\u015f\u0131n\u0131 topra\u011fa dald\u0131rd\u0131\u011f\u0131 gibi bir gezintiye \u00e7\u0131ksa <br \/> Merhaba kestane merhaba \u00e7am <br \/> Esselamunaleyk\u00fcm ve aleyk\u00fcmselam <br \/> Kimsin nesin nerelisin derken <br \/> Laf a\u00e7\u0131l\u0131rm\u0131 bizim akasyan\u0131n k\u00f6k\u00fcnden <br \/> Bir u\u011fultudur ba\u015flar r\u00fczgarda <br \/> K\u00f6k\u00fc d\u0131\u015farda, K\u00f6k\u00fc d\u0131\u015farda <br \/> Bay\u0131l\u0131r\u0131m \u015fu d\u00fczenli d\u00fcnyaya <br \/> K\u0131\u015f\u0131, yaz\u0131, bahar\u0131.g\u00fcz\u00fc.gecesi, g\u00fcnd\u00fcz\u00fc s\u0131rayla <br \/> A\u011fa\u00e7lar\u0131n k\u00f6k\u00fc i\u00e7erde <br \/> Dallar\u0131n ba\u015f\u0131 yukarda <br \/> \u0130nsanlar\u0131n akl\u0131 ba\u015f\u0131nda <br \/> Altta \u00f6l\u00fcler <br \/> \u00dcstte diriler <br \/> Gel keyfim gel<\/p>\n<p>Melih Cevdet ANDAY<\/p>\n","protected":false},"excerpt":{"rendered":"<p>\u00a0 Bay\u0131l\u0131r\u0131m \u015fu d\u00fczenli d\u00fcnyaya K\u0131\u015f\u0131, yaz\u0131, bahar\u0131, g\u00fcz\u00fc, gecesi g\u00fcnd\u00fcz\u00fc s\u0131rayla A\u011fa\u00e7lar\u0131n k\u00f6k\u00fc i\u00e7erde Dallar\u0131n ba\u015f\u0131 yukarda \u0130nsanlar\u0131n akl\u0131 ba\u015f\u0131nda Be\u015f parmak yerli yerinde Ba\u015f, i\u015faret, orta, y\u00fcz\u00fck ve ser\u00e7e Diyelimki kalksada ser\u00e7e, orta parma\u011fa do\u011fru y\u00fcr\u00fcse Ne haddine Yahut akasyan\u0131n biri ba\u015f\u0131n\u0131 topra\u011fa dald\u0131rd\u0131\u011f\u0131 gibi bir gezintiye \u00e7\u0131ksa Merhaba kestane merhaba \u00e7am Esselamunaleyk\u00fcm [&hellip;]<\/p>\n","protected":false},"author":1,"featured_media":0,"comment_status":"open","ping_status":"open","sticky":false,"template":"","format":"standard","meta":{"footnotes":""},"categories":[22],"tags":[],"class_list":{"0":"post-765","1":"post","2":"type-post","3":"status-publish","4":"format-standard","6":"category-m-cevdet-anday"},"yoast_head":"<!-- This site is optimized with the Yoast SEO Premium plugin v24.9 (Yoast SEO v24.9) - https:\/\/yoast.com\/wordpress\/plugins\/seo\/ -->\n<title>D\u00dcZENL\u0130 D\u00dcNYA - narteks.net<\/title>\n<meta name=\"robots\" content=\"index, follow, max-snippet:-1, max-image-preview:large, max-video-preview:-1\" \/>\n<link rel=\"canonical\" href=\"https:\/\/narteks.net\/index.php\/2009\/11\/02\/duzenli-dunya\/\" \/>\n<meta property=\"og:locale\" content=\"tr_TR\" \/>\n<meta property=\"og:type\" content=\"article\" \/>\n<meta property=\"og:title\" content=\"D\u00dcZENL\u0130 D\u00dcNYA\" \/>\n<meta property=\"og:description\" content=\"\u00a0 Bay\u0131l\u0131r\u0131m \u015fu d\u00fczenli d\u00fcnyaya K\u0131\u015f\u0131, yaz\u0131, bahar\u0131, g\u00fcz\u00fc, gecesi g\u00fcnd\u00fcz\u00fc s\u0131rayla A\u011fa\u00e7lar\u0131n k\u00f6k\u00fc i\u00e7erde Dallar\u0131n ba\u015f\u0131 yukarda \u0130nsanlar\u0131n akl\u0131 ba\u015f\u0131nda Be\u015f parmak yerli yerinde Ba\u015f, i\u015faret, orta, y\u00fcz\u00fck ve ser\u00e7e Diyelimki kalksada ser\u00e7e, orta parma\u011fa do\u011fru y\u00fcr\u00fcse Ne haddine Yahut akasyan\u0131n biri ba\u015f\u0131n\u0131 topra\u011fa dald\u0131rd\u0131\u011f\u0131 gibi bir gezintiye \u00e7\u0131ksa Merhaba kestane merhaba \u00e7am Esselamunaleyk\u00fcm [&hellip;]\" \/>\n<meta property=\"og:url\" content=\"https:\/\/narteks.net\/index.php\/2009\/11\/02\/duzenli-dunya\/\" \/>\n<meta property=\"og:site_name\" content=\"narteks.net\" \/>\n<meta property=\"article:published_time\" content=\"2009-11-02T08:09:44+00:00\" \/>\n<meta property=\"og:image\" content=\"https:\/\/narteks.net\/wp-content\/uploads\/narteks.png\" \/>\n\t<meta property=\"og:image:width\" content=\"300\" \/>\n\t<meta property=\"og:image:height\" content=\"90\" \/>\n\t<meta property=\"og:image:type\" content=\"image\/png\" \/>\n<meta name=\"author\" content=\"Tar\u0131k\" \/>\n<meta name=\"twitter:card\" content=\"summary_large_image\" \/>\n<meta name=\"twitter:creator\" content=\"@narteks\" \/>\n<meta name=\"twitter:site\" content=\"@narteks\" \/>\n<meta name=\"twitter:label1\" content=\"Yazan:\" \/>\n\t<meta name=\"twitter:data1\" content=\"Tar\u0131k\" \/>\n\t<meta name=\"twitter:label2\" content=\"Tahmini okuma s\u00fcresi\" \/>\n\t<meta name=\"twitter:data2\" content=\"1 dakika\" \/>\n<script type=\"application\/ld+json\" class=\"yoast-schema-graph\">{\"@context\":\"https:\/\/schema.org\",\"@graph\":[{\"@type\":\"Article\",\"@id\":\"https:\/\/narteks.net\/index.php\/2009\/11\/02\/duzenli-dunya\/#article\",\"isPartOf\":{\"@id\":\"https:\/\/narteks.net\/index.php\/2009\/11\/02\/duzenli-dunya\/\"},\"author\":{\"name\":\"Tar\u0131k\",\"@id\":\"https:\/\/narteks.net\/#\/schema\/person\/61f37d9834294b72d31d274e7ed79bca\"},\"headline\":\"D\u00dcZENL\u0130 D\u00dcNYA\",\"datePublished\":\"2009-11-02T08:09:44+00:00\",\"mainEntityOfPage\":{\"@id\":\"https:\/\/narteks.net\/index.php\/2009\/11\/02\/duzenli-dunya\/\"},\"wordCount\":169,\"commentCount\":0,\"publisher\":{\"@id\":\"https:\/\/narteks.net\/#organization\"},\"articleSection\":[\"M.Cevdet ANDAY\"],\"inLanguage\":\"tr\",\"potentialAction\":[{\"@type\":\"CommentAction\",\"name\":\"Comment\",\"target\":[\"https:\/\/narteks.net\/index.php\/2009\/11\/02\/duzenli-dunya\/#respond\"]}]},{\"@type\":\"WebPage\",\"@id\":\"https:\/\/narteks.net\/index.php\/2009\/11\/02\/duzenli-dunya\/\",\"url\":\"https:\/\/narteks.net\/index.php\/2009\/11\/02\/duzenli-dunya\/\",\"name\":\"D\u00dcZENL\u0130 D\u00dcNYA - narteks.net\",\"isPartOf\":{\"@id\":\"https:\/\/narteks.net\/#website\"},\"datePublished\":\"2009-11-02T08:09:44+00:00\",\"breadcrumb\":{\"@id\":\"https:\/\/narteks.net\/index.php\/2009\/11\/02\/duzenli-dunya\/#breadcrumb\"},\"inLanguage\":\"tr\",\"potentialAction\":[{\"@type\":\"ReadAction\",\"target\":[\"https:\/\/narteks.net\/index.php\/2009\/11\/02\/duzenli-dunya\/\"]}]},{\"@type\":\"BreadcrumbList\",\"@id\":\"https:\/\/narteks.net\/index.php\/2009\/11\/02\/duzenli-dunya\/#breadcrumb\",\"itemListElement\":[{\"@type\":\"ListItem\",\"position\":1,\"name\":\"Anasayfa\",\"item\":\"https:\/\/narteks.net\/\"},{\"@type\":\"ListItem\",\"position\":2,\"name\":\"D\u00dcZENL\u0130 D\u00dcNYA\"}]},{\"@type\":\"WebSite\",\"@id\":\"https:\/\/narteks.net\/#website\",\"url\":\"https:\/\/narteks.net\/\",\"name\":\"narteks.net\",\"description\":\"K\u00fclt\u00fcr Sanat Edebiyat Felsefe\",\"publisher\":{\"@id\":\"https:\/\/narteks.net\/#organization\"},\"alternateName\":\"K\u00fclt\u00fcr Sanat Edebiyat Felsefe\",\"potentialAction\":[{\"@type\":\"SearchAction\",\"target\":{\"@type\":\"EntryPoint\",\"urlTemplate\":\"https:\/\/narteks.net\/?s={search_term_string}\"},\"query-input\":{\"@type\":\"PropertyValueSpecification\",\"valueRequired\":true,\"valueName\":\"search_term_string\"}}],\"inLanguage\":\"tr\"},{\"@type\":\"Organization\",\"@id\":\"https:\/\/narteks.net\/#organization\",\"name\":\"narteks.net\",\"url\":\"https:\/\/narteks.net\/\",\"logo\":{\"@type\":\"ImageObject\",\"inLanguage\":\"tr\",\"@id\":\"https:\/\/narteks.net\/#\/schema\/logo\/image\/\",\"url\":\"https:\/\/narteks.net\/wp-content\/uploads\/narteks.png\",\"contentUrl\":\"https:\/\/narteks.net\/wp-content\/uploads\/narteks.png\",\"width\":300,\"height\":90,\"caption\":\"narteks.net\"},\"image\":{\"@id\":\"https:\/\/narteks.net\/#\/schema\/logo\/image\/\"},\"sameAs\":[\"https:\/\/x.com\/narteks\",\"https:\/\/instagram.com\/narteksnet\"]},{\"@type\":\"Person\",\"@id\":\"https:\/\/narteks.net\/#\/schema\/person\/61f37d9834294b72d31d274e7ed79bca\",\"name\":\"Tar\u0131k\",\"image\":{\"@type\":\"ImageObject\",\"inLanguage\":\"tr\",\"@id\":\"https:\/\/narteks.net\/#\/schema\/person\/image\/\",\"url\":\"https:\/\/secure.gravatar.com\/avatar\/50865afb55632c4ae467e0af0930f6510aa2297d8014be502a55b14f3b7550cf?s=96&d=mm&r=g\",\"contentUrl\":\"https:\/\/secure.gravatar.com\/avatar\/50865afb55632c4ae467e0af0930f6510aa2297d8014be502a55b14f3b7550cf?s=96&d=mm&r=g\",\"caption\":\"Tar\u0131k\"},\"sameAs\":[\"http:\/\/narteks.net\"],\"url\":\"https:\/\/narteks.net\/index.php\/author\/narbak\/\"}]}<\/script>\n<!-- \/ Yoast SEO Premium plugin. -->","yoast_head_json":{"title":"D\u00dcZENL\u0130 D\u00dcNYA - narteks.net","robots":{"index":"index","follow":"follow","max-snippet":"max-snippet:-1","max-image-preview":"max-image-preview:large","max-video-preview":"max-video-preview:-1"},"canonical":"https:\/\/narteks.net\/index.php\/2009\/11\/02\/duzenli-dunya\/","og_locale":"tr_TR","og_type":"article","og_title":"D\u00dcZENL\u0130 D\u00dcNYA","og_description":"\u00a0 Bay\u0131l\u0131r\u0131m \u015fu d\u00fczenli d\u00fcnyaya K\u0131\u015f\u0131, yaz\u0131, bahar\u0131, g\u00fcz\u00fc, gecesi g\u00fcnd\u00fcz\u00fc s\u0131rayla A\u011fa\u00e7lar\u0131n k\u00f6k\u00fc i\u00e7erde Dallar\u0131n ba\u015f\u0131 yukarda \u0130nsanlar\u0131n akl\u0131 ba\u015f\u0131nda Be\u015f parmak yerli yerinde Ba\u015f, i\u015faret, orta, y\u00fcz\u00fck ve ser\u00e7e Diyelimki kalksada ser\u00e7e, orta parma\u011fa do\u011fru y\u00fcr\u00fcse Ne haddine Yahut akasyan\u0131n biri ba\u015f\u0131n\u0131 topra\u011fa dald\u0131rd\u0131\u011f\u0131 gibi bir gezintiye \u00e7\u0131ksa Merhaba kestane merhaba \u00e7am Esselamunaleyk\u00fcm [&hellip;]","og_url":"https:\/\/narteks.net\/index.php\/2009\/11\/02\/duzenli-dunya\/","og_site_name":"narteks.net","article_published_time":"2009-11-02T08:09:44+00:00","og_image":[{"width":300,"height":90,"url":"https:\/\/narteks.net\/wp-content\/uploads\/narteks.png","type":"image\/png"}],"author":"Tar\u0131k","twitter_card":"summary_large_image","twitter_creator":"@narteks","twitter_site":"@narteks","twitter_misc":{"Yazan:":"Tar\u0131k","Tahmini okuma s\u00fcresi":"1 dakika"},"schema":{"@context":"https:\/\/schema.org","@graph":[{"@type":"Article","@id":"https:\/\/narteks.net\/index.php\/2009\/11\/02\/duzenli-dunya\/#article","isPartOf":{"@id":"https:\/\/narteks.net\/index.php\/2009\/11\/02\/duzenli-dunya\/"},"author":{"name":"Tar\u0131k","@id":"https:\/\/narteks.net\/#\/schema\/person\/61f37d9834294b72d31d274e7ed79bca"},"headline":"D\u00dcZENL\u0130 D\u00dcNYA","datePublished":"2009-11-02T08:09:44+00:00","mainEntityOfPage":{"@id":"https:\/\/narteks.net\/index.php\/2009\/11\/02\/duzenli-dunya\/"},"wordCount":169,"commentCount":0,"publisher":{"@id":"https:\/\/narteks.net\/#organization"},"articleSection":["M.Cevdet ANDAY"],"inLanguage":"tr","potentialAction":[{"@type":"CommentAction","name":"Comment","target":["https:\/\/narteks.net\/index.php\/2009\/11\/02\/duzenli-dunya\/#respond"]}]},{"@type":"WebPage","@id":"https:\/\/narteks.net\/index.php\/2009\/11\/02\/duzenli-dunya\/","url":"https:\/\/narteks.net\/index.php\/2009\/11\/02\/duzenli-dunya\/","name":"D\u00dcZENL\u0130 D\u00dcNYA - narteks.net","isPartOf":{"@id":"https:\/\/narteks.net\/#website"},"datePublished":"2009-11-02T08:09:44+00:00","breadcrumb":{"@id":"https:\/\/narteks.net\/index.php\/2009\/11\/02\/duzenli-dunya\/#breadcrumb"},"inLanguage":"tr","potentialAction":[{"@type":"ReadAction","target":["https:\/\/narteks.net\/index.php\/2009\/11\/02\/duzenli-dunya\/"]}]},{"@type":"BreadcrumbList","@id":"https:\/\/narteks.net\/index.php\/2009\/11\/02\/duzenli-dunya\/#breadcrumb","itemListElement":[{"@type":"ListItem","position":1,"name":"Anasayfa","item":"https:\/\/narteks.net\/"},{"@type":"ListItem","position":2,"name":"D\u00dcZENL\u0130 D\u00dcNYA"}]},{"@type":"WebSite","@id":"https:\/\/narteks.net\/#website","url":"https:\/\/narteks.net\/","name":"narteks.net","description":"K\u00fclt\u00fcr Sanat Edebiyat Felsefe","publisher":{"@id":"https:\/\/narteks.net\/#organization"},"alternateName":"K\u00fclt\u00fcr Sanat Edebiyat Felsefe","potentialAction":[{"@type":"SearchAction","target":{"@type":"EntryPoint","urlTemplate":"https:\/\/narteks.net\/?s={search_term_string}"},"query-input":{"@type":"PropertyValueSpecification","valueRequired":true,"valueName":"search_term_string"}}],"inLanguage":"tr"},{"@type":"Organization","@id":"https:\/\/narteks.net\/#organization","name":"narteks.net","url":"https:\/\/narteks.net\/","logo":{"@type":"ImageObject","inLanguage":"tr","@id":"https:\/\/narteks.net\/#\/schema\/logo\/image\/","url":"https:\/\/narteks.net\/wp-content\/uploads\/narteks.png","contentUrl":"https:\/\/narteks.net\/wp-content\/uploads\/narteks.png","width":300,"height":90,"caption":"narteks.net"},"image":{"@id":"https:\/\/narteks.net\/#\/schema\/logo\/image\/"},"sameAs":["https:\/\/x.com\/narteks","https:\/\/instagram.com\/narteksnet"]},{"@type":"Person","@id":"https:\/\/narteks.net\/#\/schema\/person\/61f37d9834294b72d31d274e7ed79bca","name":"Tar\u0131k","image":{"@type":"ImageObject","inLanguage":"tr","@id":"https:\/\/narteks.net\/#\/schema\/person\/image\/","url":"https:\/\/secure.gravatar.com\/avatar\/50865afb55632c4ae467e0af0930f6510aa2297d8014be502a55b14f3b7550cf?s=96&d=mm&r=g","contentUrl":"https:\/\/secure.gravatar.com\/avatar\/50865afb55632c4ae467e0af0930f6510aa2297d8014be502a55b14f3b7550cf?s=96&d=mm&r=g","caption":"Tar\u0131k"},"sameAs":["http:\/\/narteks.net"],"url":"https:\/\/narteks.net\/index.php\/author\/narbak\/"}]}},"_links":{"self":[{"href":"https:\/\/narteks.net\/index.php\/wp-json\/wp\/v2\/posts\/765","targetHints":{"allow":["GET"]}}],"collection":[{"href":"https:\/\/narteks.net\/index.php\/wp-json\/wp\/v2\/posts"}],"about":[{"href":"https:\/\/narteks.net\/index.php\/wp-json\/wp\/v2\/types\/post"}],"author":[{"embeddable":true,"href":"https:\/\/narteks.net\/index.php\/wp-json\/wp\/v2\/users\/1"}],"replies":[{"embeddable":true,"href":"https:\/\/narteks.net\/index.php\/wp-json\/wp\/v2\/comments?post=765"}],"version-history":[{"count":0,"href":"https:\/\/narteks.net\/index.php\/wp-json\/wp\/v2\/posts\/765\/revisions"}],"wp:attachment":[{"href":"https:\/\/narteks.net\/index.php\/wp-json\/wp\/v2\/media?parent=765"}],"wp:term":[{"taxonomy":"category","embeddable":true,"href":"https:\/\/narteks.net\/index.php\/wp-json\/wp\/v2\/categories?post=765"},{"taxonomy":"post_tag","embeddable":true,"href":"https:\/\/narteks.net\/index.php\/wp-json\/wp\/v2\/tags?post=765"}],"curies":[{"name":"wp","href":"https:\/\/api.w.org\/{rel}","templated":true}]}}