{"id":769,"date":"2009-11-02T11:11:58","date_gmt":"2009-11-02T08:11:58","guid":{"rendered":"http:\/\/localhost\/wordpress\/2009\/11\/02\/guneste\/"},"modified":"2009-11-02T11:11:58","modified_gmt":"2009-11-02T08:11:58","slug":"guneste","status":"publish","type":"post","link":"https:\/\/narteks.net\/index.php\/2009\/11\/02\/guneste\/","title":{"rendered":"G\u00dcNE\u015eTE"},"content":{"rendered":"<p>\u00a0<\/p>\n<p>\u00c7\u00fcnk\u00fc saatler dard\u0131r, her \u015feyi almaz <br \/> G\u00fcne\u015fte \u00e7\u00f6z\u00fcl\u00fcr ve kayarlar bir yana. <br \/> M\u0131s\u0131rlar g\u00fc\u00e7l\u00fckle b\u00fcy\u00fcrken ya\u011fmursuzluk <br \/> Kayg\u0131land\u0131r\u0131r dilsiz bah\u00e7\u0131van\u0131. <br \/> Sessiz ku\u015flar, bir ke\u00e7i, a\u011f\u0131r i\u011fde a\u011fa\u00e7lar\u0131. <br \/> Bir araba ge\u00e7ti incelmi\u015f yoldan <br \/> El sallad\u0131 biri, belki tan\u0131d\u0131k, <br \/> Belki de\u011fil, s\u00fcreksizli\u011fin e\u015fanlam\u0131. <br \/> Ve denizin yorgun \u00e7a\u011f\u0131ndayd\u0131 \u00e7ocuklar <br \/> \u00c7\u0131\u011fl\u0131klar\u0131 titretir balkondaki sarma\u015f\u0131\u011f\u0131, <br \/> \u00c7\u00fcnk\u00fc dard\u0131r saatler, s\u0131\u011fmaz biraraya <br \/> Dalg\u0131nl\u0131k, deniz ve sardunya. <br \/> R\u00fczg\u00e2r al\u0131p g\u00f6t\u00fcrd\u00fc bal\u0131k\u00e7\u0131 teknelerini <br \/> Uzaktaki k\u0131l\u0131\u00e7lara, ki bilemeyiz <br \/> Hangi derinlikte d\u00f6lleyerek denizi <br \/> Gidiyorlar \u00f6yle a\u011f\u0131rba\u015fl\u0131, do\u011fuya. <\/p>\n<p> Ve ocaktan \u00e7orban\u0131n kokusu geldi demin <br \/> Burun deli\u011fine kedinin ve k\u00f6pe\u011fin. <br \/> Rafta kitaplar, mavi bir \u015fi\u015fe ve g\u00fcl <br \/> Donmu\u015f kalm\u0131\u015flar tek ba\u015flar\u0131na. <br \/> Duvarda bir resim, resimde kalabal\u0131k <br \/> K\u00f6y alan\u0131, \u00e7ocuklar, \u00e7ember ve zaman. <br \/> Breughel nas\u0131l da toplam\u0131\u015f bunca <br \/> Ortakl\u0131\u011f\u0131 ve uyumu biraraya, <br \/> \u00c7\u00fcnk\u00fc saatler dard\u0131r, s\u0131\u011fd\u0131r\u0131lmaz. <br \/> G\u00fcne\u015fte her \u015fey \u00e7\u00f6z\u00fcl\u00fcr gider bir yana.<\/p>\n<p>Melih Cevdet ANDAY<\/p>\n","protected":false},"excerpt":{"rendered":"<p>\u00a0 \u00c7\u00fcnk\u00fc saatler dard\u0131r, her \u015feyi almaz G\u00fcne\u015fte \u00e7\u00f6z\u00fcl\u00fcr ve kayarlar bir yana. M\u0131s\u0131rlar g\u00fc\u00e7l\u00fckle b\u00fcy\u00fcrken ya\u011fmursuzluk Kayg\u0131land\u0131r\u0131r dilsiz bah\u00e7\u0131van\u0131. Sessiz ku\u015flar, bir ke\u00e7i, a\u011f\u0131r i\u011fde a\u011fa\u00e7lar\u0131. Bir araba ge\u00e7ti incelmi\u015f yoldan El sallad\u0131 biri, belki tan\u0131d\u0131k, Belki de\u011fil, s\u00fcreksizli\u011fin e\u015fanlam\u0131. Ve denizin yorgun \u00e7a\u011f\u0131ndayd\u0131 \u00e7ocuklar \u00c7\u0131\u011fl\u0131klar\u0131 titretir balkondaki sarma\u015f\u0131\u011f\u0131, \u00c7\u00fcnk\u00fc dard\u0131r saatler, s\u0131\u011fmaz biraraya [&hellip;]<\/p>\n","protected":false},"author":1,"featured_media":0,"comment_status":"open","ping_status":"open","sticky":false,"template":"","format":"standard","meta":{"footnotes":""},"categories":[22],"tags":[],"class_list":{"0":"post-769","1":"post","2":"type-post","3":"status-publish","4":"format-standard","6":"category-m-cevdet-anday"},"yoast_head":"<!-- This site is optimized with the Yoast SEO Premium plugin v24.9 (Yoast SEO v24.9) - https:\/\/yoast.com\/wordpress\/plugins\/seo\/ -->\n<title>G\u00dcNE\u015eTE - narteks.net<\/title>\n<meta name=\"robots\" content=\"index, follow, max-snippet:-1, max-image-preview:large, max-video-preview:-1\" \/>\n<link rel=\"canonical\" href=\"https:\/\/narteks.net\/index.php\/2009\/11\/02\/guneste\/\" \/>\n<meta property=\"og:locale\" content=\"tr_TR\" \/>\n<meta property=\"og:type\" content=\"article\" \/>\n<meta property=\"og:title\" content=\"G\u00dcNE\u015eTE\" \/>\n<meta property=\"og:description\" content=\"\u00a0 \u00c7\u00fcnk\u00fc saatler dard\u0131r, her \u015feyi almaz G\u00fcne\u015fte \u00e7\u00f6z\u00fcl\u00fcr ve kayarlar bir yana. M\u0131s\u0131rlar g\u00fc\u00e7l\u00fckle b\u00fcy\u00fcrken ya\u011fmursuzluk Kayg\u0131land\u0131r\u0131r dilsiz bah\u00e7\u0131van\u0131. Sessiz ku\u015flar, bir ke\u00e7i, a\u011f\u0131r i\u011fde a\u011fa\u00e7lar\u0131. Bir araba ge\u00e7ti incelmi\u015f yoldan El sallad\u0131 biri, belki tan\u0131d\u0131k, Belki de\u011fil, s\u00fcreksizli\u011fin e\u015fanlam\u0131. Ve denizin yorgun \u00e7a\u011f\u0131ndayd\u0131 \u00e7ocuklar \u00c7\u0131\u011fl\u0131klar\u0131 titretir balkondaki sarma\u015f\u0131\u011f\u0131, \u00c7\u00fcnk\u00fc dard\u0131r saatler, s\u0131\u011fmaz biraraya [&hellip;]\" \/>\n<meta property=\"og:url\" content=\"https:\/\/narteks.net\/index.php\/2009\/11\/02\/guneste\/\" \/>\n<meta property=\"og:site_name\" content=\"narteks.net\" \/>\n<meta property=\"article:published_time\" content=\"2009-11-02T08:11:58+00:00\" \/>\n<meta property=\"og:image\" content=\"https:\/\/narteks.net\/wp-content\/uploads\/narteks.png\" \/>\n\t<meta property=\"og:image:width\" content=\"300\" \/>\n\t<meta property=\"og:image:height\" content=\"90\" \/>\n\t<meta property=\"og:image:type\" content=\"image\/png\" \/>\n<meta name=\"author\" content=\"Tar\u0131k\" \/>\n<meta name=\"twitter:card\" content=\"summary_large_image\" \/>\n<meta name=\"twitter:creator\" content=\"@narteks\" \/>\n<meta name=\"twitter:site\" content=\"@narteks\" \/>\n<meta name=\"twitter:label1\" content=\"Yazan:\" \/>\n\t<meta name=\"twitter:data1\" content=\"Tar\u0131k\" \/>\n\t<meta name=\"twitter:label2\" content=\"Tahmini okuma s\u00fcresi\" \/>\n\t<meta name=\"twitter:data2\" content=\"1 dakika\" \/>\n<script type=\"application\/ld+json\" class=\"yoast-schema-graph\">{\"@context\":\"https:\/\/schema.org\",\"@graph\":[{\"@type\":\"Article\",\"@id\":\"https:\/\/narteks.net\/index.php\/2009\/11\/02\/guneste\/#article\",\"isPartOf\":{\"@id\":\"https:\/\/narteks.net\/index.php\/2009\/11\/02\/guneste\/\"},\"author\":{\"name\":\"Tar\u0131k\",\"@id\":\"https:\/\/narteks.net\/#\/schema\/person\/61f37d9834294b72d31d274e7ed79bca\"},\"headline\":\"G\u00dcNE\u015eTE\",\"datePublished\":\"2009-11-02T08:11:58+00:00\",\"mainEntityOfPage\":{\"@id\":\"https:\/\/narteks.net\/index.php\/2009\/11\/02\/guneste\/\"},\"wordCount\":201,\"commentCount\":0,\"publisher\":{\"@id\":\"https:\/\/narteks.net\/#organization\"},\"articleSection\":[\"M.Cevdet ANDAY\"],\"inLanguage\":\"tr\",\"potentialAction\":[{\"@type\":\"CommentAction\",\"name\":\"Comment\",\"target\":[\"https:\/\/narteks.net\/index.php\/2009\/11\/02\/guneste\/#respond\"]}]},{\"@type\":\"WebPage\",\"@id\":\"https:\/\/narteks.net\/index.php\/2009\/11\/02\/guneste\/\",\"url\":\"https:\/\/narteks.net\/index.php\/2009\/11\/02\/guneste\/\",\"name\":\"G\u00dcNE\u015eTE - narteks.net\",\"isPartOf\":{\"@id\":\"https:\/\/narteks.net\/#website\"},\"datePublished\":\"2009-11-02T08:11:58+00:00\",\"breadcrumb\":{\"@id\":\"https:\/\/narteks.net\/index.php\/2009\/11\/02\/guneste\/#breadcrumb\"},\"inLanguage\":\"tr\",\"potentialAction\":[{\"@type\":\"ReadAction\",\"target\":[\"https:\/\/narteks.net\/index.php\/2009\/11\/02\/guneste\/\"]}]},{\"@type\":\"BreadcrumbList\",\"@id\":\"https:\/\/narteks.net\/index.php\/2009\/11\/02\/guneste\/#breadcrumb\",\"itemListElement\":[{\"@type\":\"ListItem\",\"position\":1,\"name\":\"Anasayfa\",\"item\":\"https:\/\/narteks.net\/\"},{\"@type\":\"ListItem\",\"position\":2,\"name\":\"G\u00dcNE\u015eTE\"}]},{\"@type\":\"WebSite\",\"@id\":\"https:\/\/narteks.net\/#website\",\"url\":\"https:\/\/narteks.net\/\",\"name\":\"narteks.net\",\"description\":\"K\u00fclt\u00fcr Sanat Edebiyat Felsefe\",\"publisher\":{\"@id\":\"https:\/\/narteks.net\/#organization\"},\"alternateName\":\"K\u00fclt\u00fcr Sanat Edebiyat Felsefe\",\"potentialAction\":[{\"@type\":\"SearchAction\",\"target\":{\"@type\":\"EntryPoint\",\"urlTemplate\":\"https:\/\/narteks.net\/?s={search_term_string}\"},\"query-input\":{\"@type\":\"PropertyValueSpecification\",\"valueRequired\":true,\"valueName\":\"search_term_string\"}}],\"inLanguage\":\"tr\"},{\"@type\":\"Organization\",\"@id\":\"https:\/\/narteks.net\/#organization\",\"name\":\"narteks.net\",\"url\":\"https:\/\/narteks.net\/\",\"logo\":{\"@type\":\"ImageObject\",\"inLanguage\":\"tr\",\"@id\":\"https:\/\/narteks.net\/#\/schema\/logo\/image\/\",\"url\":\"https:\/\/narteks.net\/wp-content\/uploads\/narteks.png\",\"contentUrl\":\"https:\/\/narteks.net\/wp-content\/uploads\/narteks.png\",\"width\":300,\"height\":90,\"caption\":\"narteks.net\"},\"image\":{\"@id\":\"https:\/\/narteks.net\/#\/schema\/logo\/image\/\"},\"sameAs\":[\"https:\/\/x.com\/narteks\",\"https:\/\/instagram.com\/narteksnet\"]},{\"@type\":\"Person\",\"@id\":\"https:\/\/narteks.net\/#\/schema\/person\/61f37d9834294b72d31d274e7ed79bca\",\"name\":\"Tar\u0131k\",\"image\":{\"@type\":\"ImageObject\",\"inLanguage\":\"tr\",\"@id\":\"https:\/\/narteks.net\/#\/schema\/person\/image\/\",\"url\":\"https:\/\/secure.gravatar.com\/avatar\/50865afb55632c4ae467e0af0930f6510aa2297d8014be502a55b14f3b7550cf?s=96&d=mm&r=g\",\"contentUrl\":\"https:\/\/secure.gravatar.com\/avatar\/50865afb55632c4ae467e0af0930f6510aa2297d8014be502a55b14f3b7550cf?s=96&d=mm&r=g\",\"caption\":\"Tar\u0131k\"},\"sameAs\":[\"http:\/\/narteks.net\"],\"url\":\"https:\/\/narteks.net\/index.php\/author\/narbak\/\"}]}<\/script>\n<!-- \/ Yoast SEO Premium plugin. -->","yoast_head_json":{"title":"G\u00dcNE\u015eTE - narteks.net","robots":{"index":"index","follow":"follow","max-snippet":"max-snippet:-1","max-image-preview":"max-image-preview:large","max-video-preview":"max-video-preview:-1"},"canonical":"https:\/\/narteks.net\/index.php\/2009\/11\/02\/guneste\/","og_locale":"tr_TR","og_type":"article","og_title":"G\u00dcNE\u015eTE","og_description":"\u00a0 \u00c7\u00fcnk\u00fc saatler dard\u0131r, her \u015feyi almaz G\u00fcne\u015fte \u00e7\u00f6z\u00fcl\u00fcr ve kayarlar bir yana. M\u0131s\u0131rlar g\u00fc\u00e7l\u00fckle b\u00fcy\u00fcrken ya\u011fmursuzluk Kayg\u0131land\u0131r\u0131r dilsiz bah\u00e7\u0131van\u0131. Sessiz ku\u015flar, bir ke\u00e7i, a\u011f\u0131r i\u011fde a\u011fa\u00e7lar\u0131. Bir araba ge\u00e7ti incelmi\u015f yoldan El sallad\u0131 biri, belki tan\u0131d\u0131k, Belki de\u011fil, s\u00fcreksizli\u011fin e\u015fanlam\u0131. Ve denizin yorgun \u00e7a\u011f\u0131ndayd\u0131 \u00e7ocuklar \u00c7\u0131\u011fl\u0131klar\u0131 titretir balkondaki sarma\u015f\u0131\u011f\u0131, \u00c7\u00fcnk\u00fc dard\u0131r saatler, s\u0131\u011fmaz biraraya [&hellip;]","og_url":"https:\/\/narteks.net\/index.php\/2009\/11\/02\/guneste\/","og_site_name":"narteks.net","article_published_time":"2009-11-02T08:11:58+00:00","og_image":[{"width":300,"height":90,"url":"https:\/\/narteks.net\/wp-content\/uploads\/narteks.png","type":"image\/png"}],"author":"Tar\u0131k","twitter_card":"summary_large_image","twitter_creator":"@narteks","twitter_site":"@narteks","twitter_misc":{"Yazan:":"Tar\u0131k","Tahmini okuma s\u00fcresi":"1 dakika"},"schema":{"@context":"https:\/\/schema.org","@graph":[{"@type":"Article","@id":"https:\/\/narteks.net\/index.php\/2009\/11\/02\/guneste\/#article","isPartOf":{"@id":"https:\/\/narteks.net\/index.php\/2009\/11\/02\/guneste\/"},"author":{"name":"Tar\u0131k","@id":"https:\/\/narteks.net\/#\/schema\/person\/61f37d9834294b72d31d274e7ed79bca"},"headline":"G\u00dcNE\u015eTE","datePublished":"2009-11-02T08:11:58+00:00","mainEntityOfPage":{"@id":"https:\/\/narteks.net\/index.php\/2009\/11\/02\/guneste\/"},"wordCount":201,"commentCount":0,"publisher":{"@id":"https:\/\/narteks.net\/#organization"},"articleSection":["M.Cevdet ANDAY"],"inLanguage":"tr","potentialAction":[{"@type":"CommentAction","name":"Comment","target":["https:\/\/narteks.net\/index.php\/2009\/11\/02\/guneste\/#respond"]}]},{"@type":"WebPage","@id":"https:\/\/narteks.net\/index.php\/2009\/11\/02\/guneste\/","url":"https:\/\/narteks.net\/index.php\/2009\/11\/02\/guneste\/","name":"G\u00dcNE\u015eTE - narteks.net","isPartOf":{"@id":"https:\/\/narteks.net\/#website"},"datePublished":"2009-11-02T08:11:58+00:00","breadcrumb":{"@id":"https:\/\/narteks.net\/index.php\/2009\/11\/02\/guneste\/#breadcrumb"},"inLanguage":"tr","potentialAction":[{"@type":"ReadAction","target":["https:\/\/narteks.net\/index.php\/2009\/11\/02\/guneste\/"]}]},{"@type":"BreadcrumbList","@id":"https:\/\/narteks.net\/index.php\/2009\/11\/02\/guneste\/#breadcrumb","itemListElement":[{"@type":"ListItem","position":1,"name":"Anasayfa","item":"https:\/\/narteks.net\/"},{"@type":"ListItem","position":2,"name":"G\u00dcNE\u015eTE"}]},{"@type":"WebSite","@id":"https:\/\/narteks.net\/#website","url":"https:\/\/narteks.net\/","name":"narteks.net","description":"K\u00fclt\u00fcr Sanat Edebiyat Felsefe","publisher":{"@id":"https:\/\/narteks.net\/#organization"},"alternateName":"K\u00fclt\u00fcr Sanat Edebiyat Felsefe","potentialAction":[{"@type":"SearchAction","target":{"@type":"EntryPoint","urlTemplate":"https:\/\/narteks.net\/?s={search_term_string}"},"query-input":{"@type":"PropertyValueSpecification","valueRequired":true,"valueName":"search_term_string"}}],"inLanguage":"tr"},{"@type":"Organization","@id":"https:\/\/narteks.net\/#organization","name":"narteks.net","url":"https:\/\/narteks.net\/","logo":{"@type":"ImageObject","inLanguage":"tr","@id":"https:\/\/narteks.net\/#\/schema\/logo\/image\/","url":"https:\/\/narteks.net\/wp-content\/uploads\/narteks.png","contentUrl":"https:\/\/narteks.net\/wp-content\/uploads\/narteks.png","width":300,"height":90,"caption":"narteks.net"},"image":{"@id":"https:\/\/narteks.net\/#\/schema\/logo\/image\/"},"sameAs":["https:\/\/x.com\/narteks","https:\/\/instagram.com\/narteksnet"]},{"@type":"Person","@id":"https:\/\/narteks.net\/#\/schema\/person\/61f37d9834294b72d31d274e7ed79bca","name":"Tar\u0131k","image":{"@type":"ImageObject","inLanguage":"tr","@id":"https:\/\/narteks.net\/#\/schema\/person\/image\/","url":"https:\/\/secure.gravatar.com\/avatar\/50865afb55632c4ae467e0af0930f6510aa2297d8014be502a55b14f3b7550cf?s=96&d=mm&r=g","contentUrl":"https:\/\/secure.gravatar.com\/avatar\/50865afb55632c4ae467e0af0930f6510aa2297d8014be502a55b14f3b7550cf?s=96&d=mm&r=g","caption":"Tar\u0131k"},"sameAs":["http:\/\/narteks.net"],"url":"https:\/\/narteks.net\/index.php\/author\/narbak\/"}]}},"_links":{"self":[{"href":"https:\/\/narteks.net\/index.php\/wp-json\/wp\/v2\/posts\/769","targetHints":{"allow":["GET"]}}],"collection":[{"href":"https:\/\/narteks.net\/index.php\/wp-json\/wp\/v2\/posts"}],"about":[{"href":"https:\/\/narteks.net\/index.php\/wp-json\/wp\/v2\/types\/post"}],"author":[{"embeddable":true,"href":"https:\/\/narteks.net\/index.php\/wp-json\/wp\/v2\/users\/1"}],"replies":[{"embeddable":true,"href":"https:\/\/narteks.net\/index.php\/wp-json\/wp\/v2\/comments?post=769"}],"version-history":[{"count":0,"href":"https:\/\/narteks.net\/index.php\/wp-json\/wp\/v2\/posts\/769\/revisions"}],"wp:attachment":[{"href":"https:\/\/narteks.net\/index.php\/wp-json\/wp\/v2\/media?parent=769"}],"wp:term":[{"taxonomy":"category","embeddable":true,"href":"https:\/\/narteks.net\/index.php\/wp-json\/wp\/v2\/categories?post=769"},{"taxonomy":"post_tag","embeddable":true,"href":"https:\/\/narteks.net\/index.php\/wp-json\/wp\/v2\/tags?post=769"}],"curies":[{"name":"wp","href":"https:\/\/api.w.org\/{rel}","templated":true}]}}