{"id":782,"date":"2009-11-02T11:19:03","date_gmt":"2009-11-02T08:19:03","guid":{"rendered":"http:\/\/localhost\/wordpress\/2009\/11\/02\/seni-dusunuyorum\/"},"modified":"2009-11-02T11:19:03","modified_gmt":"2009-11-02T08:19:03","slug":"seni-dusunuyorum","status":"publish","type":"post","link":"https:\/\/narteks.net\/index.php\/2009\/11\/02\/seni-dusunuyorum\/","title":{"rendered":"SEN\u0130 D\u00dc\u015e\u00dcN\u00dcYORUM"},"content":{"rendered":"<p>\u00a0<\/p>\n<p>\u00c7ocuklu\u011funu d\u00fc\u015f\u00fcn\u00fcyorum Emilia <br \/> Deniz boyundaki \u0131ss\u0131z yolu sabahleyin <br \/> Hani sa\u00e7lar\u0131n, atk\u0131n u\u00e7u\u015furdu r\u00fczgarda <br \/> Kokusunu duyuyorum bembeyaz g\u00f6mle\u011finin <br \/> Seni kuca\u011f\u0131ma al\u0131yorum Emilia <\/p>\n<p> Ben b\u00fcy\u00fctt\u00fcm seni, ben yeti\u015ftirdim <br \/> Bug\u00fcne bu sevdaya <br \/> Topra\u011f\u0131m ekme\u011fim kitab\u0131m \u015fiirim <br \/> Sen ne varsa iyiden do\u011frudan yana <br \/> G\u00f6z\u00fcm\u00fcn nuru, ba\u015f\u0131m\u0131n tac\u0131, efendim<\/p>\n<p>Melih Cevdet ANDAY<\/p>\n","protected":false},"excerpt":{"rendered":"<p>\u00a0 \u00c7ocuklu\u011funu d\u00fc\u015f\u00fcn\u00fcyorum Emilia Deniz boyundaki \u0131ss\u0131z yolu sabahleyin Hani sa\u00e7lar\u0131n, atk\u0131n u\u00e7u\u015furdu r\u00fczgarda Kokusunu duyuyorum bembeyaz g\u00f6mle\u011finin Seni kuca\u011f\u0131ma al\u0131yorum Emilia Ben b\u00fcy\u00fctt\u00fcm seni, ben yeti\u015ftirdim Bug\u00fcne bu sevdaya Topra\u011f\u0131m ekme\u011fim kitab\u0131m \u015fiirim Sen ne varsa iyiden do\u011frudan yana G\u00f6z\u00fcm\u00fcn nuru, ba\u015f\u0131m\u0131n tac\u0131, efendim Melih Cevdet ANDAY<\/p>\n","protected":false},"author":1,"featured_media":0,"comment_status":"open","ping_status":"open","sticky":false,"template":"","format":"standard","meta":{"footnotes":""},"categories":[22],"tags":[],"class_list":{"0":"post-782","1":"post","2":"type-post","3":"status-publish","4":"format-standard","6":"category-m-cevdet-anday"},"yoast_head":"<!-- This site is optimized with the Yoast SEO Premium plugin v24.9 (Yoast SEO v24.9) - https:\/\/yoast.com\/wordpress\/plugins\/seo\/ -->\n<title>SEN\u0130 D\u00dc\u015e\u00dcN\u00dcYORUM - narteks.net<\/title>\n<meta name=\"robots\" content=\"index, follow, max-snippet:-1, max-image-preview:large, max-video-preview:-1\" \/>\n<link rel=\"canonical\" href=\"https:\/\/narteks.net\/index.php\/2009\/11\/02\/seni-dusunuyorum\/\" \/>\n<meta property=\"og:locale\" content=\"tr_TR\" \/>\n<meta property=\"og:type\" content=\"article\" \/>\n<meta property=\"og:title\" content=\"SEN\u0130 D\u00dc\u015e\u00dcN\u00dcYORUM\" \/>\n<meta property=\"og:description\" content=\"\u00a0 \u00c7ocuklu\u011funu d\u00fc\u015f\u00fcn\u00fcyorum Emilia Deniz boyundaki \u0131ss\u0131z yolu sabahleyin Hani sa\u00e7lar\u0131n, atk\u0131n u\u00e7u\u015furdu r\u00fczgarda Kokusunu duyuyorum bembeyaz g\u00f6mle\u011finin Seni kuca\u011f\u0131ma al\u0131yorum Emilia Ben b\u00fcy\u00fctt\u00fcm seni, ben yeti\u015ftirdim Bug\u00fcne bu sevdaya Topra\u011f\u0131m ekme\u011fim kitab\u0131m \u015fiirim Sen ne varsa iyiden do\u011frudan yana G\u00f6z\u00fcm\u00fcn nuru, ba\u015f\u0131m\u0131n tac\u0131, efendim Melih Cevdet ANDAY\" \/>\n<meta property=\"og:url\" content=\"https:\/\/narteks.net\/index.php\/2009\/11\/02\/seni-dusunuyorum\/\" \/>\n<meta property=\"og:site_name\" content=\"narteks.net\" \/>\n<meta property=\"article:published_time\" content=\"2009-11-02T08:19:03+00:00\" \/>\n<meta property=\"og:image\" content=\"https:\/\/narteks.net\/wp-content\/uploads\/narteks.png\" \/>\n\t<meta property=\"og:image:width\" content=\"300\" \/>\n\t<meta property=\"og:image:height\" content=\"90\" \/>\n\t<meta property=\"og:image:type\" content=\"image\/png\" \/>\n<meta name=\"author\" content=\"Tar\u0131k\" \/>\n<meta name=\"twitter:card\" content=\"summary_large_image\" \/>\n<meta name=\"twitter:creator\" content=\"@narteks\" \/>\n<meta name=\"twitter:site\" content=\"@narteks\" \/>\n<meta name=\"twitter:label1\" content=\"Yazan:\" \/>\n\t<meta name=\"twitter:data1\" content=\"Tar\u0131k\" \/>\n<script type=\"application\/ld+json\" class=\"yoast-schema-graph\">{\"@context\":\"https:\/\/schema.org\",\"@graph\":[{\"@type\":\"Article\",\"@id\":\"https:\/\/narteks.net\/index.php\/2009\/11\/02\/seni-dusunuyorum\/#article\",\"isPartOf\":{\"@id\":\"https:\/\/narteks.net\/index.php\/2009\/11\/02\/seni-dusunuyorum\/\"},\"author\":{\"name\":\"Tar\u0131k\",\"@id\":\"https:\/\/narteks.net\/#\/schema\/person\/61f37d9834294b72d31d274e7ed79bca\"},\"headline\":\"SEN\u0130 D\u00dc\u015e\u00dcN\u00dcYORUM\",\"datePublished\":\"2009-11-02T08:19:03+00:00\",\"mainEntityOfPage\":{\"@id\":\"https:\/\/narteks.net\/index.php\/2009\/11\/02\/seni-dusunuyorum\/\"},\"wordCount\":79,\"commentCount\":0,\"publisher\":{\"@id\":\"https:\/\/narteks.net\/#organization\"},\"articleSection\":[\"M.Cevdet ANDAY\"],\"inLanguage\":\"tr\",\"potentialAction\":[{\"@type\":\"CommentAction\",\"name\":\"Comment\",\"target\":[\"https:\/\/narteks.net\/index.php\/2009\/11\/02\/seni-dusunuyorum\/#respond\"]}]},{\"@type\":\"WebPage\",\"@id\":\"https:\/\/narteks.net\/index.php\/2009\/11\/02\/seni-dusunuyorum\/\",\"url\":\"https:\/\/narteks.net\/index.php\/2009\/11\/02\/seni-dusunuyorum\/\",\"name\":\"SEN\u0130 D\u00dc\u015e\u00dcN\u00dcYORUM - narteks.net\",\"isPartOf\":{\"@id\":\"https:\/\/narteks.net\/#website\"},\"datePublished\":\"2009-11-02T08:19:03+00:00\",\"breadcrumb\":{\"@id\":\"https:\/\/narteks.net\/index.php\/2009\/11\/02\/seni-dusunuyorum\/#breadcrumb\"},\"inLanguage\":\"tr\",\"potentialAction\":[{\"@type\":\"ReadAction\",\"target\":[\"https:\/\/narteks.net\/index.php\/2009\/11\/02\/seni-dusunuyorum\/\"]}]},{\"@type\":\"BreadcrumbList\",\"@id\":\"https:\/\/narteks.net\/index.php\/2009\/11\/02\/seni-dusunuyorum\/#breadcrumb\",\"itemListElement\":[{\"@type\":\"ListItem\",\"position\":1,\"name\":\"Anasayfa\",\"item\":\"https:\/\/narteks.net\/\"},{\"@type\":\"ListItem\",\"position\":2,\"name\":\"SEN\u0130 D\u00dc\u015e\u00dcN\u00dcYORUM\"}]},{\"@type\":\"WebSite\",\"@id\":\"https:\/\/narteks.net\/#website\",\"url\":\"https:\/\/narteks.net\/\",\"name\":\"narteks.net\",\"description\":\"K\u00fclt\u00fcr Sanat Edebiyat Felsefe\",\"publisher\":{\"@id\":\"https:\/\/narteks.net\/#organization\"},\"alternateName\":\"K\u00fclt\u00fcr Sanat Edebiyat Felsefe\",\"potentialAction\":[{\"@type\":\"SearchAction\",\"target\":{\"@type\":\"EntryPoint\",\"urlTemplate\":\"https:\/\/narteks.net\/?s={search_term_string}\"},\"query-input\":{\"@type\":\"PropertyValueSpecification\",\"valueRequired\":true,\"valueName\":\"search_term_string\"}}],\"inLanguage\":\"tr\"},{\"@type\":\"Organization\",\"@id\":\"https:\/\/narteks.net\/#organization\",\"name\":\"narteks.net\",\"url\":\"https:\/\/narteks.net\/\",\"logo\":{\"@type\":\"ImageObject\",\"inLanguage\":\"tr\",\"@id\":\"https:\/\/narteks.net\/#\/schema\/logo\/image\/\",\"url\":\"https:\/\/narteks.net\/wp-content\/uploads\/narteks.png\",\"contentUrl\":\"https:\/\/narteks.net\/wp-content\/uploads\/narteks.png\",\"width\":300,\"height\":90,\"caption\":\"narteks.net\"},\"image\":{\"@id\":\"https:\/\/narteks.net\/#\/schema\/logo\/image\/\"},\"sameAs\":[\"https:\/\/x.com\/narteks\",\"https:\/\/instagram.com\/narteksnet\"]},{\"@type\":\"Person\",\"@id\":\"https:\/\/narteks.net\/#\/schema\/person\/61f37d9834294b72d31d274e7ed79bca\",\"name\":\"Tar\u0131k\",\"image\":{\"@type\":\"ImageObject\",\"inLanguage\":\"tr\",\"@id\":\"https:\/\/narteks.net\/#\/schema\/person\/image\/\",\"url\":\"https:\/\/secure.gravatar.com\/avatar\/50865afb55632c4ae467e0af0930f6510aa2297d8014be502a55b14f3b7550cf?s=96&d=mm&r=g\",\"contentUrl\":\"https:\/\/secure.gravatar.com\/avatar\/50865afb55632c4ae467e0af0930f6510aa2297d8014be502a55b14f3b7550cf?s=96&d=mm&r=g\",\"caption\":\"Tar\u0131k\"},\"sameAs\":[\"http:\/\/narteks.net\"],\"url\":\"https:\/\/narteks.net\/index.php\/author\/narbak\/\"}]}<\/script>\n<!-- \/ Yoast SEO Premium plugin. -->","yoast_head_json":{"title":"SEN\u0130 D\u00dc\u015e\u00dcN\u00dcYORUM - narteks.net","robots":{"index":"index","follow":"follow","max-snippet":"max-snippet:-1","max-image-preview":"max-image-preview:large","max-video-preview":"max-video-preview:-1"},"canonical":"https:\/\/narteks.net\/index.php\/2009\/11\/02\/seni-dusunuyorum\/","og_locale":"tr_TR","og_type":"article","og_title":"SEN\u0130 D\u00dc\u015e\u00dcN\u00dcYORUM","og_description":"\u00a0 \u00c7ocuklu\u011funu d\u00fc\u015f\u00fcn\u00fcyorum Emilia Deniz boyundaki \u0131ss\u0131z yolu sabahleyin Hani sa\u00e7lar\u0131n, atk\u0131n u\u00e7u\u015furdu r\u00fczgarda Kokusunu duyuyorum bembeyaz g\u00f6mle\u011finin Seni kuca\u011f\u0131ma al\u0131yorum Emilia Ben b\u00fcy\u00fctt\u00fcm seni, ben yeti\u015ftirdim Bug\u00fcne bu sevdaya Topra\u011f\u0131m ekme\u011fim kitab\u0131m \u015fiirim Sen ne varsa iyiden do\u011frudan yana G\u00f6z\u00fcm\u00fcn nuru, ba\u015f\u0131m\u0131n tac\u0131, efendim Melih Cevdet ANDAY","og_url":"https:\/\/narteks.net\/index.php\/2009\/11\/02\/seni-dusunuyorum\/","og_site_name":"narteks.net","article_published_time":"2009-11-02T08:19:03+00:00","og_image":[{"width":300,"height":90,"url":"https:\/\/narteks.net\/wp-content\/uploads\/narteks.png","type":"image\/png"}],"author":"Tar\u0131k","twitter_card":"summary_large_image","twitter_creator":"@narteks","twitter_site":"@narteks","twitter_misc":{"Yazan:":"Tar\u0131k"},"schema":{"@context":"https:\/\/schema.org","@graph":[{"@type":"Article","@id":"https:\/\/narteks.net\/index.php\/2009\/11\/02\/seni-dusunuyorum\/#article","isPartOf":{"@id":"https:\/\/narteks.net\/index.php\/2009\/11\/02\/seni-dusunuyorum\/"},"author":{"name":"Tar\u0131k","@id":"https:\/\/narteks.net\/#\/schema\/person\/61f37d9834294b72d31d274e7ed79bca"},"headline":"SEN\u0130 D\u00dc\u015e\u00dcN\u00dcYORUM","datePublished":"2009-11-02T08:19:03+00:00","mainEntityOfPage":{"@id":"https:\/\/narteks.net\/index.php\/2009\/11\/02\/seni-dusunuyorum\/"},"wordCount":79,"commentCount":0,"publisher":{"@id":"https:\/\/narteks.net\/#organization"},"articleSection":["M.Cevdet ANDAY"],"inLanguage":"tr","potentialAction":[{"@type":"CommentAction","name":"Comment","target":["https:\/\/narteks.net\/index.php\/2009\/11\/02\/seni-dusunuyorum\/#respond"]}]},{"@type":"WebPage","@id":"https:\/\/narteks.net\/index.php\/2009\/11\/02\/seni-dusunuyorum\/","url":"https:\/\/narteks.net\/index.php\/2009\/11\/02\/seni-dusunuyorum\/","name":"SEN\u0130 D\u00dc\u015e\u00dcN\u00dcYORUM - narteks.net","isPartOf":{"@id":"https:\/\/narteks.net\/#website"},"datePublished":"2009-11-02T08:19:03+00:00","breadcrumb":{"@id":"https:\/\/narteks.net\/index.php\/2009\/11\/02\/seni-dusunuyorum\/#breadcrumb"},"inLanguage":"tr","potentialAction":[{"@type":"ReadAction","target":["https:\/\/narteks.net\/index.php\/2009\/11\/02\/seni-dusunuyorum\/"]}]},{"@type":"BreadcrumbList","@id":"https:\/\/narteks.net\/index.php\/2009\/11\/02\/seni-dusunuyorum\/#breadcrumb","itemListElement":[{"@type":"ListItem","position":1,"name":"Anasayfa","item":"https:\/\/narteks.net\/"},{"@type":"ListItem","position":2,"name":"SEN\u0130 D\u00dc\u015e\u00dcN\u00dcYORUM"}]},{"@type":"WebSite","@id":"https:\/\/narteks.net\/#website","url":"https:\/\/narteks.net\/","name":"narteks.net","description":"K\u00fclt\u00fcr Sanat Edebiyat Felsefe","publisher":{"@id":"https:\/\/narteks.net\/#organization"},"alternateName":"K\u00fclt\u00fcr Sanat Edebiyat Felsefe","potentialAction":[{"@type":"SearchAction","target":{"@type":"EntryPoint","urlTemplate":"https:\/\/narteks.net\/?s={search_term_string}"},"query-input":{"@type":"PropertyValueSpecification","valueRequired":true,"valueName":"search_term_string"}}],"inLanguage":"tr"},{"@type":"Organization","@id":"https:\/\/narteks.net\/#organization","name":"narteks.net","url":"https:\/\/narteks.net\/","logo":{"@type":"ImageObject","inLanguage":"tr","@id":"https:\/\/narteks.net\/#\/schema\/logo\/image\/","url":"https:\/\/narteks.net\/wp-content\/uploads\/narteks.png","contentUrl":"https:\/\/narteks.net\/wp-content\/uploads\/narteks.png","width":300,"height":90,"caption":"narteks.net"},"image":{"@id":"https:\/\/narteks.net\/#\/schema\/logo\/image\/"},"sameAs":["https:\/\/x.com\/narteks","https:\/\/instagram.com\/narteksnet"]},{"@type":"Person","@id":"https:\/\/narteks.net\/#\/schema\/person\/61f37d9834294b72d31d274e7ed79bca","name":"Tar\u0131k","image":{"@type":"ImageObject","inLanguage":"tr","@id":"https:\/\/narteks.net\/#\/schema\/person\/image\/","url":"https:\/\/secure.gravatar.com\/avatar\/50865afb55632c4ae467e0af0930f6510aa2297d8014be502a55b14f3b7550cf?s=96&d=mm&r=g","contentUrl":"https:\/\/secure.gravatar.com\/avatar\/50865afb55632c4ae467e0af0930f6510aa2297d8014be502a55b14f3b7550cf?s=96&d=mm&r=g","caption":"Tar\u0131k"},"sameAs":["http:\/\/narteks.net"],"url":"https:\/\/narteks.net\/index.php\/author\/narbak\/"}]}},"_links":{"self":[{"href":"https:\/\/narteks.net\/index.php\/wp-json\/wp\/v2\/posts\/782","targetHints":{"allow":["GET"]}}],"collection":[{"href":"https:\/\/narteks.net\/index.php\/wp-json\/wp\/v2\/posts"}],"about":[{"href":"https:\/\/narteks.net\/index.php\/wp-json\/wp\/v2\/types\/post"}],"author":[{"embeddable":true,"href":"https:\/\/narteks.net\/index.php\/wp-json\/wp\/v2\/users\/1"}],"replies":[{"embeddable":true,"href":"https:\/\/narteks.net\/index.php\/wp-json\/wp\/v2\/comments?post=782"}],"version-history":[{"count":0,"href":"https:\/\/narteks.net\/index.php\/wp-json\/wp\/v2\/posts\/782\/revisions"}],"wp:attachment":[{"href":"https:\/\/narteks.net\/index.php\/wp-json\/wp\/v2\/media?parent=782"}],"wp:term":[{"taxonomy":"category","embeddable":true,"href":"https:\/\/narteks.net\/index.php\/wp-json\/wp\/v2\/categories?post=782"},{"taxonomy":"post_tag","embeddable":true,"href":"https:\/\/narteks.net\/index.php\/wp-json\/wp\/v2\/tags?post=782"}],"curies":[{"name":"wp","href":"https:\/\/api.w.org\/{rel}","templated":true}]}}