{"id":783,"date":"2009-11-02T11:19:35","date_gmt":"2009-11-02T08:19:35","guid":{"rendered":"http:\/\/localhost\/wordpress\/2009\/11\/02\/ses\/"},"modified":"2009-11-02T11:19:35","modified_gmt":"2009-11-02T08:19:35","slug":"ses","status":"publish","type":"post","link":"https:\/\/narteks.net\/index.php\/2009\/11\/02\/ses\/","title":{"rendered":"SES"},"content":{"rendered":"<p>\u00a0<\/p>\n<p>Uyand\u0131m ki ses i\u00e7inde kalm\u0131\u015f\u0131m <br \/> Y\u00fcz\u00fcm g\u00f6z\u00fcm a\u011fz\u0131m burnum ellerim <br \/> Aralanan deniz kap\u0131s\u0131n\u0131n sesi bu <br \/> Silkelenen g\u00fcne\u015f tavu\u011funun sesi <br \/> Di\u015f rengindeki halat\u0131n g\u0131c\u0131rdayan sesi <br \/> A\u011fa\u00e7 bi\u00e7imindeki ses borusunun, <br \/> Yar\u0131nki bu\u011fday\u0131n, devinen kemi\u011fin, <br \/> Tarihsel bile\u011fin, direncin sesi bu <br \/> Oyna\u015fan araban\u0131n, kucakla\u015fan atlar\u0131n. <br \/> Bakt\u0131m g\u00fcne\u015fte so\u011fumu\u015f karanfil gibi mavi <br \/> Bir yap\u0131 i\u015f\u00e7isinin kula\u011f\u0131ndaki kalem gibi g\u00fczel <br \/> Ya\u011fmurda \u0131slanm\u0131\u015f namlu gibi ye\u011fin <br \/> Ser\u00e7e kanad\u0131 de\u011fmi\u015f \u00e7ama\u015f\u0131r ipi gibi esrik <br \/> Okul bah\u00e7esinde dola\u015fan g\u00fcvercinler gibi <br \/> K\u0131y\u0131da \u00f6p\u00fclen dudak, ya\u011fmurda \u00f6p\u00fclen dudak gibi <br \/> G\u00f6lgelere sokulan y\u00fcks\u00fcz dakikalar gibi <br \/> Kutsal oyuncaklar gibi.<\/p>\n<p>Melih Cevdet ANDAY<\/p>\n","protected":false},"excerpt":{"rendered":"<p>\u00a0 Uyand\u0131m ki ses i\u00e7inde kalm\u0131\u015f\u0131m Y\u00fcz\u00fcm g\u00f6z\u00fcm a\u011fz\u0131m burnum ellerim Aralanan deniz kap\u0131s\u0131n\u0131n sesi bu Silkelenen g\u00fcne\u015f tavu\u011funun sesi Di\u015f rengindeki halat\u0131n g\u0131c\u0131rdayan sesi A\u011fa\u00e7 bi\u00e7imindeki ses borusunun, Yar\u0131nki bu\u011fday\u0131n, devinen kemi\u011fin, Tarihsel bile\u011fin, direncin sesi bu Oyna\u015fan araban\u0131n, kucakla\u015fan atlar\u0131n. Bakt\u0131m g\u00fcne\u015fte so\u011fumu\u015f karanfil gibi mavi Bir yap\u0131 i\u015f\u00e7isinin kula\u011f\u0131ndaki kalem gibi g\u00fczel [&hellip;]<\/p>\n","protected":false},"author":1,"featured_media":0,"comment_status":"open","ping_status":"open","sticky":false,"template":"","format":"standard","meta":{"footnotes":""},"categories":[22],"tags":[],"class_list":{"0":"post-783","1":"post","2":"type-post","3":"status-publish","4":"format-standard","6":"category-m-cevdet-anday"},"yoast_head":"<!-- This site is optimized with the Yoast SEO Premium plugin v24.9 (Yoast SEO v24.9) - https:\/\/yoast.com\/wordpress\/plugins\/seo\/ -->\n<title>SES - narteks.net<\/title>\n<meta name=\"robots\" content=\"index, follow, max-snippet:-1, max-image-preview:large, max-video-preview:-1\" \/>\n<link rel=\"canonical\" href=\"https:\/\/narteks.net\/index.php\/2009\/11\/02\/ses\/\" \/>\n<meta property=\"og:locale\" content=\"tr_TR\" \/>\n<meta property=\"og:type\" content=\"article\" \/>\n<meta property=\"og:title\" content=\"SES\" \/>\n<meta property=\"og:description\" content=\"\u00a0 Uyand\u0131m ki ses i\u00e7inde kalm\u0131\u015f\u0131m Y\u00fcz\u00fcm g\u00f6z\u00fcm a\u011fz\u0131m burnum ellerim Aralanan deniz kap\u0131s\u0131n\u0131n sesi bu Silkelenen g\u00fcne\u015f tavu\u011funun sesi Di\u015f rengindeki halat\u0131n g\u0131c\u0131rdayan sesi A\u011fa\u00e7 bi\u00e7imindeki ses borusunun, Yar\u0131nki bu\u011fday\u0131n, devinen kemi\u011fin, Tarihsel bile\u011fin, direncin sesi bu Oyna\u015fan araban\u0131n, kucakla\u015fan atlar\u0131n. Bakt\u0131m g\u00fcne\u015fte so\u011fumu\u015f karanfil gibi mavi Bir yap\u0131 i\u015f\u00e7isinin kula\u011f\u0131ndaki kalem gibi g\u00fczel [&hellip;]\" \/>\n<meta property=\"og:url\" content=\"https:\/\/narteks.net\/index.php\/2009\/11\/02\/ses\/\" \/>\n<meta property=\"og:site_name\" content=\"narteks.net\" \/>\n<meta property=\"article:published_time\" content=\"2009-11-02T08:19:35+00:00\" \/>\n<meta property=\"og:image\" content=\"https:\/\/narteks.net\/wp-content\/uploads\/narteks.png\" \/>\n\t<meta property=\"og:image:width\" content=\"300\" \/>\n\t<meta property=\"og:image:height\" content=\"90\" \/>\n\t<meta property=\"og:image:type\" content=\"image\/png\" \/>\n<meta name=\"author\" content=\"Tar\u0131k\" \/>\n<meta name=\"twitter:card\" content=\"summary_large_image\" \/>\n<meta name=\"twitter:creator\" content=\"@narteks\" \/>\n<meta name=\"twitter:site\" content=\"@narteks\" \/>\n<meta name=\"twitter:label1\" content=\"Yazan:\" \/>\n\t<meta name=\"twitter:data1\" content=\"Tar\u0131k\" \/>\n\t<meta name=\"twitter:label2\" content=\"Tahmini okuma s\u00fcresi\" \/>\n\t<meta name=\"twitter:data2\" content=\"1 dakika\" \/>\n<script type=\"application\/ld+json\" class=\"yoast-schema-graph\">{\"@context\":\"https:\/\/schema.org\",\"@graph\":[{\"@type\":\"Article\",\"@id\":\"https:\/\/narteks.net\/index.php\/2009\/11\/02\/ses\/#article\",\"isPartOf\":{\"@id\":\"https:\/\/narteks.net\/index.php\/2009\/11\/02\/ses\/\"},\"author\":{\"name\":\"Tar\u0131k\",\"@id\":\"https:\/\/narteks.net\/#\/schema\/person\/61f37d9834294b72d31d274e7ed79bca\"},\"headline\":\"SES\",\"datePublished\":\"2009-11-02T08:19:35+00:00\",\"mainEntityOfPage\":{\"@id\":\"https:\/\/narteks.net\/index.php\/2009\/11\/02\/ses\/\"},\"wordCount\":141,\"commentCount\":0,\"publisher\":{\"@id\":\"https:\/\/narteks.net\/#organization\"},\"articleSection\":[\"M.Cevdet ANDAY\"],\"inLanguage\":\"tr\",\"potentialAction\":[{\"@type\":\"CommentAction\",\"name\":\"Comment\",\"target\":[\"https:\/\/narteks.net\/index.php\/2009\/11\/02\/ses\/#respond\"]}]},{\"@type\":\"WebPage\",\"@id\":\"https:\/\/narteks.net\/index.php\/2009\/11\/02\/ses\/\",\"url\":\"https:\/\/narteks.net\/index.php\/2009\/11\/02\/ses\/\",\"name\":\"SES - narteks.net\",\"isPartOf\":{\"@id\":\"https:\/\/narteks.net\/#website\"},\"datePublished\":\"2009-11-02T08:19:35+00:00\",\"breadcrumb\":{\"@id\":\"https:\/\/narteks.net\/index.php\/2009\/11\/02\/ses\/#breadcrumb\"},\"inLanguage\":\"tr\",\"potentialAction\":[{\"@type\":\"ReadAction\",\"target\":[\"https:\/\/narteks.net\/index.php\/2009\/11\/02\/ses\/\"]}]},{\"@type\":\"BreadcrumbList\",\"@id\":\"https:\/\/narteks.net\/index.php\/2009\/11\/02\/ses\/#breadcrumb\",\"itemListElement\":[{\"@type\":\"ListItem\",\"position\":1,\"name\":\"Anasayfa\",\"item\":\"https:\/\/narteks.net\/\"},{\"@type\":\"ListItem\",\"position\":2,\"name\":\"SES\"}]},{\"@type\":\"WebSite\",\"@id\":\"https:\/\/narteks.net\/#website\",\"url\":\"https:\/\/narteks.net\/\",\"name\":\"narteks.net\",\"description\":\"K\u00fclt\u00fcr Sanat Edebiyat Felsefe\",\"publisher\":{\"@id\":\"https:\/\/narteks.net\/#organization\"},\"alternateName\":\"K\u00fclt\u00fcr Sanat Edebiyat Felsefe\",\"potentialAction\":[{\"@type\":\"SearchAction\",\"target\":{\"@type\":\"EntryPoint\",\"urlTemplate\":\"https:\/\/narteks.net\/?s={search_term_string}\"},\"query-input\":{\"@type\":\"PropertyValueSpecification\",\"valueRequired\":true,\"valueName\":\"search_term_string\"}}],\"inLanguage\":\"tr\"},{\"@type\":\"Organization\",\"@id\":\"https:\/\/narteks.net\/#organization\",\"name\":\"narteks.net\",\"url\":\"https:\/\/narteks.net\/\",\"logo\":{\"@type\":\"ImageObject\",\"inLanguage\":\"tr\",\"@id\":\"https:\/\/narteks.net\/#\/schema\/logo\/image\/\",\"url\":\"https:\/\/narteks.net\/wp-content\/uploads\/narteks.png\",\"contentUrl\":\"https:\/\/narteks.net\/wp-content\/uploads\/narteks.png\",\"width\":300,\"height\":90,\"caption\":\"narteks.net\"},\"image\":{\"@id\":\"https:\/\/narteks.net\/#\/schema\/logo\/image\/\"},\"sameAs\":[\"https:\/\/x.com\/narteks\",\"https:\/\/instagram.com\/narteksnet\"]},{\"@type\":\"Person\",\"@id\":\"https:\/\/narteks.net\/#\/schema\/person\/61f37d9834294b72d31d274e7ed79bca\",\"name\":\"Tar\u0131k\",\"image\":{\"@type\":\"ImageObject\",\"inLanguage\":\"tr\",\"@id\":\"https:\/\/narteks.net\/#\/schema\/person\/image\/\",\"url\":\"https:\/\/secure.gravatar.com\/avatar\/50865afb55632c4ae467e0af0930f6510aa2297d8014be502a55b14f3b7550cf?s=96&d=mm&r=g\",\"contentUrl\":\"https:\/\/secure.gravatar.com\/avatar\/50865afb55632c4ae467e0af0930f6510aa2297d8014be502a55b14f3b7550cf?s=96&d=mm&r=g\",\"caption\":\"Tar\u0131k\"},\"sameAs\":[\"http:\/\/narteks.net\"],\"url\":\"https:\/\/narteks.net\/index.php\/author\/narbak\/\"}]}<\/script>\n<!-- \/ Yoast SEO Premium plugin. -->","yoast_head_json":{"title":"SES - narteks.net","robots":{"index":"index","follow":"follow","max-snippet":"max-snippet:-1","max-image-preview":"max-image-preview:large","max-video-preview":"max-video-preview:-1"},"canonical":"https:\/\/narteks.net\/index.php\/2009\/11\/02\/ses\/","og_locale":"tr_TR","og_type":"article","og_title":"SES","og_description":"\u00a0 Uyand\u0131m ki ses i\u00e7inde kalm\u0131\u015f\u0131m Y\u00fcz\u00fcm g\u00f6z\u00fcm a\u011fz\u0131m burnum ellerim Aralanan deniz kap\u0131s\u0131n\u0131n sesi bu Silkelenen g\u00fcne\u015f tavu\u011funun sesi Di\u015f rengindeki halat\u0131n g\u0131c\u0131rdayan sesi A\u011fa\u00e7 bi\u00e7imindeki ses borusunun, Yar\u0131nki bu\u011fday\u0131n, devinen kemi\u011fin, Tarihsel bile\u011fin, direncin sesi bu Oyna\u015fan araban\u0131n, kucakla\u015fan atlar\u0131n. Bakt\u0131m g\u00fcne\u015fte so\u011fumu\u015f karanfil gibi mavi Bir yap\u0131 i\u015f\u00e7isinin kula\u011f\u0131ndaki kalem gibi g\u00fczel [&hellip;]","og_url":"https:\/\/narteks.net\/index.php\/2009\/11\/02\/ses\/","og_site_name":"narteks.net","article_published_time":"2009-11-02T08:19:35+00:00","og_image":[{"width":300,"height":90,"url":"https:\/\/narteks.net\/wp-content\/uploads\/narteks.png","type":"image\/png"}],"author":"Tar\u0131k","twitter_card":"summary_large_image","twitter_creator":"@narteks","twitter_site":"@narteks","twitter_misc":{"Yazan:":"Tar\u0131k","Tahmini okuma s\u00fcresi":"1 dakika"},"schema":{"@context":"https:\/\/schema.org","@graph":[{"@type":"Article","@id":"https:\/\/narteks.net\/index.php\/2009\/11\/02\/ses\/#article","isPartOf":{"@id":"https:\/\/narteks.net\/index.php\/2009\/11\/02\/ses\/"},"author":{"name":"Tar\u0131k","@id":"https:\/\/narteks.net\/#\/schema\/person\/61f37d9834294b72d31d274e7ed79bca"},"headline":"SES","datePublished":"2009-11-02T08:19:35+00:00","mainEntityOfPage":{"@id":"https:\/\/narteks.net\/index.php\/2009\/11\/02\/ses\/"},"wordCount":141,"commentCount":0,"publisher":{"@id":"https:\/\/narteks.net\/#organization"},"articleSection":["M.Cevdet ANDAY"],"inLanguage":"tr","potentialAction":[{"@type":"CommentAction","name":"Comment","target":["https:\/\/narteks.net\/index.php\/2009\/11\/02\/ses\/#respond"]}]},{"@type":"WebPage","@id":"https:\/\/narteks.net\/index.php\/2009\/11\/02\/ses\/","url":"https:\/\/narteks.net\/index.php\/2009\/11\/02\/ses\/","name":"SES - narteks.net","isPartOf":{"@id":"https:\/\/narteks.net\/#website"},"datePublished":"2009-11-02T08:19:35+00:00","breadcrumb":{"@id":"https:\/\/narteks.net\/index.php\/2009\/11\/02\/ses\/#breadcrumb"},"inLanguage":"tr","potentialAction":[{"@type":"ReadAction","target":["https:\/\/narteks.net\/index.php\/2009\/11\/02\/ses\/"]}]},{"@type":"BreadcrumbList","@id":"https:\/\/narteks.net\/index.php\/2009\/11\/02\/ses\/#breadcrumb","itemListElement":[{"@type":"ListItem","position":1,"name":"Anasayfa","item":"https:\/\/narteks.net\/"},{"@type":"ListItem","position":2,"name":"SES"}]},{"@type":"WebSite","@id":"https:\/\/narteks.net\/#website","url":"https:\/\/narteks.net\/","name":"narteks.net","description":"K\u00fclt\u00fcr Sanat Edebiyat Felsefe","publisher":{"@id":"https:\/\/narteks.net\/#organization"},"alternateName":"K\u00fclt\u00fcr Sanat Edebiyat Felsefe","potentialAction":[{"@type":"SearchAction","target":{"@type":"EntryPoint","urlTemplate":"https:\/\/narteks.net\/?s={search_term_string}"},"query-input":{"@type":"PropertyValueSpecification","valueRequired":true,"valueName":"search_term_string"}}],"inLanguage":"tr"},{"@type":"Organization","@id":"https:\/\/narteks.net\/#organization","name":"narteks.net","url":"https:\/\/narteks.net\/","logo":{"@type":"ImageObject","inLanguage":"tr","@id":"https:\/\/narteks.net\/#\/schema\/logo\/image\/","url":"https:\/\/narteks.net\/wp-content\/uploads\/narteks.png","contentUrl":"https:\/\/narteks.net\/wp-content\/uploads\/narteks.png","width":300,"height":90,"caption":"narteks.net"},"image":{"@id":"https:\/\/narteks.net\/#\/schema\/logo\/image\/"},"sameAs":["https:\/\/x.com\/narteks","https:\/\/instagram.com\/narteksnet"]},{"@type":"Person","@id":"https:\/\/narteks.net\/#\/schema\/person\/61f37d9834294b72d31d274e7ed79bca","name":"Tar\u0131k","image":{"@type":"ImageObject","inLanguage":"tr","@id":"https:\/\/narteks.net\/#\/schema\/person\/image\/","url":"https:\/\/secure.gravatar.com\/avatar\/50865afb55632c4ae467e0af0930f6510aa2297d8014be502a55b14f3b7550cf?s=96&d=mm&r=g","contentUrl":"https:\/\/secure.gravatar.com\/avatar\/50865afb55632c4ae467e0af0930f6510aa2297d8014be502a55b14f3b7550cf?s=96&d=mm&r=g","caption":"Tar\u0131k"},"sameAs":["http:\/\/narteks.net"],"url":"https:\/\/narteks.net\/index.php\/author\/narbak\/"}]}},"_links":{"self":[{"href":"https:\/\/narteks.net\/index.php\/wp-json\/wp\/v2\/posts\/783","targetHints":{"allow":["GET"]}}],"collection":[{"href":"https:\/\/narteks.net\/index.php\/wp-json\/wp\/v2\/posts"}],"about":[{"href":"https:\/\/narteks.net\/index.php\/wp-json\/wp\/v2\/types\/post"}],"author":[{"embeddable":true,"href":"https:\/\/narteks.net\/index.php\/wp-json\/wp\/v2\/users\/1"}],"replies":[{"embeddable":true,"href":"https:\/\/narteks.net\/index.php\/wp-json\/wp\/v2\/comments?post=783"}],"version-history":[{"count":0,"href":"https:\/\/narteks.net\/index.php\/wp-json\/wp\/v2\/posts\/783\/revisions"}],"wp:attachment":[{"href":"https:\/\/narteks.net\/index.php\/wp-json\/wp\/v2\/media?parent=783"}],"wp:term":[{"taxonomy":"category","embeddable":true,"href":"https:\/\/narteks.net\/index.php\/wp-json\/wp\/v2\/categories?post=783"},{"taxonomy":"post_tag","embeddable":true,"href":"https:\/\/narteks.net\/index.php\/wp-json\/wp\/v2\/tags?post=783"}],"curies":[{"name":"wp","href":"https:\/\/api.w.org\/{rel}","templated":true}]}}