{"id":797,"date":"2009-11-02T11:27:53","date_gmt":"2009-11-02T08:27:53","guid":{"rendered":"http:\/\/localhost\/wordpress\/2009\/11\/02\/yaz-sonu-siirleri\/"},"modified":"2009-11-02T11:27:53","modified_gmt":"2009-11-02T08:27:53","slug":"yaz-sonu-siirleri","status":"publish","type":"post","link":"https:\/\/narteks.net\/index.php\/2009\/11\/02\/yaz-sonu-siirleri\/","title":{"rendered":"YAZ SONU \u015e\u0130\u0130RLER\u0130"},"content":{"rendered":"<p>\u00a0<\/p>\n<p>D\u00fcn gece ya\u011fmur ya\u011fd\u0131 kente, <br \/> Sonra sabah, g\u00fcne\u015fte ay\u0131klanm\u0131\u015f, <br \/> Bir kahvede d\u00fc\u015f\u00fcn\u00fcyorum, <br \/> Sen geleceksin ya, dalg\u0131nl\u0131k <br \/> Kopuverdi bir daldan, sallanarak <br \/> Ge\u00e7en bayrak a\u00e7m\u0131\u015f bir bulut, <br \/> Sonra ikindi ve ak\u015fam, bakars\u0131n, <br \/> Uyurken bir daha o ya\u011fmur. <\/p>\n<p> 2 <br \/> Fal \u00e7\u0131kt\u0131. K\u00f6p\u00fckler i\u00e7inde kald\u0131 deniz, <br \/> Tepeleme \u00e7i\u00e7ek dolu bir sandal. <br \/> Eyl\u00fcl\u00fcn eskil \u00e7ad\u0131r\u0131na giriyoruz, <br \/> \u0130\u015fte, b\u00fcy\u00fcc\u00fc mart\u0131n\u0131n bozgun \u00e7a\u011fr\u0131s\u0131, <br \/> Uyurgezer yosunlar\u0131 delirten poyraz, <br \/> Odalara s\u0131\u011f\u0131nan \u00fcrk\u00fc yapraklar\u0131, <br \/> \u0130\u015fte, \u00e7\u0131rp\u0131nan bir kava\u011f\u0131n <br \/> Yanl\u0131zl\u0131k sanr\u0131s\u0131 dola\u015f\u0131yor bah\u00e7ede. <\/p>\n<p> 3 <br \/> Melez yapraklar, sararmas\u0131 yasaklanm\u0131\u015f, <br \/> Bitimsiz bir zaman\u0131n cans\u0131k\u0131nt\u0131s\u0131nda, <br \/> Hatmi al\u0131 \u0131\u015f\u0131klarla kar\u0131\u015ft\u0131r\u0131lan <br \/> Huysuz ku\u015flar\u0131n da\u011f\u0131tt\u0131\u011f\u0131 r\u00fczgar. <br \/> Ba\u015fka bir y\u00fczy\u0131l\u0131n rengi bu, <br \/> \u0130lkel bir oyma\u011f\u0131n kurban suna\u011f\u0131, <br \/> Bunam\u0131\u015f bir papa\u011fan gibi dilsiz, <br \/> Eski g\u00fcnler d\u00fc\u015f\u00fcnde bir g\u00f6ky\u00fcz\u00fc. <\/p>\n<p> 4 <br \/> Karanl\u0131\u011f\u0131n ku\u015ft\u00fcyleri dolu\u015ftu <br \/> E\u015fzaman balkona. H\u00fcz\u00fcn \u00e7ekilmez. <br \/> Tan\u0131d\u0131\u011f\u0131m b\u00fct\u00fcn mumlar\u0131 yak\u0131n, <br \/> \u00d6l\u00fclerin bilinciyle ar\u0131nm\u0131\u015f. <br \/> Ve gelece\u011fi onaram\u0131yorum, <br \/> O bizim sayvan \u00e7ocuklu\u011fumuzdu, <br \/> Ya\u015fan\u0131r yaln\u0131z bu aylak g\u00fczlerde <br \/> Gelecekten ge\u00e7mi\u015fe  do\u011fru. <\/p>\n<p> 5 <br \/> Yaz sonu durdurur sokakta, <br \/> Tenha bir duvardan sark\u0131p, nereye b\u00f6yle, <br \/> D\u00fc\u015f\u00fcnsene, orda kimse yok, yaln\u0131z ak\u015fam, <br \/> Tela\u015fla d\u00fc\u015fer \u00f6ne, hadi gitme, <br \/> Bak i\u015fte bo\u015falm\u0131\u015f perde, ya\u011fmur bu, <br \/> R\u00fczgar \u00e7\u0131kt\u0131,d\u00fc\u015f\u00fcnsene, f\u0131rt\u0131na, dolu, <br \/> Lambalar yanacak nerdeyse, saat <br \/> O saat de\u011fil, d\u00fc\u015f\u00fcnsene. <\/p>\n<p> 6 <br \/> \u00d6nce k\u00fc\u00e7\u00fck r\u00fczgarlar uyan\u0131rd\u0131 <br \/> D\u00f6rt perili kestanelikte, <br \/> G\u00fcne\u015fin ipe\u011fini \u00e7\u00f6zerdi bir tavus, <br \/> Ama ger\u00e7ekd\u0131\u015f\u0131yd\u0131 sabah, <br \/> Do\u011fall\u0131\u011f\u0131n\u0131 yitirmi\u015f bir \u00f6l\u00fcm gibi, <br \/> Umars\u0131z kar\u015f\u0131la ikisini de. <br \/> Ey perdenin \u00f6n\u00fcnde oynanan D\u00f6rtleme, <br \/> Sen zaman de\u011filsin, d\u00f6ne dur! <\/p>\n<p> 7 <br \/> K\u00fc\u00e7\u00fck bir inan\u00e7 yeter bana, <br \/> Ve g\u00fcze inanabilirdim, <br \/> Ama biter mevsim,\u00f6teki ba\u015flar, <br \/> Saf de\u011fil do\u011fa, oyaland\u0131m <br \/> Ama kanmad\u0131m, bana ne isli ya\u011fmurdan, <br \/> \u00c7inko sesinden, hem g\u00fcvenemem a\u011faca, <br \/> D\u00fc\u015f\u00fcnemem oluklardan ak\u0131p gideni, <br \/> De ki, benim zaman\u0131m ba\u015fka. <\/p>\n<p> 8 <br \/> G\u00fcnler k\u0131sald\u0131, mevsimlerde, <br \/> Ve y\u0131l, bir \u00f6\u011frencinin okul defterinde, <br \/> D\u00f6rt sayfa resim, \u00f6yle yar\u0131m yamalak ki, <br \/> Do\u011fa gibi, bir bak\u0131yorsun kar ya\u011f\u0131yor, <br \/> Elimle bir anda d\u00f6n\u00fcyorum ilkyaza, <br \/> Bah\u00e7e yenilensin dursun kendini, <br \/> Telepinu de\u011filim, \u00f6l\u00fcp dirilemem, <br \/> Okul defterinde b\u0131rak\u0131n beni.<\/p>\n<p>Melih Cevdet ANDAY<\/p>\n","protected":false},"excerpt":{"rendered":"<p>\u00a0 D\u00fcn gece ya\u011fmur ya\u011fd\u0131 kente, Sonra sabah, g\u00fcne\u015fte ay\u0131klanm\u0131\u015f, Bir kahvede d\u00fc\u015f\u00fcn\u00fcyorum, Sen geleceksin ya, dalg\u0131nl\u0131k Kopuverdi bir daldan, sallanarak Ge\u00e7en bayrak a\u00e7m\u0131\u015f bir bulut, Sonra ikindi ve ak\u015fam, bakars\u0131n, Uyurken bir daha o ya\u011fmur. 2 Fal \u00e7\u0131kt\u0131. K\u00f6p\u00fckler i\u00e7inde kald\u0131 deniz, Tepeleme \u00e7i\u00e7ek dolu bir sandal. Eyl\u00fcl\u00fcn eskil \u00e7ad\u0131r\u0131na giriyoruz, \u0130\u015fte, b\u00fcy\u00fcc\u00fc mart\u0131n\u0131n [&hellip;]<\/p>\n","protected":false},"author":1,"featured_media":0,"comment_status":"open","ping_status":"open","sticky":false,"template":"","format":"standard","meta":{"footnotes":""},"categories":[22],"tags":[],"class_list":{"0":"post-797","1":"post","2":"type-post","3":"status-publish","4":"format-standard","6":"category-m-cevdet-anday"},"yoast_head":"<!-- This site is optimized with the Yoast SEO Premium plugin v24.9 (Yoast SEO v24.9) - https:\/\/yoast.com\/wordpress\/plugins\/seo\/ -->\n<title>YAZ SONU \u015e\u0130\u0130RLER\u0130 - narteks.net<\/title>\n<meta name=\"robots\" content=\"index, follow, max-snippet:-1, max-image-preview:large, max-video-preview:-1\" \/>\n<link rel=\"canonical\" href=\"https:\/\/narteks.net\/index.php\/2009\/11\/02\/yaz-sonu-siirleri\/\" \/>\n<meta property=\"og:locale\" content=\"tr_TR\" \/>\n<meta property=\"og:type\" content=\"article\" \/>\n<meta property=\"og:title\" content=\"YAZ SONU \u015e\u0130\u0130RLER\u0130\" \/>\n<meta property=\"og:description\" content=\"\u00a0 D\u00fcn gece ya\u011fmur ya\u011fd\u0131 kente, Sonra sabah, g\u00fcne\u015fte ay\u0131klanm\u0131\u015f, Bir kahvede d\u00fc\u015f\u00fcn\u00fcyorum, Sen geleceksin ya, dalg\u0131nl\u0131k Kopuverdi bir daldan, sallanarak Ge\u00e7en bayrak a\u00e7m\u0131\u015f bir bulut, Sonra ikindi ve ak\u015fam, bakars\u0131n, Uyurken bir daha o ya\u011fmur. 2 Fal \u00e7\u0131kt\u0131. K\u00f6p\u00fckler i\u00e7inde kald\u0131 deniz, Tepeleme \u00e7i\u00e7ek dolu bir sandal. Eyl\u00fcl\u00fcn eskil \u00e7ad\u0131r\u0131na giriyoruz, \u0130\u015fte, b\u00fcy\u00fcc\u00fc mart\u0131n\u0131n [&hellip;]\" \/>\n<meta property=\"og:url\" content=\"https:\/\/narteks.net\/index.php\/2009\/11\/02\/yaz-sonu-siirleri\/\" \/>\n<meta property=\"og:site_name\" content=\"narteks.net\" \/>\n<meta property=\"article:published_time\" content=\"2009-11-02T08:27:53+00:00\" \/>\n<meta property=\"og:image\" content=\"https:\/\/narteks.net\/wp-content\/uploads\/narteks.png\" \/>\n\t<meta property=\"og:image:width\" content=\"300\" \/>\n\t<meta property=\"og:image:height\" content=\"90\" \/>\n\t<meta property=\"og:image:type\" content=\"image\/png\" \/>\n<meta name=\"author\" content=\"Tar\u0131k\" \/>\n<meta name=\"twitter:card\" content=\"summary_large_image\" \/>\n<meta name=\"twitter:creator\" content=\"@narteks\" \/>\n<meta name=\"twitter:site\" content=\"@narteks\" \/>\n<meta name=\"twitter:label1\" content=\"Yazan:\" \/>\n\t<meta name=\"twitter:data1\" content=\"Tar\u0131k\" \/>\n\t<meta name=\"twitter:label2\" content=\"Tahmini okuma s\u00fcresi\" \/>\n\t<meta name=\"twitter:data2\" content=\"2 dakika\" \/>\n<script type=\"application\/ld+json\" class=\"yoast-schema-graph\">{\"@context\":\"https:\/\/schema.org\",\"@graph\":[{\"@type\":\"Article\",\"@id\":\"https:\/\/narteks.net\/index.php\/2009\/11\/02\/yaz-sonu-siirleri\/#article\",\"isPartOf\":{\"@id\":\"https:\/\/narteks.net\/index.php\/2009\/11\/02\/yaz-sonu-siirleri\/\"},\"author\":{\"name\":\"Tar\u0131k\",\"@id\":\"https:\/\/narteks.net\/#\/schema\/person\/61f37d9834294b72d31d274e7ed79bca\"},\"headline\":\"YAZ SONU \u015e\u0130\u0130RLER\u0130\",\"datePublished\":\"2009-11-02T08:27:53+00:00\",\"mainEntityOfPage\":{\"@id\":\"https:\/\/narteks.net\/index.php\/2009\/11\/02\/yaz-sonu-siirleri\/\"},\"wordCount\":438,\"commentCount\":0,\"publisher\":{\"@id\":\"https:\/\/narteks.net\/#organization\"},\"articleSection\":[\"M.Cevdet ANDAY\"],\"inLanguage\":\"tr\",\"potentialAction\":[{\"@type\":\"CommentAction\",\"name\":\"Comment\",\"target\":[\"https:\/\/narteks.net\/index.php\/2009\/11\/02\/yaz-sonu-siirleri\/#respond\"]}]},{\"@type\":\"WebPage\",\"@id\":\"https:\/\/narteks.net\/index.php\/2009\/11\/02\/yaz-sonu-siirleri\/\",\"url\":\"https:\/\/narteks.net\/index.php\/2009\/11\/02\/yaz-sonu-siirleri\/\",\"name\":\"YAZ SONU \u015e\u0130\u0130RLER\u0130 - narteks.net\",\"isPartOf\":{\"@id\":\"https:\/\/narteks.net\/#website\"},\"datePublished\":\"2009-11-02T08:27:53+00:00\",\"breadcrumb\":{\"@id\":\"https:\/\/narteks.net\/index.php\/2009\/11\/02\/yaz-sonu-siirleri\/#breadcrumb\"},\"inLanguage\":\"tr\",\"potentialAction\":[{\"@type\":\"ReadAction\",\"target\":[\"https:\/\/narteks.net\/index.php\/2009\/11\/02\/yaz-sonu-siirleri\/\"]}]},{\"@type\":\"BreadcrumbList\",\"@id\":\"https:\/\/narteks.net\/index.php\/2009\/11\/02\/yaz-sonu-siirleri\/#breadcrumb\",\"itemListElement\":[{\"@type\":\"ListItem\",\"position\":1,\"name\":\"Anasayfa\",\"item\":\"https:\/\/narteks.net\/\"},{\"@type\":\"ListItem\",\"position\":2,\"name\":\"YAZ SONU \u015e\u0130\u0130RLER\u0130\"}]},{\"@type\":\"WebSite\",\"@id\":\"https:\/\/narteks.net\/#website\",\"url\":\"https:\/\/narteks.net\/\",\"name\":\"narteks.net\",\"description\":\"K\u00fclt\u00fcr Sanat Edebiyat Felsefe\",\"publisher\":{\"@id\":\"https:\/\/narteks.net\/#organization\"},\"alternateName\":\"K\u00fclt\u00fcr Sanat Edebiyat Felsefe\",\"potentialAction\":[{\"@type\":\"SearchAction\",\"target\":{\"@type\":\"EntryPoint\",\"urlTemplate\":\"https:\/\/narteks.net\/?s={search_term_string}\"},\"query-input\":{\"@type\":\"PropertyValueSpecification\",\"valueRequired\":true,\"valueName\":\"search_term_string\"}}],\"inLanguage\":\"tr\"},{\"@type\":\"Organization\",\"@id\":\"https:\/\/narteks.net\/#organization\",\"name\":\"narteks.net\",\"url\":\"https:\/\/narteks.net\/\",\"logo\":{\"@type\":\"ImageObject\",\"inLanguage\":\"tr\",\"@id\":\"https:\/\/narteks.net\/#\/schema\/logo\/image\/\",\"url\":\"https:\/\/narteks.net\/wp-content\/uploads\/narteks.png\",\"contentUrl\":\"https:\/\/narteks.net\/wp-content\/uploads\/narteks.png\",\"width\":300,\"height\":90,\"caption\":\"narteks.net\"},\"image\":{\"@id\":\"https:\/\/narteks.net\/#\/schema\/logo\/image\/\"},\"sameAs\":[\"https:\/\/x.com\/narteks\",\"https:\/\/instagram.com\/narteksnet\"]},{\"@type\":\"Person\",\"@id\":\"https:\/\/narteks.net\/#\/schema\/person\/61f37d9834294b72d31d274e7ed79bca\",\"name\":\"Tar\u0131k\",\"image\":{\"@type\":\"ImageObject\",\"inLanguage\":\"tr\",\"@id\":\"https:\/\/narteks.net\/#\/schema\/person\/image\/\",\"url\":\"https:\/\/secure.gravatar.com\/avatar\/50865afb55632c4ae467e0af0930f6510aa2297d8014be502a55b14f3b7550cf?s=96&d=mm&r=g\",\"contentUrl\":\"https:\/\/secure.gravatar.com\/avatar\/50865afb55632c4ae467e0af0930f6510aa2297d8014be502a55b14f3b7550cf?s=96&d=mm&r=g\",\"caption\":\"Tar\u0131k\"},\"sameAs\":[\"http:\/\/narteks.net\"],\"url\":\"https:\/\/narteks.net\/index.php\/author\/narbak\/\"}]}<\/script>\n<!-- \/ Yoast SEO Premium plugin. -->","yoast_head_json":{"title":"YAZ SONU \u015e\u0130\u0130RLER\u0130 - narteks.net","robots":{"index":"index","follow":"follow","max-snippet":"max-snippet:-1","max-image-preview":"max-image-preview:large","max-video-preview":"max-video-preview:-1"},"canonical":"https:\/\/narteks.net\/index.php\/2009\/11\/02\/yaz-sonu-siirleri\/","og_locale":"tr_TR","og_type":"article","og_title":"YAZ SONU \u015e\u0130\u0130RLER\u0130","og_description":"\u00a0 D\u00fcn gece ya\u011fmur ya\u011fd\u0131 kente, Sonra sabah, g\u00fcne\u015fte ay\u0131klanm\u0131\u015f, Bir kahvede d\u00fc\u015f\u00fcn\u00fcyorum, Sen geleceksin ya, dalg\u0131nl\u0131k Kopuverdi bir daldan, sallanarak Ge\u00e7en bayrak a\u00e7m\u0131\u015f bir bulut, Sonra ikindi ve ak\u015fam, bakars\u0131n, Uyurken bir daha o ya\u011fmur. 2 Fal \u00e7\u0131kt\u0131. K\u00f6p\u00fckler i\u00e7inde kald\u0131 deniz, Tepeleme \u00e7i\u00e7ek dolu bir sandal. Eyl\u00fcl\u00fcn eskil \u00e7ad\u0131r\u0131na giriyoruz, \u0130\u015fte, b\u00fcy\u00fcc\u00fc mart\u0131n\u0131n [&hellip;]","og_url":"https:\/\/narteks.net\/index.php\/2009\/11\/02\/yaz-sonu-siirleri\/","og_site_name":"narteks.net","article_published_time":"2009-11-02T08:27:53+00:00","og_image":[{"width":300,"height":90,"url":"https:\/\/narteks.net\/wp-content\/uploads\/narteks.png","type":"image\/png"}],"author":"Tar\u0131k","twitter_card":"summary_large_image","twitter_creator":"@narteks","twitter_site":"@narteks","twitter_misc":{"Yazan:":"Tar\u0131k","Tahmini okuma s\u00fcresi":"2 dakika"},"schema":{"@context":"https:\/\/schema.org","@graph":[{"@type":"Article","@id":"https:\/\/narteks.net\/index.php\/2009\/11\/02\/yaz-sonu-siirleri\/#article","isPartOf":{"@id":"https:\/\/narteks.net\/index.php\/2009\/11\/02\/yaz-sonu-siirleri\/"},"author":{"name":"Tar\u0131k","@id":"https:\/\/narteks.net\/#\/schema\/person\/61f37d9834294b72d31d274e7ed79bca"},"headline":"YAZ SONU \u015e\u0130\u0130RLER\u0130","datePublished":"2009-11-02T08:27:53+00:00","mainEntityOfPage":{"@id":"https:\/\/narteks.net\/index.php\/2009\/11\/02\/yaz-sonu-siirleri\/"},"wordCount":438,"commentCount":0,"publisher":{"@id":"https:\/\/narteks.net\/#organization"},"articleSection":["M.Cevdet ANDAY"],"inLanguage":"tr","potentialAction":[{"@type":"CommentAction","name":"Comment","target":["https:\/\/narteks.net\/index.php\/2009\/11\/02\/yaz-sonu-siirleri\/#respond"]}]},{"@type":"WebPage","@id":"https:\/\/narteks.net\/index.php\/2009\/11\/02\/yaz-sonu-siirleri\/","url":"https:\/\/narteks.net\/index.php\/2009\/11\/02\/yaz-sonu-siirleri\/","name":"YAZ SONU \u015e\u0130\u0130RLER\u0130 - narteks.net","isPartOf":{"@id":"https:\/\/narteks.net\/#website"},"datePublished":"2009-11-02T08:27:53+00:00","breadcrumb":{"@id":"https:\/\/narteks.net\/index.php\/2009\/11\/02\/yaz-sonu-siirleri\/#breadcrumb"},"inLanguage":"tr","potentialAction":[{"@type":"ReadAction","target":["https:\/\/narteks.net\/index.php\/2009\/11\/02\/yaz-sonu-siirleri\/"]}]},{"@type":"BreadcrumbList","@id":"https:\/\/narteks.net\/index.php\/2009\/11\/02\/yaz-sonu-siirleri\/#breadcrumb","itemListElement":[{"@type":"ListItem","position":1,"name":"Anasayfa","item":"https:\/\/narteks.net\/"},{"@type":"ListItem","position":2,"name":"YAZ SONU \u015e\u0130\u0130RLER\u0130"}]},{"@type":"WebSite","@id":"https:\/\/narteks.net\/#website","url":"https:\/\/narteks.net\/","name":"narteks.net","description":"K\u00fclt\u00fcr Sanat Edebiyat Felsefe","publisher":{"@id":"https:\/\/narteks.net\/#organization"},"alternateName":"K\u00fclt\u00fcr Sanat Edebiyat Felsefe","potentialAction":[{"@type":"SearchAction","target":{"@type":"EntryPoint","urlTemplate":"https:\/\/narteks.net\/?s={search_term_string}"},"query-input":{"@type":"PropertyValueSpecification","valueRequired":true,"valueName":"search_term_string"}}],"inLanguage":"tr"},{"@type":"Organization","@id":"https:\/\/narteks.net\/#organization","name":"narteks.net","url":"https:\/\/narteks.net\/","logo":{"@type":"ImageObject","inLanguage":"tr","@id":"https:\/\/narteks.net\/#\/schema\/logo\/image\/","url":"https:\/\/narteks.net\/wp-content\/uploads\/narteks.png","contentUrl":"https:\/\/narteks.net\/wp-content\/uploads\/narteks.png","width":300,"height":90,"caption":"narteks.net"},"image":{"@id":"https:\/\/narteks.net\/#\/schema\/logo\/image\/"},"sameAs":["https:\/\/x.com\/narteks","https:\/\/instagram.com\/narteksnet"]},{"@type":"Person","@id":"https:\/\/narteks.net\/#\/schema\/person\/61f37d9834294b72d31d274e7ed79bca","name":"Tar\u0131k","image":{"@type":"ImageObject","inLanguage":"tr","@id":"https:\/\/narteks.net\/#\/schema\/person\/image\/","url":"https:\/\/secure.gravatar.com\/avatar\/50865afb55632c4ae467e0af0930f6510aa2297d8014be502a55b14f3b7550cf?s=96&d=mm&r=g","contentUrl":"https:\/\/secure.gravatar.com\/avatar\/50865afb55632c4ae467e0af0930f6510aa2297d8014be502a55b14f3b7550cf?s=96&d=mm&r=g","caption":"Tar\u0131k"},"sameAs":["http:\/\/narteks.net"],"url":"https:\/\/narteks.net\/index.php\/author\/narbak\/"}]}},"_links":{"self":[{"href":"https:\/\/narteks.net\/index.php\/wp-json\/wp\/v2\/posts\/797","targetHints":{"allow":["GET"]}}],"collection":[{"href":"https:\/\/narteks.net\/index.php\/wp-json\/wp\/v2\/posts"}],"about":[{"href":"https:\/\/narteks.net\/index.php\/wp-json\/wp\/v2\/types\/post"}],"author":[{"embeddable":true,"href":"https:\/\/narteks.net\/index.php\/wp-json\/wp\/v2\/users\/1"}],"replies":[{"embeddable":true,"href":"https:\/\/narteks.net\/index.php\/wp-json\/wp\/v2\/comments?post=797"}],"version-history":[{"count":0,"href":"https:\/\/narteks.net\/index.php\/wp-json\/wp\/v2\/posts\/797\/revisions"}],"wp:attachment":[{"href":"https:\/\/narteks.net\/index.php\/wp-json\/wp\/v2\/media?parent=797"}],"wp:term":[{"taxonomy":"category","embeddable":true,"href":"https:\/\/narteks.net\/index.php\/wp-json\/wp\/v2\/categories?post=797"},{"taxonomy":"post_tag","embeddable":true,"href":"https:\/\/narteks.net\/index.php\/wp-json\/wp\/v2\/tags?post=797"}],"curies":[{"name":"wp","href":"https:\/\/api.w.org\/{rel}","templated":true}]}}